{"id":43897,"date":"2025-09-13T10:11:45","date_gmt":"2025-09-13T08:11:45","guid":{"rendered":"https:\/\/www.krafthand.de\/truck\/?p=43897"},"modified":"2025-12-02T10:47:01","modified_gmt":"2025-12-02T09:47:01","slug":"43897","status":"publish","type":"post","link":"https:\/\/www.krafthand.de\/truck\/artikel\/43897-43897\/","title":{"rendered":"Neues Mercedes-Benz Nutzfahrzeugzentrum geht in Betrieb"},"content":{"rendered":"<p>Rund eineinhalb Jahre nach dem Spatenstich, hat Daimler Truck das neue Mercedes-Benz Nutzfahrzeugzentrum M\u00fcnchen in Betrieb genommen. Auf rund 44.500 Quadratmetern Grundst\u00fccksfl\u00e4che werden in Aschheim bei M\u00fcnchen (direkt an der A99) ab sofort Vertrieb und Service von Lkw der Marken Mercedes-Benz und FUSO sowie der Service von Bussen der Marken Mercedes-Benz und Setra sowie von Mercedes-Benz Transportern angeboten.<\/p>\n<p>Das neue <a href=\"https:\/\/www.mercedes-benz-trucks-muenchen.de\/retail\/de\/de\/home.html\" target=\"_blank\" rel=\"noopener\">Nutzfahrzeugzentrum<\/a> an der Klausnerstra\u00dfe soll auch ein zentraler Anlaufpunkt f\u00fcr das Finanzdienstleistungsgesch\u00e4ft von Daimler Truck Financial Services Deutschland (DTFSD) werden. Gewerbe- und Flottenkunden finden dort entsprechende Angebote f\u00fcr den Mietkauf oder das Leasing, inkl. Servicevertr\u00e4gen und Versicherungen von Trucks. Auch f\u00fcr die Ladeinfrastruktur werden L\u00f6sungen angeboten. Zusammen mit der CharterWay GmbH bietet der Standort ein flexibles Mobilit\u00e4tskonzept mit Miet- und Finanzierungsl\u00f6sungen aus einer Hand.<\/p>\n<h4>Bereit f\u00fcr Fahrzeuge mit alternativen Antrieben<\/h4>\n<p>Auf er gut 3.200 Quadratmeter gro\u00dfen Werkstattfl\u00e4che werden beispielsweise Hochvolt-Arbeitspl\u00e4tze eingerichtet, um batterieelektrische Modelle wie die Mercedes-Benz Lkw eActros 600 und eEconic, den FUSO eCanter sowie den Stadtbus Mercedes-Benz eCitaro im Service bedienen zu k\u00f6nnen.\u00a0Insgesamt stehen 25 Standpl\u00e4tze f\u00fcr Lkw, Busse und Transporter zur Verf\u00fcgung \u2013 mit einer Erweiterungsoption auf weitere neun Stellpl\u00e4tze.\u00a0Zudem ist in Aschheim ein variabel anpassbarer Arbeitsplatz entstanden, um an den D\u00e4chern von Fahrzeugen \u2013 am Lkw-Fahrerhaus oder Omnibusdach \u2013 zu arbeiten.\u00a0Zu weiteren Optionen des Neubaus geh\u00f6ren: Reparatur- und Unfallservice mit Rahmenrichttechnik, Auflieger- und Anh\u00e4nger-Aufbauservice, Pr\u00fcfst\u00fctzpunkt f\u00fcr Hauptuntersuchung, Abgasuntersuchung sowie weiteren Pr\u00fcfungen und der Teile- und Zubeh\u00f6rvertrieb.<\/p>\n<p>Am Standort in Aschheim wurde auch die Wartung und Reparatur von Fahrzeugen mit Wasserstoff-Antrieben ber\u00fccksichtigt: In der Werkstatt befindet sich ein vollumf\u00e4nglich ausger\u00fcsteter Gasarbeitsplatz mit Gassensoren und einer spezifischen Abluftanlage, die die Anforderungen f\u00fcr Wasserstoff erf\u00fcllt. Die Voraussetzungen f\u00fcr das Ablassen von Wasserstoff auf einem sogenannten Evaluierungsplatz vor der Werkstatt und die nach einem Werkstattaufenthalt erforderliche Grundbetankung werden bis Ende 2025 installiert.<\/p>\n<p>&nbsp;<\/p>\n<figure id=\"attachment_43900\" aria-describedby=\"caption-attachment-43900\" style=\"width: 800px\" class=\"wp-caption aligncenter\"><img fetchpriority=\"high\" decoding=\"async\" class=\"wp-image-43900\" src=\"https:\/\/static.krafthand-truck.de\/uploads\/2025\/09\/Daimler_Truck_Mercedes_Benz_Nutzfahrzeugzentrum_Muenchen-300x169.jpg\" alt=\"\" width=\"800\" height=\"450\" srcset=\"https:\/\/static.krafthand-truck.de\/uploads\/2025\/09\/Daimler_Truck_Mercedes_Benz_Nutzfahrzeugzentrum_Muenchen-300x169.jpg 300w, https:\/\/static.krafthand-truck.de\/uploads\/2025\/09\/Daimler_Truck_Mercedes_Benz_Nutzfahrzeugzentrum_Muenchen-1024x576.jpg 1024w, https:\/\/static.krafthand-truck.de\/uploads\/2025\/09\/Daimler_Truck_Mercedes_Benz_Nutzfahrzeugzentrum_Muenchen-768x432.jpg 768w, https:\/\/static.krafthand-truck.de\/uploads\/2025\/09\/Daimler_Truck_Mercedes_Benz_Nutzfahrzeugzentrum_Muenchen.jpg 1200w\" sizes=\"(max-width: 800px) 100vw, 800px\" \/><figcaption id=\"caption-attachment-43900\" class=\"wp-caption-text\">Das Areal des neue Nutzfahrzeugzentrums in M\u00fcnchen\/Aschheim umfasst rund 44.500 Quadratmeter.<\/figcaption><\/figure>\n<p>&nbsp;<\/p>\n<h4>Die Werkstatteinrichtung<\/h4>\n<p>Die Werkstatt ist unter anderem mit zwei Rollenpr\u00fcfst\u00e4nden f\u00fcr Bremsenpr\u00fcfungen, einem Tachopr\u00fcfstand, einer Abteilung f\u00fcr Karosseriearbeiten sowie vier Deckenkr\u00e4nen, zum Beispiel zum Ausheben von Motoren und Getrieben, ausgestattet. Dank einer sogenannten Truck Lift Anlage kann eine komplette Lkw-Anh\u00e4nger-Kombination angehoben werden, um ergonomisch optimal beispielsweise Arbeiten an R\u00e4dern und Bremsen durchzuf\u00fchren. Mit zwei Werkstattwagen nimmt der Standort in Aschheim auch am mobilen Pannendienst in und um M\u00fcnchen teil.<\/p>\n","protected":false},"excerpt":{"rendered":"<p>Rund eineinhalb Jahre nach dem Spatenstich, hat Daimler Truck das neue Mercedes-Benz Nutzfahrzeugzentrum M\u00fcnchen in Betrieb genommen. Auf rund 44.500 Quadratmetern Grundst\u00fccksfl\u00e4che werden ab sofort Vertrieb und Service von Lkw der Marken Mercedes-Benz und FUSO sowie der Service von Bussen der Marken Mercedes-Benz und Setra sowie von Mercedes-Benz Transportern angeboten. <span class=\"excerpt-more__dots\">&#8230;<\/span> <a class=\"excerpt-more__link\" href=\"https:\/\/www.krafthand.de\/truck\/artikel\/43897-43897\/\" >weiter<\/a><\/p>\n","protected":false},"author":9,"featured_media":43899,"comment_status":"closed","ping_status":"closed","sticky":false,"template":"","format":"standard","meta":{"footnotes":""},"categories":[6375,4216,4235],"tags":[4492,2270,2708,3624,6320],"settings":[3524,4766,3523],"class_list":["post-43897","post","type-post","status-publish","format-standard","has-post-thumbnail","hentry","category-lade-tank-infrastruktur","category-nfz-service","category-unternehmen","tag-daimler-truck","tag-diagnosearbeitsplatz","tag-fuso","tag-mercedes","tag-werkstatteinrichtung"],"yoast_head":"<!-- This site is optimized with the Yoast SEO plugin v27.3 - https:\/\/yoast.com\/product\/yoast-seo-wordpress\/ -->\n<title>Neues Mercedes-Benz Nutzfahrzeugzentrum geht in Betrieb - Krafthand-Truck<\/title>\n<meta name=\"description\" content=\"Rund eineinhalb Jahre nach dem Spatenstich, hat Daimler Truck das neue Mercedes-Benz Nutzfahrzeugzentrum M\u00fcnchen in Betrieb genommen.\" \/>\n<meta name=\"robots\" content=\"index, follow, max-snippet:-1, max-image-preview:large, max-video-preview:-1\" \/>\n<link rel=\"canonical\" href=\"https:\/\/www.krafthand.de\/truck\/artikel\/43897-43897\/\" \/>\n<meta property=\"og:locale\" content=\"de_DE\" \/>\n<meta property=\"og:type\" content=\"article\" \/>\n<meta property=\"og:title\" content=\"Neues Mercedes-Benz Nutzfahrzeugzentrum geht in Betrieb - Krafthand-Truck\" \/>\n<meta property=\"og:description\" content=\"Rund eineinhalb Jahre nach dem Spatenstich, hat Daimler Truck das neue Mercedes-Benz Nutzfahrzeugzentrum M\u00fcnchen in Betrieb genommen.\" \/>\n<meta property=\"og:url\" content=\"https:\/\/www.krafthand-truck.de\/artikel\/43897-43897\/\" \/>\n<meta property=\"og:site_name\" content=\"Krafthand-Truck\" \/>\n<meta property=\"article:published_time\" content=\"2025-09-13T08:11:45+00:00\" \/>\n<meta property=\"article:modified_time\" content=\"2025-12-02T09:47:01+00:00\" \/>\n<meta property=\"og:image\" content=\"https:\/\/static.krafthand-truck.de\/uploads\/2025\/09\/Daimler_Truck_Mercedes_Benz_Nutzfahrzeugzentrum_Muenchen_Aschheim_Werkstatt.jpg\" \/>\n\t<meta property=\"og:image:width\" content=\"1200\" \/>\n\t<meta property=\"og:image:height\" content=\"552\" \/>\n\t<meta property=\"og:image:type\" content=\"image\/jpeg\" \/>\n<meta name=\"author\" content=\"georg.blenk@krafthand-medien.de\" \/>\n<meta name=\"twitter:card\" content=\"summary_large_image\" \/>\n<meta name=\"twitter:label1\" content=\"Verfasst von\" \/>\n\t<meta name=\"twitter:data1\" content=\"georg.blenk@krafthand-medien.de\" \/>\n\t<meta name=\"twitter:label2\" content=\"Gesch\u00e4tzte Lesezeit\" \/>\n\t<meta name=\"twitter:data2\" content=\"3\u00a0Minuten\" \/>\n<script type=\"application\/ld+json\" class=\"yoast-schema-graph\">{\"@context\":\"https:\\\/\\\/schema.org\",\"@graph\":[{\"@type\":\"Article\",\"@id\":\"https:\\\/\\\/www.krafthand.de\\\/truck\\\/artikel\\\/43897-43897\\\/#article\",\"isPartOf\":{\"@id\":\"https:\\\/\\\/www.krafthand.de\\\/truck\\\/artikel\\\/43897-43897\\\/\"},\"author\":{\"name\":\"georg.blenk@krafthand-medien.de\",\"@id\":\"https:\\\/\\\/www.krafthand.de\\\/truck\\\/#\\\/schema\\\/person\\\/51fa80b1c57034c4bf63f9f988fc24ce\"},\"headline\":\"Neues Mercedes-Benz Nutzfahrzeugzentrum geht in Betrieb\",\"datePublished\":\"2025-09-13T08:11:45+00:00\",\"dateModified\":\"2025-12-02T09:47:01+00:00\",\"mainEntityOfPage\":{\"@id\":\"https:\\\/\\\/www.krafthand.de\\\/truck\\\/artikel\\\/43897-43897\\\/\"},\"wordCount\":430,\"image\":{\"@id\":\"https:\\\/\\\/www.krafthand.de\\\/truck\\\/artikel\\\/43897-43897\\\/#primaryimage\"},\"thumbnailUrl\":\"https:\\\/\\\/static.krafthand-truck.de\\\/uploads\\\/2025\\\/09\\\/Daimler_Truck_Mercedes_Benz_Nutzfahrzeugzentrum_Muenchen_Aschheim_Werkstatt.jpg\",\"keywords\":[\"Daimler Truck\",\"Diagnosearbeitsplatz\",\"Fuso\",\"Mercedes\",\"Werkstatteinrichtung\"],\"articleSection\":[\"Lade-\\\/Tank-Infrastruktur\",\"Nfz-Service\",\"Unternehmen\"],\"inLanguage\":\"de\"},{\"@type\":\"WebPage\",\"@id\":\"https:\\\/\\\/www.krafthand.de\\\/truck\\\/artikel\\\/43897-43897\\\/\",\"url\":\"https:\\\/\\\/www.krafthand.de\\\/truck\\\/artikel\\\/43897-43897\\\/\",\"name\":\"Neues Mercedes-Benz Nutzfahrzeugzentrum geht in Betrieb - Krafthand-Truck\",\"isPartOf\":{\"@id\":\"https:\\\/\\\/www.krafthand.de\\\/truck\\\/#website\"},\"primaryImageOfPage\":{\"@id\":\"https:\\\/\\\/www.krafthand.de\\\/truck\\\/artikel\\\/43897-43897\\\/#primaryimage\"},\"image\":{\"@id\":\"https:\\\/\\\/www.krafthand.de\\\/truck\\\/artikel\\\/43897-43897\\\/#primaryimage\"},\"thumbnailUrl\":\"https:\\\/\\\/static.krafthand-truck.de\\\/uploads\\\/2025\\\/09\\\/Daimler_Truck_Mercedes_Benz_Nutzfahrzeugzentrum_Muenchen_Aschheim_Werkstatt.jpg\",\"datePublished\":\"2025-09-13T08:11:45+00:00\",\"dateModified\":\"2025-12-02T09:47:01+00:00\",\"author\":{\"@id\":\"https:\\\/\\\/www.krafthand.de\\\/truck\\\/#\\\/schema\\\/person\\\/51fa80b1c57034c4bf63f9f988fc24ce\"},\"description\":\"Rund eineinhalb Jahre nach dem Spatenstich, hat Daimler Truck das neue Mercedes-Benz Nutzfahrzeugzentrum M\u00fcnchen in Betrieb genommen.\",\"breadcrumb\":{\"@id\":\"https:\\\/\\\/www.krafthand.de\\\/truck\\\/artikel\\\/43897-43897\\\/#breadcrumb\"},\"inLanguage\":\"de\",\"potentialAction\":[{\"@type\":\"ReadAction\",\"target\":[\"https:\\\/\\\/www.krafthand.de\\\/truck\\\/artikel\\\/43897-43897\\\/\"]}]},{\"@type\":\"ImageObject\",\"inLanguage\":\"de\",\"@id\":\"https:\\\/\\\/www.krafthand.de\\\/truck\\\/artikel\\\/43897-43897\\\/#primaryimage\",\"url\":\"https:\\\/\\\/static.krafthand-truck.de\\\/uploads\\\/2025\\\/09\\\/Daimler_Truck_Mercedes_Benz_Nutzfahrzeugzentrum_Muenchen_Aschheim_Werkstatt.jpg\",\"contentUrl\":\"https:\\\/\\\/static.krafthand-truck.de\\\/uploads\\\/2025\\\/09\\\/Daimler_Truck_Mercedes_Benz_Nutzfahrzeugzentrum_Muenchen_Aschheim_Werkstatt.jpg\",\"width\":1200,\"height\":552},{\"@type\":\"BreadcrumbList\",\"@id\":\"https:\\\/\\\/www.krafthand.de\\\/truck\\\/artikel\\\/43897-43897\\\/#breadcrumb\",\"itemListElement\":[{\"@type\":\"ListItem\",\"position\":1,\"name\":\"Krafthand-Truck\",\"item\":\"https:\\\/\\\/www.krafthand.de\\\/truck\\\/\"},{\"@type\":\"ListItem\",\"position\":2,\"name\":\"Nfz-Branche\",\"item\":\"https:\\\/\\\/www.krafthand.de\\\/truck\\\/kategorie\\\/branche\\\/\"},{\"@type\":\"ListItem\",\"position\":3,\"name\":\"Unternehmen\",\"item\":\"https:\\\/\\\/www.krafthand.de\\\/truck\\\/kategorie\\\/branche\\\/unternehmen\\\/\"},{\"@type\":\"ListItem\",\"position\":4,\"name\":\"Neues Mercedes-Benz Nutzfahrzeugzentrum geht in Betrieb\"}]},{\"@type\":\"WebSite\",\"@id\":\"https:\\\/\\\/www.krafthand.de\\\/truck\\\/#website\",\"url\":\"https:\\\/\\\/www.krafthand.de\\\/truck\\\/\",\"name\":\"Krafthand-Truck\",\"description\":\"\",\"potentialAction\":[{\"@type\":\"SearchAction\",\"target\":{\"@type\":\"EntryPoint\",\"urlTemplate\":\"https:\\\/\\\/www.krafthand.de\\\/truck\\\/?s={search_term_string}\"},\"query-input\":{\"@type\":\"PropertyValueSpecification\",\"valueRequired\":true,\"valueName\":\"search_term_string\"}}],\"inLanguage\":\"de\"},{\"@type\":\"Person\",\"@id\":\"https:\\\/\\\/www.krafthand.de\\\/truck\\\/#\\\/schema\\\/person\\\/51fa80b1c57034c4bf63f9f988fc24ce\",\"name\":\"georg.blenk@krafthand-medien.de\",\"image\":{\"@type\":\"ImageObject\",\"inLanguage\":\"de\",\"@id\":\"https:\\\/\\\/secure.gravatar.com\\\/avatar\\\/93713c30affe0aa95d3a4130e499bb1abee2eb31adbdd9ce2aa1543538490215?s=96&d=mm&r=g\",\"url\":\"https:\\\/\\\/secure.gravatar.com\\\/avatar\\\/93713c30affe0aa95d3a4130e499bb1abee2eb31adbdd9ce2aa1543538490215?s=96&d=mm&r=g\",\"contentUrl\":\"https:\\\/\\\/secure.gravatar.com\\\/avatar\\\/93713c30affe0aa95d3a4130e499bb1abee2eb31adbdd9ce2aa1543538490215?s=96&d=mm&r=g\",\"caption\":\"georg.blenk@krafthand-medien.de\"}}]}<\/script>\n<!-- \/ Yoast SEO plugin. -->","yoast_head_json":{"title":"Neues Mercedes-Benz Nutzfahrzeugzentrum geht in Betrieb - Krafthand-Truck","description":"Rund eineinhalb Jahre nach dem Spatenstich, hat Daimler Truck das neue Mercedes-Benz Nutzfahrzeugzentrum M\u00fcnchen in Betrieb genommen.","robots":{"index":"index","follow":"follow","max-snippet":"max-snippet:-1","max-image-preview":"max-image-preview:large","max-video-preview":"max-video-preview:-1"},"canonical":"https:\/\/www.krafthand.de\/truck\/artikel\/43897-43897\/","og_locale":"de_DE","og_type":"article","og_title":"Neues Mercedes-Benz Nutzfahrzeugzentrum geht in Betrieb - Krafthand-Truck","og_description":"Rund eineinhalb Jahre nach dem Spatenstich, hat Daimler Truck das neue Mercedes-Benz Nutzfahrzeugzentrum M\u00fcnchen in Betrieb genommen.","og_url":"https:\/\/www.krafthand-truck.de\/artikel\/43897-43897\/","og_site_name":"Krafthand-Truck","article_published_time":"2025-09-13T08:11:45+00:00","article_modified_time":"2025-12-02T09:47:01+00:00","og_image":[{"width":1200,"height":552,"url":"https:\/\/static.krafthand-truck.de\/uploads\/2025\/09\/Daimler_Truck_Mercedes_Benz_Nutzfahrzeugzentrum_Muenchen_Aschheim_Werkstatt.jpg","type":"image\/jpeg"}],"author":"georg.blenk@krafthand-medien.de","twitter_card":"summary_large_image","twitter_misc":{"Verfasst von":"georg.blenk@krafthand-medien.de","Gesch\u00e4tzte Lesezeit":"3\u00a0Minuten"},"schema":{"@context":"https:\/\/schema.org","@graph":[{"@type":"Article","@id":"https:\/\/www.krafthand.de\/truck\/artikel\/43897-43897\/#article","isPartOf":{"@id":"https:\/\/www.krafthand.de\/truck\/artikel\/43897-43897\/"},"author":{"name":"georg.blenk@krafthand-medien.de","@id":"https:\/\/www.krafthand.de\/truck\/#\/schema\/person\/51fa80b1c57034c4bf63f9f988fc24ce"},"headline":"Neues Mercedes-Benz Nutzfahrzeugzentrum geht in Betrieb","datePublished":"2025-09-13T08:11:45+00:00","dateModified":"2025-12-02T09:47:01+00:00","mainEntityOfPage":{"@id":"https:\/\/www.krafthand.de\/truck\/artikel\/43897-43897\/"},"wordCount":430,"image":{"@id":"https:\/\/www.krafthand.de\/truck\/artikel\/43897-43897\/#primaryimage"},"thumbnailUrl":"https:\/\/static.krafthand-truck.de\/uploads\/2025\/09\/Daimler_Truck_Mercedes_Benz_Nutzfahrzeugzentrum_Muenchen_Aschheim_Werkstatt.jpg","keywords":["Daimler Truck","Diagnosearbeitsplatz","Fuso","Mercedes","Werkstatteinrichtung"],"articleSection":["Lade-\/Tank-Infrastruktur","Nfz-Service","Unternehmen"],"inLanguage":"de"},{"@type":"WebPage","@id":"https:\/\/www.krafthand.de\/truck\/artikel\/43897-43897\/","url":"https:\/\/www.krafthand.de\/truck\/artikel\/43897-43897\/","name":"Neues Mercedes-Benz Nutzfahrzeugzentrum geht in Betrieb - Krafthand-Truck","isPartOf":{"@id":"https:\/\/www.krafthand.de\/truck\/#website"},"primaryImageOfPage":{"@id":"https:\/\/www.krafthand.de\/truck\/artikel\/43897-43897\/#primaryimage"},"image":{"@id":"https:\/\/www.krafthand.de\/truck\/artikel\/43897-43897\/#primaryimage"},"thumbnailUrl":"https:\/\/static.krafthand-truck.de\/uploads\/2025\/09\/Daimler_Truck_Mercedes_Benz_Nutzfahrzeugzentrum_Muenchen_Aschheim_Werkstatt.jpg","datePublished":"2025-09-13T08:11:45+00:00","dateModified":"2025-12-02T09:47:01+00:00","author":{"@id":"https:\/\/www.krafthand.de\/truck\/#\/schema\/person\/51fa80b1c57034c4bf63f9f988fc24ce"},"description":"Rund eineinhalb Jahre nach dem Spatenstich, hat Daimler Truck das neue Mercedes-Benz Nutzfahrzeugzentrum M\u00fcnchen in Betrieb genommen.","breadcrumb":{"@id":"https:\/\/www.krafthand.de\/truck\/artikel\/43897-43897\/#breadcrumb"},"inLanguage":"de","potentialAction":[{"@type":"ReadAction","target":["https:\/\/www.krafthand.de\/truck\/artikel\/43897-43897\/"]}]},{"@type":"ImageObject","inLanguage":"de","@id":"https:\/\/www.krafthand.de\/truck\/artikel\/43897-43897\/#primaryimage","url":"https:\/\/static.krafthand-truck.de\/uploads\/2025\/09\/Daimler_Truck_Mercedes_Benz_Nutzfahrzeugzentrum_Muenchen_Aschheim_Werkstatt.jpg","contentUrl":"https:\/\/static.krafthand-truck.de\/uploads\/2025\/09\/Daimler_Truck_Mercedes_Benz_Nutzfahrzeugzentrum_Muenchen_Aschheim_Werkstatt.jpg","width":1200,"height":552},{"@type":"BreadcrumbList","@id":"https:\/\/www.krafthand.de\/truck\/artikel\/43897-43897\/#breadcrumb","itemListElement":[{"@type":"ListItem","position":1,"name":"Krafthand-Truck","item":"https:\/\/www.krafthand.de\/truck\/"},{"@type":"ListItem","position":2,"name":"Nfz-Branche","item":"https:\/\/www.krafthand.de\/truck\/kategorie\/branche\/"},{"@type":"ListItem","position":3,"name":"Unternehmen","item":"https:\/\/www.krafthand.de\/truck\/kategorie\/branche\/unternehmen\/"},{"@type":"ListItem","position":4,"name":"Neues Mercedes-Benz Nutzfahrzeugzentrum geht in Betrieb"}]},{"@type":"WebSite","@id":"https:\/\/www.krafthand.de\/truck\/#website","url":"https:\/\/www.krafthand.de\/truck\/","name":"Krafthand-Truck","description":"","potentialAction":[{"@type":"SearchAction","target":{"@type":"EntryPoint","urlTemplate":"https:\/\/www.krafthand.de\/truck\/?s={search_term_string}"},"query-input":{"@type":"PropertyValueSpecification","valueRequired":true,"valueName":"search_term_string"}}],"inLanguage":"de"},{"@type":"Person","@id":"https:\/\/www.krafthand.de\/truck\/#\/schema\/person\/51fa80b1c57034c4bf63f9f988fc24ce","name":"georg.blenk@krafthand-medien.de","image":{"@type":"ImageObject","inLanguage":"de","@id":"https:\/\/secure.gravatar.com\/avatar\/93713c30affe0aa95d3a4130e499bb1abee2eb31adbdd9ce2aa1543538490215?s=96&d=mm&r=g","url":"https:\/\/secure.gravatar.com\/avatar\/93713c30affe0aa95d3a4130e499bb1abee2eb31adbdd9ce2aa1543538490215?s=96&d=mm&r=g","contentUrl":"https:\/\/secure.gravatar.com\/avatar\/93713c30affe0aa95d3a4130e499bb1abee2eb31adbdd9ce2aa1543538490215?s=96&d=mm&r=g","caption":"georg.blenk@krafthand-medien.de"}}]}},"_links":{"self":[{"href":"https:\/\/www.krafthand.de\/truck\/wp-json\/wp\/v2\/posts\/43897","targetHints":{"allow":["GET"]}}],"collection":[{"href":"https:\/\/www.krafthand.de\/truck\/wp-json\/wp\/v2\/posts"}],"about":[{"href":"https:\/\/www.krafthand.de\/truck\/wp-json\/wp\/v2\/types\/post"}],"author":[{"embeddable":true,"href":"https:\/\/www.krafthand.de\/truck\/wp-json\/wp\/v2\/users\/9"}],"replies":[{"embeddable":true,"href":"https:\/\/www.krafthand.de\/truck\/wp-json\/wp\/v2\/comments?post=43897"}],"version-history":[{"count":8,"href":"https:\/\/www.krafthand.de\/truck\/wp-json\/wp\/v2\/posts\/43897\/revisions"}],"predecessor-version":[{"id":43907,"href":"https:\/\/www.krafthand.de\/truck\/wp-json\/wp\/v2\/posts\/43897\/revisions\/43907"}],"wp:featuredmedia":[{"embeddable":true,"href":"https:\/\/www.krafthand.de\/truck\/wp-json\/wp\/v2\/media\/43899"}],"wp:attachment":[{"href":"https:\/\/www.krafthand.de\/truck\/wp-json\/wp\/v2\/media?parent=43897"}],"wp:term":[{"taxonomy":"category","embeddable":true,"href":"https:\/\/www.krafthand.de\/truck\/wp-json\/wp\/v2\/categories?post=43897"},{"taxonomy":"post_tag","embeddable":true,"href":"https:\/\/www.krafthand.de\/truck\/wp-json\/wp\/v2\/tags?post=43897"},{"taxonomy":"settings","embeddable":true,"href":"https:\/\/www.krafthand.de\/truck\/wp-json\/wp\/v2\/settings?post=43897"}],"curies":[{"name":"wp","href":"https:\/\/api.w.org\/{rel}","templated":true}]}}