{"id":43878,"date":"2025-09-11T13:02:47","date_gmt":"2025-09-11T11:02:47","guid":{"rendered":"https:\/\/www.krafthand.de\/truck\/?p=43878"},"modified":"2025-09-11T14:38:29","modified_gmt":"2025-09-11T12:38:29","slug":"vorstandwechsel-bei-zf-friedrichshafen-klein-und-laier-gehen-miedrich-kommt","status":"publish","type":"post","link":"https:\/\/www.krafthand.de\/truck\/artikel\/vorstandwechsel-bei-zf-friedrichshafen-klein-und-laier-gehen-miedrich-kommt-43878\/","title":{"rendered":"Vorstandwechsel bei ZF: Klein und Laier gehen, Miedrich kommt"},"content":{"rendered":"<p>Noch am Dienstag empfing Dr. Holger Klein Bundeskanzler Friedrich Merz am Stand von ZF auf der IAA Mobility. Jetzt hat der Aufsichtsrat der ZF Friedrichshafen AG in seiner heutigen au\u00dferordentlichen Sitzung beschlossen, das mit dem amtierenden Vorstandsvorsitzenden Dr. Holger Klein bestehende Vertragsverh\u00e4ltnis im gegenseitigen Einvernehmen aufzul\u00f6sen. Klein wird laut ZF zum 30. September 2025 aus dem Vorstand ausscheiden. Zum neuen Vorstandsvorsitzenden wurde Mathias Miedreich berufen, der seit Januar 2025 dem Vorstand angeh\u00f6rt und die Division f\u00fcr Elektrifizierte Antriebstechnologien leitet.<\/p>\n<p>Zugleich haben sich der Aufsichtsrat und Vorstandsmitglied Prof. Dr. Peter Laier\u00a0 einvernehmlich auf die Beendigung seines Amts und das Ausscheiden aus dem Vorstand geeinigt.<\/p>\n<blockquote><p>Aufsichtsratsvorsitzender Dr. Rolf Breidenbach sprach zun\u00e4chst dem Vorstandsvorsitzenden seinen Dank aus: \u201eIch danke Dr. Holger Klein f\u00fcr seinen unerm\u00fcdlichen Einsatz in \u00fcber zehn Jahren bei ZF, besonders aber f\u00fcr die letzten knapp drei Jahre als Vorstandsvorsitzender. Er hat mit seiner Strategie die Grundlagen f\u00fcr den Turnaround von ZF gelegt und mit dem gesamten Team bereits wichtige Erfolge erzielt. Auf dem Erreichten gilt es nun aufzubauen und die eingeschlagene Strategie fortzuf\u00fchren.\u201c<\/p><\/blockquote>\n<p>Mit Mathias Miedreich habe man einen internen Nachfolger gefunden, so Breidenbach, der nicht nur \u00fcber tiefgreifende Erfahrung in der Industrie, auch bereits in einer CEO-Position, verf\u00fcge, sondern auch seit seinem Antritt als ZF-Vorstand mit einer Kombination aus Entscheidungsst\u00e4rke und Kommunikationsf\u00e4higkeit die Restrukturierung der Division E bedeutend vorangetrieben hat.<\/p>\n<figure id=\"attachment_43884\" aria-describedby=\"caption-attachment-43884\" style=\"width: 220px\" class=\"wp-caption alignleft\"><a href=\"https:\/\/static.krafthand-truck.de\/uploads\/2025\/09\/ZF_Friedrichshafen_Holger_Klein.jpg\" target=\"_blank\" rel=\"noopener\"><img fetchpriority=\"high\" decoding=\"async\" class=\"wp-image-43884\" src=\"https:\/\/static.krafthand-truck.de\/uploads\/2025\/09\/ZF_Friedrichshafen_Holger_Klein-259x300.jpg\" alt=\"\" width=\"220\" height=\"255\" srcset=\"https:\/\/static.krafthand-truck.de\/uploads\/2025\/09\/ZF_Friedrichshafen_Holger_Klein-259x300.jpg 259w, https:\/\/static.krafthand-truck.de\/uploads\/2025\/09\/ZF_Friedrichshafen_Holger_Klein-768x891.jpg 768w, https:\/\/static.krafthand-truck.de\/uploads\/2025\/09\/ZF_Friedrichshafen_Holger_Klein.jpg 800w\" sizes=\"(max-width: 220px) 100vw, 220px\" \/><\/a><figcaption id=\"caption-attachment-43884\" class=\"wp-caption-text\">Dr. Holger Klein<\/figcaption><\/figure>\n<p>Dr. Holger Klein, der seit 2014 verschiedene Managementpositionen bei ZF innehatte, bevor er zum 1. Januar 2023 den Vorstandsvorsitz von ZF \u00fcbernahm, sagte: <em>\u201eGemeinsam mit dem Vorstandsteam und allen Mitarbeitern von ZF haben wir bereits gro\u00dfe Fortschritte f\u00fcr den Turnaround von ZF gemacht. Unsere Strategie \u201aSt\u00e4rken st\u00e4rken\u2018 zeigt erste Erfolge, die Performance-Programme wirken, Profitabilit\u00e4t und Cashflow steigen wieder, und wir haben gemeinsam mit dem Aufsichtsrat wichtige Weichenstellungen f\u00fcr die Zukunft und Restrukturierung beschlossen. Ich bin zutiefst \u00fcberzeugt, dass wir damit auf dem richtigen Weg sind, ZF wieder erfolgreich zu machen und Arbeitspl\u00e4tze zu sichern. Jetzt ist es wichtig, gemeinsam mit den Arbeitnehmervertretern schnell zu Umsetzungsentscheidungen zu kommen, denn ZF darf nun keine Zeit mehr verlieren. Daher ist es f\u00fcr mich der richtige Zeitpunkt, jetzt den Vorstandsvorsitz zu \u00fcbergeben.\u201c<\/em><\/p>\n<p>&nbsp;<\/p>\n<h4>Auch Prof. Dr. Peter Laier verl\u00e4sst den Vorstand<\/h4>\n<figure id=\"attachment_43885\" aria-describedby=\"caption-attachment-43885\" style=\"width: 220px\" class=\"wp-caption alignright\"><a href=\"https:\/\/static.krafthand-truck.de\/uploads\/2025\/09\/ZF_Friedrichshafen_Peter_Laier.jpg\"><img decoding=\"async\" class=\"wp-image-43885\" src=\"https:\/\/static.krafthand-truck.de\/uploads\/2025\/09\/ZF_Friedrichshafen_Peter_Laier-225x300.jpg\" alt=\"\" width=\"220\" height=\"293\" srcset=\"https:\/\/static.krafthand-truck.de\/uploads\/2025\/09\/ZF_Friedrichshafen_Peter_Laier-225x300.jpg 225w, https:\/\/static.krafthand-truck.de\/uploads\/2025\/09\/ZF_Friedrichshafen_Peter_Laier-769x1024.jpg 769w, https:\/\/static.krafthand-truck.de\/uploads\/2025\/09\/ZF_Friedrichshafen_Peter_Laier-768x1022.jpg 768w, https:\/\/static.krafthand-truck.de\/uploads\/2025\/09\/ZF_Friedrichshafen_Peter_Laier.jpg 800w\" sizes=\"(max-width: 220px) 100vw, 220px\" \/><\/a><figcaption id=\"caption-attachment-43885\" class=\"wp-caption-text\">Prof. Dr. Peter Laier<\/figcaption><\/figure>\n<p>Auch Prof. Dr. Laier und der Aufsichtsrat der ZF Friedrichshafen AG haben sich heute einvernehmlich auf die Beendigung seines Amts als Mitglied des Vorstands zum 30. September 2025 geeinigt. Aufgrund unterschiedlicher Auffassungen \u00fcber die k\u00fcnftige strategische Ausrichtung des Unternehmens sind der Aufsichtsrat und Herr Prof. Dr. Laier \u00fcbereingekommen, dass er sein Amt als Mitglied des Vorstands im Einvernehmen mit dem Aufsichtsrat niederlegt.<br \/>\nDer Aufsichtsrat und die Anteilseigner des Unternehmens bedauern sein Ausscheiden au\u00dferordentlich und dr\u00fccken ihre Wertsch\u00e4tzung f\u00fcr die hervorragende Zusammenarbeit aus.<\/p>\n<p>Prof. Dr. Laier war seit Januar 2023 Mitglied des Vorstands der ZF Friedrichshafen AG und hat die Divisionen Commercial Vehicle Solutions und Industrietechnik sowie die Ressorts Produktion, Materialwirtschaft und die Region Indien verantwortet.<\/p>\n<blockquote><p>\u201eWir konnten in den letzten Jahren die Divisionen Nutzfahrzeuge und Industrietechnik entscheidend weiterentwickeln, internationalisieren und die globalen Kundenbeziehungen deutlich intensivieren. Die von mir verantworteten Divisionen sowie auch die Ressorts Materialwirtschaft, Produktion und die Region Indien sind sehr gut f\u00fcr die Zukunft aufgestellt\u201c, sagt Prof. Dr. Peter Laier.<\/p><\/blockquote>\n","protected":false},"excerpt":{"rendered":"<p>Paukenschlag w\u00e4hrend der IAA Mobility: Der Aufsichtsrat der ZF Friedrichshafen AG hat heute beschlossen, das mit dem amtierenden Vorstandsvorsitzenden Dr. Holger Klein bestehende Vertragsverh\u00e4ltnis im gegenseitigen Einvernehmen aufzul\u00f6sen. Zum neuen Vorstandsvorsitzenden wurde Mathias Miedreich berufen. Auch Prof. Dr. Laier verl\u00e4sst den Vorstand. <span class=\"excerpt-more__dots\">&#8230;<\/span> <a class=\"excerpt-more__link\" href=\"https:\/\/www.krafthand.de\/truck\/artikel\/vorstandwechsel-bei-zf-friedrichshafen-klein-und-laier-gehen-miedrich-kommt-43878\/\" >weiter<\/a><\/p>\n","protected":false},"author":9,"featured_media":43882,"comment_status":"closed","ping_status":"closed","sticky":false,"template":"","format":"standard","meta":{"footnotes":""},"categories":[4238,4235],"tags":[2776,4259],"settings":[3523],"class_list":["post-43878","post","type-post","status-publish","format-standard","has-post-thumbnail","hentry","category-koepfe","category-unternehmen","tag-dr-peter-laier","tag-zf-friedrichshafen"],"yoast_head":"<!-- This site is optimized with the Yoast SEO plugin v27.3 - https:\/\/yoast.com\/product\/yoast-seo-wordpress\/ -->\n<title>Vorstandwechsel bei ZF: Klein und Laier gehen, Miedrich kommt - Krafthand-Truck<\/title>\n<meta name=\"description\" content=\"Mathias Miedreich wird Vorstandvorsitzender der ZF Friedrichshafen AG. Er folgt auf Dr. Holger Klein. Auch Prof. Dr. Laier verl\u00e4sst den Vorstand.\" \/>\n<meta name=\"robots\" content=\"index, follow, max-snippet:-1, max-image-preview:large, max-video-preview:-1\" \/>\n<link rel=\"canonical\" href=\"https:\/\/www.krafthand.de\/truck\/artikel\/vorstandwechsel-bei-zf-friedrichshafen-klein-und-laier-gehen-miedrich-kommt-43878\/\" \/>\n<meta property=\"og:locale\" content=\"de_DE\" \/>\n<meta property=\"og:type\" content=\"article\" \/>\n<meta property=\"og:title\" content=\"Vorstandwechsel bei ZF: Klein und Laier gehen, Miedrich kommt - Krafthand-Truck\" \/>\n<meta property=\"og:description\" content=\"Mathias Miedreich wird Vorstandvorsitzender der ZF Friedrichshafen AG. Er folgt auf Dr. Holger Klein. Auch Prof. Dr. Laier verl\u00e4sst den Vorstand.\" \/>\n<meta property=\"og:url\" content=\"https:\/\/www.krafthand-truck.de\/artikel\/vorstandwechsel-bei-zf-friedrichshafen-klein-und-laier-gehen-miedrich-kommt-43878\/\" \/>\n<meta property=\"og:site_name\" content=\"Krafthand-Truck\" \/>\n<meta property=\"article:published_time\" content=\"2025-09-11T11:02:47+00:00\" \/>\n<meta property=\"article:modified_time\" content=\"2025-09-11T12:38:29+00:00\" \/>\n<meta property=\"og:image\" content=\"https:\/\/static.krafthand-truck.de\/uploads\/2025\/09\/ZF_Friedrichshafen_Mathias_Miedreich.jpg\" \/>\n\t<meta property=\"og:image:width\" content=\"1200\" \/>\n\t<meta property=\"og:image:height\" content=\"793\" \/>\n\t<meta property=\"og:image:type\" content=\"image\/jpeg\" \/>\n<meta name=\"author\" content=\"georg.blenk@krafthand-medien.de\" \/>\n<meta name=\"twitter:card\" content=\"summary_large_image\" \/>\n<meta name=\"twitter:label1\" content=\"Verfasst von\" \/>\n\t<meta name=\"twitter:data1\" content=\"georg.blenk@krafthand-medien.de\" \/>\n\t<meta name=\"twitter:label2\" content=\"Gesch\u00e4tzte Lesezeit\" \/>\n\t<meta name=\"twitter:data2\" content=\"3\u00a0Minuten\" \/>\n<script type=\"application\/ld+json\" class=\"yoast-schema-graph\">{\"@context\":\"https:\\\/\\\/schema.org\",\"@graph\":[{\"@type\":\"Article\",\"@id\":\"https:\\\/\\\/www.krafthand.de\\\/truck\\\/artikel\\\/vorstandwechsel-bei-zf-friedrichshafen-klein-und-laier-gehen-miedrich-kommt-43878\\\/#article\",\"isPartOf\":{\"@id\":\"https:\\\/\\\/www.krafthand.de\\\/truck\\\/artikel\\\/vorstandwechsel-bei-zf-friedrichshafen-klein-und-laier-gehen-miedrich-kommt-43878\\\/\"},\"author\":{\"name\":\"georg.blenk@krafthand-medien.de\",\"@id\":\"https:\\\/\\\/www.krafthand.de\\\/truck\\\/#\\\/schema\\\/person\\\/51fa80b1c57034c4bf63f9f988fc24ce\"},\"headline\":\"Vorstandwechsel bei ZF: Klein und Laier gehen, Miedrich kommt\",\"datePublished\":\"2025-09-11T11:02:47+00:00\",\"dateModified\":\"2025-09-11T12:38:29+00:00\",\"mainEntityOfPage\":{\"@id\":\"https:\\\/\\\/www.krafthand.de\\\/truck\\\/artikel\\\/vorstandwechsel-bei-zf-friedrichshafen-klein-und-laier-gehen-miedrich-kommt-43878\\\/\"},\"wordCount\":570,\"image\":{\"@id\":\"https:\\\/\\\/www.krafthand.de\\\/truck\\\/artikel\\\/vorstandwechsel-bei-zf-friedrichshafen-klein-und-laier-gehen-miedrich-kommt-43878\\\/#primaryimage\"},\"thumbnailUrl\":\"https:\\\/\\\/static.krafthand-truck.de\\\/uploads\\\/2025\\\/09\\\/ZF_Friedrichshafen_Mathias_Miedreich.jpg\",\"keywords\":[\"Dr. Peter Laier\",\"ZF Friedrichshafen\"],\"articleSection\":[\"K\u00f6pfe\\\/Personen\",\"Unternehmen\"],\"inLanguage\":\"de\"},{\"@type\":\"WebPage\",\"@id\":\"https:\\\/\\\/www.krafthand.de\\\/truck\\\/artikel\\\/vorstandwechsel-bei-zf-friedrichshafen-klein-und-laier-gehen-miedrich-kommt-43878\\\/\",\"url\":\"https:\\\/\\\/www.krafthand.de\\\/truck\\\/artikel\\\/vorstandwechsel-bei-zf-friedrichshafen-klein-und-laier-gehen-miedrich-kommt-43878\\\/\",\"name\":\"Vorstandwechsel bei ZF: Klein und Laier gehen, Miedrich kommt - Krafthand-Truck\",\"isPartOf\":{\"@id\":\"https:\\\/\\\/www.krafthand.de\\\/truck\\\/#website\"},\"primaryImageOfPage\":{\"@id\":\"https:\\\/\\\/www.krafthand.de\\\/truck\\\/artikel\\\/vorstandwechsel-bei-zf-friedrichshafen-klein-und-laier-gehen-miedrich-kommt-43878\\\/#primaryimage\"},\"image\":{\"@id\":\"https:\\\/\\\/www.krafthand.de\\\/truck\\\/artikel\\\/vorstandwechsel-bei-zf-friedrichshafen-klein-und-laier-gehen-miedrich-kommt-43878\\\/#primaryimage\"},\"thumbnailUrl\":\"https:\\\/\\\/static.krafthand-truck.de\\\/uploads\\\/2025\\\/09\\\/ZF_Friedrichshafen_Mathias_Miedreich.jpg\",\"datePublished\":\"2025-09-11T11:02:47+00:00\",\"dateModified\":\"2025-09-11T12:38:29+00:00\",\"author\":{\"@id\":\"https:\\\/\\\/www.krafthand.de\\\/truck\\\/#\\\/schema\\\/person\\\/51fa80b1c57034c4bf63f9f988fc24ce\"},\"description\":\"Mathias Miedreich wird Vorstandvorsitzender der ZF Friedrichshafen AG. Er folgt auf Dr. Holger Klein. Auch Prof. Dr. Laier verl\u00e4sst den Vorstand.\",\"breadcrumb\":{\"@id\":\"https:\\\/\\\/www.krafthand.de\\\/truck\\\/artikel\\\/vorstandwechsel-bei-zf-friedrichshafen-klein-und-laier-gehen-miedrich-kommt-43878\\\/#breadcrumb\"},\"inLanguage\":\"de\",\"potentialAction\":[{\"@type\":\"ReadAction\",\"target\":[\"https:\\\/\\\/www.krafthand.de\\\/truck\\\/artikel\\\/vorstandwechsel-bei-zf-friedrichshafen-klein-und-laier-gehen-miedrich-kommt-43878\\\/\"]}]},{\"@type\":\"ImageObject\",\"inLanguage\":\"de\",\"@id\":\"https:\\\/\\\/www.krafthand.de\\\/truck\\\/artikel\\\/vorstandwechsel-bei-zf-friedrichshafen-klein-und-laier-gehen-miedrich-kommt-43878\\\/#primaryimage\",\"url\":\"https:\\\/\\\/static.krafthand-truck.de\\\/uploads\\\/2025\\\/09\\\/ZF_Friedrichshafen_Mathias_Miedreich.jpg\",\"contentUrl\":\"https:\\\/\\\/static.krafthand-truck.de\\\/uploads\\\/2025\\\/09\\\/ZF_Friedrichshafen_Mathias_Miedreich.jpg\",\"width\":1200,\"height\":793},{\"@type\":\"BreadcrumbList\",\"@id\":\"https:\\\/\\\/www.krafthand.de\\\/truck\\\/artikel\\\/vorstandwechsel-bei-zf-friedrichshafen-klein-und-laier-gehen-miedrich-kommt-43878\\\/#breadcrumb\",\"itemListElement\":[{\"@type\":\"ListItem\",\"position\":1,\"name\":\"Krafthand-Truck\",\"item\":\"https:\\\/\\\/www.krafthand.de\\\/truck\\\/\"},{\"@type\":\"ListItem\",\"position\":2,\"name\":\"Nfz-Branche\",\"item\":\"https:\\\/\\\/www.krafthand.de\\\/truck\\\/kategorie\\\/branche\\\/\"},{\"@type\":\"ListItem\",\"position\":3,\"name\":\"K\u00f6pfe\\\/Personen\",\"item\":\"https:\\\/\\\/www.krafthand.de\\\/truck\\\/kategorie\\\/branche\\\/koepfe\\\/\"},{\"@type\":\"ListItem\",\"position\":4,\"name\":\"Vorstandwechsel bei ZF: Klein und Laier gehen, Miedrich kommt\"}]},{\"@type\":\"WebSite\",\"@id\":\"https:\\\/\\\/www.krafthand.de\\\/truck\\\/#website\",\"url\":\"https:\\\/\\\/www.krafthand.de\\\/truck\\\/\",\"name\":\"Krafthand-Truck\",\"description\":\"\",\"potentialAction\":[{\"@type\":\"SearchAction\",\"target\":{\"@type\":\"EntryPoint\",\"urlTemplate\":\"https:\\\/\\\/www.krafthand.de\\\/truck\\\/?s={search_term_string}\"},\"query-input\":{\"@type\":\"PropertyValueSpecification\",\"valueRequired\":true,\"valueName\":\"search_term_string\"}}],\"inLanguage\":\"de\"},{\"@type\":\"Person\",\"@id\":\"https:\\\/\\\/www.krafthand.de\\\/truck\\\/#\\\/schema\\\/person\\\/51fa80b1c57034c4bf63f9f988fc24ce\",\"name\":\"georg.blenk@krafthand-medien.de\",\"image\":{\"@type\":\"ImageObject\",\"inLanguage\":\"de\",\"@id\":\"https:\\\/\\\/secure.gravatar.com\\\/avatar\\\/93713c30affe0aa95d3a4130e499bb1abee2eb31adbdd9ce2aa1543538490215?s=96&d=mm&r=g\",\"url\":\"https:\\\/\\\/secure.gravatar.com\\\/avatar\\\/93713c30affe0aa95d3a4130e499bb1abee2eb31adbdd9ce2aa1543538490215?s=96&d=mm&r=g\",\"contentUrl\":\"https:\\\/\\\/secure.gravatar.com\\\/avatar\\\/93713c30affe0aa95d3a4130e499bb1abee2eb31adbdd9ce2aa1543538490215?s=96&d=mm&r=g\",\"caption\":\"georg.blenk@krafthand-medien.de\"}}]}<\/script>\n<!-- \/ Yoast SEO plugin. -->","yoast_head_json":{"title":"Vorstandwechsel bei ZF: Klein und Laier gehen, Miedrich kommt - Krafthand-Truck","description":"Mathias Miedreich wird Vorstandvorsitzender der ZF Friedrichshafen AG. Er folgt auf Dr. Holger Klein. Auch Prof. Dr. Laier verl\u00e4sst den Vorstand.","robots":{"index":"index","follow":"follow","max-snippet":"max-snippet:-1","max-image-preview":"max-image-preview:large","max-video-preview":"max-video-preview:-1"},"canonical":"https:\/\/www.krafthand.de\/truck\/artikel\/vorstandwechsel-bei-zf-friedrichshafen-klein-und-laier-gehen-miedrich-kommt-43878\/","og_locale":"de_DE","og_type":"article","og_title":"Vorstandwechsel bei ZF: Klein und Laier gehen, Miedrich kommt - Krafthand-Truck","og_description":"Mathias Miedreich wird Vorstandvorsitzender der ZF Friedrichshafen AG. Er folgt auf Dr. Holger Klein. Auch Prof. Dr. Laier verl\u00e4sst den Vorstand.","og_url":"https:\/\/www.krafthand-truck.de\/artikel\/vorstandwechsel-bei-zf-friedrichshafen-klein-und-laier-gehen-miedrich-kommt-43878\/","og_site_name":"Krafthand-Truck","article_published_time":"2025-09-11T11:02:47+00:00","article_modified_time":"2025-09-11T12:38:29+00:00","og_image":[{"width":1200,"height":793,"url":"https:\/\/static.krafthand-truck.de\/uploads\/2025\/09\/ZF_Friedrichshafen_Mathias_Miedreich.jpg","type":"image\/jpeg"}],"author":"georg.blenk@krafthand-medien.de","twitter_card":"summary_large_image","twitter_misc":{"Verfasst von":"georg.blenk@krafthand-medien.de","Gesch\u00e4tzte Lesezeit":"3\u00a0Minuten"},"schema":{"@context":"https:\/\/schema.org","@graph":[{"@type":"Article","@id":"https:\/\/www.krafthand.de\/truck\/artikel\/vorstandwechsel-bei-zf-friedrichshafen-klein-und-laier-gehen-miedrich-kommt-43878\/#article","isPartOf":{"@id":"https:\/\/www.krafthand.de\/truck\/artikel\/vorstandwechsel-bei-zf-friedrichshafen-klein-und-laier-gehen-miedrich-kommt-43878\/"},"author":{"name":"georg.blenk@krafthand-medien.de","@id":"https:\/\/www.krafthand.de\/truck\/#\/schema\/person\/51fa80b1c57034c4bf63f9f988fc24ce"},"headline":"Vorstandwechsel bei ZF: Klein und Laier gehen, Miedrich kommt","datePublished":"2025-09-11T11:02:47+00:00","dateModified":"2025-09-11T12:38:29+00:00","mainEntityOfPage":{"@id":"https:\/\/www.krafthand.de\/truck\/artikel\/vorstandwechsel-bei-zf-friedrichshafen-klein-und-laier-gehen-miedrich-kommt-43878\/"},"wordCount":570,"image":{"@id":"https:\/\/www.krafthand.de\/truck\/artikel\/vorstandwechsel-bei-zf-friedrichshafen-klein-und-laier-gehen-miedrich-kommt-43878\/#primaryimage"},"thumbnailUrl":"https:\/\/static.krafthand-truck.de\/uploads\/2025\/09\/ZF_Friedrichshafen_Mathias_Miedreich.jpg","keywords":["Dr. Peter Laier","ZF Friedrichshafen"],"articleSection":["K\u00f6pfe\/Personen","Unternehmen"],"inLanguage":"de"},{"@type":"WebPage","@id":"https:\/\/www.krafthand.de\/truck\/artikel\/vorstandwechsel-bei-zf-friedrichshafen-klein-und-laier-gehen-miedrich-kommt-43878\/","url":"https:\/\/www.krafthand.de\/truck\/artikel\/vorstandwechsel-bei-zf-friedrichshafen-klein-und-laier-gehen-miedrich-kommt-43878\/","name":"Vorstandwechsel bei ZF: Klein und Laier gehen, Miedrich kommt - Krafthand-Truck","isPartOf":{"@id":"https:\/\/www.krafthand.de\/truck\/#website"},"primaryImageOfPage":{"@id":"https:\/\/www.krafthand.de\/truck\/artikel\/vorstandwechsel-bei-zf-friedrichshafen-klein-und-laier-gehen-miedrich-kommt-43878\/#primaryimage"},"image":{"@id":"https:\/\/www.krafthand.de\/truck\/artikel\/vorstandwechsel-bei-zf-friedrichshafen-klein-und-laier-gehen-miedrich-kommt-43878\/#primaryimage"},"thumbnailUrl":"https:\/\/static.krafthand-truck.de\/uploads\/2025\/09\/ZF_Friedrichshafen_Mathias_Miedreich.jpg","datePublished":"2025-09-11T11:02:47+00:00","dateModified":"2025-09-11T12:38:29+00:00","author":{"@id":"https:\/\/www.krafthand.de\/truck\/#\/schema\/person\/51fa80b1c57034c4bf63f9f988fc24ce"},"description":"Mathias Miedreich wird Vorstandvorsitzender der ZF Friedrichshafen AG. Er folgt auf Dr. Holger Klein. Auch Prof. Dr. Laier verl\u00e4sst den Vorstand.","breadcrumb":{"@id":"https:\/\/www.krafthand.de\/truck\/artikel\/vorstandwechsel-bei-zf-friedrichshafen-klein-und-laier-gehen-miedrich-kommt-43878\/#breadcrumb"},"inLanguage":"de","potentialAction":[{"@type":"ReadAction","target":["https:\/\/www.krafthand.de\/truck\/artikel\/vorstandwechsel-bei-zf-friedrichshafen-klein-und-laier-gehen-miedrich-kommt-43878\/"]}]},{"@type":"ImageObject","inLanguage":"de","@id":"https:\/\/www.krafthand.de\/truck\/artikel\/vorstandwechsel-bei-zf-friedrichshafen-klein-und-laier-gehen-miedrich-kommt-43878\/#primaryimage","url":"https:\/\/static.krafthand-truck.de\/uploads\/2025\/09\/ZF_Friedrichshafen_Mathias_Miedreich.jpg","contentUrl":"https:\/\/static.krafthand-truck.de\/uploads\/2025\/09\/ZF_Friedrichshafen_Mathias_Miedreich.jpg","width":1200,"height":793},{"@type":"BreadcrumbList","@id":"https:\/\/www.krafthand.de\/truck\/artikel\/vorstandwechsel-bei-zf-friedrichshafen-klein-und-laier-gehen-miedrich-kommt-43878\/#breadcrumb","itemListElement":[{"@type":"ListItem","position":1,"name":"Krafthand-Truck","item":"https:\/\/www.krafthand.de\/truck\/"},{"@type":"ListItem","position":2,"name":"Nfz-Branche","item":"https:\/\/www.krafthand.de\/truck\/kategorie\/branche\/"},{"@type":"ListItem","position":3,"name":"K\u00f6pfe\/Personen","item":"https:\/\/www.krafthand.de\/truck\/kategorie\/branche\/koepfe\/"},{"@type":"ListItem","position":4,"name":"Vorstandwechsel bei ZF: Klein und Laier gehen, Miedrich kommt"}]},{"@type":"WebSite","@id":"https:\/\/www.krafthand.de\/truck\/#website","url":"https:\/\/www.krafthand.de\/truck\/","name":"Krafthand-Truck","description":"","potentialAction":[{"@type":"SearchAction","target":{"@type":"EntryPoint","urlTemplate":"https:\/\/www.krafthand.de\/truck\/?s={search_term_string}"},"query-input":{"@type":"PropertyValueSpecification","valueRequired":true,"valueName":"search_term_string"}}],"inLanguage":"de"},{"@type":"Person","@id":"https:\/\/www.krafthand.de\/truck\/#\/schema\/person\/51fa80b1c57034c4bf63f9f988fc24ce","name":"georg.blenk@krafthand-medien.de","image":{"@type":"ImageObject","inLanguage":"de","@id":"https:\/\/secure.gravatar.com\/avatar\/93713c30affe0aa95d3a4130e499bb1abee2eb31adbdd9ce2aa1543538490215?s=96&d=mm&r=g","url":"https:\/\/secure.gravatar.com\/avatar\/93713c30affe0aa95d3a4130e499bb1abee2eb31adbdd9ce2aa1543538490215?s=96&d=mm&r=g","contentUrl":"https:\/\/secure.gravatar.com\/avatar\/93713c30affe0aa95d3a4130e499bb1abee2eb31adbdd9ce2aa1543538490215?s=96&d=mm&r=g","caption":"georg.blenk@krafthand-medien.de"}}]}},"_links":{"self":[{"href":"https:\/\/www.krafthand.de\/truck\/wp-json\/wp\/v2\/posts\/43878","targetHints":{"allow":["GET"]}}],"collection":[{"href":"https:\/\/www.krafthand.de\/truck\/wp-json\/wp\/v2\/posts"}],"about":[{"href":"https:\/\/www.krafthand.de\/truck\/wp-json\/wp\/v2\/types\/post"}],"author":[{"embeddable":true,"href":"https:\/\/www.krafthand.de\/truck\/wp-json\/wp\/v2\/users\/9"}],"replies":[{"embeddable":true,"href":"https:\/\/www.krafthand.de\/truck\/wp-json\/wp\/v2\/comments?post=43878"}],"version-history":[{"count":13,"href":"https:\/\/www.krafthand.de\/truck\/wp-json\/wp\/v2\/posts\/43878\/revisions"}],"predecessor-version":[{"id":43894,"href":"https:\/\/www.krafthand.de\/truck\/wp-json\/wp\/v2\/posts\/43878\/revisions\/43894"}],"wp:featuredmedia":[{"embeddable":true,"href":"https:\/\/www.krafthand.de\/truck\/wp-json\/wp\/v2\/media\/43882"}],"wp:attachment":[{"href":"https:\/\/www.krafthand.de\/truck\/wp-json\/wp\/v2\/media?parent=43878"}],"wp:term":[{"taxonomy":"category","embeddable":true,"href":"https:\/\/www.krafthand.de\/truck\/wp-json\/wp\/v2\/categories?post=43878"},{"taxonomy":"post_tag","embeddable":true,"href":"https:\/\/www.krafthand.de\/truck\/wp-json\/wp\/v2\/tags?post=43878"},{"taxonomy":"settings","embeddable":true,"href":"https:\/\/www.krafthand.de\/truck\/wp-json\/wp\/v2\/settings?post=43878"}],"curies":[{"name":"wp","href":"https:\/\/api.w.org\/{rel}","templated":true}]}}