{"id":43868,"date":"2025-09-10T15:18:40","date_gmt":"2025-09-10T13:18:40","guid":{"rendered":"https:\/\/www.krafthand.de\/truck\/?p=43868"},"modified":"2025-09-10T15:22:58","modified_gmt":"2025-09-10T13:22:58","slug":"43868","status":"publish","type":"post","link":"https:\/\/www.krafthand.de\/truck\/artikel\/43868-43868\/","title":{"rendered":"Hebetechnik: Stertil-Koni pr\u00e4sentiert sich auf der NUFAM"},"content":{"rendered":"<p>Der Spezialist f\u00fcr Hebetechnik Stertil-Koni, pr\u00e4sentiert sich auf der NUFAM 2025 mit neuem Team und klarer Wachstumsstrategie f\u00fcr den deutschen Markt.<br \/>\nSeit Mai 2025 verantwortet J\u00fcrgen Maier als Sales Director den Aufbau von Stertil-Koni Deutschland. Gemeinsam mit Frank Schlachter gestaltet er die neue Vertriebsorganisation. Ziel sei es, die Marktpr\u00e4senz durch ein starkes Partnernetzwerk auszubauen, die OEM-Kontakte zu intensivieren und die nationalen Kunden gezielt zu betreuen.<\/p>\n<p>Zu den Produkt-Highlights auf der NUFAM geh\u00f6ren die mobilen Radgreiferanlagen von Stertil-Koni. Sie sind universell f\u00fcr Lkw, Busse, Agrar- und Baufahrzeuge einsetzbar. Sie lassen sich kabellos verbinden, beliebig kombinieren und heben Lasten von 7,5 bis 17,5 Tonnen pro S\u00e4ule. Dank spezieller Adapterl\u00f6sungen k\u00f6nnen auch Traktoren oder Sonderfahrzeuge sicher angehoben werden.<\/p>\n<p>Zudem pr\u00e4sentiert Stertil-Koni die Unterflurb\u00fchne ECO Lift. Sie ben\u00f6tigt lediglich eine Einbautiefe von 900 mm. Dadurch lie\u00dfe sich der Bau- und Installationsaufwand deutlich reduzieren. Der ECO Lift eigne sich sowohl f\u00fcr die Sanierung bestehender Gruben als auch f\u00fcr anspruchsvolle Einbausituationen \u2013 etwa bei Grundwasser oder felsigem Untergrund.<\/p>\n<h4>Das Unternehmen<\/h4>\n<p>Stertil-Koni bezeichnet sich selbst als weltweit gr\u00f6\u00dfter Anbieter von Hebetechnik f\u00fcr Nutzfahrzeuge. Die Produkte werden in Fertigungswerken in den Niederlanden und den USA hergestellt. Dabei wurde Nussbaum Automotive Lifts 2022 von der Stertil-Gruppe \u00fcbernommen. Das Unternehmen aus Kehl am Rhein beherbergt heute das Stertil-Koni Vertriebsb\u00fcro Deutschland. Mit den Marken Nussbaum (Pkw-Segment) und Stertil-Koni (Nutzfahrzeug-Segment) deckt die Gruppe das gesamte Spektrum an Hebetechnikl\u00f6sungen f\u00fcr Fahrzeugwerkst\u00e4tten ab.<\/p>\n<p><a href=\"https:\/\/stertil-koni.de\" target=\"_blank\" rel=\"noopener\">Stertil-Koni<\/a> ist auf der <a href=\"https:\/\/www.nufam.de\/de\/\" target=\"_blank\" rel=\"noopener\">NUFAM<\/a> bei seinem Partner IMAK in <strong>Halle 1, Stand 107 D<\/strong> zu finden.<\/p>\n","protected":false},"excerpt":{"rendered":"<p>Der Spezialist f\u00fcr Hebetechnik Stertil-Koni, pr\u00e4sentiert sich auf der NUFAM 2025 mit neuem Team f\u00fcr den deutschen Markt. Seit Mai 2025 verantwortet J\u00fcrgen Maier als Sales Director den Aufbau von Stertil-Koni Deutschland. Zu den Produkthighlights auf der Messe geh\u00f6ren Radgreifer und Unterflurb\u00fchnen. <span class=\"excerpt-more__dots\">&#8230;<\/span> <a class=\"excerpt-more__link\" href=\"https:\/\/www.krafthand.de\/truck\/artikel\/43868-43868\/\" >weiter<\/a><\/p>\n","protected":false},"author":9,"featured_media":43873,"comment_status":"closed","ping_status":"closed","sticky":false,"template":"","format":"standard","meta":{"footnotes":""},"categories":[4236,4220],"tags":[1358,5644],"settings":[4766,3523],"class_list":["post-43868","post","type-post","status-publish","format-standard","has-post-thumbnail","hentry","category-veranstaltungen","category-werkstattausruestung","tag-hebetechnik","tag-radgreifer"],"yoast_head":"<!-- This site is optimized with the Yoast SEO plugin v27.3 - https:\/\/yoast.com\/product\/yoast-seo-wordpress\/ -->\n<title>Hebetechnik: Stertil-Koni pr\u00e4sentiert sich auf der NUFAM - Krafthand-Truck<\/title>\n<meta name=\"description\" content=\"Der Spezialist f\u00fcr Hebetechnik Stertil-Koni pr\u00e4sentiert auf der NUFAM 2025 seine Radgreifer sowie Unterflurb\u00fchnen.\" \/>\n<meta name=\"robots\" content=\"index, follow, max-snippet:-1, max-image-preview:large, max-video-preview:-1\" \/>\n<link rel=\"canonical\" href=\"https:\/\/www.krafthand.de\/truck\/artikel\/43868-43868\/\" \/>\n<meta property=\"og:locale\" content=\"de_DE\" \/>\n<meta property=\"og:type\" content=\"article\" \/>\n<meta property=\"og:title\" content=\"Hebetechnik: Stertil-Koni pr\u00e4sentiert sich auf der NUFAM - Krafthand-Truck\" \/>\n<meta property=\"og:description\" content=\"Der Spezialist f\u00fcr Hebetechnik Stertil-Koni pr\u00e4sentiert auf der NUFAM 2025 seine Radgreifer sowie Unterflurb\u00fchnen.\" \/>\n<meta property=\"og:url\" content=\"https:\/\/www.krafthand-truck.de\/artikel\/43868-43868\/\" \/>\n<meta property=\"og:site_name\" content=\"Krafthand-Truck\" \/>\n<meta property=\"article:published_time\" content=\"2025-09-10T13:18:40+00:00\" \/>\n<meta property=\"article:modified_time\" content=\"2025-09-10T13:22:58+00:00\" \/>\n<meta property=\"og:image\" content=\"https:\/\/static.krafthand-truck.de\/uploads\/2025\/09\/Stertil_Koni_Earthlift_Radgreiferanlage_Lkw.jpg\" \/>\n\t<meta property=\"og:image:width\" content=\"1200\" \/>\n\t<meta property=\"og:image:height\" content=\"717\" \/>\n\t<meta property=\"og:image:type\" content=\"image\/jpeg\" \/>\n<meta name=\"author\" content=\"georg.blenk@krafthand-medien.de\" \/>\n<meta name=\"twitter:card\" content=\"summary_large_image\" \/>\n<meta name=\"twitter:label1\" content=\"Verfasst von\" \/>\n\t<meta name=\"twitter:data1\" content=\"georg.blenk@krafthand-medien.de\" \/>\n\t<meta name=\"twitter:label2\" content=\"Gesch\u00e4tzte Lesezeit\" \/>\n\t<meta name=\"twitter:data2\" content=\"2\u00a0Minuten\" \/>\n<script type=\"application\/ld+json\" class=\"yoast-schema-graph\">{\"@context\":\"https:\\\/\\\/schema.org\",\"@graph\":[{\"@type\":\"Article\",\"@id\":\"https:\\\/\\\/www.krafthand.de\\\/truck\\\/artikel\\\/43868-43868\\\/#article\",\"isPartOf\":{\"@id\":\"https:\\\/\\\/www.krafthand.de\\\/truck\\\/artikel\\\/43868-43868\\\/\"},\"author\":{\"name\":\"georg.blenk@krafthand-medien.de\",\"@id\":\"https:\\\/\\\/www.krafthand.de\\\/truck\\\/#\\\/schema\\\/person\\\/51fa80b1c57034c4bf63f9f988fc24ce\"},\"headline\":\"Hebetechnik: Stertil-Koni pr\u00e4sentiert sich auf der NUFAM\",\"datePublished\":\"2025-09-10T13:18:40+00:00\",\"dateModified\":\"2025-09-10T13:22:58+00:00\",\"mainEntityOfPage\":{\"@id\":\"https:\\\/\\\/www.krafthand.de\\\/truck\\\/artikel\\\/43868-43868\\\/\"},\"wordCount\":267,\"image\":{\"@id\":\"https:\\\/\\\/www.krafthand.de\\\/truck\\\/artikel\\\/43868-43868\\\/#primaryimage\"},\"thumbnailUrl\":\"https:\\\/\\\/static.krafthand-truck.de\\\/uploads\\\/2025\\\/09\\\/Stertil_Koni_Earthlift_Radgreiferanlage_Lkw.jpg\",\"keywords\":[\"Hebetechnik\",\"Radgreifer\"],\"articleSection\":[\"Veranstaltungen\\\/Messen\",\"Werkstattausr\u00fcstung\"],\"inLanguage\":\"de\"},{\"@type\":\"WebPage\",\"@id\":\"https:\\\/\\\/www.krafthand.de\\\/truck\\\/artikel\\\/43868-43868\\\/\",\"url\":\"https:\\\/\\\/www.krafthand.de\\\/truck\\\/artikel\\\/43868-43868\\\/\",\"name\":\"Hebetechnik: Stertil-Koni pr\u00e4sentiert sich auf der NUFAM - Krafthand-Truck\",\"isPartOf\":{\"@id\":\"https:\\\/\\\/www.krafthand.de\\\/truck\\\/#website\"},\"primaryImageOfPage\":{\"@id\":\"https:\\\/\\\/www.krafthand.de\\\/truck\\\/artikel\\\/43868-43868\\\/#primaryimage\"},\"image\":{\"@id\":\"https:\\\/\\\/www.krafthand.de\\\/truck\\\/artikel\\\/43868-43868\\\/#primaryimage\"},\"thumbnailUrl\":\"https:\\\/\\\/static.krafthand-truck.de\\\/uploads\\\/2025\\\/09\\\/Stertil_Koni_Earthlift_Radgreiferanlage_Lkw.jpg\",\"datePublished\":\"2025-09-10T13:18:40+00:00\",\"dateModified\":\"2025-09-10T13:22:58+00:00\",\"author\":{\"@id\":\"https:\\\/\\\/www.krafthand.de\\\/truck\\\/#\\\/schema\\\/person\\\/51fa80b1c57034c4bf63f9f988fc24ce\"},\"description\":\"Der Spezialist f\u00fcr Hebetechnik Stertil-Koni pr\u00e4sentiert auf der NUFAM 2025 seine Radgreifer sowie Unterflurb\u00fchnen.\",\"breadcrumb\":{\"@id\":\"https:\\\/\\\/www.krafthand.de\\\/truck\\\/artikel\\\/43868-43868\\\/#breadcrumb\"},\"inLanguage\":\"de\",\"potentialAction\":[{\"@type\":\"ReadAction\",\"target\":[\"https:\\\/\\\/www.krafthand.de\\\/truck\\\/artikel\\\/43868-43868\\\/\"]}]},{\"@type\":\"ImageObject\",\"inLanguage\":\"de\",\"@id\":\"https:\\\/\\\/www.krafthand.de\\\/truck\\\/artikel\\\/43868-43868\\\/#primaryimage\",\"url\":\"https:\\\/\\\/static.krafthand-truck.de\\\/uploads\\\/2025\\\/09\\\/Stertil_Koni_Earthlift_Radgreiferanlage_Lkw.jpg\",\"contentUrl\":\"https:\\\/\\\/static.krafthand-truck.de\\\/uploads\\\/2025\\\/09\\\/Stertil_Koni_Earthlift_Radgreiferanlage_Lkw.jpg\",\"width\":1200,\"height\":717},{\"@type\":\"BreadcrumbList\",\"@id\":\"https:\\\/\\\/www.krafthand.de\\\/truck\\\/artikel\\\/43868-43868\\\/#breadcrumb\",\"itemListElement\":[{\"@type\":\"ListItem\",\"position\":1,\"name\":\"Krafthand-Truck\",\"item\":\"https:\\\/\\\/www.krafthand.de\\\/truck\\\/\"},{\"@type\":\"ListItem\",\"position\":2,\"name\":\"Nfz-Branche\",\"item\":\"https:\\\/\\\/www.krafthand.de\\\/truck\\\/kategorie\\\/branche\\\/\"},{\"@type\":\"ListItem\",\"position\":3,\"name\":\"Veranstaltungen\\\/Messen\",\"item\":\"https:\\\/\\\/www.krafthand.de\\\/truck\\\/kategorie\\\/branche\\\/veranstaltungen\\\/\"},{\"@type\":\"ListItem\",\"position\":4,\"name\":\"Hebetechnik: Stertil-Koni pr\u00e4sentiert sich auf der NUFAM\"}]},{\"@type\":\"WebSite\",\"@id\":\"https:\\\/\\\/www.krafthand.de\\\/truck\\\/#website\",\"url\":\"https:\\\/\\\/www.krafthand.de\\\/truck\\\/\",\"name\":\"Krafthand-Truck\",\"description\":\"\",\"potentialAction\":[{\"@type\":\"SearchAction\",\"target\":{\"@type\":\"EntryPoint\",\"urlTemplate\":\"https:\\\/\\\/www.krafthand.de\\\/truck\\\/?s={search_term_string}\"},\"query-input\":{\"@type\":\"PropertyValueSpecification\",\"valueRequired\":true,\"valueName\":\"search_term_string\"}}],\"inLanguage\":\"de\"},{\"@type\":\"Person\",\"@id\":\"https:\\\/\\\/www.krafthand.de\\\/truck\\\/#\\\/schema\\\/person\\\/51fa80b1c57034c4bf63f9f988fc24ce\",\"name\":\"georg.blenk@krafthand-medien.de\",\"image\":{\"@type\":\"ImageObject\",\"inLanguage\":\"de\",\"@id\":\"https:\\\/\\\/secure.gravatar.com\\\/avatar\\\/93713c30affe0aa95d3a4130e499bb1abee2eb31adbdd9ce2aa1543538490215?s=96&d=mm&r=g\",\"url\":\"https:\\\/\\\/secure.gravatar.com\\\/avatar\\\/93713c30affe0aa95d3a4130e499bb1abee2eb31adbdd9ce2aa1543538490215?s=96&d=mm&r=g\",\"contentUrl\":\"https:\\\/\\\/secure.gravatar.com\\\/avatar\\\/93713c30affe0aa95d3a4130e499bb1abee2eb31adbdd9ce2aa1543538490215?s=96&d=mm&r=g\",\"caption\":\"georg.blenk@krafthand-medien.de\"}}]}<\/script>\n<!-- \/ Yoast SEO plugin. -->","yoast_head_json":{"title":"Hebetechnik: Stertil-Koni pr\u00e4sentiert sich auf der NUFAM - Krafthand-Truck","description":"Der Spezialist f\u00fcr Hebetechnik Stertil-Koni pr\u00e4sentiert auf der NUFAM 2025 seine Radgreifer sowie Unterflurb\u00fchnen.","robots":{"index":"index","follow":"follow","max-snippet":"max-snippet:-1","max-image-preview":"max-image-preview:large","max-video-preview":"max-video-preview:-1"},"canonical":"https:\/\/www.krafthand.de\/truck\/artikel\/43868-43868\/","og_locale":"de_DE","og_type":"article","og_title":"Hebetechnik: Stertil-Koni pr\u00e4sentiert sich auf der NUFAM - Krafthand-Truck","og_description":"Der Spezialist f\u00fcr Hebetechnik Stertil-Koni pr\u00e4sentiert auf der NUFAM 2025 seine Radgreifer sowie Unterflurb\u00fchnen.","og_url":"https:\/\/www.krafthand-truck.de\/artikel\/43868-43868\/","og_site_name":"Krafthand-Truck","article_published_time":"2025-09-10T13:18:40+00:00","article_modified_time":"2025-09-10T13:22:58+00:00","og_image":[{"width":1200,"height":717,"url":"https:\/\/static.krafthand-truck.de\/uploads\/2025\/09\/Stertil_Koni_Earthlift_Radgreiferanlage_Lkw.jpg","type":"image\/jpeg"}],"author":"georg.blenk@krafthand-medien.de","twitter_card":"summary_large_image","twitter_misc":{"Verfasst von":"georg.blenk@krafthand-medien.de","Gesch\u00e4tzte Lesezeit":"2\u00a0Minuten"},"schema":{"@context":"https:\/\/schema.org","@graph":[{"@type":"Article","@id":"https:\/\/www.krafthand.de\/truck\/artikel\/43868-43868\/#article","isPartOf":{"@id":"https:\/\/www.krafthand.de\/truck\/artikel\/43868-43868\/"},"author":{"name":"georg.blenk@krafthand-medien.de","@id":"https:\/\/www.krafthand.de\/truck\/#\/schema\/person\/51fa80b1c57034c4bf63f9f988fc24ce"},"headline":"Hebetechnik: Stertil-Koni pr\u00e4sentiert sich auf der NUFAM","datePublished":"2025-09-10T13:18:40+00:00","dateModified":"2025-09-10T13:22:58+00:00","mainEntityOfPage":{"@id":"https:\/\/www.krafthand.de\/truck\/artikel\/43868-43868\/"},"wordCount":267,"image":{"@id":"https:\/\/www.krafthand.de\/truck\/artikel\/43868-43868\/#primaryimage"},"thumbnailUrl":"https:\/\/static.krafthand-truck.de\/uploads\/2025\/09\/Stertil_Koni_Earthlift_Radgreiferanlage_Lkw.jpg","keywords":["Hebetechnik","Radgreifer"],"articleSection":["Veranstaltungen\/Messen","Werkstattausr\u00fcstung"],"inLanguage":"de"},{"@type":"WebPage","@id":"https:\/\/www.krafthand.de\/truck\/artikel\/43868-43868\/","url":"https:\/\/www.krafthand.de\/truck\/artikel\/43868-43868\/","name":"Hebetechnik: Stertil-Koni pr\u00e4sentiert sich auf der NUFAM - Krafthand-Truck","isPartOf":{"@id":"https:\/\/www.krafthand.de\/truck\/#website"},"primaryImageOfPage":{"@id":"https:\/\/www.krafthand.de\/truck\/artikel\/43868-43868\/#primaryimage"},"image":{"@id":"https:\/\/www.krafthand.de\/truck\/artikel\/43868-43868\/#primaryimage"},"thumbnailUrl":"https:\/\/static.krafthand-truck.de\/uploads\/2025\/09\/Stertil_Koni_Earthlift_Radgreiferanlage_Lkw.jpg","datePublished":"2025-09-10T13:18:40+00:00","dateModified":"2025-09-10T13:22:58+00:00","author":{"@id":"https:\/\/www.krafthand.de\/truck\/#\/schema\/person\/51fa80b1c57034c4bf63f9f988fc24ce"},"description":"Der Spezialist f\u00fcr Hebetechnik Stertil-Koni pr\u00e4sentiert auf der NUFAM 2025 seine Radgreifer sowie Unterflurb\u00fchnen.","breadcrumb":{"@id":"https:\/\/www.krafthand.de\/truck\/artikel\/43868-43868\/#breadcrumb"},"inLanguage":"de","potentialAction":[{"@type":"ReadAction","target":["https:\/\/www.krafthand.de\/truck\/artikel\/43868-43868\/"]}]},{"@type":"ImageObject","inLanguage":"de","@id":"https:\/\/www.krafthand.de\/truck\/artikel\/43868-43868\/#primaryimage","url":"https:\/\/static.krafthand-truck.de\/uploads\/2025\/09\/Stertil_Koni_Earthlift_Radgreiferanlage_Lkw.jpg","contentUrl":"https:\/\/static.krafthand-truck.de\/uploads\/2025\/09\/Stertil_Koni_Earthlift_Radgreiferanlage_Lkw.jpg","width":1200,"height":717},{"@type":"BreadcrumbList","@id":"https:\/\/www.krafthand.de\/truck\/artikel\/43868-43868\/#breadcrumb","itemListElement":[{"@type":"ListItem","position":1,"name":"Krafthand-Truck","item":"https:\/\/www.krafthand.de\/truck\/"},{"@type":"ListItem","position":2,"name":"Nfz-Branche","item":"https:\/\/www.krafthand.de\/truck\/kategorie\/branche\/"},{"@type":"ListItem","position":3,"name":"Veranstaltungen\/Messen","item":"https:\/\/www.krafthand.de\/truck\/kategorie\/branche\/veranstaltungen\/"},{"@type":"ListItem","position":4,"name":"Hebetechnik: Stertil-Koni pr\u00e4sentiert sich auf der NUFAM"}]},{"@type":"WebSite","@id":"https:\/\/www.krafthand.de\/truck\/#website","url":"https:\/\/www.krafthand.de\/truck\/","name":"Krafthand-Truck","description":"","potentialAction":[{"@type":"SearchAction","target":{"@type":"EntryPoint","urlTemplate":"https:\/\/www.krafthand.de\/truck\/?s={search_term_string}"},"query-input":{"@type":"PropertyValueSpecification","valueRequired":true,"valueName":"search_term_string"}}],"inLanguage":"de"},{"@type":"Person","@id":"https:\/\/www.krafthand.de\/truck\/#\/schema\/person\/51fa80b1c57034c4bf63f9f988fc24ce","name":"georg.blenk@krafthand-medien.de","image":{"@type":"ImageObject","inLanguage":"de","@id":"https:\/\/secure.gravatar.com\/avatar\/93713c30affe0aa95d3a4130e499bb1abee2eb31adbdd9ce2aa1543538490215?s=96&d=mm&r=g","url":"https:\/\/secure.gravatar.com\/avatar\/93713c30affe0aa95d3a4130e499bb1abee2eb31adbdd9ce2aa1543538490215?s=96&d=mm&r=g","contentUrl":"https:\/\/secure.gravatar.com\/avatar\/93713c30affe0aa95d3a4130e499bb1abee2eb31adbdd9ce2aa1543538490215?s=96&d=mm&r=g","caption":"georg.blenk@krafthand-medien.de"}}]}},"_links":{"self":[{"href":"https:\/\/www.krafthand.de\/truck\/wp-json\/wp\/v2\/posts\/43868","targetHints":{"allow":["GET"]}}],"collection":[{"href":"https:\/\/www.krafthand.de\/truck\/wp-json\/wp\/v2\/posts"}],"about":[{"href":"https:\/\/www.krafthand.de\/truck\/wp-json\/wp\/v2\/types\/post"}],"author":[{"embeddable":true,"href":"https:\/\/www.krafthand.de\/truck\/wp-json\/wp\/v2\/users\/9"}],"replies":[{"embeddable":true,"href":"https:\/\/www.krafthand.de\/truck\/wp-json\/wp\/v2\/comments?post=43868"}],"version-history":[{"count":8,"href":"https:\/\/www.krafthand.de\/truck\/wp-json\/wp\/v2\/posts\/43868\/revisions"}],"predecessor-version":[{"id":43877,"href":"https:\/\/www.krafthand.de\/truck\/wp-json\/wp\/v2\/posts\/43868\/revisions\/43877"}],"wp:featuredmedia":[{"embeddable":true,"href":"https:\/\/www.krafthand.de\/truck\/wp-json\/wp\/v2\/media\/43873"}],"wp:attachment":[{"href":"https:\/\/www.krafthand.de\/truck\/wp-json\/wp\/v2\/media?parent=43868"}],"wp:term":[{"taxonomy":"category","embeddable":true,"href":"https:\/\/www.krafthand.de\/truck\/wp-json\/wp\/v2\/categories?post=43868"},{"taxonomy":"post_tag","embeddable":true,"href":"https:\/\/www.krafthand.de\/truck\/wp-json\/wp\/v2\/tags?post=43868"},{"taxonomy":"settings","embeddable":true,"href":"https:\/\/www.krafthand.de\/truck\/wp-json\/wp\/v2\/settings?post=43868"}],"curies":[{"name":"wp","href":"https:\/\/api.w.org\/{rel}","templated":true}]}}