{"id":43825,"date":"2025-09-05T10:36:23","date_gmt":"2025-09-05T08:36:23","guid":{"rendered":"https:\/\/www.krafthand.de\/truck\/?p=43825"},"modified":"2025-09-05T10:37:34","modified_gmt":"2025-09-05T08:37:34","slug":"trockenwaesche-fuer-lkw-und-bus","status":"publish","type":"post","link":"https:\/\/www.krafthand.de\/truck\/artikel\/trockenwaesche-fuer-lkw-und-bus-43825\/","title":{"rendered":"Trockenw\u00e4sche f\u00fcr Lkw und Bus"},"content":{"rendered":"<p>Sonax pr\u00e4sentiert auf der NUFAM in Karlsruhe sein Reinigungs- und Pflege-Portfolio f\u00fcr Nutzfahrzeuge. Beispielsweise zeigt das Unternehmen die sogenannte \u201aTrockenw\u00e4sche\u2018. Der entsprechende Reiniger ist tats\u00e4chlich f\u00fcr die schnelle und wasserlose W\u00e4sche zwischendurch gedacht. Wasserlos bedeutet laut Sonax wortw\u00f6rtlich, dass die W\u00e4sche ohne Wasser schonend alle verschmutzten Oberfl\u00e4chen reinigt. Dabei sei die Wirkweise des Reinigers simpel: Die Formel enth\u00e4lt Pflegekomponenten, die sich an den Schmutz binden und ihn einkapseln, damit es zu keiner Verkratzung beim Nachwischen kommt. Und da keine Abw\u00e4sser entstehen, kann man den Reiniger jeder Zeit und \u00fcberall anwenden.<\/p>\n<p>Das Gebinde sollte vor Gebrauch kurz gesch\u00fcttelt werden bevor man es in einen Druckpump-Zerst\u00e4uber f\u00fcllt. Anschlie\u00dfend kann man den Reiniger auf ein Mikrofasertuch oder direkt auf die verschmutzte Fl\u00e4che spr\u00fchen und das Fahrzeug reinigen. Dabei sollte man laut Sonax zuerst in einer geraden Linie und mit leichtem Druck \u00fcber die eingespr\u00fchte Fl\u00e4che wischen, dann das Tuch wenden und die Stelle trockenwischen. Das Tuch m\u00fcsse man regelm\u00e4\u00dfig falten, damit immer eine neue, frische Seite au\u00dfen ist.<\/p>\n<p><a href=\"https:\/\/www.sonax.de\/fuer-unternehmen\/speditionen-und-busunternehmen\" target=\"_blank\" rel=\"noopener\">Sonax<\/a> ist auf der <a href=\"https:\/\/www.nufam.de\/de\/\" target=\"_blank\" rel=\"noopener\">NUFAM<\/a> in <strong>Halle 2, Stand E203<\/strong> zu finden.<\/p>\n<p><i>Den Beitrag finden Sie auch in der Print-Ausgabe 3-2025 der <a href=\"https:\/\/www.krafthand.de\/truck\/magazin\/\" title=\"Zum Magazin\">Krafthand-Truck<\/a>.<\/i><\/p>","protected":false},"excerpt":{"rendered":"<p>Sonax pr\u00e4sentiert auf der NUFAM in Karlsruhe sein Reinigungs- und Pflege-Portfolio f\u00fcr Nutzfahrzeuge. Beispielsweise zeigt das Unternehmen die sogenannte \u201aTrockenw\u00e4sche\u2018. Der entsprechende Reiniger ist tats\u00e4chlich f\u00fcr die schnelle und wasserlose W\u00e4sche zwischendurch gedacht. <span class=\"excerpt-more__dots\">&#8230;<\/span> <a class=\"excerpt-more__link\" href=\"https:\/\/www.krafthand.de\/truck\/artikel\/trockenwaesche-fuer-lkw-und-bus-43825\/\" >weiter<\/a><\/p>\n","protected":false},"author":11,"featured_media":43826,"comment_status":"closed","ping_status":"closed","sticky":false,"template":"","format":"standard","meta":{"footnotes":""},"categories":[4236,4220],"tags":[3837,4052],"settings":[4766],"class_list":["post-43825","post","type-post","status-publish","format-standard","has-post-thumbnail","hentry","category-veranstaltungen","category-werkstattausruestung","tag-fahrzeugwaesche","tag-sonax"],"yoast_head":"<!-- This site is optimized with the Yoast SEO plugin v27.3 - https:\/\/yoast.com\/product\/yoast-seo-wordpress\/ -->\n<title>Trockenw\u00e4sche f\u00fcr Lkw und Bus - Krafthand-Truck<\/title>\n<meta name=\"robots\" content=\"index, follow, max-snippet:-1, max-image-preview:large, max-video-preview:-1\" \/>\n<link rel=\"canonical\" href=\"https:\/\/www.krafthand.de\/truck\/artikel\/trockenwaesche-fuer-lkw-und-bus-43825\/\" \/>\n<meta property=\"og:locale\" content=\"de_DE\" \/>\n<meta property=\"og:type\" content=\"article\" \/>\n<meta property=\"og:title\" content=\"Trockenw\u00e4sche f\u00fcr Lkw und Bus - Krafthand-Truck\" \/>\n<meta property=\"og:description\" content=\"Sonax pr\u00e4sentiert auf der NUFAM in Karlsruhe sein Reinigungs- und Pflege-Portfolio f\u00fcr Nutzfahrzeuge. Beispielsweise zeigt das Unternehmen die sogenannte \u201aTrockenw\u00e4sche\u2018. Der entsprechende Reiniger ist tats\u00e4chlich f\u00fcr die schnelle und wasserlose W\u00e4sche zwischendurch gedacht. ... weiter\" \/>\n<meta property=\"og:url\" content=\"https:\/\/www.krafthand-truck.de\/artikel\/trockenwaesche-fuer-lkw-und-bus-43825\/\" \/>\n<meta property=\"og:site_name\" content=\"Krafthand-Truck\" \/>\n<meta property=\"article:published_time\" content=\"2025-09-05T08:36:23+00:00\" \/>\n<meta property=\"article:modified_time\" content=\"2025-09-05T08:37:34+00:00\" \/>\n<meta property=\"og:image\" content=\"https:\/\/static.krafthand-truck.de\/uploads\/2025\/09\/03_2025_035.jpg\" \/>\n\t<meta property=\"og:image:width\" content=\"1400\" \/>\n\t<meta property=\"og:image:height\" content=\"964\" \/>\n\t<meta property=\"og:image:type\" content=\"image\/jpeg\" \/>\n<meta name=\"author\" content=\"Redaktion Truck\" \/>\n<meta name=\"twitter:card\" content=\"summary_large_image\" \/>\n<meta name=\"twitter:label1\" content=\"Verfasst von\" \/>\n\t<meta name=\"twitter:data1\" content=\"Redaktion Truck\" \/>\n\t<meta name=\"twitter:label2\" content=\"Gesch\u00e4tzte Lesezeit\" \/>\n\t<meta name=\"twitter:data2\" content=\"2\u00a0Minuten\" \/>\n<script type=\"application\/ld+json\" class=\"yoast-schema-graph\">{\"@context\":\"https:\\\/\\\/schema.org\",\"@graph\":[{\"@type\":\"Article\",\"@id\":\"https:\\\/\\\/www.krafthand.de\\\/truck\\\/artikel\\\/trockenwaesche-fuer-lkw-und-bus-43825\\\/#article\",\"isPartOf\":{\"@id\":\"https:\\\/\\\/www.krafthand.de\\\/truck\\\/artikel\\\/trockenwaesche-fuer-lkw-und-bus-43825\\\/\"},\"author\":{\"name\":\"Redaktion Truck\",\"@id\":\"https:\\\/\\\/www.krafthand.de\\\/truck\\\/#\\\/schema\\\/person\\\/5e47d727209575a4b89376746e24f02f\"},\"headline\":\"Trockenw\u00e4sche f\u00fcr Lkw und Bus\",\"datePublished\":\"2025-09-05T08:36:23+00:00\",\"dateModified\":\"2025-09-05T08:37:34+00:00\",\"mainEntityOfPage\":{\"@id\":\"https:\\\/\\\/www.krafthand.de\\\/truck\\\/artikel\\\/trockenwaesche-fuer-lkw-und-bus-43825\\\/\"},\"wordCount\":205,\"image\":{\"@id\":\"https:\\\/\\\/www.krafthand.de\\\/truck\\\/artikel\\\/trockenwaesche-fuer-lkw-und-bus-43825\\\/#primaryimage\"},\"thumbnailUrl\":\"https:\\\/\\\/static.krafthand-truck.de\\\/uploads\\\/2025\\\/09\\\/03_2025_035.jpg\",\"keywords\":[\"Fahrzeugw\u00e4sche\",\"Sonax\"],\"articleSection\":[\"Veranstaltungen\\\/Messen\",\"Werkstattausr\u00fcstung\"],\"inLanguage\":\"de\"},{\"@type\":\"WebPage\",\"@id\":\"https:\\\/\\\/www.krafthand.de\\\/truck\\\/artikel\\\/trockenwaesche-fuer-lkw-und-bus-43825\\\/\",\"url\":\"https:\\\/\\\/www.krafthand.de\\\/truck\\\/artikel\\\/trockenwaesche-fuer-lkw-und-bus-43825\\\/\",\"name\":\"Trockenw\u00e4sche f\u00fcr Lkw und Bus - Krafthand-Truck\",\"isPartOf\":{\"@id\":\"https:\\\/\\\/www.krafthand.de\\\/truck\\\/#website\"},\"primaryImageOfPage\":{\"@id\":\"https:\\\/\\\/www.krafthand.de\\\/truck\\\/artikel\\\/trockenwaesche-fuer-lkw-und-bus-43825\\\/#primaryimage\"},\"image\":{\"@id\":\"https:\\\/\\\/www.krafthand.de\\\/truck\\\/artikel\\\/trockenwaesche-fuer-lkw-und-bus-43825\\\/#primaryimage\"},\"thumbnailUrl\":\"https:\\\/\\\/static.krafthand-truck.de\\\/uploads\\\/2025\\\/09\\\/03_2025_035.jpg\",\"datePublished\":\"2025-09-05T08:36:23+00:00\",\"dateModified\":\"2025-09-05T08:37:34+00:00\",\"author\":{\"@id\":\"https:\\\/\\\/www.krafthand.de\\\/truck\\\/#\\\/schema\\\/person\\\/5e47d727209575a4b89376746e24f02f\"},\"breadcrumb\":{\"@id\":\"https:\\\/\\\/www.krafthand.de\\\/truck\\\/artikel\\\/trockenwaesche-fuer-lkw-und-bus-43825\\\/#breadcrumb\"},\"inLanguage\":\"de\",\"potentialAction\":[{\"@type\":\"ReadAction\",\"target\":[\"https:\\\/\\\/www.krafthand.de\\\/truck\\\/artikel\\\/trockenwaesche-fuer-lkw-und-bus-43825\\\/\"]}]},{\"@type\":\"ImageObject\",\"inLanguage\":\"de\",\"@id\":\"https:\\\/\\\/www.krafthand.de\\\/truck\\\/artikel\\\/trockenwaesche-fuer-lkw-und-bus-43825\\\/#primaryimage\",\"url\":\"https:\\\/\\\/static.krafthand-truck.de\\\/uploads\\\/2025\\\/09\\\/03_2025_035.jpg\",\"contentUrl\":\"https:\\\/\\\/static.krafthand-truck.de\\\/uploads\\\/2025\\\/09\\\/03_2025_035.jpg\",\"width\":1400,\"height\":964},{\"@type\":\"BreadcrumbList\",\"@id\":\"https:\\\/\\\/www.krafthand.de\\\/truck\\\/artikel\\\/trockenwaesche-fuer-lkw-und-bus-43825\\\/#breadcrumb\",\"itemListElement\":[{\"@type\":\"ListItem\",\"position\":1,\"name\":\"Krafthand-Truck\",\"item\":\"https:\\\/\\\/www.krafthand.de\\\/truck\\\/\"},{\"@type\":\"ListItem\",\"position\":2,\"name\":\"Nfz-Service\",\"item\":\"https:\\\/\\\/www.krafthand.de\\\/truck\\\/kategorie\\\/nfz-service\\\/\"},{\"@type\":\"ListItem\",\"position\":3,\"name\":\"Werkstattausr\u00fcstung\",\"item\":\"https:\\\/\\\/www.krafthand.de\\\/truck\\\/kategorie\\\/nfz-service\\\/werkstattausruestung\\\/\"},{\"@type\":\"ListItem\",\"position\":4,\"name\":\"Trockenw\u00e4sche f\u00fcr Lkw und Bus\"}]},{\"@type\":\"WebSite\",\"@id\":\"https:\\\/\\\/www.krafthand.de\\\/truck\\\/#website\",\"url\":\"https:\\\/\\\/www.krafthand.de\\\/truck\\\/\",\"name\":\"Krafthand-Truck\",\"description\":\"\",\"potentialAction\":[{\"@type\":\"SearchAction\",\"target\":{\"@type\":\"EntryPoint\",\"urlTemplate\":\"https:\\\/\\\/www.krafthand.de\\\/truck\\\/?s={search_term_string}\"},\"query-input\":{\"@type\":\"PropertyValueSpecification\",\"valueRequired\":true,\"valueName\":\"search_term_string\"}}],\"inLanguage\":\"de\"},{\"@type\":\"Person\",\"@id\":\"https:\\\/\\\/www.krafthand.de\\\/truck\\\/#\\\/schema\\\/person\\\/5e47d727209575a4b89376746e24f02f\",\"name\":\"Redaktion Truck\",\"image\":{\"@type\":\"ImageObject\",\"inLanguage\":\"de\",\"@id\":\"https:\\\/\\\/secure.gravatar.com\\\/avatar\\\/64cedf5d293ad6eb6600c19e949d032ff0090f240174891ab1517d73ead05c87?s=96&d=mm&r=g\",\"url\":\"https:\\\/\\\/secure.gravatar.com\\\/avatar\\\/64cedf5d293ad6eb6600c19e949d032ff0090f240174891ab1517d73ead05c87?s=96&d=mm&r=g\",\"contentUrl\":\"https:\\\/\\\/secure.gravatar.com\\\/avatar\\\/64cedf5d293ad6eb6600c19e949d032ff0090f240174891ab1517d73ead05c87?s=96&d=mm&r=g\",\"caption\":\"Redaktion Truck\"}}]}<\/script>\n<!-- \/ Yoast SEO plugin. -->","yoast_head_json":{"title":"Trockenw\u00e4sche f\u00fcr Lkw und Bus - Krafthand-Truck","robots":{"index":"index","follow":"follow","max-snippet":"max-snippet:-1","max-image-preview":"max-image-preview:large","max-video-preview":"max-video-preview:-1"},"canonical":"https:\/\/www.krafthand.de\/truck\/artikel\/trockenwaesche-fuer-lkw-und-bus-43825\/","og_locale":"de_DE","og_type":"article","og_title":"Trockenw\u00e4sche f\u00fcr Lkw und Bus - Krafthand-Truck","og_description":"Sonax pr\u00e4sentiert auf der NUFAM in Karlsruhe sein Reinigungs- und Pflege-Portfolio f\u00fcr Nutzfahrzeuge. Beispielsweise zeigt das Unternehmen die sogenannte \u201aTrockenw\u00e4sche\u2018. Der entsprechende Reiniger ist tats\u00e4chlich f\u00fcr die schnelle und wasserlose W\u00e4sche zwischendurch gedacht. ... weiter","og_url":"https:\/\/www.krafthand-truck.de\/artikel\/trockenwaesche-fuer-lkw-und-bus-43825\/","og_site_name":"Krafthand-Truck","article_published_time":"2025-09-05T08:36:23+00:00","article_modified_time":"2025-09-05T08:37:34+00:00","og_image":[{"width":1400,"height":964,"url":"https:\/\/static.krafthand-truck.de\/uploads\/2025\/09\/03_2025_035.jpg","type":"image\/jpeg"}],"author":"Redaktion Truck","twitter_card":"summary_large_image","twitter_misc":{"Verfasst von":"Redaktion Truck","Gesch\u00e4tzte Lesezeit":"2\u00a0Minuten"},"schema":{"@context":"https:\/\/schema.org","@graph":[{"@type":"Article","@id":"https:\/\/www.krafthand.de\/truck\/artikel\/trockenwaesche-fuer-lkw-und-bus-43825\/#article","isPartOf":{"@id":"https:\/\/www.krafthand.de\/truck\/artikel\/trockenwaesche-fuer-lkw-und-bus-43825\/"},"author":{"name":"Redaktion Truck","@id":"https:\/\/www.krafthand.de\/truck\/#\/schema\/person\/5e47d727209575a4b89376746e24f02f"},"headline":"Trockenw\u00e4sche f\u00fcr Lkw und Bus","datePublished":"2025-09-05T08:36:23+00:00","dateModified":"2025-09-05T08:37:34+00:00","mainEntityOfPage":{"@id":"https:\/\/www.krafthand.de\/truck\/artikel\/trockenwaesche-fuer-lkw-und-bus-43825\/"},"wordCount":205,"image":{"@id":"https:\/\/www.krafthand.de\/truck\/artikel\/trockenwaesche-fuer-lkw-und-bus-43825\/#primaryimage"},"thumbnailUrl":"https:\/\/static.krafthand-truck.de\/uploads\/2025\/09\/03_2025_035.jpg","keywords":["Fahrzeugw\u00e4sche","Sonax"],"articleSection":["Veranstaltungen\/Messen","Werkstattausr\u00fcstung"],"inLanguage":"de"},{"@type":"WebPage","@id":"https:\/\/www.krafthand.de\/truck\/artikel\/trockenwaesche-fuer-lkw-und-bus-43825\/","url":"https:\/\/www.krafthand.de\/truck\/artikel\/trockenwaesche-fuer-lkw-und-bus-43825\/","name":"Trockenw\u00e4sche f\u00fcr Lkw und Bus - Krafthand-Truck","isPartOf":{"@id":"https:\/\/www.krafthand.de\/truck\/#website"},"primaryImageOfPage":{"@id":"https:\/\/www.krafthand.de\/truck\/artikel\/trockenwaesche-fuer-lkw-und-bus-43825\/#primaryimage"},"image":{"@id":"https:\/\/www.krafthand.de\/truck\/artikel\/trockenwaesche-fuer-lkw-und-bus-43825\/#primaryimage"},"thumbnailUrl":"https:\/\/static.krafthand-truck.de\/uploads\/2025\/09\/03_2025_035.jpg","datePublished":"2025-09-05T08:36:23+00:00","dateModified":"2025-09-05T08:37:34+00:00","author":{"@id":"https:\/\/www.krafthand.de\/truck\/#\/schema\/person\/5e47d727209575a4b89376746e24f02f"},"breadcrumb":{"@id":"https:\/\/www.krafthand.de\/truck\/artikel\/trockenwaesche-fuer-lkw-und-bus-43825\/#breadcrumb"},"inLanguage":"de","potentialAction":[{"@type":"ReadAction","target":["https:\/\/www.krafthand.de\/truck\/artikel\/trockenwaesche-fuer-lkw-und-bus-43825\/"]}]},{"@type":"ImageObject","inLanguage":"de","@id":"https:\/\/www.krafthand.de\/truck\/artikel\/trockenwaesche-fuer-lkw-und-bus-43825\/#primaryimage","url":"https:\/\/static.krafthand-truck.de\/uploads\/2025\/09\/03_2025_035.jpg","contentUrl":"https:\/\/static.krafthand-truck.de\/uploads\/2025\/09\/03_2025_035.jpg","width":1400,"height":964},{"@type":"BreadcrumbList","@id":"https:\/\/www.krafthand.de\/truck\/artikel\/trockenwaesche-fuer-lkw-und-bus-43825\/#breadcrumb","itemListElement":[{"@type":"ListItem","position":1,"name":"Krafthand-Truck","item":"https:\/\/www.krafthand.de\/truck\/"},{"@type":"ListItem","position":2,"name":"Nfz-Service","item":"https:\/\/www.krafthand.de\/truck\/kategorie\/nfz-service\/"},{"@type":"ListItem","position":3,"name":"Werkstattausr\u00fcstung","item":"https:\/\/www.krafthand.de\/truck\/kategorie\/nfz-service\/werkstattausruestung\/"},{"@type":"ListItem","position":4,"name":"Trockenw\u00e4sche f\u00fcr Lkw und Bus"}]},{"@type":"WebSite","@id":"https:\/\/www.krafthand.de\/truck\/#website","url":"https:\/\/www.krafthand.de\/truck\/","name":"Krafthand-Truck","description":"","potentialAction":[{"@type":"SearchAction","target":{"@type":"EntryPoint","urlTemplate":"https:\/\/www.krafthand.de\/truck\/?s={search_term_string}"},"query-input":{"@type":"PropertyValueSpecification","valueRequired":true,"valueName":"search_term_string"}}],"inLanguage":"de"},{"@type":"Person","@id":"https:\/\/www.krafthand.de\/truck\/#\/schema\/person\/5e47d727209575a4b89376746e24f02f","name":"Redaktion Truck","image":{"@type":"ImageObject","inLanguage":"de","@id":"https:\/\/secure.gravatar.com\/avatar\/64cedf5d293ad6eb6600c19e949d032ff0090f240174891ab1517d73ead05c87?s=96&d=mm&r=g","url":"https:\/\/secure.gravatar.com\/avatar\/64cedf5d293ad6eb6600c19e949d032ff0090f240174891ab1517d73ead05c87?s=96&d=mm&r=g","contentUrl":"https:\/\/secure.gravatar.com\/avatar\/64cedf5d293ad6eb6600c19e949d032ff0090f240174891ab1517d73ead05c87?s=96&d=mm&r=g","caption":"Redaktion Truck"}}]}},"_links":{"self":[{"href":"https:\/\/www.krafthand.de\/truck\/wp-json\/wp\/v2\/posts\/43825","targetHints":{"allow":["GET"]}}],"collection":[{"href":"https:\/\/www.krafthand.de\/truck\/wp-json\/wp\/v2\/posts"}],"about":[{"href":"https:\/\/www.krafthand.de\/truck\/wp-json\/wp\/v2\/types\/post"}],"author":[{"embeddable":true,"href":"https:\/\/www.krafthand.de\/truck\/wp-json\/wp\/v2\/users\/11"}],"replies":[{"embeddable":true,"href":"https:\/\/www.krafthand.de\/truck\/wp-json\/wp\/v2\/comments?post=43825"}],"version-history":[{"count":2,"href":"https:\/\/www.krafthand.de\/truck\/wp-json\/wp\/v2\/posts\/43825\/revisions"}],"predecessor-version":[{"id":43828,"href":"https:\/\/www.krafthand.de\/truck\/wp-json\/wp\/v2\/posts\/43825\/revisions\/43828"}],"wp:featuredmedia":[{"embeddable":true,"href":"https:\/\/www.krafthand.de\/truck\/wp-json\/wp\/v2\/media\/43826"}],"wp:attachment":[{"href":"https:\/\/www.krafthand.de\/truck\/wp-json\/wp\/v2\/media?parent=43825"}],"wp:term":[{"taxonomy":"category","embeddable":true,"href":"https:\/\/www.krafthand.de\/truck\/wp-json\/wp\/v2\/categories?post=43825"},{"taxonomy":"post_tag","embeddable":true,"href":"https:\/\/www.krafthand.de\/truck\/wp-json\/wp\/v2\/tags?post=43825"},{"taxonomy":"settings","embeddable":true,"href":"https:\/\/www.krafthand.de\/truck\/wp-json\/wp\/v2\/settings?post=43825"}],"curies":[{"name":"wp","href":"https:\/\/api.w.org\/{rel}","templated":true}]}}