{"id":43802,"date":"2025-09-05T09:58:03","date_gmt":"2025-09-05T07:58:03","guid":{"rendered":"https:\/\/www.krafthand.de\/truck\/?p=43802"},"modified":"2025-09-05T10:00:18","modified_gmt":"2025-09-05T08:00:18","slug":"bpw-baut-ersatzteilgeschaeft-in-mitteleuropa-aus","status":"publish","type":"post","link":"https:\/\/www.krafthand.de\/truck\/artikel\/bpw-baut-ersatzteilgeschaeft-in-mitteleuropa-aus-43802\/","title":{"rendered":"BPW baut Ersatzteilgesch\u00e4ft in Mitteleuropa aus"},"content":{"rendered":"<p>Am 5. August 2025 hat die BPW Gruppe die 100-prozentigen Anteilsrechte an E.M.T. spol. s r.o. mit Hauptsitz in \u0158\u00ed\u010dany (Tschechische Republik) \u00fcbernommen. E.M.T.\u00a0 gilt als Experte f\u00fcr Ersatzteile und Zubeh\u00f6r f\u00fcr Lkw, Anh\u00e4nger, Sattelauflieger, Busse und leichte Nutzfahrzeuge und verf\u00fcgt \u00fcber sechs Filialen in der Tschechischen Republik und \u00fcber zwei in der Slowakei. Das Sortiment des Ersatzteilh\u00e4ndlers umfasst alle Komponenten g\u00e4ngiger Hersteller, die f\u00fcr die Wartung und Reparatur von Fahrzeugen notwendig sind.<\/p>\n<p>Das Nfz-Teilehandelsnetzwerk der <a href=\"https:\/\/www.bpw-aftermarket-group.com\" target=\"_blank\" rel=\"noopener\">BPW Aftermarket Group Deutschland GmbH<\/a> stellt europaweit die Versorgung mit <a href=\"https:\/\/www.bpw.de\/service\/aftermarket-ersatzteile\" target=\"_blank\" rel=\"noopener\">Ersatzteilen<\/a> f\u00fcr Truck und Trailer sicher. Mehr als 120 Niederlassungen, die in 18 L\u00e4ndern aktiv sind, gew\u00e4hrleisten einen fl\u00e4chendeckenden Service. Das Produktportfolio umfasst sowohl Original-Ersatzteile aller relevanten Nutzfahrzeughersteller als auch zeitwertgerechte L\u00f6sungen f\u00fcr die Reparatur \u00e4lterer Fahrzeuge. Mit ihrem Nfz-Teilehandelsnetzwerk unterst\u00fctzt die BPW Gruppe als Mobilit\u00e4tspartner Transportunternehmen und Werkst\u00e4tten dabei, alle Fahrzeuge schnell, sicher, effizient und gleichzeitig zeitwertgerecht zu reparieren und zu warten.<\/p>\n","protected":false},"excerpt":{"rendered":"<p>K\u00fcrzlich hat die BPW Gruppe die 100-prozentigen Anteilsrechte an E.M.T. spol. s r.o. mit Hauptsitz in \u0158\u00ed\u010dany (Tschechische Republik) \u00fcbernommen. E.M.T.\u00a0 gilt als Experte f\u00fcr Ersatzteile und Zubeh\u00f6r f\u00fcr Lkw, Anh\u00e4nger, Sattelauflieger, Busse und leichte Nutzfahrzeuge. <span class=\"excerpt-more__dots\">&#8230;<\/span> <a class=\"excerpt-more__link\" href=\"https:\/\/www.krafthand.de\/truck\/artikel\/bpw-baut-ersatzteilgeschaeft-in-mitteleuropa-aus-43802\/\" >weiter<\/a><\/p>\n","protected":false},"author":9,"featured_media":43807,"comment_status":"closed","ping_status":"closed","sticky":false,"template":"","format":"standard","meta":{"footnotes":""},"categories":[4912],"tags":[173,6316,522],"settings":[4766,3523],"class_list":["post-43802","post","type-post","status-publish","format-standard","has-post-thumbnail","hentry","category-ersatzteile-zubehoer","tag-bpw","tag-e-t-m","tag-teilehandel"],"yoast_head":"<!-- This site is optimized with the Yoast SEO plugin v27.3 - https:\/\/yoast.com\/product\/yoast-seo-wordpress\/ -->\n<title>BPW baut Ersatzteilgesch\u00e4ft in Mitteleuropa aus - Krafthand-Truck<\/title>\n<meta name=\"description\" content=\"Die BPW Gruppe die 100-prozentigen Anteilsrechte an E.M.T. spol. s r.o. mit Hauptsitz in \u0158\u00ed\u010dany (Tschechische Republik) \u00fcbernommen.\" \/>\n<meta name=\"robots\" content=\"index, follow, max-snippet:-1, max-image-preview:large, max-video-preview:-1\" \/>\n<link rel=\"canonical\" href=\"https:\/\/www.krafthand.de\/truck\/artikel\/bpw-baut-ersatzteilgeschaeft-in-mitteleuropa-aus-43802\/\" \/>\n<meta property=\"og:locale\" content=\"de_DE\" \/>\n<meta property=\"og:type\" content=\"article\" \/>\n<meta property=\"og:title\" content=\"BPW baut Ersatzteilgesch\u00e4ft in Mitteleuropa aus - Krafthand-Truck\" \/>\n<meta property=\"og:description\" content=\"Die BPW Gruppe die 100-prozentigen Anteilsrechte an E.M.T. spol. s r.o. mit Hauptsitz in \u0158\u00ed\u010dany (Tschechische Republik) \u00fcbernommen.\" \/>\n<meta property=\"og:url\" content=\"https:\/\/www.krafthand-truck.de\/artikel\/bpw-baut-ersatzteilgeschaeft-in-mitteleuropa-aus-43802\/\" \/>\n<meta property=\"og:site_name\" content=\"Krafthand-Truck\" \/>\n<meta property=\"article:published_time\" content=\"2025-09-05T07:58:03+00:00\" \/>\n<meta property=\"article:modified_time\" content=\"2025-09-05T08:00:18+00:00\" \/>\n<meta property=\"og:image\" content=\"https:\/\/static.krafthand-truck.de\/uploads\/2025\/09\/BPW_Ersatzteile.jpg\" \/>\n\t<meta property=\"og:image:width\" content=\"1200\" \/>\n\t<meta property=\"og:image:height\" content=\"862\" \/>\n\t<meta property=\"og:image:type\" content=\"image\/jpeg\" \/>\n<meta name=\"author\" content=\"georg.blenk@krafthand-medien.de\" \/>\n<meta name=\"twitter:card\" content=\"summary_large_image\" \/>\n<meta name=\"twitter:label1\" content=\"Verfasst von\" \/>\n\t<meta name=\"twitter:data1\" content=\"georg.blenk@krafthand-medien.de\" \/>\n\t<meta name=\"twitter:label2\" content=\"Gesch\u00e4tzte Lesezeit\" \/>\n\t<meta name=\"twitter:data2\" content=\"2\u00a0Minuten\" \/>\n<script type=\"application\/ld+json\" class=\"yoast-schema-graph\">{\"@context\":\"https:\\\/\\\/schema.org\",\"@graph\":[{\"@type\":\"Article\",\"@id\":\"https:\\\/\\\/www.krafthand.de\\\/truck\\\/artikel\\\/bpw-baut-ersatzteilgeschaeft-in-mitteleuropa-aus-43802\\\/#article\",\"isPartOf\":{\"@id\":\"https:\\\/\\\/www.krafthand.de\\\/truck\\\/artikel\\\/bpw-baut-ersatzteilgeschaeft-in-mitteleuropa-aus-43802\\\/\"},\"author\":{\"name\":\"georg.blenk@krafthand-medien.de\",\"@id\":\"https:\\\/\\\/www.krafthand.de\\\/truck\\\/#\\\/schema\\\/person\\\/51fa80b1c57034c4bf63f9f988fc24ce\"},\"headline\":\"BPW baut Ersatzteilgesch\u00e4ft in Mitteleuropa aus\",\"datePublished\":\"2025-09-05T07:58:03+00:00\",\"dateModified\":\"2025-09-05T08:00:18+00:00\",\"mainEntityOfPage\":{\"@id\":\"https:\\\/\\\/www.krafthand.de\\\/truck\\\/artikel\\\/bpw-baut-ersatzteilgeschaeft-in-mitteleuropa-aus-43802\\\/\"},\"wordCount\":174,\"image\":{\"@id\":\"https:\\\/\\\/www.krafthand.de\\\/truck\\\/artikel\\\/bpw-baut-ersatzteilgeschaeft-in-mitteleuropa-aus-43802\\\/#primaryimage\"},\"thumbnailUrl\":\"https:\\\/\\\/static.krafthand-truck.de\\\/uploads\\\/2025\\\/09\\\/BPW_Ersatzteile.jpg\",\"keywords\":[\"BPW\",\"E.T.M.\",\"Teilehandel\"],\"articleSection\":[\"Ersatzteile\\\/Zubeh\u00f6r\"],\"inLanguage\":\"de\"},{\"@type\":\"WebPage\",\"@id\":\"https:\\\/\\\/www.krafthand.de\\\/truck\\\/artikel\\\/bpw-baut-ersatzteilgeschaeft-in-mitteleuropa-aus-43802\\\/\",\"url\":\"https:\\\/\\\/www.krafthand.de\\\/truck\\\/artikel\\\/bpw-baut-ersatzteilgeschaeft-in-mitteleuropa-aus-43802\\\/\",\"name\":\"BPW baut Ersatzteilgesch\u00e4ft in Mitteleuropa aus - Krafthand-Truck\",\"isPartOf\":{\"@id\":\"https:\\\/\\\/www.krafthand.de\\\/truck\\\/#website\"},\"primaryImageOfPage\":{\"@id\":\"https:\\\/\\\/www.krafthand.de\\\/truck\\\/artikel\\\/bpw-baut-ersatzteilgeschaeft-in-mitteleuropa-aus-43802\\\/#primaryimage\"},\"image\":{\"@id\":\"https:\\\/\\\/www.krafthand.de\\\/truck\\\/artikel\\\/bpw-baut-ersatzteilgeschaeft-in-mitteleuropa-aus-43802\\\/#primaryimage\"},\"thumbnailUrl\":\"https:\\\/\\\/static.krafthand-truck.de\\\/uploads\\\/2025\\\/09\\\/BPW_Ersatzteile.jpg\",\"datePublished\":\"2025-09-05T07:58:03+00:00\",\"dateModified\":\"2025-09-05T08:00:18+00:00\",\"author\":{\"@id\":\"https:\\\/\\\/www.krafthand.de\\\/truck\\\/#\\\/schema\\\/person\\\/51fa80b1c57034c4bf63f9f988fc24ce\"},\"description\":\"Die BPW Gruppe die 100-prozentigen Anteilsrechte an E.M.T. spol. s r.o. mit Hauptsitz in \u0158\u00ed\u010dany (Tschechische Republik) \u00fcbernommen.\",\"breadcrumb\":{\"@id\":\"https:\\\/\\\/www.krafthand.de\\\/truck\\\/artikel\\\/bpw-baut-ersatzteilgeschaeft-in-mitteleuropa-aus-43802\\\/#breadcrumb\"},\"inLanguage\":\"de\",\"potentialAction\":[{\"@type\":\"ReadAction\",\"target\":[\"https:\\\/\\\/www.krafthand.de\\\/truck\\\/artikel\\\/bpw-baut-ersatzteilgeschaeft-in-mitteleuropa-aus-43802\\\/\"]}]},{\"@type\":\"ImageObject\",\"inLanguage\":\"de\",\"@id\":\"https:\\\/\\\/www.krafthand.de\\\/truck\\\/artikel\\\/bpw-baut-ersatzteilgeschaeft-in-mitteleuropa-aus-43802\\\/#primaryimage\",\"url\":\"https:\\\/\\\/static.krafthand-truck.de\\\/uploads\\\/2025\\\/09\\\/BPW_Ersatzteile.jpg\",\"contentUrl\":\"https:\\\/\\\/static.krafthand-truck.de\\\/uploads\\\/2025\\\/09\\\/BPW_Ersatzteile.jpg\",\"width\":1200,\"height\":862},{\"@type\":\"BreadcrumbList\",\"@id\":\"https:\\\/\\\/www.krafthand.de\\\/truck\\\/artikel\\\/bpw-baut-ersatzteilgeschaeft-in-mitteleuropa-aus-43802\\\/#breadcrumb\",\"itemListElement\":[{\"@type\":\"ListItem\",\"position\":1,\"name\":\"Krafthand-Truck\",\"item\":\"https:\\\/\\\/www.krafthand.de\\\/truck\\\/\"},{\"@type\":\"ListItem\",\"position\":2,\"name\":\"Nfz-Service\",\"item\":\"https:\\\/\\\/www.krafthand.de\\\/truck\\\/kategorie\\\/nfz-service\\\/\"},{\"@type\":\"ListItem\",\"position\":3,\"name\":\"Ersatzteile\\\/Zubeh\u00f6r\",\"item\":\"https:\\\/\\\/www.krafthand.de\\\/truck\\\/kategorie\\\/nfz-service\\\/ersatzteile-zubehoer\\\/\"},{\"@type\":\"ListItem\",\"position\":4,\"name\":\"BPW baut Ersatzteilgesch\u00e4ft in Mitteleuropa aus\"}]},{\"@type\":\"WebSite\",\"@id\":\"https:\\\/\\\/www.krafthand.de\\\/truck\\\/#website\",\"url\":\"https:\\\/\\\/www.krafthand.de\\\/truck\\\/\",\"name\":\"Krafthand-Truck\",\"description\":\"\",\"potentialAction\":[{\"@type\":\"SearchAction\",\"target\":{\"@type\":\"EntryPoint\",\"urlTemplate\":\"https:\\\/\\\/www.krafthand.de\\\/truck\\\/?s={search_term_string}\"},\"query-input\":{\"@type\":\"PropertyValueSpecification\",\"valueRequired\":true,\"valueName\":\"search_term_string\"}}],\"inLanguage\":\"de\"},{\"@type\":\"Person\",\"@id\":\"https:\\\/\\\/www.krafthand.de\\\/truck\\\/#\\\/schema\\\/person\\\/51fa80b1c57034c4bf63f9f988fc24ce\",\"name\":\"georg.blenk@krafthand-medien.de\",\"image\":{\"@type\":\"ImageObject\",\"inLanguage\":\"de\",\"@id\":\"https:\\\/\\\/secure.gravatar.com\\\/avatar\\\/93713c30affe0aa95d3a4130e499bb1abee2eb31adbdd9ce2aa1543538490215?s=96&d=mm&r=g\",\"url\":\"https:\\\/\\\/secure.gravatar.com\\\/avatar\\\/93713c30affe0aa95d3a4130e499bb1abee2eb31adbdd9ce2aa1543538490215?s=96&d=mm&r=g\",\"contentUrl\":\"https:\\\/\\\/secure.gravatar.com\\\/avatar\\\/93713c30affe0aa95d3a4130e499bb1abee2eb31adbdd9ce2aa1543538490215?s=96&d=mm&r=g\",\"caption\":\"georg.blenk@krafthand-medien.de\"}}]}<\/script>\n<!-- \/ Yoast SEO plugin. -->","yoast_head_json":{"title":"BPW baut Ersatzteilgesch\u00e4ft in Mitteleuropa aus - Krafthand-Truck","description":"Die BPW Gruppe die 100-prozentigen Anteilsrechte an E.M.T. spol. s r.o. mit Hauptsitz in \u0158\u00ed\u010dany (Tschechische Republik) \u00fcbernommen.","robots":{"index":"index","follow":"follow","max-snippet":"max-snippet:-1","max-image-preview":"max-image-preview:large","max-video-preview":"max-video-preview:-1"},"canonical":"https:\/\/www.krafthand.de\/truck\/artikel\/bpw-baut-ersatzteilgeschaeft-in-mitteleuropa-aus-43802\/","og_locale":"de_DE","og_type":"article","og_title":"BPW baut Ersatzteilgesch\u00e4ft in Mitteleuropa aus - Krafthand-Truck","og_description":"Die BPW Gruppe die 100-prozentigen Anteilsrechte an E.M.T. spol. s r.o. mit Hauptsitz in \u0158\u00ed\u010dany (Tschechische Republik) \u00fcbernommen.","og_url":"https:\/\/www.krafthand-truck.de\/artikel\/bpw-baut-ersatzteilgeschaeft-in-mitteleuropa-aus-43802\/","og_site_name":"Krafthand-Truck","article_published_time":"2025-09-05T07:58:03+00:00","article_modified_time":"2025-09-05T08:00:18+00:00","og_image":[{"width":1200,"height":862,"url":"https:\/\/static.krafthand-truck.de\/uploads\/2025\/09\/BPW_Ersatzteile.jpg","type":"image\/jpeg"}],"author":"georg.blenk@krafthand-medien.de","twitter_card":"summary_large_image","twitter_misc":{"Verfasst von":"georg.blenk@krafthand-medien.de","Gesch\u00e4tzte Lesezeit":"2\u00a0Minuten"},"schema":{"@context":"https:\/\/schema.org","@graph":[{"@type":"Article","@id":"https:\/\/www.krafthand.de\/truck\/artikel\/bpw-baut-ersatzteilgeschaeft-in-mitteleuropa-aus-43802\/#article","isPartOf":{"@id":"https:\/\/www.krafthand.de\/truck\/artikel\/bpw-baut-ersatzteilgeschaeft-in-mitteleuropa-aus-43802\/"},"author":{"name":"georg.blenk@krafthand-medien.de","@id":"https:\/\/www.krafthand.de\/truck\/#\/schema\/person\/51fa80b1c57034c4bf63f9f988fc24ce"},"headline":"BPW baut Ersatzteilgesch\u00e4ft in Mitteleuropa aus","datePublished":"2025-09-05T07:58:03+00:00","dateModified":"2025-09-05T08:00:18+00:00","mainEntityOfPage":{"@id":"https:\/\/www.krafthand.de\/truck\/artikel\/bpw-baut-ersatzteilgeschaeft-in-mitteleuropa-aus-43802\/"},"wordCount":174,"image":{"@id":"https:\/\/www.krafthand.de\/truck\/artikel\/bpw-baut-ersatzteilgeschaeft-in-mitteleuropa-aus-43802\/#primaryimage"},"thumbnailUrl":"https:\/\/static.krafthand-truck.de\/uploads\/2025\/09\/BPW_Ersatzteile.jpg","keywords":["BPW","E.T.M.","Teilehandel"],"articleSection":["Ersatzteile\/Zubeh\u00f6r"],"inLanguage":"de"},{"@type":"WebPage","@id":"https:\/\/www.krafthand.de\/truck\/artikel\/bpw-baut-ersatzteilgeschaeft-in-mitteleuropa-aus-43802\/","url":"https:\/\/www.krafthand.de\/truck\/artikel\/bpw-baut-ersatzteilgeschaeft-in-mitteleuropa-aus-43802\/","name":"BPW baut Ersatzteilgesch\u00e4ft in Mitteleuropa aus - Krafthand-Truck","isPartOf":{"@id":"https:\/\/www.krafthand.de\/truck\/#website"},"primaryImageOfPage":{"@id":"https:\/\/www.krafthand.de\/truck\/artikel\/bpw-baut-ersatzteilgeschaeft-in-mitteleuropa-aus-43802\/#primaryimage"},"image":{"@id":"https:\/\/www.krafthand.de\/truck\/artikel\/bpw-baut-ersatzteilgeschaeft-in-mitteleuropa-aus-43802\/#primaryimage"},"thumbnailUrl":"https:\/\/static.krafthand-truck.de\/uploads\/2025\/09\/BPW_Ersatzteile.jpg","datePublished":"2025-09-05T07:58:03+00:00","dateModified":"2025-09-05T08:00:18+00:00","author":{"@id":"https:\/\/www.krafthand.de\/truck\/#\/schema\/person\/51fa80b1c57034c4bf63f9f988fc24ce"},"description":"Die BPW Gruppe die 100-prozentigen Anteilsrechte an E.M.T. spol. s r.o. mit Hauptsitz in \u0158\u00ed\u010dany (Tschechische Republik) \u00fcbernommen.","breadcrumb":{"@id":"https:\/\/www.krafthand.de\/truck\/artikel\/bpw-baut-ersatzteilgeschaeft-in-mitteleuropa-aus-43802\/#breadcrumb"},"inLanguage":"de","potentialAction":[{"@type":"ReadAction","target":["https:\/\/www.krafthand.de\/truck\/artikel\/bpw-baut-ersatzteilgeschaeft-in-mitteleuropa-aus-43802\/"]}]},{"@type":"ImageObject","inLanguage":"de","@id":"https:\/\/www.krafthand.de\/truck\/artikel\/bpw-baut-ersatzteilgeschaeft-in-mitteleuropa-aus-43802\/#primaryimage","url":"https:\/\/static.krafthand-truck.de\/uploads\/2025\/09\/BPW_Ersatzteile.jpg","contentUrl":"https:\/\/static.krafthand-truck.de\/uploads\/2025\/09\/BPW_Ersatzteile.jpg","width":1200,"height":862},{"@type":"BreadcrumbList","@id":"https:\/\/www.krafthand.de\/truck\/artikel\/bpw-baut-ersatzteilgeschaeft-in-mitteleuropa-aus-43802\/#breadcrumb","itemListElement":[{"@type":"ListItem","position":1,"name":"Krafthand-Truck","item":"https:\/\/www.krafthand.de\/truck\/"},{"@type":"ListItem","position":2,"name":"Nfz-Service","item":"https:\/\/www.krafthand.de\/truck\/kategorie\/nfz-service\/"},{"@type":"ListItem","position":3,"name":"Ersatzteile\/Zubeh\u00f6r","item":"https:\/\/www.krafthand.de\/truck\/kategorie\/nfz-service\/ersatzteile-zubehoer\/"},{"@type":"ListItem","position":4,"name":"BPW baut Ersatzteilgesch\u00e4ft in Mitteleuropa aus"}]},{"@type":"WebSite","@id":"https:\/\/www.krafthand.de\/truck\/#website","url":"https:\/\/www.krafthand.de\/truck\/","name":"Krafthand-Truck","description":"","potentialAction":[{"@type":"SearchAction","target":{"@type":"EntryPoint","urlTemplate":"https:\/\/www.krafthand.de\/truck\/?s={search_term_string}"},"query-input":{"@type":"PropertyValueSpecification","valueRequired":true,"valueName":"search_term_string"}}],"inLanguage":"de"},{"@type":"Person","@id":"https:\/\/www.krafthand.de\/truck\/#\/schema\/person\/51fa80b1c57034c4bf63f9f988fc24ce","name":"georg.blenk@krafthand-medien.de","image":{"@type":"ImageObject","inLanguage":"de","@id":"https:\/\/secure.gravatar.com\/avatar\/93713c30affe0aa95d3a4130e499bb1abee2eb31adbdd9ce2aa1543538490215?s=96&d=mm&r=g","url":"https:\/\/secure.gravatar.com\/avatar\/93713c30affe0aa95d3a4130e499bb1abee2eb31adbdd9ce2aa1543538490215?s=96&d=mm&r=g","contentUrl":"https:\/\/secure.gravatar.com\/avatar\/93713c30affe0aa95d3a4130e499bb1abee2eb31adbdd9ce2aa1543538490215?s=96&d=mm&r=g","caption":"georg.blenk@krafthand-medien.de"}}]}},"_links":{"self":[{"href":"https:\/\/www.krafthand.de\/truck\/wp-json\/wp\/v2\/posts\/43802","targetHints":{"allow":["GET"]}}],"collection":[{"href":"https:\/\/www.krafthand.de\/truck\/wp-json\/wp\/v2\/posts"}],"about":[{"href":"https:\/\/www.krafthand.de\/truck\/wp-json\/wp\/v2\/types\/post"}],"author":[{"embeddable":true,"href":"https:\/\/www.krafthand.de\/truck\/wp-json\/wp\/v2\/users\/9"}],"replies":[{"embeddable":true,"href":"https:\/\/www.krafthand.de\/truck\/wp-json\/wp\/v2\/comments?post=43802"}],"version-history":[{"count":5,"href":"https:\/\/www.krafthand.de\/truck\/wp-json\/wp\/v2\/posts\/43802\/revisions"}],"predecessor-version":[{"id":43808,"href":"https:\/\/www.krafthand.de\/truck\/wp-json\/wp\/v2\/posts\/43802\/revisions\/43808"}],"wp:featuredmedia":[{"embeddable":true,"href":"https:\/\/www.krafthand.de\/truck\/wp-json\/wp\/v2\/media\/43807"}],"wp:attachment":[{"href":"https:\/\/www.krafthand.de\/truck\/wp-json\/wp\/v2\/media?parent=43802"}],"wp:term":[{"taxonomy":"category","embeddable":true,"href":"https:\/\/www.krafthand.de\/truck\/wp-json\/wp\/v2\/categories?post=43802"},{"taxonomy":"post_tag","embeddable":true,"href":"https:\/\/www.krafthand.de\/truck\/wp-json\/wp\/v2\/tags?post=43802"},{"taxonomy":"settings","embeddable":true,"href":"https:\/\/www.krafthand.de\/truck\/wp-json\/wp\/v2\/settings?post=43802"}],"curies":[{"name":"wp","href":"https:\/\/api.w.org\/{rel}","templated":true}]}}