{"id":43728,"date":"2025-08-27T13:06:59","date_gmt":"2025-08-27T11:06:59","guid":{"rendered":"https:\/\/www.krafthand.de\/truck\/?p=43728"},"modified":"2025-08-27T13:09:44","modified_gmt":"2025-08-27T11:09:44","slug":"richard-bizzant-ist-neuer-marketing-direktor-lkw-und-bus-bei-hankook","status":"publish","type":"post","link":"https:\/\/www.krafthand.de\/truck\/artikel\/richard-bizzant-ist-neuer-marketing-direktor-lkw-und-bus-bei-hankook-43728\/","title":{"rendered":"Richard Bezzant ist neuer Marketing-Direktor Lkw und Bus bei Hankook"},"content":{"rendered":"<p>Richard Bezzant ist seit dem 1. August neuer Marketing Direktor Lkw und Bus bei der <a href=\"https:\/\/www.hankooktire.com\/de\/de\/tirelist\/vehicle\/truck-and-bus.html\" target=\"_blank\" rel=\"noopener\">Hankook Tire Europe GmbH<\/a>. Der geb\u00fcrtige Brite startete seine Laufbahn in der Reifenbranche 2003 in Gro\u00dfbritannien, wo er sich von Beginn an mit den Herausforderungen im Reifengesch\u00e4ft f\u00fcr Busse und Lkw befasste. Neben seinen Aktivit\u00e4ten im Vereinigten K\u00f6nigreich \u00fcbernahm er \u00fcber f\u00fcnf Jahre auch leitende Positionen in Frankreich, bevor er als Marketing Direktor UK und Irland die Verantwortung f\u00fcr das gesamte Marketing in verschiedenen Gesch\u00e4ftsbereichen \u00fcbernahm.<\/p>\n<blockquote><p>\u201eMein Ziel ist es, Wachstumschancen f\u00fcr Hankook im europ\u00e4ischen Lkw- und Busgesch\u00e4ft zu unterst\u00fctzen und weiter auszubauen\u201c, so Bezzant.<\/p><\/blockquote>\n<p><em>\u201eMit Richard Bezzant ist es uns gelungen, einen ausgewiesenen Experten f\u00fcr unsere Lkw- und Bus-Marketingaktivit\u00e4ten zu gewinnen\u201c<\/em>, betont Jang Hyuk Moon, Vice President Marketing Department bei Hankook Tire Europe.<em> \u201eMit seiner jahrzehntelangen Erfahrung werden wir unser Gesch\u00e4ft im Nutzfahrzeugbereich konsequent ausweiten und unsere Marktposition in Europa nachhaltig st\u00e4rken.\u201c<\/em><\/p>\n","protected":false},"excerpt":{"rendered":"<p>Richard Bezzant ist seit dem 1. August neuer Marketing Direktor Lkw und Bus bei der Hankook Tire Europe GmbH. Der geb\u00fcrtige Brite startete seine Laufbahn in der Reifenbranche 2003 in Gro\u00dfbritannien, wo er sich von Beginn an mit den Herausforderungen im Reifengesch\u00e4ft f\u00fcr Busse und Lkw befasste. <span class=\"excerpt-more__dots\">&#8230;<\/span> <a class=\"excerpt-more__link\" href=\"https:\/\/www.krafthand.de\/truck\/artikel\/richard-bizzant-ist-neuer-marketing-direktor-lkw-und-bus-bei-hankook-43728\/\" >weiter<\/a><\/p>\n","protected":false},"author":9,"featured_media":43729,"comment_status":"closed","ping_status":"closed","sticky":false,"template":"","format":"standard","meta":{"footnotes":""},"categories":[4238,4227],"tags":[442,299,6312],"settings":[3523],"class_list":["post-43728","post","type-post","status-publish","format-standard","has-post-thumbnail","hentry","category-koepfe","category-rad-reifen-bremse","tag-hankook","tag-lkw-reifen","tag-richard-bizzant"],"yoast_head":"<!-- This site is optimized with the Yoast SEO plugin v27.3 - https:\/\/yoast.com\/product\/yoast-seo-wordpress\/ -->\n<title>Richard Bezzant ist neuer Marketing-Direktor Lkw und Bus bei Hankook - Krafthand-Truck<\/title>\n<meta name=\"description\" content=\"Richard Bezzant ist seit dem 1. August neuer Marketing Direktor Lkw und Bus bei der Hankook Tire Europe GmbH.\" \/>\n<meta name=\"robots\" content=\"index, follow, max-snippet:-1, max-image-preview:large, max-video-preview:-1\" \/>\n<link rel=\"canonical\" href=\"https:\/\/www.krafthand.de\/truck\/artikel\/richard-bizzant-ist-neuer-marketing-direktor-lkw-und-bus-bei-hankook-43728\/\" \/>\n<meta property=\"og:locale\" content=\"de_DE\" \/>\n<meta property=\"og:type\" content=\"article\" \/>\n<meta property=\"og:title\" content=\"Richard Bezzant ist neuer Marketing-Direktor Lkw und Bus bei Hankook - Krafthand-Truck\" \/>\n<meta property=\"og:description\" content=\"Richard Bezzant ist seit dem 1. August neuer Marketing Direktor Lkw und Bus bei der Hankook Tire Europe GmbH.\" \/>\n<meta property=\"og:url\" content=\"https:\/\/www.krafthand-truck.de\/artikel\/richard-bizzant-ist-neuer-marketing-direktor-lkw-und-bus-bei-hankook-43728\/\" \/>\n<meta property=\"og:site_name\" content=\"Krafthand-Truck\" \/>\n<meta property=\"article:published_time\" content=\"2025-08-27T11:06:59+00:00\" \/>\n<meta property=\"article:modified_time\" content=\"2025-08-27T11:09:44+00:00\" \/>\n<meta property=\"og:image\" content=\"https:\/\/static.krafthand-truck.de\/uploads\/2025\/08\/Hankook_Lkw_Reifen_Marketing_Richard_Bezzant.jpg\" \/>\n\t<meta property=\"og:image:width\" content=\"1200\" \/>\n\t<meta property=\"og:image:height\" content=\"818\" \/>\n\t<meta property=\"og:image:type\" content=\"image\/jpeg\" \/>\n<meta name=\"author\" content=\"georg.blenk@krafthand-medien.de\" \/>\n<meta name=\"twitter:card\" content=\"summary_large_image\" \/>\n<meta name=\"twitter:label1\" content=\"Verfasst von\" \/>\n\t<meta name=\"twitter:data1\" content=\"georg.blenk@krafthand-medien.de\" \/>\n\t<meta name=\"twitter:label2\" content=\"Gesch\u00e4tzte Lesezeit\" \/>\n\t<meta name=\"twitter:data2\" content=\"1\u00a0Minute\" \/>\n<script type=\"application\/ld+json\" class=\"yoast-schema-graph\">{\"@context\":\"https:\\\/\\\/schema.org\",\"@graph\":[{\"@type\":\"Article\",\"@id\":\"https:\\\/\\\/www.krafthand.de\\\/truck\\\/artikel\\\/richard-bizzant-ist-neuer-marketing-direktor-lkw-und-bus-bei-hankook-43728\\\/#article\",\"isPartOf\":{\"@id\":\"https:\\\/\\\/www.krafthand.de\\\/truck\\\/artikel\\\/richard-bizzant-ist-neuer-marketing-direktor-lkw-und-bus-bei-hankook-43728\\\/\"},\"author\":{\"name\":\"georg.blenk@krafthand-medien.de\",\"@id\":\"https:\\\/\\\/www.krafthand.de\\\/truck\\\/#\\\/schema\\\/person\\\/51fa80b1c57034c4bf63f9f988fc24ce\"},\"headline\":\"Richard Bezzant ist neuer Marketing-Direktor Lkw und Bus bei Hankook\",\"datePublished\":\"2025-08-27T11:06:59+00:00\",\"dateModified\":\"2025-08-27T11:09:44+00:00\",\"mainEntityOfPage\":{\"@id\":\"https:\\\/\\\/www.krafthand.de\\\/truck\\\/artikel\\\/richard-bizzant-ist-neuer-marketing-direktor-lkw-und-bus-bei-hankook-43728\\\/\"},\"wordCount\":173,\"image\":{\"@id\":\"https:\\\/\\\/www.krafthand.de\\\/truck\\\/artikel\\\/richard-bizzant-ist-neuer-marketing-direktor-lkw-und-bus-bei-hankook-43728\\\/#primaryimage\"},\"thumbnailUrl\":\"https:\\\/\\\/static.krafthand-truck.de\\\/uploads\\\/2025\\\/08\\\/Hankook_Lkw_Reifen_Marketing_Richard_Bezzant.jpg\",\"keywords\":[\"Hankook\",\"Lkw-Reifen\",\"Richard Bizzant\"],\"articleSection\":[\"K\u00f6pfe\\\/Personen\",\"Rad\\\/Reifen\\\/Bremse\"],\"inLanguage\":\"de\"},{\"@type\":\"WebPage\",\"@id\":\"https:\\\/\\\/www.krafthand.de\\\/truck\\\/artikel\\\/richard-bizzant-ist-neuer-marketing-direktor-lkw-und-bus-bei-hankook-43728\\\/\",\"url\":\"https:\\\/\\\/www.krafthand.de\\\/truck\\\/artikel\\\/richard-bizzant-ist-neuer-marketing-direktor-lkw-und-bus-bei-hankook-43728\\\/\",\"name\":\"Richard Bezzant ist neuer Marketing-Direktor Lkw und Bus bei Hankook - Krafthand-Truck\",\"isPartOf\":{\"@id\":\"https:\\\/\\\/www.krafthand.de\\\/truck\\\/#website\"},\"primaryImageOfPage\":{\"@id\":\"https:\\\/\\\/www.krafthand.de\\\/truck\\\/artikel\\\/richard-bizzant-ist-neuer-marketing-direktor-lkw-und-bus-bei-hankook-43728\\\/#primaryimage\"},\"image\":{\"@id\":\"https:\\\/\\\/www.krafthand.de\\\/truck\\\/artikel\\\/richard-bizzant-ist-neuer-marketing-direktor-lkw-und-bus-bei-hankook-43728\\\/#primaryimage\"},\"thumbnailUrl\":\"https:\\\/\\\/static.krafthand-truck.de\\\/uploads\\\/2025\\\/08\\\/Hankook_Lkw_Reifen_Marketing_Richard_Bezzant.jpg\",\"datePublished\":\"2025-08-27T11:06:59+00:00\",\"dateModified\":\"2025-08-27T11:09:44+00:00\",\"author\":{\"@id\":\"https:\\\/\\\/www.krafthand.de\\\/truck\\\/#\\\/schema\\\/person\\\/51fa80b1c57034c4bf63f9f988fc24ce\"},\"description\":\"Richard Bezzant ist seit dem 1. August neuer Marketing Direktor Lkw und Bus bei der Hankook Tire Europe GmbH.\",\"breadcrumb\":{\"@id\":\"https:\\\/\\\/www.krafthand.de\\\/truck\\\/artikel\\\/richard-bizzant-ist-neuer-marketing-direktor-lkw-und-bus-bei-hankook-43728\\\/#breadcrumb\"},\"inLanguage\":\"de\",\"potentialAction\":[{\"@type\":\"ReadAction\",\"target\":[\"https:\\\/\\\/www.krafthand.de\\\/truck\\\/artikel\\\/richard-bizzant-ist-neuer-marketing-direktor-lkw-und-bus-bei-hankook-43728\\\/\"]}]},{\"@type\":\"ImageObject\",\"inLanguage\":\"de\",\"@id\":\"https:\\\/\\\/www.krafthand.de\\\/truck\\\/artikel\\\/richard-bizzant-ist-neuer-marketing-direktor-lkw-und-bus-bei-hankook-43728\\\/#primaryimage\",\"url\":\"https:\\\/\\\/static.krafthand-truck.de\\\/uploads\\\/2025\\\/08\\\/Hankook_Lkw_Reifen_Marketing_Richard_Bezzant.jpg\",\"contentUrl\":\"https:\\\/\\\/static.krafthand-truck.de\\\/uploads\\\/2025\\\/08\\\/Hankook_Lkw_Reifen_Marketing_Richard_Bezzant.jpg\",\"width\":1200,\"height\":818},{\"@type\":\"BreadcrumbList\",\"@id\":\"https:\\\/\\\/www.krafthand.de\\\/truck\\\/artikel\\\/richard-bizzant-ist-neuer-marketing-direktor-lkw-und-bus-bei-hankook-43728\\\/#breadcrumb\",\"itemListElement\":[{\"@type\":\"ListItem\",\"position\":1,\"name\":\"Krafthand-Truck\",\"item\":\"https:\\\/\\\/www.krafthand.de\\\/truck\\\/\"},{\"@type\":\"ListItem\",\"position\":2,\"name\":\"Nfz-Branche\",\"item\":\"https:\\\/\\\/www.krafthand.de\\\/truck\\\/kategorie\\\/branche\\\/\"},{\"@type\":\"ListItem\",\"position\":3,\"name\":\"K\u00f6pfe\\\/Personen\",\"item\":\"https:\\\/\\\/www.krafthand.de\\\/truck\\\/kategorie\\\/branche\\\/koepfe\\\/\"},{\"@type\":\"ListItem\",\"position\":4,\"name\":\"Richard Bezzant ist neuer Marketing-Direktor Lkw und Bus bei Hankook\"}]},{\"@type\":\"WebSite\",\"@id\":\"https:\\\/\\\/www.krafthand.de\\\/truck\\\/#website\",\"url\":\"https:\\\/\\\/www.krafthand.de\\\/truck\\\/\",\"name\":\"Krafthand-Truck\",\"description\":\"\",\"potentialAction\":[{\"@type\":\"SearchAction\",\"target\":{\"@type\":\"EntryPoint\",\"urlTemplate\":\"https:\\\/\\\/www.krafthand.de\\\/truck\\\/?s={search_term_string}\"},\"query-input\":{\"@type\":\"PropertyValueSpecification\",\"valueRequired\":true,\"valueName\":\"search_term_string\"}}],\"inLanguage\":\"de\"},{\"@type\":\"Person\",\"@id\":\"https:\\\/\\\/www.krafthand.de\\\/truck\\\/#\\\/schema\\\/person\\\/51fa80b1c57034c4bf63f9f988fc24ce\",\"name\":\"georg.blenk@krafthand-medien.de\",\"image\":{\"@type\":\"ImageObject\",\"inLanguage\":\"de\",\"@id\":\"https:\\\/\\\/secure.gravatar.com\\\/avatar\\\/93713c30affe0aa95d3a4130e499bb1abee2eb31adbdd9ce2aa1543538490215?s=96&d=mm&r=g\",\"url\":\"https:\\\/\\\/secure.gravatar.com\\\/avatar\\\/93713c30affe0aa95d3a4130e499bb1abee2eb31adbdd9ce2aa1543538490215?s=96&d=mm&r=g\",\"contentUrl\":\"https:\\\/\\\/secure.gravatar.com\\\/avatar\\\/93713c30affe0aa95d3a4130e499bb1abee2eb31adbdd9ce2aa1543538490215?s=96&d=mm&r=g\",\"caption\":\"georg.blenk@krafthand-medien.de\"}}]}<\/script>\n<!-- \/ Yoast SEO plugin. -->","yoast_head_json":{"title":"Richard Bezzant ist neuer Marketing-Direktor Lkw und Bus bei Hankook - Krafthand-Truck","description":"Richard Bezzant ist seit dem 1. August neuer Marketing Direktor Lkw und Bus bei der Hankook Tire Europe GmbH.","robots":{"index":"index","follow":"follow","max-snippet":"max-snippet:-1","max-image-preview":"max-image-preview:large","max-video-preview":"max-video-preview:-1"},"canonical":"https:\/\/www.krafthand.de\/truck\/artikel\/richard-bizzant-ist-neuer-marketing-direktor-lkw-und-bus-bei-hankook-43728\/","og_locale":"de_DE","og_type":"article","og_title":"Richard Bezzant ist neuer Marketing-Direktor Lkw und Bus bei Hankook - Krafthand-Truck","og_description":"Richard Bezzant ist seit dem 1. August neuer Marketing Direktor Lkw und Bus bei der Hankook Tire Europe GmbH.","og_url":"https:\/\/www.krafthand-truck.de\/artikel\/richard-bizzant-ist-neuer-marketing-direktor-lkw-und-bus-bei-hankook-43728\/","og_site_name":"Krafthand-Truck","article_published_time":"2025-08-27T11:06:59+00:00","article_modified_time":"2025-08-27T11:09:44+00:00","og_image":[{"width":1200,"height":818,"url":"https:\/\/static.krafthand-truck.de\/uploads\/2025\/08\/Hankook_Lkw_Reifen_Marketing_Richard_Bezzant.jpg","type":"image\/jpeg"}],"author":"georg.blenk@krafthand-medien.de","twitter_card":"summary_large_image","twitter_misc":{"Verfasst von":"georg.blenk@krafthand-medien.de","Gesch\u00e4tzte Lesezeit":"1\u00a0Minute"},"schema":{"@context":"https:\/\/schema.org","@graph":[{"@type":"Article","@id":"https:\/\/www.krafthand.de\/truck\/artikel\/richard-bizzant-ist-neuer-marketing-direktor-lkw-und-bus-bei-hankook-43728\/#article","isPartOf":{"@id":"https:\/\/www.krafthand.de\/truck\/artikel\/richard-bizzant-ist-neuer-marketing-direktor-lkw-und-bus-bei-hankook-43728\/"},"author":{"name":"georg.blenk@krafthand-medien.de","@id":"https:\/\/www.krafthand.de\/truck\/#\/schema\/person\/51fa80b1c57034c4bf63f9f988fc24ce"},"headline":"Richard Bezzant ist neuer Marketing-Direktor Lkw und Bus bei Hankook","datePublished":"2025-08-27T11:06:59+00:00","dateModified":"2025-08-27T11:09:44+00:00","mainEntityOfPage":{"@id":"https:\/\/www.krafthand.de\/truck\/artikel\/richard-bizzant-ist-neuer-marketing-direktor-lkw-und-bus-bei-hankook-43728\/"},"wordCount":173,"image":{"@id":"https:\/\/www.krafthand.de\/truck\/artikel\/richard-bizzant-ist-neuer-marketing-direktor-lkw-und-bus-bei-hankook-43728\/#primaryimage"},"thumbnailUrl":"https:\/\/static.krafthand-truck.de\/uploads\/2025\/08\/Hankook_Lkw_Reifen_Marketing_Richard_Bezzant.jpg","keywords":["Hankook","Lkw-Reifen","Richard Bizzant"],"articleSection":["K\u00f6pfe\/Personen","Rad\/Reifen\/Bremse"],"inLanguage":"de"},{"@type":"WebPage","@id":"https:\/\/www.krafthand.de\/truck\/artikel\/richard-bizzant-ist-neuer-marketing-direktor-lkw-und-bus-bei-hankook-43728\/","url":"https:\/\/www.krafthand.de\/truck\/artikel\/richard-bizzant-ist-neuer-marketing-direktor-lkw-und-bus-bei-hankook-43728\/","name":"Richard Bezzant ist neuer Marketing-Direktor Lkw und Bus bei Hankook - Krafthand-Truck","isPartOf":{"@id":"https:\/\/www.krafthand.de\/truck\/#website"},"primaryImageOfPage":{"@id":"https:\/\/www.krafthand.de\/truck\/artikel\/richard-bizzant-ist-neuer-marketing-direktor-lkw-und-bus-bei-hankook-43728\/#primaryimage"},"image":{"@id":"https:\/\/www.krafthand.de\/truck\/artikel\/richard-bizzant-ist-neuer-marketing-direktor-lkw-und-bus-bei-hankook-43728\/#primaryimage"},"thumbnailUrl":"https:\/\/static.krafthand-truck.de\/uploads\/2025\/08\/Hankook_Lkw_Reifen_Marketing_Richard_Bezzant.jpg","datePublished":"2025-08-27T11:06:59+00:00","dateModified":"2025-08-27T11:09:44+00:00","author":{"@id":"https:\/\/www.krafthand.de\/truck\/#\/schema\/person\/51fa80b1c57034c4bf63f9f988fc24ce"},"description":"Richard Bezzant ist seit dem 1. August neuer Marketing Direktor Lkw und Bus bei der Hankook Tire Europe GmbH.","breadcrumb":{"@id":"https:\/\/www.krafthand.de\/truck\/artikel\/richard-bizzant-ist-neuer-marketing-direktor-lkw-und-bus-bei-hankook-43728\/#breadcrumb"},"inLanguage":"de","potentialAction":[{"@type":"ReadAction","target":["https:\/\/www.krafthand.de\/truck\/artikel\/richard-bizzant-ist-neuer-marketing-direktor-lkw-und-bus-bei-hankook-43728\/"]}]},{"@type":"ImageObject","inLanguage":"de","@id":"https:\/\/www.krafthand.de\/truck\/artikel\/richard-bizzant-ist-neuer-marketing-direktor-lkw-und-bus-bei-hankook-43728\/#primaryimage","url":"https:\/\/static.krafthand-truck.de\/uploads\/2025\/08\/Hankook_Lkw_Reifen_Marketing_Richard_Bezzant.jpg","contentUrl":"https:\/\/static.krafthand-truck.de\/uploads\/2025\/08\/Hankook_Lkw_Reifen_Marketing_Richard_Bezzant.jpg","width":1200,"height":818},{"@type":"BreadcrumbList","@id":"https:\/\/www.krafthand.de\/truck\/artikel\/richard-bizzant-ist-neuer-marketing-direktor-lkw-und-bus-bei-hankook-43728\/#breadcrumb","itemListElement":[{"@type":"ListItem","position":1,"name":"Krafthand-Truck","item":"https:\/\/www.krafthand.de\/truck\/"},{"@type":"ListItem","position":2,"name":"Nfz-Branche","item":"https:\/\/www.krafthand.de\/truck\/kategorie\/branche\/"},{"@type":"ListItem","position":3,"name":"K\u00f6pfe\/Personen","item":"https:\/\/www.krafthand.de\/truck\/kategorie\/branche\/koepfe\/"},{"@type":"ListItem","position":4,"name":"Richard Bezzant ist neuer Marketing-Direktor Lkw und Bus bei Hankook"}]},{"@type":"WebSite","@id":"https:\/\/www.krafthand.de\/truck\/#website","url":"https:\/\/www.krafthand.de\/truck\/","name":"Krafthand-Truck","description":"","potentialAction":[{"@type":"SearchAction","target":{"@type":"EntryPoint","urlTemplate":"https:\/\/www.krafthand.de\/truck\/?s={search_term_string}"},"query-input":{"@type":"PropertyValueSpecification","valueRequired":true,"valueName":"search_term_string"}}],"inLanguage":"de"},{"@type":"Person","@id":"https:\/\/www.krafthand.de\/truck\/#\/schema\/person\/51fa80b1c57034c4bf63f9f988fc24ce","name":"georg.blenk@krafthand-medien.de","image":{"@type":"ImageObject","inLanguage":"de","@id":"https:\/\/secure.gravatar.com\/avatar\/93713c30affe0aa95d3a4130e499bb1abee2eb31adbdd9ce2aa1543538490215?s=96&d=mm&r=g","url":"https:\/\/secure.gravatar.com\/avatar\/93713c30affe0aa95d3a4130e499bb1abee2eb31adbdd9ce2aa1543538490215?s=96&d=mm&r=g","contentUrl":"https:\/\/secure.gravatar.com\/avatar\/93713c30affe0aa95d3a4130e499bb1abee2eb31adbdd9ce2aa1543538490215?s=96&d=mm&r=g","caption":"georg.blenk@krafthand-medien.de"}}]}},"_links":{"self":[{"href":"https:\/\/www.krafthand.de\/truck\/wp-json\/wp\/v2\/posts\/43728","targetHints":{"allow":["GET"]}}],"collection":[{"href":"https:\/\/www.krafthand.de\/truck\/wp-json\/wp\/v2\/posts"}],"about":[{"href":"https:\/\/www.krafthand.de\/truck\/wp-json\/wp\/v2\/types\/post"}],"author":[{"embeddable":true,"href":"https:\/\/www.krafthand.de\/truck\/wp-json\/wp\/v2\/users\/9"}],"replies":[{"embeddable":true,"href":"https:\/\/www.krafthand.de\/truck\/wp-json\/wp\/v2\/comments?post=43728"}],"version-history":[{"count":5,"href":"https:\/\/www.krafthand.de\/truck\/wp-json\/wp\/v2\/posts\/43728\/revisions"}],"predecessor-version":[{"id":43734,"href":"https:\/\/www.krafthand.de\/truck\/wp-json\/wp\/v2\/posts\/43728\/revisions\/43734"}],"wp:featuredmedia":[{"embeddable":true,"href":"https:\/\/www.krafthand.de\/truck\/wp-json\/wp\/v2\/media\/43729"}],"wp:attachment":[{"href":"https:\/\/www.krafthand.de\/truck\/wp-json\/wp\/v2\/media?parent=43728"}],"wp:term":[{"taxonomy":"category","embeddable":true,"href":"https:\/\/www.krafthand.de\/truck\/wp-json\/wp\/v2\/categories?post=43728"},{"taxonomy":"post_tag","embeddable":true,"href":"https:\/\/www.krafthand.de\/truck\/wp-json\/wp\/v2\/tags?post=43728"},{"taxonomy":"settings","embeddable":true,"href":"https:\/\/www.krafthand.de\/truck\/wp-json\/wp\/v2\/settings?post=43728"}],"curies":[{"name":"wp","href":"https:\/\/api.w.org\/{rel}","templated":true}]}}