{"id":43723,"date":"2025-08-26T08:34:05","date_gmt":"2025-08-26T06:34:05","guid":{"rendered":"https:\/\/www.krafthand.de\/truck\/?p=43723"},"modified":"2025-08-31T11:04:10","modified_gmt":"2025-08-31T09:04:10","slug":"die-tip-group-auf-der-nufam","status":"publish","type":"post","link":"https:\/\/www.krafthand.de\/truck\/artikel\/die-tip-group-auf-der-nufam-43723\/","title":{"rendered":"Die TIP Group auf der NUFAM"},"content":{"rendered":"<p>Der Serviceanbieter TIP pr\u00e4sentiert sein Portfolio auf der Nutzfahrzeugmesse NUFAM in Karlsruhe. Die Messe findet vom 25. bis 28. September auf dem Messegel\u00e4nde statt. Dabei legt das Unternehmen den Fokus auf nachhaltige Flottenl\u00f6sungen. Mit Mietkonzepten f\u00fcr elektrische Sattelzugmaschinen und einem eigenen Wiederaufbereitungs-Angebot f\u00fcr Auflieger m\u00f6chte TIP eine Vorreiterrolle in der Branche einnehmen.<\/p>\n<p>Die Aufarbeitung von Aufliegern bietet TIP in seinen eigenen Werkst\u00e4tten in ganz Europa an. Durch die Verl\u00e4ngerung der Nutzungsdauer von Transportmitteln werden laut TIP nicht nur Ressourcen geschont und CO2-Emissionen reduziert, sondern auch wirtschaftliche Vorteile erzielt.<\/p>\n<p>Ein zentrales Element der Nachhaltigkeitsstrategie ist auch der Ausbau der Elektro-Flotte im Schwerlastbereich. Zugmaschinen verschiedener Hersteller sind in den Ausf\u00fchrungen Standard, Low-Deck und BDF verf\u00fcgbar.<\/p>\n<p>TIP treibt zudem den Einsatz moderner e-Reefer-L\u00f6sungen voran. Die Fahrzeuge verf\u00fcgen \u00fcber eine Pufferbatterie, eine Rekuperations-Achse sowie Solarmodule. Der elektrische K\u00fchlauflieger verdeutlicht das Potenzial emissionsfreier Technologien im Logistiksektor und unterstreicht das Engagement von TIP f\u00fcr eine klimafreundliche Zukunft.<\/p>\n<p>Letztendlich sei das Ziel, den CO2-Aussto\u00df im Transportwesen signifikant zu reduzieren und gleichzeitig die Innovationskraft der Branche zu f\u00f6rdern.<\/p>\n<p><a href=\"https:\/\/www.tip-group.com\/de\" target=\"_blank\" rel=\"noopener\">TIP Trailer Services<\/a> ist auf der <a href=\"https:\/\/www.nufam.de\/de\/\" target=\"_blank\" rel=\"noopener\">NUFAM<\/a> in <strong>Halle 2, Stand A 211<\/strong> zu finden.<\/p>\n<p><i>Den Beitrag finden Sie auch in der Print-Ausgabe 3-2025 der <a href=\"https:\/\/www.krafthand.de\/truck\/magazin\/\" title=\"Zum Magazin\">Krafthand-Truck<\/a>.<\/i><\/p>","protected":false},"excerpt":{"rendered":"<p>Der Serviceanbieter TIP pr\u00e4sentiert sein Portfolio auf der Nutzfahrzeugmesse NUFAM in Karlsruhe. Die Messe findet vom 25. bis 28. September auf dem Messegel\u00e4nde statt. Dabei legt das Unternehmen den Fokus auf nachhaltige Flottenl\u00f6sungen. <span class=\"excerpt-more__dots\">&#8230;<\/span> <a class=\"excerpt-more__link\" href=\"https:\/\/www.krafthand.de\/truck\/artikel\/die-tip-group-auf-der-nufam-43723\/\" >weiter<\/a><\/p>\n","protected":false},"author":11,"featured_media":43724,"comment_status":"closed","ping_status":"closed","sticky":false,"template":"","format":"standard","meta":{"footnotes":""},"categories":[4230,4236],"tags":[6311,5083],"settings":[],"class_list":["post-43723","post","type-post","status-publish","format-standard","has-post-thumbnail","hentry","category-fuhrpark","category-veranstaltungen","tag-nufam-2025","tag-tip-trailer-service"],"yoast_head":"<!-- This site is optimized with the Yoast SEO plugin v27.3 - https:\/\/yoast.com\/product\/yoast-seo-wordpress\/ -->\n<title>Die TIP Group auf der NUFAM - Krafthand-Truck<\/title>\n<meta name=\"robots\" content=\"index, follow, max-snippet:-1, max-image-preview:large, max-video-preview:-1\" \/>\n<link rel=\"canonical\" href=\"https:\/\/www.krafthand.de\/truck\/artikel\/die-tip-group-auf-der-nufam-43723\/\" \/>\n<meta property=\"og:locale\" content=\"de_DE\" \/>\n<meta property=\"og:type\" content=\"article\" \/>\n<meta property=\"og:title\" content=\"Die TIP Group auf der NUFAM - Krafthand-Truck\" \/>\n<meta property=\"og:description\" content=\"Der Serviceanbieter TIP pr\u00e4sentiert sein Portfolio auf der Nutzfahrzeugmesse NUFAM in Karlsruhe. Die Messe findet vom 25. bis 28. September auf dem Messegel\u00e4nde statt. Dabei legt das Unternehmen den Fokus auf nachhaltige Flottenl\u00f6sungen. ... weiter\" \/>\n<meta property=\"og:url\" content=\"https:\/\/www.krafthand-truck.de\/artikel\/die-tip-group-auf-der-nufam-43723\/\" \/>\n<meta property=\"og:site_name\" content=\"Krafthand-Truck\" \/>\n<meta property=\"article:published_time\" content=\"2025-08-26T06:34:05+00:00\" \/>\n<meta property=\"article:modified_time\" content=\"2025-08-31T09:04:10+00:00\" \/>\n<meta property=\"og:image\" content=\"https:\/\/static.krafthand-truck.de\/uploads\/2025\/08\/03_2025_024.jpg\" \/>\n\t<meta property=\"og:image:width\" content=\"1400\" \/>\n\t<meta property=\"og:image:height\" content=\"839\" \/>\n\t<meta property=\"og:image:type\" content=\"image\/jpeg\" \/>\n<meta name=\"author\" content=\"Redaktion Truck\" \/>\n<meta name=\"twitter:card\" content=\"summary_large_image\" \/>\n<meta name=\"twitter:label1\" content=\"Verfasst von\" \/>\n\t<meta name=\"twitter:data1\" content=\"Redaktion Truck\" \/>\n\t<meta name=\"twitter:label2\" content=\"Gesch\u00e4tzte Lesezeit\" \/>\n\t<meta name=\"twitter:data2\" content=\"2\u00a0Minuten\" \/>\n<script type=\"application\/ld+json\" class=\"yoast-schema-graph\">{\"@context\":\"https:\\\/\\\/schema.org\",\"@graph\":[{\"@type\":\"Article\",\"@id\":\"https:\\\/\\\/www.krafthand.de\\\/truck\\\/artikel\\\/die-tip-group-auf-der-nufam-43723\\\/#article\",\"isPartOf\":{\"@id\":\"https:\\\/\\\/www.krafthand.de\\\/truck\\\/artikel\\\/die-tip-group-auf-der-nufam-43723\\\/\"},\"author\":{\"name\":\"Redaktion Truck\",\"@id\":\"https:\\\/\\\/www.krafthand.de\\\/truck\\\/#\\\/schema\\\/person\\\/5e47d727209575a4b89376746e24f02f\"},\"headline\":\"Die TIP Group auf der NUFAM\",\"datePublished\":\"2025-08-26T06:34:05+00:00\",\"dateModified\":\"2025-08-31T09:04:10+00:00\",\"mainEntityOfPage\":{\"@id\":\"https:\\\/\\\/www.krafthand.de\\\/truck\\\/artikel\\\/die-tip-group-auf-der-nufam-43723\\\/\"},\"wordCount\":204,\"image\":{\"@id\":\"https:\\\/\\\/www.krafthand.de\\\/truck\\\/artikel\\\/die-tip-group-auf-der-nufam-43723\\\/#primaryimage\"},\"thumbnailUrl\":\"https:\\\/\\\/static.krafthand-truck.de\\\/uploads\\\/2025\\\/08\\\/03_2025_024.jpg\",\"keywords\":[\"Nufam 2025\",\"TIP Trailer Service\"],\"articleSection\":[\"IT+Fuhrpark\",\"Veranstaltungen\\\/Messen\"],\"inLanguage\":\"de\"},{\"@type\":\"WebPage\",\"@id\":\"https:\\\/\\\/www.krafthand.de\\\/truck\\\/artikel\\\/die-tip-group-auf-der-nufam-43723\\\/\",\"url\":\"https:\\\/\\\/www.krafthand.de\\\/truck\\\/artikel\\\/die-tip-group-auf-der-nufam-43723\\\/\",\"name\":\"Die TIP Group auf der NUFAM - Krafthand-Truck\",\"isPartOf\":{\"@id\":\"https:\\\/\\\/www.krafthand.de\\\/truck\\\/#website\"},\"primaryImageOfPage\":{\"@id\":\"https:\\\/\\\/www.krafthand.de\\\/truck\\\/artikel\\\/die-tip-group-auf-der-nufam-43723\\\/#primaryimage\"},\"image\":{\"@id\":\"https:\\\/\\\/www.krafthand.de\\\/truck\\\/artikel\\\/die-tip-group-auf-der-nufam-43723\\\/#primaryimage\"},\"thumbnailUrl\":\"https:\\\/\\\/static.krafthand-truck.de\\\/uploads\\\/2025\\\/08\\\/03_2025_024.jpg\",\"datePublished\":\"2025-08-26T06:34:05+00:00\",\"dateModified\":\"2025-08-31T09:04:10+00:00\",\"author\":{\"@id\":\"https:\\\/\\\/www.krafthand.de\\\/truck\\\/#\\\/schema\\\/person\\\/5e47d727209575a4b89376746e24f02f\"},\"breadcrumb\":{\"@id\":\"https:\\\/\\\/www.krafthand.de\\\/truck\\\/artikel\\\/die-tip-group-auf-der-nufam-43723\\\/#breadcrumb\"},\"inLanguage\":\"de\",\"potentialAction\":[{\"@type\":\"ReadAction\",\"target\":[\"https:\\\/\\\/www.krafthand.de\\\/truck\\\/artikel\\\/die-tip-group-auf-der-nufam-43723\\\/\"]}]},{\"@type\":\"ImageObject\",\"inLanguage\":\"de\",\"@id\":\"https:\\\/\\\/www.krafthand.de\\\/truck\\\/artikel\\\/die-tip-group-auf-der-nufam-43723\\\/#primaryimage\",\"url\":\"https:\\\/\\\/static.krafthand-truck.de\\\/uploads\\\/2025\\\/08\\\/03_2025_024.jpg\",\"contentUrl\":\"https:\\\/\\\/static.krafthand-truck.de\\\/uploads\\\/2025\\\/08\\\/03_2025_024.jpg\",\"width\":1400,\"height\":839},{\"@type\":\"BreadcrumbList\",\"@id\":\"https:\\\/\\\/www.krafthand.de\\\/truck\\\/artikel\\\/die-tip-group-auf-der-nufam-43723\\\/#breadcrumb\",\"itemListElement\":[{\"@type\":\"ListItem\",\"position\":1,\"name\":\"Krafthand-Truck\",\"item\":\"https:\\\/\\\/www.krafthand.de\\\/truck\\\/\"},{\"@type\":\"ListItem\",\"position\":2,\"name\":\"IT+Fuhrpark\",\"item\":\"https:\\\/\\\/www.krafthand.de\\\/truck\\\/kategorie\\\/fuhrpark\\\/\"},{\"@type\":\"ListItem\",\"position\":3,\"name\":\"Die TIP Group auf der NUFAM\"}]},{\"@type\":\"WebSite\",\"@id\":\"https:\\\/\\\/www.krafthand.de\\\/truck\\\/#website\",\"url\":\"https:\\\/\\\/www.krafthand.de\\\/truck\\\/\",\"name\":\"Krafthand-Truck\",\"description\":\"\",\"potentialAction\":[{\"@type\":\"SearchAction\",\"target\":{\"@type\":\"EntryPoint\",\"urlTemplate\":\"https:\\\/\\\/www.krafthand.de\\\/truck\\\/?s={search_term_string}\"},\"query-input\":{\"@type\":\"PropertyValueSpecification\",\"valueRequired\":true,\"valueName\":\"search_term_string\"}}],\"inLanguage\":\"de\"},{\"@type\":\"Person\",\"@id\":\"https:\\\/\\\/www.krafthand.de\\\/truck\\\/#\\\/schema\\\/person\\\/5e47d727209575a4b89376746e24f02f\",\"name\":\"Redaktion Truck\",\"image\":{\"@type\":\"ImageObject\",\"inLanguage\":\"de\",\"@id\":\"https:\\\/\\\/secure.gravatar.com\\\/avatar\\\/64cedf5d293ad6eb6600c19e949d032ff0090f240174891ab1517d73ead05c87?s=96&d=mm&r=g\",\"url\":\"https:\\\/\\\/secure.gravatar.com\\\/avatar\\\/64cedf5d293ad6eb6600c19e949d032ff0090f240174891ab1517d73ead05c87?s=96&d=mm&r=g\",\"contentUrl\":\"https:\\\/\\\/secure.gravatar.com\\\/avatar\\\/64cedf5d293ad6eb6600c19e949d032ff0090f240174891ab1517d73ead05c87?s=96&d=mm&r=g\",\"caption\":\"Redaktion Truck\"}}]}<\/script>\n<!-- \/ Yoast SEO plugin. -->","yoast_head_json":{"title":"Die TIP Group auf der NUFAM - Krafthand-Truck","robots":{"index":"index","follow":"follow","max-snippet":"max-snippet:-1","max-image-preview":"max-image-preview:large","max-video-preview":"max-video-preview:-1"},"canonical":"https:\/\/www.krafthand.de\/truck\/artikel\/die-tip-group-auf-der-nufam-43723\/","og_locale":"de_DE","og_type":"article","og_title":"Die TIP Group auf der NUFAM - Krafthand-Truck","og_description":"Der Serviceanbieter TIP pr\u00e4sentiert sein Portfolio auf der Nutzfahrzeugmesse NUFAM in Karlsruhe. Die Messe findet vom 25. bis 28. September auf dem Messegel\u00e4nde statt. Dabei legt das Unternehmen den Fokus auf nachhaltige Flottenl\u00f6sungen. ... weiter","og_url":"https:\/\/www.krafthand-truck.de\/artikel\/die-tip-group-auf-der-nufam-43723\/","og_site_name":"Krafthand-Truck","article_published_time":"2025-08-26T06:34:05+00:00","article_modified_time":"2025-08-31T09:04:10+00:00","og_image":[{"width":1400,"height":839,"url":"https:\/\/static.krafthand-truck.de\/uploads\/2025\/08\/03_2025_024.jpg","type":"image\/jpeg"}],"author":"Redaktion Truck","twitter_card":"summary_large_image","twitter_misc":{"Verfasst von":"Redaktion Truck","Gesch\u00e4tzte Lesezeit":"2\u00a0Minuten"},"schema":{"@context":"https:\/\/schema.org","@graph":[{"@type":"Article","@id":"https:\/\/www.krafthand.de\/truck\/artikel\/die-tip-group-auf-der-nufam-43723\/#article","isPartOf":{"@id":"https:\/\/www.krafthand.de\/truck\/artikel\/die-tip-group-auf-der-nufam-43723\/"},"author":{"name":"Redaktion Truck","@id":"https:\/\/www.krafthand.de\/truck\/#\/schema\/person\/5e47d727209575a4b89376746e24f02f"},"headline":"Die TIP Group auf der NUFAM","datePublished":"2025-08-26T06:34:05+00:00","dateModified":"2025-08-31T09:04:10+00:00","mainEntityOfPage":{"@id":"https:\/\/www.krafthand.de\/truck\/artikel\/die-tip-group-auf-der-nufam-43723\/"},"wordCount":204,"image":{"@id":"https:\/\/www.krafthand.de\/truck\/artikel\/die-tip-group-auf-der-nufam-43723\/#primaryimage"},"thumbnailUrl":"https:\/\/static.krafthand-truck.de\/uploads\/2025\/08\/03_2025_024.jpg","keywords":["Nufam 2025","TIP Trailer Service"],"articleSection":["IT+Fuhrpark","Veranstaltungen\/Messen"],"inLanguage":"de"},{"@type":"WebPage","@id":"https:\/\/www.krafthand.de\/truck\/artikel\/die-tip-group-auf-der-nufam-43723\/","url":"https:\/\/www.krafthand.de\/truck\/artikel\/die-tip-group-auf-der-nufam-43723\/","name":"Die TIP Group auf der NUFAM - Krafthand-Truck","isPartOf":{"@id":"https:\/\/www.krafthand.de\/truck\/#website"},"primaryImageOfPage":{"@id":"https:\/\/www.krafthand.de\/truck\/artikel\/die-tip-group-auf-der-nufam-43723\/#primaryimage"},"image":{"@id":"https:\/\/www.krafthand.de\/truck\/artikel\/die-tip-group-auf-der-nufam-43723\/#primaryimage"},"thumbnailUrl":"https:\/\/static.krafthand-truck.de\/uploads\/2025\/08\/03_2025_024.jpg","datePublished":"2025-08-26T06:34:05+00:00","dateModified":"2025-08-31T09:04:10+00:00","author":{"@id":"https:\/\/www.krafthand.de\/truck\/#\/schema\/person\/5e47d727209575a4b89376746e24f02f"},"breadcrumb":{"@id":"https:\/\/www.krafthand.de\/truck\/artikel\/die-tip-group-auf-der-nufam-43723\/#breadcrumb"},"inLanguage":"de","potentialAction":[{"@type":"ReadAction","target":["https:\/\/www.krafthand.de\/truck\/artikel\/die-tip-group-auf-der-nufam-43723\/"]}]},{"@type":"ImageObject","inLanguage":"de","@id":"https:\/\/www.krafthand.de\/truck\/artikel\/die-tip-group-auf-der-nufam-43723\/#primaryimage","url":"https:\/\/static.krafthand-truck.de\/uploads\/2025\/08\/03_2025_024.jpg","contentUrl":"https:\/\/static.krafthand-truck.de\/uploads\/2025\/08\/03_2025_024.jpg","width":1400,"height":839},{"@type":"BreadcrumbList","@id":"https:\/\/www.krafthand.de\/truck\/artikel\/die-tip-group-auf-der-nufam-43723\/#breadcrumb","itemListElement":[{"@type":"ListItem","position":1,"name":"Krafthand-Truck","item":"https:\/\/www.krafthand.de\/truck\/"},{"@type":"ListItem","position":2,"name":"IT+Fuhrpark","item":"https:\/\/www.krafthand.de\/truck\/kategorie\/fuhrpark\/"},{"@type":"ListItem","position":3,"name":"Die TIP Group auf der NUFAM"}]},{"@type":"WebSite","@id":"https:\/\/www.krafthand.de\/truck\/#website","url":"https:\/\/www.krafthand.de\/truck\/","name":"Krafthand-Truck","description":"","potentialAction":[{"@type":"SearchAction","target":{"@type":"EntryPoint","urlTemplate":"https:\/\/www.krafthand.de\/truck\/?s={search_term_string}"},"query-input":{"@type":"PropertyValueSpecification","valueRequired":true,"valueName":"search_term_string"}}],"inLanguage":"de"},{"@type":"Person","@id":"https:\/\/www.krafthand.de\/truck\/#\/schema\/person\/5e47d727209575a4b89376746e24f02f","name":"Redaktion Truck","image":{"@type":"ImageObject","inLanguage":"de","@id":"https:\/\/secure.gravatar.com\/avatar\/64cedf5d293ad6eb6600c19e949d032ff0090f240174891ab1517d73ead05c87?s=96&d=mm&r=g","url":"https:\/\/secure.gravatar.com\/avatar\/64cedf5d293ad6eb6600c19e949d032ff0090f240174891ab1517d73ead05c87?s=96&d=mm&r=g","contentUrl":"https:\/\/secure.gravatar.com\/avatar\/64cedf5d293ad6eb6600c19e949d032ff0090f240174891ab1517d73ead05c87?s=96&d=mm&r=g","caption":"Redaktion Truck"}}]}},"_links":{"self":[{"href":"https:\/\/www.krafthand.de\/truck\/wp-json\/wp\/v2\/posts\/43723","targetHints":{"allow":["GET"]}}],"collection":[{"href":"https:\/\/www.krafthand.de\/truck\/wp-json\/wp\/v2\/posts"}],"about":[{"href":"https:\/\/www.krafthand.de\/truck\/wp-json\/wp\/v2\/types\/post"}],"author":[{"embeddable":true,"href":"https:\/\/www.krafthand.de\/truck\/wp-json\/wp\/v2\/users\/11"}],"replies":[{"embeddable":true,"href":"https:\/\/www.krafthand.de\/truck\/wp-json\/wp\/v2\/comments?post=43723"}],"version-history":[{"count":3,"href":"https:\/\/www.krafthand.de\/truck\/wp-json\/wp\/v2\/posts\/43723\/revisions"}],"predecessor-version":[{"id":43727,"href":"https:\/\/www.krafthand.de\/truck\/wp-json\/wp\/v2\/posts\/43723\/revisions\/43727"}],"wp:featuredmedia":[{"embeddable":true,"href":"https:\/\/www.krafthand.de\/truck\/wp-json\/wp\/v2\/media\/43724"}],"wp:attachment":[{"href":"https:\/\/www.krafthand.de\/truck\/wp-json\/wp\/v2\/media?parent=43723"}],"wp:term":[{"taxonomy":"category","embeddable":true,"href":"https:\/\/www.krafthand.de\/truck\/wp-json\/wp\/v2\/categories?post=43723"},{"taxonomy":"post_tag","embeddable":true,"href":"https:\/\/www.krafthand.de\/truck\/wp-json\/wp\/v2\/tags?post=43723"},{"taxonomy":"settings","embeddable":true,"href":"https:\/\/www.krafthand.de\/truck\/wp-json\/wp\/v2\/settings?post=43723"}],"curies":[{"name":"wp","href":"https:\/\/api.w.org\/{rel}","templated":true}]}}