{"id":43452,"date":"2025-07-22T16:57:43","date_gmt":"2025-07-22T14:57:43","guid":{"rendered":"https:\/\/www.krafthand.de\/truck\/?p=43452"},"modified":"2025-08-17T14:26:14","modified_gmt":"2025-08-17T12:26:14","slug":"smart-charging-cube-depotladen-einfach-gemacht","status":"publish","type":"post","link":"https:\/\/www.krafthand.de\/truck\/artikel\/smart-charging-cube-depotladen-einfach-gemacht-43452\/","title":{"rendered":"Smart-Charging-Cube: Depotladen einfach gemacht"},"content":{"rendered":"<p>MAN Truck &amp; Bus hat eine neue M\u00f6glichkeit f\u00fcr seine Kunden, ihre elektrisch angetriebenen Trucks und Busse zu laden, vorgestellt. Der sogenannte &#8218;Smart-Charging-Cube&#8216; wird in Kooperation mit <a href=\"https:\/\/www.aw-automotive.de\" target=\"_blank\" rel=\"noopener\">AW Automotive<\/a> angeboten. Er kann sowohl in einem Fahrzeugdepot, auf dem Betriebs- oder Werkstatthof betrieben werden, aber auch dezentral, zum Beispiel auf einer Baustelle.<\/p>\n<p>Der Netzanschluss sei je nach lokalen Gegebenheiten mit einer Stromst\u00e4rke von 32 A bis zu 630 A m\u00f6glich. Der Smart-Charging-Cube ist dabei im Wesentlichen eine gro\u00dfe Batterie mit Leistungselektronik und Lades\u00e4ule. Die Batterie ist verf\u00fcgbar mit Speicherkapazit\u00e4ten von 500 kWh bis 1.100 kWh. Ein bis vier Ladepunkte lie\u00dfen sich damit pro Cube realisieren, mit einer maximalen Ladeleistung von 400 kW. Als Batteriespeicher ist er in der Lage auch eine externe MCS-Lades\u00e4ule zu speisen und damit Ladeleistungen von 1.000 kW zu erm\u00f6glichen.<\/p>\n<p>Der Smart Charging Cube kann selbst erzeugten Strom integrieren, zum Beispiel von Photovoltaik-Anlagen. Au\u00dferdem sind unterschiedliche Ladefunktionen m\u00f6glich, wie Peak-Shaving, der dynamische Strombezug oder bidirektionales Laden. Jetzt steht er erstmals den Kunden von MAN zur Verf\u00fcgung. Der Cube kann gekauft, geleast oder gemietet werden.<\/p>\n","protected":false},"excerpt":{"rendered":"<p>MAN Truck &#038; Bus hat eine neue M\u00f6glichkeit f\u00fcr seine Kunden, ihre elektrisch angetriebenen Trucks und Busse zu laden, vorgestellt. Der sogenannte &#8218;Smart-Charging-Cube&#8216; wird in Kooperation mit AW Automotive angeboten. Er kann sowohl in einem Fahrzeugdepot, auf dem Betriebs- oder Werkstatthof betrieben werden. <span class=\"excerpt-more__dots\">&#8230;<\/span> <a class=\"excerpt-more__link\" href=\"https:\/\/www.krafthand.de\/truck\/artikel\/smart-charging-cube-depotladen-einfach-gemacht-43452\/\" >weiter<\/a><\/p>\n","protected":false},"author":9,"featured_media":43455,"comment_status":"closed","ping_status":"closed","sticky":false,"template":"","format":"standard","meta":{"footnotes":""},"categories":[4224,4235],"tags":[6284,6286,6285,4248,6283,6282],"settings":[3523],"class_list":["post-43452","post","type-post","status-publish","format-standard","has-post-thumbnail","hentry","category-e-antrieb","category-unternehmen","tag-aw-automotive","tag-e-tgm","tag-e-tgx","tag-ladeinfrastruktur","tag-man-truckbus","tag-smart-charging-cube"],"yoast_head":"<!-- This site is optimized with the Yoast SEO plugin v27.3 - https:\/\/yoast.com\/product\/yoast-seo-wordpress\/ -->\n<title>Smart-Charging-Cube: Depotladen einfach gemacht - Krafthand-Truck<\/title>\n<meta name=\"description\" content=\"MAN hat eine neue M\u00f6glichkeit E-Trucks und E-Busse zu laden, vorgestellt. Der &#039;Smart-Charging-Cube&#039; wird von AW Automotive geliefert.\" \/>\n<meta name=\"robots\" content=\"index, follow, max-snippet:-1, max-image-preview:large, max-video-preview:-1\" \/>\n<link rel=\"canonical\" href=\"https:\/\/www.krafthand.de\/truck\/artikel\/smart-charging-cube-depotladen-einfach-gemacht-43452\/\" \/>\n<meta property=\"og:locale\" content=\"de_DE\" \/>\n<meta property=\"og:type\" content=\"article\" \/>\n<meta property=\"og:title\" content=\"Smart-Charging-Cube: Depotladen einfach gemacht - Krafthand-Truck\" \/>\n<meta property=\"og:description\" content=\"MAN hat eine neue M\u00f6glichkeit E-Trucks und E-Busse zu laden, vorgestellt. Der &#039;Smart-Charging-Cube&#039; wird von AW Automotive geliefert.\" \/>\n<meta property=\"og:url\" content=\"https:\/\/www.krafthand-truck.de\/artikel\/smart-charging-cube-depotladen-einfach-gemacht-43452\/\" \/>\n<meta property=\"og:site_name\" content=\"Krafthand-Truck\" \/>\n<meta property=\"article:published_time\" content=\"2025-07-22T14:57:43+00:00\" \/>\n<meta property=\"article:modified_time\" content=\"2025-08-17T12:26:14+00:00\" \/>\n<meta property=\"og:image\" content=\"https:\/\/static.krafthand-truck.de\/uploads\/2025\/07\/MAN_etruck_smart_charging_cube_AW_Automotive_Depotladen.jpg\" \/>\n\t<meta property=\"og:image:width\" content=\"1200\" \/>\n\t<meta property=\"og:image:height\" content=\"585\" \/>\n\t<meta property=\"og:image:type\" content=\"image\/jpeg\" \/>\n<meta name=\"author\" content=\"georg.blenk@krafthand-medien.de\" \/>\n<meta name=\"twitter:card\" content=\"summary_large_image\" \/>\n<meta name=\"twitter:label1\" content=\"Verfasst von\" \/>\n\t<meta name=\"twitter:data1\" content=\"georg.blenk@krafthand-medien.de\" \/>\n\t<meta name=\"twitter:label2\" content=\"Gesch\u00e4tzte Lesezeit\" \/>\n\t<meta name=\"twitter:data2\" content=\"2\u00a0Minuten\" \/>\n<script type=\"application\/ld+json\" class=\"yoast-schema-graph\">{\"@context\":\"https:\\\/\\\/schema.org\",\"@graph\":[{\"@type\":\"Article\",\"@id\":\"https:\\\/\\\/www.krafthand.de\\\/truck\\\/artikel\\\/smart-charging-cube-depotladen-einfach-gemacht-43452\\\/#article\",\"isPartOf\":{\"@id\":\"https:\\\/\\\/www.krafthand.de\\\/truck\\\/artikel\\\/smart-charging-cube-depotladen-einfach-gemacht-43452\\\/\"},\"author\":{\"name\":\"georg.blenk@krafthand-medien.de\",\"@id\":\"https:\\\/\\\/www.krafthand.de\\\/truck\\\/#\\\/schema\\\/person\\\/51fa80b1c57034c4bf63f9f988fc24ce\"},\"headline\":\"Smart-Charging-Cube: Depotladen einfach gemacht\",\"datePublished\":\"2025-07-22T14:57:43+00:00\",\"dateModified\":\"2025-08-17T12:26:14+00:00\",\"mainEntityOfPage\":{\"@id\":\"https:\\\/\\\/www.krafthand.de\\\/truck\\\/artikel\\\/smart-charging-cube-depotladen-einfach-gemacht-43452\\\/\"},\"wordCount\":188,\"image\":{\"@id\":\"https:\\\/\\\/www.krafthand.de\\\/truck\\\/artikel\\\/smart-charging-cube-depotladen-einfach-gemacht-43452\\\/#primaryimage\"},\"thumbnailUrl\":\"https:\\\/\\\/static.krafthand-truck.de\\\/uploads\\\/2025\\\/07\\\/MAN_etruck_smart_charging_cube_AW_Automotive_Depotladen.jpg\",\"keywords\":[\"AW Automotive\",\"E-TGM\",\"E-TGX\",\"Ladeinfrastruktur\",\"MAN Truck+Bus\",\"Smart-Charging-Cube\"],\"articleSection\":[\"E-Antrieb (BEV\\\/FCEV)\",\"Unternehmen\"],\"inLanguage\":\"de\"},{\"@type\":\"WebPage\",\"@id\":\"https:\\\/\\\/www.krafthand.de\\\/truck\\\/artikel\\\/smart-charging-cube-depotladen-einfach-gemacht-43452\\\/\",\"url\":\"https:\\\/\\\/www.krafthand.de\\\/truck\\\/artikel\\\/smart-charging-cube-depotladen-einfach-gemacht-43452\\\/\",\"name\":\"Smart-Charging-Cube: Depotladen einfach gemacht - Krafthand-Truck\",\"isPartOf\":{\"@id\":\"https:\\\/\\\/www.krafthand.de\\\/truck\\\/#website\"},\"primaryImageOfPage\":{\"@id\":\"https:\\\/\\\/www.krafthand.de\\\/truck\\\/artikel\\\/smart-charging-cube-depotladen-einfach-gemacht-43452\\\/#primaryimage\"},\"image\":{\"@id\":\"https:\\\/\\\/www.krafthand.de\\\/truck\\\/artikel\\\/smart-charging-cube-depotladen-einfach-gemacht-43452\\\/#primaryimage\"},\"thumbnailUrl\":\"https:\\\/\\\/static.krafthand-truck.de\\\/uploads\\\/2025\\\/07\\\/MAN_etruck_smart_charging_cube_AW_Automotive_Depotladen.jpg\",\"datePublished\":\"2025-07-22T14:57:43+00:00\",\"dateModified\":\"2025-08-17T12:26:14+00:00\",\"author\":{\"@id\":\"https:\\\/\\\/www.krafthand.de\\\/truck\\\/#\\\/schema\\\/person\\\/51fa80b1c57034c4bf63f9f988fc24ce\"},\"description\":\"MAN hat eine neue M\u00f6glichkeit E-Trucks und E-Busse zu laden, vorgestellt. Der 'Smart-Charging-Cube' wird von AW Automotive geliefert.\",\"breadcrumb\":{\"@id\":\"https:\\\/\\\/www.krafthand.de\\\/truck\\\/artikel\\\/smart-charging-cube-depotladen-einfach-gemacht-43452\\\/#breadcrumb\"},\"inLanguage\":\"de\",\"potentialAction\":[{\"@type\":\"ReadAction\",\"target\":[\"https:\\\/\\\/www.krafthand.de\\\/truck\\\/artikel\\\/smart-charging-cube-depotladen-einfach-gemacht-43452\\\/\"]}]},{\"@type\":\"ImageObject\",\"inLanguage\":\"de\",\"@id\":\"https:\\\/\\\/www.krafthand.de\\\/truck\\\/artikel\\\/smart-charging-cube-depotladen-einfach-gemacht-43452\\\/#primaryimage\",\"url\":\"https:\\\/\\\/static.krafthand-truck.de\\\/uploads\\\/2025\\\/07\\\/MAN_etruck_smart_charging_cube_AW_Automotive_Depotladen.jpg\",\"contentUrl\":\"https:\\\/\\\/static.krafthand-truck.de\\\/uploads\\\/2025\\\/07\\\/MAN_etruck_smart_charging_cube_AW_Automotive_Depotladen.jpg\",\"width\":1200,\"height\":585},{\"@type\":\"BreadcrumbList\",\"@id\":\"https:\\\/\\\/www.krafthand.de\\\/truck\\\/artikel\\\/smart-charging-cube-depotladen-einfach-gemacht-43452\\\/#breadcrumb\",\"itemListElement\":[{\"@type\":\"ListItem\",\"position\":1,\"name\":\"Krafthand-Truck\",\"item\":\"https:\\\/\\\/www.krafthand.de\\\/truck\\\/\"},{\"@type\":\"ListItem\",\"position\":2,\"name\":\"Nfz-Technik\",\"item\":\"https:\\\/\\\/www.krafthand.de\\\/truck\\\/kategorie\\\/nfz-technik\\\/\"},{\"@type\":\"ListItem\",\"position\":3,\"name\":\"E-Antrieb (BEV\\\/FCEV)\",\"item\":\"https:\\\/\\\/www.krafthand.de\\\/truck\\\/kategorie\\\/nfz-technik\\\/e-antrieb\\\/\"},{\"@type\":\"ListItem\",\"position\":4,\"name\":\"Smart-Charging-Cube: Depotladen einfach gemacht\"}]},{\"@type\":\"WebSite\",\"@id\":\"https:\\\/\\\/www.krafthand.de\\\/truck\\\/#website\",\"url\":\"https:\\\/\\\/www.krafthand.de\\\/truck\\\/\",\"name\":\"Krafthand-Truck\",\"description\":\"\",\"potentialAction\":[{\"@type\":\"SearchAction\",\"target\":{\"@type\":\"EntryPoint\",\"urlTemplate\":\"https:\\\/\\\/www.krafthand.de\\\/truck\\\/?s={search_term_string}\"},\"query-input\":{\"@type\":\"PropertyValueSpecification\",\"valueRequired\":true,\"valueName\":\"search_term_string\"}}],\"inLanguage\":\"de\"},{\"@type\":\"Person\",\"@id\":\"https:\\\/\\\/www.krafthand.de\\\/truck\\\/#\\\/schema\\\/person\\\/51fa80b1c57034c4bf63f9f988fc24ce\",\"name\":\"georg.blenk@krafthand-medien.de\",\"image\":{\"@type\":\"ImageObject\",\"inLanguage\":\"de\",\"@id\":\"https:\\\/\\\/secure.gravatar.com\\\/avatar\\\/93713c30affe0aa95d3a4130e499bb1abee2eb31adbdd9ce2aa1543538490215?s=96&d=mm&r=g\",\"url\":\"https:\\\/\\\/secure.gravatar.com\\\/avatar\\\/93713c30affe0aa95d3a4130e499bb1abee2eb31adbdd9ce2aa1543538490215?s=96&d=mm&r=g\",\"contentUrl\":\"https:\\\/\\\/secure.gravatar.com\\\/avatar\\\/93713c30affe0aa95d3a4130e499bb1abee2eb31adbdd9ce2aa1543538490215?s=96&d=mm&r=g\",\"caption\":\"georg.blenk@krafthand-medien.de\"}}]}<\/script>\n<!-- \/ Yoast SEO plugin. -->","yoast_head_json":{"title":"Smart-Charging-Cube: Depotladen einfach gemacht - Krafthand-Truck","description":"MAN hat eine neue M\u00f6glichkeit E-Trucks und E-Busse zu laden, vorgestellt. Der 'Smart-Charging-Cube' wird von AW Automotive geliefert.","robots":{"index":"index","follow":"follow","max-snippet":"max-snippet:-1","max-image-preview":"max-image-preview:large","max-video-preview":"max-video-preview:-1"},"canonical":"https:\/\/www.krafthand.de\/truck\/artikel\/smart-charging-cube-depotladen-einfach-gemacht-43452\/","og_locale":"de_DE","og_type":"article","og_title":"Smart-Charging-Cube: Depotladen einfach gemacht - Krafthand-Truck","og_description":"MAN hat eine neue M\u00f6glichkeit E-Trucks und E-Busse zu laden, vorgestellt. Der 'Smart-Charging-Cube' wird von AW Automotive geliefert.","og_url":"https:\/\/www.krafthand-truck.de\/artikel\/smart-charging-cube-depotladen-einfach-gemacht-43452\/","og_site_name":"Krafthand-Truck","article_published_time":"2025-07-22T14:57:43+00:00","article_modified_time":"2025-08-17T12:26:14+00:00","og_image":[{"width":1200,"height":585,"url":"https:\/\/static.krafthand-truck.de\/uploads\/2025\/07\/MAN_etruck_smart_charging_cube_AW_Automotive_Depotladen.jpg","type":"image\/jpeg"}],"author":"georg.blenk@krafthand-medien.de","twitter_card":"summary_large_image","twitter_misc":{"Verfasst von":"georg.blenk@krafthand-medien.de","Gesch\u00e4tzte Lesezeit":"2\u00a0Minuten"},"schema":{"@context":"https:\/\/schema.org","@graph":[{"@type":"Article","@id":"https:\/\/www.krafthand.de\/truck\/artikel\/smart-charging-cube-depotladen-einfach-gemacht-43452\/#article","isPartOf":{"@id":"https:\/\/www.krafthand.de\/truck\/artikel\/smart-charging-cube-depotladen-einfach-gemacht-43452\/"},"author":{"name":"georg.blenk@krafthand-medien.de","@id":"https:\/\/www.krafthand.de\/truck\/#\/schema\/person\/51fa80b1c57034c4bf63f9f988fc24ce"},"headline":"Smart-Charging-Cube: Depotladen einfach gemacht","datePublished":"2025-07-22T14:57:43+00:00","dateModified":"2025-08-17T12:26:14+00:00","mainEntityOfPage":{"@id":"https:\/\/www.krafthand.de\/truck\/artikel\/smart-charging-cube-depotladen-einfach-gemacht-43452\/"},"wordCount":188,"image":{"@id":"https:\/\/www.krafthand.de\/truck\/artikel\/smart-charging-cube-depotladen-einfach-gemacht-43452\/#primaryimage"},"thumbnailUrl":"https:\/\/static.krafthand-truck.de\/uploads\/2025\/07\/MAN_etruck_smart_charging_cube_AW_Automotive_Depotladen.jpg","keywords":["AW Automotive","E-TGM","E-TGX","Ladeinfrastruktur","MAN Truck+Bus","Smart-Charging-Cube"],"articleSection":["E-Antrieb (BEV\/FCEV)","Unternehmen"],"inLanguage":"de"},{"@type":"WebPage","@id":"https:\/\/www.krafthand.de\/truck\/artikel\/smart-charging-cube-depotladen-einfach-gemacht-43452\/","url":"https:\/\/www.krafthand.de\/truck\/artikel\/smart-charging-cube-depotladen-einfach-gemacht-43452\/","name":"Smart-Charging-Cube: Depotladen einfach gemacht - Krafthand-Truck","isPartOf":{"@id":"https:\/\/www.krafthand.de\/truck\/#website"},"primaryImageOfPage":{"@id":"https:\/\/www.krafthand.de\/truck\/artikel\/smart-charging-cube-depotladen-einfach-gemacht-43452\/#primaryimage"},"image":{"@id":"https:\/\/www.krafthand.de\/truck\/artikel\/smart-charging-cube-depotladen-einfach-gemacht-43452\/#primaryimage"},"thumbnailUrl":"https:\/\/static.krafthand-truck.de\/uploads\/2025\/07\/MAN_etruck_smart_charging_cube_AW_Automotive_Depotladen.jpg","datePublished":"2025-07-22T14:57:43+00:00","dateModified":"2025-08-17T12:26:14+00:00","author":{"@id":"https:\/\/www.krafthand.de\/truck\/#\/schema\/person\/51fa80b1c57034c4bf63f9f988fc24ce"},"description":"MAN hat eine neue M\u00f6glichkeit E-Trucks und E-Busse zu laden, vorgestellt. Der 'Smart-Charging-Cube' wird von AW Automotive geliefert.","breadcrumb":{"@id":"https:\/\/www.krafthand.de\/truck\/artikel\/smart-charging-cube-depotladen-einfach-gemacht-43452\/#breadcrumb"},"inLanguage":"de","potentialAction":[{"@type":"ReadAction","target":["https:\/\/www.krafthand.de\/truck\/artikel\/smart-charging-cube-depotladen-einfach-gemacht-43452\/"]}]},{"@type":"ImageObject","inLanguage":"de","@id":"https:\/\/www.krafthand.de\/truck\/artikel\/smart-charging-cube-depotladen-einfach-gemacht-43452\/#primaryimage","url":"https:\/\/static.krafthand-truck.de\/uploads\/2025\/07\/MAN_etruck_smart_charging_cube_AW_Automotive_Depotladen.jpg","contentUrl":"https:\/\/static.krafthand-truck.de\/uploads\/2025\/07\/MAN_etruck_smart_charging_cube_AW_Automotive_Depotladen.jpg","width":1200,"height":585},{"@type":"BreadcrumbList","@id":"https:\/\/www.krafthand.de\/truck\/artikel\/smart-charging-cube-depotladen-einfach-gemacht-43452\/#breadcrumb","itemListElement":[{"@type":"ListItem","position":1,"name":"Krafthand-Truck","item":"https:\/\/www.krafthand.de\/truck\/"},{"@type":"ListItem","position":2,"name":"Nfz-Technik","item":"https:\/\/www.krafthand.de\/truck\/kategorie\/nfz-technik\/"},{"@type":"ListItem","position":3,"name":"E-Antrieb (BEV\/FCEV)","item":"https:\/\/www.krafthand.de\/truck\/kategorie\/nfz-technik\/e-antrieb\/"},{"@type":"ListItem","position":4,"name":"Smart-Charging-Cube: Depotladen einfach gemacht"}]},{"@type":"WebSite","@id":"https:\/\/www.krafthand.de\/truck\/#website","url":"https:\/\/www.krafthand.de\/truck\/","name":"Krafthand-Truck","description":"","potentialAction":[{"@type":"SearchAction","target":{"@type":"EntryPoint","urlTemplate":"https:\/\/www.krafthand.de\/truck\/?s={search_term_string}"},"query-input":{"@type":"PropertyValueSpecification","valueRequired":true,"valueName":"search_term_string"}}],"inLanguage":"de"},{"@type":"Person","@id":"https:\/\/www.krafthand.de\/truck\/#\/schema\/person\/51fa80b1c57034c4bf63f9f988fc24ce","name":"georg.blenk@krafthand-medien.de","image":{"@type":"ImageObject","inLanguage":"de","@id":"https:\/\/secure.gravatar.com\/avatar\/93713c30affe0aa95d3a4130e499bb1abee2eb31adbdd9ce2aa1543538490215?s=96&d=mm&r=g","url":"https:\/\/secure.gravatar.com\/avatar\/93713c30affe0aa95d3a4130e499bb1abee2eb31adbdd9ce2aa1543538490215?s=96&d=mm&r=g","contentUrl":"https:\/\/secure.gravatar.com\/avatar\/93713c30affe0aa95d3a4130e499bb1abee2eb31adbdd9ce2aa1543538490215?s=96&d=mm&r=g","caption":"georg.blenk@krafthand-medien.de"}}]}},"_links":{"self":[{"href":"https:\/\/www.krafthand.de\/truck\/wp-json\/wp\/v2\/posts\/43452","targetHints":{"allow":["GET"]}}],"collection":[{"href":"https:\/\/www.krafthand.de\/truck\/wp-json\/wp\/v2\/posts"}],"about":[{"href":"https:\/\/www.krafthand.de\/truck\/wp-json\/wp\/v2\/types\/post"}],"author":[{"embeddable":true,"href":"https:\/\/www.krafthand.de\/truck\/wp-json\/wp\/v2\/users\/9"}],"replies":[{"embeddable":true,"href":"https:\/\/www.krafthand.de\/truck\/wp-json\/wp\/v2\/comments?post=43452"}],"version-history":[{"count":3,"href":"https:\/\/www.krafthand.de\/truck\/wp-json\/wp\/v2\/posts\/43452\/revisions"}],"predecessor-version":[{"id":43456,"href":"https:\/\/www.krafthand.de\/truck\/wp-json\/wp\/v2\/posts\/43452\/revisions\/43456"}],"wp:featuredmedia":[{"embeddable":true,"href":"https:\/\/www.krafthand.de\/truck\/wp-json\/wp\/v2\/media\/43455"}],"wp:attachment":[{"href":"https:\/\/www.krafthand.de\/truck\/wp-json\/wp\/v2\/media?parent=43452"}],"wp:term":[{"taxonomy":"category","embeddable":true,"href":"https:\/\/www.krafthand.de\/truck\/wp-json\/wp\/v2\/categories?post=43452"},{"taxonomy":"post_tag","embeddable":true,"href":"https:\/\/www.krafthand.de\/truck\/wp-json\/wp\/v2\/tags?post=43452"},{"taxonomy":"settings","embeddable":true,"href":"https:\/\/www.krafthand.de\/truck\/wp-json\/wp\/v2\/settings?post=43452"}],"curies":[{"name":"wp","href":"https:\/\/api.w.org\/{rel}","templated":true}]}}