{"id":43421,"date":"2025-07-22T10:35:30","date_gmt":"2025-07-22T08:35:30","guid":{"rendered":"https:\/\/www.krafthand.de\/truck\/?p=43421"},"modified":"2025-12-02T10:50:00","modified_gmt":"2025-12-02T09:50:00","slug":"e-trucks-gewinnen-weiter-an-bedeutung","status":"publish","type":"post","link":"https:\/\/www.krafthand.de\/truck\/artikel\/e-trucks-gewinnen-weiter-an-bedeutung-43421\/","title":{"rendered":"E-Trucks gewinnen weiter an Bedeutung"},"content":{"rendered":"<p>Der Wandel auf Europas Stra\u00dfen hin zum batterieelektrischen Lkw ist im vollen Gange, so die Kernaussage der Macher des Gebraucht-Fahrzeugportals <a href=\"https:\/\/www.trucksnl.com\/de\" target=\"_blank\" rel=\"noopener\">Trucks-NL<\/a>. So spielten elektrische Lkw eine immer gr\u00f6\u00dfere Rolle im transnationalen G\u00fcterverkehr. Als Wegbereiter dieser Entwicklung trage Volvo Trucks mit \u00fcber 4.800 weltweit ausgelieferten E-Lkw (\u00fcber 16 Tonnen), rund 140 Millionen gefahrenen Kilometern und einem Marktanteil von 47 Prozent ma\u00dfgeblich zu diesem Erfolg bei. Volvo ist damit zum f\u00fcnften Mal in Folge europ\u00e4ischer Marktf\u00fchrer im Bereich der elektrischen Nutzfahrzeuge. Aber auch die anderen Lkw-Hersteller wie Daimler-Truck, MAN, IVECO, DAF, Renault-Trucks oder Scania sind l\u00e4ngst aufgestellt und bieten E-Lkw an.<\/p>\n<h3>Reichweite und Ladeinfrastruktur<\/h3>\n<p>Laut dem Kraftfahrt-Bundesamt (KBA) wurden im ersten Halbjahr 2025 11.476 von insgesamt 142.726 neu zugelassenen Fahrzeugen, als elektrische Lkw registriert. Dies entspricht einem Marktanteil in Deutschland von etwa acht Prozent. Im Vergleich zum Vorjahreszeitraum ist der Anteil der neu zugelassenen E-Lkw um fast 21 Prozent gewachsen, was die zunehmende Bedeutung elektrischer Nutzfahrzeuge unterstreicht.<br \/>\nElektrische Lkw erreichen heute bereits Reichweiten, die f\u00fcr Unternehmen eine praktikable Alternative zu Verbrennerfahrzeugen darstellt. So bietet beispielsweise der eActros 600 von Mercedes-Benz eine Reichweite von bis zu 500 Kilometern, w\u00e4hrend der eTGX von MAN laut Angaben sogar 600 Kilometer schafft. Weitere Hersteller wie Volvo arbeiten an Modellen mit \u00e4hnlicher Reichweite und einer Ladezeit von nur 40 Minuten, deren Markteinf\u00fchrung f\u00fcr 2026 geplant ist.<\/p>\n<figure id=\"attachment_43424\" aria-describedby=\"caption-attachment-43424\" style=\"width: 420px\" class=\"wp-caption alignleft\"><a href=\"https:\/\/static.krafthand-truck.de\/uploads\/2025\/07\/TrucksNL_Ladesituation.jpg\" target=\"_blank\" rel=\"noopener\"><img fetchpriority=\"high\" decoding=\"async\" class=\"wp-image-43424\" src=\"https:\/\/static.krafthand-truck.de\/uploads\/2025\/07\/TrucksNL_Ladesituation-300x188.jpg\" alt=\"\" width=\"420\" height=\"263\" srcset=\"https:\/\/static.krafthand-truck.de\/uploads\/2025\/07\/TrucksNL_Ladesituation-300x188.jpg 300w, https:\/\/static.krafthand-truck.de\/uploads\/2025\/07\/TrucksNL_Ladesituation-1024x642.jpg 1024w, https:\/\/static.krafthand-truck.de\/uploads\/2025\/07\/TrucksNL_Ladesituation-768x481.jpg 768w, https:\/\/static.krafthand-truck.de\/uploads\/2025\/07\/TrucksNL_Ladesituation.jpg 1200w\" sizes=\"(max-width: 420px) 100vw, 420px\" \/><\/a><figcaption id=\"caption-attachment-43424\" class=\"wp-caption-text\">Auch beim Ausbau der Lkw-Ladeinfrastruktur kommt Bewegung ins Spiel. Vorrangig handelt es sich um CCS-Ladestationen, der Aufbau des Megawatt-Ladens (MCS) steckt noch in den Kinderschuhen. Bild: Georg Blenk<\/figcaption><\/figure>\n<p>Auch beim Ausbau der Ladeinfrastruktur kommt Bewegung ins Spiel. So hatte Milence erst k\u00fcrzlich einen gro\u00dfen Ladepark f\u00fcr Lkw (Combined-Charging-System(CCS) bis zu 400 kW) in Recklingshausen er\u00f6ffnet. In einer zweiten Phase soll auch MCS-Laden (Megawatt-Charging-System) m\u00f6glich sein. Geplant sind laut Bundesregierung rund 4.200 Lkw-spezifische Ladepunkte entlang der Autobahnen, darunter 1.800 mit MCS-Technologie. Mit Ladeleistungen von bis zu einem Megawatt erm\u00f6glicht dieses System, dass ein 45-min\u00fctiger Pausenstopp ausreicht, um den Akku eines Lkw vollst\u00e4ndig aufzuladen. Allerdings existieren bis dato nur sehr wenige MCS-Ladepunkte. Beispielsweise entstanden an vier ausgew\u00e4hlten Orten entlang der A2 zwischen Berlin und dem Ruhrgebiet (im Rahmen des sogenannten HoLa-Projekts) jeweils zwei MCS-Ladestationen. Weitere (Test-) Standorte befinden sich im Mercedes-Benz CV-Center in Dortmund, an der Rastst\u00e4tte Lipperland S\u00fcd sowie bei MAN im Entwicklungszentrum M\u00fcnchen.<\/p>\n<h3>Hohe Kosten als gr\u00f6\u00dfte Bremse<\/h3>\n<p>Trotz zahlreicher Vorteile bleiben die Kosten f\u00fcr E-Lkw die gr\u00f6\u00dfte Herausforderung. Die Gesamtkosten (TCO) liegen aktuell noch 30 bis 50 Prozent \u00fcber denen von Diesel-Lkw. Ein Grund sind die hohen Anschaffungskosten. Doch das k\u00f6nnte sich bald \u00e4ndern: Laut einer McKinsey-Analyse von September 2024, k\u00f6nnten zuk\u00fcnftig pro elektrischen Lkw zwischen 100.000 und 200.000 Euro eingespart werden (je nach Einsatzzweck), beispielsweise durch optimierte Batterien, effizientere Produktionsprozesse, h\u00f6here St\u00fcckzahlen (Skalierung) und geringere Wartungskosten. Allein durch smartes Laden lie\u00dfen sich zus\u00e4tzlich bis zu 15.000 Euro j\u00e4hrlich einsparen.<\/p>\n<h3>Fazit<\/h3>\n<p>Elektrische Lkw sind keine Zukunftsvision, sondern etablieren sich zunehmend zu einer praxistauglichen Alternative im Schwerlastverkehr. Die rasante Entwicklung bei Reichweiten und Ladeinfrastruktur zeigt, dass die Technologie bereit ist. Allerdings bleiben die hohen Kosten eine entscheidende Bremse f\u00fcr das volle Marktpotenzial. Eines steht fest: F\u00fcr eine fl\u00e4chendeckende Umstellung braucht es weiterhin die politische Unterst\u00fctzung, gezielte Investitionen in die Ladeinfrastruktur und wirtschaftlich attraktive Gesamtkostenmodelle, um den Wandel endg\u00fcltig zu beschleunigen.<\/p>\n\r\n\t\t\t\t<div class=\"post-author\">\r\n\t\t\t\t\t<div class=\"khm-cp-author clearfix\">\r\n\t\t\t\t\t\t<div class=\"khm-cp-author__content\">\r\n\t\t\t\t\t\t\t\tKontakt zum Autor:<br \/>\r\n\t\t\t\t\t\t\t\t<strong>Georg Blenk<\/strong>, 08247 \/ 3007-45 |  <a href=\"mailto:georg.blenk@krafthand-medien.de\">georg.blenk@krafthand-medien.de<\/a>\r\n\t\t\t\t\t\t\t<div class=\"khm-cp-author__image\">\r\n\t\t\t\t\t\t<img src=\"https:\/\/static.krafthand-truck.de\/uploads\/2021\/01\/Blenk_6104-250x300-1-removebg-preview.png\" class=\"img-responsive\">\r\n\t\t\t\t\t<\/div>\r\n\t\t\t\t\t\t<\/div>\r\n\t\t\t\t\t<\/div>\r\n\t\t\t\t<\/div>\r\n\t\t\t\t","protected":false},"excerpt":{"rendered":"<p>Der Wandel auf Europas Stra\u00dfen hin zum batterieelektrischen Lkw ist im vollen Gange, so die Kernaussage der Macher des Gebraucht-Fahrzeugportals Trucks-NL. So spielten elektrische Lkw eine immer gr\u00f6\u00dfere Rolle im transnationalen G\u00fcterverkehr. Ein Update&#8230; <span class=\"excerpt-more__dots\">&#8230;<\/span> <a class=\"excerpt-more__link\" href=\"https:\/\/www.krafthand.de\/truck\/artikel\/e-trucks-gewinnen-weiter-an-bedeutung-43421\/\" >weiter<\/a><\/p>\n","protected":false},"author":9,"featured_media":43426,"comment_status":"closed","ping_status":"closed","sticky":false,"template":"","format":"standard","meta":{"footnotes":""},"categories":[4224,6375,4915],"tags":[4177,4248,6278,6279],"settings":[3524,4766,3523],"class_list":["post-43421","post","type-post","status-publish","format-standard","has-post-thumbnail","hentry","category-e-antrieb","category-lade-tank-infrastruktur","category-neue-fahrzeuge","tag-e-lkw","tag-ladeinfrastruktur","tag-trucknl","tag-trucks-nl"],"yoast_head":"<!-- This site is optimized with the Yoast SEO plugin v27.3 - https:\/\/yoast.com\/product\/yoast-seo-wordpress\/ -->\n<title>E-Trucks gewinnen weiter an Bedeutung - Krafthand-Truck<\/title>\n<meta name=\"description\" content=\"Der Wandel auf Europas Stra\u00dfen hin zum batterieelektrischen Lkw ist im vollen Gange, so die Kernaussage der Macher des Gebraucht-Fahrzeugportals Trucks-NL.\" \/>\n<meta name=\"robots\" content=\"index, follow, max-snippet:-1, max-image-preview:large, max-video-preview:-1\" \/>\n<link rel=\"canonical\" href=\"https:\/\/www.krafthand.de\/truck\/artikel\/e-trucks-gewinnen-weiter-an-bedeutung-43421\/\" \/>\n<meta property=\"og:locale\" content=\"de_DE\" \/>\n<meta property=\"og:type\" content=\"article\" \/>\n<meta property=\"og:title\" content=\"E-Trucks gewinnen weiter an Bedeutung - Krafthand-Truck\" \/>\n<meta property=\"og:description\" content=\"Der Wandel auf Europas Stra\u00dfen hin zum batterieelektrischen Lkw ist im vollen Gange, so die Kernaussage der Macher des Gebraucht-Fahrzeugportals Trucks-NL.\" \/>\n<meta property=\"og:url\" content=\"https:\/\/www.krafthand-truck.de\/artikel\/e-trucks-gewinnen-weiter-an-bedeutung-43421\/\" \/>\n<meta property=\"og:site_name\" content=\"Krafthand-Truck\" \/>\n<meta property=\"article:published_time\" content=\"2025-07-22T08:35:30+00:00\" \/>\n<meta property=\"article:modified_time\" content=\"2025-12-02T09:50:00+00:00\" \/>\n<meta property=\"og:image\" content=\"https:\/\/static.krafthand-truck.de\/uploads\/2025\/07\/TruckNL_E_Trucks_gewinnen_an_Bedeutung.jpg\" \/>\n\t<meta property=\"og:image:width\" content=\"1200\" \/>\n\t<meta property=\"og:image:height\" content=\"607\" \/>\n\t<meta property=\"og:image:type\" content=\"image\/jpeg\" \/>\n<meta name=\"author\" content=\"georg.blenk@krafthand-medien.de\" \/>\n<meta name=\"twitter:card\" content=\"summary_large_image\" \/>\n<meta name=\"twitter:label1\" content=\"Verfasst von\" \/>\n\t<meta name=\"twitter:data1\" content=\"georg.blenk@krafthand-medien.de\" \/>\n\t<meta name=\"twitter:label2\" content=\"Gesch\u00e4tzte Lesezeit\" \/>\n\t<meta name=\"twitter:data2\" content=\"4\u00a0Minuten\" \/>\n<script type=\"application\/ld+json\" class=\"yoast-schema-graph\">{\"@context\":\"https:\\\/\\\/schema.org\",\"@graph\":[{\"@type\":\"Article\",\"@id\":\"https:\\\/\\\/www.krafthand.de\\\/truck\\\/artikel\\\/e-trucks-gewinnen-weiter-an-bedeutung-43421\\\/#article\",\"isPartOf\":{\"@id\":\"https:\\\/\\\/www.krafthand.de\\\/truck\\\/artikel\\\/e-trucks-gewinnen-weiter-an-bedeutung-43421\\\/\"},\"author\":{\"name\":\"georg.blenk@krafthand-medien.de\",\"@id\":\"https:\\\/\\\/www.krafthand.de\\\/truck\\\/#\\\/schema\\\/person\\\/51fa80b1c57034c4bf63f9f988fc24ce\"},\"headline\":\"E-Trucks gewinnen weiter an Bedeutung\",\"datePublished\":\"2025-07-22T08:35:30+00:00\",\"dateModified\":\"2025-12-02T09:50:00+00:00\",\"mainEntityOfPage\":{\"@id\":\"https:\\\/\\\/www.krafthand.de\\\/truck\\\/artikel\\\/e-trucks-gewinnen-weiter-an-bedeutung-43421\\\/\"},\"wordCount\":560,\"image\":{\"@id\":\"https:\\\/\\\/www.krafthand.de\\\/truck\\\/artikel\\\/e-trucks-gewinnen-weiter-an-bedeutung-43421\\\/#primaryimage\"},\"thumbnailUrl\":\"https:\\\/\\\/static.krafthand-truck.de\\\/uploads\\\/2025\\\/07\\\/TruckNL_E_Trucks_gewinnen_an_Bedeutung.jpg\",\"keywords\":[\"E-Lkw\",\"Ladeinfrastruktur\",\"TruckNL\",\"Trucks-NL\"],\"articleSection\":[\"E-Antrieb (BEV\\\/FCEV)\",\"Lade-\\\/Tank-Infrastruktur\",\"Neue Fahrzeuge\"],\"inLanguage\":\"de\"},{\"@type\":\"WebPage\",\"@id\":\"https:\\\/\\\/www.krafthand.de\\\/truck\\\/artikel\\\/e-trucks-gewinnen-weiter-an-bedeutung-43421\\\/\",\"url\":\"https:\\\/\\\/www.krafthand.de\\\/truck\\\/artikel\\\/e-trucks-gewinnen-weiter-an-bedeutung-43421\\\/\",\"name\":\"E-Trucks gewinnen weiter an Bedeutung - Krafthand-Truck\",\"isPartOf\":{\"@id\":\"https:\\\/\\\/www.krafthand.de\\\/truck\\\/#website\"},\"primaryImageOfPage\":{\"@id\":\"https:\\\/\\\/www.krafthand.de\\\/truck\\\/artikel\\\/e-trucks-gewinnen-weiter-an-bedeutung-43421\\\/#primaryimage\"},\"image\":{\"@id\":\"https:\\\/\\\/www.krafthand.de\\\/truck\\\/artikel\\\/e-trucks-gewinnen-weiter-an-bedeutung-43421\\\/#primaryimage\"},\"thumbnailUrl\":\"https:\\\/\\\/static.krafthand-truck.de\\\/uploads\\\/2025\\\/07\\\/TruckNL_E_Trucks_gewinnen_an_Bedeutung.jpg\",\"datePublished\":\"2025-07-22T08:35:30+00:00\",\"dateModified\":\"2025-12-02T09:50:00+00:00\",\"author\":{\"@id\":\"https:\\\/\\\/www.krafthand.de\\\/truck\\\/#\\\/schema\\\/person\\\/51fa80b1c57034c4bf63f9f988fc24ce\"},\"description\":\"Der Wandel auf Europas Stra\u00dfen hin zum batterieelektrischen Lkw ist im vollen Gange, so die Kernaussage der Macher des Gebraucht-Fahrzeugportals Trucks-NL.\",\"breadcrumb\":{\"@id\":\"https:\\\/\\\/www.krafthand.de\\\/truck\\\/artikel\\\/e-trucks-gewinnen-weiter-an-bedeutung-43421\\\/#breadcrumb\"},\"inLanguage\":\"de\",\"potentialAction\":[{\"@type\":\"ReadAction\",\"target\":[\"https:\\\/\\\/www.krafthand.de\\\/truck\\\/artikel\\\/e-trucks-gewinnen-weiter-an-bedeutung-43421\\\/\"]}]},{\"@type\":\"ImageObject\",\"inLanguage\":\"de\",\"@id\":\"https:\\\/\\\/www.krafthand.de\\\/truck\\\/artikel\\\/e-trucks-gewinnen-weiter-an-bedeutung-43421\\\/#primaryimage\",\"url\":\"https:\\\/\\\/static.krafthand-truck.de\\\/uploads\\\/2025\\\/07\\\/TruckNL_E_Trucks_gewinnen_an_Bedeutung.jpg\",\"contentUrl\":\"https:\\\/\\\/static.krafthand-truck.de\\\/uploads\\\/2025\\\/07\\\/TruckNL_E_Trucks_gewinnen_an_Bedeutung.jpg\",\"width\":1200,\"height\":607},{\"@type\":\"BreadcrumbList\",\"@id\":\"https:\\\/\\\/www.krafthand.de\\\/truck\\\/artikel\\\/e-trucks-gewinnen-weiter-an-bedeutung-43421\\\/#breadcrumb\",\"itemListElement\":[{\"@type\":\"ListItem\",\"position\":1,\"name\":\"Krafthand-Truck\",\"item\":\"https:\\\/\\\/www.krafthand.de\\\/truck\\\/\"},{\"@type\":\"ListItem\",\"position\":2,\"name\":\"IT+Fuhrpark\",\"item\":\"https:\\\/\\\/www.krafthand.de\\\/truck\\\/kategorie\\\/fuhrpark\\\/\"},{\"@type\":\"ListItem\",\"position\":3,\"name\":\"Neue Fahrzeuge\",\"item\":\"https:\\\/\\\/www.krafthand.de\\\/truck\\\/kategorie\\\/fuhrpark\\\/neue-fahrzeuge\\\/\"},{\"@type\":\"ListItem\",\"position\":4,\"name\":\"E-Trucks gewinnen weiter an Bedeutung\"}]},{\"@type\":\"WebSite\",\"@id\":\"https:\\\/\\\/www.krafthand.de\\\/truck\\\/#website\",\"url\":\"https:\\\/\\\/www.krafthand.de\\\/truck\\\/\",\"name\":\"Krafthand-Truck\",\"description\":\"\",\"potentialAction\":[{\"@type\":\"SearchAction\",\"target\":{\"@type\":\"EntryPoint\",\"urlTemplate\":\"https:\\\/\\\/www.krafthand.de\\\/truck\\\/?s={search_term_string}\"},\"query-input\":{\"@type\":\"PropertyValueSpecification\",\"valueRequired\":true,\"valueName\":\"search_term_string\"}}],\"inLanguage\":\"de\"},{\"@type\":\"Person\",\"@id\":\"https:\\\/\\\/www.krafthand.de\\\/truck\\\/#\\\/schema\\\/person\\\/51fa80b1c57034c4bf63f9f988fc24ce\",\"name\":\"georg.blenk@krafthand-medien.de\",\"image\":{\"@type\":\"ImageObject\",\"inLanguage\":\"de\",\"@id\":\"https:\\\/\\\/secure.gravatar.com\\\/avatar\\\/93713c30affe0aa95d3a4130e499bb1abee2eb31adbdd9ce2aa1543538490215?s=96&d=mm&r=g\",\"url\":\"https:\\\/\\\/secure.gravatar.com\\\/avatar\\\/93713c30affe0aa95d3a4130e499bb1abee2eb31adbdd9ce2aa1543538490215?s=96&d=mm&r=g\",\"contentUrl\":\"https:\\\/\\\/secure.gravatar.com\\\/avatar\\\/93713c30affe0aa95d3a4130e499bb1abee2eb31adbdd9ce2aa1543538490215?s=96&d=mm&r=g\",\"caption\":\"georg.blenk@krafthand-medien.de\"}}]}<\/script>\n<!-- \/ Yoast SEO plugin. -->","yoast_head_json":{"title":"E-Trucks gewinnen weiter an Bedeutung - Krafthand-Truck","description":"Der Wandel auf Europas Stra\u00dfen hin zum batterieelektrischen Lkw ist im vollen Gange, so die Kernaussage der Macher des Gebraucht-Fahrzeugportals Trucks-NL.","robots":{"index":"index","follow":"follow","max-snippet":"max-snippet:-1","max-image-preview":"max-image-preview:large","max-video-preview":"max-video-preview:-1"},"canonical":"https:\/\/www.krafthand.de\/truck\/artikel\/e-trucks-gewinnen-weiter-an-bedeutung-43421\/","og_locale":"de_DE","og_type":"article","og_title":"E-Trucks gewinnen weiter an Bedeutung - Krafthand-Truck","og_description":"Der Wandel auf Europas Stra\u00dfen hin zum batterieelektrischen Lkw ist im vollen Gange, so die Kernaussage der Macher des Gebraucht-Fahrzeugportals Trucks-NL.","og_url":"https:\/\/www.krafthand-truck.de\/artikel\/e-trucks-gewinnen-weiter-an-bedeutung-43421\/","og_site_name":"Krafthand-Truck","article_published_time":"2025-07-22T08:35:30+00:00","article_modified_time":"2025-12-02T09:50:00+00:00","og_image":[{"width":1200,"height":607,"url":"https:\/\/static.krafthand-truck.de\/uploads\/2025\/07\/TruckNL_E_Trucks_gewinnen_an_Bedeutung.jpg","type":"image\/jpeg"}],"author":"georg.blenk@krafthand-medien.de","twitter_card":"summary_large_image","twitter_misc":{"Verfasst von":"georg.blenk@krafthand-medien.de","Gesch\u00e4tzte Lesezeit":"4\u00a0Minuten"},"schema":{"@context":"https:\/\/schema.org","@graph":[{"@type":"Article","@id":"https:\/\/www.krafthand.de\/truck\/artikel\/e-trucks-gewinnen-weiter-an-bedeutung-43421\/#article","isPartOf":{"@id":"https:\/\/www.krafthand.de\/truck\/artikel\/e-trucks-gewinnen-weiter-an-bedeutung-43421\/"},"author":{"name":"georg.blenk@krafthand-medien.de","@id":"https:\/\/www.krafthand.de\/truck\/#\/schema\/person\/51fa80b1c57034c4bf63f9f988fc24ce"},"headline":"E-Trucks gewinnen weiter an Bedeutung","datePublished":"2025-07-22T08:35:30+00:00","dateModified":"2025-12-02T09:50:00+00:00","mainEntityOfPage":{"@id":"https:\/\/www.krafthand.de\/truck\/artikel\/e-trucks-gewinnen-weiter-an-bedeutung-43421\/"},"wordCount":560,"image":{"@id":"https:\/\/www.krafthand.de\/truck\/artikel\/e-trucks-gewinnen-weiter-an-bedeutung-43421\/#primaryimage"},"thumbnailUrl":"https:\/\/static.krafthand-truck.de\/uploads\/2025\/07\/TruckNL_E_Trucks_gewinnen_an_Bedeutung.jpg","keywords":["E-Lkw","Ladeinfrastruktur","TruckNL","Trucks-NL"],"articleSection":["E-Antrieb (BEV\/FCEV)","Lade-\/Tank-Infrastruktur","Neue Fahrzeuge"],"inLanguage":"de"},{"@type":"WebPage","@id":"https:\/\/www.krafthand.de\/truck\/artikel\/e-trucks-gewinnen-weiter-an-bedeutung-43421\/","url":"https:\/\/www.krafthand.de\/truck\/artikel\/e-trucks-gewinnen-weiter-an-bedeutung-43421\/","name":"E-Trucks gewinnen weiter an Bedeutung - Krafthand-Truck","isPartOf":{"@id":"https:\/\/www.krafthand.de\/truck\/#website"},"primaryImageOfPage":{"@id":"https:\/\/www.krafthand.de\/truck\/artikel\/e-trucks-gewinnen-weiter-an-bedeutung-43421\/#primaryimage"},"image":{"@id":"https:\/\/www.krafthand.de\/truck\/artikel\/e-trucks-gewinnen-weiter-an-bedeutung-43421\/#primaryimage"},"thumbnailUrl":"https:\/\/static.krafthand-truck.de\/uploads\/2025\/07\/TruckNL_E_Trucks_gewinnen_an_Bedeutung.jpg","datePublished":"2025-07-22T08:35:30+00:00","dateModified":"2025-12-02T09:50:00+00:00","author":{"@id":"https:\/\/www.krafthand.de\/truck\/#\/schema\/person\/51fa80b1c57034c4bf63f9f988fc24ce"},"description":"Der Wandel auf Europas Stra\u00dfen hin zum batterieelektrischen Lkw ist im vollen Gange, so die Kernaussage der Macher des Gebraucht-Fahrzeugportals Trucks-NL.","breadcrumb":{"@id":"https:\/\/www.krafthand.de\/truck\/artikel\/e-trucks-gewinnen-weiter-an-bedeutung-43421\/#breadcrumb"},"inLanguage":"de","potentialAction":[{"@type":"ReadAction","target":["https:\/\/www.krafthand.de\/truck\/artikel\/e-trucks-gewinnen-weiter-an-bedeutung-43421\/"]}]},{"@type":"ImageObject","inLanguage":"de","@id":"https:\/\/www.krafthand.de\/truck\/artikel\/e-trucks-gewinnen-weiter-an-bedeutung-43421\/#primaryimage","url":"https:\/\/static.krafthand-truck.de\/uploads\/2025\/07\/TruckNL_E_Trucks_gewinnen_an_Bedeutung.jpg","contentUrl":"https:\/\/static.krafthand-truck.de\/uploads\/2025\/07\/TruckNL_E_Trucks_gewinnen_an_Bedeutung.jpg","width":1200,"height":607},{"@type":"BreadcrumbList","@id":"https:\/\/www.krafthand.de\/truck\/artikel\/e-trucks-gewinnen-weiter-an-bedeutung-43421\/#breadcrumb","itemListElement":[{"@type":"ListItem","position":1,"name":"Krafthand-Truck","item":"https:\/\/www.krafthand.de\/truck\/"},{"@type":"ListItem","position":2,"name":"IT+Fuhrpark","item":"https:\/\/www.krafthand.de\/truck\/kategorie\/fuhrpark\/"},{"@type":"ListItem","position":3,"name":"Neue Fahrzeuge","item":"https:\/\/www.krafthand.de\/truck\/kategorie\/fuhrpark\/neue-fahrzeuge\/"},{"@type":"ListItem","position":4,"name":"E-Trucks gewinnen weiter an Bedeutung"}]},{"@type":"WebSite","@id":"https:\/\/www.krafthand.de\/truck\/#website","url":"https:\/\/www.krafthand.de\/truck\/","name":"Krafthand-Truck","description":"","potentialAction":[{"@type":"SearchAction","target":{"@type":"EntryPoint","urlTemplate":"https:\/\/www.krafthand.de\/truck\/?s={search_term_string}"},"query-input":{"@type":"PropertyValueSpecification","valueRequired":true,"valueName":"search_term_string"}}],"inLanguage":"de"},{"@type":"Person","@id":"https:\/\/www.krafthand.de\/truck\/#\/schema\/person\/51fa80b1c57034c4bf63f9f988fc24ce","name":"georg.blenk@krafthand-medien.de","image":{"@type":"ImageObject","inLanguage":"de","@id":"https:\/\/secure.gravatar.com\/avatar\/93713c30affe0aa95d3a4130e499bb1abee2eb31adbdd9ce2aa1543538490215?s=96&d=mm&r=g","url":"https:\/\/secure.gravatar.com\/avatar\/93713c30affe0aa95d3a4130e499bb1abee2eb31adbdd9ce2aa1543538490215?s=96&d=mm&r=g","contentUrl":"https:\/\/secure.gravatar.com\/avatar\/93713c30affe0aa95d3a4130e499bb1abee2eb31adbdd9ce2aa1543538490215?s=96&d=mm&r=g","caption":"georg.blenk@krafthand-medien.de"}}]}},"_links":{"self":[{"href":"https:\/\/www.krafthand.de\/truck\/wp-json\/wp\/v2\/posts\/43421","targetHints":{"allow":["GET"]}}],"collection":[{"href":"https:\/\/www.krafthand.de\/truck\/wp-json\/wp\/v2\/posts"}],"about":[{"href":"https:\/\/www.krafthand.de\/truck\/wp-json\/wp\/v2\/types\/post"}],"author":[{"embeddable":true,"href":"https:\/\/www.krafthand.de\/truck\/wp-json\/wp\/v2\/users\/9"}],"replies":[{"embeddable":true,"href":"https:\/\/www.krafthand.de\/truck\/wp-json\/wp\/v2\/comments?post=43421"}],"version-history":[{"count":4,"href":"https:\/\/www.krafthand.de\/truck\/wp-json\/wp\/v2\/posts\/43421\/revisions"}],"predecessor-version":[{"id":43427,"href":"https:\/\/www.krafthand.de\/truck\/wp-json\/wp\/v2\/posts\/43421\/revisions\/43427"}],"wp:featuredmedia":[{"embeddable":true,"href":"https:\/\/www.krafthand.de\/truck\/wp-json\/wp\/v2\/media\/43426"}],"wp:attachment":[{"href":"https:\/\/www.krafthand.de\/truck\/wp-json\/wp\/v2\/media?parent=43421"}],"wp:term":[{"taxonomy":"category","embeddable":true,"href":"https:\/\/www.krafthand.de\/truck\/wp-json\/wp\/v2\/categories?post=43421"},{"taxonomy":"post_tag","embeddable":true,"href":"https:\/\/www.krafthand.de\/truck\/wp-json\/wp\/v2\/tags?post=43421"},{"taxonomy":"settings","embeddable":true,"href":"https:\/\/www.krafthand.de\/truck\/wp-json\/wp\/v2\/settings?post=43421"}],"curies":[{"name":"wp","href":"https:\/\/api.w.org\/{rel}","templated":true}]}}