{"id":43360,"date":"2025-07-18T15:13:02","date_gmt":"2025-07-18T13:13:02","guid":{"rendered":"https:\/\/www.krafthand.de\/truck\/?p=43360"},"modified":"2025-07-18T15:13:02","modified_gmt":"2025-07-18T13:13:02","slug":"am-laufenden-band","status":"publish","type":"post","link":"https:\/\/www.krafthand.de\/truck\/artikel\/am-laufenden-band-43360\/","title":{"rendered":"Am laufenden Band\u2026"},"content":{"rendered":"<p>K\u00fcrzlich konnten wir im Rahmen der S-Way-Experience einen Blick hinter die Kulissen der Lkw-Produktion von IVECO am Standort Madrid werfen. Er ist eines von 19 Produktionsstandorten weltweit. In der riesigen Anlage (rund 374.000 Quadratmeter) arbeiten 2.750 Mitarbeiterinnen und Mitarbeiter. 25 Prozent davon sind Frauen. In 15 Wochenschichten produzieren die Mitarbeiter(innen) unter anderem den IVECO S-Way, den T-Way sowie den X-Way. Rund 140 Fahrzeuge verlassen pro Tag die Hallen. Im \u00dcbrigen h\u00e4lt IVECO weltweit 6.054 Patente.<\/p>\n<h3>Hohe Varianz, komplexe Prozesse<\/h3>\n<figure id=\"attachment_43364\" aria-describedby=\"caption-attachment-43364\" style=\"width: 420px\" class=\"wp-caption alignleft\"><a href=\"https:\/\/static.krafthand-truck.de\/uploads\/2025\/07\/IVECO_Montage_Kuehler_S_Way_Produktion_Madrid.jpg\" target=\"_blank\" rel=\"noopener\"><img fetchpriority=\"high\" decoding=\"async\" class=\"wp-image-43364\" src=\"https:\/\/static.krafthand-truck.de\/uploads\/2025\/07\/IVECO_Montage_Kuehler_S_Way_Produktion_Madrid-300x172.jpg\" alt=\"\" width=\"420\" height=\"240\" srcset=\"https:\/\/static.krafthand-truck.de\/uploads\/2025\/07\/IVECO_Montage_Kuehler_S_Way_Produktion_Madrid-300x172.jpg 300w, https:\/\/static.krafthand-truck.de\/uploads\/2025\/07\/IVECO_Montage_Kuehler_S_Way_Produktion_Madrid-1024x586.jpg 1024w, https:\/\/static.krafthand-truck.de\/uploads\/2025\/07\/IVECO_Montage_Kuehler_S_Way_Produktion_Madrid-768x440.jpg 768w, https:\/\/static.krafthand-truck.de\/uploads\/2025\/07\/IVECO_Montage_Kuehler_S_Way_Produktion_Madrid.jpg 1200w\" sizes=\"(max-width: 420px) 100vw, 420px\" \/><\/a><figcaption id=\"caption-attachment-43364\" class=\"wp-caption-text\">Lastgest\u00fctzte Montagearbeiten am Vorderwagen eines S-Way 340. Bild: IVECO<\/figcaption><\/figure>\n<p>Moderne Produktionsabl\u00e4ufe im Lkw-Bau sind digitalisiert und auf Effizienz, Flexibilit\u00e4t sowie Nachhaltigkeit ausgerichtet. Die Automatisierungsgrad ist jedoch l\u00e4ngst nicht so hoch wie im Pkw-Bereich. So wird bei <a href=\"https:\/\/www.iveco.com\/Germany\/\" target=\"_blank\" rel=\"noopener\">IVECO<\/a> in Madrid auch verh\u00e4ltnism\u00e4\u00dfig viel Hand angelegt. Dennoch stellt sich die Produktion aufgrund der hohen Fahrzeugvarianz komplex dar. So wird nur durchschnittlich jede 3,2 Jahre exakt das gleiche Fahrzeug gebaut. In Zahlen ausgedr\u00fcckt: In Madrid werden neun Baureihen, 267 unterschiedliche Modelle mit 2.648 Einzeloptionen hergestellt. Das ergibt 41.524 Varianten. Dabei verbaut man pro Fahrzeug rund 30.470 Einzelteile. Dabei ist jedes gr\u00f6\u00dfere Bauteil, jede angelieferte Baugruppe \u00fcber QR- oder RFID-Codes r\u00fcckverfolgbar (Traceability).<\/p>\n<p>&nbsp;<\/p>\n<p>&nbsp;<\/p>\n<h3><\/h3>\n<figure id=\"attachment_43365\" aria-describedby=\"caption-attachment-43365\" style=\"width: 800px\" class=\"wp-caption aligncenter\"><img decoding=\"async\" class=\"wp-image-43365\" src=\"https:\/\/static.krafthand-truck.de\/uploads\/2025\/07\/IVECO_Hochzeit_Motormontage_Werk_Madrid-300x178.jpg\" alt=\"\" width=\"800\" height=\"473\" srcset=\"https:\/\/static.krafthand-truck.de\/uploads\/2025\/07\/IVECO_Hochzeit_Motormontage_Werk_Madrid-300x178.jpg 300w, https:\/\/static.krafthand-truck.de\/uploads\/2025\/07\/IVECO_Hochzeit_Motormontage_Werk_Madrid-1024x606.jpg 1024w, https:\/\/static.krafthand-truck.de\/uploads\/2025\/07\/IVECO_Hochzeit_Motormontage_Werk_Madrid-768x454.jpg 768w, https:\/\/static.krafthand-truck.de\/uploads\/2025\/07\/IVECO_Hochzeit_Motormontage_Werk_Madrid.jpg 1200w\" sizes=\"(max-width: 800px) 100vw, 800px\" \/><figcaption id=\"caption-attachment-43365\" class=\"wp-caption-text\">\u201aHochzeit\u2018: Ein XCursor-Motor, inklusive Getriebe kurz vor der Montage. Bild: IVECO<\/figcaption><\/figure>\n<h3>Durchgetaktet<\/h3>\n<figure id=\"attachment_43367\" aria-describedby=\"caption-attachment-43367\" style=\"width: 420px\" class=\"wp-caption alignright\"><a href=\"https:\/\/static.krafthand-truck.de\/uploads\/2025\/07\/IVECO_Werk_Madrid_Einbau_Armaturentafel.jpg\" target=\"_blank\" rel=\"noopener\"><img decoding=\"async\" class=\"wp-image-43367\" src=\"https:\/\/static.krafthand-truck.de\/uploads\/2025\/07\/IVECO_Werk_Madrid_Einbau_Armaturentafel-300x192.jpg\" alt=\"\" width=\"420\" height=\"268\" srcset=\"https:\/\/static.krafthand-truck.de\/uploads\/2025\/07\/IVECO_Werk_Madrid_Einbau_Armaturentafel-300x192.jpg 300w, https:\/\/static.krafthand-truck.de\/uploads\/2025\/07\/IVECO_Werk_Madrid_Einbau_Armaturentafel-1024x654.jpg 1024w, https:\/\/static.krafthand-truck.de\/uploads\/2025\/07\/IVECO_Werk_Madrid_Einbau_Armaturentafel-768x490.jpg 768w, https:\/\/static.krafthand-truck.de\/uploads\/2025\/07\/IVECO_Werk_Madrid_Einbau_Armaturentafel.jpg 1200w\" sizes=\"(max-width: 420px) 100vw, 420px\" \/><\/a><figcaption id=\"caption-attachment-43367\" class=\"wp-caption-text\">Der Einbau der Armaturentafel erfolgt ger\u00e4tegest\u00fctzt. Bild: IVECO<\/figcaption><\/figure>\n<p>Die Taktzeit in Madrid bel\u00e4uft sich durchschnittlich auf 6,56 Minuten je Montagestation. Dies erscheint auf den ersten Blick gro\u00dfz\u00fcgig, gibt aber den Mitarbeiter(innen) die gebotene Zeit in aller Sorgfalt und Genauigkeit zu arbeiten. Unterst\u00fctzt werden die Monteure durch fahrerlose Transportsysteme (FTS). Sie liefern einzelne Baugruppen \u201aJust-in-Sequence\u2018 (JIT) an die Stationen. Beispielsweise werden die vormontierten Motoren, inklusive Getriebe, Turbolader und Kabelbaum quasi selbstst\u00e4ndig zum Fahrzeug transportiert. F\u00fcr die \u201aHochzeit\u2018 sorgen entsprechend geschulte Mitarbeiter(innen) mit Hilfe eines Hebekrans und entsprechendem Drehmomentwerkzeugen f\u00fcr den Einbau. Tats\u00e4chlich faszinierend wie eingespielt und rasch die Montage der rund 1.018 Kilogramm schweren Antriebseinheit (ohne Getriebe) einher geht. Im \u00dcbrigen unterst\u00fctzen an jeder Montagestation entweder Industrieroboter oder Hebe- und Schwenkeinrichtungen die Mitarbeiter(innen) bei der Montage. Das Vorschlagswesen, im Sinne eines permanenten Verbesserungsprozesses, tr\u00e4gt zur stetigen Optimierung des Montageprozesses bei. Dabei spielt nicht nur die Effizienz eine Rolle, vielmehr die Ergonomie und Arbeitssicherheit.<\/p>\n<figure id=\"attachment_43369\" aria-describedby=\"caption-attachment-43369\" style=\"width: 800px\" class=\"wp-caption aligncenter\"><img loading=\"lazy\" decoding=\"async\" class=\"wp-image-43369\" src=\"https:\/\/static.krafthand-truck.de\/uploads\/2025\/07\/IVECO_robotergestuetzte_Montage_Logo-300x173.jpg\" alt=\"\" width=\"800\" height=\"460\" srcset=\"https:\/\/static.krafthand-truck.de\/uploads\/2025\/07\/IVECO_robotergestuetzte_Montage_Logo-300x173.jpg 300w, https:\/\/static.krafthand-truck.de\/uploads\/2025\/07\/IVECO_robotergestuetzte_Montage_Logo-1024x589.jpg 1024w, https:\/\/static.krafthand-truck.de\/uploads\/2025\/07\/IVECO_robotergestuetzte_Montage_Logo-768x442.jpg 768w, https:\/\/static.krafthand-truck.de\/uploads\/2025\/07\/IVECO_robotergestuetzte_Montage_Logo.jpg 1200w\" sizes=\"(max-width: 800px) 100vw, 800px\" \/><figcaption id=\"caption-attachment-43369\" class=\"wp-caption-text\">Das Sign\u00e9 \u201aIVECO\u2018 wird vollautomatisch von einem Roboter auf der Fronthaube aufgebracht. Bild: IVECO<\/figcaption><\/figure>\n<p>&nbsp;<\/p>\n<h3>Beispiel S-Way<\/h3>\n<figure id=\"attachment_43371\" aria-describedby=\"caption-attachment-43371\" style=\"width: 420px\" class=\"wp-caption alignleft\"><a href=\"https:\/\/static.krafthand-truck.de\/uploads\/2025\/07\/IVECO_S_Way_2025.jpg\" target=\"_blank\" rel=\"noopener\"><img loading=\"lazy\" decoding=\"async\" class=\"wp-image-43371\" src=\"https:\/\/static.krafthand-truck.de\/uploads\/2025\/07\/IVECO_S_Way_2025-300x170.jpg\" alt=\"\" width=\"420\" height=\"237\" srcset=\"https:\/\/static.krafthand-truck.de\/uploads\/2025\/07\/IVECO_S_Way_2025-300x170.jpg 300w, https:\/\/static.krafthand-truck.de\/uploads\/2025\/07\/IVECO_S_Way_2025-1024x579.jpg 1024w, https:\/\/static.krafthand-truck.de\/uploads\/2025\/07\/IVECO_S_Way_2025-768x434.jpg 768w, https:\/\/static.krafthand-truck.de\/uploads\/2025\/07\/IVECO_S_Way_2025.jpg 1200w\" sizes=\"(max-width: 420px) 100vw, 420px\" \/><\/a><figcaption id=\"caption-attachment-43371\" class=\"wp-caption-text\">Der neue IVECO S-Way kommt jetzt mit R\u00fcckspiegelkameras daher. Bild: Georg Blenk<\/figcaption><\/figure>\n<p>Einer der Lkw, der die Produktionshallen in Madrid verl\u00e4sst, ist der neue IVECO S-Way in unterschiedlichsten Varianten. Das Fahrzeug kommt mit zahlreichen Neuerungen daher. So wird der neue <a href=\"https:\/\/www.krafthand.de\/truck\/artikel\/xcursor13_multifuel_fpt_industrial-42355\/\" target=\"_blank\" rel=\"noopener\">XCursor 13 Motor<\/a> von FPT Industrial verbaut. Er sorgt laut IVECO durch verschiedene innermotorische Ma\u00dfnahmen f\u00fcr einen um zehn Prozent verringerten Kraftstoffverbrauch im Vergleich zum Vorg\u00e4ngermodell. Maximal leistet der Sechszylinder-Reihenmotor 580 PS bei 2.800 Nm. Die optimierte Luftzufuhr des XC-13 erm\u00f6glicht mit Hilfe eines elektronisch gesteuerten EVGT-Turboladers ein \u201aDownspeeding\u2018. Das bedeutet, die Motordrehzahl kann bei gleicher Leistung reduziert werden, was den Kraftstoffverbrauch senkt, das Ansprechverhalten und die Verbrennungseffizienz verbessert. Tats\u00e4chlich konnte man das bei den Probefahrten im Hinterland von Madrid pers\u00f6nlich erfahren \u2013 Laufruhe und richtig \u201aDurchzug\u2018 von unten. Dabei handelt es sich beim XC13 um einen Multifuel-Motor, der neben Diesel mit CNG, LNG, HVO100 und mit geringen Anpassungen, auch mit Wasserstoff betrieben werden kann.<\/p>\n<figure id=\"attachment_43372\" aria-describedby=\"caption-attachment-43372\" style=\"width: 420px\" class=\"wp-caption alignright\"><a href=\"https:\/\/static.krafthand-truck.de\/uploads\/2025\/07\/IVECO_S_Way_Innenraumdesign.jpg\" target=\"_blank\" rel=\"noopener\"><img loading=\"lazy\" decoding=\"async\" class=\"wp-image-43372\" src=\"https:\/\/static.krafthand-truck.de\/uploads\/2025\/07\/IVECO_S_Way_Innenraumdesign-300x169.jpg\" alt=\"\" width=\"420\" height=\"236\" srcset=\"https:\/\/static.krafthand-truck.de\/uploads\/2025\/07\/IVECO_S_Way_Innenraumdesign-300x169.jpg 300w, https:\/\/static.krafthand-truck.de\/uploads\/2025\/07\/IVECO_S_Way_Innenraumdesign-1024x576.jpg 1024w, https:\/\/static.krafthand-truck.de\/uploads\/2025\/07\/IVECO_S_Way_Innenraumdesign-768x432.jpg 768w, https:\/\/static.krafthand-truck.de\/uploads\/2025\/07\/IVECO_S_Way_Innenraumdesign.jpg 1200w\" sizes=\"(max-width: 420px) 100vw, 420px\" \/><\/a><figcaption id=\"caption-attachment-43372\" class=\"wp-caption-text\">Das neue Innenraumdesign der S-Way Baureihe. Bild: Georg Blenk<\/figcaption><\/figure>\n<p>Ferner verf\u00fcgt der neue S-Way \u00fcber eine neue Hochleistungs-Motorbremse (HPED) von Jacobs Vehicle Systems (eine Kombination aus Dekompressions- und Abgas-Gegendruckbremse), einem HI-Tronix-Getriebe der zweiten Generation sowie eine l\u00e4ngere Hinterachs-\u00dcbersetzung (2.17 \/ 2.06). Hinzu kommen eine aktive Lenkung, adaptive Cruise Stop&amp;Go, neue kamerabasierte R\u00fcckspiegel, ein verbessertes GPS sowie ein neuer Tempomat mit unterschiedlichen Fahrmodi. Last but not least hat IVECO dem S-Way auch ein neues Exterieur- und Innenraumdesign spendiert. Letzteres gliedert die Fahrerkabine in den Driver-Bereich, den Ablagebereich sowie den Ruhebereich. Der neue S-Way, einer von vielen, \u201aMade in Spain\u2018.<\/p>\n<p>&nbsp;<\/p>\n<p><i>Den Beitrag finden Sie auch in der Print-Ausgabe 3-2025 der <a href=\"https:\/\/www.krafthand.de\/truck\/magazin\/\" title=\"Zum Magazin\">Krafthand-Truck<\/a>.<\/i><\/p>\r\n\t\t\t\t<div class=\"post-author\">\r\n\t\t\t\t\t<div class=\"khm-cp-author clearfix\">\r\n\t\t\t\t\t\t<div class=\"khm-cp-author__content\">\r\n\t\t\t\t\t\t\t\tKontakt zum Autor:<br \/>\r\n\t\t\t\t\t\t\t\t<strong>Georg Blenk<\/strong>, 08247 \/ 3007-45 |  <a href=\"mailto:georg.blenk@krafthand-medien.de\">georg.blenk@krafthand-medien.de<\/a>\r\n\t\t\t\t\t\t\t<div class=\"khm-cp-author__image\">\r\n\t\t\t\t\t\t<img src=\"https:\/\/static.krafthand-truck.de\/uploads\/2021\/01\/Blenk_6104-250x300-1-removebg-preview.png\" class=\"img-responsive\">\r\n\t\t\t\t\t<\/div>\r\n\t\t\t\t\t\t<\/div>\r\n\t\t\t\t\t<\/div>\r\n\t\t\t\t<\/div>\r\n\t\t\t\t","protected":false},"excerpt":{"rendered":"<p>K\u00fcrzlich konnten wir im Rahmen der S-Way-Experience einen Blick hinter die Kulissen der Lkw-Produktion von IVECO am Standort Madrid werfen. Er ist eines von 19 Produktionsstandorten weltweit. In der riesigen Anlage (rund 374.000 Quadratmeter) arbeiten 2.750 Mitarbeiterinnen und Mitarbeiter. 25 Prozent davon sind Frauen. Unter anderen wird der neue S-Way dort produziert. <span class=\"excerpt-more__dots\">&#8230;<\/span> <a class=\"excerpt-more__link\" href=\"https:\/\/www.krafthand.de\/truck\/artikel\/am-laufenden-band-43360\/\" >weiter<\/a><\/p>\n","protected":false},"author":9,"featured_media":43362,"comment_status":"closed","ping_status":"closed","sticky":false,"template":"","format":"standard","meta":{"footnotes":""},"categories":[4915,4235],"tags":[29,2660,6277,3210,4982,4423],"settings":[3524,4766,3523],"class_list":["post-43360","post","type-post","status-publish","format-standard","has-post-thumbnail","hentry","category-neue-fahrzeuge","category-unternehmen","tag-iveco","tag-jacobs-vehicle-systems","tag-madrid","tag-produktion","tag-s-way","tag-x-way"],"yoast_head":"<!-- This site is optimized with the Yoast SEO plugin v27.3 - https:\/\/yoast.com\/product\/yoast-seo-wordpress\/ -->\n<title>Am laufenden Band\u2026 - Krafthand-Truck<\/title>\n<meta name=\"description\" content=\"K\u00fcrzlich konnten wir im Rahmen der S-Way-Experience einen Blick hinter die Kulissen der Lkw-Produktion von IVECO am Standort Madrid werfen.\" \/>\n<meta name=\"robots\" content=\"index, follow, max-snippet:-1, max-image-preview:large, max-video-preview:-1\" \/>\n<link rel=\"canonical\" href=\"https:\/\/www.krafthand.de\/truck\/artikel\/am-laufenden-band-43360\/\" \/>\n<meta property=\"og:locale\" content=\"de_DE\" \/>\n<meta property=\"og:type\" content=\"article\" \/>\n<meta property=\"og:title\" content=\"Am laufenden Band\u2026 - Krafthand-Truck\" \/>\n<meta property=\"og:description\" content=\"K\u00fcrzlich konnten wir im Rahmen der S-Way-Experience einen Blick hinter die Kulissen der Lkw-Produktion von IVECO am Standort Madrid werfen.\" \/>\n<meta property=\"og:url\" content=\"https:\/\/www.krafthand-truck.de\/artikel\/am-laufenden-band-43360\/\" \/>\n<meta property=\"og:site_name\" content=\"Krafthand-Truck\" \/>\n<meta property=\"article:published_time\" content=\"2025-07-18T13:13:02+00:00\" \/>\n<meta property=\"og:image\" content=\"https:\/\/static.krafthand-truck.de\/uploads\/2025\/07\/IVECO_Werk_Madrid_X_Way_Pegaso.jpg\" \/>\n\t<meta property=\"og:image:width\" content=\"1200\" \/>\n\t<meta property=\"og:image:height\" content=\"654\" \/>\n\t<meta property=\"og:image:type\" content=\"image\/jpeg\" \/>\n<meta name=\"author\" content=\"georg.blenk@krafthand-medien.de\" \/>\n<meta name=\"twitter:card\" content=\"summary_large_image\" \/>\n<meta name=\"twitter:label1\" content=\"Verfasst von\" \/>\n\t<meta name=\"twitter:data1\" content=\"georg.blenk@krafthand-medien.de\" \/>\n\t<meta name=\"twitter:label2\" content=\"Gesch\u00e4tzte Lesezeit\" \/>\n\t<meta name=\"twitter:data2\" content=\"5\u00a0Minuten\" \/>\n<script type=\"application\/ld+json\" class=\"yoast-schema-graph\">{\"@context\":\"https:\\\/\\\/schema.org\",\"@graph\":[{\"@type\":\"Article\",\"@id\":\"https:\\\/\\\/www.krafthand.de\\\/truck\\\/artikel\\\/am-laufenden-band-43360\\\/#article\",\"isPartOf\":{\"@id\":\"https:\\\/\\\/www.krafthand.de\\\/truck\\\/artikel\\\/am-laufenden-band-43360\\\/\"},\"author\":{\"name\":\"georg.blenk@krafthand-medien.de\",\"@id\":\"https:\\\/\\\/www.krafthand.de\\\/truck\\\/#\\\/schema\\\/person\\\/51fa80b1c57034c4bf63f9f988fc24ce\"},\"headline\":\"Am laufenden Band\u2026\",\"datePublished\":\"2025-07-18T13:13:02+00:00\",\"mainEntityOfPage\":{\"@id\":\"https:\\\/\\\/www.krafthand.de\\\/truck\\\/artikel\\\/am-laufenden-band-43360\\\/\"},\"wordCount\":688,\"image\":{\"@id\":\"https:\\\/\\\/www.krafthand.de\\\/truck\\\/artikel\\\/am-laufenden-band-43360\\\/#primaryimage\"},\"thumbnailUrl\":\"https:\\\/\\\/static.krafthand-truck.de\\\/uploads\\\/2025\\\/07\\\/IVECO_Werk_Madrid_X_Way_Pegaso.jpg\",\"keywords\":[\"Iveco\",\"Jacobs Vehicle Systems\",\"Madrid\",\"Produktion\",\"S-Way\",\"X-Way\"],\"articleSection\":[\"Neue Fahrzeuge\",\"Unternehmen\"],\"inLanguage\":\"de\"},{\"@type\":\"WebPage\",\"@id\":\"https:\\\/\\\/www.krafthand.de\\\/truck\\\/artikel\\\/am-laufenden-band-43360\\\/\",\"url\":\"https:\\\/\\\/www.krafthand.de\\\/truck\\\/artikel\\\/am-laufenden-band-43360\\\/\",\"name\":\"Am laufenden Band\u2026 - Krafthand-Truck\",\"isPartOf\":{\"@id\":\"https:\\\/\\\/www.krafthand.de\\\/truck\\\/#website\"},\"primaryImageOfPage\":{\"@id\":\"https:\\\/\\\/www.krafthand.de\\\/truck\\\/artikel\\\/am-laufenden-band-43360\\\/#primaryimage\"},\"image\":{\"@id\":\"https:\\\/\\\/www.krafthand.de\\\/truck\\\/artikel\\\/am-laufenden-band-43360\\\/#primaryimage\"},\"thumbnailUrl\":\"https:\\\/\\\/static.krafthand-truck.de\\\/uploads\\\/2025\\\/07\\\/IVECO_Werk_Madrid_X_Way_Pegaso.jpg\",\"datePublished\":\"2025-07-18T13:13:02+00:00\",\"author\":{\"@id\":\"https:\\\/\\\/www.krafthand.de\\\/truck\\\/#\\\/schema\\\/person\\\/51fa80b1c57034c4bf63f9f988fc24ce\"},\"description\":\"K\u00fcrzlich konnten wir im Rahmen der S-Way-Experience einen Blick hinter die Kulissen der Lkw-Produktion von IVECO am Standort Madrid werfen.\",\"breadcrumb\":{\"@id\":\"https:\\\/\\\/www.krafthand.de\\\/truck\\\/artikel\\\/am-laufenden-band-43360\\\/#breadcrumb\"},\"inLanguage\":\"de\",\"potentialAction\":[{\"@type\":\"ReadAction\",\"target\":[\"https:\\\/\\\/www.krafthand.de\\\/truck\\\/artikel\\\/am-laufenden-band-43360\\\/\"]}]},{\"@type\":\"ImageObject\",\"inLanguage\":\"de\",\"@id\":\"https:\\\/\\\/www.krafthand.de\\\/truck\\\/artikel\\\/am-laufenden-band-43360\\\/#primaryimage\",\"url\":\"https:\\\/\\\/static.krafthand-truck.de\\\/uploads\\\/2025\\\/07\\\/IVECO_Werk_Madrid_X_Way_Pegaso.jpg\",\"contentUrl\":\"https:\\\/\\\/static.krafthand-truck.de\\\/uploads\\\/2025\\\/07\\\/IVECO_Werk_Madrid_X_Way_Pegaso.jpg\",\"width\":1200,\"height\":654},{\"@type\":\"BreadcrumbList\",\"@id\":\"https:\\\/\\\/www.krafthand.de\\\/truck\\\/artikel\\\/am-laufenden-band-43360\\\/#breadcrumb\",\"itemListElement\":[{\"@type\":\"ListItem\",\"position\":1,\"name\":\"Krafthand-Truck\",\"item\":\"https:\\\/\\\/www.krafthand.de\\\/truck\\\/\"},{\"@type\":\"ListItem\",\"position\":2,\"name\":\"IT+Fuhrpark\",\"item\":\"https:\\\/\\\/www.krafthand.de\\\/truck\\\/kategorie\\\/fuhrpark\\\/\"},{\"@type\":\"ListItem\",\"position\":3,\"name\":\"Neue Fahrzeuge\",\"item\":\"https:\\\/\\\/www.krafthand.de\\\/truck\\\/kategorie\\\/fuhrpark\\\/neue-fahrzeuge\\\/\"},{\"@type\":\"ListItem\",\"position\":4,\"name\":\"Am laufenden Band\u2026\"}]},{\"@type\":\"WebSite\",\"@id\":\"https:\\\/\\\/www.krafthand.de\\\/truck\\\/#website\",\"url\":\"https:\\\/\\\/www.krafthand.de\\\/truck\\\/\",\"name\":\"Krafthand-Truck\",\"description\":\"\",\"potentialAction\":[{\"@type\":\"SearchAction\",\"target\":{\"@type\":\"EntryPoint\",\"urlTemplate\":\"https:\\\/\\\/www.krafthand.de\\\/truck\\\/?s={search_term_string}\"},\"query-input\":{\"@type\":\"PropertyValueSpecification\",\"valueRequired\":true,\"valueName\":\"search_term_string\"}}],\"inLanguage\":\"de\"},{\"@type\":\"Person\",\"@id\":\"https:\\\/\\\/www.krafthand.de\\\/truck\\\/#\\\/schema\\\/person\\\/51fa80b1c57034c4bf63f9f988fc24ce\",\"name\":\"georg.blenk@krafthand-medien.de\",\"image\":{\"@type\":\"ImageObject\",\"inLanguage\":\"de\",\"@id\":\"https:\\\/\\\/secure.gravatar.com\\\/avatar\\\/93713c30affe0aa95d3a4130e499bb1abee2eb31adbdd9ce2aa1543538490215?s=96&d=mm&r=g\",\"url\":\"https:\\\/\\\/secure.gravatar.com\\\/avatar\\\/93713c30affe0aa95d3a4130e499bb1abee2eb31adbdd9ce2aa1543538490215?s=96&d=mm&r=g\",\"contentUrl\":\"https:\\\/\\\/secure.gravatar.com\\\/avatar\\\/93713c30affe0aa95d3a4130e499bb1abee2eb31adbdd9ce2aa1543538490215?s=96&d=mm&r=g\",\"caption\":\"georg.blenk@krafthand-medien.de\"}}]}<\/script>\n<!-- \/ Yoast SEO plugin. -->","yoast_head_json":{"title":"Am laufenden Band\u2026 - Krafthand-Truck","description":"K\u00fcrzlich konnten wir im Rahmen der S-Way-Experience einen Blick hinter die Kulissen der Lkw-Produktion von IVECO am Standort Madrid werfen.","robots":{"index":"index","follow":"follow","max-snippet":"max-snippet:-1","max-image-preview":"max-image-preview:large","max-video-preview":"max-video-preview:-1"},"canonical":"https:\/\/www.krafthand.de\/truck\/artikel\/am-laufenden-band-43360\/","og_locale":"de_DE","og_type":"article","og_title":"Am laufenden Band\u2026 - Krafthand-Truck","og_description":"K\u00fcrzlich konnten wir im Rahmen der S-Way-Experience einen Blick hinter die Kulissen der Lkw-Produktion von IVECO am Standort Madrid werfen.","og_url":"https:\/\/www.krafthand-truck.de\/artikel\/am-laufenden-band-43360\/","og_site_name":"Krafthand-Truck","article_published_time":"2025-07-18T13:13:02+00:00","og_image":[{"width":1200,"height":654,"url":"https:\/\/static.krafthand-truck.de\/uploads\/2025\/07\/IVECO_Werk_Madrid_X_Way_Pegaso.jpg","type":"image\/jpeg"}],"author":"georg.blenk@krafthand-medien.de","twitter_card":"summary_large_image","twitter_misc":{"Verfasst von":"georg.blenk@krafthand-medien.de","Gesch\u00e4tzte Lesezeit":"5\u00a0Minuten"},"schema":{"@context":"https:\/\/schema.org","@graph":[{"@type":"Article","@id":"https:\/\/www.krafthand.de\/truck\/artikel\/am-laufenden-band-43360\/#article","isPartOf":{"@id":"https:\/\/www.krafthand.de\/truck\/artikel\/am-laufenden-band-43360\/"},"author":{"name":"georg.blenk@krafthand-medien.de","@id":"https:\/\/www.krafthand.de\/truck\/#\/schema\/person\/51fa80b1c57034c4bf63f9f988fc24ce"},"headline":"Am laufenden Band\u2026","datePublished":"2025-07-18T13:13:02+00:00","mainEntityOfPage":{"@id":"https:\/\/www.krafthand.de\/truck\/artikel\/am-laufenden-band-43360\/"},"wordCount":688,"image":{"@id":"https:\/\/www.krafthand.de\/truck\/artikel\/am-laufenden-band-43360\/#primaryimage"},"thumbnailUrl":"https:\/\/static.krafthand-truck.de\/uploads\/2025\/07\/IVECO_Werk_Madrid_X_Way_Pegaso.jpg","keywords":["Iveco","Jacobs Vehicle Systems","Madrid","Produktion","S-Way","X-Way"],"articleSection":["Neue Fahrzeuge","Unternehmen"],"inLanguage":"de"},{"@type":"WebPage","@id":"https:\/\/www.krafthand.de\/truck\/artikel\/am-laufenden-band-43360\/","url":"https:\/\/www.krafthand.de\/truck\/artikel\/am-laufenden-band-43360\/","name":"Am laufenden Band\u2026 - Krafthand-Truck","isPartOf":{"@id":"https:\/\/www.krafthand.de\/truck\/#website"},"primaryImageOfPage":{"@id":"https:\/\/www.krafthand.de\/truck\/artikel\/am-laufenden-band-43360\/#primaryimage"},"image":{"@id":"https:\/\/www.krafthand.de\/truck\/artikel\/am-laufenden-band-43360\/#primaryimage"},"thumbnailUrl":"https:\/\/static.krafthand-truck.de\/uploads\/2025\/07\/IVECO_Werk_Madrid_X_Way_Pegaso.jpg","datePublished":"2025-07-18T13:13:02+00:00","author":{"@id":"https:\/\/www.krafthand.de\/truck\/#\/schema\/person\/51fa80b1c57034c4bf63f9f988fc24ce"},"description":"K\u00fcrzlich konnten wir im Rahmen der S-Way-Experience einen Blick hinter die Kulissen der Lkw-Produktion von IVECO am Standort Madrid werfen.","breadcrumb":{"@id":"https:\/\/www.krafthand.de\/truck\/artikel\/am-laufenden-band-43360\/#breadcrumb"},"inLanguage":"de","potentialAction":[{"@type":"ReadAction","target":["https:\/\/www.krafthand.de\/truck\/artikel\/am-laufenden-band-43360\/"]}]},{"@type":"ImageObject","inLanguage":"de","@id":"https:\/\/www.krafthand.de\/truck\/artikel\/am-laufenden-band-43360\/#primaryimage","url":"https:\/\/static.krafthand-truck.de\/uploads\/2025\/07\/IVECO_Werk_Madrid_X_Way_Pegaso.jpg","contentUrl":"https:\/\/static.krafthand-truck.de\/uploads\/2025\/07\/IVECO_Werk_Madrid_X_Way_Pegaso.jpg","width":1200,"height":654},{"@type":"BreadcrumbList","@id":"https:\/\/www.krafthand.de\/truck\/artikel\/am-laufenden-band-43360\/#breadcrumb","itemListElement":[{"@type":"ListItem","position":1,"name":"Krafthand-Truck","item":"https:\/\/www.krafthand.de\/truck\/"},{"@type":"ListItem","position":2,"name":"IT+Fuhrpark","item":"https:\/\/www.krafthand.de\/truck\/kategorie\/fuhrpark\/"},{"@type":"ListItem","position":3,"name":"Neue Fahrzeuge","item":"https:\/\/www.krafthand.de\/truck\/kategorie\/fuhrpark\/neue-fahrzeuge\/"},{"@type":"ListItem","position":4,"name":"Am laufenden Band\u2026"}]},{"@type":"WebSite","@id":"https:\/\/www.krafthand.de\/truck\/#website","url":"https:\/\/www.krafthand.de\/truck\/","name":"Krafthand-Truck","description":"","potentialAction":[{"@type":"SearchAction","target":{"@type":"EntryPoint","urlTemplate":"https:\/\/www.krafthand.de\/truck\/?s={search_term_string}"},"query-input":{"@type":"PropertyValueSpecification","valueRequired":true,"valueName":"search_term_string"}}],"inLanguage":"de"},{"@type":"Person","@id":"https:\/\/www.krafthand.de\/truck\/#\/schema\/person\/51fa80b1c57034c4bf63f9f988fc24ce","name":"georg.blenk@krafthand-medien.de","image":{"@type":"ImageObject","inLanguage":"de","@id":"https:\/\/secure.gravatar.com\/avatar\/93713c30affe0aa95d3a4130e499bb1abee2eb31adbdd9ce2aa1543538490215?s=96&d=mm&r=g","url":"https:\/\/secure.gravatar.com\/avatar\/93713c30affe0aa95d3a4130e499bb1abee2eb31adbdd9ce2aa1543538490215?s=96&d=mm&r=g","contentUrl":"https:\/\/secure.gravatar.com\/avatar\/93713c30affe0aa95d3a4130e499bb1abee2eb31adbdd9ce2aa1543538490215?s=96&d=mm&r=g","caption":"georg.blenk@krafthand-medien.de"}}]}},"_links":{"self":[{"href":"https:\/\/www.krafthand.de\/truck\/wp-json\/wp\/v2\/posts\/43360","targetHints":{"allow":["GET"]}}],"collection":[{"href":"https:\/\/www.krafthand.de\/truck\/wp-json\/wp\/v2\/posts"}],"about":[{"href":"https:\/\/www.krafthand.de\/truck\/wp-json\/wp\/v2\/types\/post"}],"author":[{"embeddable":true,"href":"https:\/\/www.krafthand.de\/truck\/wp-json\/wp\/v2\/users\/9"}],"replies":[{"embeddable":true,"href":"https:\/\/www.krafthand.de\/truck\/wp-json\/wp\/v2\/comments?post=43360"}],"version-history":[{"count":9,"href":"https:\/\/www.krafthand.de\/truck\/wp-json\/wp\/v2\/posts\/43360\/revisions"}],"predecessor-version":[{"id":43376,"href":"https:\/\/www.krafthand.de\/truck\/wp-json\/wp\/v2\/posts\/43360\/revisions\/43376"}],"wp:featuredmedia":[{"embeddable":true,"href":"https:\/\/www.krafthand.de\/truck\/wp-json\/wp\/v2\/media\/43362"}],"wp:attachment":[{"href":"https:\/\/www.krafthand.de\/truck\/wp-json\/wp\/v2\/media?parent=43360"}],"wp:term":[{"taxonomy":"category","embeddable":true,"href":"https:\/\/www.krafthand.de\/truck\/wp-json\/wp\/v2\/categories?post=43360"},{"taxonomy":"post_tag","embeddable":true,"href":"https:\/\/www.krafthand.de\/truck\/wp-json\/wp\/v2\/tags?post=43360"},{"taxonomy":"settings","embeddable":true,"href":"https:\/\/www.krafthand.de\/truck\/wp-json\/wp\/v2\/settings?post=43360"}],"curies":[{"name":"wp","href":"https:\/\/api.w.org\/{rel}","templated":true}]}}