{"id":43302,"date":"2025-07-14T10:04:08","date_gmt":"2025-07-14T08:04:08","guid":{"rendered":"https:\/\/www.krafthand.de\/truck\/?p=43302"},"modified":"2025-07-17T11:28:56","modified_gmt":"2025-07-17T09:28:56","slug":"knorr-bremse-baut-truck-komponentenwerk-in-aldersbach-aus","status":"publish","type":"post","link":"https:\/\/www.krafthand.de\/truck\/artikel\/knorr-bremse-baut-truck-komponentenwerk-in-aldersbach-aus-43302\/","title":{"rendered":"Knorr-Bremse baut Truck-Komponentenwerk in Aldersbach aus"},"content":{"rendered":"<p>Knorr-Bremse hat k\u00fcrzlich die Erweiterung seines europaweit gr\u00f6\u00dften Truck-Standorts im niederbayerischem Aldersbach bekannt gegeben. Die geplante Gesamtinvestition bel\u00e4uft sich laut Knorr-Bremse auf rund 125 Millionen Euro. Das Werk soll um rund ein Viertel der bisherigen Fl\u00e4che erweitert und f\u00fcr die Hochvolumen-Produktion der <strong>vollelektrischen Lenkung EPS<\/strong>\u00a0(Electric Power Steering) vorbereitet werden.<\/p>\n<p>Knorr-Bremse investiert auch in energieeffiziente, automatisierte sowie digitale Fertigungstechnologien und will sein Leitwerk bis 2030 als Hochtechnologiestandort weiterentwickeln. Die Inbetriebnahme des erweiterten Bereichs ist f\u00fcr das Fr\u00fchjahr 2027 geplant. \u201eUnsere Technologieinitiative \u201eAldersbach 2030\u201c sorgt f\u00fcr die konsequente Optimierung unserer Produktions-, Logistik- sowie Intralogistikprozesse vor Ort. Dadurch verst\u00e4rken wir unsere langfristige Wettbewerbsf\u00e4higkeit und investieren weiter in die Produktion klimafreundlicher L\u00f6sungen. Unsere EPS unterst\u00fctzt die Elektrifizierung und das automatisierte Fahren von Nutzfahrzeugen ma\u00dfgeblich&#8220;, erkl\u00e4rt Wolfgang Krinner, Gesch\u00e4ftsf\u00fchrer der Knorr-Bremse Systeme f\u00fcr Nutzfahrzeuge GmbH.<\/p>\n<blockquote class=\"khm-quote\"><p>Mit unserem Investment in unser Truck-Werk in Niederbayern bekennen wir uns zum Wirtschafts- und Produktionsstandort Deutschland. Unsere Investitionsentscheidung st\u00e4rkt die digitale Transformation des Standorts und sorgt f\u00fcr zukunftsweisende und hocheffiziente Infrastruktur. Gleichzeitig unterstreichen wir damit unsere Rolle als wichtiger und attraktiver Arbeitgeber in der Region&#8220;, so Bernd Spies, Mitglied des Vorstands der Knorr-Bremse AG und verantwortlich f\u00fcr die Division Systeme f\u00fcr Nutzfahrzeuge. <\/p><\/blockquote>\n<div class=\"infobox box-grey\"><\/p>\n<h3>Hintergrund<\/h3>\n<p>Ein Interview mit Bernd Spies \u00fcber die Entwicklungen im Nutzfahrzeugbereich, das Produktportfolio von Knorr-Bremse, den Aftermarket und die Dienstleistungen f\u00fcr Nfz-Werkst\u00e4tten, finden Sie <a href=\"https:\/\/www.krafthand.de\/truck\/artikel\/neben-der-werkstattdiagnose-treiben-wir-das-angebot-im-bereich-fern-diagnose-und-vorausschauende-wartung-weiter-voran-41248\/\" target=\"_blank\" rel=\"noopener\">hier<\/a>.<\/p>\n<p><\/div>\n<h3>EPS-Bremse mit &#8218;Power on Demand&#8216;.<\/h3>\n<p>Unabh\u00e4ngig von der Antriebstechnologie reduziert die EPS mit ihrem &#8218;Power-on-Demand&#8216;-Prinzip den Energie- beziehungsweise den Kraftstoffverbrauch der Fahrzeuge. Dies senkt die Betriebskosten sowie die CO\u2082-Emissionen insgesamt und zahlt direkt auf die Erf\u00fcllung der CO\u2082-Vorgaben der EU ein. F\u00fcr die Produktionsvorbereitung der vollelektrischen Lenkung am Standort Aldersbach wird Knorr-Bremse eine F\u00f6rderung aus dem Innovationfonds der EU erhalten, der zu den weltweit gr\u00f6\u00dften Finanzierungsprogrammen zur Unterst\u00fctzung des Einsatzes innovativer Dekarbonisierungs-Technologien z\u00e4hlt. Durch die Energieeffizienz der zuk\u00fcnftig produzierten Lenkungen k\u00f6nnen im Betrieb bereits in den ersten zehn Jahren bis zu 5,8 Millionen Tonnen CO\u2082 im Vergleich zu konventionellen Lenksystemen eingespart werden.<\/p>\n<h3>Aldersbach seit \u00fcber 45 Jahren Standort<\/h3>\n<p>Das Werk in Aldersbach ist der gr\u00f6\u00dfte Truck-Standort von Knorr-Bremse in Europa. Hier werden j\u00e4hrlich rund zwei Millionen Scheibenbremsen und \u00fcber f\u00fcnf Millionen mechatronische Komponenten f\u00fcr Bremssysteme produziert. Das 1980 gegr\u00fcndete Werk hat sich \u00fcber die Jahre zu einem internationalen Standort mit \u00fcber 1.000 Mitarbeiterinnen und Mitarbeitern aus \u00fcber 30 verschiedenen L\u00e4ndern entwickelt.<\/p>\n","protected":false},"excerpt":{"rendered":"<p>Knorr-Bremse hat k\u00fcrzlich die Erweiterung seines europaweit gr\u00f6\u00dften Truck-Standorts im niederbayerischem Aldersbach bekannt gegeben. Die geplante Gesamtinvestition bel\u00e4uft sich laut Knorr-Bremse auf rund 125 Millionen Euro. <span class=\"excerpt-more__dots\">&#8230;<\/span> <a class=\"excerpt-more__link\" href=\"https:\/\/www.krafthand.de\/truck\/artikel\/knorr-bremse-baut-truck-komponentenwerk-in-aldersbach-aus-43302\/\" >weiter<\/a><\/p>\n","protected":false},"author":9,"featured_media":43306,"comment_status":"closed","ping_status":"closed","sticky":false,"template":"","format":"standard","meta":{"footnotes":""},"categories":[4238,4235],"tags":[4769,6275,4865,227,4802,5059,186],"settings":[4766,3523],"class_list":["post-43302","post","type-post","status-publish","format-standard","has-post-thumbnail","hentry","category-koepfe","category-unternehmen","tag-adas","tag-aldersbach","tag-bernd-spies","tag-bremse","tag-elektronische-lenkung","tag-eps","tag-knorr-bremse"],"yoast_head":"<!-- This site is optimized with the Yoast SEO plugin v27.3 - https:\/\/yoast.com\/product\/yoast-seo-wordpress\/ -->\n<title>Knorr-Bremse baut Truck-Komponentenwerk in Aldersbach aus - Krafthand-Truck<\/title>\n<meta name=\"description\" content=\"Knorr-Bremse hat k\u00fcrzlich die Erweiterung seines europaweit gr\u00f6\u00dften Truck-Standorts im niederbayerischem Aldersbach bekannt gegeben.\" \/>\n<meta name=\"robots\" content=\"index, follow, max-snippet:-1, max-image-preview:large, max-video-preview:-1\" \/>\n<link rel=\"canonical\" href=\"https:\/\/www.krafthand.de\/truck\/artikel\/knorr-bremse-baut-truck-komponentenwerk-in-aldersbach-aus-43302\/\" \/>\n<meta property=\"og:locale\" content=\"de_DE\" \/>\n<meta property=\"og:type\" content=\"article\" \/>\n<meta property=\"og:title\" content=\"Knorr-Bremse baut Truck-Komponentenwerk in Aldersbach aus - Krafthand-Truck\" \/>\n<meta property=\"og:description\" content=\"Knorr-Bremse hat k\u00fcrzlich die Erweiterung seines europaweit gr\u00f6\u00dften Truck-Standorts im niederbayerischem Aldersbach bekannt gegeben.\" \/>\n<meta property=\"og:url\" content=\"https:\/\/www.krafthand-truck.de\/artikel\/knorr-bremse-baut-truck-komponentenwerk-in-aldersbach-aus-43302\/\" \/>\n<meta property=\"og:site_name\" content=\"Krafthand-Truck\" \/>\n<meta property=\"article:published_time\" content=\"2025-07-14T08:04:08+00:00\" \/>\n<meta property=\"article:modified_time\" content=\"2025-07-17T09:28:56+00:00\" \/>\n<meta property=\"og:image\" content=\"https:\/\/static.krafthand-truck.de\/uploads\/2025\/07\/Knorr_Bremse_EPS_Werk_Aldersbach.jpg\" \/>\n\t<meta property=\"og:image:width\" content=\"1200\" \/>\n\t<meta property=\"og:image:height\" content=\"664\" \/>\n\t<meta property=\"og:image:type\" content=\"image\/jpeg\" \/>\n<meta name=\"author\" content=\"georg.blenk@krafthand-medien.de\" \/>\n<meta name=\"twitter:card\" content=\"summary_large_image\" \/>\n<meta name=\"twitter:label1\" content=\"Verfasst von\" \/>\n\t<meta name=\"twitter:data1\" content=\"georg.blenk@krafthand-medien.de\" \/>\n\t<meta name=\"twitter:label2\" content=\"Gesch\u00e4tzte Lesezeit\" \/>\n\t<meta name=\"twitter:data2\" content=\"3\u00a0Minuten\" \/>\n<script type=\"application\/ld+json\" class=\"yoast-schema-graph\">{\"@context\":\"https:\\\/\\\/schema.org\",\"@graph\":[{\"@type\":\"Article\",\"@id\":\"https:\\\/\\\/www.krafthand.de\\\/truck\\\/artikel\\\/knorr-bremse-baut-truck-komponentenwerk-in-aldersbach-aus-43302\\\/#article\",\"isPartOf\":{\"@id\":\"https:\\\/\\\/www.krafthand.de\\\/truck\\\/artikel\\\/knorr-bremse-baut-truck-komponentenwerk-in-aldersbach-aus-43302\\\/\"},\"author\":{\"name\":\"georg.blenk@krafthand-medien.de\",\"@id\":\"https:\\\/\\\/www.krafthand.de\\\/truck\\\/#\\\/schema\\\/person\\\/51fa80b1c57034c4bf63f9f988fc24ce\"},\"headline\":\"Knorr-Bremse baut Truck-Komponentenwerk in Aldersbach aus\",\"datePublished\":\"2025-07-14T08:04:08+00:00\",\"dateModified\":\"2025-07-17T09:28:56+00:00\",\"mainEntityOfPage\":{\"@id\":\"https:\\\/\\\/www.krafthand.de\\\/truck\\\/artikel\\\/knorr-bremse-baut-truck-komponentenwerk-in-aldersbach-aus-43302\\\/\"},\"wordCount\":421,\"image\":{\"@id\":\"https:\\\/\\\/www.krafthand.de\\\/truck\\\/artikel\\\/knorr-bremse-baut-truck-komponentenwerk-in-aldersbach-aus-43302\\\/#primaryimage\"},\"thumbnailUrl\":\"https:\\\/\\\/static.krafthand-truck.de\\\/uploads\\\/2025\\\/07\\\/Knorr_Bremse_EPS_Werk_Aldersbach.jpg\",\"keywords\":[\"ADAS\",\"Aldersbach\",\"Bernd Spies\",\"Bremse\",\"elektronische Lenkung\",\"EPS\",\"Knorr-Bremse\"],\"articleSection\":[\"K\u00f6pfe\\\/Personen\",\"Unternehmen\"],\"inLanguage\":\"de\"},{\"@type\":\"WebPage\",\"@id\":\"https:\\\/\\\/www.krafthand.de\\\/truck\\\/artikel\\\/knorr-bremse-baut-truck-komponentenwerk-in-aldersbach-aus-43302\\\/\",\"url\":\"https:\\\/\\\/www.krafthand.de\\\/truck\\\/artikel\\\/knorr-bremse-baut-truck-komponentenwerk-in-aldersbach-aus-43302\\\/\",\"name\":\"Knorr-Bremse baut Truck-Komponentenwerk in Aldersbach aus - Krafthand-Truck\",\"isPartOf\":{\"@id\":\"https:\\\/\\\/www.krafthand.de\\\/truck\\\/#website\"},\"primaryImageOfPage\":{\"@id\":\"https:\\\/\\\/www.krafthand.de\\\/truck\\\/artikel\\\/knorr-bremse-baut-truck-komponentenwerk-in-aldersbach-aus-43302\\\/#primaryimage\"},\"image\":{\"@id\":\"https:\\\/\\\/www.krafthand.de\\\/truck\\\/artikel\\\/knorr-bremse-baut-truck-komponentenwerk-in-aldersbach-aus-43302\\\/#primaryimage\"},\"thumbnailUrl\":\"https:\\\/\\\/static.krafthand-truck.de\\\/uploads\\\/2025\\\/07\\\/Knorr_Bremse_EPS_Werk_Aldersbach.jpg\",\"datePublished\":\"2025-07-14T08:04:08+00:00\",\"dateModified\":\"2025-07-17T09:28:56+00:00\",\"author\":{\"@id\":\"https:\\\/\\\/www.krafthand.de\\\/truck\\\/#\\\/schema\\\/person\\\/51fa80b1c57034c4bf63f9f988fc24ce\"},\"description\":\"Knorr-Bremse hat k\u00fcrzlich die Erweiterung seines europaweit gr\u00f6\u00dften Truck-Standorts im niederbayerischem Aldersbach bekannt gegeben.\",\"breadcrumb\":{\"@id\":\"https:\\\/\\\/www.krafthand.de\\\/truck\\\/artikel\\\/knorr-bremse-baut-truck-komponentenwerk-in-aldersbach-aus-43302\\\/#breadcrumb\"},\"inLanguage\":\"de\",\"potentialAction\":[{\"@type\":\"ReadAction\",\"target\":[\"https:\\\/\\\/www.krafthand.de\\\/truck\\\/artikel\\\/knorr-bremse-baut-truck-komponentenwerk-in-aldersbach-aus-43302\\\/\"]}]},{\"@type\":\"ImageObject\",\"inLanguage\":\"de\",\"@id\":\"https:\\\/\\\/www.krafthand.de\\\/truck\\\/artikel\\\/knorr-bremse-baut-truck-komponentenwerk-in-aldersbach-aus-43302\\\/#primaryimage\",\"url\":\"https:\\\/\\\/static.krafthand-truck.de\\\/uploads\\\/2025\\\/07\\\/Knorr_Bremse_EPS_Werk_Aldersbach.jpg\",\"contentUrl\":\"https:\\\/\\\/static.krafthand-truck.de\\\/uploads\\\/2025\\\/07\\\/Knorr_Bremse_EPS_Werk_Aldersbach.jpg\",\"width\":1200,\"height\":664},{\"@type\":\"BreadcrumbList\",\"@id\":\"https:\\\/\\\/www.krafthand.de\\\/truck\\\/artikel\\\/knorr-bremse-baut-truck-komponentenwerk-in-aldersbach-aus-43302\\\/#breadcrumb\",\"itemListElement\":[{\"@type\":\"ListItem\",\"position\":1,\"name\":\"Krafthand-Truck\",\"item\":\"https:\\\/\\\/www.krafthand.de\\\/truck\\\/\"},{\"@type\":\"ListItem\",\"position\":2,\"name\":\"Nfz-Branche\",\"item\":\"https:\\\/\\\/www.krafthand.de\\\/truck\\\/kategorie\\\/branche\\\/\"},{\"@type\":\"ListItem\",\"position\":3,\"name\":\"K\u00f6pfe\\\/Personen\",\"item\":\"https:\\\/\\\/www.krafthand.de\\\/truck\\\/kategorie\\\/branche\\\/koepfe\\\/\"},{\"@type\":\"ListItem\",\"position\":4,\"name\":\"Knorr-Bremse baut Truck-Komponentenwerk in Aldersbach aus\"}]},{\"@type\":\"WebSite\",\"@id\":\"https:\\\/\\\/www.krafthand.de\\\/truck\\\/#website\",\"url\":\"https:\\\/\\\/www.krafthand.de\\\/truck\\\/\",\"name\":\"Krafthand-Truck\",\"description\":\"\",\"potentialAction\":[{\"@type\":\"SearchAction\",\"target\":{\"@type\":\"EntryPoint\",\"urlTemplate\":\"https:\\\/\\\/www.krafthand.de\\\/truck\\\/?s={search_term_string}\"},\"query-input\":{\"@type\":\"PropertyValueSpecification\",\"valueRequired\":true,\"valueName\":\"search_term_string\"}}],\"inLanguage\":\"de\"},{\"@type\":\"Person\",\"@id\":\"https:\\\/\\\/www.krafthand.de\\\/truck\\\/#\\\/schema\\\/person\\\/51fa80b1c57034c4bf63f9f988fc24ce\",\"name\":\"georg.blenk@krafthand-medien.de\",\"image\":{\"@type\":\"ImageObject\",\"inLanguage\":\"de\",\"@id\":\"https:\\\/\\\/secure.gravatar.com\\\/avatar\\\/93713c30affe0aa95d3a4130e499bb1abee2eb31adbdd9ce2aa1543538490215?s=96&d=mm&r=g\",\"url\":\"https:\\\/\\\/secure.gravatar.com\\\/avatar\\\/93713c30affe0aa95d3a4130e499bb1abee2eb31adbdd9ce2aa1543538490215?s=96&d=mm&r=g\",\"contentUrl\":\"https:\\\/\\\/secure.gravatar.com\\\/avatar\\\/93713c30affe0aa95d3a4130e499bb1abee2eb31adbdd9ce2aa1543538490215?s=96&d=mm&r=g\",\"caption\":\"georg.blenk@krafthand-medien.de\"}}]}<\/script>\n<!-- \/ Yoast SEO plugin. -->","yoast_head_json":{"title":"Knorr-Bremse baut Truck-Komponentenwerk in Aldersbach aus - Krafthand-Truck","description":"Knorr-Bremse hat k\u00fcrzlich die Erweiterung seines europaweit gr\u00f6\u00dften Truck-Standorts im niederbayerischem Aldersbach bekannt gegeben.","robots":{"index":"index","follow":"follow","max-snippet":"max-snippet:-1","max-image-preview":"max-image-preview:large","max-video-preview":"max-video-preview:-1"},"canonical":"https:\/\/www.krafthand.de\/truck\/artikel\/knorr-bremse-baut-truck-komponentenwerk-in-aldersbach-aus-43302\/","og_locale":"de_DE","og_type":"article","og_title":"Knorr-Bremse baut Truck-Komponentenwerk in Aldersbach aus - Krafthand-Truck","og_description":"Knorr-Bremse hat k\u00fcrzlich die Erweiterung seines europaweit gr\u00f6\u00dften Truck-Standorts im niederbayerischem Aldersbach bekannt gegeben.","og_url":"https:\/\/www.krafthand-truck.de\/artikel\/knorr-bremse-baut-truck-komponentenwerk-in-aldersbach-aus-43302\/","og_site_name":"Krafthand-Truck","article_published_time":"2025-07-14T08:04:08+00:00","article_modified_time":"2025-07-17T09:28:56+00:00","og_image":[{"width":1200,"height":664,"url":"https:\/\/static.krafthand-truck.de\/uploads\/2025\/07\/Knorr_Bremse_EPS_Werk_Aldersbach.jpg","type":"image\/jpeg"}],"author":"georg.blenk@krafthand-medien.de","twitter_card":"summary_large_image","twitter_misc":{"Verfasst von":"georg.blenk@krafthand-medien.de","Gesch\u00e4tzte Lesezeit":"3\u00a0Minuten"},"schema":{"@context":"https:\/\/schema.org","@graph":[{"@type":"Article","@id":"https:\/\/www.krafthand.de\/truck\/artikel\/knorr-bremse-baut-truck-komponentenwerk-in-aldersbach-aus-43302\/#article","isPartOf":{"@id":"https:\/\/www.krafthand.de\/truck\/artikel\/knorr-bremse-baut-truck-komponentenwerk-in-aldersbach-aus-43302\/"},"author":{"name":"georg.blenk@krafthand-medien.de","@id":"https:\/\/www.krafthand.de\/truck\/#\/schema\/person\/51fa80b1c57034c4bf63f9f988fc24ce"},"headline":"Knorr-Bremse baut Truck-Komponentenwerk in Aldersbach aus","datePublished":"2025-07-14T08:04:08+00:00","dateModified":"2025-07-17T09:28:56+00:00","mainEntityOfPage":{"@id":"https:\/\/www.krafthand.de\/truck\/artikel\/knorr-bremse-baut-truck-komponentenwerk-in-aldersbach-aus-43302\/"},"wordCount":421,"image":{"@id":"https:\/\/www.krafthand.de\/truck\/artikel\/knorr-bremse-baut-truck-komponentenwerk-in-aldersbach-aus-43302\/#primaryimage"},"thumbnailUrl":"https:\/\/static.krafthand-truck.de\/uploads\/2025\/07\/Knorr_Bremse_EPS_Werk_Aldersbach.jpg","keywords":["ADAS","Aldersbach","Bernd Spies","Bremse","elektronische Lenkung","EPS","Knorr-Bremse"],"articleSection":["K\u00f6pfe\/Personen","Unternehmen"],"inLanguage":"de"},{"@type":"WebPage","@id":"https:\/\/www.krafthand.de\/truck\/artikel\/knorr-bremse-baut-truck-komponentenwerk-in-aldersbach-aus-43302\/","url":"https:\/\/www.krafthand.de\/truck\/artikel\/knorr-bremse-baut-truck-komponentenwerk-in-aldersbach-aus-43302\/","name":"Knorr-Bremse baut Truck-Komponentenwerk in Aldersbach aus - Krafthand-Truck","isPartOf":{"@id":"https:\/\/www.krafthand.de\/truck\/#website"},"primaryImageOfPage":{"@id":"https:\/\/www.krafthand.de\/truck\/artikel\/knorr-bremse-baut-truck-komponentenwerk-in-aldersbach-aus-43302\/#primaryimage"},"image":{"@id":"https:\/\/www.krafthand.de\/truck\/artikel\/knorr-bremse-baut-truck-komponentenwerk-in-aldersbach-aus-43302\/#primaryimage"},"thumbnailUrl":"https:\/\/static.krafthand-truck.de\/uploads\/2025\/07\/Knorr_Bremse_EPS_Werk_Aldersbach.jpg","datePublished":"2025-07-14T08:04:08+00:00","dateModified":"2025-07-17T09:28:56+00:00","author":{"@id":"https:\/\/www.krafthand.de\/truck\/#\/schema\/person\/51fa80b1c57034c4bf63f9f988fc24ce"},"description":"Knorr-Bremse hat k\u00fcrzlich die Erweiterung seines europaweit gr\u00f6\u00dften Truck-Standorts im niederbayerischem Aldersbach bekannt gegeben.","breadcrumb":{"@id":"https:\/\/www.krafthand.de\/truck\/artikel\/knorr-bremse-baut-truck-komponentenwerk-in-aldersbach-aus-43302\/#breadcrumb"},"inLanguage":"de","potentialAction":[{"@type":"ReadAction","target":["https:\/\/www.krafthand.de\/truck\/artikel\/knorr-bremse-baut-truck-komponentenwerk-in-aldersbach-aus-43302\/"]}]},{"@type":"ImageObject","inLanguage":"de","@id":"https:\/\/www.krafthand.de\/truck\/artikel\/knorr-bremse-baut-truck-komponentenwerk-in-aldersbach-aus-43302\/#primaryimage","url":"https:\/\/static.krafthand-truck.de\/uploads\/2025\/07\/Knorr_Bremse_EPS_Werk_Aldersbach.jpg","contentUrl":"https:\/\/static.krafthand-truck.de\/uploads\/2025\/07\/Knorr_Bremse_EPS_Werk_Aldersbach.jpg","width":1200,"height":664},{"@type":"BreadcrumbList","@id":"https:\/\/www.krafthand.de\/truck\/artikel\/knorr-bremse-baut-truck-komponentenwerk-in-aldersbach-aus-43302\/#breadcrumb","itemListElement":[{"@type":"ListItem","position":1,"name":"Krafthand-Truck","item":"https:\/\/www.krafthand.de\/truck\/"},{"@type":"ListItem","position":2,"name":"Nfz-Branche","item":"https:\/\/www.krafthand.de\/truck\/kategorie\/branche\/"},{"@type":"ListItem","position":3,"name":"K\u00f6pfe\/Personen","item":"https:\/\/www.krafthand.de\/truck\/kategorie\/branche\/koepfe\/"},{"@type":"ListItem","position":4,"name":"Knorr-Bremse baut Truck-Komponentenwerk in Aldersbach aus"}]},{"@type":"WebSite","@id":"https:\/\/www.krafthand.de\/truck\/#website","url":"https:\/\/www.krafthand.de\/truck\/","name":"Krafthand-Truck","description":"","potentialAction":[{"@type":"SearchAction","target":{"@type":"EntryPoint","urlTemplate":"https:\/\/www.krafthand.de\/truck\/?s={search_term_string}"},"query-input":{"@type":"PropertyValueSpecification","valueRequired":true,"valueName":"search_term_string"}}],"inLanguage":"de"},{"@type":"Person","@id":"https:\/\/www.krafthand.de\/truck\/#\/schema\/person\/51fa80b1c57034c4bf63f9f988fc24ce","name":"georg.blenk@krafthand-medien.de","image":{"@type":"ImageObject","inLanguage":"de","@id":"https:\/\/secure.gravatar.com\/avatar\/93713c30affe0aa95d3a4130e499bb1abee2eb31adbdd9ce2aa1543538490215?s=96&d=mm&r=g","url":"https:\/\/secure.gravatar.com\/avatar\/93713c30affe0aa95d3a4130e499bb1abee2eb31adbdd9ce2aa1543538490215?s=96&d=mm&r=g","contentUrl":"https:\/\/secure.gravatar.com\/avatar\/93713c30affe0aa95d3a4130e499bb1abee2eb31adbdd9ce2aa1543538490215?s=96&d=mm&r=g","caption":"georg.blenk@krafthand-medien.de"}}]}},"_links":{"self":[{"href":"https:\/\/www.krafthand.de\/truck\/wp-json\/wp\/v2\/posts\/43302","targetHints":{"allow":["GET"]}}],"collection":[{"href":"https:\/\/www.krafthand.de\/truck\/wp-json\/wp\/v2\/posts"}],"about":[{"href":"https:\/\/www.krafthand.de\/truck\/wp-json\/wp\/v2\/types\/post"}],"author":[{"embeddable":true,"href":"https:\/\/www.krafthand.de\/truck\/wp-json\/wp\/v2\/users\/9"}],"replies":[{"embeddable":true,"href":"https:\/\/www.krafthand.de\/truck\/wp-json\/wp\/v2\/comments?post=43302"}],"version-history":[{"count":3,"href":"https:\/\/www.krafthand.de\/truck\/wp-json\/wp\/v2\/posts\/43302\/revisions"}],"predecessor-version":[{"id":43307,"href":"https:\/\/www.krafthand.de\/truck\/wp-json\/wp\/v2\/posts\/43302\/revisions\/43307"}],"wp:featuredmedia":[{"embeddable":true,"href":"https:\/\/www.krafthand.de\/truck\/wp-json\/wp\/v2\/media\/43306"}],"wp:attachment":[{"href":"https:\/\/www.krafthand.de\/truck\/wp-json\/wp\/v2\/media?parent=43302"}],"wp:term":[{"taxonomy":"category","embeddable":true,"href":"https:\/\/www.krafthand.de\/truck\/wp-json\/wp\/v2\/categories?post=43302"},{"taxonomy":"post_tag","embeddable":true,"href":"https:\/\/www.krafthand.de\/truck\/wp-json\/wp\/v2\/tags?post=43302"},{"taxonomy":"settings","embeddable":true,"href":"https:\/\/www.krafthand.de\/truck\/wp-json\/wp\/v2\/settings?post=43302"}],"curies":[{"name":"wp","href":"https:\/\/api.w.org\/{rel}","templated":true}]}}