{"id":43278,"date":"2025-07-11T11:07:05","date_gmt":"2025-07-11T09:07:05","guid":{"rendered":"https:\/\/www.krafthand.de\/truck\/?p=43278"},"modified":"2025-07-14T10:04:37","modified_gmt":"2025-07-14T08:04:37","slug":"mercedes-benz-trucks-eroeffnet-global-parts-center-in-halberstadt","status":"publish","type":"post","link":"https:\/\/www.krafthand.de\/truck\/artikel\/mercedes-benz-trucks-eroeffnet-global-parts-center-in-halberstadt-43278\/","title":{"rendered":"Mercedes-Benz Trucks er\u00f6ffnet Global-Parts-Center in Halberstadt"},"content":{"rendered":"<p>Mercedes-Benz Trucks hat gestern den Global Parts Center (GPC) in Halberstadt offiziell er\u00f6ffnet. Die stufenweise Inbetriebnahme l\u00e4uft bereits, erste Ersatzeile sind eingelagert. Daimler-Truck investiert am Standort rund 500 Millionen Euro. Im GPC sollen bis Anfang 2026 rund 650 qualifizierte Arbeitspl\u00e4tze entstehen. Aktuell sind bereits knapp 200 Mitarbeiterinnen und Mitarbeiter in Halberstadt im Einsatz.<\/p>\n<h3>Lieferung von Ersatzteilen in \u00fcber 170 L\u00e4nder der Welt<\/h3>\n<figure id=\"attachment_43290\" aria-describedby=\"caption-attachment-43290\" style=\"width: 420px\" class=\"wp-caption alignleft\"><a href=\"https:\/\/static.krafthand-truck.de\/uploads\/2025\/07\/Daimler_Truck_GPC_Halberstadt_Lkw_Ersatzteile.jpg\" target=\"_blank\" rel=\"noopener\"><img fetchpriority=\"high\" decoding=\"async\" class=\"wp-image-43290\" src=\"https:\/\/static.krafthand-truck.de\/uploads\/2025\/07\/Daimler_Truck_GPC_Halberstadt_Lkw_Ersatzteile-300x173.jpg\" alt=\"\" width=\"420\" height=\"242\" srcset=\"https:\/\/static.krafthand-truck.de\/uploads\/2025\/07\/Daimler_Truck_GPC_Halberstadt_Lkw_Ersatzteile-300x173.jpg 300w, https:\/\/static.krafthand-truck.de\/uploads\/2025\/07\/Daimler_Truck_GPC_Halberstadt_Lkw_Ersatzteile-1024x590.jpg 1024w, https:\/\/static.krafthand-truck.de\/uploads\/2025\/07\/Daimler_Truck_GPC_Halberstadt_Lkw_Ersatzteile-768x442.jpg 768w, https:\/\/static.krafthand-truck.de\/uploads\/2025\/07\/Daimler_Truck_GPC_Halberstadt_Lkw_Ersatzteile.jpg 1200w\" sizes=\"(max-width: 420px) 100vw, 420px\" \/><\/a><figcaption id=\"caption-attachment-43290\" class=\"wp-caption-text\">Die Gesamtfl\u00e4che des GPC in Halberstadt ist rund 35 Fu\u00dfballfelder gro\u00df. Die Photovoltaikanlage ist die gr\u00f6\u00dfte ihrer Art in Europa. Bild: Daimler-Truck<\/figcaption><\/figure>\n<p>Aus dem neuen Logistikstandort heraus werden zuk\u00fcnftig bis zu 300.000 verschiedene Artikel \u2013 von der kleinsten Schraube bis zum fertigen Lkw-Fahrerhaus \u2013 an\u00a0 Teileh\u00e4ndler und Nfz-Werkst\u00e4tten in \u00fcber 170 L\u00e4nder der Welt geliefert werden. Rund 2.600 Lieferanten von Mercedes-Benz Trucks versorgen zuk\u00fcnftig den Logistikstandort mit ihren Teilen. Bereits Mitte Mai dieses Jahres wurde mit der Warenannahme im GPC begonnen &#8211; die Logistikfl\u00e4chen und Regale f\u00fcllen sich sukzessive. Ab Anfang 2026 soll der neue Standort dann \u00fcber 20 regionale Logistikzentren und knapp 3.000 Ersatzteilh\u00e4ndler weltweit versorgen. Damit wird Halberstadt zum Herzst\u00fcck f\u00fcr die weltweite Ersatzteilversorgung von Mercedes-Benz Trucks.<\/p>\n<blockquote class=\"khm-quote\"><p>Heute ist ein guter Tag f\u00fcr Halberstadt und unser gesamtes Heimatland Sachsen-Anhalt. Investitionen wie diese sind nicht allt\u00e4glich, erst recht nicht in diesen schwierigen Zeiten (Dr. Reiner Haseloff, Ministerpr\u00e4sident des Landes Sachsen-Anhalt)<\/p><\/blockquote>\n<h3>35 Fu\u00dfballfelder gro\u00df<\/h3>\n<figure id=\"attachment_43293\" aria-describedby=\"caption-attachment-43293\" style=\"width: 380px\" class=\"wp-caption alignright\"><a href=\"https:\/\/static.krafthand-truck.de\/uploads\/2025\/07\/Daimler_Truck_GPC_Halberstadt_Regale_Lkw_Teilelager.jpg\" target=\"_blank\" rel=\"noopener\"><img decoding=\"async\" class=\"wp-image-43293\" src=\"https:\/\/static.krafthand-truck.de\/uploads\/2025\/07\/Daimler_Truck_GPC_Halberstadt_Regale_Lkw_Teilelager-300x200.jpg\" alt=\"\" width=\"380\" height=\"253\" srcset=\"https:\/\/static.krafthand-truck.de\/uploads\/2025\/07\/Daimler_Truck_GPC_Halberstadt_Regale_Lkw_Teilelager-300x200.jpg 300w, https:\/\/static.krafthand-truck.de\/uploads\/2025\/07\/Daimler_Truck_GPC_Halberstadt_Regale_Lkw_Teilelager-1024x683.jpg 1024w, https:\/\/static.krafthand-truck.de\/uploads\/2025\/07\/Daimler_Truck_GPC_Halberstadt_Regale_Lkw_Teilelager-768x512.jpg 768w, https:\/\/static.krafthand-truck.de\/uploads\/2025\/07\/Daimler_Truck_GPC_Halberstadt_Regale_Lkw_Teilelager.jpg 1200w\" sizes=\"(max-width: 380px) 100vw, 380px\" \/><\/a><figcaption id=\"caption-attachment-43293\" class=\"wp-caption-text\">Noch sind die Regale weitestgehend leer, dies wird sich bald \u00e4ndern. Bild: Daimler-Truck<\/figcaption><\/figure>\n<p>Das Areal umfasst zwei gro\u00dfe, parallel angeordnete Lagerhallen, die jeweils rund 200 Meter breit und 600 Meter lang sind. Hinzu kommen einige kleinere Geb\u00e4ude, wie etwa die Leergut- und Recyclinghallen oder das B\u00fcrogeb\u00e4ude. Der Neubau im Industriepark Ost von Halberstadt wird in einer ersten Ausbaustufe \u00fcber eine bebaute Bruttogrundfl\u00e4che von rund 270.000 Quadratmetern mit rund 260.000 Quadratmetern Logistikfl\u00e4che verf\u00fcgen. Das entspricht mehr als 35 Fu\u00dfballfeldern.<\/p>\n<h3>Ausgekl\u00fcgelte Logistik<\/h3>\n<figure id=\"attachment_43295\" aria-describedby=\"caption-attachment-43295\" style=\"width: 420px\" class=\"wp-caption alignleft\"><a href=\"https:\/\/static.krafthand-truck.de\/uploads\/2025\/07\/Daimler_Truck_GPC_Kleinteilelager.jpg\" target=\"_blank\" rel=\"noopener\"><img decoding=\"async\" class=\"wp-image-43295\" src=\"https:\/\/static.krafthand-truck.de\/uploads\/2025\/07\/Daimler_Truck_GPC_Kleinteilelager-300x163.jpg\" alt=\"\" width=\"420\" height=\"227\" srcset=\"https:\/\/static.krafthand-truck.de\/uploads\/2025\/07\/Daimler_Truck_GPC_Kleinteilelager-300x163.jpg 300w, https:\/\/static.krafthand-truck.de\/uploads\/2025\/07\/Daimler_Truck_GPC_Kleinteilelager-1024x555.jpg 1024w, https:\/\/static.krafthand-truck.de\/uploads\/2025\/07\/Daimler_Truck_GPC_Kleinteilelager-768x416.jpg 768w, https:\/\/static.krafthand-truck.de\/uploads\/2025\/07\/Daimler_Truck_GPC_Kleinteilelager-500x270.jpg 500w, https:\/\/static.krafthand-truck.de\/uploads\/2025\/07\/Daimler_Truck_GPC_Kleinteilelager.jpg 1200w\" sizes=\"(max-width: 420px) 100vw, 420px\" \/><\/a><figcaption id=\"caption-attachment-43295\" class=\"wp-caption-text\">Abertausende Kleinteile wie Schrauben, Muttern, Klammern und Co. werden vollautomatisch im Kleinteilelager konfektioniert. Bild: Daimler-Truck<\/figcaption><\/figure>\n<p>S\u00e4mtliche Fahrzeugteile werden in einem automatisierten Hochregallager und einem ebenfalls automatisierten Kleinteilelager zum sofortigen Abruf bereitstehen. Dies gelingt dank modernster Lager- und F\u00f6rdertechnik. Zudem konnte\u00a0Daimler Truck <a href=\"https:\/\/www.dpworld.com\/de\/eu-intermodal\" target=\"_blank\" rel=\"noopener\">DP World<\/a> gewinnen, ein weltweit aufgestelltes Logistikunternehmen. Es \u00fcbernimmt das operative Tagesgesch\u00e4ft im GPC. Dazu geh\u00f6rt unter anderem die Ausf\u00fchrung der Logistikprozesse im Warenein- und Ausgang sowie dem Teilelager. Das Unternehmen besitzt umfangreiche Erfahrungen \u00fcber die komplette Logistikkette hinweg und verfolgt \u2013 trotz seiner globalen Struktur \u2013 eine klare regionale Ausrichtung.<\/p>\n<blockquote class=\"khm-quote\"><p>Die Ersatzteile aus unserem neuen Logistikzentrum sollen einen wesentlichen Beitrag dazu leisten, dass unsere Kunden und ihre Lkw im Einsatz sein k\u00f6nnen und wir damit unserem Anspruch \u201aTrucks you can trust\u2018 noch besser gerecht werden. Unser neuer Standort in Halberstadt wird uns dabei helfen, unser Service-Gesch\u00e4ft in den n\u00e4chsten Jahren deutlich auszubauen. (Stina Fagerman, Leiterin Marketing, Vertrieb und Services Mercedes-Benz Trucks).<\/p><\/blockquote>\n<h3>Das Energiekonzept<\/h3>\n<figure id=\"attachment_43299\" aria-describedby=\"caption-attachment-43299\" style=\"width: 420px\" class=\"wp-caption alignright\"><a href=\"https:\/\/static.krafthand-truck.de\/uploads\/2025\/07\/Daimler_Truck_GPC_Halberstadt_Photovoltaikanlage.jpg\" target=\"_blank\" rel=\"noopener\"><img loading=\"lazy\" decoding=\"async\" class=\"wp-image-43299\" src=\"https:\/\/static.krafthand-truck.de\/uploads\/2025\/07\/Daimler_Truck_GPC_Halberstadt_Photovoltaikanlage-300x162.jpg\" alt=\"\" width=\"420\" height=\"227\" srcset=\"https:\/\/static.krafthand-truck.de\/uploads\/2025\/07\/Daimler_Truck_GPC_Halberstadt_Photovoltaikanlage-300x162.jpg 300w, https:\/\/static.krafthand-truck.de\/uploads\/2025\/07\/Daimler_Truck_GPC_Halberstadt_Photovoltaikanlage-1024x553.jpg 1024w, https:\/\/static.krafthand-truck.de\/uploads\/2025\/07\/Daimler_Truck_GPC_Halberstadt_Photovoltaikanlage-768x415.jpg 768w, https:\/\/static.krafthand-truck.de\/uploads\/2025\/07\/Daimler_Truck_GPC_Halberstadt_Photovoltaikanlage-500x270.jpg 500w, https:\/\/static.krafthand-truck.de\/uploads\/2025\/07\/Daimler_Truck_GPC_Halberstadt_Photovoltaikanlage.jpg 1200w\" sizes=\"(max-width: 420px) 100vw, 420px\" \/><\/a><figcaption id=\"caption-attachment-43299\" class=\"wp-caption-text\">Die Photovoltaikanlage umfasst eine Fl\u00e4che von rund 250.000 Quadratmeter. Bild: Daimler-Truck<\/figcaption><\/figure>\n<p>Der Logistikstandort in Halberstadt wurde von Beginn an f\u00fcr den CO\u2082-neutralen Betrieb geplant. So verzichtet man komplett auf fossile Energietr\u00e4ger. Es wird weder Erdgas noch Erd\u00f6l ben\u00f6tigt. Erzeugt wird die ben\u00f6tigte Energie durch eine (nach Unternehmenskenntnis) gr\u00f6\u00dften Aufdach-Photovoltaikanlagen in Europa. Mehr als 90 Prozent aller Dachfl\u00e4chen, rund 250.000 Quadratmeter, wurden mit Photovoltaik-Modulen ausgestattet. Die Anlage erzeugt laut Daimler-Truck zuk\u00fcnftig mehr als 20 Millionen Kilowattstunden (kWh) Strom pro Jahr, bei einem Peak von 22 Megawatt (MWp).\u00dcbersch\u00fcssige Energie wird in das Netz eingespeist. Um den Grad der Eigenversorgung so hoch wie m\u00f6glich zu halten, sind zus\u00e4tzlich Energiespeicher vorgesehen.\u00a0Die Beheizung des GPC erfolgt mit elektrischen W\u00e4rmepumpen, die die W\u00e4rme \u00fcber Bodenheizungssysteme in das Geb\u00e4ude bringen. Aufgrund der geringen Heizwassertemperaturen und der Speicherwirkung der Industrieb\u00f6den wird demnach eine hohe Energieeffizienz erreicht.<\/p>\n","protected":false},"excerpt":{"rendered":"<p>Mercedes-Benz Trucks hat gestern den Global Parts Center (GPC) in Halberstadt offiziell er\u00f6ffnet. Die stufenweise Inbetriebnahme l\u00e4uft bereits, erste Ersatzeile sind eingelagert. Daimler-Truck investiert am Standort rund 500 Millionen Euro. Zahlreiche G\u00e4ste aus Politik und Wirtschaft waren zugegen. <span class=\"excerpt-more__dots\">&#8230;<\/span> <a class=\"excerpt-more__link\" href=\"https:\/\/www.krafthand.de\/truck\/artikel\/mercedes-benz-trucks-eroeffnet-global-parts-center-in-halberstadt-43278\/\" >weiter<\/a><\/p>\n","protected":false},"author":9,"featured_media":43292,"comment_status":"closed","ping_status":"closed","sticky":false,"template":"","format":"standard","meta":{"footnotes":""},"categories":[4912,4235],"tags":[510,5494,479,5558],"settings":[4766,3523],"class_list":["post-43278","post","type-post","status-publish","format-standard","has-post-thumbnail","hentry","category-ersatzteile-zubehoer","category-unternehmen","tag-ersatzteile","tag-halberstadt","tag-mercedes-benz","tag-teilelager"],"yoast_head":"<!-- This site is optimized with the Yoast SEO plugin v27.3 - https:\/\/yoast.com\/product\/yoast-seo-wordpress\/ -->\n<title>Mercedes-Benz Trucks er\u00f6ffnet Global-Parts-Center in Halberstadt - Krafthand-Truck<\/title>\n<meta name=\"description\" content=\"Mercedes-Benz Trucks hat den Global Parts Center (GPC) in Halberstadt offiziell er\u00f6ffnet. Am Standort werden 500 Millionen Euro investiert.\" \/>\n<meta name=\"robots\" content=\"index, follow, max-snippet:-1, max-image-preview:large, max-video-preview:-1\" \/>\n<link rel=\"canonical\" href=\"https:\/\/www.krafthand.de\/truck\/artikel\/mercedes-benz-trucks-eroeffnet-global-parts-center-in-halberstadt-43278\/\" \/>\n<meta property=\"og:locale\" content=\"de_DE\" \/>\n<meta property=\"og:type\" content=\"article\" \/>\n<meta property=\"og:title\" content=\"Mercedes-Benz Trucks er\u00f6ffnet Global-Parts-Center in Halberstadt - Krafthand-Truck\" \/>\n<meta property=\"og:description\" content=\"Mercedes-Benz Trucks hat den Global Parts Center (GPC) in Halberstadt offiziell er\u00f6ffnet. Am Standort werden 500 Millionen Euro investiert.\" \/>\n<meta property=\"og:url\" content=\"https:\/\/www.krafthand-truck.de\/artikel\/mercedes-benz-trucks-eroeffnet-global-parts-center-in-halberstadt-43278\/\" \/>\n<meta property=\"og:site_name\" content=\"Krafthand-Truck\" \/>\n<meta property=\"article:published_time\" content=\"2025-07-11T09:07:05+00:00\" \/>\n<meta property=\"article:modified_time\" content=\"2025-07-14T08:04:37+00:00\" \/>\n<meta property=\"og:image\" content=\"https:\/\/static.krafthand-truck.de\/uploads\/2025\/07\/Daimler_Truck_GPC_Halberstadt_Radstroem_Haseloff.jpg\" \/>\n\t<meta property=\"og:image:width\" content=\"1200\" \/>\n\t<meta property=\"og:image:height\" content=\"604\" \/>\n\t<meta property=\"og:image:type\" content=\"image\/jpeg\" \/>\n<meta name=\"author\" content=\"georg.blenk@krafthand-medien.de\" \/>\n<meta name=\"twitter:card\" content=\"summary_large_image\" \/>\n<meta name=\"twitter:label1\" content=\"Verfasst von\" \/>\n\t<meta name=\"twitter:data1\" content=\"georg.blenk@krafthand-medien.de\" \/>\n\t<meta name=\"twitter:label2\" content=\"Gesch\u00e4tzte Lesezeit\" \/>\n\t<meta name=\"twitter:data2\" content=\"5\u00a0Minuten\" \/>\n<script type=\"application\/ld+json\" class=\"yoast-schema-graph\">{\"@context\":\"https:\\\/\\\/schema.org\",\"@graph\":[{\"@type\":\"Article\",\"@id\":\"https:\\\/\\\/www.krafthand.de\\\/truck\\\/artikel\\\/mercedes-benz-trucks-eroeffnet-global-parts-center-in-halberstadt-43278\\\/#article\",\"isPartOf\":{\"@id\":\"https:\\\/\\\/www.krafthand.de\\\/truck\\\/artikel\\\/mercedes-benz-trucks-eroeffnet-global-parts-center-in-halberstadt-43278\\\/\"},\"author\":{\"name\":\"georg.blenk@krafthand-medien.de\",\"@id\":\"https:\\\/\\\/www.krafthand.de\\\/truck\\\/#\\\/schema\\\/person\\\/51fa80b1c57034c4bf63f9f988fc24ce\"},\"headline\":\"Mercedes-Benz Trucks er\u00f6ffnet Global-Parts-Center in Halberstadt\",\"datePublished\":\"2025-07-11T09:07:05+00:00\",\"dateModified\":\"2025-07-14T08:04:37+00:00\",\"mainEntityOfPage\":{\"@id\":\"https:\\\/\\\/www.krafthand.de\\\/truck\\\/artikel\\\/mercedes-benz-trucks-eroeffnet-global-parts-center-in-halberstadt-43278\\\/\"},\"wordCount\":659,\"image\":{\"@id\":\"https:\\\/\\\/www.krafthand.de\\\/truck\\\/artikel\\\/mercedes-benz-trucks-eroeffnet-global-parts-center-in-halberstadt-43278\\\/#primaryimage\"},\"thumbnailUrl\":\"https:\\\/\\\/static.krafthand-truck.de\\\/uploads\\\/2025\\\/07\\\/Daimler_Truck_GPC_Halberstadt_Radstroem_Haseloff.jpg\",\"keywords\":[\"Ersatzteile\",\"Halberstadt\",\"Mercedes-Benz\",\"Teilelager\"],\"articleSection\":[\"Ersatzteile\\\/Zubeh\u00f6r\",\"Unternehmen\"],\"inLanguage\":\"de\"},{\"@type\":\"WebPage\",\"@id\":\"https:\\\/\\\/www.krafthand.de\\\/truck\\\/artikel\\\/mercedes-benz-trucks-eroeffnet-global-parts-center-in-halberstadt-43278\\\/\",\"url\":\"https:\\\/\\\/www.krafthand.de\\\/truck\\\/artikel\\\/mercedes-benz-trucks-eroeffnet-global-parts-center-in-halberstadt-43278\\\/\",\"name\":\"Mercedes-Benz Trucks er\u00f6ffnet Global-Parts-Center in Halberstadt - Krafthand-Truck\",\"isPartOf\":{\"@id\":\"https:\\\/\\\/www.krafthand.de\\\/truck\\\/#website\"},\"primaryImageOfPage\":{\"@id\":\"https:\\\/\\\/www.krafthand.de\\\/truck\\\/artikel\\\/mercedes-benz-trucks-eroeffnet-global-parts-center-in-halberstadt-43278\\\/#primaryimage\"},\"image\":{\"@id\":\"https:\\\/\\\/www.krafthand.de\\\/truck\\\/artikel\\\/mercedes-benz-trucks-eroeffnet-global-parts-center-in-halberstadt-43278\\\/#primaryimage\"},\"thumbnailUrl\":\"https:\\\/\\\/static.krafthand-truck.de\\\/uploads\\\/2025\\\/07\\\/Daimler_Truck_GPC_Halberstadt_Radstroem_Haseloff.jpg\",\"datePublished\":\"2025-07-11T09:07:05+00:00\",\"dateModified\":\"2025-07-14T08:04:37+00:00\",\"author\":{\"@id\":\"https:\\\/\\\/www.krafthand.de\\\/truck\\\/#\\\/schema\\\/person\\\/51fa80b1c57034c4bf63f9f988fc24ce\"},\"description\":\"Mercedes-Benz Trucks hat den Global Parts Center (GPC) in Halberstadt offiziell er\u00f6ffnet. Am Standort werden 500 Millionen Euro investiert.\",\"breadcrumb\":{\"@id\":\"https:\\\/\\\/www.krafthand.de\\\/truck\\\/artikel\\\/mercedes-benz-trucks-eroeffnet-global-parts-center-in-halberstadt-43278\\\/#breadcrumb\"},\"inLanguage\":\"de\",\"potentialAction\":[{\"@type\":\"ReadAction\",\"target\":[\"https:\\\/\\\/www.krafthand.de\\\/truck\\\/artikel\\\/mercedes-benz-trucks-eroeffnet-global-parts-center-in-halberstadt-43278\\\/\"]}]},{\"@type\":\"ImageObject\",\"inLanguage\":\"de\",\"@id\":\"https:\\\/\\\/www.krafthand.de\\\/truck\\\/artikel\\\/mercedes-benz-trucks-eroeffnet-global-parts-center-in-halberstadt-43278\\\/#primaryimage\",\"url\":\"https:\\\/\\\/static.krafthand-truck.de\\\/uploads\\\/2025\\\/07\\\/Daimler_Truck_GPC_Halberstadt_Radstroem_Haseloff.jpg\",\"contentUrl\":\"https:\\\/\\\/static.krafthand-truck.de\\\/uploads\\\/2025\\\/07\\\/Daimler_Truck_GPC_Halberstadt_Radstroem_Haseloff.jpg\",\"width\":1200,\"height\":604},{\"@type\":\"BreadcrumbList\",\"@id\":\"https:\\\/\\\/www.krafthand.de\\\/truck\\\/artikel\\\/mercedes-benz-trucks-eroeffnet-global-parts-center-in-halberstadt-43278\\\/#breadcrumb\",\"itemListElement\":[{\"@type\":\"ListItem\",\"position\":1,\"name\":\"Krafthand-Truck\",\"item\":\"https:\\\/\\\/www.krafthand.de\\\/truck\\\/\"},{\"@type\":\"ListItem\",\"position\":2,\"name\":\"Nfz-Service\",\"item\":\"https:\\\/\\\/www.krafthand.de\\\/truck\\\/kategorie\\\/nfz-service\\\/\"},{\"@type\":\"ListItem\",\"position\":3,\"name\":\"Ersatzteile\\\/Zubeh\u00f6r\",\"item\":\"https:\\\/\\\/www.krafthand.de\\\/truck\\\/kategorie\\\/nfz-service\\\/ersatzteile-zubehoer\\\/\"},{\"@type\":\"ListItem\",\"position\":4,\"name\":\"Mercedes-Benz Trucks er\u00f6ffnet Global-Parts-Center in Halberstadt\"}]},{\"@type\":\"WebSite\",\"@id\":\"https:\\\/\\\/www.krafthand.de\\\/truck\\\/#website\",\"url\":\"https:\\\/\\\/www.krafthand.de\\\/truck\\\/\",\"name\":\"Krafthand-Truck\",\"description\":\"\",\"potentialAction\":[{\"@type\":\"SearchAction\",\"target\":{\"@type\":\"EntryPoint\",\"urlTemplate\":\"https:\\\/\\\/www.krafthand.de\\\/truck\\\/?s={search_term_string}\"},\"query-input\":{\"@type\":\"PropertyValueSpecification\",\"valueRequired\":true,\"valueName\":\"search_term_string\"}}],\"inLanguage\":\"de\"},{\"@type\":\"Person\",\"@id\":\"https:\\\/\\\/www.krafthand.de\\\/truck\\\/#\\\/schema\\\/person\\\/51fa80b1c57034c4bf63f9f988fc24ce\",\"name\":\"georg.blenk@krafthand-medien.de\",\"image\":{\"@type\":\"ImageObject\",\"inLanguage\":\"de\",\"@id\":\"https:\\\/\\\/secure.gravatar.com\\\/avatar\\\/93713c30affe0aa95d3a4130e499bb1abee2eb31adbdd9ce2aa1543538490215?s=96&d=mm&r=g\",\"url\":\"https:\\\/\\\/secure.gravatar.com\\\/avatar\\\/93713c30affe0aa95d3a4130e499bb1abee2eb31adbdd9ce2aa1543538490215?s=96&d=mm&r=g\",\"contentUrl\":\"https:\\\/\\\/secure.gravatar.com\\\/avatar\\\/93713c30affe0aa95d3a4130e499bb1abee2eb31adbdd9ce2aa1543538490215?s=96&d=mm&r=g\",\"caption\":\"georg.blenk@krafthand-medien.de\"}}]}<\/script>\n<!-- \/ Yoast SEO plugin. -->","yoast_head_json":{"title":"Mercedes-Benz Trucks er\u00f6ffnet Global-Parts-Center in Halberstadt - Krafthand-Truck","description":"Mercedes-Benz Trucks hat den Global Parts Center (GPC) in Halberstadt offiziell er\u00f6ffnet. Am Standort werden 500 Millionen Euro investiert.","robots":{"index":"index","follow":"follow","max-snippet":"max-snippet:-1","max-image-preview":"max-image-preview:large","max-video-preview":"max-video-preview:-1"},"canonical":"https:\/\/www.krafthand.de\/truck\/artikel\/mercedes-benz-trucks-eroeffnet-global-parts-center-in-halberstadt-43278\/","og_locale":"de_DE","og_type":"article","og_title":"Mercedes-Benz Trucks er\u00f6ffnet Global-Parts-Center in Halberstadt - Krafthand-Truck","og_description":"Mercedes-Benz Trucks hat den Global Parts Center (GPC) in Halberstadt offiziell er\u00f6ffnet. Am Standort werden 500 Millionen Euro investiert.","og_url":"https:\/\/www.krafthand-truck.de\/artikel\/mercedes-benz-trucks-eroeffnet-global-parts-center-in-halberstadt-43278\/","og_site_name":"Krafthand-Truck","article_published_time":"2025-07-11T09:07:05+00:00","article_modified_time":"2025-07-14T08:04:37+00:00","og_image":[{"width":1200,"height":604,"url":"https:\/\/static.krafthand-truck.de\/uploads\/2025\/07\/Daimler_Truck_GPC_Halberstadt_Radstroem_Haseloff.jpg","type":"image\/jpeg"}],"author":"georg.blenk@krafthand-medien.de","twitter_card":"summary_large_image","twitter_misc":{"Verfasst von":"georg.blenk@krafthand-medien.de","Gesch\u00e4tzte Lesezeit":"5\u00a0Minuten"},"schema":{"@context":"https:\/\/schema.org","@graph":[{"@type":"Article","@id":"https:\/\/www.krafthand.de\/truck\/artikel\/mercedes-benz-trucks-eroeffnet-global-parts-center-in-halberstadt-43278\/#article","isPartOf":{"@id":"https:\/\/www.krafthand.de\/truck\/artikel\/mercedes-benz-trucks-eroeffnet-global-parts-center-in-halberstadt-43278\/"},"author":{"name":"georg.blenk@krafthand-medien.de","@id":"https:\/\/www.krafthand.de\/truck\/#\/schema\/person\/51fa80b1c57034c4bf63f9f988fc24ce"},"headline":"Mercedes-Benz Trucks er\u00f6ffnet Global-Parts-Center in Halberstadt","datePublished":"2025-07-11T09:07:05+00:00","dateModified":"2025-07-14T08:04:37+00:00","mainEntityOfPage":{"@id":"https:\/\/www.krafthand.de\/truck\/artikel\/mercedes-benz-trucks-eroeffnet-global-parts-center-in-halberstadt-43278\/"},"wordCount":659,"image":{"@id":"https:\/\/www.krafthand.de\/truck\/artikel\/mercedes-benz-trucks-eroeffnet-global-parts-center-in-halberstadt-43278\/#primaryimage"},"thumbnailUrl":"https:\/\/static.krafthand-truck.de\/uploads\/2025\/07\/Daimler_Truck_GPC_Halberstadt_Radstroem_Haseloff.jpg","keywords":["Ersatzteile","Halberstadt","Mercedes-Benz","Teilelager"],"articleSection":["Ersatzteile\/Zubeh\u00f6r","Unternehmen"],"inLanguage":"de"},{"@type":"WebPage","@id":"https:\/\/www.krafthand.de\/truck\/artikel\/mercedes-benz-trucks-eroeffnet-global-parts-center-in-halberstadt-43278\/","url":"https:\/\/www.krafthand.de\/truck\/artikel\/mercedes-benz-trucks-eroeffnet-global-parts-center-in-halberstadt-43278\/","name":"Mercedes-Benz Trucks er\u00f6ffnet Global-Parts-Center in Halberstadt - Krafthand-Truck","isPartOf":{"@id":"https:\/\/www.krafthand.de\/truck\/#website"},"primaryImageOfPage":{"@id":"https:\/\/www.krafthand.de\/truck\/artikel\/mercedes-benz-trucks-eroeffnet-global-parts-center-in-halberstadt-43278\/#primaryimage"},"image":{"@id":"https:\/\/www.krafthand.de\/truck\/artikel\/mercedes-benz-trucks-eroeffnet-global-parts-center-in-halberstadt-43278\/#primaryimage"},"thumbnailUrl":"https:\/\/static.krafthand-truck.de\/uploads\/2025\/07\/Daimler_Truck_GPC_Halberstadt_Radstroem_Haseloff.jpg","datePublished":"2025-07-11T09:07:05+00:00","dateModified":"2025-07-14T08:04:37+00:00","author":{"@id":"https:\/\/www.krafthand.de\/truck\/#\/schema\/person\/51fa80b1c57034c4bf63f9f988fc24ce"},"description":"Mercedes-Benz Trucks hat den Global Parts Center (GPC) in Halberstadt offiziell er\u00f6ffnet. Am Standort werden 500 Millionen Euro investiert.","breadcrumb":{"@id":"https:\/\/www.krafthand.de\/truck\/artikel\/mercedes-benz-trucks-eroeffnet-global-parts-center-in-halberstadt-43278\/#breadcrumb"},"inLanguage":"de","potentialAction":[{"@type":"ReadAction","target":["https:\/\/www.krafthand.de\/truck\/artikel\/mercedes-benz-trucks-eroeffnet-global-parts-center-in-halberstadt-43278\/"]}]},{"@type":"ImageObject","inLanguage":"de","@id":"https:\/\/www.krafthand.de\/truck\/artikel\/mercedes-benz-trucks-eroeffnet-global-parts-center-in-halberstadt-43278\/#primaryimage","url":"https:\/\/static.krafthand-truck.de\/uploads\/2025\/07\/Daimler_Truck_GPC_Halberstadt_Radstroem_Haseloff.jpg","contentUrl":"https:\/\/static.krafthand-truck.de\/uploads\/2025\/07\/Daimler_Truck_GPC_Halberstadt_Radstroem_Haseloff.jpg","width":1200,"height":604},{"@type":"BreadcrumbList","@id":"https:\/\/www.krafthand.de\/truck\/artikel\/mercedes-benz-trucks-eroeffnet-global-parts-center-in-halberstadt-43278\/#breadcrumb","itemListElement":[{"@type":"ListItem","position":1,"name":"Krafthand-Truck","item":"https:\/\/www.krafthand.de\/truck\/"},{"@type":"ListItem","position":2,"name":"Nfz-Service","item":"https:\/\/www.krafthand.de\/truck\/kategorie\/nfz-service\/"},{"@type":"ListItem","position":3,"name":"Ersatzteile\/Zubeh\u00f6r","item":"https:\/\/www.krafthand.de\/truck\/kategorie\/nfz-service\/ersatzteile-zubehoer\/"},{"@type":"ListItem","position":4,"name":"Mercedes-Benz Trucks er\u00f6ffnet Global-Parts-Center in Halberstadt"}]},{"@type":"WebSite","@id":"https:\/\/www.krafthand.de\/truck\/#website","url":"https:\/\/www.krafthand.de\/truck\/","name":"Krafthand-Truck","description":"","potentialAction":[{"@type":"SearchAction","target":{"@type":"EntryPoint","urlTemplate":"https:\/\/www.krafthand.de\/truck\/?s={search_term_string}"},"query-input":{"@type":"PropertyValueSpecification","valueRequired":true,"valueName":"search_term_string"}}],"inLanguage":"de"},{"@type":"Person","@id":"https:\/\/www.krafthand.de\/truck\/#\/schema\/person\/51fa80b1c57034c4bf63f9f988fc24ce","name":"georg.blenk@krafthand-medien.de","image":{"@type":"ImageObject","inLanguage":"de","@id":"https:\/\/secure.gravatar.com\/avatar\/93713c30affe0aa95d3a4130e499bb1abee2eb31adbdd9ce2aa1543538490215?s=96&d=mm&r=g","url":"https:\/\/secure.gravatar.com\/avatar\/93713c30affe0aa95d3a4130e499bb1abee2eb31adbdd9ce2aa1543538490215?s=96&d=mm&r=g","contentUrl":"https:\/\/secure.gravatar.com\/avatar\/93713c30affe0aa95d3a4130e499bb1abee2eb31adbdd9ce2aa1543538490215?s=96&d=mm&r=g","caption":"georg.blenk@krafthand-medien.de"}}]}},"_links":{"self":[{"href":"https:\/\/www.krafthand.de\/truck\/wp-json\/wp\/v2\/posts\/43278","targetHints":{"allow":["GET"]}}],"collection":[{"href":"https:\/\/www.krafthand.de\/truck\/wp-json\/wp\/v2\/posts"}],"about":[{"href":"https:\/\/www.krafthand.de\/truck\/wp-json\/wp\/v2\/types\/post"}],"author":[{"embeddable":true,"href":"https:\/\/www.krafthand.de\/truck\/wp-json\/wp\/v2\/users\/9"}],"replies":[{"embeddable":true,"href":"https:\/\/www.krafthand.de\/truck\/wp-json\/wp\/v2\/comments?post=43278"}],"version-history":[{"count":18,"href":"https:\/\/www.krafthand.de\/truck\/wp-json\/wp\/v2\/posts\/43278\/revisions"}],"predecessor-version":[{"id":43301,"href":"https:\/\/www.krafthand.de\/truck\/wp-json\/wp\/v2\/posts\/43278\/revisions\/43301"}],"wp:featuredmedia":[{"embeddable":true,"href":"https:\/\/www.krafthand.de\/truck\/wp-json\/wp\/v2\/media\/43292"}],"wp:attachment":[{"href":"https:\/\/www.krafthand.de\/truck\/wp-json\/wp\/v2\/media?parent=43278"}],"wp:term":[{"taxonomy":"category","embeddable":true,"href":"https:\/\/www.krafthand.de\/truck\/wp-json\/wp\/v2\/categories?post=43278"},{"taxonomy":"post_tag","embeddable":true,"href":"https:\/\/www.krafthand.de\/truck\/wp-json\/wp\/v2\/tags?post=43278"},{"taxonomy":"settings","embeddable":true,"href":"https:\/\/www.krafthand.de\/truck\/wp-json\/wp\/v2\/settings?post=43278"}],"curies":[{"name":"wp","href":"https:\/\/api.w.org\/{rel}","templated":true}]}}