{"id":43215,"date":"2025-06-30T15:18:19","date_gmt":"2025-06-30T13:18:19","guid":{"rendered":"https:\/\/www.krafthand.de\/truck\/?p=43215"},"modified":"2025-06-30T15:18:59","modified_gmt":"2025-06-30T13:18:59","slug":"iveco-magirus-ag-wird-zur-iveco-deutschland-ag","status":"publish","type":"post","link":"https:\/\/www.krafthand.de\/truck\/artikel\/iveco-magirus-ag-wird-zur-iveco-deutschland-ag-43215\/","title":{"rendered":"Iveco Magirus AG wird zur IVECO Deutschland AG"},"content":{"rendered":"<p>Zum heutigen 30. Juni 2025 wird der Name der bisherigen Iveco Magirus AG ge\u00e4ndert. Der neue Name der Gesellschaft lautet dann offiziell Iveco Deutschland AG. Anlass f\u00fcr die Namens\u00e4nderung sei die Ausgliederung der Brandschutzaktivit\u00e4ten und somit der Magirus GmbH aus der Iveco Group, die bereits zum Jahreswechsel vollzogen wurde. Der Markenname &#8218;Magirus&#8216; wurde im Zuge der Ausgliederung an die Magirus GmbH \u00fcbertragen.<\/p>\n<p>F\u00fcr Mitarbeitende, Gesch\u00e4ftspartner und Kunden \u00e4ndere sich durch die Namens\u00e4nderung nichts. Unternehmensstruktur, Ansprechpartner, Vertr\u00e4ge sowie die t\u00e4gliche Zusammenarbeit bleiben bestehen.<\/p>\n<blockquote><p>\u201eDie Namens\u00e4nderung zur Iveco Deutschland AG bietet die Chance, die Marke Iveco in Deutschland noch sichtbarer zu machen \u2013 ohne dabei Bew\u00e4hrtes aufzugeben und gleichzeitig eine klare Abgrenzung zur Marke Magirus zu schaffen\u201c, erkl\u00e4rt Christian Sulser, Vorstandsvorsitzender der Iveco Deutschland AG.<\/p><\/blockquote>\n<h3>Hinweis f\u00fcr Gesch\u00e4ftspartner und Lieferanten<\/h3>\n<p>Lieferanten und Dienstleistern wird dringend empfohlen, ab dem 1. Juli 2025 in ihrer Kommunikation sowie bei der Rechnungsstellung ausschlie\u00dflich den neuen Firmennamen Iveco Deutschland AG zu verwenden. Die bestehenden Bankverbindungen und Umsatzsteuer-Identifikationsnummer bleiben unver\u00e4ndert.<\/p>\n","protected":false},"excerpt":{"rendered":"<p>Zum heutigen 30. Juni 2025 wird der Name der bisherigen Iveco Magirus AG ge\u00e4ndert. Der neue Name der Gesellschaft lautet dann offiziell Iveco Deutschland AG. <span class=\"excerpt-more__dots\">&#8230;<\/span> <a class=\"excerpt-more__link\" href=\"https:\/\/www.krafthand.de\/truck\/artikel\/iveco-magirus-ag-wird-zur-iveco-deutschland-ag-43215\/\" >weiter<\/a><\/p>\n","protected":false},"author":9,"featured_media":43218,"comment_status":"closed","ping_status":"closed","sticky":false,"template":"","format":"standard","meta":{"footnotes":""},"categories":[4235],"tags":[29],"settings":[3523],"class_list":["post-43215","post","type-post","status-publish","format-standard","has-post-thumbnail","hentry","category-unternehmen","tag-iveco"],"yoast_head":"<!-- This site is optimized with the Yoast SEO plugin v27.3 - https:\/\/yoast.com\/product\/yoast-seo-wordpress\/ -->\n<title>Iveco Magirus AG wird zur IVECO Deutschland AG - Krafthand-Truck<\/title>\n<meta name=\"description\" content=\"Zum 30. Juni 2025 wird der Name der bisherigen Iveco Magirus AG ge\u00e4ndert. Der neue Name der Gesellschaft lautet dann Iveco Deutschland AG.\" \/>\n<meta name=\"robots\" content=\"index, follow, max-snippet:-1, max-image-preview:large, max-video-preview:-1\" \/>\n<link rel=\"canonical\" href=\"https:\/\/www.krafthand.de\/truck\/artikel\/iveco-magirus-ag-wird-zur-iveco-deutschland-ag-43215\/\" \/>\n<meta property=\"og:locale\" content=\"de_DE\" \/>\n<meta property=\"og:type\" content=\"article\" \/>\n<meta property=\"og:title\" content=\"Iveco Magirus AG wird zur IVECO Deutschland AG - Krafthand-Truck\" \/>\n<meta property=\"og:description\" content=\"Zum 30. Juni 2025 wird der Name der bisherigen Iveco Magirus AG ge\u00e4ndert. Der neue Name der Gesellschaft lautet dann Iveco Deutschland AG.\" \/>\n<meta property=\"og:url\" content=\"https:\/\/www.krafthand-truck.de\/artikel\/iveco-magirus-ag-wird-zur-iveco-deutschland-ag-43215\/\" \/>\n<meta property=\"og:site_name\" content=\"Krafthand-Truck\" \/>\n<meta property=\"article:published_time\" content=\"2025-06-30T13:18:19+00:00\" \/>\n<meta property=\"article:modified_time\" content=\"2025-06-30T13:18:59+00:00\" \/>\n<meta property=\"og:image\" content=\"https:\/\/static.krafthand-truck.de\/uploads\/2025\/06\/IVECO_Deutschland_AG.jpg\" \/>\n\t<meta property=\"og:image:width\" content=\"1200\" \/>\n\t<meta property=\"og:image:height\" content=\"848\" \/>\n\t<meta property=\"og:image:type\" content=\"image\/jpeg\" \/>\n<meta name=\"author\" content=\"georg.blenk@krafthand-medien.de\" \/>\n<meta name=\"twitter:card\" content=\"summary_large_image\" \/>\n<meta name=\"twitter:label1\" content=\"Verfasst von\" \/>\n\t<meta name=\"twitter:data1\" content=\"georg.blenk@krafthand-medien.de\" \/>\n\t<meta name=\"twitter:label2\" content=\"Gesch\u00e4tzte Lesezeit\" \/>\n\t<meta name=\"twitter:data2\" content=\"1\u00a0Minute\" \/>\n<script type=\"application\/ld+json\" class=\"yoast-schema-graph\">{\"@context\":\"https:\\\/\\\/schema.org\",\"@graph\":[{\"@type\":\"Article\",\"@id\":\"https:\\\/\\\/www.krafthand.de\\\/truck\\\/artikel\\\/iveco-magirus-ag-wird-zur-iveco-deutschland-ag-43215\\\/#article\",\"isPartOf\":{\"@id\":\"https:\\\/\\\/www.krafthand.de\\\/truck\\\/artikel\\\/iveco-magirus-ag-wird-zur-iveco-deutschland-ag-43215\\\/\"},\"author\":{\"name\":\"georg.blenk@krafthand-medien.de\",\"@id\":\"https:\\\/\\\/www.krafthand.de\\\/truck\\\/#\\\/schema\\\/person\\\/51fa80b1c57034c4bf63f9f988fc24ce\"},\"headline\":\"Iveco Magirus AG wird zur IVECO Deutschland AG\",\"datePublished\":\"2025-06-30T13:18:19+00:00\",\"dateModified\":\"2025-06-30T13:18:59+00:00\",\"mainEntityOfPage\":{\"@id\":\"https:\\\/\\\/www.krafthand.de\\\/truck\\\/artikel\\\/iveco-magirus-ag-wird-zur-iveco-deutschland-ag-43215\\\/\"},\"wordCount\":181,\"image\":{\"@id\":\"https:\\\/\\\/www.krafthand.de\\\/truck\\\/artikel\\\/iveco-magirus-ag-wird-zur-iveco-deutschland-ag-43215\\\/#primaryimage\"},\"thumbnailUrl\":\"https:\\\/\\\/static.krafthand-truck.de\\\/uploads\\\/2025\\\/06\\\/IVECO_Deutschland_AG.jpg\",\"keywords\":[\"Iveco\"],\"articleSection\":[\"Unternehmen\"],\"inLanguage\":\"de\"},{\"@type\":\"WebPage\",\"@id\":\"https:\\\/\\\/www.krafthand.de\\\/truck\\\/artikel\\\/iveco-magirus-ag-wird-zur-iveco-deutschland-ag-43215\\\/\",\"url\":\"https:\\\/\\\/www.krafthand.de\\\/truck\\\/artikel\\\/iveco-magirus-ag-wird-zur-iveco-deutschland-ag-43215\\\/\",\"name\":\"Iveco Magirus AG wird zur IVECO Deutschland AG - Krafthand-Truck\",\"isPartOf\":{\"@id\":\"https:\\\/\\\/www.krafthand.de\\\/truck\\\/#website\"},\"primaryImageOfPage\":{\"@id\":\"https:\\\/\\\/www.krafthand.de\\\/truck\\\/artikel\\\/iveco-magirus-ag-wird-zur-iveco-deutschland-ag-43215\\\/#primaryimage\"},\"image\":{\"@id\":\"https:\\\/\\\/www.krafthand.de\\\/truck\\\/artikel\\\/iveco-magirus-ag-wird-zur-iveco-deutschland-ag-43215\\\/#primaryimage\"},\"thumbnailUrl\":\"https:\\\/\\\/static.krafthand-truck.de\\\/uploads\\\/2025\\\/06\\\/IVECO_Deutschland_AG.jpg\",\"datePublished\":\"2025-06-30T13:18:19+00:00\",\"dateModified\":\"2025-06-30T13:18:59+00:00\",\"author\":{\"@id\":\"https:\\\/\\\/www.krafthand.de\\\/truck\\\/#\\\/schema\\\/person\\\/51fa80b1c57034c4bf63f9f988fc24ce\"},\"description\":\"Zum 30. Juni 2025 wird der Name der bisherigen Iveco Magirus AG ge\u00e4ndert. Der neue Name der Gesellschaft lautet dann Iveco Deutschland AG.\",\"breadcrumb\":{\"@id\":\"https:\\\/\\\/www.krafthand.de\\\/truck\\\/artikel\\\/iveco-magirus-ag-wird-zur-iveco-deutschland-ag-43215\\\/#breadcrumb\"},\"inLanguage\":\"de\",\"potentialAction\":[{\"@type\":\"ReadAction\",\"target\":[\"https:\\\/\\\/www.krafthand.de\\\/truck\\\/artikel\\\/iveco-magirus-ag-wird-zur-iveco-deutschland-ag-43215\\\/\"]}]},{\"@type\":\"ImageObject\",\"inLanguage\":\"de\",\"@id\":\"https:\\\/\\\/www.krafthand.de\\\/truck\\\/artikel\\\/iveco-magirus-ag-wird-zur-iveco-deutschland-ag-43215\\\/#primaryimage\",\"url\":\"https:\\\/\\\/static.krafthand-truck.de\\\/uploads\\\/2025\\\/06\\\/IVECO_Deutschland_AG.jpg\",\"contentUrl\":\"https:\\\/\\\/static.krafthand-truck.de\\\/uploads\\\/2025\\\/06\\\/IVECO_Deutschland_AG.jpg\",\"width\":1200,\"height\":848},{\"@type\":\"BreadcrumbList\",\"@id\":\"https:\\\/\\\/www.krafthand.de\\\/truck\\\/artikel\\\/iveco-magirus-ag-wird-zur-iveco-deutschland-ag-43215\\\/#breadcrumb\",\"itemListElement\":[{\"@type\":\"ListItem\",\"position\":1,\"name\":\"Krafthand-Truck\",\"item\":\"https:\\\/\\\/www.krafthand.de\\\/truck\\\/\"},{\"@type\":\"ListItem\",\"position\":2,\"name\":\"Nfz-Branche\",\"item\":\"https:\\\/\\\/www.krafthand.de\\\/truck\\\/kategorie\\\/branche\\\/\"},{\"@type\":\"ListItem\",\"position\":3,\"name\":\"Unternehmen\",\"item\":\"https:\\\/\\\/www.krafthand.de\\\/truck\\\/kategorie\\\/branche\\\/unternehmen\\\/\"},{\"@type\":\"ListItem\",\"position\":4,\"name\":\"Iveco Magirus AG wird zur IVECO Deutschland AG\"}]},{\"@type\":\"WebSite\",\"@id\":\"https:\\\/\\\/www.krafthand.de\\\/truck\\\/#website\",\"url\":\"https:\\\/\\\/www.krafthand.de\\\/truck\\\/\",\"name\":\"Krafthand-Truck\",\"description\":\"\",\"potentialAction\":[{\"@type\":\"SearchAction\",\"target\":{\"@type\":\"EntryPoint\",\"urlTemplate\":\"https:\\\/\\\/www.krafthand.de\\\/truck\\\/?s={search_term_string}\"},\"query-input\":{\"@type\":\"PropertyValueSpecification\",\"valueRequired\":true,\"valueName\":\"search_term_string\"}}],\"inLanguage\":\"de\"},{\"@type\":\"Person\",\"@id\":\"https:\\\/\\\/www.krafthand.de\\\/truck\\\/#\\\/schema\\\/person\\\/51fa80b1c57034c4bf63f9f988fc24ce\",\"name\":\"georg.blenk@krafthand-medien.de\",\"image\":{\"@type\":\"ImageObject\",\"inLanguage\":\"de\",\"@id\":\"https:\\\/\\\/secure.gravatar.com\\\/avatar\\\/93713c30affe0aa95d3a4130e499bb1abee2eb31adbdd9ce2aa1543538490215?s=96&d=mm&r=g\",\"url\":\"https:\\\/\\\/secure.gravatar.com\\\/avatar\\\/93713c30affe0aa95d3a4130e499bb1abee2eb31adbdd9ce2aa1543538490215?s=96&d=mm&r=g\",\"contentUrl\":\"https:\\\/\\\/secure.gravatar.com\\\/avatar\\\/93713c30affe0aa95d3a4130e499bb1abee2eb31adbdd9ce2aa1543538490215?s=96&d=mm&r=g\",\"caption\":\"georg.blenk@krafthand-medien.de\"}}]}<\/script>\n<!-- \/ Yoast SEO plugin. -->","yoast_head_json":{"title":"Iveco Magirus AG wird zur IVECO Deutschland AG - Krafthand-Truck","description":"Zum 30. Juni 2025 wird der Name der bisherigen Iveco Magirus AG ge\u00e4ndert. Der neue Name der Gesellschaft lautet dann Iveco Deutschland AG.","robots":{"index":"index","follow":"follow","max-snippet":"max-snippet:-1","max-image-preview":"max-image-preview:large","max-video-preview":"max-video-preview:-1"},"canonical":"https:\/\/www.krafthand.de\/truck\/artikel\/iveco-magirus-ag-wird-zur-iveco-deutschland-ag-43215\/","og_locale":"de_DE","og_type":"article","og_title":"Iveco Magirus AG wird zur IVECO Deutschland AG - Krafthand-Truck","og_description":"Zum 30. Juni 2025 wird der Name der bisherigen Iveco Magirus AG ge\u00e4ndert. Der neue Name der Gesellschaft lautet dann Iveco Deutschland AG.","og_url":"https:\/\/www.krafthand-truck.de\/artikel\/iveco-magirus-ag-wird-zur-iveco-deutschland-ag-43215\/","og_site_name":"Krafthand-Truck","article_published_time":"2025-06-30T13:18:19+00:00","article_modified_time":"2025-06-30T13:18:59+00:00","og_image":[{"width":1200,"height":848,"url":"https:\/\/static.krafthand-truck.de\/uploads\/2025\/06\/IVECO_Deutschland_AG.jpg","type":"image\/jpeg"}],"author":"georg.blenk@krafthand-medien.de","twitter_card":"summary_large_image","twitter_misc":{"Verfasst von":"georg.blenk@krafthand-medien.de","Gesch\u00e4tzte Lesezeit":"1\u00a0Minute"},"schema":{"@context":"https:\/\/schema.org","@graph":[{"@type":"Article","@id":"https:\/\/www.krafthand.de\/truck\/artikel\/iveco-magirus-ag-wird-zur-iveco-deutschland-ag-43215\/#article","isPartOf":{"@id":"https:\/\/www.krafthand.de\/truck\/artikel\/iveco-magirus-ag-wird-zur-iveco-deutschland-ag-43215\/"},"author":{"name":"georg.blenk@krafthand-medien.de","@id":"https:\/\/www.krafthand.de\/truck\/#\/schema\/person\/51fa80b1c57034c4bf63f9f988fc24ce"},"headline":"Iveco Magirus AG wird zur IVECO Deutschland AG","datePublished":"2025-06-30T13:18:19+00:00","dateModified":"2025-06-30T13:18:59+00:00","mainEntityOfPage":{"@id":"https:\/\/www.krafthand.de\/truck\/artikel\/iveco-magirus-ag-wird-zur-iveco-deutschland-ag-43215\/"},"wordCount":181,"image":{"@id":"https:\/\/www.krafthand.de\/truck\/artikel\/iveco-magirus-ag-wird-zur-iveco-deutschland-ag-43215\/#primaryimage"},"thumbnailUrl":"https:\/\/static.krafthand-truck.de\/uploads\/2025\/06\/IVECO_Deutschland_AG.jpg","keywords":["Iveco"],"articleSection":["Unternehmen"],"inLanguage":"de"},{"@type":"WebPage","@id":"https:\/\/www.krafthand.de\/truck\/artikel\/iveco-magirus-ag-wird-zur-iveco-deutschland-ag-43215\/","url":"https:\/\/www.krafthand.de\/truck\/artikel\/iveco-magirus-ag-wird-zur-iveco-deutschland-ag-43215\/","name":"Iveco Magirus AG wird zur IVECO Deutschland AG - Krafthand-Truck","isPartOf":{"@id":"https:\/\/www.krafthand.de\/truck\/#website"},"primaryImageOfPage":{"@id":"https:\/\/www.krafthand.de\/truck\/artikel\/iveco-magirus-ag-wird-zur-iveco-deutschland-ag-43215\/#primaryimage"},"image":{"@id":"https:\/\/www.krafthand.de\/truck\/artikel\/iveco-magirus-ag-wird-zur-iveco-deutschland-ag-43215\/#primaryimage"},"thumbnailUrl":"https:\/\/static.krafthand-truck.de\/uploads\/2025\/06\/IVECO_Deutschland_AG.jpg","datePublished":"2025-06-30T13:18:19+00:00","dateModified":"2025-06-30T13:18:59+00:00","author":{"@id":"https:\/\/www.krafthand.de\/truck\/#\/schema\/person\/51fa80b1c57034c4bf63f9f988fc24ce"},"description":"Zum 30. Juni 2025 wird der Name der bisherigen Iveco Magirus AG ge\u00e4ndert. Der neue Name der Gesellschaft lautet dann Iveco Deutschland AG.","breadcrumb":{"@id":"https:\/\/www.krafthand.de\/truck\/artikel\/iveco-magirus-ag-wird-zur-iveco-deutschland-ag-43215\/#breadcrumb"},"inLanguage":"de","potentialAction":[{"@type":"ReadAction","target":["https:\/\/www.krafthand.de\/truck\/artikel\/iveco-magirus-ag-wird-zur-iveco-deutschland-ag-43215\/"]}]},{"@type":"ImageObject","inLanguage":"de","@id":"https:\/\/www.krafthand.de\/truck\/artikel\/iveco-magirus-ag-wird-zur-iveco-deutschland-ag-43215\/#primaryimage","url":"https:\/\/static.krafthand-truck.de\/uploads\/2025\/06\/IVECO_Deutschland_AG.jpg","contentUrl":"https:\/\/static.krafthand-truck.de\/uploads\/2025\/06\/IVECO_Deutschland_AG.jpg","width":1200,"height":848},{"@type":"BreadcrumbList","@id":"https:\/\/www.krafthand.de\/truck\/artikel\/iveco-magirus-ag-wird-zur-iveco-deutschland-ag-43215\/#breadcrumb","itemListElement":[{"@type":"ListItem","position":1,"name":"Krafthand-Truck","item":"https:\/\/www.krafthand.de\/truck\/"},{"@type":"ListItem","position":2,"name":"Nfz-Branche","item":"https:\/\/www.krafthand.de\/truck\/kategorie\/branche\/"},{"@type":"ListItem","position":3,"name":"Unternehmen","item":"https:\/\/www.krafthand.de\/truck\/kategorie\/branche\/unternehmen\/"},{"@type":"ListItem","position":4,"name":"Iveco Magirus AG wird zur IVECO Deutschland AG"}]},{"@type":"WebSite","@id":"https:\/\/www.krafthand.de\/truck\/#website","url":"https:\/\/www.krafthand.de\/truck\/","name":"Krafthand-Truck","description":"","potentialAction":[{"@type":"SearchAction","target":{"@type":"EntryPoint","urlTemplate":"https:\/\/www.krafthand.de\/truck\/?s={search_term_string}"},"query-input":{"@type":"PropertyValueSpecification","valueRequired":true,"valueName":"search_term_string"}}],"inLanguage":"de"},{"@type":"Person","@id":"https:\/\/www.krafthand.de\/truck\/#\/schema\/person\/51fa80b1c57034c4bf63f9f988fc24ce","name":"georg.blenk@krafthand-medien.de","image":{"@type":"ImageObject","inLanguage":"de","@id":"https:\/\/secure.gravatar.com\/avatar\/93713c30affe0aa95d3a4130e499bb1abee2eb31adbdd9ce2aa1543538490215?s=96&d=mm&r=g","url":"https:\/\/secure.gravatar.com\/avatar\/93713c30affe0aa95d3a4130e499bb1abee2eb31adbdd9ce2aa1543538490215?s=96&d=mm&r=g","contentUrl":"https:\/\/secure.gravatar.com\/avatar\/93713c30affe0aa95d3a4130e499bb1abee2eb31adbdd9ce2aa1543538490215?s=96&d=mm&r=g","caption":"georg.blenk@krafthand-medien.de"}}]}},"_links":{"self":[{"href":"https:\/\/www.krafthand.de\/truck\/wp-json\/wp\/v2\/posts\/43215","targetHints":{"allow":["GET"]}}],"collection":[{"href":"https:\/\/www.krafthand.de\/truck\/wp-json\/wp\/v2\/posts"}],"about":[{"href":"https:\/\/www.krafthand.de\/truck\/wp-json\/wp\/v2\/types\/post"}],"author":[{"embeddable":true,"href":"https:\/\/www.krafthand.de\/truck\/wp-json\/wp\/v2\/users\/9"}],"replies":[{"embeddable":true,"href":"https:\/\/www.krafthand.de\/truck\/wp-json\/wp\/v2\/comments?post=43215"}],"version-history":[{"count":3,"href":"https:\/\/www.krafthand.de\/truck\/wp-json\/wp\/v2\/posts\/43215\/revisions"}],"predecessor-version":[{"id":43219,"href":"https:\/\/www.krafthand.de\/truck\/wp-json\/wp\/v2\/posts\/43215\/revisions\/43219"}],"wp:featuredmedia":[{"embeddable":true,"href":"https:\/\/www.krafthand.de\/truck\/wp-json\/wp\/v2\/media\/43218"}],"wp:attachment":[{"href":"https:\/\/www.krafthand.de\/truck\/wp-json\/wp\/v2\/media?parent=43215"}],"wp:term":[{"taxonomy":"category","embeddable":true,"href":"https:\/\/www.krafthand.de\/truck\/wp-json\/wp\/v2\/categories?post=43215"},{"taxonomy":"post_tag","embeddable":true,"href":"https:\/\/www.krafthand.de\/truck\/wp-json\/wp\/v2\/tags?post=43215"},{"taxonomy":"settings","embeddable":true,"href":"https:\/\/www.krafthand.de\/truck\/wp-json\/wp\/v2\/settings?post=43215"}],"curies":[{"name":"wp","href":"https:\/\/api.w.org\/{rel}","templated":true}]}}