{"id":43189,"date":"2025-06-27T14:09:51","date_gmt":"2025-06-27T12:09:51","guid":{"rendered":"https:\/\/www.krafthand.de\/truck\/?p=43189"},"modified":"2025-06-27T14:13:03","modified_gmt":"2025-06-27T12:13:03","slug":"renault-trucks-beim-adac-truck-grand-prix-am-nuerburgring","status":"publish","type":"post","link":"https:\/\/www.krafthand.de\/truck\/artikel\/renault-trucks-beim-adac-truck-grand-prix-am-nuerburgring-43189\/","title":{"rendered":"Renault Trucks beim ADAC-Truck-Grand-Prix am N\u00fcrburgring"},"content":{"rendered":"<p>Vom 10. bis 13. Juli 2025 pr\u00e4sentiert Renault Trucks im Rahmen des<a href=\"https:\/\/truck-grand-prix.de\" target=\"_blank\" rel=\"noopener\"> ADAC-Truck-Grand-Prix<\/a> am N\u00fcrburgring Transportl\u00f6sungen f\u00fcr den Fernverkehr. Im Fokus stehen\u00a0 der vollelektrische Renault Trucks E-Tech T &#8218;Diamond Echo&#8216; und der kraftstoffeffiziente &#8218;T High Smart Racer&#8216; mit modernem Dieselantrieb. Beide Fahrzeuge stehen exemplarisch f\u00fcr praxisnahe Innovationen, mit denen Transportunternehmen ihre Flotten zukunftssicher und wirtschaftlich aufstellen k\u00f6nnen.<\/p>\n<p>Ein t\u00e4gliches Vortragsprogramm liefert praxisrelevante Einblicke: Experten von Renault Trucks zeigen, wie sich nachhaltige L\u00f6sungen sinnvoll in bestehende Logistikprozesse und Flotten integrieren lassen. Ziel sei es, Spediteuren und Fuhrparkverantwortlichen konkrete Wege aufzuzeigen, wie sich emissionsarme Transporte wirtschaftlich umsetzen lassen. Die Vortr\u00e4ge finden t\u00e4glich zur Mittagszeit an der Eventb\u00fchne statt \u2013 direkt neben dem vollelektrischen Renault Trucks E-Tech T &#8218;Diamond Echo&#8216;.<\/p>\n<h3>&#8218;T High Smart Racer&#8216;<\/h3>\n<p>Im konventionellen Fernverkehr m\u00f6chte Renault Trucks mit dem &#8218;T High Smart Racer&#8216; ein Zeichen setzen. Das fahrzeug mit DE13 Turbo Compound Motor soll demonstrieren , welches Potenzial im Diesel steckt. Dank umfassender Effizienztechnologien erm\u00f6glicht das Fahrzeug im Vergleich zu einem Standardmodell eine Kraftstoffeinsparung von bis zu 14 Prozent und eine CO\u2082-Reduktion von bis zu 15 Prozent.<\/p>\n<h3>E-Tech T &#8218;Diamond Echo&#8216;<\/h3>\n<p>Mit seiner leuchtenden Speziallackierung soll der <a href=\"https:\/\/www.renault-trucks.de\" target=\"_blank\" rel=\"noopener\">Renault Trucks<\/a> E-Tech T &#8218;Diamond Echo&#8216; symbolisch f\u00fcr den Wandel im Fernverkehr stehen. Das Fahrzeug bietet laut Renault Trucks eine elektrische Reichweite von bis zu 500 Kilometern mit einer Zwischenladung. Die Schnellladef\u00e4higkeit und Rekuperation machen sollen das Fahrzeug besonders alltagstauglich machen. Ab 2025 ist zudem eine Variante mit neuer E-Achse und bis zu 600 Kilometern Reichweite erh\u00e4ltlich.<\/p>\n<h3>Industriegel\u00e4nde \/ Stand R29<\/h3>\n<p>Renault Trucks ist auf dem Industriegel\u00e4nde des N\u00fcrburgrings mit einem eigenen Stand (R29) pr\u00e4sent. Dort laden nicht nur die ausgestellten Fahrzeuge zum Kennenlernen ein \u2013 der vollelektrische E-Tech T &#8218;Diamond Echo&#8216; steht dabei neben der Eventb\u00fchne, wo t\u00e4glich zur Mittagszeit das Vortragsprogramm stattfindet. Ein DJ sorgt f\u00fcr entspannte Atmosph\u00e4re, w\u00e4hrend sich Besucherinnen und Besucher mit Expertinnen und Experten zu aktuellen Trends, Technologien und konkreten Umsetzungsstrategien im Transportwesen austauschen k\u00f6nnen.<\/p>\n","protected":false},"excerpt":{"rendered":"<p>Vom 10. bis 13. Juli 2025 pr\u00e4sentiert Renault Trucks im Rahmen des ADAC-Truck-Grand-Prix am N\u00fcrburgring Transportl\u00f6sungen f\u00fcr den Fernverkehr. Im Fokus stehen\u00a0 der vollelektrische Renault Trucks E-Tech T &#8218;Diamond Echo&#8216; und der kraftstoffeffiziente &#8218;T High Smart Racer&#8216; mit modernem Dieselantrieb. <span class=\"excerpt-more__dots\">&#8230;<\/span> <a class=\"excerpt-more__link\" href=\"https:\/\/www.krafthand.de\/truck\/artikel\/renault-trucks-beim-adac-truck-grand-prix-am-nuerburgring-43189\/\" >weiter<\/a><\/p>\n","protected":false},"author":9,"featured_media":43194,"comment_status":"closed","ping_status":"closed","sticky":false,"template":"","format":"standard","meta":{"footnotes":""},"categories":[4915,4236],"tags":[1587,4177,146,1343],"settings":[4766,3523],"class_list":["post-43189","post","type-post","status-publish","format-standard","has-post-thumbnail","hentry","category-neue-fahrzeuge","category-veranstaltungen","tag-adac-truck-grand-prix","tag-e-lkw","tag-nuerburgring","tag-renault-trucks"],"yoast_head":"<!-- This site is optimized with the Yoast SEO plugin v27.3 - https:\/\/yoast.com\/product\/yoast-seo-wordpress\/ -->\n<title>Renault Trucks beim ADAC-Truck-Grand-Prix am N\u00fcrburgring - Krafthand-Truck<\/title>\n<meta name=\"description\" content=\"Vom 10. bis 13. Juli 2025 pr\u00e4sentiert Renault Trucks im Rahmen des ADAC-Truck-Grand-Prix am N\u00fcrburgring Transportl\u00f6sungen f\u00fcr den Fernverkehr.\" \/>\n<meta name=\"robots\" content=\"index, follow, max-snippet:-1, max-image-preview:large, max-video-preview:-1\" \/>\n<link rel=\"canonical\" href=\"https:\/\/www.krafthand.de\/truck\/artikel\/renault-trucks-beim-adac-truck-grand-prix-am-nuerburgring-43189\/\" \/>\n<meta property=\"og:locale\" content=\"de_DE\" \/>\n<meta property=\"og:type\" content=\"article\" \/>\n<meta property=\"og:title\" content=\"Renault Trucks beim ADAC-Truck-Grand-Prix am N\u00fcrburgring - Krafthand-Truck\" \/>\n<meta property=\"og:description\" content=\"Vom 10. bis 13. Juli 2025 pr\u00e4sentiert Renault Trucks im Rahmen des ADAC-Truck-Grand-Prix am N\u00fcrburgring Transportl\u00f6sungen f\u00fcr den Fernverkehr.\" \/>\n<meta property=\"og:url\" content=\"https:\/\/www.krafthand-truck.de\/artikel\/renault-trucks-beim-adac-truck-grand-prix-am-nuerburgring-43189\/\" \/>\n<meta property=\"og:site_name\" content=\"Krafthand-Truck\" \/>\n<meta property=\"article:published_time\" content=\"2025-06-27T12:09:51+00:00\" \/>\n<meta property=\"article:modified_time\" content=\"2025-06-27T12:13:03+00:00\" \/>\n<meta property=\"og:image\" content=\"https:\/\/static.krafthand-truck.de\/uploads\/2025\/06\/Renault_Trucks_T-High_Smart_Racer_ADAC_Truck_Grand_Prix_2025.jpg\" \/>\n\t<meta property=\"og:image:width\" content=\"1200\" \/>\n\t<meta property=\"og:image:height\" content=\"822\" \/>\n\t<meta property=\"og:image:type\" content=\"image\/jpeg\" \/>\n<meta name=\"author\" content=\"georg.blenk@krafthand-medien.de\" \/>\n<meta name=\"twitter:card\" content=\"summary_large_image\" \/>\n<meta name=\"twitter:label1\" content=\"Verfasst von\" \/>\n\t<meta name=\"twitter:data1\" content=\"georg.blenk@krafthand-medien.de\" \/>\n\t<meta name=\"twitter:label2\" content=\"Gesch\u00e4tzte Lesezeit\" \/>\n\t<meta name=\"twitter:data2\" content=\"2\u00a0Minuten\" \/>\n<script type=\"application\/ld+json\" class=\"yoast-schema-graph\">{\"@context\":\"https:\\\/\\\/schema.org\",\"@graph\":[{\"@type\":\"Article\",\"@id\":\"https:\\\/\\\/www.krafthand.de\\\/truck\\\/artikel\\\/renault-trucks-beim-adac-truck-grand-prix-am-nuerburgring-43189\\\/#article\",\"isPartOf\":{\"@id\":\"https:\\\/\\\/www.krafthand.de\\\/truck\\\/artikel\\\/renault-trucks-beim-adac-truck-grand-prix-am-nuerburgring-43189\\\/\"},\"author\":{\"name\":\"georg.blenk@krafthand-medien.de\",\"@id\":\"https:\\\/\\\/www.krafthand.de\\\/truck\\\/#\\\/schema\\\/person\\\/51fa80b1c57034c4bf63f9f988fc24ce\"},\"headline\":\"Renault Trucks beim ADAC-Truck-Grand-Prix am N\u00fcrburgring\",\"datePublished\":\"2025-06-27T12:09:51+00:00\",\"dateModified\":\"2025-06-27T12:13:03+00:00\",\"mainEntityOfPage\":{\"@id\":\"https:\\\/\\\/www.krafthand.de\\\/truck\\\/artikel\\\/renault-trucks-beim-adac-truck-grand-prix-am-nuerburgring-43189\\\/\"},\"wordCount\":339,\"image\":{\"@id\":\"https:\\\/\\\/www.krafthand.de\\\/truck\\\/artikel\\\/renault-trucks-beim-adac-truck-grand-prix-am-nuerburgring-43189\\\/#primaryimage\"},\"thumbnailUrl\":\"https:\\\/\\\/static.krafthand-truck.de\\\/uploads\\\/2025\\\/06\\\/Renault_Trucks_T-High_Smart_Racer_ADAC_Truck_Grand_Prix_2025.jpg\",\"keywords\":[\"ADAC-Truck-Grand-Prix\",\"E-Lkw\",\"N\u00fcrburgring\",\"Renault Trucks\"],\"articleSection\":[\"Neue Fahrzeuge\",\"Veranstaltungen\\\/Messen\"],\"inLanguage\":\"de\"},{\"@type\":\"WebPage\",\"@id\":\"https:\\\/\\\/www.krafthand.de\\\/truck\\\/artikel\\\/renault-trucks-beim-adac-truck-grand-prix-am-nuerburgring-43189\\\/\",\"url\":\"https:\\\/\\\/www.krafthand.de\\\/truck\\\/artikel\\\/renault-trucks-beim-adac-truck-grand-prix-am-nuerburgring-43189\\\/\",\"name\":\"Renault Trucks beim ADAC-Truck-Grand-Prix am N\u00fcrburgring - Krafthand-Truck\",\"isPartOf\":{\"@id\":\"https:\\\/\\\/www.krafthand.de\\\/truck\\\/#website\"},\"primaryImageOfPage\":{\"@id\":\"https:\\\/\\\/www.krafthand.de\\\/truck\\\/artikel\\\/renault-trucks-beim-adac-truck-grand-prix-am-nuerburgring-43189\\\/#primaryimage\"},\"image\":{\"@id\":\"https:\\\/\\\/www.krafthand.de\\\/truck\\\/artikel\\\/renault-trucks-beim-adac-truck-grand-prix-am-nuerburgring-43189\\\/#primaryimage\"},\"thumbnailUrl\":\"https:\\\/\\\/static.krafthand-truck.de\\\/uploads\\\/2025\\\/06\\\/Renault_Trucks_T-High_Smart_Racer_ADAC_Truck_Grand_Prix_2025.jpg\",\"datePublished\":\"2025-06-27T12:09:51+00:00\",\"dateModified\":\"2025-06-27T12:13:03+00:00\",\"author\":{\"@id\":\"https:\\\/\\\/www.krafthand.de\\\/truck\\\/#\\\/schema\\\/person\\\/51fa80b1c57034c4bf63f9f988fc24ce\"},\"description\":\"Vom 10. bis 13. Juli 2025 pr\u00e4sentiert Renault Trucks im Rahmen des ADAC-Truck-Grand-Prix am N\u00fcrburgring Transportl\u00f6sungen f\u00fcr den Fernverkehr.\",\"breadcrumb\":{\"@id\":\"https:\\\/\\\/www.krafthand.de\\\/truck\\\/artikel\\\/renault-trucks-beim-adac-truck-grand-prix-am-nuerburgring-43189\\\/#breadcrumb\"},\"inLanguage\":\"de\",\"potentialAction\":[{\"@type\":\"ReadAction\",\"target\":[\"https:\\\/\\\/www.krafthand.de\\\/truck\\\/artikel\\\/renault-trucks-beim-adac-truck-grand-prix-am-nuerburgring-43189\\\/\"]}]},{\"@type\":\"ImageObject\",\"inLanguage\":\"de\",\"@id\":\"https:\\\/\\\/www.krafthand.de\\\/truck\\\/artikel\\\/renault-trucks-beim-adac-truck-grand-prix-am-nuerburgring-43189\\\/#primaryimage\",\"url\":\"https:\\\/\\\/static.krafthand-truck.de\\\/uploads\\\/2025\\\/06\\\/Renault_Trucks_T-High_Smart_Racer_ADAC_Truck_Grand_Prix_2025.jpg\",\"contentUrl\":\"https:\\\/\\\/static.krafthand-truck.de\\\/uploads\\\/2025\\\/06\\\/Renault_Trucks_T-High_Smart_Racer_ADAC_Truck_Grand_Prix_2025.jpg\",\"width\":1200,\"height\":822},{\"@type\":\"BreadcrumbList\",\"@id\":\"https:\\\/\\\/www.krafthand.de\\\/truck\\\/artikel\\\/renault-trucks-beim-adac-truck-grand-prix-am-nuerburgring-43189\\\/#breadcrumb\",\"itemListElement\":[{\"@type\":\"ListItem\",\"position\":1,\"name\":\"Krafthand-Truck\",\"item\":\"https:\\\/\\\/www.krafthand.de\\\/truck\\\/\"},{\"@type\":\"ListItem\",\"position\":2,\"name\":\"IT+Fuhrpark\",\"item\":\"https:\\\/\\\/www.krafthand.de\\\/truck\\\/kategorie\\\/fuhrpark\\\/\"},{\"@type\":\"ListItem\",\"position\":3,\"name\":\"Neue Fahrzeuge\",\"item\":\"https:\\\/\\\/www.krafthand.de\\\/truck\\\/kategorie\\\/fuhrpark\\\/neue-fahrzeuge\\\/\"},{\"@type\":\"ListItem\",\"position\":4,\"name\":\"Renault Trucks beim ADAC-Truck-Grand-Prix am N\u00fcrburgring\"}]},{\"@type\":\"WebSite\",\"@id\":\"https:\\\/\\\/www.krafthand.de\\\/truck\\\/#website\",\"url\":\"https:\\\/\\\/www.krafthand.de\\\/truck\\\/\",\"name\":\"Krafthand-Truck\",\"description\":\"\",\"potentialAction\":[{\"@type\":\"SearchAction\",\"target\":{\"@type\":\"EntryPoint\",\"urlTemplate\":\"https:\\\/\\\/www.krafthand.de\\\/truck\\\/?s={search_term_string}\"},\"query-input\":{\"@type\":\"PropertyValueSpecification\",\"valueRequired\":true,\"valueName\":\"search_term_string\"}}],\"inLanguage\":\"de\"},{\"@type\":\"Person\",\"@id\":\"https:\\\/\\\/www.krafthand.de\\\/truck\\\/#\\\/schema\\\/person\\\/51fa80b1c57034c4bf63f9f988fc24ce\",\"name\":\"georg.blenk@krafthand-medien.de\",\"image\":{\"@type\":\"ImageObject\",\"inLanguage\":\"de\",\"@id\":\"https:\\\/\\\/secure.gravatar.com\\\/avatar\\\/93713c30affe0aa95d3a4130e499bb1abee2eb31adbdd9ce2aa1543538490215?s=96&d=mm&r=g\",\"url\":\"https:\\\/\\\/secure.gravatar.com\\\/avatar\\\/93713c30affe0aa95d3a4130e499bb1abee2eb31adbdd9ce2aa1543538490215?s=96&d=mm&r=g\",\"contentUrl\":\"https:\\\/\\\/secure.gravatar.com\\\/avatar\\\/93713c30affe0aa95d3a4130e499bb1abee2eb31adbdd9ce2aa1543538490215?s=96&d=mm&r=g\",\"caption\":\"georg.blenk@krafthand-medien.de\"}}]}<\/script>\n<!-- \/ Yoast SEO plugin. -->","yoast_head_json":{"title":"Renault Trucks beim ADAC-Truck-Grand-Prix am N\u00fcrburgring - Krafthand-Truck","description":"Vom 10. bis 13. Juli 2025 pr\u00e4sentiert Renault Trucks im Rahmen des ADAC-Truck-Grand-Prix am N\u00fcrburgring Transportl\u00f6sungen f\u00fcr den Fernverkehr.","robots":{"index":"index","follow":"follow","max-snippet":"max-snippet:-1","max-image-preview":"max-image-preview:large","max-video-preview":"max-video-preview:-1"},"canonical":"https:\/\/www.krafthand.de\/truck\/artikel\/renault-trucks-beim-adac-truck-grand-prix-am-nuerburgring-43189\/","og_locale":"de_DE","og_type":"article","og_title":"Renault Trucks beim ADAC-Truck-Grand-Prix am N\u00fcrburgring - Krafthand-Truck","og_description":"Vom 10. bis 13. Juli 2025 pr\u00e4sentiert Renault Trucks im Rahmen des ADAC-Truck-Grand-Prix am N\u00fcrburgring Transportl\u00f6sungen f\u00fcr den Fernverkehr.","og_url":"https:\/\/www.krafthand-truck.de\/artikel\/renault-trucks-beim-adac-truck-grand-prix-am-nuerburgring-43189\/","og_site_name":"Krafthand-Truck","article_published_time":"2025-06-27T12:09:51+00:00","article_modified_time":"2025-06-27T12:13:03+00:00","og_image":[{"width":1200,"height":822,"url":"https:\/\/static.krafthand-truck.de\/uploads\/2025\/06\/Renault_Trucks_T-High_Smart_Racer_ADAC_Truck_Grand_Prix_2025.jpg","type":"image\/jpeg"}],"author":"georg.blenk@krafthand-medien.de","twitter_card":"summary_large_image","twitter_misc":{"Verfasst von":"georg.blenk@krafthand-medien.de","Gesch\u00e4tzte Lesezeit":"2\u00a0Minuten"},"schema":{"@context":"https:\/\/schema.org","@graph":[{"@type":"Article","@id":"https:\/\/www.krafthand.de\/truck\/artikel\/renault-trucks-beim-adac-truck-grand-prix-am-nuerburgring-43189\/#article","isPartOf":{"@id":"https:\/\/www.krafthand.de\/truck\/artikel\/renault-trucks-beim-adac-truck-grand-prix-am-nuerburgring-43189\/"},"author":{"name":"georg.blenk@krafthand-medien.de","@id":"https:\/\/www.krafthand.de\/truck\/#\/schema\/person\/51fa80b1c57034c4bf63f9f988fc24ce"},"headline":"Renault Trucks beim ADAC-Truck-Grand-Prix am N\u00fcrburgring","datePublished":"2025-06-27T12:09:51+00:00","dateModified":"2025-06-27T12:13:03+00:00","mainEntityOfPage":{"@id":"https:\/\/www.krafthand.de\/truck\/artikel\/renault-trucks-beim-adac-truck-grand-prix-am-nuerburgring-43189\/"},"wordCount":339,"image":{"@id":"https:\/\/www.krafthand.de\/truck\/artikel\/renault-trucks-beim-adac-truck-grand-prix-am-nuerburgring-43189\/#primaryimage"},"thumbnailUrl":"https:\/\/static.krafthand-truck.de\/uploads\/2025\/06\/Renault_Trucks_T-High_Smart_Racer_ADAC_Truck_Grand_Prix_2025.jpg","keywords":["ADAC-Truck-Grand-Prix","E-Lkw","N\u00fcrburgring","Renault Trucks"],"articleSection":["Neue Fahrzeuge","Veranstaltungen\/Messen"],"inLanguage":"de"},{"@type":"WebPage","@id":"https:\/\/www.krafthand.de\/truck\/artikel\/renault-trucks-beim-adac-truck-grand-prix-am-nuerburgring-43189\/","url":"https:\/\/www.krafthand.de\/truck\/artikel\/renault-trucks-beim-adac-truck-grand-prix-am-nuerburgring-43189\/","name":"Renault Trucks beim ADAC-Truck-Grand-Prix am N\u00fcrburgring - Krafthand-Truck","isPartOf":{"@id":"https:\/\/www.krafthand.de\/truck\/#website"},"primaryImageOfPage":{"@id":"https:\/\/www.krafthand.de\/truck\/artikel\/renault-trucks-beim-adac-truck-grand-prix-am-nuerburgring-43189\/#primaryimage"},"image":{"@id":"https:\/\/www.krafthand.de\/truck\/artikel\/renault-trucks-beim-adac-truck-grand-prix-am-nuerburgring-43189\/#primaryimage"},"thumbnailUrl":"https:\/\/static.krafthand-truck.de\/uploads\/2025\/06\/Renault_Trucks_T-High_Smart_Racer_ADAC_Truck_Grand_Prix_2025.jpg","datePublished":"2025-06-27T12:09:51+00:00","dateModified":"2025-06-27T12:13:03+00:00","author":{"@id":"https:\/\/www.krafthand.de\/truck\/#\/schema\/person\/51fa80b1c57034c4bf63f9f988fc24ce"},"description":"Vom 10. bis 13. Juli 2025 pr\u00e4sentiert Renault Trucks im Rahmen des ADAC-Truck-Grand-Prix am N\u00fcrburgring Transportl\u00f6sungen f\u00fcr den Fernverkehr.","breadcrumb":{"@id":"https:\/\/www.krafthand.de\/truck\/artikel\/renault-trucks-beim-adac-truck-grand-prix-am-nuerburgring-43189\/#breadcrumb"},"inLanguage":"de","potentialAction":[{"@type":"ReadAction","target":["https:\/\/www.krafthand.de\/truck\/artikel\/renault-trucks-beim-adac-truck-grand-prix-am-nuerburgring-43189\/"]}]},{"@type":"ImageObject","inLanguage":"de","@id":"https:\/\/www.krafthand.de\/truck\/artikel\/renault-trucks-beim-adac-truck-grand-prix-am-nuerburgring-43189\/#primaryimage","url":"https:\/\/static.krafthand-truck.de\/uploads\/2025\/06\/Renault_Trucks_T-High_Smart_Racer_ADAC_Truck_Grand_Prix_2025.jpg","contentUrl":"https:\/\/static.krafthand-truck.de\/uploads\/2025\/06\/Renault_Trucks_T-High_Smart_Racer_ADAC_Truck_Grand_Prix_2025.jpg","width":1200,"height":822},{"@type":"BreadcrumbList","@id":"https:\/\/www.krafthand.de\/truck\/artikel\/renault-trucks-beim-adac-truck-grand-prix-am-nuerburgring-43189\/#breadcrumb","itemListElement":[{"@type":"ListItem","position":1,"name":"Krafthand-Truck","item":"https:\/\/www.krafthand.de\/truck\/"},{"@type":"ListItem","position":2,"name":"IT+Fuhrpark","item":"https:\/\/www.krafthand.de\/truck\/kategorie\/fuhrpark\/"},{"@type":"ListItem","position":3,"name":"Neue Fahrzeuge","item":"https:\/\/www.krafthand.de\/truck\/kategorie\/fuhrpark\/neue-fahrzeuge\/"},{"@type":"ListItem","position":4,"name":"Renault Trucks beim ADAC-Truck-Grand-Prix am N\u00fcrburgring"}]},{"@type":"WebSite","@id":"https:\/\/www.krafthand.de\/truck\/#website","url":"https:\/\/www.krafthand.de\/truck\/","name":"Krafthand-Truck","description":"","potentialAction":[{"@type":"SearchAction","target":{"@type":"EntryPoint","urlTemplate":"https:\/\/www.krafthand.de\/truck\/?s={search_term_string}"},"query-input":{"@type":"PropertyValueSpecification","valueRequired":true,"valueName":"search_term_string"}}],"inLanguage":"de"},{"@type":"Person","@id":"https:\/\/www.krafthand.de\/truck\/#\/schema\/person\/51fa80b1c57034c4bf63f9f988fc24ce","name":"georg.blenk@krafthand-medien.de","image":{"@type":"ImageObject","inLanguage":"de","@id":"https:\/\/secure.gravatar.com\/avatar\/93713c30affe0aa95d3a4130e499bb1abee2eb31adbdd9ce2aa1543538490215?s=96&d=mm&r=g","url":"https:\/\/secure.gravatar.com\/avatar\/93713c30affe0aa95d3a4130e499bb1abee2eb31adbdd9ce2aa1543538490215?s=96&d=mm&r=g","contentUrl":"https:\/\/secure.gravatar.com\/avatar\/93713c30affe0aa95d3a4130e499bb1abee2eb31adbdd9ce2aa1543538490215?s=96&d=mm&r=g","caption":"georg.blenk@krafthand-medien.de"}}]}},"_links":{"self":[{"href":"https:\/\/www.krafthand.de\/truck\/wp-json\/wp\/v2\/posts\/43189","targetHints":{"allow":["GET"]}}],"collection":[{"href":"https:\/\/www.krafthand.de\/truck\/wp-json\/wp\/v2\/posts"}],"about":[{"href":"https:\/\/www.krafthand.de\/truck\/wp-json\/wp\/v2\/types\/post"}],"author":[{"embeddable":true,"href":"https:\/\/www.krafthand.de\/truck\/wp-json\/wp\/v2\/users\/9"}],"replies":[{"embeddable":true,"href":"https:\/\/www.krafthand.de\/truck\/wp-json\/wp\/v2\/comments?post=43189"}],"version-history":[{"count":9,"href":"https:\/\/www.krafthand.de\/truck\/wp-json\/wp\/v2\/posts\/43189\/revisions"}],"predecessor-version":[{"id":43199,"href":"https:\/\/www.krafthand.de\/truck\/wp-json\/wp\/v2\/posts\/43189\/revisions\/43199"}],"wp:featuredmedia":[{"embeddable":true,"href":"https:\/\/www.krafthand.de\/truck\/wp-json\/wp\/v2\/media\/43194"}],"wp:attachment":[{"href":"https:\/\/www.krafthand.de\/truck\/wp-json\/wp\/v2\/media?parent=43189"}],"wp:term":[{"taxonomy":"category","embeddable":true,"href":"https:\/\/www.krafthand.de\/truck\/wp-json\/wp\/v2\/categories?post=43189"},{"taxonomy":"post_tag","embeddable":true,"href":"https:\/\/www.krafthand.de\/truck\/wp-json\/wp\/v2\/tags?post=43189"},{"taxonomy":"settings","embeddable":true,"href":"https:\/\/www.krafthand.de\/truck\/wp-json\/wp\/v2\/settings?post=43189"}],"curies":[{"name":"wp","href":"https:\/\/api.w.org\/{rel}","templated":true}]}}