{"id":43152,"date":"2025-06-26T15:53:16","date_gmt":"2025-06-26T13:53:16","guid":{"rendered":"https:\/\/www.krafthand.de\/truck\/?p=43152"},"modified":"2025-06-27T22:54:22","modified_gmt":"2025-06-27T20:54:22","slug":"warum-zf-aus-dem-nfz-werkstattsystem-alltrucks-ausstieg","status":"publish","type":"post","link":"https:\/\/www.krafthand.de\/truck\/artikel\/warum-zf-aus-dem-nfz-werkstattsystem-alltrucks-ausstieg-43152\/","title":{"rendered":"Warum ZF aus dem Nfz-Werkstattsystem Alltrucks ausgestiegen ist."},"content":{"rendered":"<p>K\u00fcrzlich hat Alltrucks den Ausstieg von ZF aus dem Full-Service-Werkstattnetzwerk bekanntgegeben. Alltrucks wurde 2013 als Gemeinschaftsunternehmen von ZF, Bosch und Knorr-Bremse gegr\u00fcndet. Bereits im Oktober 2024 hat ZF angek\u00fcndigt, sich aus dem Gesellschafterkreis zur\u00fcckzuziehen. Der Ausstieg wurde am 28. Mai 2025 mit der Unterzeichnung einer entsprechenden Erkl\u00e4rung vollzogen. Bosch und Knorr-Bremse haben die Anteile von ZF zu gleichen Teilen \u00fcbernommen und halten jetzt beide 50 Prozent. Beide Unternehmen m\u00f6chten Alltrucks weiterentwickeln. Warum ist ZF aus dem gemeinsamen Werkstattnetzwerk ausgestiegen?<\/p>\n<h3>ZF: Eine rein strategische Entscheidung<\/h3>\n<p>Es sei eine rein strategische Entscheidung gewesen, so eine Unternehmenssprecherin. Sie ginge mit dem weiteren Ausbau des hauseigenen Werkstattsystems ZF (pro) Service einher. Etwaige monet\u00e4re Gr\u00fcnde im Rahmen der konzernweiten Einsparma\u00dfnahmen wurden nicht genannt. Nat\u00fcrlich ist es plausibel auf das eigene Pferd zu setzen, wenngleich sich Alltrucks europaweit als starke Marke und Partner der Nfz-Werkst\u00e4tten etabliert hat. ZF f\u00fchrt weitere Gr\u00fcnde ins Feld und spricht vom Mehrwert was ZF (pro) Service angeht. So haben Werkstattpartner Zugriff auf ein umfassendes Serviceangebot, auf OE-gest\u00fctzte, spezialisierte Trainings sowie neueste Technologien, wie beispielsweise der modularen Bremsenplattform mBSP XBS. Auch ein internationales Netzwerk an Call-Centern steht zur Verf\u00fcgung. Zudem liefert ZF Zugang zu Diagnosetools, die die Fehlererkennung und Reparaturgenauigkeit verbessern sollen. In Zukunft k\u00f6nnen Werkstattpartner auch von ZFs Telematik- und digitalen L\u00f6sungen profitieren. Last but not least bietet ZF Aftermarket Original-Ersatzteile (Lemf\u00f6rder, Sachs, TRW, Wabco)\u00a0 \u00fcber sein weltweites H\u00e4ndlernetz an. Neue Partner m\u00fcssen sich einer Erstbeurteilung nach strengen Zugangskriterien stellen. Regelm\u00e4\u00dfige Audits geh\u00f6ren ebenfalls zu den Qualit\u00e4tssicherungsma\u00dfnahmen von ZF (pro) Service.<\/p>\n<p>Letztendlich zielte die Entscheidung sich aus dem Gemeinschaftsunternehmen Alltrucks zur\u00fcckzuziehen also darauf ab ZF (pro) Service weiter auszubauen. Die Leistungen h\u00e4tten laut ZF weltweit bereits mehr als 3.100 Werkst\u00e4tten \u00fcberzeugt.<\/p>\n<h3>Alltrucks<\/h3>\n<p>Alltrucks vereint eigenen Angaben zufolge \u00fcber 700 Werkstattpartner in 17 L\u00e4ndern. Das Mehrmarken-Netzwerk bietet ebenfalls umfangreiche Serviceleistungen und wirbt mit der Mehrmarkenkompetenz in Diagnose, Service, Wartung und Reparatur. Hinzu kommen zahlreiche Kooperationen zum Beispiel mit Krone, BPW, SKF oder Total Energies. Ferner die Expertise in Sachen Bremssysteme von Knorr-Bremse inklusive Fahrzeugdiagnose sowie das Know-how in Sachen Elektronik seitens Bosch. Mit Alltrucks-Fleet h\u00e4lt man ein Flottenmanagement-Tool vor. Im Januar diesen Jahres vermeldete Alltrucks die Expansion nach Schweden und die Zusammenarbeit mit KGK\/Autoexperten.<\/p>\n<p>Letztendlich werden <a href=\"https:\/\/aftermarket.zf.com\/de\/aftermarket-portal\/fuer-werkstaetten\/werkstattkonzepte\/nutzfahrzeuge\/zf-proservice\/\" target=\"_blank\" rel=\"noopener\">ZF (pro)Service<\/a>\u00a0 und <a href=\"https:\/\/www.alltrucks.com\" target=\"_blank\" rel=\"noopener\">Alltrucks<\/a> wohl in den Wettbewerb treten, was bekanntlich den Markt belebt.<\/p>\n\r\n\t\t\t\t<div class=\"post-author\">\r\n\t\t\t\t\t<div class=\"khm-cp-author clearfix\">\r\n\t\t\t\t\t\t<div class=\"khm-cp-author__content\">\r\n\t\t\t\t\t\t\t\tKontakt zum Autor:<br \/>\r\n\t\t\t\t\t\t\t\t<strong>Georg Blenk<\/strong>, 08247 \/ 3007-45 |  <a href=\"mailto:georg.blenk@krafthand-medien.de\">georg.blenk@krafthand-medien.de<\/a>\r\n\t\t\t\t\t\t\t<div class=\"khm-cp-author__image\">\r\n\t\t\t\t\t\t<img src=\"https:\/\/static.krafthand-truck.de\/uploads\/2021\/01\/Blenk_6104-250x300-1-removebg-preview.png\" class=\"img-responsive\">\r\n\t\t\t\t\t<\/div>\r\n\t\t\t\t\t\t<\/div>\r\n\t\t\t\t\t<\/div>\r\n\t\t\t\t<\/div>\r\n\t\t\t\t","protected":false},"excerpt":{"rendered":"<p>K\u00fcrzlich hat Alltrucks den Ausstieg von ZF aus dem Full-Service-Werkstattnetzwerk bekanntgegeben. Der Ausstieg wurde am 28. Mai 2025 mit der Unterzeichnung einer entsprechenden Erkl\u00e4rung vollzogen. Bosch und Knorr-Bremse m\u00f6chten Alltrucks weiterentwickeln. Warum ist ZF aus dem gemeinsamen Werkstattnetzwerk ausgestiegen? <span class=\"excerpt-more__dots\">&#8230;<\/span> <a class=\"excerpt-more__link\" href=\"https:\/\/www.krafthand.de\/truck\/artikel\/warum-zf-aus-dem-nfz-werkstattsystem-alltrucks-ausstieg-43152\/\" >weiter<\/a><\/p>\n","protected":false},"author":9,"featured_media":43181,"comment_status":"closed","ping_status":"closed","sticky":false,"template":"","format":"standard","meta":{"footnotes":""},"categories":[4235],"tags":[182,173,388,1059,120,5702],"settings":[3524,3523],"class_list":["post-43152","post","type-post","status-publish","format-standard","has-post-thumbnail","hentry","category-unternehmen","tag-alltrucks","tag-bpw","tag-krone","tag-skf","tag-wabco","tag-zf-pro-services"],"yoast_head":"<!-- This site is optimized with the Yoast SEO plugin v27.3 - https:\/\/yoast.com\/product\/yoast-seo-wordpress\/ -->\n<title>Der Ausstieg von ZF aus Alltrucks I Krafthand-Truck<\/title>\n<meta name=\"description\" content=\"Warum ist ZF aus dem gemeinsamen Werkstattnetzwerk Alltrucks (ZF, Bosch und Knorr.Bremse) ausgestiegen? Wir haben nachgefragt.\" \/>\n<meta name=\"robots\" content=\"index, follow, max-snippet:-1, max-image-preview:large, max-video-preview:-1\" \/>\n<link rel=\"canonical\" href=\"https:\/\/www.krafthand.de\/truck\/artikel\/warum-zf-aus-dem-nfz-werkstattsystem-alltrucks-ausstieg-43152\/\" \/>\n<meta property=\"og:locale\" content=\"de_DE\" \/>\n<meta property=\"og:type\" content=\"article\" \/>\n<meta property=\"og:title\" content=\"Der Ausstieg von ZF aus Alltrucks I Krafthand-Truck\" \/>\n<meta property=\"og:description\" content=\"Warum ist ZF aus dem gemeinsamen Werkstattnetzwerk Alltrucks (ZF, Bosch und Knorr.Bremse) ausgestiegen? Wir haben nachgefragt.\" \/>\n<meta property=\"og:url\" content=\"https:\/\/www.krafthand-truck.de\/artikel\/warum-zf-aus-dem-nfz-werkstattsystem-alltrucks-ausstieg-43152\/\" \/>\n<meta property=\"og:site_name\" content=\"Krafthand-Truck\" \/>\n<meta property=\"article:published_time\" content=\"2025-06-26T13:53:16+00:00\" \/>\n<meta property=\"article:modified_time\" content=\"2025-06-27T20:54:22+00:00\" \/>\n<meta property=\"og:image\" content=\"https:\/\/static.krafthand-truck.de\/uploads\/2025\/06\/Alltrucks_Bosch_Knorr_Bremse_ohne_ZF2.jpg\" \/>\n\t<meta property=\"og:image:width\" content=\"1200\" \/>\n\t<meta property=\"og:image:height\" content=\"518\" \/>\n\t<meta property=\"og:image:type\" content=\"image\/jpeg\" \/>\n<meta name=\"author\" content=\"georg.blenk@krafthand-medien.de\" \/>\n<meta name=\"twitter:card\" content=\"summary_large_image\" \/>\n<meta name=\"twitter:label1\" content=\"Verfasst von\" \/>\n\t<meta name=\"twitter:data1\" content=\"georg.blenk@krafthand-medien.de\" \/>\n\t<meta name=\"twitter:label2\" content=\"Gesch\u00e4tzte Lesezeit\" \/>\n\t<meta name=\"twitter:data2\" content=\"3\u00a0Minuten\" \/>\n<script type=\"application\/ld+json\" class=\"yoast-schema-graph\">{\"@context\":\"https:\\\/\\\/schema.org\",\"@graph\":[{\"@type\":\"Article\",\"@id\":\"https:\\\/\\\/www.krafthand.de\\\/truck\\\/artikel\\\/warum-zf-aus-dem-nfz-werkstattsystem-alltrucks-ausstieg-43152\\\/#article\",\"isPartOf\":{\"@id\":\"https:\\\/\\\/www.krafthand.de\\\/truck\\\/artikel\\\/warum-zf-aus-dem-nfz-werkstattsystem-alltrucks-ausstieg-43152\\\/\"},\"author\":{\"name\":\"georg.blenk@krafthand-medien.de\",\"@id\":\"https:\\\/\\\/www.krafthand.de\\\/truck\\\/#\\\/schema\\\/person\\\/51fa80b1c57034c4bf63f9f988fc24ce\"},\"headline\":\"Warum ZF aus dem Nfz-Werkstattsystem Alltrucks ausgestiegen ist.\",\"datePublished\":\"2025-06-26T13:53:16+00:00\",\"dateModified\":\"2025-06-27T20:54:22+00:00\",\"mainEntityOfPage\":{\"@id\":\"https:\\\/\\\/www.krafthand.de\\\/truck\\\/artikel\\\/warum-zf-aus-dem-nfz-werkstattsystem-alltrucks-ausstieg-43152\\\/\"},\"wordCount\":409,\"image\":{\"@id\":\"https:\\\/\\\/www.krafthand.de\\\/truck\\\/artikel\\\/warum-zf-aus-dem-nfz-werkstattsystem-alltrucks-ausstieg-43152\\\/#primaryimage\"},\"thumbnailUrl\":\"https:\\\/\\\/static.krafthand-truck.de\\\/uploads\\\/2025\\\/06\\\/Alltrucks_Bosch_Knorr_Bremse_ohne_ZF2.jpg\",\"keywords\":[\"Alltrucks\",\"BPW\",\"Krone\",\"SKF\",\"Wabco\",\"ZF Pro Services\"],\"articleSection\":[\"Unternehmen\"],\"inLanguage\":\"de\"},{\"@type\":\"WebPage\",\"@id\":\"https:\\\/\\\/www.krafthand.de\\\/truck\\\/artikel\\\/warum-zf-aus-dem-nfz-werkstattsystem-alltrucks-ausstieg-43152\\\/\",\"url\":\"https:\\\/\\\/www.krafthand.de\\\/truck\\\/artikel\\\/warum-zf-aus-dem-nfz-werkstattsystem-alltrucks-ausstieg-43152\\\/\",\"name\":\"Der Ausstieg von ZF aus Alltrucks I Krafthand-Truck\",\"isPartOf\":{\"@id\":\"https:\\\/\\\/www.krafthand.de\\\/truck\\\/#website\"},\"primaryImageOfPage\":{\"@id\":\"https:\\\/\\\/www.krafthand.de\\\/truck\\\/artikel\\\/warum-zf-aus-dem-nfz-werkstattsystem-alltrucks-ausstieg-43152\\\/#primaryimage\"},\"image\":{\"@id\":\"https:\\\/\\\/www.krafthand.de\\\/truck\\\/artikel\\\/warum-zf-aus-dem-nfz-werkstattsystem-alltrucks-ausstieg-43152\\\/#primaryimage\"},\"thumbnailUrl\":\"https:\\\/\\\/static.krafthand-truck.de\\\/uploads\\\/2025\\\/06\\\/Alltrucks_Bosch_Knorr_Bremse_ohne_ZF2.jpg\",\"datePublished\":\"2025-06-26T13:53:16+00:00\",\"dateModified\":\"2025-06-27T20:54:22+00:00\",\"author\":{\"@id\":\"https:\\\/\\\/www.krafthand.de\\\/truck\\\/#\\\/schema\\\/person\\\/51fa80b1c57034c4bf63f9f988fc24ce\"},\"description\":\"Warum ist ZF aus dem gemeinsamen Werkstattnetzwerk Alltrucks (ZF, Bosch und Knorr.Bremse) ausgestiegen? Wir haben nachgefragt.\",\"breadcrumb\":{\"@id\":\"https:\\\/\\\/www.krafthand.de\\\/truck\\\/artikel\\\/warum-zf-aus-dem-nfz-werkstattsystem-alltrucks-ausstieg-43152\\\/#breadcrumb\"},\"inLanguage\":\"de\",\"potentialAction\":[{\"@type\":\"ReadAction\",\"target\":[\"https:\\\/\\\/www.krafthand.de\\\/truck\\\/artikel\\\/warum-zf-aus-dem-nfz-werkstattsystem-alltrucks-ausstieg-43152\\\/\"]}]},{\"@type\":\"ImageObject\",\"inLanguage\":\"de\",\"@id\":\"https:\\\/\\\/www.krafthand.de\\\/truck\\\/artikel\\\/warum-zf-aus-dem-nfz-werkstattsystem-alltrucks-ausstieg-43152\\\/#primaryimage\",\"url\":\"https:\\\/\\\/static.krafthand-truck.de\\\/uploads\\\/2025\\\/06\\\/Alltrucks_Bosch_Knorr_Bremse_ohne_ZF2.jpg\",\"contentUrl\":\"https:\\\/\\\/static.krafthand-truck.de\\\/uploads\\\/2025\\\/06\\\/Alltrucks_Bosch_Knorr_Bremse_ohne_ZF2.jpg\",\"width\":1200,\"height\":518},{\"@type\":\"BreadcrumbList\",\"@id\":\"https:\\\/\\\/www.krafthand.de\\\/truck\\\/artikel\\\/warum-zf-aus-dem-nfz-werkstattsystem-alltrucks-ausstieg-43152\\\/#breadcrumb\",\"itemListElement\":[{\"@type\":\"ListItem\",\"position\":1,\"name\":\"Krafthand-Truck\",\"item\":\"https:\\\/\\\/www.krafthand.de\\\/truck\\\/\"},{\"@type\":\"ListItem\",\"position\":2,\"name\":\"Nfz-Branche\",\"item\":\"https:\\\/\\\/www.krafthand.de\\\/truck\\\/kategorie\\\/branche\\\/\"},{\"@type\":\"ListItem\",\"position\":3,\"name\":\"Unternehmen\",\"item\":\"https:\\\/\\\/www.krafthand.de\\\/truck\\\/kategorie\\\/branche\\\/unternehmen\\\/\"},{\"@type\":\"ListItem\",\"position\":4,\"name\":\"Warum ZF aus dem Nfz-Werkstattsystem Alltrucks ausgestiegen ist.\"}]},{\"@type\":\"WebSite\",\"@id\":\"https:\\\/\\\/www.krafthand.de\\\/truck\\\/#website\",\"url\":\"https:\\\/\\\/www.krafthand.de\\\/truck\\\/\",\"name\":\"Krafthand-Truck\",\"description\":\"\",\"potentialAction\":[{\"@type\":\"SearchAction\",\"target\":{\"@type\":\"EntryPoint\",\"urlTemplate\":\"https:\\\/\\\/www.krafthand.de\\\/truck\\\/?s={search_term_string}\"},\"query-input\":{\"@type\":\"PropertyValueSpecification\",\"valueRequired\":true,\"valueName\":\"search_term_string\"}}],\"inLanguage\":\"de\"},{\"@type\":\"Person\",\"@id\":\"https:\\\/\\\/www.krafthand.de\\\/truck\\\/#\\\/schema\\\/person\\\/51fa80b1c57034c4bf63f9f988fc24ce\",\"name\":\"georg.blenk@krafthand-medien.de\",\"image\":{\"@type\":\"ImageObject\",\"inLanguage\":\"de\",\"@id\":\"https:\\\/\\\/secure.gravatar.com\\\/avatar\\\/93713c30affe0aa95d3a4130e499bb1abee2eb31adbdd9ce2aa1543538490215?s=96&d=mm&r=g\",\"url\":\"https:\\\/\\\/secure.gravatar.com\\\/avatar\\\/93713c30affe0aa95d3a4130e499bb1abee2eb31adbdd9ce2aa1543538490215?s=96&d=mm&r=g\",\"contentUrl\":\"https:\\\/\\\/secure.gravatar.com\\\/avatar\\\/93713c30affe0aa95d3a4130e499bb1abee2eb31adbdd9ce2aa1543538490215?s=96&d=mm&r=g\",\"caption\":\"georg.blenk@krafthand-medien.de\"}}]}<\/script>\n<!-- \/ Yoast SEO plugin. -->","yoast_head_json":{"title":"Der Ausstieg von ZF aus Alltrucks I Krafthand-Truck","description":"Warum ist ZF aus dem gemeinsamen Werkstattnetzwerk Alltrucks (ZF, Bosch und Knorr.Bremse) ausgestiegen? Wir haben nachgefragt.","robots":{"index":"index","follow":"follow","max-snippet":"max-snippet:-1","max-image-preview":"max-image-preview:large","max-video-preview":"max-video-preview:-1"},"canonical":"https:\/\/www.krafthand.de\/truck\/artikel\/warum-zf-aus-dem-nfz-werkstattsystem-alltrucks-ausstieg-43152\/","og_locale":"de_DE","og_type":"article","og_title":"Der Ausstieg von ZF aus Alltrucks I Krafthand-Truck","og_description":"Warum ist ZF aus dem gemeinsamen Werkstattnetzwerk Alltrucks (ZF, Bosch und Knorr.Bremse) ausgestiegen? Wir haben nachgefragt.","og_url":"https:\/\/www.krafthand-truck.de\/artikel\/warum-zf-aus-dem-nfz-werkstattsystem-alltrucks-ausstieg-43152\/","og_site_name":"Krafthand-Truck","article_published_time":"2025-06-26T13:53:16+00:00","article_modified_time":"2025-06-27T20:54:22+00:00","og_image":[{"width":1200,"height":518,"url":"https:\/\/static.krafthand-truck.de\/uploads\/2025\/06\/Alltrucks_Bosch_Knorr_Bremse_ohne_ZF2.jpg","type":"image\/jpeg"}],"author":"georg.blenk@krafthand-medien.de","twitter_card":"summary_large_image","twitter_misc":{"Verfasst von":"georg.blenk@krafthand-medien.de","Gesch\u00e4tzte Lesezeit":"3\u00a0Minuten"},"schema":{"@context":"https:\/\/schema.org","@graph":[{"@type":"Article","@id":"https:\/\/www.krafthand.de\/truck\/artikel\/warum-zf-aus-dem-nfz-werkstattsystem-alltrucks-ausstieg-43152\/#article","isPartOf":{"@id":"https:\/\/www.krafthand.de\/truck\/artikel\/warum-zf-aus-dem-nfz-werkstattsystem-alltrucks-ausstieg-43152\/"},"author":{"name":"georg.blenk@krafthand-medien.de","@id":"https:\/\/www.krafthand.de\/truck\/#\/schema\/person\/51fa80b1c57034c4bf63f9f988fc24ce"},"headline":"Warum ZF aus dem Nfz-Werkstattsystem Alltrucks ausgestiegen ist.","datePublished":"2025-06-26T13:53:16+00:00","dateModified":"2025-06-27T20:54:22+00:00","mainEntityOfPage":{"@id":"https:\/\/www.krafthand.de\/truck\/artikel\/warum-zf-aus-dem-nfz-werkstattsystem-alltrucks-ausstieg-43152\/"},"wordCount":409,"image":{"@id":"https:\/\/www.krafthand.de\/truck\/artikel\/warum-zf-aus-dem-nfz-werkstattsystem-alltrucks-ausstieg-43152\/#primaryimage"},"thumbnailUrl":"https:\/\/static.krafthand-truck.de\/uploads\/2025\/06\/Alltrucks_Bosch_Knorr_Bremse_ohne_ZF2.jpg","keywords":["Alltrucks","BPW","Krone","SKF","Wabco","ZF Pro Services"],"articleSection":["Unternehmen"],"inLanguage":"de"},{"@type":"WebPage","@id":"https:\/\/www.krafthand.de\/truck\/artikel\/warum-zf-aus-dem-nfz-werkstattsystem-alltrucks-ausstieg-43152\/","url":"https:\/\/www.krafthand.de\/truck\/artikel\/warum-zf-aus-dem-nfz-werkstattsystem-alltrucks-ausstieg-43152\/","name":"Der Ausstieg von ZF aus Alltrucks I Krafthand-Truck","isPartOf":{"@id":"https:\/\/www.krafthand.de\/truck\/#website"},"primaryImageOfPage":{"@id":"https:\/\/www.krafthand.de\/truck\/artikel\/warum-zf-aus-dem-nfz-werkstattsystem-alltrucks-ausstieg-43152\/#primaryimage"},"image":{"@id":"https:\/\/www.krafthand.de\/truck\/artikel\/warum-zf-aus-dem-nfz-werkstattsystem-alltrucks-ausstieg-43152\/#primaryimage"},"thumbnailUrl":"https:\/\/static.krafthand-truck.de\/uploads\/2025\/06\/Alltrucks_Bosch_Knorr_Bremse_ohne_ZF2.jpg","datePublished":"2025-06-26T13:53:16+00:00","dateModified":"2025-06-27T20:54:22+00:00","author":{"@id":"https:\/\/www.krafthand.de\/truck\/#\/schema\/person\/51fa80b1c57034c4bf63f9f988fc24ce"},"description":"Warum ist ZF aus dem gemeinsamen Werkstattnetzwerk Alltrucks (ZF, Bosch und Knorr.Bremse) ausgestiegen? Wir haben nachgefragt.","breadcrumb":{"@id":"https:\/\/www.krafthand.de\/truck\/artikel\/warum-zf-aus-dem-nfz-werkstattsystem-alltrucks-ausstieg-43152\/#breadcrumb"},"inLanguage":"de","potentialAction":[{"@type":"ReadAction","target":["https:\/\/www.krafthand.de\/truck\/artikel\/warum-zf-aus-dem-nfz-werkstattsystem-alltrucks-ausstieg-43152\/"]}]},{"@type":"ImageObject","inLanguage":"de","@id":"https:\/\/www.krafthand.de\/truck\/artikel\/warum-zf-aus-dem-nfz-werkstattsystem-alltrucks-ausstieg-43152\/#primaryimage","url":"https:\/\/static.krafthand-truck.de\/uploads\/2025\/06\/Alltrucks_Bosch_Knorr_Bremse_ohne_ZF2.jpg","contentUrl":"https:\/\/static.krafthand-truck.de\/uploads\/2025\/06\/Alltrucks_Bosch_Knorr_Bremse_ohne_ZF2.jpg","width":1200,"height":518},{"@type":"BreadcrumbList","@id":"https:\/\/www.krafthand.de\/truck\/artikel\/warum-zf-aus-dem-nfz-werkstattsystem-alltrucks-ausstieg-43152\/#breadcrumb","itemListElement":[{"@type":"ListItem","position":1,"name":"Krafthand-Truck","item":"https:\/\/www.krafthand.de\/truck\/"},{"@type":"ListItem","position":2,"name":"Nfz-Branche","item":"https:\/\/www.krafthand.de\/truck\/kategorie\/branche\/"},{"@type":"ListItem","position":3,"name":"Unternehmen","item":"https:\/\/www.krafthand.de\/truck\/kategorie\/branche\/unternehmen\/"},{"@type":"ListItem","position":4,"name":"Warum ZF aus dem Nfz-Werkstattsystem Alltrucks ausgestiegen ist."}]},{"@type":"WebSite","@id":"https:\/\/www.krafthand.de\/truck\/#website","url":"https:\/\/www.krafthand.de\/truck\/","name":"Krafthand-Truck","description":"","potentialAction":[{"@type":"SearchAction","target":{"@type":"EntryPoint","urlTemplate":"https:\/\/www.krafthand.de\/truck\/?s={search_term_string}"},"query-input":{"@type":"PropertyValueSpecification","valueRequired":true,"valueName":"search_term_string"}}],"inLanguage":"de"},{"@type":"Person","@id":"https:\/\/www.krafthand.de\/truck\/#\/schema\/person\/51fa80b1c57034c4bf63f9f988fc24ce","name":"georg.blenk@krafthand-medien.de","image":{"@type":"ImageObject","inLanguage":"de","@id":"https:\/\/secure.gravatar.com\/avatar\/93713c30affe0aa95d3a4130e499bb1abee2eb31adbdd9ce2aa1543538490215?s=96&d=mm&r=g","url":"https:\/\/secure.gravatar.com\/avatar\/93713c30affe0aa95d3a4130e499bb1abee2eb31adbdd9ce2aa1543538490215?s=96&d=mm&r=g","contentUrl":"https:\/\/secure.gravatar.com\/avatar\/93713c30affe0aa95d3a4130e499bb1abee2eb31adbdd9ce2aa1543538490215?s=96&d=mm&r=g","caption":"georg.blenk@krafthand-medien.de"}}]}},"_links":{"self":[{"href":"https:\/\/www.krafthand.de\/truck\/wp-json\/wp\/v2\/posts\/43152","targetHints":{"allow":["GET"]}}],"collection":[{"href":"https:\/\/www.krafthand.de\/truck\/wp-json\/wp\/v2\/posts"}],"about":[{"href":"https:\/\/www.krafthand.de\/truck\/wp-json\/wp\/v2\/types\/post"}],"author":[{"embeddable":true,"href":"https:\/\/www.krafthand.de\/truck\/wp-json\/wp\/v2\/users\/9"}],"replies":[{"embeddable":true,"href":"https:\/\/www.krafthand.de\/truck\/wp-json\/wp\/v2\/comments?post=43152"}],"version-history":[{"count":34,"href":"https:\/\/www.krafthand.de\/truck\/wp-json\/wp\/v2\/posts\/43152\/revisions"}],"predecessor-version":[{"id":43200,"href":"https:\/\/www.krafthand.de\/truck\/wp-json\/wp\/v2\/posts\/43152\/revisions\/43200"}],"wp:featuredmedia":[{"embeddable":true,"href":"https:\/\/www.krafthand.de\/truck\/wp-json\/wp\/v2\/media\/43181"}],"wp:attachment":[{"href":"https:\/\/www.krafthand.de\/truck\/wp-json\/wp\/v2\/media?parent=43152"}],"wp:term":[{"taxonomy":"category","embeddable":true,"href":"https:\/\/www.krafthand.de\/truck\/wp-json\/wp\/v2\/categories?post=43152"},{"taxonomy":"post_tag","embeddable":true,"href":"https:\/\/www.krafthand.de\/truck\/wp-json\/wp\/v2\/tags?post=43152"},{"taxonomy":"settings","embeddable":true,"href":"https:\/\/www.krafthand.de\/truck\/wp-json\/wp\/v2\/settings?post=43152"}],"curies":[{"name":"wp","href":"https:\/\/api.w.org\/{rel}","templated":true}]}}