{"id":43130,"date":"2025-06-26T12:41:02","date_gmt":"2025-06-26T10:41:02","guid":{"rendered":"https:\/\/www.krafthand.de\/truck\/?p=43130"},"modified":"2025-06-26T12:41:23","modified_gmt":"2025-06-26T10:41:23","slug":"ozapft-ist-is-man-werk-in-muenchen-feiert-70-jaehriges-bestehen","status":"publish","type":"post","link":"https:\/\/www.krafthand.de\/truck\/artikel\/ozapft-ist-is-man-werk-in-muenchen-feiert-70-jaehriges-bestehen-43130\/","title":{"rendered":"O\u2019zapft is! MAN-Werk in M\u00fcnchen feiert 70-j\u00e4hriges Bestehen"},"content":{"rendered":"<p>Das MAN-Werk M\u00fcnchen feiert sein 70-j\u00e4hriges Bestehen. Zum Jubil\u00e4um sind am 28. Juni 2025 die rund 8.000 Besch\u00e4ftigten mit ihren Familien zu einem gro\u00dfen Fest auf dem Werksgel\u00e4nde eingeladen. Insgesamt werden rund 20.000 G\u00e4ste aus dem Unternehmen erwartet.<\/p>\n<h3>Oktoberfest bei MAN<\/h3>\n<figure id=\"attachment_43139\" aria-describedby=\"caption-attachment-43139\" style=\"width: 420px\" class=\"wp-caption alignright\"><a href=\"https:\/\/static.krafthand-truck.de\/uploads\/2025\/06\/MAN_Serienproduktion_Lkw_Werk_Muenchen.jpg\" target=\"_blank\" rel=\"noopener\"><img fetchpriority=\"high\" decoding=\"async\" class=\"wp-image-43139\" src=\"https:\/\/static.krafthand-truck.de\/uploads\/2025\/06\/MAN_Serienproduktion_Lkw_Werk_Muenchen-300x210.jpg\" alt=\"\" width=\"420\" height=\"294\" srcset=\"https:\/\/static.krafthand-truck.de\/uploads\/2025\/06\/MAN_Serienproduktion_Lkw_Werk_Muenchen-300x210.jpg 300w, https:\/\/static.krafthand-truck.de\/uploads\/2025\/06\/MAN_Serienproduktion_Lkw_Werk_Muenchen-1024x716.jpg 1024w, https:\/\/static.krafthand-truck.de\/uploads\/2025\/06\/MAN_Serienproduktion_Lkw_Werk_Muenchen-768x537.jpg 768w, https:\/\/static.krafthand-truck.de\/uploads\/2025\/06\/MAN_Serienproduktion_Lkw_Werk_Muenchen.jpg 1200w\" sizes=\"(max-width: 420px) 100vw, 420px\" \/><\/a><figcaption id=\"caption-attachment-43139\" class=\"wp-caption-text\">Die E-Lkw werden heute zusammen mit den Diesel-Lastwagen auf einer Linie gefertigt. \u202fDie maximale Fertigungskapazit\u00e4t liegt aktuell bei rund 100 Lkw pro Tag.<\/figcaption><\/figure>\n<p>F\u00fcr die Feier wird laut MAN eigens ein rund 40 Meter hohes Riesenrad im Werk aufgebaut, mit Platz f\u00fcr 200 Fahrg\u00e4ste. Bei einem z\u00fcnftigen Volksfest darf nat\u00fcrlich auch das Bier nicht fehlen. Das kommt von der Paulaner Brauerei M\u00fcnchen und wir nat\u00fcrlich mit Lkw von MAN angeliefert &#8211; vollelektrisch. Und wie es sich geh\u00f6rt, bringt zus\u00e4tzlich zum eTruck auch noch ein Pferdegespann Bierf\u00e4sser ins Werk.<\/p>\n<h3>Gro\u00dfes Rahmenprogramm<\/h3>\n<p>MAN hat ein gro\u00dfes Rahmenprogramm zusammengestellt. F\u00fcr Kids gibt es eine H\u00fcpfburg und die M\u00f6glichkeit am interaktiven KI-Stand ihr eigenes MAN-Fahrzeug der Zukunft zu gestalten. Dazu kommen historische Buden, Karussells, eine Schiffschaukel. Die Blaskapelle kommt aus Karlsfeld. Die Zukunftswerkstatt soll die k\u00fcnftige Mobilit\u00e4t aufzeigen. Zu sehen sind ferner vierzig historische Fahrzeuge bis hin zum eTruck und den aktuellen Mannschaftsbussen des FC Bayern M\u00fcnchen und TSV 1860 M\u00fcnchen.<\/p>\n<h3>1,25 Millionen Lkw gebaut<\/h3>\n<figure id=\"attachment_43134\" aria-describedby=\"caption-attachment-43134\" style=\"width: 420px\" class=\"wp-caption alignleft\"><a href=\"https:\/\/static.krafthand-truck.de\/uploads\/2025\/06\/MAN_70_Jahre_Lkw_Werk_erste_Lkw_1955.jpg\" target=\"_blank\" rel=\"noopener\"><img decoding=\"async\" class=\"wp-image-43134\" src=\"https:\/\/static.krafthand-truck.de\/uploads\/2025\/06\/MAN_70_Jahre_Lkw_Werk_erste_Lkw_1955-300x205.jpg\" alt=\"\" width=\"420\" height=\"287\" srcset=\"https:\/\/static.krafthand-truck.de\/uploads\/2025\/06\/MAN_70_Jahre_Lkw_Werk_erste_Lkw_1955-300x205.jpg 300w, https:\/\/static.krafthand-truck.de\/uploads\/2025\/06\/MAN_70_Jahre_Lkw_Werk_erste_Lkw_1955-1024x700.jpg 1024w, https:\/\/static.krafthand-truck.de\/uploads\/2025\/06\/MAN_70_Jahre_Lkw_Werk_erste_Lkw_1955-768x525.jpg 768w, https:\/\/static.krafthand-truck.de\/uploads\/2025\/06\/MAN_70_Jahre_Lkw_Werk_erste_Lkw_1955.jpg 1200w\" sizes=\"(max-width: 420px) 100vw, 420px\" \/><\/a><figcaption id=\"caption-attachment-43134\" class=\"wp-caption-text\">Der erste Lkw im Werk M\u00fcnchen lief am 15.11.1955 vom Band.<\/figcaption><\/figure>\n<p>Am Standort entwickeln und produzieren rund 8.000 Besch\u00e4ftigte schwere Lkw und Komponenten. Seit 1955 wurden hier 1,25 Millionen Lkw, zwei Millionen Fahrerh\u00e4user und drei Millionen Achsen gefertigt. Das Werk erstreckt sich \u00fcber eine Fl\u00e4che von rund einer Million Quadratmetern \u2013 das sind rund 140 Fu\u00dfballfelder.<\/p>\n<p>Die Hallenfl\u00e4che auf dem Werksgel\u00e4nde wurde st\u00e4ndig erweitert. 2008 folgte der Bau der beiden Verwaltungsgeb\u00e4ude an der Dachauer Stra\u00dfe sowie sp\u00e4ter die Errichtung des Truck- und des Bus-Forums. Diese dienen sowohl als Ausstellungs- und Eventfl\u00e4che als auch der \u00dcbergabe von Fahrzeugen an Kunden. Ab 2016 kamen mit dem Bau der neuen Lackieranlage und dem Karosseriebau sowie dem Engineering- und Versuchsgeb\u00e4ude weitere Geb\u00e4ude auf dem Werksgel\u00e4nde hinzu.<\/p>\n<figure id=\"attachment_43136\" aria-describedby=\"caption-attachment-43136\" style=\"width: 420px\" class=\"wp-caption alignright\"><a href=\"https:\/\/static.krafthand-truck.de\/uploads\/2025\/06\/MAN_Lkw_Produktion_Muenchen_1962.jpg\"><img decoding=\"async\" class=\"wp-image-43136\" src=\"https:\/\/static.krafthand-truck.de\/uploads\/2025\/06\/MAN_Lkw_Produktion_Muenchen_1962-300x216.jpg\" alt=\"\" width=\"420\" height=\"302\" srcset=\"https:\/\/static.krafthand-truck.de\/uploads\/2025\/06\/MAN_Lkw_Produktion_Muenchen_1962-300x216.jpg 300w, https:\/\/static.krafthand-truck.de\/uploads\/2025\/06\/MAN_Lkw_Produktion_Muenchen_1962-1024x737.jpg 1024w, https:\/\/static.krafthand-truck.de\/uploads\/2025\/06\/MAN_Lkw_Produktion_Muenchen_1962-768x553.jpg 768w, https:\/\/static.krafthand-truck.de\/uploads\/2025\/06\/MAN_Lkw_Produktion_Muenchen_1962.jpg 1200w\" sizes=\"(max-width: 420px) 100vw, 420px\" \/><\/a><figcaption id=\"caption-attachment-43136\" class=\"wp-caption-text\">Lkw-Produktion bei MAN in M\u00fcnchen im Jahr 1962.<\/figcaption><\/figure>\n<p>Zum Werk geh\u00f6ren zudem auch eine eigene Teststrecke, ein neugotisches Schloss sowie ein eigenes Blockheizkraftwerk f\u00fcr die Energieversorgung. MAN hat zudem ein Geothermie-Projekt in M\u00fcnchen-Karlsfeld gestartet, um ab 2028 gleichzeitig die eigene Produktion und das Fernw\u00e4rmenetz der Gemeinde zu beheizen. Bis zum Jahr 2030 will das Unternehmen weltweit die Treibhausgas-Emissionen an den Standorten um 70 Prozent im Vergleich zu 2019 senken. Ende 2024 lag die Reduktion bereits bei fast 60 Prozent.<\/p>\n\r\n\t\t\t\t<div class=\"post-author\">\r\n\t\t\t\t\t<div class=\"khm-cp-author clearfix\">\r\n\t\t\t\t\t\t<div class=\"khm-cp-author__content\">\r\n\t\t\t\t\t\t\t\tKontakt zum Autor:<br \/>\r\n\t\t\t\t\t\t\t\t<strong>Georg Blenk<\/strong>, 08247 \/ 3007-45 |  <a href=\"mailto:georg.blenk@krafthand-medien.de\">georg.blenk@krafthand-medien.de<\/a>\r\n\t\t\t\t\t\t\t<div class=\"khm-cp-author__image\">\r\n\t\t\t\t\t\t<img src=\"https:\/\/static.krafthand-truck.de\/uploads\/2021\/01\/Blenk_6104-250x300-1-removebg-preview.png\" class=\"img-responsive\">\r\n\t\t\t\t\t<\/div>\r\n\t\t\t\t\t\t<\/div>\r\n\t\t\t\t\t<\/div>\r\n\t\t\t\t<\/div>\r\n\t\t\t\t","protected":false},"excerpt":{"rendered":"<p>Das MAN-Werk M\u00fcnchen feiert sein 70-j\u00e4hriges Bestehen. Zum Jubil\u00e4um sind am 28. Juni 2025 die rund 8.000 Besch\u00e4ftigten mit ihren Familien zu einem gro\u00dfen Fest auf dem Werksgel\u00e4nde eingeladen. Insgesamt werden rund 20.000 G\u00e4ste aus dem Unternehmen erwartet. <span class=\"excerpt-more__dots\">&#8230;<\/span> <a class=\"excerpt-more__link\" href=\"https:\/\/www.krafthand.de\/truck\/artikel\/ozapft-ist-is-man-werk-in-muenchen-feiert-70-jaehriges-bestehen-43130\/\" >weiter<\/a><\/p>\n","protected":false},"author":9,"featured_media":43133,"comment_status":"closed","ping_status":"closed","sticky":false,"template":"","format":"standard","meta":{"footnotes":""},"categories":[4235],"tags":[2068,152,3210],"settings":[3524,4766,3523],"class_list":["post-43130","post","type-post","status-publish","format-standard","has-post-thumbnail","hentry","category-unternehmen","tag-jubilaeum","tag-man","tag-produktion"],"yoast_head":"<!-- This site is optimized with the Yoast SEO plugin v27.3 - https:\/\/yoast.com\/product\/yoast-seo-wordpress\/ -->\n<title>Jubil\u00e4um MAN-Werk M\u00fcnchen I Krafthand-Truck<\/title>\n<meta name=\"description\" content=\"Das MAN-Werk M\u00fcnchen feiert sein 70-j\u00e4hriges Bestehen. Zum Jubil\u00e4um sam 28.6 2025 werden rund 20.000 G\u00e4ste erwartet.\" \/>\n<meta name=\"robots\" content=\"index, follow, max-snippet:-1, max-image-preview:large, max-video-preview:-1\" \/>\n<link rel=\"canonical\" href=\"https:\/\/www.krafthand.de\/truck\/artikel\/ozapft-ist-is-man-werk-in-muenchen-feiert-70-jaehriges-bestehen-43130\/\" \/>\n<meta property=\"og:locale\" content=\"de_DE\" \/>\n<meta property=\"og:type\" content=\"article\" \/>\n<meta property=\"og:title\" content=\"Jubil\u00e4um MAN-Werk M\u00fcnchen I Krafthand-Truck\" \/>\n<meta property=\"og:description\" content=\"Das MAN-Werk M\u00fcnchen feiert sein 70-j\u00e4hriges Bestehen. Zum Jubil\u00e4um sam 28.6 2025 werden rund 20.000 G\u00e4ste erwartet.\" \/>\n<meta property=\"og:url\" content=\"https:\/\/www.krafthand-truck.de\/artikel\/ozapft-ist-is-man-werk-in-muenchen-feiert-70-jaehriges-bestehen-43130\/\" \/>\n<meta property=\"og:site_name\" content=\"Krafthand-Truck\" \/>\n<meta property=\"article:published_time\" content=\"2025-06-26T10:41:02+00:00\" \/>\n<meta property=\"article:modified_time\" content=\"2025-06-26T10:41:23+00:00\" \/>\n<meta property=\"og:image\" content=\"https:\/\/static.krafthand-truck.de\/uploads\/2025\/06\/Lkw_Montage_MAN_Werk_Karlsfeld_1955.jpg\" \/>\n\t<meta property=\"og:image:width\" content=\"1200\" \/>\n\t<meta property=\"og:image:height\" content=\"598\" \/>\n\t<meta property=\"og:image:type\" content=\"image\/jpeg\" \/>\n<meta name=\"author\" content=\"georg.blenk@krafthand-medien.de\" \/>\n<meta name=\"twitter:card\" content=\"summary_large_image\" \/>\n<meta name=\"twitter:label1\" content=\"Verfasst von\" \/>\n\t<meta name=\"twitter:data1\" content=\"georg.blenk@krafthand-medien.de\" \/>\n\t<meta name=\"twitter:label2\" content=\"Gesch\u00e4tzte Lesezeit\" \/>\n\t<meta name=\"twitter:data2\" content=\"4\u00a0Minuten\" \/>\n<script type=\"application\/ld+json\" class=\"yoast-schema-graph\">{\"@context\":\"https:\\\/\\\/schema.org\",\"@graph\":[{\"@type\":\"Article\",\"@id\":\"https:\\\/\\\/www.krafthand.de\\\/truck\\\/artikel\\\/ozapft-ist-is-man-werk-in-muenchen-feiert-70-jaehriges-bestehen-43130\\\/#article\",\"isPartOf\":{\"@id\":\"https:\\\/\\\/www.krafthand.de\\\/truck\\\/artikel\\\/ozapft-ist-is-man-werk-in-muenchen-feiert-70-jaehriges-bestehen-43130\\\/\"},\"author\":{\"name\":\"georg.blenk@krafthand-medien.de\",\"@id\":\"https:\\\/\\\/www.krafthand.de\\\/truck\\\/#\\\/schema\\\/person\\\/51fa80b1c57034c4bf63f9f988fc24ce\"},\"headline\":\"O\u2019zapft is! MAN-Werk in M\u00fcnchen feiert 70-j\u00e4hriges Bestehen\",\"datePublished\":\"2025-06-26T10:41:02+00:00\",\"dateModified\":\"2025-06-26T10:41:23+00:00\",\"mainEntityOfPage\":{\"@id\":\"https:\\\/\\\/www.krafthand.de\\\/truck\\\/artikel\\\/ozapft-ist-is-man-werk-in-muenchen-feiert-70-jaehriges-bestehen-43130\\\/\"},\"wordCount\":458,\"image\":{\"@id\":\"https:\\\/\\\/www.krafthand.de\\\/truck\\\/artikel\\\/ozapft-ist-is-man-werk-in-muenchen-feiert-70-jaehriges-bestehen-43130\\\/#primaryimage\"},\"thumbnailUrl\":\"https:\\\/\\\/static.krafthand-truck.de\\\/uploads\\\/2025\\\/06\\\/Lkw_Montage_MAN_Werk_Karlsfeld_1955.jpg\",\"keywords\":[\"Jubil\u00e4um\",\"MAN\",\"Produktion\"],\"articleSection\":[\"Unternehmen\"],\"inLanguage\":\"de\"},{\"@type\":\"WebPage\",\"@id\":\"https:\\\/\\\/www.krafthand.de\\\/truck\\\/artikel\\\/ozapft-ist-is-man-werk-in-muenchen-feiert-70-jaehriges-bestehen-43130\\\/\",\"url\":\"https:\\\/\\\/www.krafthand.de\\\/truck\\\/artikel\\\/ozapft-ist-is-man-werk-in-muenchen-feiert-70-jaehriges-bestehen-43130\\\/\",\"name\":\"Jubil\u00e4um MAN-Werk M\u00fcnchen I Krafthand-Truck\",\"isPartOf\":{\"@id\":\"https:\\\/\\\/www.krafthand.de\\\/truck\\\/#website\"},\"primaryImageOfPage\":{\"@id\":\"https:\\\/\\\/www.krafthand.de\\\/truck\\\/artikel\\\/ozapft-ist-is-man-werk-in-muenchen-feiert-70-jaehriges-bestehen-43130\\\/#primaryimage\"},\"image\":{\"@id\":\"https:\\\/\\\/www.krafthand.de\\\/truck\\\/artikel\\\/ozapft-ist-is-man-werk-in-muenchen-feiert-70-jaehriges-bestehen-43130\\\/#primaryimage\"},\"thumbnailUrl\":\"https:\\\/\\\/static.krafthand-truck.de\\\/uploads\\\/2025\\\/06\\\/Lkw_Montage_MAN_Werk_Karlsfeld_1955.jpg\",\"datePublished\":\"2025-06-26T10:41:02+00:00\",\"dateModified\":\"2025-06-26T10:41:23+00:00\",\"author\":{\"@id\":\"https:\\\/\\\/www.krafthand.de\\\/truck\\\/#\\\/schema\\\/person\\\/51fa80b1c57034c4bf63f9f988fc24ce\"},\"description\":\"Das MAN-Werk M\u00fcnchen feiert sein 70-j\u00e4hriges Bestehen. Zum Jubil\u00e4um sam 28.6 2025 werden rund 20.000 G\u00e4ste erwartet.\",\"breadcrumb\":{\"@id\":\"https:\\\/\\\/www.krafthand.de\\\/truck\\\/artikel\\\/ozapft-ist-is-man-werk-in-muenchen-feiert-70-jaehriges-bestehen-43130\\\/#breadcrumb\"},\"inLanguage\":\"de\",\"potentialAction\":[{\"@type\":\"ReadAction\",\"target\":[\"https:\\\/\\\/www.krafthand.de\\\/truck\\\/artikel\\\/ozapft-ist-is-man-werk-in-muenchen-feiert-70-jaehriges-bestehen-43130\\\/\"]}]},{\"@type\":\"ImageObject\",\"inLanguage\":\"de\",\"@id\":\"https:\\\/\\\/www.krafthand.de\\\/truck\\\/artikel\\\/ozapft-ist-is-man-werk-in-muenchen-feiert-70-jaehriges-bestehen-43130\\\/#primaryimage\",\"url\":\"https:\\\/\\\/static.krafthand-truck.de\\\/uploads\\\/2025\\\/06\\\/Lkw_Montage_MAN_Werk_Karlsfeld_1955.jpg\",\"contentUrl\":\"https:\\\/\\\/static.krafthand-truck.de\\\/uploads\\\/2025\\\/06\\\/Lkw_Montage_MAN_Werk_Karlsfeld_1955.jpg\",\"width\":1200,\"height\":598},{\"@type\":\"BreadcrumbList\",\"@id\":\"https:\\\/\\\/www.krafthand.de\\\/truck\\\/artikel\\\/ozapft-ist-is-man-werk-in-muenchen-feiert-70-jaehriges-bestehen-43130\\\/#breadcrumb\",\"itemListElement\":[{\"@type\":\"ListItem\",\"position\":1,\"name\":\"Krafthand-Truck\",\"item\":\"https:\\\/\\\/www.krafthand.de\\\/truck\\\/\"},{\"@type\":\"ListItem\",\"position\":2,\"name\":\"Nfz-Branche\",\"item\":\"https:\\\/\\\/www.krafthand.de\\\/truck\\\/kategorie\\\/branche\\\/\"},{\"@type\":\"ListItem\",\"position\":3,\"name\":\"Unternehmen\",\"item\":\"https:\\\/\\\/www.krafthand.de\\\/truck\\\/kategorie\\\/branche\\\/unternehmen\\\/\"},{\"@type\":\"ListItem\",\"position\":4,\"name\":\"O\u2019zapft is! MAN-Werk in M\u00fcnchen feiert 70-j\u00e4hriges Bestehen\"}]},{\"@type\":\"WebSite\",\"@id\":\"https:\\\/\\\/www.krafthand.de\\\/truck\\\/#website\",\"url\":\"https:\\\/\\\/www.krafthand.de\\\/truck\\\/\",\"name\":\"Krafthand-Truck\",\"description\":\"\",\"potentialAction\":[{\"@type\":\"SearchAction\",\"target\":{\"@type\":\"EntryPoint\",\"urlTemplate\":\"https:\\\/\\\/www.krafthand.de\\\/truck\\\/?s={search_term_string}\"},\"query-input\":{\"@type\":\"PropertyValueSpecification\",\"valueRequired\":true,\"valueName\":\"search_term_string\"}}],\"inLanguage\":\"de\"},{\"@type\":\"Person\",\"@id\":\"https:\\\/\\\/www.krafthand.de\\\/truck\\\/#\\\/schema\\\/person\\\/51fa80b1c57034c4bf63f9f988fc24ce\",\"name\":\"georg.blenk@krafthand-medien.de\",\"image\":{\"@type\":\"ImageObject\",\"inLanguage\":\"de\",\"@id\":\"https:\\\/\\\/secure.gravatar.com\\\/avatar\\\/93713c30affe0aa95d3a4130e499bb1abee2eb31adbdd9ce2aa1543538490215?s=96&d=mm&r=g\",\"url\":\"https:\\\/\\\/secure.gravatar.com\\\/avatar\\\/93713c30affe0aa95d3a4130e499bb1abee2eb31adbdd9ce2aa1543538490215?s=96&d=mm&r=g\",\"contentUrl\":\"https:\\\/\\\/secure.gravatar.com\\\/avatar\\\/93713c30affe0aa95d3a4130e499bb1abee2eb31adbdd9ce2aa1543538490215?s=96&d=mm&r=g\",\"caption\":\"georg.blenk@krafthand-medien.de\"}}]}<\/script>\n<!-- \/ Yoast SEO plugin. -->","yoast_head_json":{"title":"Jubil\u00e4um MAN-Werk M\u00fcnchen I Krafthand-Truck","description":"Das MAN-Werk M\u00fcnchen feiert sein 70-j\u00e4hriges Bestehen. Zum Jubil\u00e4um sam 28.6 2025 werden rund 20.000 G\u00e4ste erwartet.","robots":{"index":"index","follow":"follow","max-snippet":"max-snippet:-1","max-image-preview":"max-image-preview:large","max-video-preview":"max-video-preview:-1"},"canonical":"https:\/\/www.krafthand.de\/truck\/artikel\/ozapft-ist-is-man-werk-in-muenchen-feiert-70-jaehriges-bestehen-43130\/","og_locale":"de_DE","og_type":"article","og_title":"Jubil\u00e4um MAN-Werk M\u00fcnchen I Krafthand-Truck","og_description":"Das MAN-Werk M\u00fcnchen feiert sein 70-j\u00e4hriges Bestehen. Zum Jubil\u00e4um sam 28.6 2025 werden rund 20.000 G\u00e4ste erwartet.","og_url":"https:\/\/www.krafthand-truck.de\/artikel\/ozapft-ist-is-man-werk-in-muenchen-feiert-70-jaehriges-bestehen-43130\/","og_site_name":"Krafthand-Truck","article_published_time":"2025-06-26T10:41:02+00:00","article_modified_time":"2025-06-26T10:41:23+00:00","og_image":[{"width":1200,"height":598,"url":"https:\/\/static.krafthand-truck.de\/uploads\/2025\/06\/Lkw_Montage_MAN_Werk_Karlsfeld_1955.jpg","type":"image\/jpeg"}],"author":"georg.blenk@krafthand-medien.de","twitter_card":"summary_large_image","twitter_misc":{"Verfasst von":"georg.blenk@krafthand-medien.de","Gesch\u00e4tzte Lesezeit":"4\u00a0Minuten"},"schema":{"@context":"https:\/\/schema.org","@graph":[{"@type":"Article","@id":"https:\/\/www.krafthand.de\/truck\/artikel\/ozapft-ist-is-man-werk-in-muenchen-feiert-70-jaehriges-bestehen-43130\/#article","isPartOf":{"@id":"https:\/\/www.krafthand.de\/truck\/artikel\/ozapft-ist-is-man-werk-in-muenchen-feiert-70-jaehriges-bestehen-43130\/"},"author":{"name":"georg.blenk@krafthand-medien.de","@id":"https:\/\/www.krafthand.de\/truck\/#\/schema\/person\/51fa80b1c57034c4bf63f9f988fc24ce"},"headline":"O\u2019zapft is! MAN-Werk in M\u00fcnchen feiert 70-j\u00e4hriges Bestehen","datePublished":"2025-06-26T10:41:02+00:00","dateModified":"2025-06-26T10:41:23+00:00","mainEntityOfPage":{"@id":"https:\/\/www.krafthand.de\/truck\/artikel\/ozapft-ist-is-man-werk-in-muenchen-feiert-70-jaehriges-bestehen-43130\/"},"wordCount":458,"image":{"@id":"https:\/\/www.krafthand.de\/truck\/artikel\/ozapft-ist-is-man-werk-in-muenchen-feiert-70-jaehriges-bestehen-43130\/#primaryimage"},"thumbnailUrl":"https:\/\/static.krafthand-truck.de\/uploads\/2025\/06\/Lkw_Montage_MAN_Werk_Karlsfeld_1955.jpg","keywords":["Jubil\u00e4um","MAN","Produktion"],"articleSection":["Unternehmen"],"inLanguage":"de"},{"@type":"WebPage","@id":"https:\/\/www.krafthand.de\/truck\/artikel\/ozapft-ist-is-man-werk-in-muenchen-feiert-70-jaehriges-bestehen-43130\/","url":"https:\/\/www.krafthand.de\/truck\/artikel\/ozapft-ist-is-man-werk-in-muenchen-feiert-70-jaehriges-bestehen-43130\/","name":"Jubil\u00e4um MAN-Werk M\u00fcnchen I Krafthand-Truck","isPartOf":{"@id":"https:\/\/www.krafthand.de\/truck\/#website"},"primaryImageOfPage":{"@id":"https:\/\/www.krafthand.de\/truck\/artikel\/ozapft-ist-is-man-werk-in-muenchen-feiert-70-jaehriges-bestehen-43130\/#primaryimage"},"image":{"@id":"https:\/\/www.krafthand.de\/truck\/artikel\/ozapft-ist-is-man-werk-in-muenchen-feiert-70-jaehriges-bestehen-43130\/#primaryimage"},"thumbnailUrl":"https:\/\/static.krafthand-truck.de\/uploads\/2025\/06\/Lkw_Montage_MAN_Werk_Karlsfeld_1955.jpg","datePublished":"2025-06-26T10:41:02+00:00","dateModified":"2025-06-26T10:41:23+00:00","author":{"@id":"https:\/\/www.krafthand.de\/truck\/#\/schema\/person\/51fa80b1c57034c4bf63f9f988fc24ce"},"description":"Das MAN-Werk M\u00fcnchen feiert sein 70-j\u00e4hriges Bestehen. Zum Jubil\u00e4um sam 28.6 2025 werden rund 20.000 G\u00e4ste erwartet.","breadcrumb":{"@id":"https:\/\/www.krafthand.de\/truck\/artikel\/ozapft-ist-is-man-werk-in-muenchen-feiert-70-jaehriges-bestehen-43130\/#breadcrumb"},"inLanguage":"de","potentialAction":[{"@type":"ReadAction","target":["https:\/\/www.krafthand.de\/truck\/artikel\/ozapft-ist-is-man-werk-in-muenchen-feiert-70-jaehriges-bestehen-43130\/"]}]},{"@type":"ImageObject","inLanguage":"de","@id":"https:\/\/www.krafthand.de\/truck\/artikel\/ozapft-ist-is-man-werk-in-muenchen-feiert-70-jaehriges-bestehen-43130\/#primaryimage","url":"https:\/\/static.krafthand-truck.de\/uploads\/2025\/06\/Lkw_Montage_MAN_Werk_Karlsfeld_1955.jpg","contentUrl":"https:\/\/static.krafthand-truck.de\/uploads\/2025\/06\/Lkw_Montage_MAN_Werk_Karlsfeld_1955.jpg","width":1200,"height":598},{"@type":"BreadcrumbList","@id":"https:\/\/www.krafthand.de\/truck\/artikel\/ozapft-ist-is-man-werk-in-muenchen-feiert-70-jaehriges-bestehen-43130\/#breadcrumb","itemListElement":[{"@type":"ListItem","position":1,"name":"Krafthand-Truck","item":"https:\/\/www.krafthand.de\/truck\/"},{"@type":"ListItem","position":2,"name":"Nfz-Branche","item":"https:\/\/www.krafthand.de\/truck\/kategorie\/branche\/"},{"@type":"ListItem","position":3,"name":"Unternehmen","item":"https:\/\/www.krafthand.de\/truck\/kategorie\/branche\/unternehmen\/"},{"@type":"ListItem","position":4,"name":"O\u2019zapft is! MAN-Werk in M\u00fcnchen feiert 70-j\u00e4hriges Bestehen"}]},{"@type":"WebSite","@id":"https:\/\/www.krafthand.de\/truck\/#website","url":"https:\/\/www.krafthand.de\/truck\/","name":"Krafthand-Truck","description":"","potentialAction":[{"@type":"SearchAction","target":{"@type":"EntryPoint","urlTemplate":"https:\/\/www.krafthand.de\/truck\/?s={search_term_string}"},"query-input":{"@type":"PropertyValueSpecification","valueRequired":true,"valueName":"search_term_string"}}],"inLanguage":"de"},{"@type":"Person","@id":"https:\/\/www.krafthand.de\/truck\/#\/schema\/person\/51fa80b1c57034c4bf63f9f988fc24ce","name":"georg.blenk@krafthand-medien.de","image":{"@type":"ImageObject","inLanguage":"de","@id":"https:\/\/secure.gravatar.com\/avatar\/93713c30affe0aa95d3a4130e499bb1abee2eb31adbdd9ce2aa1543538490215?s=96&d=mm&r=g","url":"https:\/\/secure.gravatar.com\/avatar\/93713c30affe0aa95d3a4130e499bb1abee2eb31adbdd9ce2aa1543538490215?s=96&d=mm&r=g","contentUrl":"https:\/\/secure.gravatar.com\/avatar\/93713c30affe0aa95d3a4130e499bb1abee2eb31adbdd9ce2aa1543538490215?s=96&d=mm&r=g","caption":"georg.blenk@krafthand-medien.de"}}]}},"_links":{"self":[{"href":"https:\/\/www.krafthand.de\/truck\/wp-json\/wp\/v2\/posts\/43130","targetHints":{"allow":["GET"]}}],"collection":[{"href":"https:\/\/www.krafthand.de\/truck\/wp-json\/wp\/v2\/posts"}],"about":[{"href":"https:\/\/www.krafthand.de\/truck\/wp-json\/wp\/v2\/types\/post"}],"author":[{"embeddable":true,"href":"https:\/\/www.krafthand.de\/truck\/wp-json\/wp\/v2\/users\/9"}],"replies":[{"embeddable":true,"href":"https:\/\/www.krafthand.de\/truck\/wp-json\/wp\/v2\/comments?post=43130"}],"version-history":[{"count":9,"href":"https:\/\/www.krafthand.de\/truck\/wp-json\/wp\/v2\/posts\/43130\/revisions"}],"predecessor-version":[{"id":43143,"href":"https:\/\/www.krafthand.de\/truck\/wp-json\/wp\/v2\/posts\/43130\/revisions\/43143"}],"wp:featuredmedia":[{"embeddable":true,"href":"https:\/\/www.krafthand.de\/truck\/wp-json\/wp\/v2\/media\/43133"}],"wp:attachment":[{"href":"https:\/\/www.krafthand.de\/truck\/wp-json\/wp\/v2\/media?parent=43130"}],"wp:term":[{"taxonomy":"category","embeddable":true,"href":"https:\/\/www.krafthand.de\/truck\/wp-json\/wp\/v2\/categories?post=43130"},{"taxonomy":"post_tag","embeddable":true,"href":"https:\/\/www.krafthand.de\/truck\/wp-json\/wp\/v2\/tags?post=43130"},{"taxonomy":"settings","embeddable":true,"href":"https:\/\/www.krafthand.de\/truck\/wp-json\/wp\/v2\/settings?post=43130"}],"curies":[{"name":"wp","href":"https:\/\/api.w.org\/{rel}","templated":true}]}}