{"id":43122,"date":"2025-06-25T12:56:07","date_gmt":"2025-06-25T10:56:07","guid":{"rendered":"https:\/\/www.krafthand.de\/truck\/?p=43122"},"modified":"2025-06-26T12:47:31","modified_gmt":"2025-06-26T10:47:31","slug":"motair_wird_in_febi_markenwelt_integriert","status":"publish","type":"post","link":"https:\/\/www.krafthand.de\/truck\/artikel\/motair_wird_in_febi_markenwelt_integriert-43122\/","title":{"rendered":"Turbolader: Motair wird in febi Markenwelt integriert"},"content":{"rendered":"<p>Die Motair Turbolader GmbH geh\u00f6rt bereits seit 2021 zur Bilstein Group. Zum 1. August 2025 wird nun die Marke Motair vollst\u00e4ndig in febi integriert. Im Zuge der Integration zieht das gesamte Motair-Team an den neuen Standort K\u00f6ln\/Frechen und bildet dort das &#8218;Bilstein Group Turbo Competence Centre&#8216;. Unter der Leitung des Turbolader-Spezialisten Andreas Solibieda soll dort die Produktion, inklusive dem Remanufacturing, neu strukturiert und weiterentwickelt werden. Die Vertriebsverantwortung f\u00fcr das gesamte Turbolader-Programm liegt k\u00fcnftig zentral bei der Bilstein Group.<\/p>\n<p>Bis zum 31. Juli 2025 seien die Produkte weiterhin unter der Marke Motair erh\u00e4ltlich. Ab dem 1. August erfolge dann die Umstellung aller Automotive-Artikel auf febi. Die Belieferung erfolgt \u00fcber das zentrale Logistikzentrum in Gelsenkirchen, wodurch die Verf\u00fcgbarkeit und der Lieferservice nochmals deutlich verbessert werden sollen.<\/p>\n<p>Das neue febi Turbolader-Programm umfasst \u00fcber 2.600 Turbolader, mehr als 670 TURBO ProKits sowie ein umfangreiches Zubeh\u00f6rsortiment mit Montages\u00e4tzen und \u00d6lleitungen. Aktuell deckt das Programm \u00fcber 95\u202f Prozent der Turbolader f\u00fcr europ\u00e4ische Pkw, Transporter und Nutzfahrzeuge ab \u2013 mit kontinuierlicher Erweiterung um neue Fahrzeugmodelle. Alle Artikel sind wie gewohnt \u00fcber TecDoc sowie den bilstein group partsfinder abrufbar: <a href=\"https:\/\/partsfinder.bilsteingroup.com\" target=\"_blank\" rel=\"noopener\">partsfinder.bilsteingroup.com<\/a><\/p>\n","protected":false},"excerpt":{"rendered":"<p>Die Motair Turbolader GmbH geh\u00f6rt bereits seit 2021 zur Bilstein Group. Zum 1. August 2025 wird nun die Marke Motair vollst\u00e4ndig in febi integriert. Im Zuge der Integration zieht das gesamte Motair-Team an den neuen Standort K\u00f6ln\/Frechen und bildet dort das &#8218;Bilstein Group Turbo Competence Centre&#8216;. <span class=\"excerpt-more__dots\">&#8230;<\/span> <a class=\"excerpt-more__link\" href=\"https:\/\/www.krafthand.de\/truck\/artikel\/motair_wird_in_febi_markenwelt_integriert-43122\/\" >weiter<\/a><\/p>\n","protected":false},"author":9,"featured_media":43124,"comment_status":"closed","ping_status":"closed","sticky":false,"template":"","format":"standard","meta":{"footnotes":""},"categories":[4223,4912],"tags":[6259,3471,1481,368,367],"settings":[4766,3523],"class_list":["post-43122","post","type-post","status-publish","format-standard","has-post-thumbnail","hentry","category-antrieb","category-ersatzteile-zubehoer","tag-andreas-solibieda","tag-bilstein-group","tag-febi","tag-motair","tag-turbolader"],"yoast_head":"<!-- This site is optimized with the Yoast SEO plugin v27.3 - https:\/\/yoast.com\/product\/yoast-seo-wordpress\/ -->\n<title>febi integriert Motair I Krafthand-Truck<\/title>\n<meta name=\"description\" content=\"Zum 1. August 2025 wird die Marke Motair vollst\u00e4ndig in febi integriert. Das gesamte Motair-Team zeiht an den neuen Standort K\u00f6ln\/Frechen.\" \/>\n<meta name=\"robots\" content=\"index, follow, max-snippet:-1, max-image-preview:large, max-video-preview:-1\" \/>\n<link rel=\"canonical\" href=\"https:\/\/www.krafthand.de\/truck\/artikel\/motair_wird_in_febi_markenwelt_integriert-43122\/\" \/>\n<meta property=\"og:locale\" content=\"de_DE\" \/>\n<meta property=\"og:type\" content=\"article\" \/>\n<meta property=\"og:title\" content=\"febi integriert Motair I Krafthand-Truck\" \/>\n<meta property=\"og:description\" content=\"Zum 1. August 2025 wird die Marke Motair vollst\u00e4ndig in febi integriert. Das gesamte Motair-Team zeiht an den neuen Standort K\u00f6ln\/Frechen.\" \/>\n<meta property=\"og:url\" content=\"https:\/\/www.krafthand-truck.de\/artikel\/motair_wird_in_febi_markenwelt_integriert-43122\/\" \/>\n<meta property=\"og:site_name\" content=\"Krafthand-Truck\" \/>\n<meta property=\"article:published_time\" content=\"2025-06-25T10:56:07+00:00\" \/>\n<meta property=\"article:modified_time\" content=\"2025-06-26T10:47:31+00:00\" \/>\n<meta property=\"og:image\" content=\"https:\/\/static.krafthand-truck.de\/uploads\/2025\/06\/Febi_Bilstein_Motair_Turbolader_Lkw.jpg\" \/>\n\t<meta property=\"og:image:width\" content=\"1024\" \/>\n\t<meta property=\"og:image:height\" content=\"768\" \/>\n\t<meta property=\"og:image:type\" content=\"image\/jpeg\" \/>\n<meta name=\"author\" content=\"georg.blenk@krafthand-medien.de\" \/>\n<meta name=\"twitter:card\" content=\"summary_large_image\" \/>\n<meta name=\"twitter:label1\" content=\"Verfasst von\" \/>\n\t<meta name=\"twitter:data1\" content=\"georg.blenk@krafthand-medien.de\" \/>\n\t<meta name=\"twitter:label2\" content=\"Gesch\u00e4tzte Lesezeit\" \/>\n\t<meta name=\"twitter:data2\" content=\"2\u00a0Minuten\" \/>\n<script type=\"application\/ld+json\" class=\"yoast-schema-graph\">{\"@context\":\"https:\\\/\\\/schema.org\",\"@graph\":[{\"@type\":\"Article\",\"@id\":\"https:\\\/\\\/www.krafthand.de\\\/truck\\\/artikel\\\/motair_wird_in_febi_markenwelt_integriert-43122\\\/#article\",\"isPartOf\":{\"@id\":\"https:\\\/\\\/www.krafthand.de\\\/truck\\\/artikel\\\/motair_wird_in_febi_markenwelt_integriert-43122\\\/\"},\"author\":{\"name\":\"georg.blenk@krafthand-medien.de\",\"@id\":\"https:\\\/\\\/www.krafthand.de\\\/truck\\\/#\\\/schema\\\/person\\\/51fa80b1c57034c4bf63f9f988fc24ce\"},\"headline\":\"Turbolader: Motair wird in febi Markenwelt integriert\",\"datePublished\":\"2025-06-25T10:56:07+00:00\",\"dateModified\":\"2025-06-26T10:47:31+00:00\",\"mainEntityOfPage\":{\"@id\":\"https:\\\/\\\/www.krafthand.de\\\/truck\\\/artikel\\\/motair_wird_in_febi_markenwelt_integriert-43122\\\/\"},\"wordCount\":193,\"image\":{\"@id\":\"https:\\\/\\\/www.krafthand.de\\\/truck\\\/artikel\\\/motair_wird_in_febi_markenwelt_integriert-43122\\\/#primaryimage\"},\"thumbnailUrl\":\"https:\\\/\\\/static.krafthand-truck.de\\\/uploads\\\/2025\\\/06\\\/Febi_Bilstein_Motair_Turbolader_Lkw.jpg\",\"keywords\":[\"Andreas Solibieda\",\"Bilstein Group\",\"Febi\",\"Motair\",\"Turbolader\"],\"articleSection\":[\"Antrieb (Motor\\\/Getriebe)\",\"Ersatzteile\\\/Zubeh\u00f6r\"],\"inLanguage\":\"de\"},{\"@type\":\"WebPage\",\"@id\":\"https:\\\/\\\/www.krafthand.de\\\/truck\\\/artikel\\\/motair_wird_in_febi_markenwelt_integriert-43122\\\/\",\"url\":\"https:\\\/\\\/www.krafthand.de\\\/truck\\\/artikel\\\/motair_wird_in_febi_markenwelt_integriert-43122\\\/\",\"name\":\"febi integriert Motair I Krafthand-Truck\",\"isPartOf\":{\"@id\":\"https:\\\/\\\/www.krafthand.de\\\/truck\\\/#website\"},\"primaryImageOfPage\":{\"@id\":\"https:\\\/\\\/www.krafthand.de\\\/truck\\\/artikel\\\/motair_wird_in_febi_markenwelt_integriert-43122\\\/#primaryimage\"},\"image\":{\"@id\":\"https:\\\/\\\/www.krafthand.de\\\/truck\\\/artikel\\\/motair_wird_in_febi_markenwelt_integriert-43122\\\/#primaryimage\"},\"thumbnailUrl\":\"https:\\\/\\\/static.krafthand-truck.de\\\/uploads\\\/2025\\\/06\\\/Febi_Bilstein_Motair_Turbolader_Lkw.jpg\",\"datePublished\":\"2025-06-25T10:56:07+00:00\",\"dateModified\":\"2025-06-26T10:47:31+00:00\",\"author\":{\"@id\":\"https:\\\/\\\/www.krafthand.de\\\/truck\\\/#\\\/schema\\\/person\\\/51fa80b1c57034c4bf63f9f988fc24ce\"},\"description\":\"Zum 1. August 2025 wird die Marke Motair vollst\u00e4ndig in febi integriert. Das gesamte Motair-Team zeiht an den neuen Standort K\u00f6ln\\\/Frechen.\",\"breadcrumb\":{\"@id\":\"https:\\\/\\\/www.krafthand.de\\\/truck\\\/artikel\\\/motair_wird_in_febi_markenwelt_integriert-43122\\\/#breadcrumb\"},\"inLanguage\":\"de\",\"potentialAction\":[{\"@type\":\"ReadAction\",\"target\":[\"https:\\\/\\\/www.krafthand.de\\\/truck\\\/artikel\\\/motair_wird_in_febi_markenwelt_integriert-43122\\\/\"]}]},{\"@type\":\"ImageObject\",\"inLanguage\":\"de\",\"@id\":\"https:\\\/\\\/www.krafthand.de\\\/truck\\\/artikel\\\/motair_wird_in_febi_markenwelt_integriert-43122\\\/#primaryimage\",\"url\":\"https:\\\/\\\/static.krafthand-truck.de\\\/uploads\\\/2025\\\/06\\\/Febi_Bilstein_Motair_Turbolader_Lkw.jpg\",\"contentUrl\":\"https:\\\/\\\/static.krafthand-truck.de\\\/uploads\\\/2025\\\/06\\\/Febi_Bilstein_Motair_Turbolader_Lkw.jpg\",\"width\":1024,\"height\":768},{\"@type\":\"BreadcrumbList\",\"@id\":\"https:\\\/\\\/www.krafthand.de\\\/truck\\\/artikel\\\/motair_wird_in_febi_markenwelt_integriert-43122\\\/#breadcrumb\",\"itemListElement\":[{\"@type\":\"ListItem\",\"position\":1,\"name\":\"Krafthand-Truck\",\"item\":\"https:\\\/\\\/www.krafthand.de\\\/truck\\\/\"},{\"@type\":\"ListItem\",\"position\":2,\"name\":\"Nfz-Service\",\"item\":\"https:\\\/\\\/www.krafthand.de\\\/truck\\\/kategorie\\\/nfz-service\\\/\"},{\"@type\":\"ListItem\",\"position\":3,\"name\":\"Ersatzteile\\\/Zubeh\u00f6r\",\"item\":\"https:\\\/\\\/www.krafthand.de\\\/truck\\\/kategorie\\\/nfz-service\\\/ersatzteile-zubehoer\\\/\"},{\"@type\":\"ListItem\",\"position\":4,\"name\":\"Turbolader: Motair wird in febi Markenwelt integriert\"}]},{\"@type\":\"WebSite\",\"@id\":\"https:\\\/\\\/www.krafthand.de\\\/truck\\\/#website\",\"url\":\"https:\\\/\\\/www.krafthand.de\\\/truck\\\/\",\"name\":\"Krafthand-Truck\",\"description\":\"\",\"potentialAction\":[{\"@type\":\"SearchAction\",\"target\":{\"@type\":\"EntryPoint\",\"urlTemplate\":\"https:\\\/\\\/www.krafthand.de\\\/truck\\\/?s={search_term_string}\"},\"query-input\":{\"@type\":\"PropertyValueSpecification\",\"valueRequired\":true,\"valueName\":\"search_term_string\"}}],\"inLanguage\":\"de\"},{\"@type\":\"Person\",\"@id\":\"https:\\\/\\\/www.krafthand.de\\\/truck\\\/#\\\/schema\\\/person\\\/51fa80b1c57034c4bf63f9f988fc24ce\",\"name\":\"georg.blenk@krafthand-medien.de\",\"image\":{\"@type\":\"ImageObject\",\"inLanguage\":\"de\",\"@id\":\"https:\\\/\\\/secure.gravatar.com\\\/avatar\\\/93713c30affe0aa95d3a4130e499bb1abee2eb31adbdd9ce2aa1543538490215?s=96&d=mm&r=g\",\"url\":\"https:\\\/\\\/secure.gravatar.com\\\/avatar\\\/93713c30affe0aa95d3a4130e499bb1abee2eb31adbdd9ce2aa1543538490215?s=96&d=mm&r=g\",\"contentUrl\":\"https:\\\/\\\/secure.gravatar.com\\\/avatar\\\/93713c30affe0aa95d3a4130e499bb1abee2eb31adbdd9ce2aa1543538490215?s=96&d=mm&r=g\",\"caption\":\"georg.blenk@krafthand-medien.de\"}}]}<\/script>\n<!-- \/ Yoast SEO plugin. -->","yoast_head_json":{"title":"febi integriert Motair I Krafthand-Truck","description":"Zum 1. August 2025 wird die Marke Motair vollst\u00e4ndig in febi integriert. Das gesamte Motair-Team zeiht an den neuen Standort K\u00f6ln\/Frechen.","robots":{"index":"index","follow":"follow","max-snippet":"max-snippet:-1","max-image-preview":"max-image-preview:large","max-video-preview":"max-video-preview:-1"},"canonical":"https:\/\/www.krafthand.de\/truck\/artikel\/motair_wird_in_febi_markenwelt_integriert-43122\/","og_locale":"de_DE","og_type":"article","og_title":"febi integriert Motair I Krafthand-Truck","og_description":"Zum 1. August 2025 wird die Marke Motair vollst\u00e4ndig in febi integriert. Das gesamte Motair-Team zeiht an den neuen Standort K\u00f6ln\/Frechen.","og_url":"https:\/\/www.krafthand-truck.de\/artikel\/motair_wird_in_febi_markenwelt_integriert-43122\/","og_site_name":"Krafthand-Truck","article_published_time":"2025-06-25T10:56:07+00:00","article_modified_time":"2025-06-26T10:47:31+00:00","og_image":[{"width":1024,"height":768,"url":"https:\/\/static.krafthand-truck.de\/uploads\/2025\/06\/Febi_Bilstein_Motair_Turbolader_Lkw.jpg","type":"image\/jpeg"}],"author":"georg.blenk@krafthand-medien.de","twitter_card":"summary_large_image","twitter_misc":{"Verfasst von":"georg.blenk@krafthand-medien.de","Gesch\u00e4tzte Lesezeit":"2\u00a0Minuten"},"schema":{"@context":"https:\/\/schema.org","@graph":[{"@type":"Article","@id":"https:\/\/www.krafthand.de\/truck\/artikel\/motair_wird_in_febi_markenwelt_integriert-43122\/#article","isPartOf":{"@id":"https:\/\/www.krafthand.de\/truck\/artikel\/motair_wird_in_febi_markenwelt_integriert-43122\/"},"author":{"name":"georg.blenk@krafthand-medien.de","@id":"https:\/\/www.krafthand.de\/truck\/#\/schema\/person\/51fa80b1c57034c4bf63f9f988fc24ce"},"headline":"Turbolader: Motair wird in febi Markenwelt integriert","datePublished":"2025-06-25T10:56:07+00:00","dateModified":"2025-06-26T10:47:31+00:00","mainEntityOfPage":{"@id":"https:\/\/www.krafthand.de\/truck\/artikel\/motair_wird_in_febi_markenwelt_integriert-43122\/"},"wordCount":193,"image":{"@id":"https:\/\/www.krafthand.de\/truck\/artikel\/motair_wird_in_febi_markenwelt_integriert-43122\/#primaryimage"},"thumbnailUrl":"https:\/\/static.krafthand-truck.de\/uploads\/2025\/06\/Febi_Bilstein_Motair_Turbolader_Lkw.jpg","keywords":["Andreas Solibieda","Bilstein Group","Febi","Motair","Turbolader"],"articleSection":["Antrieb (Motor\/Getriebe)","Ersatzteile\/Zubeh\u00f6r"],"inLanguage":"de"},{"@type":"WebPage","@id":"https:\/\/www.krafthand.de\/truck\/artikel\/motair_wird_in_febi_markenwelt_integriert-43122\/","url":"https:\/\/www.krafthand.de\/truck\/artikel\/motair_wird_in_febi_markenwelt_integriert-43122\/","name":"febi integriert Motair I Krafthand-Truck","isPartOf":{"@id":"https:\/\/www.krafthand.de\/truck\/#website"},"primaryImageOfPage":{"@id":"https:\/\/www.krafthand.de\/truck\/artikel\/motair_wird_in_febi_markenwelt_integriert-43122\/#primaryimage"},"image":{"@id":"https:\/\/www.krafthand.de\/truck\/artikel\/motair_wird_in_febi_markenwelt_integriert-43122\/#primaryimage"},"thumbnailUrl":"https:\/\/static.krafthand-truck.de\/uploads\/2025\/06\/Febi_Bilstein_Motair_Turbolader_Lkw.jpg","datePublished":"2025-06-25T10:56:07+00:00","dateModified":"2025-06-26T10:47:31+00:00","author":{"@id":"https:\/\/www.krafthand.de\/truck\/#\/schema\/person\/51fa80b1c57034c4bf63f9f988fc24ce"},"description":"Zum 1. August 2025 wird die Marke Motair vollst\u00e4ndig in febi integriert. Das gesamte Motair-Team zeiht an den neuen Standort K\u00f6ln\/Frechen.","breadcrumb":{"@id":"https:\/\/www.krafthand.de\/truck\/artikel\/motair_wird_in_febi_markenwelt_integriert-43122\/#breadcrumb"},"inLanguage":"de","potentialAction":[{"@type":"ReadAction","target":["https:\/\/www.krafthand.de\/truck\/artikel\/motair_wird_in_febi_markenwelt_integriert-43122\/"]}]},{"@type":"ImageObject","inLanguage":"de","@id":"https:\/\/www.krafthand.de\/truck\/artikel\/motair_wird_in_febi_markenwelt_integriert-43122\/#primaryimage","url":"https:\/\/static.krafthand-truck.de\/uploads\/2025\/06\/Febi_Bilstein_Motair_Turbolader_Lkw.jpg","contentUrl":"https:\/\/static.krafthand-truck.de\/uploads\/2025\/06\/Febi_Bilstein_Motair_Turbolader_Lkw.jpg","width":1024,"height":768},{"@type":"BreadcrumbList","@id":"https:\/\/www.krafthand.de\/truck\/artikel\/motair_wird_in_febi_markenwelt_integriert-43122\/#breadcrumb","itemListElement":[{"@type":"ListItem","position":1,"name":"Krafthand-Truck","item":"https:\/\/www.krafthand.de\/truck\/"},{"@type":"ListItem","position":2,"name":"Nfz-Service","item":"https:\/\/www.krafthand.de\/truck\/kategorie\/nfz-service\/"},{"@type":"ListItem","position":3,"name":"Ersatzteile\/Zubeh\u00f6r","item":"https:\/\/www.krafthand.de\/truck\/kategorie\/nfz-service\/ersatzteile-zubehoer\/"},{"@type":"ListItem","position":4,"name":"Turbolader: Motair wird in febi Markenwelt integriert"}]},{"@type":"WebSite","@id":"https:\/\/www.krafthand.de\/truck\/#website","url":"https:\/\/www.krafthand.de\/truck\/","name":"Krafthand-Truck","description":"","potentialAction":[{"@type":"SearchAction","target":{"@type":"EntryPoint","urlTemplate":"https:\/\/www.krafthand.de\/truck\/?s={search_term_string}"},"query-input":{"@type":"PropertyValueSpecification","valueRequired":true,"valueName":"search_term_string"}}],"inLanguage":"de"},{"@type":"Person","@id":"https:\/\/www.krafthand.de\/truck\/#\/schema\/person\/51fa80b1c57034c4bf63f9f988fc24ce","name":"georg.blenk@krafthand-medien.de","image":{"@type":"ImageObject","inLanguage":"de","@id":"https:\/\/secure.gravatar.com\/avatar\/93713c30affe0aa95d3a4130e499bb1abee2eb31adbdd9ce2aa1543538490215?s=96&d=mm&r=g","url":"https:\/\/secure.gravatar.com\/avatar\/93713c30affe0aa95d3a4130e499bb1abee2eb31adbdd9ce2aa1543538490215?s=96&d=mm&r=g","contentUrl":"https:\/\/secure.gravatar.com\/avatar\/93713c30affe0aa95d3a4130e499bb1abee2eb31adbdd9ce2aa1543538490215?s=96&d=mm&r=g","caption":"georg.blenk@krafthand-medien.de"}}]}},"_links":{"self":[{"href":"https:\/\/www.krafthand.de\/truck\/wp-json\/wp\/v2\/posts\/43122","targetHints":{"allow":["GET"]}}],"collection":[{"href":"https:\/\/www.krafthand.de\/truck\/wp-json\/wp\/v2\/posts"}],"about":[{"href":"https:\/\/www.krafthand.de\/truck\/wp-json\/wp\/v2\/types\/post"}],"author":[{"embeddable":true,"href":"https:\/\/www.krafthand.de\/truck\/wp-json\/wp\/v2\/users\/9"}],"replies":[{"embeddable":true,"href":"https:\/\/www.krafthand.de\/truck\/wp-json\/wp\/v2\/comments?post=43122"}],"version-history":[{"count":6,"href":"https:\/\/www.krafthand.de\/truck\/wp-json\/wp\/v2\/posts\/43122\/revisions"}],"predecessor-version":[{"id":43129,"href":"https:\/\/www.krafthand.de\/truck\/wp-json\/wp\/v2\/posts\/43122\/revisions\/43129"}],"wp:featuredmedia":[{"embeddable":true,"href":"https:\/\/www.krafthand.de\/truck\/wp-json\/wp\/v2\/media\/43124"}],"wp:attachment":[{"href":"https:\/\/www.krafthand.de\/truck\/wp-json\/wp\/v2\/media?parent=43122"}],"wp:term":[{"taxonomy":"category","embeddable":true,"href":"https:\/\/www.krafthand.de\/truck\/wp-json\/wp\/v2\/categories?post=43122"},{"taxonomy":"post_tag","embeddable":true,"href":"https:\/\/www.krafthand.de\/truck\/wp-json\/wp\/v2\/tags?post=43122"},{"taxonomy":"settings","embeddable":true,"href":"https:\/\/www.krafthand.de\/truck\/wp-json\/wp\/v2\/settings?post=43122"}],"curies":[{"name":"wp","href":"https:\/\/api.w.org\/{rel}","templated":true}]}}