{"id":43056,"date":"2025-06-20T11:36:30","date_gmt":"2025-06-20T09:36:30","guid":{"rendered":"https:\/\/www.krafthand.de\/truck\/?p=43056"},"modified":"2025-06-20T11:36:30","modified_gmt":"2025-06-20T09:36:30","slug":"mercedes-benz-trucks-arbeitet-mit-modernen-adas-an-vision-zero","status":"publish","type":"post","link":"https:\/\/www.krafthand.de\/truck\/artikel\/mercedes-benz-trucks-arbeitet-mit-modernen-adas-an-vision-zero-43056\/","title":{"rendered":"Mercedes-Benz Trucks arbeitet mit modernen ADAS an Vision Zero."},"content":{"rendered":"<p>Am 21.Juni ist der bundesweite Tag der Verkehrssicherheit, der seit 2005 vom Deutschen Verkehrssicherheitsrat (DVR) initiiert wird.\u00a0 Im Vordergrund steht die Unfallpr\u00e4vention sowie \u00f6ffentlichkeitswirksame Aufkl\u00e4rungs-Aktionen. Mercedes-Benz Trucks m\u00f6chte auf eine besonders gef\u00e4hrdete Gruppe im Stra\u00dfenverkehr aufmerksam machen, die Fu\u00dfg\u00e4ngerinnen und Fu\u00dfg\u00e4nger sowie Radfahrende. Vor allem beim Abbiegen, Anfahren und in un\u00fcbersichtlichen Situationen kommt es immer wieder zu schweren Unf\u00e4llen \u2013 h\u00e4ufig im urbanen Umfeld.<\/p>\n<p>Mercedes-Benz Trucks setzt hier auf intelligente Assistenzsysteme, die diese Risiken gezielt entsch\u00e4rfen sollen. Beispiel sind der neue Frontguard-Assist, der weiterentwickelten Active Sideguard Assist 2 und der Active Brake Assist 6.<\/p>\n<h3>Frontguard Assist<\/h3>\n<p>Der Frontguard Assist \u00fcberwacht mit Radarsensoren und einer Kamera den Bereich direkt vor dem Fahrzeug, der f\u00fcr den Lkw-Fahrer und die Lkw-Fahrerin trotz Spiegel- und Kamerasystemen schwer einsehbar ist. Fu\u00dfg\u00e4nger, Kinder oder Radfahrende, die sich dort aufhalten \u2013 etwa an Bushaltestellen oder Fu\u00dfg\u00e4nger\u00fcberwegen, k\u00f6nnen so erkannt werden. Bei drohender Kollision erfolgt eine optische und akustische Warnung.<\/p>\n<h3>Active Sideguard Assist 2<\/h3>\n<p>Der Active Sideguard Assist 2 erkennt beim Abbiegen oder Spurwechsel andere Verkehrsteilnehmer auf beiden Fahrzeugseiten. Neben der Warnfunktion kann das System bei kritischer Gef\u00e4hrdung auch aktiv in den Bremsvorgang eingreifen, um einen Zusammensto\u00df zu verhindern. Zum Beispiel im Falle eines Radfahrers auf dem Radweg neben dem Fahrzeug.<\/p>\n<h3>Active Brake Assist 6<\/h3>\n<p>Der Active Brake Assist (ABA) ist mittlerweile in der sechsten Generation verf\u00fcgbar. Die neueste Version des Notbremsassistent kann bei Geschwindigkeiten von bis zu 60 km\/h jetzt auch vor kreuzenden, entgegenkommenden oder in der Spur fahrenden Verkehrsteilnehmern eine automatisierte Vollbremsung bis zum Stillstand durchf\u00fchren.<\/p>\n<h3>Vision Zero<\/h3>\n<p>Mit den Assistenzsystemen m\u00f6chte Daimler Truck aktiv auf die Vision Zero einzahlen. Das Ziel ist, Verkehrsunf\u00e4lle mit Todesfolge vollst\u00e4ndig zu vermeiden. Das Unternehmen verfolgt dabei eigenen Angaben zufolge einen ganzheitlichen Sicherheitsansatz &#8211; von der eigenen Unfallforschung, \u00fcber pr\u00e4diktive Assistenzsysteme bis hin zur Fahrerqualifikation.<\/p>\n<h3>Serieneinsatz<\/h3>\n<p>Die genannten Assistenzsysteme sind bereits in den aktuellen Fahrzeugbaureihen von Mercedes-Benz Trucks verf\u00fcgbar \u2013 unter anderem im Mercedes-Benz Actros, im eActros 600 sowie im Arocs. Dabei verfolgt Mercedes-Benz Trucks bei allen Assistenzsystemen das Ziel, den Fahrer innerhalb der Systemgrenzen beim F\u00fchren des Fahrzeugs so gut wie m\u00f6glich zu unterst\u00fctzen. Die Fahrenden bleiben jedoch, wie auch gesetzlich festgelegt, zu jeder Zeit f\u00fcr das sichere F\u00fchren des Fahrzeugs vollumf\u00e4nglich verantwortlich.<\/p>\n<h3>Die Kalibrierung von ADAS<\/h3>\n<p>Wie man in der Nutzfahrzeugwerkstatt unterschiedlichste Fahrerassistenzsysteme kalibriert und welches Equipment dazu n\u00f6tig ist, zeigt der aktuelle Fachbeitrag <a href=\"https:\/\/www.krafthand.de\/truck\/artikel\/sicherheit-ist-keine-option-43035\/\" target=\"_blank\" rel=\"noopener\">&#8218;Sicherheit ist keine Option!&#8216;<\/a> von Autor Klaus Kuss.<\/p>\n","protected":false},"excerpt":{"rendered":"<p>Am 21.Juni ist der bundesweite Tag der Verkehrssicherheit, der seit 2005 vom Deutschen Verkehrssicherheitsrat (DVR) initiiert wird.\u00a0 Im Vordergrund steht die Unfallpr\u00e4vention sowie \u00f6ffentlichkeitswirksame Aufkl\u00e4rungs-Aktionen. Mercedes-Benz Trucks m\u00f6chte auf besonders gef\u00e4hrdete Gruppen im Stra\u00dfenverkehr aufmerksam machen. <span class=\"excerpt-more__dots\">&#8230;<\/span> <a class=\"excerpt-more__link\" href=\"https:\/\/www.krafthand.de\/truck\/artikel\/mercedes-benz-trucks-arbeitet-mit-modernen-adas-an-vision-zero-43056\/\" >weiter<\/a><\/p>\n","protected":false},"author":9,"featured_media":43068,"comment_status":"closed","ping_status":"closed","sticky":false,"template":"","format":"standard","meta":{"footnotes":""},"categories":[4225,4915],"tags":[4769,4301,5730,5341,479,1825,5977],"settings":[3523],"class_list":["post-43056","post","type-post","status-publish","format-standard","has-post-thumbnail","hentry","category-ssistenzsysteme","category-neue-fahrzeuge","tag-adas","tag-assistenzsysteme","tag-eactros-600","tag-kalibrieren","tag-mercedes-benz","tag-radarsensor","tag-sensoren"],"yoast_head":"<!-- This site is optimized with the Yoast SEO plugin v27.3 - https:\/\/yoast.com\/product\/yoast-seo-wordpress\/ -->\n<title>Mercedes-Benz Trucks arbeitet mit modernen ADAS an Vision Zero. - Krafthand-Truck<\/title>\n<meta name=\"description\" content=\"Am 21.Juni ist der Tag der Verkehrssicherheit, der vom Deutschen Verkehrssicherheitsrat initiiert wird.\u00a0Im Vordergrund steht die Unfallpr\u00e4vention.\" \/>\n<meta name=\"robots\" content=\"index, follow, max-snippet:-1, max-image-preview:large, max-video-preview:-1\" \/>\n<link rel=\"canonical\" href=\"https:\/\/www.krafthand.de\/truck\/artikel\/mercedes-benz-trucks-arbeitet-mit-modernen-adas-an-vision-zero-43056\/\" \/>\n<meta property=\"og:locale\" content=\"de_DE\" \/>\n<meta property=\"og:type\" content=\"article\" \/>\n<meta property=\"og:title\" content=\"Mercedes-Benz Trucks arbeitet mit modernen ADAS an Vision Zero. - Krafthand-Truck\" \/>\n<meta property=\"og:description\" content=\"Am 21.Juni ist der Tag der Verkehrssicherheit, der vom Deutschen Verkehrssicherheitsrat initiiert wird.\u00a0Im Vordergrund steht die Unfallpr\u00e4vention.\" \/>\n<meta property=\"og:url\" content=\"https:\/\/www.krafthand-truck.de\/artikel\/mercedes-benz-trucks-arbeitet-mit-modernen-adas-an-vision-zero-43056\/\" \/>\n<meta property=\"og:site_name\" content=\"Krafthand-Truck\" \/>\n<meta property=\"article:published_time\" content=\"2025-06-20T09:36:30+00:00\" \/>\n<meta property=\"og:image\" content=\"https:\/\/static.krafthand-truck.de\/uploads\/2025\/06\/Mercedes_Benz_Truck_Fahrerassistenzsysteme.jpg\" \/>\n\t<meta property=\"og:image:width\" content=\"1200\" \/>\n\t<meta property=\"og:image:height\" content=\"800\" \/>\n\t<meta property=\"og:image:type\" content=\"image\/jpeg\" \/>\n<meta name=\"author\" content=\"georg.blenk@krafthand-medien.de\" \/>\n<meta name=\"twitter:card\" content=\"summary_large_image\" \/>\n<meta name=\"twitter:label1\" content=\"Verfasst von\" \/>\n\t<meta name=\"twitter:data1\" content=\"georg.blenk@krafthand-medien.de\" \/>\n\t<meta name=\"twitter:label2\" content=\"Gesch\u00e4tzte Lesezeit\" \/>\n\t<meta name=\"twitter:data2\" content=\"3\u00a0Minuten\" \/>\n<script type=\"application\/ld+json\" class=\"yoast-schema-graph\">{\"@context\":\"https:\\\/\\\/schema.org\",\"@graph\":[{\"@type\":\"Article\",\"@id\":\"https:\\\/\\\/www.krafthand.de\\\/truck\\\/artikel\\\/mercedes-benz-trucks-arbeitet-mit-modernen-adas-an-vision-zero-43056\\\/#article\",\"isPartOf\":{\"@id\":\"https:\\\/\\\/www.krafthand.de\\\/truck\\\/artikel\\\/mercedes-benz-trucks-arbeitet-mit-modernen-adas-an-vision-zero-43056\\\/\"},\"author\":{\"name\":\"georg.blenk@krafthand-medien.de\",\"@id\":\"https:\\\/\\\/www.krafthand.de\\\/truck\\\/#\\\/schema\\\/person\\\/51fa80b1c57034c4bf63f9f988fc24ce\"},\"headline\":\"Mercedes-Benz Trucks arbeitet mit modernen ADAS an Vision Zero.\",\"datePublished\":\"2025-06-20T09:36:30+00:00\",\"mainEntityOfPage\":{\"@id\":\"https:\\\/\\\/www.krafthand.de\\\/truck\\\/artikel\\\/mercedes-benz-trucks-arbeitet-mit-modernen-adas-an-vision-zero-43056\\\/\"},\"wordCount\":428,\"image\":{\"@id\":\"https:\\\/\\\/www.krafthand.de\\\/truck\\\/artikel\\\/mercedes-benz-trucks-arbeitet-mit-modernen-adas-an-vision-zero-43056\\\/#primaryimage\"},\"thumbnailUrl\":\"https:\\\/\\\/static.krafthand-truck.de\\\/uploads\\\/2025\\\/06\\\/Mercedes_Benz_Truck_Fahrerassistenzsysteme.jpg\",\"keywords\":[\"ADAS\",\"Assistenzsysteme\",\"eActros 600\",\"Kalibrieren\",\"Mercedes-Benz\",\"Radarsensor\",\"Sensoren\"],\"articleSection\":[\"Assistenzsysteme\",\"Neue Fahrzeuge\"],\"inLanguage\":\"de\"},{\"@type\":\"WebPage\",\"@id\":\"https:\\\/\\\/www.krafthand.de\\\/truck\\\/artikel\\\/mercedes-benz-trucks-arbeitet-mit-modernen-adas-an-vision-zero-43056\\\/\",\"url\":\"https:\\\/\\\/www.krafthand.de\\\/truck\\\/artikel\\\/mercedes-benz-trucks-arbeitet-mit-modernen-adas-an-vision-zero-43056\\\/\",\"name\":\"Mercedes-Benz Trucks arbeitet mit modernen ADAS an Vision Zero. - Krafthand-Truck\",\"isPartOf\":{\"@id\":\"https:\\\/\\\/www.krafthand.de\\\/truck\\\/#website\"},\"primaryImageOfPage\":{\"@id\":\"https:\\\/\\\/www.krafthand.de\\\/truck\\\/artikel\\\/mercedes-benz-trucks-arbeitet-mit-modernen-adas-an-vision-zero-43056\\\/#primaryimage\"},\"image\":{\"@id\":\"https:\\\/\\\/www.krafthand.de\\\/truck\\\/artikel\\\/mercedes-benz-trucks-arbeitet-mit-modernen-adas-an-vision-zero-43056\\\/#primaryimage\"},\"thumbnailUrl\":\"https:\\\/\\\/static.krafthand-truck.de\\\/uploads\\\/2025\\\/06\\\/Mercedes_Benz_Truck_Fahrerassistenzsysteme.jpg\",\"datePublished\":\"2025-06-20T09:36:30+00:00\",\"author\":{\"@id\":\"https:\\\/\\\/www.krafthand.de\\\/truck\\\/#\\\/schema\\\/person\\\/51fa80b1c57034c4bf63f9f988fc24ce\"},\"description\":\"Am 21.Juni ist der Tag der Verkehrssicherheit, der vom Deutschen Verkehrssicherheitsrat initiiert wird.\u00a0Im Vordergrund steht die Unfallpr\u00e4vention.\",\"breadcrumb\":{\"@id\":\"https:\\\/\\\/www.krafthand.de\\\/truck\\\/artikel\\\/mercedes-benz-trucks-arbeitet-mit-modernen-adas-an-vision-zero-43056\\\/#breadcrumb\"},\"inLanguage\":\"de\",\"potentialAction\":[{\"@type\":\"ReadAction\",\"target\":[\"https:\\\/\\\/www.krafthand.de\\\/truck\\\/artikel\\\/mercedes-benz-trucks-arbeitet-mit-modernen-adas-an-vision-zero-43056\\\/\"]}]},{\"@type\":\"ImageObject\",\"inLanguage\":\"de\",\"@id\":\"https:\\\/\\\/www.krafthand.de\\\/truck\\\/artikel\\\/mercedes-benz-trucks-arbeitet-mit-modernen-adas-an-vision-zero-43056\\\/#primaryimage\",\"url\":\"https:\\\/\\\/static.krafthand-truck.de\\\/uploads\\\/2025\\\/06\\\/Mercedes_Benz_Truck_Fahrerassistenzsysteme.jpg\",\"contentUrl\":\"https:\\\/\\\/static.krafthand-truck.de\\\/uploads\\\/2025\\\/06\\\/Mercedes_Benz_Truck_Fahrerassistenzsysteme.jpg\",\"width\":1200,\"height\":800},{\"@type\":\"BreadcrumbList\",\"@id\":\"https:\\\/\\\/www.krafthand.de\\\/truck\\\/artikel\\\/mercedes-benz-trucks-arbeitet-mit-modernen-adas-an-vision-zero-43056\\\/#breadcrumb\",\"itemListElement\":[{\"@type\":\"ListItem\",\"position\":1,\"name\":\"Krafthand-Truck\",\"item\":\"https:\\\/\\\/www.krafthand.de\\\/truck\\\/\"},{\"@type\":\"ListItem\",\"position\":2,\"name\":\"IT+Fuhrpark\",\"item\":\"https:\\\/\\\/www.krafthand.de\\\/truck\\\/kategorie\\\/fuhrpark\\\/\"},{\"@type\":\"ListItem\",\"position\":3,\"name\":\"Neue Fahrzeuge\",\"item\":\"https:\\\/\\\/www.krafthand.de\\\/truck\\\/kategorie\\\/fuhrpark\\\/neue-fahrzeuge\\\/\"},{\"@type\":\"ListItem\",\"position\":4,\"name\":\"Mercedes-Benz Trucks arbeitet mit modernen ADAS an Vision Zero.\"}]},{\"@type\":\"WebSite\",\"@id\":\"https:\\\/\\\/www.krafthand.de\\\/truck\\\/#website\",\"url\":\"https:\\\/\\\/www.krafthand.de\\\/truck\\\/\",\"name\":\"Krafthand-Truck\",\"description\":\"\",\"potentialAction\":[{\"@type\":\"SearchAction\",\"target\":{\"@type\":\"EntryPoint\",\"urlTemplate\":\"https:\\\/\\\/www.krafthand.de\\\/truck\\\/?s={search_term_string}\"},\"query-input\":{\"@type\":\"PropertyValueSpecification\",\"valueRequired\":true,\"valueName\":\"search_term_string\"}}],\"inLanguage\":\"de\"},{\"@type\":\"Person\",\"@id\":\"https:\\\/\\\/www.krafthand.de\\\/truck\\\/#\\\/schema\\\/person\\\/51fa80b1c57034c4bf63f9f988fc24ce\",\"name\":\"georg.blenk@krafthand-medien.de\",\"image\":{\"@type\":\"ImageObject\",\"inLanguage\":\"de\",\"@id\":\"https:\\\/\\\/secure.gravatar.com\\\/avatar\\\/93713c30affe0aa95d3a4130e499bb1abee2eb31adbdd9ce2aa1543538490215?s=96&d=mm&r=g\",\"url\":\"https:\\\/\\\/secure.gravatar.com\\\/avatar\\\/93713c30affe0aa95d3a4130e499bb1abee2eb31adbdd9ce2aa1543538490215?s=96&d=mm&r=g\",\"contentUrl\":\"https:\\\/\\\/secure.gravatar.com\\\/avatar\\\/93713c30affe0aa95d3a4130e499bb1abee2eb31adbdd9ce2aa1543538490215?s=96&d=mm&r=g\",\"caption\":\"georg.blenk@krafthand-medien.de\"}}]}<\/script>\n<!-- \/ Yoast SEO plugin. -->","yoast_head_json":{"title":"Mercedes-Benz Trucks arbeitet mit modernen ADAS an Vision Zero. - Krafthand-Truck","description":"Am 21.Juni ist der Tag der Verkehrssicherheit, der vom Deutschen Verkehrssicherheitsrat initiiert wird.\u00a0Im Vordergrund steht die Unfallpr\u00e4vention.","robots":{"index":"index","follow":"follow","max-snippet":"max-snippet:-1","max-image-preview":"max-image-preview:large","max-video-preview":"max-video-preview:-1"},"canonical":"https:\/\/www.krafthand.de\/truck\/artikel\/mercedes-benz-trucks-arbeitet-mit-modernen-adas-an-vision-zero-43056\/","og_locale":"de_DE","og_type":"article","og_title":"Mercedes-Benz Trucks arbeitet mit modernen ADAS an Vision Zero. - Krafthand-Truck","og_description":"Am 21.Juni ist der Tag der Verkehrssicherheit, der vom Deutschen Verkehrssicherheitsrat initiiert wird.\u00a0Im Vordergrund steht die Unfallpr\u00e4vention.","og_url":"https:\/\/www.krafthand-truck.de\/artikel\/mercedes-benz-trucks-arbeitet-mit-modernen-adas-an-vision-zero-43056\/","og_site_name":"Krafthand-Truck","article_published_time":"2025-06-20T09:36:30+00:00","og_image":[{"width":1200,"height":800,"url":"https:\/\/static.krafthand-truck.de\/uploads\/2025\/06\/Mercedes_Benz_Truck_Fahrerassistenzsysteme.jpg","type":"image\/jpeg"}],"author":"georg.blenk@krafthand-medien.de","twitter_card":"summary_large_image","twitter_misc":{"Verfasst von":"georg.blenk@krafthand-medien.de","Gesch\u00e4tzte Lesezeit":"3\u00a0Minuten"},"schema":{"@context":"https:\/\/schema.org","@graph":[{"@type":"Article","@id":"https:\/\/www.krafthand.de\/truck\/artikel\/mercedes-benz-trucks-arbeitet-mit-modernen-adas-an-vision-zero-43056\/#article","isPartOf":{"@id":"https:\/\/www.krafthand.de\/truck\/artikel\/mercedes-benz-trucks-arbeitet-mit-modernen-adas-an-vision-zero-43056\/"},"author":{"name":"georg.blenk@krafthand-medien.de","@id":"https:\/\/www.krafthand.de\/truck\/#\/schema\/person\/51fa80b1c57034c4bf63f9f988fc24ce"},"headline":"Mercedes-Benz Trucks arbeitet mit modernen ADAS an Vision Zero.","datePublished":"2025-06-20T09:36:30+00:00","mainEntityOfPage":{"@id":"https:\/\/www.krafthand.de\/truck\/artikel\/mercedes-benz-trucks-arbeitet-mit-modernen-adas-an-vision-zero-43056\/"},"wordCount":428,"image":{"@id":"https:\/\/www.krafthand.de\/truck\/artikel\/mercedes-benz-trucks-arbeitet-mit-modernen-adas-an-vision-zero-43056\/#primaryimage"},"thumbnailUrl":"https:\/\/static.krafthand-truck.de\/uploads\/2025\/06\/Mercedes_Benz_Truck_Fahrerassistenzsysteme.jpg","keywords":["ADAS","Assistenzsysteme","eActros 600","Kalibrieren","Mercedes-Benz","Radarsensor","Sensoren"],"articleSection":["Assistenzsysteme","Neue Fahrzeuge"],"inLanguage":"de"},{"@type":"WebPage","@id":"https:\/\/www.krafthand.de\/truck\/artikel\/mercedes-benz-trucks-arbeitet-mit-modernen-adas-an-vision-zero-43056\/","url":"https:\/\/www.krafthand.de\/truck\/artikel\/mercedes-benz-trucks-arbeitet-mit-modernen-adas-an-vision-zero-43056\/","name":"Mercedes-Benz Trucks arbeitet mit modernen ADAS an Vision Zero. - Krafthand-Truck","isPartOf":{"@id":"https:\/\/www.krafthand.de\/truck\/#website"},"primaryImageOfPage":{"@id":"https:\/\/www.krafthand.de\/truck\/artikel\/mercedes-benz-trucks-arbeitet-mit-modernen-adas-an-vision-zero-43056\/#primaryimage"},"image":{"@id":"https:\/\/www.krafthand.de\/truck\/artikel\/mercedes-benz-trucks-arbeitet-mit-modernen-adas-an-vision-zero-43056\/#primaryimage"},"thumbnailUrl":"https:\/\/static.krafthand-truck.de\/uploads\/2025\/06\/Mercedes_Benz_Truck_Fahrerassistenzsysteme.jpg","datePublished":"2025-06-20T09:36:30+00:00","author":{"@id":"https:\/\/www.krafthand.de\/truck\/#\/schema\/person\/51fa80b1c57034c4bf63f9f988fc24ce"},"description":"Am 21.Juni ist der Tag der Verkehrssicherheit, der vom Deutschen Verkehrssicherheitsrat initiiert wird.\u00a0Im Vordergrund steht die Unfallpr\u00e4vention.","breadcrumb":{"@id":"https:\/\/www.krafthand.de\/truck\/artikel\/mercedes-benz-trucks-arbeitet-mit-modernen-adas-an-vision-zero-43056\/#breadcrumb"},"inLanguage":"de","potentialAction":[{"@type":"ReadAction","target":["https:\/\/www.krafthand.de\/truck\/artikel\/mercedes-benz-trucks-arbeitet-mit-modernen-adas-an-vision-zero-43056\/"]}]},{"@type":"ImageObject","inLanguage":"de","@id":"https:\/\/www.krafthand.de\/truck\/artikel\/mercedes-benz-trucks-arbeitet-mit-modernen-adas-an-vision-zero-43056\/#primaryimage","url":"https:\/\/static.krafthand-truck.de\/uploads\/2025\/06\/Mercedes_Benz_Truck_Fahrerassistenzsysteme.jpg","contentUrl":"https:\/\/static.krafthand-truck.de\/uploads\/2025\/06\/Mercedes_Benz_Truck_Fahrerassistenzsysteme.jpg","width":1200,"height":800},{"@type":"BreadcrumbList","@id":"https:\/\/www.krafthand.de\/truck\/artikel\/mercedes-benz-trucks-arbeitet-mit-modernen-adas-an-vision-zero-43056\/#breadcrumb","itemListElement":[{"@type":"ListItem","position":1,"name":"Krafthand-Truck","item":"https:\/\/www.krafthand.de\/truck\/"},{"@type":"ListItem","position":2,"name":"IT+Fuhrpark","item":"https:\/\/www.krafthand.de\/truck\/kategorie\/fuhrpark\/"},{"@type":"ListItem","position":3,"name":"Neue Fahrzeuge","item":"https:\/\/www.krafthand.de\/truck\/kategorie\/fuhrpark\/neue-fahrzeuge\/"},{"@type":"ListItem","position":4,"name":"Mercedes-Benz Trucks arbeitet mit modernen ADAS an Vision Zero."}]},{"@type":"WebSite","@id":"https:\/\/www.krafthand.de\/truck\/#website","url":"https:\/\/www.krafthand.de\/truck\/","name":"Krafthand-Truck","description":"","potentialAction":[{"@type":"SearchAction","target":{"@type":"EntryPoint","urlTemplate":"https:\/\/www.krafthand.de\/truck\/?s={search_term_string}"},"query-input":{"@type":"PropertyValueSpecification","valueRequired":true,"valueName":"search_term_string"}}],"inLanguage":"de"},{"@type":"Person","@id":"https:\/\/www.krafthand.de\/truck\/#\/schema\/person\/51fa80b1c57034c4bf63f9f988fc24ce","name":"georg.blenk@krafthand-medien.de","image":{"@type":"ImageObject","inLanguage":"de","@id":"https:\/\/secure.gravatar.com\/avatar\/93713c30affe0aa95d3a4130e499bb1abee2eb31adbdd9ce2aa1543538490215?s=96&d=mm&r=g","url":"https:\/\/secure.gravatar.com\/avatar\/93713c30affe0aa95d3a4130e499bb1abee2eb31adbdd9ce2aa1543538490215?s=96&d=mm&r=g","contentUrl":"https:\/\/secure.gravatar.com\/avatar\/93713c30affe0aa95d3a4130e499bb1abee2eb31adbdd9ce2aa1543538490215?s=96&d=mm&r=g","caption":"georg.blenk@krafthand-medien.de"}}]}},"_links":{"self":[{"href":"https:\/\/www.krafthand.de\/truck\/wp-json\/wp\/v2\/posts\/43056","targetHints":{"allow":["GET"]}}],"collection":[{"href":"https:\/\/www.krafthand.de\/truck\/wp-json\/wp\/v2\/posts"}],"about":[{"href":"https:\/\/www.krafthand.de\/truck\/wp-json\/wp\/v2\/types\/post"}],"author":[{"embeddable":true,"href":"https:\/\/www.krafthand.de\/truck\/wp-json\/wp\/v2\/users\/9"}],"replies":[{"embeddable":true,"href":"https:\/\/www.krafthand.de\/truck\/wp-json\/wp\/v2\/comments?post=43056"}],"version-history":[{"count":12,"href":"https:\/\/www.krafthand.de\/truck\/wp-json\/wp\/v2\/posts\/43056\/revisions"}],"predecessor-version":[{"id":43069,"href":"https:\/\/www.krafthand.de\/truck\/wp-json\/wp\/v2\/posts\/43056\/revisions\/43069"}],"wp:featuredmedia":[{"embeddable":true,"href":"https:\/\/www.krafthand.de\/truck\/wp-json\/wp\/v2\/media\/43068"}],"wp:attachment":[{"href":"https:\/\/www.krafthand.de\/truck\/wp-json\/wp\/v2\/media?parent=43056"}],"wp:term":[{"taxonomy":"category","embeddable":true,"href":"https:\/\/www.krafthand.de\/truck\/wp-json\/wp\/v2\/categories?post=43056"},{"taxonomy":"post_tag","embeddable":true,"href":"https:\/\/www.krafthand.de\/truck\/wp-json\/wp\/v2\/tags?post=43056"},{"taxonomy":"settings","embeddable":true,"href":"https:\/\/www.krafthand.de\/truck\/wp-json\/wp\/v2\/settings?post=43056"}],"curies":[{"name":"wp","href":"https:\/\/api.w.org\/{rel}","templated":true}]}}