{"id":43035,"date":"2025-06-17T14:06:34","date_gmt":"2025-06-17T12:06:34","guid":{"rendered":"https:\/\/www.krafthand.de\/truck\/?p=43035"},"modified":"2025-06-17T14:07:51","modified_gmt":"2025-06-17T12:07:51","slug":"sicherheit-ist-keine-option","status":"publish","type":"post","link":"https:\/\/www.krafthand.de\/truck\/artikel\/sicherheit-ist-keine-option-43035\/","title":{"rendered":"Sicherheit ist keine Option!"},"content":{"rendered":"<p>Das Justieren und Kalibrieren von kamera- und radarbasierten Fahrerassistenzsystemen (FAS) beziehungsweise ADAS (Advanced Driver Assistance Systems), entwickelt sich immer mehr zu einem Standard-Leistungsbaustein f\u00fcr Nutzfahrzeug-Werkst\u00e4tten. Seit 2022 geh\u00f6ren f\u00fcr neu typzugelassene Nfz eine ganze Reihe an Assistenzsystemen zur Pflichtausstattung. Seit Juli 2024 m\u00fcssen alle neu zugelassenen Nutzfahrzeuge damit ausgestattet sein. Das bedeutet, dass der Nfz-Profi diese Systeme auch kalibrieren muss. Entweder, weil er direkt daran gearbeitet hat, oder weil er Reparaturen vorgenommen hat, die sich auf die Umfeldsensoren (Radar-, Ultraschall- oder Lidar-Sensoren, Front-, Seiten- und R\u00fcckblickkameras) auswirken.<\/p>\n<p>Eine pr\u00e4zise Neu- oder Re-Kalibrierung stellt sicher, dass die FAS nach einem Werkstattaufenthalt wieder bestimmungsgem\u00e4\u00df funktionieren. Ob und wann eine Rekalibrierung verpflichtend notwendig ist, legen die Fahrzeughersteller fest. Nfz-Betriebe k\u00f6nnen unter Umst\u00e4nden haftbar gemacht werden, wenn eine Kalibrierung nicht oder nicht korrekt erfolgt ist, beziehungsweise es keinen Nachweis \u00fcber eine fachgerechte Re-Kalibrierung gibt.<\/p>\n<p>&nbsp;<\/p>\n<div class=\"infobox box-grey\"><\/p>\n<h3>Erfolgreich Kalibrieren<\/h3>\n<p>Eine ungenaue oder fehlerhafte Kalibrierung kann zu Fehlfunktionen, falschen Warnungen \u2013 und im Extremfall \u2013 zu Unf\u00e4llen f\u00fchren. Deshalb ist es wichtig, sich bei der Kalibrierung exakt an die Herstellervorschriften zu halten. Doch selbst wenn alle Randbedingungen erf\u00fcllt sind, kommt es immer wieder zu St\u00f6rungen oder Kalibrierabbr\u00fcchen. Praktiker empfehlen deshalb eine externe Spannungsversorgung (St\u00fctzstrom nicht zu gering w\u00e4hlen!). Die Z\u00fcndung sollte ggf. im \u201aWerkstattmodus\u2018 eingeschaltet werden. Es m\u00fcssen die richtigen, modellspezifischen Kalibriertafeln verwendet werden und die Entfernung(en) der Kalibriertafeln m\u00fcssen korrekt sein. Zus\u00e4tzlich sollte man st\u00f6rende Lichtquellen vermeiden (typische Fehlermeldungen: \u201aBeleuchtung zu hell\/zu dunkel\u2018, \u201aTarget nicht erkannt\u2018). Im Zweifel ist der Einstellplatz abzuschatten. Last but not least sind die Herstellervorgaben bez\u00fcglich Motorlauf (Leerlauf) zu beachten (reines \u201aZ\u00fcndung ein\u2018 gen\u00fcgt nicht immer!). Erneuerte Komponenten sind erst freizuschalten (OE-Vorgabe beachten).<\/p>\n<p><\/div>\n<p>&nbsp;<\/p>\n<h3>Statisch oder dynamisch?<\/h3>\n<p>Prinzipiell gibt es zwei Verfahren, um FAS zu kalibrieren: statisch oder dynamisch. In seltenen F\u00e4llen ist auch eine Kombination aus beiden Verfahren erforderlich oder ein \u201aentweder \u2013 oder\u2018 m\u00f6glich. Welche Methode f\u00fcr das jeweilige Fahrzeug zutrifft, bestimmt der Fahrzeughersteller. Bei der statischen Kalibrierung wird ein Ziel (Kalibriertafel, Kalibriermonitor oder Radarreflektor) in einem exakt vorgegebenen Abstand vor dem Fahrzeug platziert und je nach Vorgabe entweder zur Fahrzeugmittellinie oder zur geometrischen Rahmenmittellinie (Fahr- oder Schubachse) hin ausgerichtet. Stimmt die Position, wird die Kalibrierung mit dem Diagnosetester im ADAS-Steuerger\u00e4t best\u00e4tigt.<\/p>\n<p>Bei der dynamischen Kalibrierung muss der Nfz-Profi f\u00fcr eine Kalibrierfahrt mit angeschlossenem Diagnosetester auf die Stra\u00dfe und dabei die vom Fahrzeughersteller vorgegebenen Rahmenbedingungen \u2013 Mindestgeschwindigkeit, Streckenl\u00e4nge, Stra\u00dfenverlauf, Umgebungsbedingungen, et cetera \u2013 erf\u00fcllen. Die Erfahrung zeigt, dass dies nicht immer einfach ist und sich die Kalibrierung aufgrund von ung\u00fcnstigen Stra\u00dfen- und Witterungsbedingungen nicht so ohne Weiteres erfolgreich abschlie\u00dfen l\u00e4sst. Ein Zeitaufwand f\u00fcr die Kalibrierfahrt von bis zu einer Stunde ist Praktikern zufolge keine Seltenheit.<\/p>\n<p>Eine dynamische Kalibrierung verlangen derzeit DAF, Iveco (Lkw und Busse), Mercedes Benz (Lkw und Busse), Renault und Volvo. MAN (Transporter, Lkw, Busse), Renault (Lkw, Busse), Scania und VW Crafter indes werden statisch kalibriert. Besteht bei der Kalibriermethode die Wahl zwischen statisch oder dynamisch, entscheiden sich erfahrene Werkstattfachleute meist f\u00fcr die statische Variante.<\/p>\n<p>&nbsp;<\/p>\n<figure id=\"attachment_43038\" aria-describedby=\"caption-attachment-43038\" style=\"width: 800px\" class=\"wp-caption aligncenter\"><img fetchpriority=\"high\" decoding=\"async\" class=\"wp-image-43038\" src=\"https:\/\/static.krafthand-truck.de\/uploads\/2025\/06\/02_2025_036_3-300x148.jpg\" alt=\"\" width=\"800\" height=\"395\" srcset=\"https:\/\/static.krafthand-truck.de\/uploads\/2025\/06\/02_2025_036_3-300x148.jpg 300w, https:\/\/static.krafthand-truck.de\/uploads\/2025\/06\/02_2025_036_3-1024x505.jpg 1024w, https:\/\/static.krafthand-truck.de\/uploads\/2025\/06\/02_2025_036_3-768x379.jpg 768w, https:\/\/static.krafthand-truck.de\/uploads\/2025\/06\/02_2025_036_3-1320x652.jpg 1320w, https:\/\/static.krafthand-truck.de\/uploads\/2025\/06\/02_2025_036_3.jpg 1400w\" sizes=\"(max-width: 800px) 100vw, 800px\" \/><figcaption id=\"caption-attachment-43038\" class=\"wp-caption-text\">Einige Nutzfahrzeughersteller verlangen zum exakten Re-Kalibrieren der Kameras des digitalen Spiegelersatzsystems spezielle Markierungen am Werkstattboden. Eine professionelle Einstellhilfe hilft, die R\u00fcstzeiten kurz zu halten. Bild: Wabcow\u00fcrth<\/figcaption><\/figure>\n<h3>Spezialequipment erforderlich<\/h3>\n<p>Um Kamera- und Radarsysteme fachgerecht statisch justieren und kalibrieren zu k\u00f6nnen, ist spezielles Equipment erforderlich. Im Prinzip ist das ein Diagnoseger\u00e4t, auf dem die notwendige Kalibriersoftware l\u00e4uft sowie ein optisches Einstellsystem, um die Frontsensoren und -kameras ausrichten zu k\u00f6nnen. W\u00e4hrend markengebundene Betriebe die vom Hersteller freigegebene Ausr\u00fcstung verwenden m\u00fcssen, k\u00f6nnen freie Werkst\u00e4tten frei entscheiden, mit welcher Kalibriervorrichtung sie arbeiten m\u00f6chten. Die Vorgaben f\u00fcr das Kalibrierprozedere kommen jedoch stets vom Fahrzeughersteller und gelten f\u00fcr alle. Mittlerweile sind die verschiedenen Kalibrierroutinen bei den meisten g\u00e4ngigen Mehrmarkentestern in der Software abgebildet.<\/p>\n<p>Der Markt an Kalibriervorrichtungen f\u00fcr Nutzfahrzeuge ist \u00fcberschaubar, allerdings unterscheiden sich die Ger\u00e4te durchaus in der Ausf\u00fchrung als auch der Handhabung. Wobei im Vergleich zum Pkw bei Lkw und Bussen aufgrund der Anforderungen (verschiedene Entfernungs- und H\u00f6henpositionen des Targets) und der Fahrzeugdimensionen bislang \u00fcberwiegend klassische Tafelsysteme und Laser-Einstellvorrichtungen vorherrschen. Transporter wie der VW Crafter und der MAN TGE indes f\u00fchren quasi ein Zwitterleben: bei den einen Kalibriersystem- beziehungsweise Diagnoseger\u00e4teherstellern werden sie den Pkw-Kunden zugerechnet und mit dem Pkw-Einstellequipment kalibriert. Bei anderen Anbietern geh\u00f6ren sie zu den \u201agro\u00dfen\u2018 und werden mit dem entsprechenden Nfz-Equipment eingemessen.<\/p>\n<h3>Verschiedene Einstellsysteme im \u00dcberblick<\/h3>\n<p>Im Vergleich zu den komplex aufgebauten, selbstzentrierenden und mit Monitor best\u00fcckten optischen Einstellsystemen, fallen jene f\u00fcr Lkw und Busse vergleichsweise einfach aus. Bei den meisten Nutzfahrzeug-Kalibriersystemen handelt es sich um laserbasierte Anlagen, bei denen der Nutzfahrzeug-Profi beim Positionieren noch etwas Hand anlegen muss. Einige davon lassen sich mobil einsetzen, etwa um FAS direkt auf dem Speditionshof des Kunden oder bei einer Partnerwerkstatt zu kalibrieren.<\/p>\n<h3>Haweka<\/h3>\n<figure id=\"attachment_43037\" aria-describedby=\"caption-attachment-43037\" style=\"width: 380px\" class=\"wp-caption alignleft\"><a href=\"https:\/\/static.krafthand-truck.de\/uploads\/2025\/06\/02_2025_036_2.jpg\" target=\"_blank\" rel=\"noopener\"><img decoding=\"async\" class=\"wp-image-43037\" src=\"https:\/\/static.krafthand-truck.de\/uploads\/2025\/06\/02_2025_036_2-300x212.jpg\" alt=\"\" width=\"380\" height=\"268\" srcset=\"https:\/\/static.krafthand-truck.de\/uploads\/2025\/06\/02_2025_036_2-300x212.jpg 300w, https:\/\/static.krafthand-truck.de\/uploads\/2025\/06\/02_2025_036_2-1024x722.jpg 1024w, https:\/\/static.krafthand-truck.de\/uploads\/2025\/06\/02_2025_036_2-768x541.jpg 768w, https:\/\/static.krafthand-truck.de\/uploads\/2025\/06\/02_2025_036_2-1320x931.jpg 1320w, https:\/\/static.krafthand-truck.de\/uploads\/2025\/06\/02_2025_036_2.jpg 1400w\" sizes=\"(max-width: 380px) 100vw, 380px\" \/><\/a><figcaption id=\"caption-attachment-43037\" class=\"wp-caption-text\">Zum fachgerechten Kalibrieren von Frontkameras muss das Target in eine vordere und eine hintere Position gebracht werden. Die Toolhersteller realisieren dies auf unterschiedliche Art und Weise. Bild: Haweka<\/figcaption><\/figure>\n<p>Neben dem universellen, markenunabh\u00e4ngig und mobil einsetzbaren Laser-Messsystem \u201aSAD500\u2018 umfasst das FAS-Portfolio von Haweka auch einige speziell f\u00fcr die Mercedes Benz-Serviceorganisation freigegebene Produkte. Beispielsweise zum Kalibrieren des digitalen Spiegelersatzsystems \u201aMirrorCam\u2018 sowie des Radar Data Frontend (RDF)-Sensors und der Multifunktionskamera (MPC-Modul). Nach Unternehmensangaben wurden in enger Zusammenarbeit mit Daimler Trucks zwei smarte L\u00f6sungen entwickelt.<\/p>\n<p>Die eine ist das \u201aSideCamCalibration\u2018 (SCC), eine laserbasierte L\u00f6sung zum exakten Kalibrieren der MirrorCam. Spezielle mittenzentrierte Achsmesshalter zur schnellen Anwendung auf der Antriebsachse gew\u00e4hrleisten in Verbindung mit der per Laserentfernungsmesser exakt hinter dem Fahrzeug platzierten Messtraverse die vorgeschriebene Parallelit\u00e4t zur dynamischen Fahrachse. Die Verwendung eines roten Kreuzlinienlasers sowie von wei\u00dfen Verschiebetargets soll eine gute Sichtbarkeit auf unterschiedlich farbigen Untergr\u00fcnden sicherstellen. Mit dem SCC-System lassen sich die Spiegelkameras innerhalb weniger Minuten von nur einem Mechaniker kalibrieren, wobei durch die Kompatibilit\u00e4t mit dem Daimler Truck-Diagnosetool \u201aXENTRY\u2018 das Prozedere unkompliziert ablaufen soll.<\/p>\n<p>Das zweite System, \u201aSAD500MB\u2018 genannt, wird ebenfalls in Kombination mit der betriebseigenen Daimler Truck-Software eingesetzt und erm\u00f6glicht die \u00dcberpr\u00fcfung und Einstellung des Radar Data Frontend (RDF)-Sensors sowie die Kalibrierung der Multifunktionskamera (MPC-Modul). Mit dem \u201aSAD500MB\u2018 lassen sich laut Haweka die FAS herstellerkonform statisch kalibrieren, ohne dass das Fahrzeug auf die Stra\u00dfe muss. Die Einstellung und \u00dcberpr\u00fcfung erfolgt quasi \u201aim Fahrzustand\u2018 auf ebenem Boden in der Werkstatt oder mobil auf dem Speditionshof.<\/p>\n<p>Seit Ende 2024 empfiehlt auch der Nutzfahrzeughersteller Iveco Magirus das \u201aSCC\u2018-Tool in seiner Diagnosesoftware f\u00fcr die statische Kalibrierung seines digitalen Spiegelsystems. Allerdings unterscheidet sich das Tool von der Daimler-Truck-Version aufgrund des Achsabstands in der L\u00e4nge der Verschiebetargets.<\/p>\n<h3>Josam<\/h3>\n<figure id=\"attachment_43040\" aria-describedby=\"caption-attachment-43040\" style=\"width: 380px\" class=\"wp-caption alignright\"><a href=\"https:\/\/static.krafthand-truck.de\/uploads\/2025\/06\/02_2025_036_5.jpg\" target=\"_blank\" rel=\"noopener\"><img decoding=\"async\" class=\"wp-image-43040\" src=\"https:\/\/static.krafthand-truck.de\/uploads\/2025\/06\/02_2025_036_5-300x247.jpg\" alt=\"\" width=\"380\" height=\"313\" srcset=\"https:\/\/static.krafthand-truck.de\/uploads\/2025\/06\/02_2025_036_5-300x247.jpg 300w, https:\/\/static.krafthand-truck.de\/uploads\/2025\/06\/02_2025_036_5-1024x843.jpg 1024w, https:\/\/static.krafthand-truck.de\/uploads\/2025\/06\/02_2025_036_5-768x633.jpg 768w, https:\/\/static.krafthand-truck.de\/uploads\/2025\/06\/02_2025_036_5-1320x1087.jpg 1320w, https:\/\/static.krafthand-truck.de\/uploads\/2025\/06\/02_2025_036_5.jpg 1400w\" sizes=\"(max-width: 380px) 100vw, 380px\" \/><\/a><figcaption id=\"caption-attachment-43040\" class=\"wp-caption-text\">Mit entsprechendem Zubeh\u00f6r lassen sich Achsmesssysteme von Josam zum Kalibrierstand aufr\u00fcsten. Das gilt sowohl f\u00fcr die mechanisch-optischen \u201aLaser-AM\u2018-Versionen als auch f\u00fcr die elektronischen, kamerabasieren \u201aCam-Aligner\u2018-Varianten. Bild: Josam<\/figcaption><\/figure>\n<p>Als Erg\u00e4nzungen der Achsmessger\u00e4te bietet Josam Richttechnik sowohl f\u00fcr die mechanisch-optischen \u201aLaser-AM\u2018-Versionen als auch f\u00fcr die elektronischen, kamerabasieren \u201aCam-aligner\u2018-Varianten, Aufr\u00fcsts\u00e4tze zum statischen Kalibrieren von radar- und kamerabasierten FAS an. Im Wesentlichen bestehen die Upgrade-S\u00e4tze aus einem Fahrwagen (Stativ) mit Positioniervorrichtung zur Aufnahme der herstellerspezifischen Targets zum Kalibrieren der Frontkamera, aus einer Lasereinheit und verschiedenen Laserskalen zum Einstellen des Radarkopfs an der Fahrzeugfront. Hinzu kommt die zugeh\u00f6rige Software mit den herstellerspezifischen Positionierungsanweisungen. F\u00fcr ausgew\u00e4hlte Lkw-Modelle von Volvo und Renault gib es zus\u00e4tzlich Adapter zum Einstecken beziehungsweise Einschrauben in Rahmen\u00f6ffnungen an der Fahrzeugfront und am Heck, um die Lineale mit den Messskalen zum exakten Ausrichten des Stativs einzuh\u00e4ngen.<\/p>\n<p>In Verbindung mit dem \u201aJosam Cam-aligner\u2018-Achsmesssystem lassen sich bei MAN-Lkw die Seitenradar-Sensoren kalibrieren \u2013 vorausgesetzt, die Werkstatt verf\u00fcgt bereits \u00fcber die bei MAN erh\u00e4ltlichen Rahmenadapter. Ist dies der Fall, kann der Werkstattfachmann das kostenlose Modul der \u201acam-aligner\u2018-Software anw\u00e4hlen und die Kalibrierung des Seitenradars vornehmen.<\/p>\n<h3>Koch<\/h3>\n<figure id=\"attachment_43041\" aria-describedby=\"caption-attachment-43041\" style=\"width: 320px\" class=\"wp-caption alignleft\"><a href=\"https:\/\/static.krafthand-truck.de\/uploads\/2025\/06\/02_2025_036_6.jpg\" target=\"_blank\" rel=\"noopener\"><img loading=\"lazy\" decoding=\"async\" class=\"wp-image-43041\" src=\"https:\/\/static.krafthand-truck.de\/uploads\/2025\/06\/02_2025_036_6-253x300.jpg\" alt=\"\" width=\"320\" height=\"379\" srcset=\"https:\/\/static.krafthand-truck.de\/uploads\/2025\/06\/02_2025_036_6-253x300.jpg 253w, https:\/\/static.krafthand-truck.de\/uploads\/2025\/06\/02_2025_036_6-864x1024.jpg 864w, https:\/\/static.krafthand-truck.de\/uploads\/2025\/06\/02_2025_036_6-768x911.jpg 768w, https:\/\/static.krafthand-truck.de\/uploads\/2025\/06\/02_2025_036_6.jpg 1012w\" sizes=\"(max-width: 320px) 100vw, 320px\" \/><\/a><figcaption id=\"caption-attachment-43041\" class=\"wp-caption-text\">Mit Hilfe des Aufr\u00fcstsatzes \u201aHD-30 Plus\u2018 lassen sich bestehende \u201aHD-30 Easy Touch\u2018- und \u201aHD-40 Easy Touch\u2018-Achsmessger\u00e4te zur Justage von kamera- und radarbasierten Fahrerassistenzsystemen aufr\u00fcsten. Herzst\u00fcck des Upgrades ist die Spiegel-Messtraverse mit\u00a0 Laserspiegeleinheiten und Zentrierskalen. Bild: Koch<\/figcaption><\/figure>\n<p>Simple Handhabung, schnelle R\u00fcstzeiten und kompatibel zu allen aktuellen Diagnoseger\u00e4ten \u2013 das verspricht Achsmessspezialist Koch f\u00fcr seine universelle FAS-Einstellvorrichtung \u201aHD-30 Plus\u2018, welche als Erg\u00e4nzung zu den Achsmesssystemen \u201aHD-30 Easy Touch\u2018 und \u201aHD-40 Easy Touch\u2018 angeboten wird. Mit optionalem Zubeh\u00f6r wie den markenspezifischen Kamera-Kalibriertafeln und dem ACC-Adapter lassen sich die beiden Laser-Achsmesssysteme zum Justieren und Kalibrieren von FAS aufr\u00fcsten. Mit den zum Lieferumfang geh\u00f6renden Spezial-Aufsteckskalen des \u201aHD-30 Plus\u2018 soll sich au\u00dferdem die Gesamtspur der Vorderachse in Minutenschnelle feststellen lassen. Die Einzelspurmessung wird dabei direkt in Verbindung zum Fahrachswinkel ermittelt. Mit den seit einiger Zeit zum Lieferumfang geh\u00f6renden gr\u00fcnen Linienlasern soll sich die Anlage nochmals schneller und pr\u00e4ziser in Position bringen lassen, zudem lassen sich damit die Messwerte besser ablesen.<\/p>\n<p>&nbsp;<\/p>\n<p>&nbsp;<\/p>\n<h3>TEXA<\/h3>\n<p>Nachdem TEXA beim Thema FAS-Kalibrierung zun\u00e4chst mit einem Spezialisten f\u00fcr optische Vermessungssysteme zusammenarbeitete, hat das Unternehmen zur Automechanika 2024 mit dem \u201aCCS 2 Dynamics\u2018 erstmals eine eigene L\u00f6sung pr\u00e4sentiert. Das kompakte, leicht zerlegbare Tool eignet sich laut TEXA zum Kalibrieren von Kameras und Radarsensoren an leichten und schweren Nutzfahrzeugen. Zerlegt soll sich das CCS-System in einem Kleintransporter bef\u00f6rdern lassen, was f\u00fcr mobile Kalibrierdienste und Werkst\u00e4tten mit mehreren Filialen interessant sein d\u00fcrfte. Eine Besonderheit ist, dass die Bluetooth-Entfernungsmesser direkt mit der IDC-Truck-Diagnosesoftware kommunizieren, sodass der Nutzfahrzeug-Profi maximal beim exakten und fehlerfreien Positionieren unterst\u00fctzt wird. Das \u201aCCS 2 Dynamics\u2018 verf\u00fcgt \u00fcber vier Lenkrollen und praktische St\u00fctzf\u00fc\u00dfe. Durch die M\u00f6glichkeit, die gesamte Messvorrichtung horizontal und axial zu nivellieren, lassen sich auch leichte Bodenunregelm\u00e4\u00dfigkeiten gut ausgleichen.<\/p>\n<p>&nbsp;<\/p>\n<div class=\"infobox box-grey\"><\/p>\n<h3>Fahrerassistenzsysteme m\u00fcssen nachkalibriert werden:<\/h3>\n<ul>\n<li>nach einem Unfall,<\/li>\n<li>wenn ein entsprechender Fehlercode im Fehlerspeicher abgelegt ist,<\/li>\n<li>nach dem Austausch der Windschutzscheibe,<\/li>\n<li>ein defektes Bauteil des FAS (Sensor, Kamera, Steuerger\u00e4t) ausgetauscht wurde,<\/li>\n<li>die Einbaulage des Sensors ge\u00e4ndert wurde,<\/li>\n<li>nach \u00c4nderungen der Fahrzeugh\u00f6he,<\/li>\n<li>nach einer Achseinstellung,<\/li>\n<li>nach einer Korrektur des Fahrniveaus,<\/li>\n<li>bei einer Fehlfunktion des FAS (Kundenreklamation, seltsames Fahrverhalten)<\/li>\n<\/ul>\n<p><\/div>\n<p>&nbsp;<\/p>\n<h3>Wabcow\u00fcrth<\/h3>\n<figure id=\"attachment_43039\" aria-describedby=\"caption-attachment-43039\" style=\"width: 380px\" class=\"wp-caption alignright\"><a href=\"https:\/\/static.krafthand-truck.de\/uploads\/2025\/06\/02_2025_036_4.jpg\" target=\"_blank\" rel=\"noopener\"><img loading=\"lazy\" decoding=\"async\" class=\"wp-image-43039\" src=\"https:\/\/static.krafthand-truck.de\/uploads\/2025\/06\/02_2025_036_4-300x169.jpg\" alt=\"\" width=\"380\" height=\"214\" srcset=\"https:\/\/static.krafthand-truck.de\/uploads\/2025\/06\/02_2025_036_4-300x169.jpg 300w, https:\/\/static.krafthand-truck.de\/uploads\/2025\/06\/02_2025_036_4-1024x576.jpg 1024w, https:\/\/static.krafthand-truck.de\/uploads\/2025\/06\/02_2025_036_4-768x432.jpg 768w, https:\/\/static.krafthand-truck.de\/uploads\/2025\/06\/02_2025_036_4.jpg 1280w\" sizes=\"(max-width: 380px) 100vw, 380px\" \/><\/a><figcaption id=\"caption-attachment-43039\" class=\"wp-caption-text\">Die Kalibrierung der Spiegelkameras erfolgt mit Hilfe des Diagnoseger\u00e4ts. Passt die Position, best\u00e4tigt der Werkstattfachmann den erfolgreichen Abschluss im zust\u00e4ndigen FAS-Steuerger\u00e4t. Bild: Wabcow\u00fcrth<\/figcaption><\/figure>\n<p>Mit dem \u201aW.Easy ADAS Calibration\u2018 bietet Wabcow\u00fcrth eine fahrzeug\u00fcbergreifende und mobile Basisl\u00f6sung zum Kalibrieren von kamerabasierten FAS von Transportern, Lkw und Bussen an. Das lasergest\u00fctzte \u201aADAS Calibration Tool\u2018 ist eine Justiervorrichtung f\u00fcr die g\u00e4ngigsten Fahrzeughersteller und Modelle. Dank des modularen Aufbaus l\u00e4sst sich das System problemlos zum Kalibrieren der Frontkamera an Transportern sowie zur Radarkalibrierung an schweren Nfz aufr\u00fcsten. Aktuell ist ein Radar-Kit bereits f\u00fcr Euro VI-Lkw von MAN erh\u00e4ltlich. Weitere Hersteller und Fahrzeuge sollen folgen.<\/p>\n<p>Um das \u201aADAS Calibration Tool\u2018 auch f\u00fcr Autoglaser, Karosseriebetriebe, Kalibrierdienstleister und andere Nutzfahrzeugspezialisten interessant zu machen, bietet Wabcow\u00fcrth individuell abstimmbare Softwarepakete an, wobei die Diagnoseschnittstelle \u201aW.Easy Box 2.0\u2018 stets ein fester Bestandteil davon ist.<\/p>\n<p>Erg\u00e4nzend dazu gibt es mit dem \u201aMirror Cam Calibration\u2018 (MCC) eine Einstellhilfe f\u00fcr die Spiegel- und Kamerakalibrierung nach Herstellervorgaben. Mit dem MCC-Tool ist ein Kalibrieren der Spiegelkamera mit nur einer Person m\u00f6glich, etwa beim \u201aActros V\u2018 von Mercedes Benz.<\/p>\n<h3>WMS Wagner<\/h3>\n<figure id=\"attachment_43042\" aria-describedby=\"caption-attachment-43042\" style=\"width: 320px\" class=\"wp-caption alignleft\"><a href=\"https:\/\/static.krafthand-truck.de\/uploads\/2025\/06\/02_2025_036_8.jpg\" target=\"_blank\" rel=\"noopener\"><img loading=\"lazy\" decoding=\"async\" class=\"wp-image-43042\" src=\"https:\/\/static.krafthand-truck.de\/uploads\/2025\/06\/02_2025_036_8-224x300.jpg\" alt=\"\" width=\"320\" height=\"429\" srcset=\"https:\/\/static.krafthand-truck.de\/uploads\/2025\/06\/02_2025_036_8-224x300.jpg 224w, https:\/\/static.krafthand-truck.de\/uploads\/2025\/06\/02_2025_036_8-764x1024.jpg 764w, https:\/\/static.krafthand-truck.de\/uploads\/2025\/06\/02_2025_036_8-768x1030.jpg 768w, https:\/\/static.krafthand-truck.de\/uploads\/2025\/06\/02_2025_036_8.jpg 895w\" sizes=\"(max-width: 320px) 100vw, 320px\" \/><\/a><figcaption id=\"caption-attachment-43042\" class=\"wp-caption-text\">F\u00fcr Profis im Kalibriergesch\u00e4ft ist das ADAS-Kalibriersystem \u201aTruck Basic\u2018 gedacht. Bild: WMS Wagner<\/figcaption><\/figure>\n<p>Speziell f\u00fcr Einsteiger ins Kalibriergesch\u00e4ft empfiehlt WMS Wagner das Lkw-Kamerakalibriersystem \u201aCCS 1\u2018 an. Es ist f\u00fcr die statische Kamera-Kalibrierung gedacht und verf\u00fcgt in der Basisausf\u00fchrung \u00fcber zwei Targets. Das System besteht aus einem fahrbaren Target-Tr\u00e4ger mit Kreuzlibelle und besitzt zudem einen selbstnivellierenden Kreuzlinienlaser f\u00fcr ein sicheres Positionieren.<\/p>\n<p>F\u00fcr Profis im Kalibriergesch\u00e4ft empfiehlt WMS das ADAS-Kalibriersystem \u201aTruck Basic\u2018. Dank des Doppelrohrauszugs soll das System Fahrzeugbreiten vom Pkw bis hin zur 40-Tonner-Sattelzugmaschine abdecken und sich in der Parkposition auch zum Transport f\u00fcr den mobilen Einsatz eignen. Da beim Kamera-Kalibrieren h\u00e4ufig zwei Abst\u00e4nde gefordert sind, lassen sich die Entfernungen durch Schwenken des Targets auf einem Schwenkarm erreichen, ohne dass die gesamte Anlage erneut positioniert werden muss.<\/p>\n<p>Mit dem teleskopierbaren Mirror Cam Tool \u201aMCT\u2018 bietet WMS Wagner zudem eine Einstellhilfe an, mit der sich Spiegelkameras innerhalb von maximal 15 Minuten von einem Monteur re-kalibrieren lassen sollen.<\/p>\n<p>&nbsp;<\/p>\n<p><i>Den Beitrag finden Sie auch in der Print-Ausgabe 2-2025 der <a href=\"https:\/\/www.krafthand.de\/truck\/magazin\/\" title=\"Zum Magazin\">Krafthand-Truck<\/a>.<\/i><\/p>\r\n\t\t\t\t<div class=\"post-author\">\r\n\t\t\t\t\t<div class=\"khm-cp-author clearfix\">\r\n\t\t\t\t\t\t<div class=\"khm-cp-author__content\">\r\n\t\t\t\t\t\t\t\tKontakt zum Autor:<br \/>\r\n\t\t\t\t\t\t\t\t<strong>Klaus Kuss<\/strong>, 08247 \/ 3007-177 |  <a href=\"mailto:klaus.kuss@krafthand-medien.de\">klaus.kuss@krafthand-medien.de<\/a>\r\n\t\t\t\t\t\t\t<div class=\"khm-cp-author__image\">\r\n\t\t\t\t\t\t<img src=\"https:\/\/static.krafthand-truck.de\/uploads\/2018\/01\/Kuss_Klaus-250x300.png\" class=\"img-responsive\">\r\n\t\t\t\t\t<\/div>\r\n\t\t\t\t\t\t<\/div>\r\n\t\t\t\t\t<\/div>\r\n\t\t\t\t<\/div>\r\n\t\t\t\t","protected":false},"excerpt":{"rendered":"<p>Das Justieren und Kalibrieren von kamera- und radarbasierten Fahrerassistenzsystemen entwickelt sich immer mehr zu einem Standard-Leistungsbaustein f\u00fcr Nutzfahrzeug-Werkst\u00e4tten. Auf ist zu achten, welche Kalibriertools gibt es? Wir liefern eine \u00dcbersicht! <span class=\"excerpt-more__dots\">&#8230;<\/span> <a class=\"excerpt-more__link\" href=\"https:\/\/www.krafthand.de\/truck\/artikel\/sicherheit-ist-keine-option-43035\/\" >weiter<\/a><\/p>\n","protected":false},"author":11,"featured_media":43036,"comment_status":"closed","ping_status":"closed","sticky":false,"template":"","format":"standard","meta":{"footnotes":""},"categories":[4225,4220],"tags":[4769,316,2537,5341,6008,1593,259,6228],"settings":[3524,4766,3523],"class_list":["post-43035","post","type-post","status-publish","format-standard","has-post-thumbnail","hentry","category-ssistenzsysteme","category-werkstattausruestung","tag-adas","tag-haweka","tag-josam","tag-kalibrieren","tag-koch-achsmesssysteme","tag-texa","tag-wabcowuerth","tag-wms-wagner"],"yoast_head":"<!-- This site is optimized with the Yoast SEO plugin v27.3 - https:\/\/yoast.com\/product\/yoast-seo-wordpress\/ -->\n<title>Kalibrieren von ADAS I Lkw-Kalibriertools I Krafthand-Truck<\/title>\n<meta name=\"description\" content=\"Das Justieren und Kalibrieren von Fahrerassistenzsystemen entwickelt sich zu einem Standard-Leistungsbaustein f\u00fcr Nutzfahrzeug-Werkst\u00e4tten.\" \/>\n<meta name=\"robots\" content=\"index, follow, max-snippet:-1, max-image-preview:large, max-video-preview:-1\" \/>\n<link rel=\"canonical\" href=\"https:\/\/www.krafthand.de\/truck\/artikel\/sicherheit-ist-keine-option-43035\/\" \/>\n<meta property=\"og:locale\" content=\"de_DE\" \/>\n<meta property=\"og:type\" content=\"article\" \/>\n<meta property=\"og:title\" content=\"Kalibrieren von ADAS I Lkw-Kalibriertools I Krafthand-Truck\" \/>\n<meta property=\"og:description\" content=\"Das Justieren und Kalibrieren von Fahrerassistenzsystemen entwickelt sich zu einem Standard-Leistungsbaustein f\u00fcr Nutzfahrzeug-Werkst\u00e4tten.\" \/>\n<meta property=\"og:url\" content=\"https:\/\/www.krafthand-truck.de\/artikel\/sicherheit-ist-keine-option-43035\/\" \/>\n<meta property=\"og:site_name\" content=\"Krafthand-Truck\" \/>\n<meta property=\"article:published_time\" content=\"2025-06-17T12:06:34+00:00\" \/>\n<meta property=\"article:modified_time\" content=\"2025-06-17T12:07:51+00:00\" \/>\n<meta property=\"og:image\" content=\"https:\/\/static.krafthand-truck.de\/uploads\/2025\/06\/02_2025_036_1.jpg\" \/>\n\t<meta property=\"og:image:width\" content=\"1400\" \/>\n\t<meta property=\"og:image:height\" content=\"698\" \/>\n\t<meta property=\"og:image:type\" content=\"image\/jpeg\" \/>\n<meta name=\"author\" content=\"Redaktion Truck\" \/>\n<meta name=\"twitter:card\" content=\"summary_large_image\" \/>\n<meta name=\"twitter:label1\" content=\"Verfasst von\" \/>\n\t<meta name=\"twitter:data1\" content=\"Redaktion Truck\" \/>\n\t<meta name=\"twitter:label2\" content=\"Gesch\u00e4tzte Lesezeit\" \/>\n\t<meta name=\"twitter:data2\" content=\"13\u00a0Minuten\" \/>\n<script type=\"application\/ld+json\" class=\"yoast-schema-graph\">{\"@context\":\"https:\\\/\\\/schema.org\",\"@graph\":[{\"@type\":\"Article\",\"@id\":\"https:\\\/\\\/www.krafthand.de\\\/truck\\\/artikel\\\/sicherheit-ist-keine-option-43035\\\/#article\",\"isPartOf\":{\"@id\":\"https:\\\/\\\/www.krafthand.de\\\/truck\\\/artikel\\\/sicherheit-ist-keine-option-43035\\\/\"},\"author\":{\"name\":\"Redaktion Truck\",\"@id\":\"https:\\\/\\\/www.krafthand.de\\\/truck\\\/#\\\/schema\\\/person\\\/5e47d727209575a4b89376746e24f02f\"},\"headline\":\"Sicherheit ist keine Option!\",\"datePublished\":\"2025-06-17T12:06:34+00:00\",\"dateModified\":\"2025-06-17T12:07:51+00:00\",\"mainEntityOfPage\":{\"@id\":\"https:\\\/\\\/www.krafthand.de\\\/truck\\\/artikel\\\/sicherheit-ist-keine-option-43035\\\/\"},\"wordCount\":2111,\"image\":{\"@id\":\"https:\\\/\\\/www.krafthand.de\\\/truck\\\/artikel\\\/sicherheit-ist-keine-option-43035\\\/#primaryimage\"},\"thumbnailUrl\":\"https:\\\/\\\/static.krafthand-truck.de\\\/uploads\\\/2025\\\/06\\\/02_2025_036_1.jpg\",\"keywords\":[\"ADAS\",\"Haweka\",\"Josam\",\"Kalibrieren\",\"Koch Achsmesssysteme\",\"Texa\",\"Wabcow\u00fcrth\",\"WMS Wagner\"],\"articleSection\":[\"Assistenzsysteme\",\"Werkstattausr\u00fcstung\"],\"inLanguage\":\"de\"},{\"@type\":\"WebPage\",\"@id\":\"https:\\\/\\\/www.krafthand.de\\\/truck\\\/artikel\\\/sicherheit-ist-keine-option-43035\\\/\",\"url\":\"https:\\\/\\\/www.krafthand.de\\\/truck\\\/artikel\\\/sicherheit-ist-keine-option-43035\\\/\",\"name\":\"Kalibrieren von ADAS I Lkw-Kalibriertools I Krafthand-Truck\",\"isPartOf\":{\"@id\":\"https:\\\/\\\/www.krafthand.de\\\/truck\\\/#website\"},\"primaryImageOfPage\":{\"@id\":\"https:\\\/\\\/www.krafthand.de\\\/truck\\\/artikel\\\/sicherheit-ist-keine-option-43035\\\/#primaryimage\"},\"image\":{\"@id\":\"https:\\\/\\\/www.krafthand.de\\\/truck\\\/artikel\\\/sicherheit-ist-keine-option-43035\\\/#primaryimage\"},\"thumbnailUrl\":\"https:\\\/\\\/static.krafthand-truck.de\\\/uploads\\\/2025\\\/06\\\/02_2025_036_1.jpg\",\"datePublished\":\"2025-06-17T12:06:34+00:00\",\"dateModified\":\"2025-06-17T12:07:51+00:00\",\"author\":{\"@id\":\"https:\\\/\\\/www.krafthand.de\\\/truck\\\/#\\\/schema\\\/person\\\/5e47d727209575a4b89376746e24f02f\"},\"description\":\"Das Justieren und Kalibrieren von Fahrerassistenzsystemen entwickelt sich zu einem Standard-Leistungsbaustein f\u00fcr Nutzfahrzeug-Werkst\u00e4tten.\",\"breadcrumb\":{\"@id\":\"https:\\\/\\\/www.krafthand.de\\\/truck\\\/artikel\\\/sicherheit-ist-keine-option-43035\\\/#breadcrumb\"},\"inLanguage\":\"de\",\"potentialAction\":[{\"@type\":\"ReadAction\",\"target\":[\"https:\\\/\\\/www.krafthand.de\\\/truck\\\/artikel\\\/sicherheit-ist-keine-option-43035\\\/\"]}]},{\"@type\":\"ImageObject\",\"inLanguage\":\"de\",\"@id\":\"https:\\\/\\\/www.krafthand.de\\\/truck\\\/artikel\\\/sicherheit-ist-keine-option-43035\\\/#primaryimage\",\"url\":\"https:\\\/\\\/static.krafthand-truck.de\\\/uploads\\\/2025\\\/06\\\/02_2025_036_1.jpg\",\"contentUrl\":\"https:\\\/\\\/static.krafthand-truck.de\\\/uploads\\\/2025\\\/06\\\/02_2025_036_1.jpg\",\"width\":1400,\"height\":698,\"caption\":\"Nutzfahrzeug-Profis bekommen es zunehmend mit dem Kalibrieren und Justieren von kamera- und radarbasierten Fahrerassistenzsystemen zu tun. Bild: TEXA\"},{\"@type\":\"BreadcrumbList\",\"@id\":\"https:\\\/\\\/www.krafthand.de\\\/truck\\\/artikel\\\/sicherheit-ist-keine-option-43035\\\/#breadcrumb\",\"itemListElement\":[{\"@type\":\"ListItem\",\"position\":1,\"name\":\"Krafthand-Truck\",\"item\":\"https:\\\/\\\/www.krafthand.de\\\/truck\\\/\"},{\"@type\":\"ListItem\",\"position\":2,\"name\":\"Nfz-Service\",\"item\":\"https:\\\/\\\/www.krafthand.de\\\/truck\\\/kategorie\\\/nfz-service\\\/\"},{\"@type\":\"ListItem\",\"position\":3,\"name\":\"Werkstattausr\u00fcstung\",\"item\":\"https:\\\/\\\/www.krafthand.de\\\/truck\\\/kategorie\\\/nfz-service\\\/werkstattausruestung\\\/\"},{\"@type\":\"ListItem\",\"position\":4,\"name\":\"Sicherheit ist keine Option!\"}]},{\"@type\":\"WebSite\",\"@id\":\"https:\\\/\\\/www.krafthand.de\\\/truck\\\/#website\",\"url\":\"https:\\\/\\\/www.krafthand.de\\\/truck\\\/\",\"name\":\"Krafthand-Truck\",\"description\":\"\",\"potentialAction\":[{\"@type\":\"SearchAction\",\"target\":{\"@type\":\"EntryPoint\",\"urlTemplate\":\"https:\\\/\\\/www.krafthand.de\\\/truck\\\/?s={search_term_string}\"},\"query-input\":{\"@type\":\"PropertyValueSpecification\",\"valueRequired\":true,\"valueName\":\"search_term_string\"}}],\"inLanguage\":\"de\"},{\"@type\":\"Person\",\"@id\":\"https:\\\/\\\/www.krafthand.de\\\/truck\\\/#\\\/schema\\\/person\\\/5e47d727209575a4b89376746e24f02f\",\"name\":\"Redaktion Truck\",\"image\":{\"@type\":\"ImageObject\",\"inLanguage\":\"de\",\"@id\":\"https:\\\/\\\/secure.gravatar.com\\\/avatar\\\/64cedf5d293ad6eb6600c19e949d032ff0090f240174891ab1517d73ead05c87?s=96&d=mm&r=g\",\"url\":\"https:\\\/\\\/secure.gravatar.com\\\/avatar\\\/64cedf5d293ad6eb6600c19e949d032ff0090f240174891ab1517d73ead05c87?s=96&d=mm&r=g\",\"contentUrl\":\"https:\\\/\\\/secure.gravatar.com\\\/avatar\\\/64cedf5d293ad6eb6600c19e949d032ff0090f240174891ab1517d73ead05c87?s=96&d=mm&r=g\",\"caption\":\"Redaktion Truck\"}}]}<\/script>\n<!-- \/ Yoast SEO plugin. -->","yoast_head_json":{"title":"Kalibrieren von ADAS I Lkw-Kalibriertools I Krafthand-Truck","description":"Das Justieren und Kalibrieren von Fahrerassistenzsystemen entwickelt sich zu einem Standard-Leistungsbaustein f\u00fcr Nutzfahrzeug-Werkst\u00e4tten.","robots":{"index":"index","follow":"follow","max-snippet":"max-snippet:-1","max-image-preview":"max-image-preview:large","max-video-preview":"max-video-preview:-1"},"canonical":"https:\/\/www.krafthand.de\/truck\/artikel\/sicherheit-ist-keine-option-43035\/","og_locale":"de_DE","og_type":"article","og_title":"Kalibrieren von ADAS I Lkw-Kalibriertools I Krafthand-Truck","og_description":"Das Justieren und Kalibrieren von Fahrerassistenzsystemen entwickelt sich zu einem Standard-Leistungsbaustein f\u00fcr Nutzfahrzeug-Werkst\u00e4tten.","og_url":"https:\/\/www.krafthand-truck.de\/artikel\/sicherheit-ist-keine-option-43035\/","og_site_name":"Krafthand-Truck","article_published_time":"2025-06-17T12:06:34+00:00","article_modified_time":"2025-06-17T12:07:51+00:00","og_image":[{"width":1400,"height":698,"url":"https:\/\/static.krafthand-truck.de\/uploads\/2025\/06\/02_2025_036_1.jpg","type":"image\/jpeg"}],"author":"Redaktion Truck","twitter_card":"summary_large_image","twitter_misc":{"Verfasst von":"Redaktion Truck","Gesch\u00e4tzte Lesezeit":"13\u00a0Minuten"},"schema":{"@context":"https:\/\/schema.org","@graph":[{"@type":"Article","@id":"https:\/\/www.krafthand.de\/truck\/artikel\/sicherheit-ist-keine-option-43035\/#article","isPartOf":{"@id":"https:\/\/www.krafthand.de\/truck\/artikel\/sicherheit-ist-keine-option-43035\/"},"author":{"name":"Redaktion Truck","@id":"https:\/\/www.krafthand.de\/truck\/#\/schema\/person\/5e47d727209575a4b89376746e24f02f"},"headline":"Sicherheit ist keine Option!","datePublished":"2025-06-17T12:06:34+00:00","dateModified":"2025-06-17T12:07:51+00:00","mainEntityOfPage":{"@id":"https:\/\/www.krafthand.de\/truck\/artikel\/sicherheit-ist-keine-option-43035\/"},"wordCount":2111,"image":{"@id":"https:\/\/www.krafthand.de\/truck\/artikel\/sicherheit-ist-keine-option-43035\/#primaryimage"},"thumbnailUrl":"https:\/\/static.krafthand-truck.de\/uploads\/2025\/06\/02_2025_036_1.jpg","keywords":["ADAS","Haweka","Josam","Kalibrieren","Koch Achsmesssysteme","Texa","Wabcow\u00fcrth","WMS Wagner"],"articleSection":["Assistenzsysteme","Werkstattausr\u00fcstung"],"inLanguage":"de"},{"@type":"WebPage","@id":"https:\/\/www.krafthand.de\/truck\/artikel\/sicherheit-ist-keine-option-43035\/","url":"https:\/\/www.krafthand.de\/truck\/artikel\/sicherheit-ist-keine-option-43035\/","name":"Kalibrieren von ADAS I Lkw-Kalibriertools I Krafthand-Truck","isPartOf":{"@id":"https:\/\/www.krafthand.de\/truck\/#website"},"primaryImageOfPage":{"@id":"https:\/\/www.krafthand.de\/truck\/artikel\/sicherheit-ist-keine-option-43035\/#primaryimage"},"image":{"@id":"https:\/\/www.krafthand.de\/truck\/artikel\/sicherheit-ist-keine-option-43035\/#primaryimage"},"thumbnailUrl":"https:\/\/static.krafthand-truck.de\/uploads\/2025\/06\/02_2025_036_1.jpg","datePublished":"2025-06-17T12:06:34+00:00","dateModified":"2025-06-17T12:07:51+00:00","author":{"@id":"https:\/\/www.krafthand.de\/truck\/#\/schema\/person\/5e47d727209575a4b89376746e24f02f"},"description":"Das Justieren und Kalibrieren von Fahrerassistenzsystemen entwickelt sich zu einem Standard-Leistungsbaustein f\u00fcr Nutzfahrzeug-Werkst\u00e4tten.","breadcrumb":{"@id":"https:\/\/www.krafthand.de\/truck\/artikel\/sicherheit-ist-keine-option-43035\/#breadcrumb"},"inLanguage":"de","potentialAction":[{"@type":"ReadAction","target":["https:\/\/www.krafthand.de\/truck\/artikel\/sicherheit-ist-keine-option-43035\/"]}]},{"@type":"ImageObject","inLanguage":"de","@id":"https:\/\/www.krafthand.de\/truck\/artikel\/sicherheit-ist-keine-option-43035\/#primaryimage","url":"https:\/\/static.krafthand-truck.de\/uploads\/2025\/06\/02_2025_036_1.jpg","contentUrl":"https:\/\/static.krafthand-truck.de\/uploads\/2025\/06\/02_2025_036_1.jpg","width":1400,"height":698,"caption":"Nutzfahrzeug-Profis bekommen es zunehmend mit dem Kalibrieren und Justieren von kamera- und radarbasierten Fahrerassistenzsystemen zu tun. Bild: TEXA"},{"@type":"BreadcrumbList","@id":"https:\/\/www.krafthand.de\/truck\/artikel\/sicherheit-ist-keine-option-43035\/#breadcrumb","itemListElement":[{"@type":"ListItem","position":1,"name":"Krafthand-Truck","item":"https:\/\/www.krafthand.de\/truck\/"},{"@type":"ListItem","position":2,"name":"Nfz-Service","item":"https:\/\/www.krafthand.de\/truck\/kategorie\/nfz-service\/"},{"@type":"ListItem","position":3,"name":"Werkstattausr\u00fcstung","item":"https:\/\/www.krafthand.de\/truck\/kategorie\/nfz-service\/werkstattausruestung\/"},{"@type":"ListItem","position":4,"name":"Sicherheit ist keine Option!"}]},{"@type":"WebSite","@id":"https:\/\/www.krafthand.de\/truck\/#website","url":"https:\/\/www.krafthand.de\/truck\/","name":"Krafthand-Truck","description":"","potentialAction":[{"@type":"SearchAction","target":{"@type":"EntryPoint","urlTemplate":"https:\/\/www.krafthand.de\/truck\/?s={search_term_string}"},"query-input":{"@type":"PropertyValueSpecification","valueRequired":true,"valueName":"search_term_string"}}],"inLanguage":"de"},{"@type":"Person","@id":"https:\/\/www.krafthand.de\/truck\/#\/schema\/person\/5e47d727209575a4b89376746e24f02f","name":"Redaktion Truck","image":{"@type":"ImageObject","inLanguage":"de","@id":"https:\/\/secure.gravatar.com\/avatar\/64cedf5d293ad6eb6600c19e949d032ff0090f240174891ab1517d73ead05c87?s=96&d=mm&r=g","url":"https:\/\/secure.gravatar.com\/avatar\/64cedf5d293ad6eb6600c19e949d032ff0090f240174891ab1517d73ead05c87?s=96&d=mm&r=g","contentUrl":"https:\/\/secure.gravatar.com\/avatar\/64cedf5d293ad6eb6600c19e949d032ff0090f240174891ab1517d73ead05c87?s=96&d=mm&r=g","caption":"Redaktion Truck"}}]}},"_links":{"self":[{"href":"https:\/\/www.krafthand.de\/truck\/wp-json\/wp\/v2\/posts\/43035","targetHints":{"allow":["GET"]}}],"collection":[{"href":"https:\/\/www.krafthand.de\/truck\/wp-json\/wp\/v2\/posts"}],"about":[{"href":"https:\/\/www.krafthand.de\/truck\/wp-json\/wp\/v2\/types\/post"}],"author":[{"embeddable":true,"href":"https:\/\/www.krafthand.de\/truck\/wp-json\/wp\/v2\/users\/11"}],"replies":[{"embeddable":true,"href":"https:\/\/www.krafthand.de\/truck\/wp-json\/wp\/v2\/comments?post=43035"}],"version-history":[{"count":12,"href":"https:\/\/www.krafthand.de\/truck\/wp-json\/wp\/v2\/posts\/43035\/revisions"}],"predecessor-version":[{"id":43054,"href":"https:\/\/www.krafthand.de\/truck\/wp-json\/wp\/v2\/posts\/43035\/revisions\/43054"}],"wp:featuredmedia":[{"embeddable":true,"href":"https:\/\/www.krafthand.de\/truck\/wp-json\/wp\/v2\/media\/43036"}],"wp:attachment":[{"href":"https:\/\/www.krafthand.de\/truck\/wp-json\/wp\/v2\/media?parent=43035"}],"wp:term":[{"taxonomy":"category","embeddable":true,"href":"https:\/\/www.krafthand.de\/truck\/wp-json\/wp\/v2\/categories?post=43035"},{"taxonomy":"post_tag","embeddable":true,"href":"https:\/\/www.krafthand.de\/truck\/wp-json\/wp\/v2\/tags?post=43035"},{"taxonomy":"settings","embeddable":true,"href":"https:\/\/www.krafthand.de\/truck\/wp-json\/wp\/v2\/settings?post=43035"}],"curies":[{"name":"wp","href":"https:\/\/api.w.org\/{rel}","templated":true}]}}