{"id":43028,"date":"2025-06-17T13:29:35","date_gmt":"2025-06-17T11:29:35","guid":{"rendered":"https:\/\/www.krafthand.de\/truck\/?p=43028"},"modified":"2025-06-17T13:29:51","modified_gmt":"2025-06-17T11:29:51","slug":"softwaredefinierte-fahrzeugplattform-daimler-truck-und-die-volvo-gruenden-coretura","status":"publish","type":"post","link":"https:\/\/www.krafthand.de\/truck\/artikel\/softwaredefinierte-fahrzeugplattform-daimler-truck-und-die-volvo-gruenden-coretura-43028\/","title":{"rendered":"Softwaredefinierte Fahrzeugplattform: Daimler Truck und Volvo gr\u00fcnden Coretura"},"content":{"rendered":"<p>Daimler Truck und die Volvo Group haben die Gr\u00fcndung von Coretura AB bekanntgegeben. Das Joint-Venture verfolge das Ziel, die Nutzfahrzeugindustrie durch eine neue softwaredefinierte Fahrzeugplattform zu transformieren und einen neuen Industriestandard zu setzen. Coretura soll es Daimler Truck und der Volvo Group sowie weiteren potenziellen Kunden erm\u00f6glichen, eigenst\u00e4ndige, digitale Fahrzeuganwendungen f\u00fcr ihre Produkte anzubieten.<\/p>\n<p>Nach der Unterzeichnung der verbindlichen Joint-Venture-Vereinbarung durch Daimler Truck und der Volvo Group am 28. Oktober 2024 haben die beiden Unternehmen alle erforderlichen beh\u00f6rdlichen Genehmigungen eingeholt und nun das neue Unternehmen Coretura gegr\u00fcndet. Mit Vollzug der Transaktion des Joint-Ventures nahm das zuk\u00fcnftig in G\u00f6teborg, Schweden, ans\u00e4ssige Unternehmen Coretura Anfang Juni seinen Betrieb auf.<\/p>\n<p>Coretura wird von einem vierk\u00f6pfigen F\u00fchrungsteam geleitet, das sich aus je zwei Mitgliedern der beiden Anteilseigner zusammensetzt. Johan Lund\u00e9n, zuvor bei der Volvo Group f\u00fcr die strategische Produktplanung sowie das strategische Projekt- und Innovationsmanagement verantwortlich, wurde zum CEO ernannt.<\/p>\n<h3>(Zusatz-) Anwendungen &#8218;Over the Air&#8216;<\/h3>\n<p>Vor dem Hintergrund der Digitalisierung von Nutzfahrzeugen hat sich Coretura zur Aufgabe gesetzt, eine standardisierte und offene softwaredefinierte Fahrzeugplattform und ein dediziertes Betriebssystem f\u00fcr Nutzfahrzeuge zu entwickeln. Zu den Aktivit\u00e4ten von Coretura geh\u00f6rten auch die Spezifikation und Beschaffung zentralisierter Hochleistungssteuerger\u00e4te f\u00fcr Nutzfahrzeuge, die gro\u00dfe Datenmengen verarbeiten k\u00f6nnen. Dies erm\u00f6glicht die zuk\u00fcnftige Entkopplung von Software- und Hardware-Entwicklungszyklen und damit dem Endkunden, digitale Anwendungen drahtlos &#8218;over the air&#8216; zu erwerben und kontinuierlich zu aktualisieren, was die Sicherheit, Effizienz und das Nutzererlebnis verbessert.<\/p>\n<h3>Zun\u00e4chst 50 Mitarbeitende in G\u00f6teborg<\/h3>\n<p>Mit zun\u00e4chst rund 50 Mitarbeiterinnen und Mitarbeitern ist Coretura laut Angaben auf ein schrittweises Wachstum ausgerichtet. Dies erm\u00f6gliche es den Anteilseignern, Ressourcen zu b\u00fcndeln und entsprechend dem technischen Fortschritt und dem Erreichen von Meilensteinen zu investieren. Coretura verfolgt dabei einen kollaborativen Co-Development-Ansatz mit seinen Kunden mit dem Ziel, die ersten Produkte in Fahrzeugen bis Ende dieses Jahrzehnts einzuf\u00fchren.<\/p>\n<h3>Gemeinsame Gestaltung der Zukunft<\/h3>\n<p>Daimler Truck und die Volvo Group bleiben Wettbewerber und werden weiterhin auf ein komplett eigenst\u00e4ndiges Produkt- und Dienstleistungsangebot setzen, einschlie\u00dflich der jeweiligen digitalen L\u00f6sungen. Dem gegen\u00fcber ist\u00a0Coretura offen f\u00fcr Kooperationen und l\u00e4dt neue und \u00fcbliche Lieferanten sowie Partner, die gemeinsame Werte teilen, ein, sich an der Gestaltung der Zukunft der Branche zu beteiligen.<\/p>\n","protected":false},"excerpt":{"rendered":"<p>Daimler Truck und die Volvo Group haben die Gr\u00fcndung von Coretura AB bekanntgegeben. Das Joint-Venture verfolge das Ziel, die Nutzfahrzeugindustrie durch eine neue softwaredefinierte Fahrzeugplattform zu transformieren und einen neuen Industriestandard zu setzen. <span class=\"excerpt-more__dots\">&#8230;<\/span> <a class=\"excerpt-more__link\" href=\"https:\/\/www.krafthand.de\/truck\/artikel\/softwaredefinierte-fahrzeugplattform-daimler-truck-und-die-volvo-gruenden-coretura-43028\/\" >weiter<\/a><\/p>\n","protected":false},"author":9,"featured_media":43031,"comment_status":"closed","ping_status":"closed","sticky":false,"template":"","format":"standard","meta":{"footnotes":""},"categories":[4232],"tags":[4492,4168,4402,2979,241],"settings":[3523],"class_list":["post-43028","post","type-post","status-publish","format-standard","has-post-thumbnail","hentry","category-remote-service","tag-daimler-truck","tag-karin-radstroem","tag-over-the-air","tag-software","tag-volvo-trucks"],"yoast_head":"<!-- This site is optimized with the Yoast SEO plugin v27.3 - https:\/\/yoast.com\/product\/yoast-seo-wordpress\/ -->\n<title>Softwaredefinierte Fahrzeugplattform: Daimler Truck und Volvo gr\u00fcnden Coretura - Krafthand-Truck<\/title>\n<meta name=\"description\" content=\"Softwarebasierter Lkw und Updates Over the Air: Daimler Truck und die Volvo Group haben die Gr\u00fcndung von Coretura AB bekanntgegeben.\" \/>\n<meta name=\"robots\" content=\"index, follow, max-snippet:-1, max-image-preview:large, max-video-preview:-1\" \/>\n<link rel=\"canonical\" href=\"https:\/\/www.krafthand.de\/truck\/artikel\/softwaredefinierte-fahrzeugplattform-daimler-truck-und-die-volvo-gruenden-coretura-43028\/\" \/>\n<meta property=\"og:locale\" content=\"de_DE\" \/>\n<meta property=\"og:type\" content=\"article\" \/>\n<meta property=\"og:title\" content=\"Softwaredefinierte Fahrzeugplattform: Daimler Truck und Volvo gr\u00fcnden Coretura - Krafthand-Truck\" \/>\n<meta property=\"og:description\" content=\"Softwarebasierter Lkw und Updates Over the Air: Daimler Truck und die Volvo Group haben die Gr\u00fcndung von Coretura AB bekanntgegeben.\" \/>\n<meta property=\"og:url\" content=\"https:\/\/www.krafthand-truck.de\/artikel\/softwaredefinierte-fahrzeugplattform-daimler-truck-und-die-volvo-gruenden-coretura-43028\/\" \/>\n<meta property=\"og:site_name\" content=\"Krafthand-Truck\" \/>\n<meta property=\"article:published_time\" content=\"2025-06-17T11:29:35+00:00\" \/>\n<meta property=\"article:modified_time\" content=\"2025-06-17T11:29:51+00:00\" \/>\n<meta property=\"og:image\" content=\"https:\/\/static.krafthand-truck.de\/uploads\/2025\/06\/Volvo_Lundstedt_Coretura_Lunden_Daimler_Radstroem.jpg\" \/>\n\t<meta property=\"og:image:width\" content=\"1200\" \/>\n\t<meta property=\"og:image:height\" content=\"800\" \/>\n\t<meta property=\"og:image:type\" content=\"image\/jpeg\" \/>\n<meta name=\"author\" content=\"georg.blenk@krafthand-medien.de\" \/>\n<meta name=\"twitter:card\" content=\"summary_large_image\" \/>\n<meta name=\"twitter:label1\" content=\"Verfasst von\" \/>\n\t<meta name=\"twitter:data1\" content=\"georg.blenk@krafthand-medien.de\" \/>\n\t<meta name=\"twitter:label2\" content=\"Gesch\u00e4tzte Lesezeit\" \/>\n\t<meta name=\"twitter:data2\" content=\"3\u00a0Minuten\" \/>\n<script type=\"application\/ld+json\" class=\"yoast-schema-graph\">{\"@context\":\"https:\\\/\\\/schema.org\",\"@graph\":[{\"@type\":\"Article\",\"@id\":\"https:\\\/\\\/www.krafthand.de\\\/truck\\\/artikel\\\/softwaredefinierte-fahrzeugplattform-daimler-truck-und-die-volvo-gruenden-coretura-43028\\\/#article\",\"isPartOf\":{\"@id\":\"https:\\\/\\\/www.krafthand.de\\\/truck\\\/artikel\\\/softwaredefinierte-fahrzeugplattform-daimler-truck-und-die-volvo-gruenden-coretura-43028\\\/\"},\"author\":{\"name\":\"georg.blenk@krafthand-medien.de\",\"@id\":\"https:\\\/\\\/www.krafthand.de\\\/truck\\\/#\\\/schema\\\/person\\\/51fa80b1c57034c4bf63f9f988fc24ce\"},\"headline\":\"Softwaredefinierte Fahrzeugplattform: Daimler Truck und Volvo gr\u00fcnden Coretura\",\"datePublished\":\"2025-06-17T11:29:35+00:00\",\"dateModified\":\"2025-06-17T11:29:51+00:00\",\"mainEntityOfPage\":{\"@id\":\"https:\\\/\\\/www.krafthand.de\\\/truck\\\/artikel\\\/softwaredefinierte-fahrzeugplattform-daimler-truck-und-die-volvo-gruenden-coretura-43028\\\/\"},\"wordCount\":391,\"image\":{\"@id\":\"https:\\\/\\\/www.krafthand.de\\\/truck\\\/artikel\\\/softwaredefinierte-fahrzeugplattform-daimler-truck-und-die-volvo-gruenden-coretura-43028\\\/#primaryimage\"},\"thumbnailUrl\":\"https:\\\/\\\/static.krafthand-truck.de\\\/uploads\\\/2025\\\/06\\\/Volvo_Lundstedt_Coretura_Lunden_Daimler_Radstroem.jpg\",\"keywords\":[\"Daimler Truck\",\"Karin R\u00e5dstr\u00f6m\",\"Over-the-air\",\"Software\",\"Volvo Trucks\"],\"articleSection\":[\"Remote-Service\\\/OTA\"],\"inLanguage\":\"de\"},{\"@type\":\"WebPage\",\"@id\":\"https:\\\/\\\/www.krafthand.de\\\/truck\\\/artikel\\\/softwaredefinierte-fahrzeugplattform-daimler-truck-und-die-volvo-gruenden-coretura-43028\\\/\",\"url\":\"https:\\\/\\\/www.krafthand.de\\\/truck\\\/artikel\\\/softwaredefinierte-fahrzeugplattform-daimler-truck-und-die-volvo-gruenden-coretura-43028\\\/\",\"name\":\"Softwaredefinierte Fahrzeugplattform: Daimler Truck und Volvo gr\u00fcnden Coretura - Krafthand-Truck\",\"isPartOf\":{\"@id\":\"https:\\\/\\\/www.krafthand.de\\\/truck\\\/#website\"},\"primaryImageOfPage\":{\"@id\":\"https:\\\/\\\/www.krafthand.de\\\/truck\\\/artikel\\\/softwaredefinierte-fahrzeugplattform-daimler-truck-und-die-volvo-gruenden-coretura-43028\\\/#primaryimage\"},\"image\":{\"@id\":\"https:\\\/\\\/www.krafthand.de\\\/truck\\\/artikel\\\/softwaredefinierte-fahrzeugplattform-daimler-truck-und-die-volvo-gruenden-coretura-43028\\\/#primaryimage\"},\"thumbnailUrl\":\"https:\\\/\\\/static.krafthand-truck.de\\\/uploads\\\/2025\\\/06\\\/Volvo_Lundstedt_Coretura_Lunden_Daimler_Radstroem.jpg\",\"datePublished\":\"2025-06-17T11:29:35+00:00\",\"dateModified\":\"2025-06-17T11:29:51+00:00\",\"author\":{\"@id\":\"https:\\\/\\\/www.krafthand.de\\\/truck\\\/#\\\/schema\\\/person\\\/51fa80b1c57034c4bf63f9f988fc24ce\"},\"description\":\"Softwarebasierter Lkw und Updates Over the Air: Daimler Truck und die Volvo Group haben die Gr\u00fcndung von Coretura AB bekanntgegeben.\",\"breadcrumb\":{\"@id\":\"https:\\\/\\\/www.krafthand.de\\\/truck\\\/artikel\\\/softwaredefinierte-fahrzeugplattform-daimler-truck-und-die-volvo-gruenden-coretura-43028\\\/#breadcrumb\"},\"inLanguage\":\"de\",\"potentialAction\":[{\"@type\":\"ReadAction\",\"target\":[\"https:\\\/\\\/www.krafthand.de\\\/truck\\\/artikel\\\/softwaredefinierte-fahrzeugplattform-daimler-truck-und-die-volvo-gruenden-coretura-43028\\\/\"]}]},{\"@type\":\"ImageObject\",\"inLanguage\":\"de\",\"@id\":\"https:\\\/\\\/www.krafthand.de\\\/truck\\\/artikel\\\/softwaredefinierte-fahrzeugplattform-daimler-truck-und-die-volvo-gruenden-coretura-43028\\\/#primaryimage\",\"url\":\"https:\\\/\\\/static.krafthand-truck.de\\\/uploads\\\/2025\\\/06\\\/Volvo_Lundstedt_Coretura_Lunden_Daimler_Radstroem.jpg\",\"contentUrl\":\"https:\\\/\\\/static.krafthand-truck.de\\\/uploads\\\/2025\\\/06\\\/Volvo_Lundstedt_Coretura_Lunden_Daimler_Radstroem.jpg\",\"width\":1200,\"height\":800},{\"@type\":\"BreadcrumbList\",\"@id\":\"https:\\\/\\\/www.krafthand.de\\\/truck\\\/artikel\\\/softwaredefinierte-fahrzeugplattform-daimler-truck-und-die-volvo-gruenden-coretura-43028\\\/#breadcrumb\",\"itemListElement\":[{\"@type\":\"ListItem\",\"position\":1,\"name\":\"Krafthand-Truck\",\"item\":\"https:\\\/\\\/www.krafthand.de\\\/truck\\\/\"},{\"@type\":\"ListItem\",\"position\":2,\"name\":\"IT+Fuhrpark\",\"item\":\"https:\\\/\\\/www.krafthand.de\\\/truck\\\/kategorie\\\/fuhrpark\\\/\"},{\"@type\":\"ListItem\",\"position\":3,\"name\":\"Remote-Service\\\/OTA\",\"item\":\"https:\\\/\\\/www.krafthand.de\\\/truck\\\/kategorie\\\/fuhrpark\\\/remote-service\\\/\"},{\"@type\":\"ListItem\",\"position\":4,\"name\":\"Softwaredefinierte Fahrzeugplattform: Daimler Truck und Volvo gr\u00fcnden Coretura\"}]},{\"@type\":\"WebSite\",\"@id\":\"https:\\\/\\\/www.krafthand.de\\\/truck\\\/#website\",\"url\":\"https:\\\/\\\/www.krafthand.de\\\/truck\\\/\",\"name\":\"Krafthand-Truck\",\"description\":\"\",\"potentialAction\":[{\"@type\":\"SearchAction\",\"target\":{\"@type\":\"EntryPoint\",\"urlTemplate\":\"https:\\\/\\\/www.krafthand.de\\\/truck\\\/?s={search_term_string}\"},\"query-input\":{\"@type\":\"PropertyValueSpecification\",\"valueRequired\":true,\"valueName\":\"search_term_string\"}}],\"inLanguage\":\"de\"},{\"@type\":\"Person\",\"@id\":\"https:\\\/\\\/www.krafthand.de\\\/truck\\\/#\\\/schema\\\/person\\\/51fa80b1c57034c4bf63f9f988fc24ce\",\"name\":\"georg.blenk@krafthand-medien.de\",\"image\":{\"@type\":\"ImageObject\",\"inLanguage\":\"de\",\"@id\":\"https:\\\/\\\/secure.gravatar.com\\\/avatar\\\/93713c30affe0aa95d3a4130e499bb1abee2eb31adbdd9ce2aa1543538490215?s=96&d=mm&r=g\",\"url\":\"https:\\\/\\\/secure.gravatar.com\\\/avatar\\\/93713c30affe0aa95d3a4130e499bb1abee2eb31adbdd9ce2aa1543538490215?s=96&d=mm&r=g\",\"contentUrl\":\"https:\\\/\\\/secure.gravatar.com\\\/avatar\\\/93713c30affe0aa95d3a4130e499bb1abee2eb31adbdd9ce2aa1543538490215?s=96&d=mm&r=g\",\"caption\":\"georg.blenk@krafthand-medien.de\"}}]}<\/script>\n<!-- \/ Yoast SEO plugin. -->","yoast_head_json":{"title":"Softwaredefinierte Fahrzeugplattform: Daimler Truck und Volvo gr\u00fcnden Coretura - Krafthand-Truck","description":"Softwarebasierter Lkw und Updates Over the Air: Daimler Truck und die Volvo Group haben die Gr\u00fcndung von Coretura AB bekanntgegeben.","robots":{"index":"index","follow":"follow","max-snippet":"max-snippet:-1","max-image-preview":"max-image-preview:large","max-video-preview":"max-video-preview:-1"},"canonical":"https:\/\/www.krafthand.de\/truck\/artikel\/softwaredefinierte-fahrzeugplattform-daimler-truck-und-die-volvo-gruenden-coretura-43028\/","og_locale":"de_DE","og_type":"article","og_title":"Softwaredefinierte Fahrzeugplattform: Daimler Truck und Volvo gr\u00fcnden Coretura - Krafthand-Truck","og_description":"Softwarebasierter Lkw und Updates Over the Air: Daimler Truck und die Volvo Group haben die Gr\u00fcndung von Coretura AB bekanntgegeben.","og_url":"https:\/\/www.krafthand-truck.de\/artikel\/softwaredefinierte-fahrzeugplattform-daimler-truck-und-die-volvo-gruenden-coretura-43028\/","og_site_name":"Krafthand-Truck","article_published_time":"2025-06-17T11:29:35+00:00","article_modified_time":"2025-06-17T11:29:51+00:00","og_image":[{"width":1200,"height":800,"url":"https:\/\/static.krafthand-truck.de\/uploads\/2025\/06\/Volvo_Lundstedt_Coretura_Lunden_Daimler_Radstroem.jpg","type":"image\/jpeg"}],"author":"georg.blenk@krafthand-medien.de","twitter_card":"summary_large_image","twitter_misc":{"Verfasst von":"georg.blenk@krafthand-medien.de","Gesch\u00e4tzte Lesezeit":"3\u00a0Minuten"},"schema":{"@context":"https:\/\/schema.org","@graph":[{"@type":"Article","@id":"https:\/\/www.krafthand.de\/truck\/artikel\/softwaredefinierte-fahrzeugplattform-daimler-truck-und-die-volvo-gruenden-coretura-43028\/#article","isPartOf":{"@id":"https:\/\/www.krafthand.de\/truck\/artikel\/softwaredefinierte-fahrzeugplattform-daimler-truck-und-die-volvo-gruenden-coretura-43028\/"},"author":{"name":"georg.blenk@krafthand-medien.de","@id":"https:\/\/www.krafthand.de\/truck\/#\/schema\/person\/51fa80b1c57034c4bf63f9f988fc24ce"},"headline":"Softwaredefinierte Fahrzeugplattform: Daimler Truck und Volvo gr\u00fcnden Coretura","datePublished":"2025-06-17T11:29:35+00:00","dateModified":"2025-06-17T11:29:51+00:00","mainEntityOfPage":{"@id":"https:\/\/www.krafthand.de\/truck\/artikel\/softwaredefinierte-fahrzeugplattform-daimler-truck-und-die-volvo-gruenden-coretura-43028\/"},"wordCount":391,"image":{"@id":"https:\/\/www.krafthand.de\/truck\/artikel\/softwaredefinierte-fahrzeugplattform-daimler-truck-und-die-volvo-gruenden-coretura-43028\/#primaryimage"},"thumbnailUrl":"https:\/\/static.krafthand-truck.de\/uploads\/2025\/06\/Volvo_Lundstedt_Coretura_Lunden_Daimler_Radstroem.jpg","keywords":["Daimler Truck","Karin R\u00e5dstr\u00f6m","Over-the-air","Software","Volvo Trucks"],"articleSection":["Remote-Service\/OTA"],"inLanguage":"de"},{"@type":"WebPage","@id":"https:\/\/www.krafthand.de\/truck\/artikel\/softwaredefinierte-fahrzeugplattform-daimler-truck-und-die-volvo-gruenden-coretura-43028\/","url":"https:\/\/www.krafthand.de\/truck\/artikel\/softwaredefinierte-fahrzeugplattform-daimler-truck-und-die-volvo-gruenden-coretura-43028\/","name":"Softwaredefinierte Fahrzeugplattform: Daimler Truck und Volvo gr\u00fcnden Coretura - Krafthand-Truck","isPartOf":{"@id":"https:\/\/www.krafthand.de\/truck\/#website"},"primaryImageOfPage":{"@id":"https:\/\/www.krafthand.de\/truck\/artikel\/softwaredefinierte-fahrzeugplattform-daimler-truck-und-die-volvo-gruenden-coretura-43028\/#primaryimage"},"image":{"@id":"https:\/\/www.krafthand.de\/truck\/artikel\/softwaredefinierte-fahrzeugplattform-daimler-truck-und-die-volvo-gruenden-coretura-43028\/#primaryimage"},"thumbnailUrl":"https:\/\/static.krafthand-truck.de\/uploads\/2025\/06\/Volvo_Lundstedt_Coretura_Lunden_Daimler_Radstroem.jpg","datePublished":"2025-06-17T11:29:35+00:00","dateModified":"2025-06-17T11:29:51+00:00","author":{"@id":"https:\/\/www.krafthand.de\/truck\/#\/schema\/person\/51fa80b1c57034c4bf63f9f988fc24ce"},"description":"Softwarebasierter Lkw und Updates Over the Air: Daimler Truck und die Volvo Group haben die Gr\u00fcndung von Coretura AB bekanntgegeben.","breadcrumb":{"@id":"https:\/\/www.krafthand.de\/truck\/artikel\/softwaredefinierte-fahrzeugplattform-daimler-truck-und-die-volvo-gruenden-coretura-43028\/#breadcrumb"},"inLanguage":"de","potentialAction":[{"@type":"ReadAction","target":["https:\/\/www.krafthand.de\/truck\/artikel\/softwaredefinierte-fahrzeugplattform-daimler-truck-und-die-volvo-gruenden-coretura-43028\/"]}]},{"@type":"ImageObject","inLanguage":"de","@id":"https:\/\/www.krafthand.de\/truck\/artikel\/softwaredefinierte-fahrzeugplattform-daimler-truck-und-die-volvo-gruenden-coretura-43028\/#primaryimage","url":"https:\/\/static.krafthand-truck.de\/uploads\/2025\/06\/Volvo_Lundstedt_Coretura_Lunden_Daimler_Radstroem.jpg","contentUrl":"https:\/\/static.krafthand-truck.de\/uploads\/2025\/06\/Volvo_Lundstedt_Coretura_Lunden_Daimler_Radstroem.jpg","width":1200,"height":800},{"@type":"BreadcrumbList","@id":"https:\/\/www.krafthand.de\/truck\/artikel\/softwaredefinierte-fahrzeugplattform-daimler-truck-und-die-volvo-gruenden-coretura-43028\/#breadcrumb","itemListElement":[{"@type":"ListItem","position":1,"name":"Krafthand-Truck","item":"https:\/\/www.krafthand.de\/truck\/"},{"@type":"ListItem","position":2,"name":"IT+Fuhrpark","item":"https:\/\/www.krafthand.de\/truck\/kategorie\/fuhrpark\/"},{"@type":"ListItem","position":3,"name":"Remote-Service\/OTA","item":"https:\/\/www.krafthand.de\/truck\/kategorie\/fuhrpark\/remote-service\/"},{"@type":"ListItem","position":4,"name":"Softwaredefinierte Fahrzeugplattform: Daimler Truck und Volvo gr\u00fcnden Coretura"}]},{"@type":"WebSite","@id":"https:\/\/www.krafthand.de\/truck\/#website","url":"https:\/\/www.krafthand.de\/truck\/","name":"Krafthand-Truck","description":"","potentialAction":[{"@type":"SearchAction","target":{"@type":"EntryPoint","urlTemplate":"https:\/\/www.krafthand.de\/truck\/?s={search_term_string}"},"query-input":{"@type":"PropertyValueSpecification","valueRequired":true,"valueName":"search_term_string"}}],"inLanguage":"de"},{"@type":"Person","@id":"https:\/\/www.krafthand.de\/truck\/#\/schema\/person\/51fa80b1c57034c4bf63f9f988fc24ce","name":"georg.blenk@krafthand-medien.de","image":{"@type":"ImageObject","inLanguage":"de","@id":"https:\/\/secure.gravatar.com\/avatar\/93713c30affe0aa95d3a4130e499bb1abee2eb31adbdd9ce2aa1543538490215?s=96&d=mm&r=g","url":"https:\/\/secure.gravatar.com\/avatar\/93713c30affe0aa95d3a4130e499bb1abee2eb31adbdd9ce2aa1543538490215?s=96&d=mm&r=g","contentUrl":"https:\/\/secure.gravatar.com\/avatar\/93713c30affe0aa95d3a4130e499bb1abee2eb31adbdd9ce2aa1543538490215?s=96&d=mm&r=g","caption":"georg.blenk@krafthand-medien.de"}}]}},"_links":{"self":[{"href":"https:\/\/www.krafthand.de\/truck\/wp-json\/wp\/v2\/posts\/43028","targetHints":{"allow":["GET"]}}],"collection":[{"href":"https:\/\/www.krafthand.de\/truck\/wp-json\/wp\/v2\/posts"}],"about":[{"href":"https:\/\/www.krafthand.de\/truck\/wp-json\/wp\/v2\/types\/post"}],"author":[{"embeddable":true,"href":"https:\/\/www.krafthand.de\/truck\/wp-json\/wp\/v2\/users\/9"}],"replies":[{"embeddable":true,"href":"https:\/\/www.krafthand.de\/truck\/wp-json\/wp\/v2\/comments?post=43028"}],"version-history":[{"count":5,"href":"https:\/\/www.krafthand.de\/truck\/wp-json\/wp\/v2\/posts\/43028\/revisions"}],"predecessor-version":[{"id":43034,"href":"https:\/\/www.krafthand.de\/truck\/wp-json\/wp\/v2\/posts\/43028\/revisions\/43034"}],"wp:featuredmedia":[{"embeddable":true,"href":"https:\/\/www.krafthand.de\/truck\/wp-json\/wp\/v2\/media\/43031"}],"wp:attachment":[{"href":"https:\/\/www.krafthand.de\/truck\/wp-json\/wp\/v2\/media?parent=43028"}],"wp:term":[{"taxonomy":"category","embeddable":true,"href":"https:\/\/www.krafthand.de\/truck\/wp-json\/wp\/v2\/categories?post=43028"},{"taxonomy":"post_tag","embeddable":true,"href":"https:\/\/www.krafthand.de\/truck\/wp-json\/wp\/v2\/tags?post=43028"},{"taxonomy":"settings","embeddable":true,"href":"https:\/\/www.krafthand.de\/truck\/wp-json\/wp\/v2\/settings?post=43028"}],"curies":[{"name":"wp","href":"https:\/\/api.w.org\/{rel}","templated":true}]}}