{"id":42995,"date":"2025-06-13T11:31:33","date_gmt":"2025-06-13T09:31:33","guid":{"rendered":"https:\/\/www.krafthand.de\/truck\/?p=42995"},"modified":"2025-06-23T10:20:38","modified_gmt":"2025-06-23T08:20:38","slug":"iveco-feiert-in-turin-50-jaehriges-markenjubilaeum-und-stellt-s-eway-vor","status":"publish","type":"post","link":"https:\/\/www.krafthand.de\/truck\/artikel\/iveco-feiert-in-turin-50-jaehriges-markenjubilaeum-und-stellt-s-eway-vor-42995\/","title":{"rendered":"IVECO feiert in Turin 50-j\u00e4hriges Markenjubil\u00e4um und stellt S-eWay vor"},"content":{"rendered":"<p>IVECO feiert die Tage das 50-j\u00e4hrige bestehen der Marke. Unter dem Motto &#8217;50xBeyond&#8216; erinnert man vom 12. bis zum 15.6.2025 in Turin an die Vergangenheit, die Meilensteine und wirft einen Blick in die Zukunft. Zu Gast war bisher unter anderem Formel-1 Legende <a href=\"https:\/\/50xbeyond.ivecogroup.com\/de\/turin_anniversary_event\" target=\"_blank\" rel=\"noopener\">Liccardo Patrese<\/a>. <strong>Erstmals zeigte IVECO auch die neue Sattelzugmaschine S-eWay.<\/strong> Das batterieelektrische Fahrzeug soll das Portfolio der schweren batterieelektrischen Nutzfahrzeuge der Marke erweitern. Bereits 2024 hat IVECO das Fahrgestellt des S-eWay vorgestellt.<\/p>\n<p>&nbsp;<\/p>\n<figure id=\"attachment_43020\" aria-describedby=\"caption-attachment-43020\" style=\"width: 800px\" class=\"wp-caption aligncenter\"><a href=\"https:\/\/static.krafthand-truck.de\/uploads\/2025\/06\/IVECO_50xBeyond_Buehne.jpg\" target=\"_blank\" rel=\"noopener\"><img fetchpriority=\"high\" decoding=\"async\" class=\"wp-image-43020\" src=\"https:\/\/static.krafthand-truck.de\/uploads\/2025\/06\/IVECO_50xBeyond_Buehne-300x135.jpg\" alt=\"\" width=\"800\" height=\"359\" srcset=\"https:\/\/static.krafthand-truck.de\/uploads\/2025\/06\/IVECO_50xBeyond_Buehne-300x135.jpg 300w, https:\/\/static.krafthand-truck.de\/uploads\/2025\/06\/IVECO_50xBeyond_Buehne-1024x459.jpg 1024w, https:\/\/static.krafthand-truck.de\/uploads\/2025\/06\/IVECO_50xBeyond_Buehne-768x344.jpg 768w, https:\/\/static.krafthand-truck.de\/uploads\/2025\/06\/IVECO_50xBeyond_Buehne.jpg 1200w\" sizes=\"(max-width: 800px) 100vw, 800px\" \/><\/a><figcaption id=\"caption-attachment-43020\" class=\"wp-caption-text\">50xBeyond &#8211; IVECO hat nach Turin geladen. Die Feierlichkeiten dauern noch bis Sonntag an. Bild: IVECO<\/figcaption><\/figure>\n<h3>Die LFP-Technologie des S-eWay<\/h3>\n<p>Der S-eWay verf\u00fcgt \u00fcber drei quer eingebaute LFP-Batteriepaketen (Lithium-Eisenphosphat). Sie liefern laut IVECO eine Gesamtenergiekapazit\u00e4t von 603\u202fkWh, wobei 97\u202fProzent nutzbar seien \u2013 ein Spitzenwert in Bezug auf Reichweite und Langlebigkeit im Bereich schwerer Nutzfahrzeuge. Bis zu 600 Kilometer betr\u00e4gt die Reichweite des neuen S-eWay. Dank der 350-kW-DC-Schnellladung l\u00e4sst sich der Ladezustand (SoC) von 20\u202f auf 80\u202fProzent in nur 60 Minuten realisieren. Das Thermomanagementsystem h\u00e4lt die Batterien im optimalen Temperaturbereich \u2013 von -30\u202f\u00b0C bis +45\u202f\u00b0C \u2013 und gew\u00e4hrleistet so eine konstante Leistung unter verschiedensten klimatischen Bedingungen. IVECO gibt auf die Speicher eine Garantie von bis zu 10 Jahren oder 1,2\u202fMillionen Kilometern.<\/p>\n<p>&nbsp;<\/p>\n<figure id=\"attachment_43014\" aria-describedby=\"caption-attachment-43014\" style=\"width: 800px\" class=\"wp-caption aligncenter\"><img decoding=\"async\" class=\"wp-image-43014\" src=\"https:\/\/static.krafthand-truck.de\/uploads\/2025\/06\/IVECO-S-eWay-300x200.jpg\" alt=\"\" width=\"800\" height=\"534\" srcset=\"https:\/\/static.krafthand-truck.de\/uploads\/2025\/06\/IVECO-S-eWay-300x200.jpg 300w, https:\/\/static.krafthand-truck.de\/uploads\/2025\/06\/IVECO-S-eWay-1024x684.jpg 1024w, https:\/\/static.krafthand-truck.de\/uploads\/2025\/06\/IVECO-S-eWay-768x513.jpg 768w, https:\/\/static.krafthand-truck.de\/uploads\/2025\/06\/IVECO-S-eWay.jpg 1200w\" sizes=\"(max-width: 800px) 100vw, 800px\" \/><figcaption id=\"caption-attachment-43014\" class=\"wp-caption-text\">Die S-eWay Sattelzugmaschine verf\u00fcgt \u00fcber eine verl\u00e4ngerte Aero-Cab und wurde aerodynamisch optimiert. Bild: IVECO<\/figcaption><\/figure>\n<h3>e-Achse von FPT-Industrial<\/h3>\n<p>Verantwortlich f\u00fcr die Antriebsleistung ist die &#8218;hauseigene&#8216; eAchse, entwickelt von der Schwestermarke FPT Industrial. Die eAchse liefert eine kontinuierliche Leistung von 480 kW, die direkt auf die R\u00e4der \u00fcbertragen wird. Diese bew\u00e4hrte Architektur vermeide laut IVECO die Energieverluste herk\u00f6mmlicher Antriebsstr\u00e4nge und sorge so f\u00fcr maximale Effizienz und optimales Energiemanagement. Optional sind auch\u00a0elektrische Nebenabtriebe (ePTO) m\u00f6glich \u2013 beispielsweise f\u00fcr den lokal emissionsfreien Einsatz bei K\u00fchltransporten.<\/p>\n<blockquote><p>&#8222;Mit der neuen IVECO S-eWay Sattelzugmaschine bieten wir unseren Kunden eine praxistaugliche Fernverkehrsl\u00f6sung, die den Anforderungen moderner Transportunternehmen gerecht wird. Sie stehen zunehmend unter Druck, ihre Emissionen zu reduzieren, und ben\u00f6tigen einsatzbereite L\u00f6sungen, mit denen sie ihre Eins\u00e4tze erfolgreich bew\u00e4ltigen und ihre Gesch\u00e4ftsziele erreichen k\u00f6nnen. Dieses Fahrzeug steht f\u00fcr unser Engagement, unsere Kunden auf diesem Weg mit verl\u00e4sslicher Technologie und zuverl\u00e4ssigem Support zu begleiten&#8220;, so Giuliano Giovannini, Leiter Produktportfoliomanagement.<\/p><\/blockquote>\n<h3>Optimiertes Design<\/h3>\n<p>Die S-eWay Sattelzugmaschine verf\u00fcgt \u00fcber eine verl\u00e4ngerte Aero-Cab und wurde aerodynamisch optimiert. Die 9-Tonnen-Vollluftfederung an der Vorderachse und der Radstand von 3.932 Millimetern bieten IVECO zufolge eine hohe Flexibilit\u00e4t bei der Aufbaukonfiguration und der Lastverteilung. Im Fahrerhaus finden die Fahrenden den gleichen Komfort, die gleiche Ausstattung und das Design wie bei der Dieselbaureihe S-Way vor, was eine vertraute und einfache Bedienung gew\u00e4hrleisten soll. Ein speziell f\u00fcr den Elektroantrieb entwickeltes HMI-Display zeigt Echtzeitdaten zum Elektrofahrzeug an, unterst\u00fctzt die Fahrenden dabei, den Energieverbrauch zu optimieren, und erm\u00f6glicht volle Kontrolle bei elektrischen Eins\u00e4tzen.<\/p>\n<p>Auslieferungsstart der S-eWay Sattelzugmaschine ist laut IVECO 2026.<\/p>\n\r\n\t\t\t\t<div class=\"post-author\">\r\n\t\t\t\t\t<div class=\"khm-cp-author clearfix\">\r\n\t\t\t\t\t\t<div class=\"khm-cp-author__content\">\r\n\t\t\t\t\t\t\t\tKontakt zum Autor:<br \/>\r\n\t\t\t\t\t\t\t\t<strong>Georg Blenk<\/strong>, 08247 \/ 3007-45 |  <a href=\"mailto:georg.blenk@krafthand-medien.de\">georg.blenk@krafthand-medien.de<\/a>\r\n\t\t\t\t\t\t\t<div class=\"khm-cp-author__image\">\r\n\t\t\t\t\t\t<img src=\"https:\/\/static.krafthand-truck.de\/uploads\/2021\/01\/Blenk_6104-250x300-1-removebg-preview.png\" class=\"img-responsive\">\r\n\t\t\t\t\t<\/div>\r\n\t\t\t\t\t\t<\/div>\r\n\t\t\t\t\t<\/div>\r\n\t\t\t\t<\/div>\r\n\t\t\t\t","protected":false},"excerpt":{"rendered":"<p>IVECO feiert die Tage das 50-j\u00e4hrige bestehen der Marke. Unter dem Motto &#8217;50xBeyond&#8216; erinnert man vom 12. bis zum 15.6.2025 in Turin an die Vergangenheit, die Meilensteine und wirft einen Blick in die Zukunft. Erstmals zeigt IVECO auch die neue Sattelzugmaschine S-eWay. <span class=\"excerpt-more__dots\">&#8230;<\/span> <a class=\"excerpt-more__link\" href=\"https:\/\/www.krafthand.de\/truck\/artikel\/iveco-feiert-in-turin-50-jaehriges-markenjubilaeum-und-stellt-s-eway-vor-42995\/\" >weiter<\/a><\/p>\n","protected":false},"author":9,"featured_media":43013,"comment_status":"closed","ping_status":"closed","sticky":false,"template":"","format":"standard","meta":{"footnotes":""},"categories":[4224,4915],"tags":[4177,29,5786],"settings":[3524,3523],"class_list":["post-42995","post","type-post","status-publish","format-standard","has-post-thumbnail","hentry","category-e-antrieb","category-neue-fahrzeuge","tag-e-lkw","tag-iveco","tag-s-eway"],"yoast_head":"<!-- This site is optimized with the Yoast SEO plugin v27.3 - https:\/\/yoast.com\/product\/yoast-seo-wordpress\/ -->\n<title>IVECO feiert in Turin 50-j\u00e4hriges Markenjubil\u00e4um und stellt S-eWay vor - Krafthand-Truck<\/title>\n<meta name=\"description\" content=\"IVECO feiert die Tage das 50-j\u00e4hrige bestehen der Marke. Unter dem Motto &#039;50xBeyond&#039; erinnert man an die Vergangenheit, die Meilensteine und wirft einen Blick in die Zukunft.\" \/>\n<meta name=\"robots\" content=\"index, follow, max-snippet:-1, max-image-preview:large, max-video-preview:-1\" \/>\n<link rel=\"canonical\" href=\"https:\/\/www.krafthand.de\/truck\/artikel\/iveco-feiert-in-turin-50-jaehriges-markenjubilaeum-und-stellt-s-eway-vor-42995\/\" \/>\n<meta property=\"og:locale\" content=\"de_DE\" \/>\n<meta property=\"og:type\" content=\"article\" \/>\n<meta property=\"og:title\" content=\"IVECO feiert in Turin 50-j\u00e4hriges Markenjubil\u00e4um und stellt S-eWay vor - Krafthand-Truck\" \/>\n<meta property=\"og:description\" content=\"IVECO feiert die Tage das 50-j\u00e4hrige bestehen der Marke. Unter dem Motto &#039;50xBeyond&#039; erinnert man an die Vergangenheit, die Meilensteine und wirft einen Blick in die Zukunft.\" \/>\n<meta property=\"og:url\" content=\"https:\/\/www.krafthand-truck.de\/artikel\/iveco-feiert-in-turin-50-jaehriges-markenjubilaeum-und-stellt-s-eway-vor-42995\/\" \/>\n<meta property=\"og:site_name\" content=\"Krafthand-Truck\" \/>\n<meta property=\"article:published_time\" content=\"2025-06-13T09:31:33+00:00\" \/>\n<meta property=\"article:modified_time\" content=\"2025-06-23T08:20:38+00:00\" \/>\n<meta property=\"og:image\" content=\"https:\/\/static.krafthand-truck.de\/uploads\/2025\/06\/IVECO_50xBeyond_Jubilaeum_Turin.jpg\" \/>\n\t<meta property=\"og:image:width\" content=\"1200\" \/>\n\t<meta property=\"og:image:height\" content=\"621\" \/>\n\t<meta property=\"og:image:type\" content=\"image\/jpeg\" \/>\n<meta name=\"author\" content=\"georg.blenk@krafthand-medien.de\" \/>\n<meta name=\"twitter:card\" content=\"summary_large_image\" \/>\n<meta name=\"twitter:label1\" content=\"Verfasst von\" \/>\n\t<meta name=\"twitter:data1\" content=\"georg.blenk@krafthand-medien.de\" \/>\n\t<meta name=\"twitter:label2\" content=\"Gesch\u00e4tzte Lesezeit\" \/>\n\t<meta name=\"twitter:data2\" content=\"3\u00a0Minuten\" \/>\n<script type=\"application\/ld+json\" class=\"yoast-schema-graph\">{\"@context\":\"https:\\\/\\\/schema.org\",\"@graph\":[{\"@type\":\"Article\",\"@id\":\"https:\\\/\\\/www.krafthand.de\\\/truck\\\/artikel\\\/iveco-feiert-in-turin-50-jaehriges-markenjubilaeum-und-stellt-s-eway-vor-42995\\\/#article\",\"isPartOf\":{\"@id\":\"https:\\\/\\\/www.krafthand.de\\\/truck\\\/artikel\\\/iveco-feiert-in-turin-50-jaehriges-markenjubilaeum-und-stellt-s-eway-vor-42995\\\/\"},\"author\":{\"name\":\"georg.blenk@krafthand-medien.de\",\"@id\":\"https:\\\/\\\/www.krafthand.de\\\/truck\\\/#\\\/schema\\\/person\\\/51fa80b1c57034c4bf63f9f988fc24ce\"},\"headline\":\"IVECO feiert in Turin 50-j\u00e4hriges Markenjubil\u00e4um und stellt S-eWay vor\",\"datePublished\":\"2025-06-13T09:31:33+00:00\",\"dateModified\":\"2025-06-23T08:20:38+00:00\",\"mainEntityOfPage\":{\"@id\":\"https:\\\/\\\/www.krafthand.de\\\/truck\\\/artikel\\\/iveco-feiert-in-turin-50-jaehriges-markenjubilaeum-und-stellt-s-eway-vor-42995\\\/\"},\"wordCount\":496,\"image\":{\"@id\":\"https:\\\/\\\/www.krafthand.de\\\/truck\\\/artikel\\\/iveco-feiert-in-turin-50-jaehriges-markenjubilaeum-und-stellt-s-eway-vor-42995\\\/#primaryimage\"},\"thumbnailUrl\":\"https:\\\/\\\/static.krafthand-truck.de\\\/uploads\\\/2025\\\/06\\\/IVECO_50xBeyond_Jubilaeum_Turin.jpg\",\"keywords\":[\"E-Lkw\",\"Iveco\",\"S-eWay\"],\"articleSection\":[\"E-Antrieb (BEV\\\/FCEV)\",\"Neue Fahrzeuge\"],\"inLanguage\":\"de\"},{\"@type\":\"WebPage\",\"@id\":\"https:\\\/\\\/www.krafthand.de\\\/truck\\\/artikel\\\/iveco-feiert-in-turin-50-jaehriges-markenjubilaeum-und-stellt-s-eway-vor-42995\\\/\",\"url\":\"https:\\\/\\\/www.krafthand.de\\\/truck\\\/artikel\\\/iveco-feiert-in-turin-50-jaehriges-markenjubilaeum-und-stellt-s-eway-vor-42995\\\/\",\"name\":\"IVECO feiert in Turin 50-j\u00e4hriges Markenjubil\u00e4um und stellt S-eWay vor - Krafthand-Truck\",\"isPartOf\":{\"@id\":\"https:\\\/\\\/www.krafthand.de\\\/truck\\\/#website\"},\"primaryImageOfPage\":{\"@id\":\"https:\\\/\\\/www.krafthand.de\\\/truck\\\/artikel\\\/iveco-feiert-in-turin-50-jaehriges-markenjubilaeum-und-stellt-s-eway-vor-42995\\\/#primaryimage\"},\"image\":{\"@id\":\"https:\\\/\\\/www.krafthand.de\\\/truck\\\/artikel\\\/iveco-feiert-in-turin-50-jaehriges-markenjubilaeum-und-stellt-s-eway-vor-42995\\\/#primaryimage\"},\"thumbnailUrl\":\"https:\\\/\\\/static.krafthand-truck.de\\\/uploads\\\/2025\\\/06\\\/IVECO_50xBeyond_Jubilaeum_Turin.jpg\",\"datePublished\":\"2025-06-13T09:31:33+00:00\",\"dateModified\":\"2025-06-23T08:20:38+00:00\",\"author\":{\"@id\":\"https:\\\/\\\/www.krafthand.de\\\/truck\\\/#\\\/schema\\\/person\\\/51fa80b1c57034c4bf63f9f988fc24ce\"},\"description\":\"IVECO feiert die Tage das 50-j\u00e4hrige bestehen der Marke. Unter dem Motto '50xBeyond' erinnert man an die Vergangenheit, die Meilensteine und wirft einen Blick in die Zukunft.\",\"breadcrumb\":{\"@id\":\"https:\\\/\\\/www.krafthand.de\\\/truck\\\/artikel\\\/iveco-feiert-in-turin-50-jaehriges-markenjubilaeum-und-stellt-s-eway-vor-42995\\\/#breadcrumb\"},\"inLanguage\":\"de\",\"potentialAction\":[{\"@type\":\"ReadAction\",\"target\":[\"https:\\\/\\\/www.krafthand.de\\\/truck\\\/artikel\\\/iveco-feiert-in-turin-50-jaehriges-markenjubilaeum-und-stellt-s-eway-vor-42995\\\/\"]}]},{\"@type\":\"ImageObject\",\"inLanguage\":\"de\",\"@id\":\"https:\\\/\\\/www.krafthand.de\\\/truck\\\/artikel\\\/iveco-feiert-in-turin-50-jaehriges-markenjubilaeum-und-stellt-s-eway-vor-42995\\\/#primaryimage\",\"url\":\"https:\\\/\\\/static.krafthand-truck.de\\\/uploads\\\/2025\\\/06\\\/IVECO_50xBeyond_Jubilaeum_Turin.jpg\",\"contentUrl\":\"https:\\\/\\\/static.krafthand-truck.de\\\/uploads\\\/2025\\\/06\\\/IVECO_50xBeyond_Jubilaeum_Turin.jpg\",\"width\":1200,\"height\":621},{\"@type\":\"BreadcrumbList\",\"@id\":\"https:\\\/\\\/www.krafthand.de\\\/truck\\\/artikel\\\/iveco-feiert-in-turin-50-jaehriges-markenjubilaeum-und-stellt-s-eway-vor-42995\\\/#breadcrumb\",\"itemListElement\":[{\"@type\":\"ListItem\",\"position\":1,\"name\":\"Krafthand-Truck\",\"item\":\"https:\\\/\\\/www.krafthand.de\\\/truck\\\/\"},{\"@type\":\"ListItem\",\"position\":2,\"name\":\"IT+Fuhrpark\",\"item\":\"https:\\\/\\\/www.krafthand.de\\\/truck\\\/kategorie\\\/fuhrpark\\\/\"},{\"@type\":\"ListItem\",\"position\":3,\"name\":\"Neue Fahrzeuge\",\"item\":\"https:\\\/\\\/www.krafthand.de\\\/truck\\\/kategorie\\\/fuhrpark\\\/neue-fahrzeuge\\\/\"},{\"@type\":\"ListItem\",\"position\":4,\"name\":\"IVECO feiert in Turin 50-j\u00e4hriges Markenjubil\u00e4um und stellt S-eWay vor\"}]},{\"@type\":\"WebSite\",\"@id\":\"https:\\\/\\\/www.krafthand.de\\\/truck\\\/#website\",\"url\":\"https:\\\/\\\/www.krafthand.de\\\/truck\\\/\",\"name\":\"Krafthand-Truck\",\"description\":\"\",\"potentialAction\":[{\"@type\":\"SearchAction\",\"target\":{\"@type\":\"EntryPoint\",\"urlTemplate\":\"https:\\\/\\\/www.krafthand.de\\\/truck\\\/?s={search_term_string}\"},\"query-input\":{\"@type\":\"PropertyValueSpecification\",\"valueRequired\":true,\"valueName\":\"search_term_string\"}}],\"inLanguage\":\"de\"},{\"@type\":\"Person\",\"@id\":\"https:\\\/\\\/www.krafthand.de\\\/truck\\\/#\\\/schema\\\/person\\\/51fa80b1c57034c4bf63f9f988fc24ce\",\"name\":\"georg.blenk@krafthand-medien.de\",\"image\":{\"@type\":\"ImageObject\",\"inLanguage\":\"de\",\"@id\":\"https:\\\/\\\/secure.gravatar.com\\\/avatar\\\/93713c30affe0aa95d3a4130e499bb1abee2eb31adbdd9ce2aa1543538490215?s=96&d=mm&r=g\",\"url\":\"https:\\\/\\\/secure.gravatar.com\\\/avatar\\\/93713c30affe0aa95d3a4130e499bb1abee2eb31adbdd9ce2aa1543538490215?s=96&d=mm&r=g\",\"contentUrl\":\"https:\\\/\\\/secure.gravatar.com\\\/avatar\\\/93713c30affe0aa95d3a4130e499bb1abee2eb31adbdd9ce2aa1543538490215?s=96&d=mm&r=g\",\"caption\":\"georg.blenk@krafthand-medien.de\"}}]}<\/script>\n<!-- \/ Yoast SEO plugin. -->","yoast_head_json":{"title":"IVECO feiert in Turin 50-j\u00e4hriges Markenjubil\u00e4um und stellt S-eWay vor - Krafthand-Truck","description":"IVECO feiert die Tage das 50-j\u00e4hrige bestehen der Marke. Unter dem Motto '50xBeyond' erinnert man an die Vergangenheit, die Meilensteine und wirft einen Blick in die Zukunft.","robots":{"index":"index","follow":"follow","max-snippet":"max-snippet:-1","max-image-preview":"max-image-preview:large","max-video-preview":"max-video-preview:-1"},"canonical":"https:\/\/www.krafthand.de\/truck\/artikel\/iveco-feiert-in-turin-50-jaehriges-markenjubilaeum-und-stellt-s-eway-vor-42995\/","og_locale":"de_DE","og_type":"article","og_title":"IVECO feiert in Turin 50-j\u00e4hriges Markenjubil\u00e4um und stellt S-eWay vor - Krafthand-Truck","og_description":"IVECO feiert die Tage das 50-j\u00e4hrige bestehen der Marke. Unter dem Motto '50xBeyond' erinnert man an die Vergangenheit, die Meilensteine und wirft einen Blick in die Zukunft.","og_url":"https:\/\/www.krafthand-truck.de\/artikel\/iveco-feiert-in-turin-50-jaehriges-markenjubilaeum-und-stellt-s-eway-vor-42995\/","og_site_name":"Krafthand-Truck","article_published_time":"2025-06-13T09:31:33+00:00","article_modified_time":"2025-06-23T08:20:38+00:00","og_image":[{"width":1200,"height":621,"url":"https:\/\/static.krafthand-truck.de\/uploads\/2025\/06\/IVECO_50xBeyond_Jubilaeum_Turin.jpg","type":"image\/jpeg"}],"author":"georg.blenk@krafthand-medien.de","twitter_card":"summary_large_image","twitter_misc":{"Verfasst von":"georg.blenk@krafthand-medien.de","Gesch\u00e4tzte Lesezeit":"3\u00a0Minuten"},"schema":{"@context":"https:\/\/schema.org","@graph":[{"@type":"Article","@id":"https:\/\/www.krafthand.de\/truck\/artikel\/iveco-feiert-in-turin-50-jaehriges-markenjubilaeum-und-stellt-s-eway-vor-42995\/#article","isPartOf":{"@id":"https:\/\/www.krafthand.de\/truck\/artikel\/iveco-feiert-in-turin-50-jaehriges-markenjubilaeum-und-stellt-s-eway-vor-42995\/"},"author":{"name":"georg.blenk@krafthand-medien.de","@id":"https:\/\/www.krafthand.de\/truck\/#\/schema\/person\/51fa80b1c57034c4bf63f9f988fc24ce"},"headline":"IVECO feiert in Turin 50-j\u00e4hriges Markenjubil\u00e4um und stellt S-eWay vor","datePublished":"2025-06-13T09:31:33+00:00","dateModified":"2025-06-23T08:20:38+00:00","mainEntityOfPage":{"@id":"https:\/\/www.krafthand.de\/truck\/artikel\/iveco-feiert-in-turin-50-jaehriges-markenjubilaeum-und-stellt-s-eway-vor-42995\/"},"wordCount":496,"image":{"@id":"https:\/\/www.krafthand.de\/truck\/artikel\/iveco-feiert-in-turin-50-jaehriges-markenjubilaeum-und-stellt-s-eway-vor-42995\/#primaryimage"},"thumbnailUrl":"https:\/\/static.krafthand-truck.de\/uploads\/2025\/06\/IVECO_50xBeyond_Jubilaeum_Turin.jpg","keywords":["E-Lkw","Iveco","S-eWay"],"articleSection":["E-Antrieb (BEV\/FCEV)","Neue Fahrzeuge"],"inLanguage":"de"},{"@type":"WebPage","@id":"https:\/\/www.krafthand.de\/truck\/artikel\/iveco-feiert-in-turin-50-jaehriges-markenjubilaeum-und-stellt-s-eway-vor-42995\/","url":"https:\/\/www.krafthand.de\/truck\/artikel\/iveco-feiert-in-turin-50-jaehriges-markenjubilaeum-und-stellt-s-eway-vor-42995\/","name":"IVECO feiert in Turin 50-j\u00e4hriges Markenjubil\u00e4um und stellt S-eWay vor - Krafthand-Truck","isPartOf":{"@id":"https:\/\/www.krafthand.de\/truck\/#website"},"primaryImageOfPage":{"@id":"https:\/\/www.krafthand.de\/truck\/artikel\/iveco-feiert-in-turin-50-jaehriges-markenjubilaeum-und-stellt-s-eway-vor-42995\/#primaryimage"},"image":{"@id":"https:\/\/www.krafthand.de\/truck\/artikel\/iveco-feiert-in-turin-50-jaehriges-markenjubilaeum-und-stellt-s-eway-vor-42995\/#primaryimage"},"thumbnailUrl":"https:\/\/static.krafthand-truck.de\/uploads\/2025\/06\/IVECO_50xBeyond_Jubilaeum_Turin.jpg","datePublished":"2025-06-13T09:31:33+00:00","dateModified":"2025-06-23T08:20:38+00:00","author":{"@id":"https:\/\/www.krafthand.de\/truck\/#\/schema\/person\/51fa80b1c57034c4bf63f9f988fc24ce"},"description":"IVECO feiert die Tage das 50-j\u00e4hrige bestehen der Marke. Unter dem Motto '50xBeyond' erinnert man an die Vergangenheit, die Meilensteine und wirft einen Blick in die Zukunft.","breadcrumb":{"@id":"https:\/\/www.krafthand.de\/truck\/artikel\/iveco-feiert-in-turin-50-jaehriges-markenjubilaeum-und-stellt-s-eway-vor-42995\/#breadcrumb"},"inLanguage":"de","potentialAction":[{"@type":"ReadAction","target":["https:\/\/www.krafthand.de\/truck\/artikel\/iveco-feiert-in-turin-50-jaehriges-markenjubilaeum-und-stellt-s-eway-vor-42995\/"]}]},{"@type":"ImageObject","inLanguage":"de","@id":"https:\/\/www.krafthand.de\/truck\/artikel\/iveco-feiert-in-turin-50-jaehriges-markenjubilaeum-und-stellt-s-eway-vor-42995\/#primaryimage","url":"https:\/\/static.krafthand-truck.de\/uploads\/2025\/06\/IVECO_50xBeyond_Jubilaeum_Turin.jpg","contentUrl":"https:\/\/static.krafthand-truck.de\/uploads\/2025\/06\/IVECO_50xBeyond_Jubilaeum_Turin.jpg","width":1200,"height":621},{"@type":"BreadcrumbList","@id":"https:\/\/www.krafthand.de\/truck\/artikel\/iveco-feiert-in-turin-50-jaehriges-markenjubilaeum-und-stellt-s-eway-vor-42995\/#breadcrumb","itemListElement":[{"@type":"ListItem","position":1,"name":"Krafthand-Truck","item":"https:\/\/www.krafthand.de\/truck\/"},{"@type":"ListItem","position":2,"name":"IT+Fuhrpark","item":"https:\/\/www.krafthand.de\/truck\/kategorie\/fuhrpark\/"},{"@type":"ListItem","position":3,"name":"Neue Fahrzeuge","item":"https:\/\/www.krafthand.de\/truck\/kategorie\/fuhrpark\/neue-fahrzeuge\/"},{"@type":"ListItem","position":4,"name":"IVECO feiert in Turin 50-j\u00e4hriges Markenjubil\u00e4um und stellt S-eWay vor"}]},{"@type":"WebSite","@id":"https:\/\/www.krafthand.de\/truck\/#website","url":"https:\/\/www.krafthand.de\/truck\/","name":"Krafthand-Truck","description":"","potentialAction":[{"@type":"SearchAction","target":{"@type":"EntryPoint","urlTemplate":"https:\/\/www.krafthand.de\/truck\/?s={search_term_string}"},"query-input":{"@type":"PropertyValueSpecification","valueRequired":true,"valueName":"search_term_string"}}],"inLanguage":"de"},{"@type":"Person","@id":"https:\/\/www.krafthand.de\/truck\/#\/schema\/person\/51fa80b1c57034c4bf63f9f988fc24ce","name":"georg.blenk@krafthand-medien.de","image":{"@type":"ImageObject","inLanguage":"de","@id":"https:\/\/secure.gravatar.com\/avatar\/93713c30affe0aa95d3a4130e499bb1abee2eb31adbdd9ce2aa1543538490215?s=96&d=mm&r=g","url":"https:\/\/secure.gravatar.com\/avatar\/93713c30affe0aa95d3a4130e499bb1abee2eb31adbdd9ce2aa1543538490215?s=96&d=mm&r=g","contentUrl":"https:\/\/secure.gravatar.com\/avatar\/93713c30affe0aa95d3a4130e499bb1abee2eb31adbdd9ce2aa1543538490215?s=96&d=mm&r=g","caption":"georg.blenk@krafthand-medien.de"}}]}},"_links":{"self":[{"href":"https:\/\/www.krafthand.de\/truck\/wp-json\/wp\/v2\/posts\/42995","targetHints":{"allow":["GET"]}}],"collection":[{"href":"https:\/\/www.krafthand.de\/truck\/wp-json\/wp\/v2\/posts"}],"about":[{"href":"https:\/\/www.krafthand.de\/truck\/wp-json\/wp\/v2\/types\/post"}],"author":[{"embeddable":true,"href":"https:\/\/www.krafthand.de\/truck\/wp-json\/wp\/v2\/users\/9"}],"replies":[{"embeddable":true,"href":"https:\/\/www.krafthand.de\/truck\/wp-json\/wp\/v2\/comments?post=42995"}],"version-history":[{"count":25,"href":"https:\/\/www.krafthand.de\/truck\/wp-json\/wp\/v2\/posts\/42995\/revisions"}],"predecessor-version":[{"id":43023,"href":"https:\/\/www.krafthand.de\/truck\/wp-json\/wp\/v2\/posts\/42995\/revisions\/43023"}],"wp:featuredmedia":[{"embeddable":true,"href":"https:\/\/www.krafthand.de\/truck\/wp-json\/wp\/v2\/media\/43013"}],"wp:attachment":[{"href":"https:\/\/www.krafthand.de\/truck\/wp-json\/wp\/v2\/media?parent=42995"}],"wp:term":[{"taxonomy":"category","embeddable":true,"href":"https:\/\/www.krafthand.de\/truck\/wp-json\/wp\/v2\/categories?post=42995"},{"taxonomy":"post_tag","embeddable":true,"href":"https:\/\/www.krafthand.de\/truck\/wp-json\/wp\/v2\/tags?post=42995"},{"taxonomy":"settings","embeddable":true,"href":"https:\/\/www.krafthand.de\/truck\/wp-json\/wp\/v2\/settings?post=42995"}],"curies":[{"name":"wp","href":"https:\/\/api.w.org\/{rel}","templated":true}]}}