{"id":42956,"date":"2025-06-12T11:45:06","date_gmt":"2025-06-12T09:45:06","guid":{"rendered":"https:\/\/www.krafthand.de\/truck\/?p=42956"},"modified":"2025-06-12T11:47:11","modified_gmt":"2025-06-12T09:47:11","slug":"kunden-und-mitarbeiter-stehen-im-mittelpunkt","status":"publish","type":"post","link":"https:\/\/www.krafthand.de\/truck\/artikel\/kunden-und-mitarbeiter-stehen-im-mittelpunkt-42956\/","title":{"rendered":"&#8222;Kunden und Mitarbeiter stehen im Mittelpunkt.&#8220;"},"content":{"rendered":"<p>Die winkler Unternehmensgruppe ist einer der f\u00fchrenden Gro\u00dfh\u00e4ndler f\u00fcr Nutzfahrzeug-Teile und Betriebsausr\u00fcstung in Europa. Mehr als 1.700 Mitarbeiter sorgen an mehr als 40 Standorten in Deutschland, \u00d6sterreich, Polen, Tschechien, der Schweiz und der Slowakei f\u00fcr die Betreuung von Nutzfahrzeughaltern, von Nfz-Werkst\u00e4tten, Omnibus- und Agrarunternehmen. Wir haben uns mit Markus Becker, Gesch\u00e4ftsleiter Vertrieb bei <a href=\"https:\/\/winkler.com\/de\/\" target=\"_blank\" rel=\"noopener\">winkler<\/a> \u00fcber den Nfz-Teilemarkt, die Logistik, den Nutzfahrzeugservice der Zukunft sowie \u00fcber Pers\u00f6nliches unterhalten.<\/p>\n<p class=\"text-question\">Sehr geehrter Herr Becker, winkler geh\u00f6rt zu den gr\u00f6\u00dften Nfz-Teileh\u00e4ndlern in Europa. Wieviel Artikel f\u00fcr Lkw, Trailer, Busse und Landmaschinen halten Sie vor und mit wieviel Lieferanten arbeiten Sie zusammen?<\/p><p class=\"text-answer\"><\/p>\n<p>Unser Lagersortiment beinhaltet zirka 200.000 Teile. Wir arbeiten dabei mit mehreren hundert Lieferanten auf der ganzen Welt zusammen.<\/p>\n<figure id=\"attachment_42958\" aria-describedby=\"caption-attachment-42958\" style=\"width: 420px\" class=\"wp-caption alignleft\"><a href=\"https:\/\/static.krafthand-truck.de\/uploads\/2025\/06\/02_2025_003_3.jpg\" target=\"_blank\" rel=\"noopener\"><img fetchpriority=\"high\" decoding=\"async\" class=\"wp-image-42958\" src=\"https:\/\/static.krafthand-truck.de\/uploads\/2025\/06\/02_2025_003_3-300x225.jpg\" alt=\"\" width=\"420\" height=\"315\" srcset=\"https:\/\/static.krafthand-truck.de\/uploads\/2025\/06\/02_2025_003_3-300x225.jpg 300w, https:\/\/static.krafthand-truck.de\/uploads\/2025\/06\/02_2025_003_3-1024x768.jpg 1024w, https:\/\/static.krafthand-truck.de\/uploads\/2025\/06\/02_2025_003_3-768x576.jpg 768w, https:\/\/static.krafthand-truck.de\/uploads\/2025\/06\/02_2025_003_3-200x150.jpg 200w, https:\/\/static.krafthand-truck.de\/uploads\/2025\/06\/02_2025_003_3-1320x990.jpg 1320w, https:\/\/static.krafthand-truck.de\/uploads\/2025\/06\/02_2025_003_3.jpg 1400w\" sizes=\"(max-width: 420px) 100vw, 420px\" \/><\/a><figcaption id=\"caption-attachment-42958\" class=\"wp-caption-text\">Rund 70.000 Einzelpositionen hat winkler alleine am Standort Ulm auf Lager.<\/figcaption><\/figure>\n<p class=\"text-question\">Hinzu kommt die Werkstattausr\u00fcstung, die Werkstattchemie, Pr\u00fcf- und Diagnosetechnik, R\u00e4der\/Reifen und vieles mehr. Speziell die Nfz-Werkst\u00e4tten sind auf kurze Lieferzeiten und die Lieferqualit\u00e4t angewiesen. Ohne eine ausgekl\u00fcgelte Logistik ist das nicht zu machen?<\/p><p class=\"text-answer\"><\/p>\n<p>Dank unseres leistungsf\u00e4higen Lager- und Logistikkonzepts k\u00f6nnen wir daf\u00fcr sorgen, dass das ben\u00f6tigte Ersatzteil in k\u00fcrzester Zeit bei unserem Kunden ankommt. Unsere M\u00f6glichkeiten im Bereich Logistik und der Lieferf\u00e4higkeit sind vielf\u00e4ltig. Denn nach wie vor hat die One-Stop-Strategie ein hohes Ma\u00df an Bedeutung f\u00fcr alle, die professionell eine Werkstatt betreiben wollen.<\/p>\n<p class=\"text-question\">Wie lassen sich die Lagerbest\u00e4nde optimieren um eine Kapitalbindung zu vermeiden, aber winkler trotzdem schnell liefern kann?<\/p><p class=\"text-answer\"><\/p>\n<p>Die Optimierung von Lagerbest\u00e4nden bleibt ein Balanceakt zwischen Kapitalbindung und Servicegrad. Unterst\u00fctzt werden unsere Mitarbeiter durch eine datengetriebene Disposition, klassifizierende Analysen und agile Lieferketten. Die Kunst besteht darin, sich nicht auf ein starres Modell zu verlassen, sondern flexibel nach Artikeltyp, Nachfrage und Marktanforderung zu differenzieren.<\/p>\n<p>&nbsp;<\/p>\n<div class=\"infobox box-grey\"><\/p>\n<p><figure id=\"attachment_42968\" aria-describedby=\"caption-attachment-42968\" style=\"width: 160px\" class=\"wp-caption alignright\"><a href=\"https:\/\/static.krafthand-truck.de\/uploads\/2025\/06\/winkler_Markus_Becker.jpg\" target=\"_blank\" rel=\"noopener\"><img decoding=\"async\" class=\"wp-image-42968\" src=\"https:\/\/static.krafthand-truck.de\/uploads\/2025\/06\/winkler_Markus_Becker-241x300.jpg\" alt=\"\" width=\"160\" height=\"199\" srcset=\"https:\/\/static.krafthand-truck.de\/uploads\/2025\/06\/winkler_Markus_Becker-241x300.jpg 241w, https:\/\/static.krafthand-truck.de\/uploads\/2025\/06\/winkler_Markus_Becker-768x955.jpg 768w, https:\/\/static.krafthand-truck.de\/uploads\/2025\/06\/winkler_Markus_Becker.jpg 800w\" sizes=\"(max-width: 160px) 100vw, 160px\" \/><\/a><figcaption id=\"caption-attachment-42968\" class=\"wp-caption-text\">Markus Becker.<\/figcaption><\/figure><\/p>\n<h3>Zur Person<\/h3>\n<p>Nach dem Abschluss zum Kfz-Meister hat Markus Becker seine fachliche Qualifikation durch eine Weiterbildung als Betriebswirt erg\u00e4nzt. W\u00e4hrend dieser Zeit war er f\u00fcnf Jahre bei MAN t\u00e4tig, wo er wertvolle Erfahrungen sammeln konnte. Im Anschluss wechselte Becker zur Firma winkler, bei der er nun seit 28 Jahren besch\u00e4ftigt ist. In dieser Zeit hat er nahezu alle relevanten Stationen im Unternehmen durchlaufen bis hin zur heutigen Funktion in der Gesch\u00e4ftsleitung.<\/p>\n<p><\/div>\n<p>&nbsp;<\/p>\n<p class=\"text-question\">In der Vergangenheit kam es immer wieder zu (globalen) Lieferengp\u00e4ssen auch bei Fahrzeugteilen. Wie stellen Sie trotzdem die Verf\u00fcgbarkeit her?<\/p><p class=\"text-answer\"><\/p>\n<p>Mit unseren drei Zentrallagern in Kassel, Ulm und Wien k\u00f6nnen wir eines unserer Kundenversprechen \u2013 die Lieferf\u00e4higkeit \u2013 gew\u00e4hrleisten. Dar\u00fcber hinaus betreiben alle Standorte eigene Betriebslager, um flexibel, schnell und individuell auf die Nachfrage der Kunden eingehen zu k\u00f6nnen. Um dieses Versprechen weiterhin einzuhalten, werden wir im Jahr 2026 ein neues Zentrallager in der N\u00e4he von Langenau an der A7 er\u00f6ffnen.<\/p>\n<p>&nbsp;<\/p>\n<figure id=\"attachment_42961\" aria-describedby=\"caption-attachment-42961\" style=\"width: 800px\" class=\"wp-caption aligncenter\"><img decoding=\"async\" class=\"wp-image-42961\" src=\"https:\/\/static.krafthand-truck.de\/uploads\/2025\/06\/02_2025_003_4-300x148.jpg\" alt=\"\" width=\"800\" height=\"395\" srcset=\"https:\/\/static.krafthand-truck.de\/uploads\/2025\/06\/02_2025_003_4-300x148.jpg 300w, https:\/\/static.krafthand-truck.de\/uploads\/2025\/06\/02_2025_003_4-1024x505.jpg 1024w, https:\/\/static.krafthand-truck.de\/uploads\/2025\/06\/02_2025_003_4-768x379.jpg 768w, https:\/\/static.krafthand-truck.de\/uploads\/2025\/06\/02_2025_003_4-1320x652.jpg 1320w, https:\/\/static.krafthand-truck.de\/uploads\/2025\/06\/02_2025_003_4.jpg 1400w\" sizes=\"(max-width: 800px) 100vw, 800px\" \/><figcaption id=\"caption-attachment-42961\" class=\"wp-caption-text\">Das Lagersortiment von winkler umfasst rund 200.000 Einzelpositionen.<\/figcaption><\/figure>\n<p>&nbsp;<\/p>\n<p class=\"text-question\">Sie sind mit winkler Partner der Carat-Einkaufskooperation. Welche Vorteile ergeben sich daraus?<\/p><p class=\"text-answer\"><\/p>\n<p>Die langj\u00e4hrige Partnerschaft mit der Carat-Einkaufskooperation bietet die M\u00f6glichkeit, uns noch leistungsf\u00e4higer auf allen Ebenen, wie der Sortimentserweiterung oder durch marktf\u00e4hige Konditionen, zu bewegen.<\/p>\n<blockquote class=\"khm-quote\"><p>Der deutsche Nfz-Teilemarkt wird sich internationaler, digitaler und preisgetriebener entwickeln.<\/p><\/blockquote>\n<p class=\"text-question\">Die Kampagne \u201aRight to repair\u2018 setzt sich f\u00fcr den freien Pkw-\/Nfz-Teilehandel ein. Es geht um fairen Wettbewerb f\u00fcr freie Werkstattbetriebe, den Zugang zu Fahrzeug- und Reparaturdaten sowie zur Fahrzeugsoftware. Auch winkler unterst\u00fctzt die Kampagne. Konnte man weitere H\u00fcrden abbauen?<\/p><p class=\"text-answer\"><\/p>\n<p>Die Kampagne \u201aRight to repair\u2018 hat in den letzten Jahren wichtige H\u00fcrden abgebaut. Vor allem auf politscher Ebene, durch EU-Initiativen. Aber die technologischen Ma\u00dfnahmen und wirtschaftlichen Interessen der Hersteller bleiben zentrale Barrieren. Der Trend geht jedoch klar in Richtung mehr Transparenz, l\u00e4ngere Produktlebensdauer und unabh\u00e4ngige Reparaturm\u00f6glichkeiten.<\/p>\n<p class=\"text-question\">Welche Zusatzservices neben den eigentlichen Produkten bietet winkler den Nfz-Werkst\u00e4tten an?<\/p><p class=\"text-answer\"><\/p>\n<figure id=\"attachment_42960\" aria-describedby=\"caption-attachment-42960\" style=\"width: 420px\" class=\"wp-caption alignleft\"><a href=\"https:\/\/static.krafthand-truck.de\/uploads\/2025\/06\/02_2025_003_5.jpg\" target=\"_blank\" rel=\"noopener\"><img loading=\"lazy\" decoding=\"async\" class=\"wp-image-42960\" src=\"https:\/\/static.krafthand-truck.de\/uploads\/2025\/06\/02_2025_003_5-300x195.jpg\" alt=\"\" width=\"420\" height=\"272\" srcset=\"https:\/\/static.krafthand-truck.de\/uploads\/2025\/06\/02_2025_003_5-300x195.jpg 300w, https:\/\/static.krafthand-truck.de\/uploads\/2025\/06\/02_2025_003_5-1024x664.jpg 1024w, https:\/\/static.krafthand-truck.de\/uploads\/2025\/06\/02_2025_003_5-768x498.jpg 768w, https:\/\/static.krafthand-truck.de\/uploads\/2025\/06\/02_2025_003_5-1320x856.jpg 1320w, https:\/\/static.krafthand-truck.de\/uploads\/2025\/06\/02_2025_003_5.jpg 1400w\" sizes=\"(max-width: 420px) 100vw, 420px\" \/><\/a><figcaption id=\"caption-attachment-42960\" class=\"wp-caption-text\">Das Schulungsprogramm von winkler umfasst eine Vielzahl an relevanten Themen rund um den Nutzfahrzeugservice.<\/figcaption><\/figure>\n<p>Zu den Zusatzservices z\u00e4hlen unter anderem die Schlauchfertigung im Hydraulik- und Tank-\/Silo-Bereich. Wir produzieren vom Einzelschlauch \u00fcber die Federn zahlreiche Komponenten. Hinzu kommt die Sitzreparatur sowie die Serienfertigung f\u00fcr Fahrzeugbauer und die Industrie. Des Weiteren z\u00e4hlen zu den Zusatzservices die Fahrzeugdiagnose und die Werkstattausr\u00fcstung. Zus\u00e4tzlich bieten wir ein praxisorientiertes Schulungsprogramm mit erfahrenen Trainern an, das ein facettenreiches Wissensspektrum rund um Nutzfahrzeuge bietet. So erhalten unsere Kunden in allen Bereichen eine kompetente Beratung und umfassende Betreuung.<\/p>\n<p class=\"text-question\">Wie wird sich zuk\u00fcnftig der Nfz-Teilemarkt in Deutschland entwickeln, speziell vor dem Hintergrund der steigenden Internationalisierung und des Kostendrucks.<\/p><p class=\"text-answer\"><\/p>\n<p>Der deutsche Nfz-Teilemarkt wird sich internationaler, digitaler und preisgetriebener entwickeln. Erfolgreich werden diejenigen sein, die internationale Beschaffungs- und Vertriebsstrukturen effizient kombinieren, digitale Gesch\u00e4ftsmodelle einf\u00fchren, technologische Entwicklungen im Auge behalten und schlussendlich auf Servicequalit\u00e4t und technische Kompetenz setzen.<\/p>\n<p class=\"text-question\">Wie wird sich perspektivisch die Elektrifizierung der Lkw auf den Nfz-Teilemarkt auswirken?<\/p><p class=\"text-answer\"><\/p>\n<p>Die Elektromobilit\u00e4t ver\u00e4ndert langfristig die Teilebedarfe. Verschlei\u00dfteile werden weniger, aber gleichzeitig entstehen neue Bedarfe, zum Beispiel Hochvolt-Komponenten und Sensorik. Auch in der Ausstattung der Werkst\u00e4tten sehen wir heute schon neue Bedarfe und Gesch\u00e4ftsfelder, die sich f\u00fcr uns \u00f6ffnen.<\/p>\n<blockquote class=\"khm-quote\"><p>Ich sehe meinen F\u00fchrungsstil als pragmatisch, direkt und beziehungsorientiert.\u201c<\/p><\/blockquote>\n<p class=\"text-question\">Herr Becker, Sie sind Gesch\u00e4ftsleiter Vertrieb, naturgem\u00e4\u00df eine stark erfolgsorientierte Position mit Umsatz- und Personalverantwortung. Wie w\u00fcrden Sie Ihren F\u00fchrungsstil beschreiben?<\/p><p class=\"text-answer\"><\/p>\n<p>Meine berufliche Laufbahn begann vor fast 40 Jahren im Handwerk, mit den noch damaligen Ansichten und eher autorit\u00e4ren F\u00fchrungsstilen. Ich sehe meinen F\u00fchrungsstil daher als pragmatisch, direkt und beziehungsorientiert. Bei mir standen und stehen Kunden und Mitarbeiter im Mittelpunkt meines Handelns.<\/p>\n<p class=\"text-question\">\u00dcber was haben Sie sich k\u00fcrzlich am meisten ge\u00e4rgert, \u00fcber was am meisten gefreut?<\/p><p class=\"text-answer\"><\/p>\n<p>Am meisten habe ich mich k\u00fcrzlich \u00fcber das Verkehrsaufkommen auf der A7\/3\/45, bei meinem R\u00fcckweg aus Ulm ge\u00e4rgert. Mein Respekt gilt daher allen Lkw-Fahrerinnen und Fahrern, die sich Tag f\u00fcr Tag diesen Strapazen aussetzen. Gefreut habe ich mich \u00fcber meinen sch\u00f6nen und entspannten Osterurlaub!<\/p>\n<p><i>Den Beitrag finden Sie auch in der Print-Ausgabe 2-2025 der <a href=\"https:\/\/www.krafthand.de\/truck\/magazin\/\" title=\"Zum Magazin\">Krafthand-Truck<\/a>.<\/i><\/p>\r\n\t\t\t\t<div class=\"post-author\">\r\n\t\t\t\t\t<div class=\"khm-cp-author clearfix\">\r\n\t\t\t\t\t\t<div class=\"khm-cp-author__content\">\r\n\t\t\t\t\t\t\t\tKontakt zum Autor:<br \/>\r\n\t\t\t\t\t\t\t\t<strong>Georg Blenk<\/strong>, 08247 \/ 3007-45 |  <a href=\"mailto:georg.blenk@krafthand-medien.de\">georg.blenk@krafthand-medien.de<\/a>\r\n\t\t\t\t\t\t\t<div class=\"khm-cp-author__image\">\r\n\t\t\t\t\t\t<img src=\"https:\/\/static.krafthand-truck.de\/uploads\/2021\/01\/Blenk_6104-250x300-1-removebg-preview.png\" class=\"img-responsive\">\r\n\t\t\t\t\t<\/div>\r\n\t\t\t\t\t\t<\/div>\r\n\t\t\t\t\t<\/div>\r\n\t\t\t\t<\/div>\r\n\t\t\t\t","protected":false},"excerpt":{"rendered":"<p>Die winkler Unternehmensgruppe ist einer der f\u00fchrenden Gro\u00dfh\u00e4ndler f\u00fcr Nutzfahrzeug-Teile und Betriebsausr\u00fcstung in Europa. Wir haben uns mit Markus Becker, Gesch\u00e4ftsleiter Vertrieb bei winkler \u00fcber den Nfz-Teilemarkt, die Logistik, den Nutzfahrzeugservice der Zukunft sowie \u00fcber Pers\u00f6nliches unterhalten. <span class=\"excerpt-more__dots\">&#8230;<\/span> <a class=\"excerpt-more__link\" href=\"https:\/\/www.krafthand.de\/truck\/artikel\/kunden-und-mitarbeiter-stehen-im-mittelpunkt-42956\/\" >weiter<\/a><\/p>\n","protected":false},"author":11,"featured_media":42957,"comment_status":"closed","ping_status":"closed","sticky":false,"template":"","format":"standard","meta":{"footnotes":""},"categories":[4912,4238,4235],"tags":[6252,522,460],"settings":[3524,4766,3523],"class_list":["post-42956","post","type-post","status-publish","format-standard","has-post-thumbnail","hentry","category-ersatzteile-zubehoer","category-koepfe","category-unternehmen","tag-markus-becker","tag-teilehandel","tag-winkler"],"yoast_head":"<!-- This site is optimized with the Yoast SEO plugin v27.3 - https:\/\/yoast.com\/product\/yoast-seo-wordpress\/ -->\n<title>Im Gespr\u00e4ch mit Markus Becker I winkler I Krafthand-Truck<\/title>\n<meta name=\"description\" content=\"&quot;Kunden und Mitarbeiter stehen bei uns im Mittelpunkt&quot;, so Markus Becker Gesch\u00e4ftsleiter Vertrieb bei winkler.\" \/>\n<meta name=\"robots\" content=\"index, follow, max-snippet:-1, max-image-preview:large, max-video-preview:-1\" \/>\n<link rel=\"canonical\" href=\"https:\/\/www.krafthand.de\/truck\/artikel\/kunden-und-mitarbeiter-stehen-im-mittelpunkt-42956\/\" \/>\n<meta property=\"og:locale\" content=\"de_DE\" \/>\n<meta property=\"og:type\" content=\"article\" \/>\n<meta property=\"og:title\" content=\"Im Gespr\u00e4ch mit Markus Becker I winkler I Krafthand-Truck\" \/>\n<meta property=\"og:description\" content=\"&quot;Kunden und Mitarbeiter stehen bei uns im Mittelpunkt&quot;, so Markus Becker Gesch\u00e4ftsleiter Vertrieb bei winkler.\" \/>\n<meta property=\"og:url\" content=\"https:\/\/www.krafthand-truck.de\/artikel\/kunden-und-mitarbeiter-stehen-im-mittelpunkt-42956\/\" \/>\n<meta property=\"og:site_name\" content=\"Krafthand-Truck\" \/>\n<meta property=\"article:published_time\" content=\"2025-06-12T09:45:06+00:00\" \/>\n<meta property=\"article:modified_time\" content=\"2025-06-12T09:47:11+00:00\" \/>\n<meta property=\"og:image\" content=\"https:\/\/static.krafthand-truck.de\/uploads\/2025\/06\/02_2025_003_1.jpg\" \/>\n\t<meta property=\"og:image:width\" content=\"1400\" \/>\n\t<meta property=\"og:image:height\" content=\"758\" \/>\n\t<meta property=\"og:image:type\" content=\"image\/jpeg\" \/>\n<meta name=\"author\" content=\"Redaktion Truck\" \/>\n<meta name=\"twitter:card\" content=\"summary_large_image\" \/>\n<meta name=\"twitter:label1\" content=\"Verfasst von\" \/>\n\t<meta name=\"twitter:data1\" content=\"Redaktion Truck\" \/>\n\t<meta name=\"twitter:label2\" content=\"Gesch\u00e4tzte Lesezeit\" \/>\n\t<meta name=\"twitter:data2\" content=\"7\u00a0Minuten\" \/>\n<script type=\"application\/ld+json\" class=\"yoast-schema-graph\">{\"@context\":\"https:\\\/\\\/schema.org\",\"@graph\":[{\"@type\":\"Article\",\"@id\":\"https:\\\/\\\/www.krafthand.de\\\/truck\\\/artikel\\\/kunden-und-mitarbeiter-stehen-im-mittelpunkt-42956\\\/#article\",\"isPartOf\":{\"@id\":\"https:\\\/\\\/www.krafthand.de\\\/truck\\\/artikel\\\/kunden-und-mitarbeiter-stehen-im-mittelpunkt-42956\\\/\"},\"author\":{\"name\":\"Redaktion Truck\",\"@id\":\"https:\\\/\\\/www.krafthand.de\\\/truck\\\/#\\\/schema\\\/person\\\/5e47d727209575a4b89376746e24f02f\"},\"headline\":\"&#8222;Kunden und Mitarbeiter stehen im Mittelpunkt.&#8220;\",\"datePublished\":\"2025-06-12T09:45:06+00:00\",\"dateModified\":\"2025-06-12T09:47:11+00:00\",\"mainEntityOfPage\":{\"@id\":\"https:\\\/\\\/www.krafthand.de\\\/truck\\\/artikel\\\/kunden-und-mitarbeiter-stehen-im-mittelpunkt-42956\\\/\"},\"wordCount\":1048,\"image\":{\"@id\":\"https:\\\/\\\/www.krafthand.de\\\/truck\\\/artikel\\\/kunden-und-mitarbeiter-stehen-im-mittelpunkt-42956\\\/#primaryimage\"},\"thumbnailUrl\":\"https:\\\/\\\/static.krafthand-truck.de\\\/uploads\\\/2025\\\/06\\\/02_2025_003_1.jpg\",\"keywords\":[\"Markus Becker\",\"Teilehandel\",\"Winkler\"],\"articleSection\":[\"Ersatzteile\\\/Zubeh\u00f6r\",\"K\u00f6pfe\\\/Personen\",\"Unternehmen\"],\"inLanguage\":\"de\"},{\"@type\":\"WebPage\",\"@id\":\"https:\\\/\\\/www.krafthand.de\\\/truck\\\/artikel\\\/kunden-und-mitarbeiter-stehen-im-mittelpunkt-42956\\\/\",\"url\":\"https:\\\/\\\/www.krafthand.de\\\/truck\\\/artikel\\\/kunden-und-mitarbeiter-stehen-im-mittelpunkt-42956\\\/\",\"name\":\"Im Gespr\u00e4ch mit Markus Becker I winkler I Krafthand-Truck\",\"isPartOf\":{\"@id\":\"https:\\\/\\\/www.krafthand.de\\\/truck\\\/#website\"},\"primaryImageOfPage\":{\"@id\":\"https:\\\/\\\/www.krafthand.de\\\/truck\\\/artikel\\\/kunden-und-mitarbeiter-stehen-im-mittelpunkt-42956\\\/#primaryimage\"},\"image\":{\"@id\":\"https:\\\/\\\/www.krafthand.de\\\/truck\\\/artikel\\\/kunden-und-mitarbeiter-stehen-im-mittelpunkt-42956\\\/#primaryimage\"},\"thumbnailUrl\":\"https:\\\/\\\/static.krafthand-truck.de\\\/uploads\\\/2025\\\/06\\\/02_2025_003_1.jpg\",\"datePublished\":\"2025-06-12T09:45:06+00:00\",\"dateModified\":\"2025-06-12T09:47:11+00:00\",\"author\":{\"@id\":\"https:\\\/\\\/www.krafthand.de\\\/truck\\\/#\\\/schema\\\/person\\\/5e47d727209575a4b89376746e24f02f\"},\"description\":\"\\\"Kunden und Mitarbeiter stehen bei uns im Mittelpunkt\\\", so Markus Becker Gesch\u00e4ftsleiter Vertrieb bei winkler.\",\"breadcrumb\":{\"@id\":\"https:\\\/\\\/www.krafthand.de\\\/truck\\\/artikel\\\/kunden-und-mitarbeiter-stehen-im-mittelpunkt-42956\\\/#breadcrumb\"},\"inLanguage\":\"de\",\"potentialAction\":[{\"@type\":\"ReadAction\",\"target\":[\"https:\\\/\\\/www.krafthand.de\\\/truck\\\/artikel\\\/kunden-und-mitarbeiter-stehen-im-mittelpunkt-42956\\\/\"]}]},{\"@type\":\"ImageObject\",\"inLanguage\":\"de\",\"@id\":\"https:\\\/\\\/www.krafthand.de\\\/truck\\\/artikel\\\/kunden-und-mitarbeiter-stehen-im-mittelpunkt-42956\\\/#primaryimage\",\"url\":\"https:\\\/\\\/static.krafthand-truck.de\\\/uploads\\\/2025\\\/06\\\/02_2025_003_1.jpg\",\"contentUrl\":\"https:\\\/\\\/static.krafthand-truck.de\\\/uploads\\\/2025\\\/06\\\/02_2025_003_1.jpg\",\"width\":1400,\"height\":758,\"caption\":\"Die winkler Unternehmensgruppe hat ihren Hauptsitz in Stuttgart\\\/Feuerbach. Das Unternehmen erwirtschaftete im Jahr 2024 einen Umsatz von 592 Millionen Euro. Bilder: winkler\"},{\"@type\":\"BreadcrumbList\",\"@id\":\"https:\\\/\\\/www.krafthand.de\\\/truck\\\/artikel\\\/kunden-und-mitarbeiter-stehen-im-mittelpunkt-42956\\\/#breadcrumb\",\"itemListElement\":[{\"@type\":\"ListItem\",\"position\":1,\"name\":\"Krafthand-Truck\",\"item\":\"https:\\\/\\\/www.krafthand.de\\\/truck\\\/\"},{\"@type\":\"ListItem\",\"position\":2,\"name\":\"Nfz-Branche\",\"item\":\"https:\\\/\\\/www.krafthand.de\\\/truck\\\/kategorie\\\/branche\\\/\"},{\"@type\":\"ListItem\",\"position\":3,\"name\":\"K\u00f6pfe\\\/Personen\",\"item\":\"https:\\\/\\\/www.krafthand.de\\\/truck\\\/kategorie\\\/branche\\\/koepfe\\\/\"},{\"@type\":\"ListItem\",\"position\":4,\"name\":\"&#8222;Kunden und Mitarbeiter stehen im Mittelpunkt.&#8220;\"}]},{\"@type\":\"WebSite\",\"@id\":\"https:\\\/\\\/www.krafthand.de\\\/truck\\\/#website\",\"url\":\"https:\\\/\\\/www.krafthand.de\\\/truck\\\/\",\"name\":\"Krafthand-Truck\",\"description\":\"\",\"potentialAction\":[{\"@type\":\"SearchAction\",\"target\":{\"@type\":\"EntryPoint\",\"urlTemplate\":\"https:\\\/\\\/www.krafthand.de\\\/truck\\\/?s={search_term_string}\"},\"query-input\":{\"@type\":\"PropertyValueSpecification\",\"valueRequired\":true,\"valueName\":\"search_term_string\"}}],\"inLanguage\":\"de\"},{\"@type\":\"Person\",\"@id\":\"https:\\\/\\\/www.krafthand.de\\\/truck\\\/#\\\/schema\\\/person\\\/5e47d727209575a4b89376746e24f02f\",\"name\":\"Redaktion Truck\",\"image\":{\"@type\":\"ImageObject\",\"inLanguage\":\"de\",\"@id\":\"https:\\\/\\\/secure.gravatar.com\\\/avatar\\\/64cedf5d293ad6eb6600c19e949d032ff0090f240174891ab1517d73ead05c87?s=96&d=mm&r=g\",\"url\":\"https:\\\/\\\/secure.gravatar.com\\\/avatar\\\/64cedf5d293ad6eb6600c19e949d032ff0090f240174891ab1517d73ead05c87?s=96&d=mm&r=g\",\"contentUrl\":\"https:\\\/\\\/secure.gravatar.com\\\/avatar\\\/64cedf5d293ad6eb6600c19e949d032ff0090f240174891ab1517d73ead05c87?s=96&d=mm&r=g\",\"caption\":\"Redaktion Truck\"}}]}<\/script>\n<!-- \/ Yoast SEO plugin. -->","yoast_head_json":{"title":"Im Gespr\u00e4ch mit Markus Becker I winkler I Krafthand-Truck","description":"\"Kunden und Mitarbeiter stehen bei uns im Mittelpunkt\", so Markus Becker Gesch\u00e4ftsleiter Vertrieb bei winkler.","robots":{"index":"index","follow":"follow","max-snippet":"max-snippet:-1","max-image-preview":"max-image-preview:large","max-video-preview":"max-video-preview:-1"},"canonical":"https:\/\/www.krafthand.de\/truck\/artikel\/kunden-und-mitarbeiter-stehen-im-mittelpunkt-42956\/","og_locale":"de_DE","og_type":"article","og_title":"Im Gespr\u00e4ch mit Markus Becker I winkler I Krafthand-Truck","og_description":"\"Kunden und Mitarbeiter stehen bei uns im Mittelpunkt\", so Markus Becker Gesch\u00e4ftsleiter Vertrieb bei winkler.","og_url":"https:\/\/www.krafthand-truck.de\/artikel\/kunden-und-mitarbeiter-stehen-im-mittelpunkt-42956\/","og_site_name":"Krafthand-Truck","article_published_time":"2025-06-12T09:45:06+00:00","article_modified_time":"2025-06-12T09:47:11+00:00","og_image":[{"width":1400,"height":758,"url":"https:\/\/static.krafthand-truck.de\/uploads\/2025\/06\/02_2025_003_1.jpg","type":"image\/jpeg"}],"author":"Redaktion Truck","twitter_card":"summary_large_image","twitter_misc":{"Verfasst von":"Redaktion Truck","Gesch\u00e4tzte Lesezeit":"7\u00a0Minuten"},"schema":{"@context":"https:\/\/schema.org","@graph":[{"@type":"Article","@id":"https:\/\/www.krafthand.de\/truck\/artikel\/kunden-und-mitarbeiter-stehen-im-mittelpunkt-42956\/#article","isPartOf":{"@id":"https:\/\/www.krafthand.de\/truck\/artikel\/kunden-und-mitarbeiter-stehen-im-mittelpunkt-42956\/"},"author":{"name":"Redaktion Truck","@id":"https:\/\/www.krafthand.de\/truck\/#\/schema\/person\/5e47d727209575a4b89376746e24f02f"},"headline":"&#8222;Kunden und Mitarbeiter stehen im Mittelpunkt.&#8220;","datePublished":"2025-06-12T09:45:06+00:00","dateModified":"2025-06-12T09:47:11+00:00","mainEntityOfPage":{"@id":"https:\/\/www.krafthand.de\/truck\/artikel\/kunden-und-mitarbeiter-stehen-im-mittelpunkt-42956\/"},"wordCount":1048,"image":{"@id":"https:\/\/www.krafthand.de\/truck\/artikel\/kunden-und-mitarbeiter-stehen-im-mittelpunkt-42956\/#primaryimage"},"thumbnailUrl":"https:\/\/static.krafthand-truck.de\/uploads\/2025\/06\/02_2025_003_1.jpg","keywords":["Markus Becker","Teilehandel","Winkler"],"articleSection":["Ersatzteile\/Zubeh\u00f6r","K\u00f6pfe\/Personen","Unternehmen"],"inLanguage":"de"},{"@type":"WebPage","@id":"https:\/\/www.krafthand.de\/truck\/artikel\/kunden-und-mitarbeiter-stehen-im-mittelpunkt-42956\/","url":"https:\/\/www.krafthand.de\/truck\/artikel\/kunden-und-mitarbeiter-stehen-im-mittelpunkt-42956\/","name":"Im Gespr\u00e4ch mit Markus Becker I winkler I Krafthand-Truck","isPartOf":{"@id":"https:\/\/www.krafthand.de\/truck\/#website"},"primaryImageOfPage":{"@id":"https:\/\/www.krafthand.de\/truck\/artikel\/kunden-und-mitarbeiter-stehen-im-mittelpunkt-42956\/#primaryimage"},"image":{"@id":"https:\/\/www.krafthand.de\/truck\/artikel\/kunden-und-mitarbeiter-stehen-im-mittelpunkt-42956\/#primaryimage"},"thumbnailUrl":"https:\/\/static.krafthand-truck.de\/uploads\/2025\/06\/02_2025_003_1.jpg","datePublished":"2025-06-12T09:45:06+00:00","dateModified":"2025-06-12T09:47:11+00:00","author":{"@id":"https:\/\/www.krafthand.de\/truck\/#\/schema\/person\/5e47d727209575a4b89376746e24f02f"},"description":"\"Kunden und Mitarbeiter stehen bei uns im Mittelpunkt\", so Markus Becker Gesch\u00e4ftsleiter Vertrieb bei winkler.","breadcrumb":{"@id":"https:\/\/www.krafthand.de\/truck\/artikel\/kunden-und-mitarbeiter-stehen-im-mittelpunkt-42956\/#breadcrumb"},"inLanguage":"de","potentialAction":[{"@type":"ReadAction","target":["https:\/\/www.krafthand.de\/truck\/artikel\/kunden-und-mitarbeiter-stehen-im-mittelpunkt-42956\/"]}]},{"@type":"ImageObject","inLanguage":"de","@id":"https:\/\/www.krafthand.de\/truck\/artikel\/kunden-und-mitarbeiter-stehen-im-mittelpunkt-42956\/#primaryimage","url":"https:\/\/static.krafthand-truck.de\/uploads\/2025\/06\/02_2025_003_1.jpg","contentUrl":"https:\/\/static.krafthand-truck.de\/uploads\/2025\/06\/02_2025_003_1.jpg","width":1400,"height":758,"caption":"Die winkler Unternehmensgruppe hat ihren Hauptsitz in Stuttgart\/Feuerbach. Das Unternehmen erwirtschaftete im Jahr 2024 einen Umsatz von 592 Millionen Euro. Bilder: winkler"},{"@type":"BreadcrumbList","@id":"https:\/\/www.krafthand.de\/truck\/artikel\/kunden-und-mitarbeiter-stehen-im-mittelpunkt-42956\/#breadcrumb","itemListElement":[{"@type":"ListItem","position":1,"name":"Krafthand-Truck","item":"https:\/\/www.krafthand.de\/truck\/"},{"@type":"ListItem","position":2,"name":"Nfz-Branche","item":"https:\/\/www.krafthand.de\/truck\/kategorie\/branche\/"},{"@type":"ListItem","position":3,"name":"K\u00f6pfe\/Personen","item":"https:\/\/www.krafthand.de\/truck\/kategorie\/branche\/koepfe\/"},{"@type":"ListItem","position":4,"name":"&#8222;Kunden und Mitarbeiter stehen im Mittelpunkt.&#8220;"}]},{"@type":"WebSite","@id":"https:\/\/www.krafthand.de\/truck\/#website","url":"https:\/\/www.krafthand.de\/truck\/","name":"Krafthand-Truck","description":"","potentialAction":[{"@type":"SearchAction","target":{"@type":"EntryPoint","urlTemplate":"https:\/\/www.krafthand.de\/truck\/?s={search_term_string}"},"query-input":{"@type":"PropertyValueSpecification","valueRequired":true,"valueName":"search_term_string"}}],"inLanguage":"de"},{"@type":"Person","@id":"https:\/\/www.krafthand.de\/truck\/#\/schema\/person\/5e47d727209575a4b89376746e24f02f","name":"Redaktion Truck","image":{"@type":"ImageObject","inLanguage":"de","@id":"https:\/\/secure.gravatar.com\/avatar\/64cedf5d293ad6eb6600c19e949d032ff0090f240174891ab1517d73ead05c87?s=96&d=mm&r=g","url":"https:\/\/secure.gravatar.com\/avatar\/64cedf5d293ad6eb6600c19e949d032ff0090f240174891ab1517d73ead05c87?s=96&d=mm&r=g","contentUrl":"https:\/\/secure.gravatar.com\/avatar\/64cedf5d293ad6eb6600c19e949d032ff0090f240174891ab1517d73ead05c87?s=96&d=mm&r=g","caption":"Redaktion Truck"}}]}},"_links":{"self":[{"href":"https:\/\/www.krafthand.de\/truck\/wp-json\/wp\/v2\/posts\/42956","targetHints":{"allow":["GET"]}}],"collection":[{"href":"https:\/\/www.krafthand.de\/truck\/wp-json\/wp\/v2\/posts"}],"about":[{"href":"https:\/\/www.krafthand.de\/truck\/wp-json\/wp\/v2\/types\/post"}],"author":[{"embeddable":true,"href":"https:\/\/www.krafthand.de\/truck\/wp-json\/wp\/v2\/users\/11"}],"replies":[{"embeddable":true,"href":"https:\/\/www.krafthand.de\/truck\/wp-json\/wp\/v2\/comments?post=42956"}],"version-history":[{"count":10,"href":"https:\/\/www.krafthand.de\/truck\/wp-json\/wp\/v2\/posts\/42956\/revisions"}],"predecessor-version":[{"id":42972,"href":"https:\/\/www.krafthand.de\/truck\/wp-json\/wp\/v2\/posts\/42956\/revisions\/42972"}],"wp:featuredmedia":[{"embeddable":true,"href":"https:\/\/www.krafthand.de\/truck\/wp-json\/wp\/v2\/media\/42957"}],"wp:attachment":[{"href":"https:\/\/www.krafthand.de\/truck\/wp-json\/wp\/v2\/media?parent=42956"}],"wp:term":[{"taxonomy":"category","embeddable":true,"href":"https:\/\/www.krafthand.de\/truck\/wp-json\/wp\/v2\/categories?post=42956"},{"taxonomy":"post_tag","embeddable":true,"href":"https:\/\/www.krafthand.de\/truck\/wp-json\/wp\/v2\/tags?post=42956"},{"taxonomy":"settings","embeddable":true,"href":"https:\/\/www.krafthand.de\/truck\/wp-json\/wp\/v2\/settings?post=42956"}],"curies":[{"name":"wp","href":"https:\/\/api.w.org\/{rel}","templated":true}]}}