{"id":42951,"date":"2025-06-12T10:06:48","date_gmt":"2025-06-12T08:06:48","guid":{"rendered":"https:\/\/www.krafthand.de\/truck\/?p=42951"},"modified":"2025-06-12T10:23:16","modified_gmt":"2025-06-12T08:23:16","slug":"grosse-buehne-der-truck-grand-prix-auf-dem-nuerburgring","status":"publish","type":"post","link":"https:\/\/www.krafthand.de\/truck\/artikel\/grosse-buehne-der-truck-grand-prix-auf-dem-nuerburgring-42951\/","title":{"rendered":"Gro\u00dfe B\u00fchne &#8211; Der Truck-Grand-Prix auf dem N\u00fcrburgring"},"content":{"rendered":"<p>Der N\u00fcrburgring wird vom 11. bis 13. Juli erneut zur Kulisse f\u00fcr eines der spektakul\u00e4rsten Events des Jahres: Der 38. Internationale ADAC Truck-Grand-Prix vereint spannenden Motorsport mit einem vielf\u00e4ltigen Festivalprogramm und einer der gr\u00f6\u00dften Nutzfahrzeugmessen Europas.<\/p>\n<h3>ETCR, Dutch Truck Racing Serie, ADAC GT Masters<\/h3>\n<p>Im Mittelpunkt stehen die Rennen der Goodyear FIA European Truck Racing Championship (ETRC). Die K\u00f6nigsklasse des Truck-Racings bietet spektakul\u00e4re Zweik\u00e4mpfe mit mehr als 1.000 PS starken Race-Trucks. Der Veranstalter, der ADAC Mittelrhein e.V., m\u00f6chte auch Ma\u00dfst\u00e4be in Sachen Klimaschutz setzen. Bereits seit 2021 fahren alle Teams mit 100 Prozent nachhaltigem HVO-Kraftstoff (Hydriertes Pflanzen\u00f6l), der die CO2-Emissionen um bis zu 90 Prozent senkt. Die ETRC ist damit die erste internationale FIA-Rennserie, die vollst\u00e4ndig auf alternative Kraftstoffe umgestellt hat.<\/p>\n<p>Mit dabei sind auch wieder die deutschen Top-Fahrer Jochen Hahn und Sascha Lenz, die sich 2024 knapp hinter dem Champion Norbert Kiss (Ungarn) platzierten. Zus\u00e4tzlich d\u00fcrfen sich Fans auf die popul\u00e4re Dutch Truck Racing Serie im Rahmen des Mittelrhein-Cups freuen. Ebenfalls am Start: die ADAC GT Masters, die mit Supersportwagen von Lamborghini, Porsche, Mercedes-AMG oder McLaren ein Kontrastprogramm zu den Race-Trucks liefern, und ebenfalls mit HVO-Kraftstoff unterwegs sind.<\/p>\n<h3>Premiere f\u00fcr Truck Efficiency Run<\/h3>\n<p>Mit dem Truck Efficiency Run (TER) startet der Promoter der Goodyear FIA European Truck Racing Championship (ETRC) erstmalig einen Wettbewerb, der die L\u00fccke zwischen Stra\u00dfenverkehr und Motorsport schlie\u00dft und gleichzeitig die Rolle der Berufskraftfahrer f\u00fcr eine nachhaltige Zukunft in den Fokus r\u00fccken soll. Beim \u201aTruck Efficiency run powered by Krone\u2018 geht es nicht darum, wer am schnellsten ist, sondern wer am effizientesten f\u00e4hrt. Die Veranstaltung findet am 10. Juli auf der Nordschleife statt. Dabei treten die Teilnehmenden in verschiedenen Technologiekategorien an, darunter klassische dieselbetriebene Lkw sowie moderne Elektro- und Wasserstofffahrzeuge. Infos zum Wettbewerb sind unter www.truckefficiencyrun.com abrufbar.<\/p>\n<h3>Messe, Job-Expo und Symposium<\/h3>\n<p>Parallel zur Renn-Action findet im Fahrerlager eine der gr\u00f6\u00dften Fachmessen der Nutzfahrzeugindustrie statt. Auf \u00fcber 10.000 Quadratmetern pr\u00e4sentieren Hersteller, Zulieferer und Logistikunternehmen ihre Innovationen, welche die nachhaltige Mobilit\u00e4t von morgen erlebbar machen.<\/p>\n<p>Ein zentrales Branchenevent ist das ADAC\/T\u00dcV Rheinland Truck-Symposium, das am Freitag, 11. Juli zum 18. Mal stattfindet. Unter dem Titel \u201aTransformation in der Transportlogistik: Theorie trifft Praxis!\u2018 diskutieren Entscheider aus Politik, Wirtschaft und Forschung unter anderem die Transformation des Fuhrparks. Anmeldungen sind \u00fcber www.trucksymposium.de m\u00f6glich.<\/p>\n<p>Dem Fachkr\u00e4ftemangel begegnet der ADAC Mittelrhein e.V. gemeinsam mit dem N\u00fcrburgring mit der <a href=\"https:\/\/truck-grand-prix.de\" target=\"_blank\" rel=\"noopener\">ADAC Truck-Grand-Prix<\/a> Job-Expo, die Nachwuchstalente und Unternehmen zusammenbringt. Sie findet von Freitag bis Sonntag jeweils von 10 bis 16 Uhr im Ring-Boulevard statt. Der Eintritt ist frei.<\/p>\n<p><i>Den Beitrag finden Sie auch in der Print-Ausgabe 2-2025 der <a href=\"https:\/\/www.krafthand.de\/truck\/magazin\/\" title=\"Zum Magazin\">Krafthand-Truck<\/a>.<\/i><\/p>\r\n\t\t\t\t<div class=\"post-author\">\r\n\t\t\t\t\t<div class=\"khm-cp-author clearfix\">\r\n\t\t\t\t\t\t<div class=\"khm-cp-author__content\">\r\n\t\t\t\t\t\t\t\tKontakt zum Autor:<br \/>\r\n\t\t\t\t\t\t\t\t<strong>Georg Blenk<\/strong>, 08247 \/ 3007-45 |  <a href=\"mailto:georg.blenk@krafthand-medien.de\">georg.blenk@krafthand-medien.de<\/a>\r\n\t\t\t\t\t\t\t<div class=\"khm-cp-author__image\">\r\n\t\t\t\t\t\t<img src=\"https:\/\/static.krafthand-truck.de\/uploads\/2021\/01\/Blenk_6104-250x300-1-removebg-preview.png\" class=\"img-responsive\">\r\n\t\t\t\t\t<\/div>\r\n\t\t\t\t\t\t<\/div>\r\n\t\t\t\t\t<\/div>\r\n\t\t\t\t<\/div>\r\n\t\t\t\t","protected":false},"excerpt":{"rendered":"<p>Der N\u00fcrburgring wird vom 11. bis 13. Juli erneut zur Kulisse f\u00fcr eines der spektakul\u00e4rsten Events des Jahres: Der 38. Internationale ADAC Truck-Grand-Prix vereint spannenden Motorsport mit einem vielf\u00e4ltigen Festivalprogramm und einer der gr\u00f6\u00dften Nutzfahrzeugmessen Europas. <span class=\"excerpt-more__dots\">&#8230;<\/span> <a class=\"excerpt-more__link\" href=\"https:\/\/www.krafthand.de\/truck\/artikel\/grosse-buehne-der-truck-grand-prix-auf-dem-nuerburgring-42951\/\" >weiter<\/a><\/p>\n","protected":false},"author":11,"featured_media":42952,"comment_status":"closed","ping_status":"closed","sticky":false,"template":"","format":"standard","meta":{"footnotes":""},"categories":[4236],"tags":[146,145],"settings":[3524,3523],"class_list":["post-42951","post","type-post","status-publish","format-standard","has-post-thumbnail","hentry","category-veranstaltungen","tag-nuerburgring","tag-truck-grand-prix"],"yoast_head":"<!-- This site is optimized with the Yoast SEO plugin v27.3 - https:\/\/yoast.com\/product\/yoast-seo-wordpress\/ -->\n<title>Gro\u00dfe B\u00fchne - Der Truck-Grand-Prix auf dem N\u00fcrburgring - Krafthand-Truck<\/title>\n<meta name=\"description\" content=\"Der 38. Internationale ADAC Truck-Grand-Prix vereint Motorsport mit einem vielf\u00e4ltigen Festivalprogramm und einer Nutzfahrzeugmesse.\" \/>\n<meta name=\"robots\" content=\"index, follow, max-snippet:-1, max-image-preview:large, max-video-preview:-1\" \/>\n<link rel=\"canonical\" href=\"https:\/\/www.krafthand.de\/truck\/artikel\/grosse-buehne-der-truck-grand-prix-auf-dem-nuerburgring-42951\/\" \/>\n<meta property=\"og:locale\" content=\"de_DE\" \/>\n<meta property=\"og:type\" content=\"article\" \/>\n<meta property=\"og:title\" content=\"Gro\u00dfe B\u00fchne - Der Truck-Grand-Prix auf dem N\u00fcrburgring - Krafthand-Truck\" \/>\n<meta property=\"og:description\" content=\"Der 38. Internationale ADAC Truck-Grand-Prix vereint Motorsport mit einem vielf\u00e4ltigen Festivalprogramm und einer Nutzfahrzeugmesse.\" \/>\n<meta property=\"og:url\" content=\"https:\/\/www.krafthand-truck.de\/artikel\/grosse-buehne-der-truck-grand-prix-auf-dem-nuerburgring-42951\/\" \/>\n<meta property=\"og:site_name\" content=\"Krafthand-Truck\" \/>\n<meta property=\"article:published_time\" content=\"2025-06-12T08:06:48+00:00\" \/>\n<meta property=\"article:modified_time\" content=\"2025-06-12T08:23:16+00:00\" \/>\n<meta property=\"og:image\" content=\"https:\/\/static.krafthand-truck.de\/uploads\/2025\/06\/02_2025_018.jpg\" \/>\n\t<meta property=\"og:image:width\" content=\"1400\" \/>\n\t<meta property=\"og:image:height\" content=\"640\" \/>\n\t<meta property=\"og:image:type\" content=\"image\/jpeg\" \/>\n<meta name=\"author\" content=\"Redaktion Truck\" \/>\n<meta name=\"twitter:card\" content=\"summary_large_image\" \/>\n<meta name=\"twitter:label1\" content=\"Verfasst von\" \/>\n\t<meta name=\"twitter:data1\" content=\"Redaktion Truck\" \/>\n\t<meta name=\"twitter:label2\" content=\"Gesch\u00e4tzte Lesezeit\" \/>\n\t<meta name=\"twitter:data2\" content=\"3\u00a0Minuten\" \/>\n<script type=\"application\/ld+json\" class=\"yoast-schema-graph\">{\"@context\":\"https:\\\/\\\/schema.org\",\"@graph\":[{\"@type\":\"Article\",\"@id\":\"https:\\\/\\\/www.krafthand.de\\\/truck\\\/artikel\\\/grosse-buehne-der-truck-grand-prix-auf-dem-nuerburgring-42951\\\/#article\",\"isPartOf\":{\"@id\":\"https:\\\/\\\/www.krafthand.de\\\/truck\\\/artikel\\\/grosse-buehne-der-truck-grand-prix-auf-dem-nuerburgring-42951\\\/\"},\"author\":{\"name\":\"Redaktion Truck\",\"@id\":\"https:\\\/\\\/www.krafthand.de\\\/truck\\\/#\\\/schema\\\/person\\\/5e47d727209575a4b89376746e24f02f\"},\"headline\":\"Gro\u00dfe B\u00fchne &#8211; Der Truck-Grand-Prix auf dem N\u00fcrburgring\",\"datePublished\":\"2025-06-12T08:06:48+00:00\",\"dateModified\":\"2025-06-12T08:23:16+00:00\",\"mainEntityOfPage\":{\"@id\":\"https:\\\/\\\/www.krafthand.de\\\/truck\\\/artikel\\\/grosse-buehne-der-truck-grand-prix-auf-dem-nuerburgring-42951\\\/\"},\"wordCount\":447,\"image\":{\"@id\":\"https:\\\/\\\/www.krafthand.de\\\/truck\\\/artikel\\\/grosse-buehne-der-truck-grand-prix-auf-dem-nuerburgring-42951\\\/#primaryimage\"},\"thumbnailUrl\":\"https:\\\/\\\/static.krafthand-truck.de\\\/uploads\\\/2025\\\/06\\\/02_2025_018.jpg\",\"keywords\":[\"N\u00fcrburgring\",\"Truck-Grand-Prix\"],\"articleSection\":[\"Veranstaltungen\\\/Messen\"],\"inLanguage\":\"de\"},{\"@type\":\"WebPage\",\"@id\":\"https:\\\/\\\/www.krafthand.de\\\/truck\\\/artikel\\\/grosse-buehne-der-truck-grand-prix-auf-dem-nuerburgring-42951\\\/\",\"url\":\"https:\\\/\\\/www.krafthand.de\\\/truck\\\/artikel\\\/grosse-buehne-der-truck-grand-prix-auf-dem-nuerburgring-42951\\\/\",\"name\":\"Gro\u00dfe B\u00fchne - Der Truck-Grand-Prix auf dem N\u00fcrburgring - Krafthand-Truck\",\"isPartOf\":{\"@id\":\"https:\\\/\\\/www.krafthand.de\\\/truck\\\/#website\"},\"primaryImageOfPage\":{\"@id\":\"https:\\\/\\\/www.krafthand.de\\\/truck\\\/artikel\\\/grosse-buehne-der-truck-grand-prix-auf-dem-nuerburgring-42951\\\/#primaryimage\"},\"image\":{\"@id\":\"https:\\\/\\\/www.krafthand.de\\\/truck\\\/artikel\\\/grosse-buehne-der-truck-grand-prix-auf-dem-nuerburgring-42951\\\/#primaryimage\"},\"thumbnailUrl\":\"https:\\\/\\\/static.krafthand-truck.de\\\/uploads\\\/2025\\\/06\\\/02_2025_018.jpg\",\"datePublished\":\"2025-06-12T08:06:48+00:00\",\"dateModified\":\"2025-06-12T08:23:16+00:00\",\"author\":{\"@id\":\"https:\\\/\\\/www.krafthand.de\\\/truck\\\/#\\\/schema\\\/person\\\/5e47d727209575a4b89376746e24f02f\"},\"description\":\"Der 38. Internationale ADAC Truck-Grand-Prix vereint Motorsport mit einem vielf\u00e4ltigen Festivalprogramm und einer Nutzfahrzeugmesse.\",\"breadcrumb\":{\"@id\":\"https:\\\/\\\/www.krafthand.de\\\/truck\\\/artikel\\\/grosse-buehne-der-truck-grand-prix-auf-dem-nuerburgring-42951\\\/#breadcrumb\"},\"inLanguage\":\"de\",\"potentialAction\":[{\"@type\":\"ReadAction\",\"target\":[\"https:\\\/\\\/www.krafthand.de\\\/truck\\\/artikel\\\/grosse-buehne-der-truck-grand-prix-auf-dem-nuerburgring-42951\\\/\"]}]},{\"@type\":\"ImageObject\",\"inLanguage\":\"de\",\"@id\":\"https:\\\/\\\/www.krafthand.de\\\/truck\\\/artikel\\\/grosse-buehne-der-truck-grand-prix-auf-dem-nuerburgring-42951\\\/#primaryimage\",\"url\":\"https:\\\/\\\/static.krafthand-truck.de\\\/uploads\\\/2025\\\/06\\\/02_2025_018.jpg\",\"contentUrl\":\"https:\\\/\\\/static.krafthand-truck.de\\\/uploads\\\/2025\\\/06\\\/02_2025_018.jpg\",\"width\":1400,\"height\":640,\"caption\":\"Bild: ADAC Mittelrhein e.V.\"},{\"@type\":\"BreadcrumbList\",\"@id\":\"https:\\\/\\\/www.krafthand.de\\\/truck\\\/artikel\\\/grosse-buehne-der-truck-grand-prix-auf-dem-nuerburgring-42951\\\/#breadcrumb\",\"itemListElement\":[{\"@type\":\"ListItem\",\"position\":1,\"name\":\"Krafthand-Truck\",\"item\":\"https:\\\/\\\/www.krafthand.de\\\/truck\\\/\"},{\"@type\":\"ListItem\",\"position\":2,\"name\":\"Nfz-Branche\",\"item\":\"https:\\\/\\\/www.krafthand.de\\\/truck\\\/kategorie\\\/branche\\\/\"},{\"@type\":\"ListItem\",\"position\":3,\"name\":\"Veranstaltungen\\\/Messen\",\"item\":\"https:\\\/\\\/www.krafthand.de\\\/truck\\\/kategorie\\\/branche\\\/veranstaltungen\\\/\"},{\"@type\":\"ListItem\",\"position\":4,\"name\":\"Gro\u00dfe B\u00fchne &#8211; Der Truck-Grand-Prix auf dem N\u00fcrburgring\"}]},{\"@type\":\"WebSite\",\"@id\":\"https:\\\/\\\/www.krafthand.de\\\/truck\\\/#website\",\"url\":\"https:\\\/\\\/www.krafthand.de\\\/truck\\\/\",\"name\":\"Krafthand-Truck\",\"description\":\"\",\"potentialAction\":[{\"@type\":\"SearchAction\",\"target\":{\"@type\":\"EntryPoint\",\"urlTemplate\":\"https:\\\/\\\/www.krafthand.de\\\/truck\\\/?s={search_term_string}\"},\"query-input\":{\"@type\":\"PropertyValueSpecification\",\"valueRequired\":true,\"valueName\":\"search_term_string\"}}],\"inLanguage\":\"de\"},{\"@type\":\"Person\",\"@id\":\"https:\\\/\\\/www.krafthand.de\\\/truck\\\/#\\\/schema\\\/person\\\/5e47d727209575a4b89376746e24f02f\",\"name\":\"Redaktion Truck\",\"image\":{\"@type\":\"ImageObject\",\"inLanguage\":\"de\",\"@id\":\"https:\\\/\\\/secure.gravatar.com\\\/avatar\\\/64cedf5d293ad6eb6600c19e949d032ff0090f240174891ab1517d73ead05c87?s=96&d=mm&r=g\",\"url\":\"https:\\\/\\\/secure.gravatar.com\\\/avatar\\\/64cedf5d293ad6eb6600c19e949d032ff0090f240174891ab1517d73ead05c87?s=96&d=mm&r=g\",\"contentUrl\":\"https:\\\/\\\/secure.gravatar.com\\\/avatar\\\/64cedf5d293ad6eb6600c19e949d032ff0090f240174891ab1517d73ead05c87?s=96&d=mm&r=g\",\"caption\":\"Redaktion Truck\"}}]}<\/script>\n<!-- \/ Yoast SEO plugin. -->","yoast_head_json":{"title":"Gro\u00dfe B\u00fchne - Der Truck-Grand-Prix auf dem N\u00fcrburgring - Krafthand-Truck","description":"Der 38. Internationale ADAC Truck-Grand-Prix vereint Motorsport mit einem vielf\u00e4ltigen Festivalprogramm und einer Nutzfahrzeugmesse.","robots":{"index":"index","follow":"follow","max-snippet":"max-snippet:-1","max-image-preview":"max-image-preview:large","max-video-preview":"max-video-preview:-1"},"canonical":"https:\/\/www.krafthand.de\/truck\/artikel\/grosse-buehne-der-truck-grand-prix-auf-dem-nuerburgring-42951\/","og_locale":"de_DE","og_type":"article","og_title":"Gro\u00dfe B\u00fchne - Der Truck-Grand-Prix auf dem N\u00fcrburgring - Krafthand-Truck","og_description":"Der 38. Internationale ADAC Truck-Grand-Prix vereint Motorsport mit einem vielf\u00e4ltigen Festivalprogramm und einer Nutzfahrzeugmesse.","og_url":"https:\/\/www.krafthand-truck.de\/artikel\/grosse-buehne-der-truck-grand-prix-auf-dem-nuerburgring-42951\/","og_site_name":"Krafthand-Truck","article_published_time":"2025-06-12T08:06:48+00:00","article_modified_time":"2025-06-12T08:23:16+00:00","og_image":[{"width":1400,"height":640,"url":"https:\/\/static.krafthand-truck.de\/uploads\/2025\/06\/02_2025_018.jpg","type":"image\/jpeg"}],"author":"Redaktion Truck","twitter_card":"summary_large_image","twitter_misc":{"Verfasst von":"Redaktion Truck","Gesch\u00e4tzte Lesezeit":"3\u00a0Minuten"},"schema":{"@context":"https:\/\/schema.org","@graph":[{"@type":"Article","@id":"https:\/\/www.krafthand.de\/truck\/artikel\/grosse-buehne-der-truck-grand-prix-auf-dem-nuerburgring-42951\/#article","isPartOf":{"@id":"https:\/\/www.krafthand.de\/truck\/artikel\/grosse-buehne-der-truck-grand-prix-auf-dem-nuerburgring-42951\/"},"author":{"name":"Redaktion Truck","@id":"https:\/\/www.krafthand.de\/truck\/#\/schema\/person\/5e47d727209575a4b89376746e24f02f"},"headline":"Gro\u00dfe B\u00fchne &#8211; Der Truck-Grand-Prix auf dem N\u00fcrburgring","datePublished":"2025-06-12T08:06:48+00:00","dateModified":"2025-06-12T08:23:16+00:00","mainEntityOfPage":{"@id":"https:\/\/www.krafthand.de\/truck\/artikel\/grosse-buehne-der-truck-grand-prix-auf-dem-nuerburgring-42951\/"},"wordCount":447,"image":{"@id":"https:\/\/www.krafthand.de\/truck\/artikel\/grosse-buehne-der-truck-grand-prix-auf-dem-nuerburgring-42951\/#primaryimage"},"thumbnailUrl":"https:\/\/static.krafthand-truck.de\/uploads\/2025\/06\/02_2025_018.jpg","keywords":["N\u00fcrburgring","Truck-Grand-Prix"],"articleSection":["Veranstaltungen\/Messen"],"inLanguage":"de"},{"@type":"WebPage","@id":"https:\/\/www.krafthand.de\/truck\/artikel\/grosse-buehne-der-truck-grand-prix-auf-dem-nuerburgring-42951\/","url":"https:\/\/www.krafthand.de\/truck\/artikel\/grosse-buehne-der-truck-grand-prix-auf-dem-nuerburgring-42951\/","name":"Gro\u00dfe B\u00fchne - Der Truck-Grand-Prix auf dem N\u00fcrburgring - Krafthand-Truck","isPartOf":{"@id":"https:\/\/www.krafthand.de\/truck\/#website"},"primaryImageOfPage":{"@id":"https:\/\/www.krafthand.de\/truck\/artikel\/grosse-buehne-der-truck-grand-prix-auf-dem-nuerburgring-42951\/#primaryimage"},"image":{"@id":"https:\/\/www.krafthand.de\/truck\/artikel\/grosse-buehne-der-truck-grand-prix-auf-dem-nuerburgring-42951\/#primaryimage"},"thumbnailUrl":"https:\/\/static.krafthand-truck.de\/uploads\/2025\/06\/02_2025_018.jpg","datePublished":"2025-06-12T08:06:48+00:00","dateModified":"2025-06-12T08:23:16+00:00","author":{"@id":"https:\/\/www.krafthand.de\/truck\/#\/schema\/person\/5e47d727209575a4b89376746e24f02f"},"description":"Der 38. Internationale ADAC Truck-Grand-Prix vereint Motorsport mit einem vielf\u00e4ltigen Festivalprogramm und einer Nutzfahrzeugmesse.","breadcrumb":{"@id":"https:\/\/www.krafthand.de\/truck\/artikel\/grosse-buehne-der-truck-grand-prix-auf-dem-nuerburgring-42951\/#breadcrumb"},"inLanguage":"de","potentialAction":[{"@type":"ReadAction","target":["https:\/\/www.krafthand.de\/truck\/artikel\/grosse-buehne-der-truck-grand-prix-auf-dem-nuerburgring-42951\/"]}]},{"@type":"ImageObject","inLanguage":"de","@id":"https:\/\/www.krafthand.de\/truck\/artikel\/grosse-buehne-der-truck-grand-prix-auf-dem-nuerburgring-42951\/#primaryimage","url":"https:\/\/static.krafthand-truck.de\/uploads\/2025\/06\/02_2025_018.jpg","contentUrl":"https:\/\/static.krafthand-truck.de\/uploads\/2025\/06\/02_2025_018.jpg","width":1400,"height":640,"caption":"Bild: ADAC Mittelrhein e.V."},{"@type":"BreadcrumbList","@id":"https:\/\/www.krafthand.de\/truck\/artikel\/grosse-buehne-der-truck-grand-prix-auf-dem-nuerburgring-42951\/#breadcrumb","itemListElement":[{"@type":"ListItem","position":1,"name":"Krafthand-Truck","item":"https:\/\/www.krafthand.de\/truck\/"},{"@type":"ListItem","position":2,"name":"Nfz-Branche","item":"https:\/\/www.krafthand.de\/truck\/kategorie\/branche\/"},{"@type":"ListItem","position":3,"name":"Veranstaltungen\/Messen","item":"https:\/\/www.krafthand.de\/truck\/kategorie\/branche\/veranstaltungen\/"},{"@type":"ListItem","position":4,"name":"Gro\u00dfe B\u00fchne &#8211; Der Truck-Grand-Prix auf dem N\u00fcrburgring"}]},{"@type":"WebSite","@id":"https:\/\/www.krafthand.de\/truck\/#website","url":"https:\/\/www.krafthand.de\/truck\/","name":"Krafthand-Truck","description":"","potentialAction":[{"@type":"SearchAction","target":{"@type":"EntryPoint","urlTemplate":"https:\/\/www.krafthand.de\/truck\/?s={search_term_string}"},"query-input":{"@type":"PropertyValueSpecification","valueRequired":true,"valueName":"search_term_string"}}],"inLanguage":"de"},{"@type":"Person","@id":"https:\/\/www.krafthand.de\/truck\/#\/schema\/person\/5e47d727209575a4b89376746e24f02f","name":"Redaktion Truck","image":{"@type":"ImageObject","inLanguage":"de","@id":"https:\/\/secure.gravatar.com\/avatar\/64cedf5d293ad6eb6600c19e949d032ff0090f240174891ab1517d73ead05c87?s=96&d=mm&r=g","url":"https:\/\/secure.gravatar.com\/avatar\/64cedf5d293ad6eb6600c19e949d032ff0090f240174891ab1517d73ead05c87?s=96&d=mm&r=g","contentUrl":"https:\/\/secure.gravatar.com\/avatar\/64cedf5d293ad6eb6600c19e949d032ff0090f240174891ab1517d73ead05c87?s=96&d=mm&r=g","caption":"Redaktion Truck"}}]}},"_links":{"self":[{"href":"https:\/\/www.krafthand.de\/truck\/wp-json\/wp\/v2\/posts\/42951","targetHints":{"allow":["GET"]}}],"collection":[{"href":"https:\/\/www.krafthand.de\/truck\/wp-json\/wp\/v2\/posts"}],"about":[{"href":"https:\/\/www.krafthand.de\/truck\/wp-json\/wp\/v2\/types\/post"}],"author":[{"embeddable":true,"href":"https:\/\/www.krafthand.de\/truck\/wp-json\/wp\/v2\/users\/11"}],"replies":[{"embeddable":true,"href":"https:\/\/www.krafthand.de\/truck\/wp-json\/wp\/v2\/comments?post=42951"}],"version-history":[{"count":3,"href":"https:\/\/www.krafthand.de\/truck\/wp-json\/wp\/v2\/posts\/42951\/revisions"}],"predecessor-version":[{"id":42955,"href":"https:\/\/www.krafthand.de\/truck\/wp-json\/wp\/v2\/posts\/42951\/revisions\/42955"}],"wp:featuredmedia":[{"embeddable":true,"href":"https:\/\/www.krafthand.de\/truck\/wp-json\/wp\/v2\/media\/42952"}],"wp:attachment":[{"href":"https:\/\/www.krafthand.de\/truck\/wp-json\/wp\/v2\/media?parent=42951"}],"wp:term":[{"taxonomy":"category","embeddable":true,"href":"https:\/\/www.krafthand.de\/truck\/wp-json\/wp\/v2\/categories?post=42951"},{"taxonomy":"post_tag","embeddable":true,"href":"https:\/\/www.krafthand.de\/truck\/wp-json\/wp\/v2\/tags?post=42951"},{"taxonomy":"settings","embeddable":true,"href":"https:\/\/www.krafthand.de\/truck\/wp-json\/wp\/v2\/settings?post=42951"}],"curies":[{"name":"wp","href":"https:\/\/api.w.org\/{rel}","templated":true}]}}