{"id":42926,"date":"2025-06-11T10:31:47","date_gmt":"2025-06-11T08:31:47","guid":{"rendered":"https:\/\/www.krafthand.de\/truck\/?p=42926"},"modified":"2025-06-12T09:56:16","modified_gmt":"2025-06-12T07:56:16","slug":"wir-moechten-in-den-kommenden-jahren-weiter-wachsen","status":"publish","type":"post","link":"https:\/\/www.krafthand.de\/truck\/artikel\/wir-moechten-in-den-kommenden-jahren-weiter-wachsen-42926\/","title":{"rendered":"\u201eWir m\u00f6chten in den kommenden Jahren weiter wachsen.\u201c"},"content":{"rendered":"<p>Die Prometeon Tyre Group ist ein Reifenhersteller f\u00fcr den kommerziellen (einschlie\u00dflich G\u00fcter- und Personentransport), landwirtschaftlichen und Offroad-Bereich. Unter den f\u00fchrenden Marktteilnehmern ist Prometeon der einzige Reifenhersteller der Welt, der sich vollst\u00e4ndig auf diese Segmente konzentriert. Prometeon wurde 2017 als Spin-off der Industrieabteilung von Pirelli Tyre gegr\u00fcndet. Im Laufe der Jahre hat die Gruppe einen eigenst\u00e4ndigen Weg als Reifenhersteller eingeschlagen und gefestigt, von der Entwicklung und Produktion neuer Produkte bis hin zur Vertriebsphase.<\/p>\n<p>Das Unternehmensportfolio umfasst ein Mehrmarkenangebot, zu dem unter anderem Prometeon, Pirelli, Formula, Pharos und Anteo geh\u00f6ren. In den vergangenen Jahren war das Pirelli-Logo noch auf den Reifen zu sehen. Seit 2022 wird es von dem Logo \u201aPrometeon Engineered\u2018 flankiert. Nach dieser \u00dcbergangsphase konzentriert sich Prometeon seit dem letzten Jahr auf seine eigene Produktmarke und erweitert sein Portfolio an Lkw- und Trailer-Reifen der Marke <a href=\"https:\/\/www.prometeon.com\/DE\/de_DE\" target=\"_blank\" rel=\"noopener\">Prometeon<\/a>. Wir sprachen mit Tino Schunath, Managing Director der DACH-Region, \u00fcber die Markteinf\u00fchrungsstrategie.<\/p>\n<p class=\"text-question\">Herr Schunath, im Fr\u00fchjahr 2024 pr\u00e4sentierte Prometeon die neue Reifenserie 02, erstmals ausschlie\u00dflich unter der eigenen Marke, ohne Pirelli-Schriftzug. Wie sieht die Markteinf\u00fchrungsstrategie in Deutschland, \u00d6sterreich und der Schweiz aus?<\/p><p class=\"text-answer\"><\/p>\n<p>Nach der offiziellen Einf\u00fchrungsveranstaltung in Istanbul im Oktober 2024, sind die ersten Prometeon-Reifen seit dem vierten Quartal 2024 in der DACH-Region verf\u00fcgbar. Die bisherige Serie 02 \u201aPrometeon Engineered\u2018 wird nach und nach durch die \u00c4quivalente der neuen Serie 02 mit Prometeon-Branding ersetzt, sodass auch in diesem Jahr \u00fcber die Quartale hinweg weitere Prometeon-Reifen auf den Markt in Deutschland, \u00d6sterreich und der Schweiz kommen werden.<\/p>\n<p class=\"text-question\">Hinter jeder Marke steht ein Markenversprechen. Wof\u00fcr steht Prometeon?<\/p><p class=\"text-answer\"><\/p>\n<figure id=\"attachment_42928\" aria-describedby=\"caption-attachment-42928\" style=\"width: 420px\" class=\"wp-caption alignleft\"><a href=\"https:\/\/static.krafthand-truck.de\/uploads\/2025\/06\/02_2025_020_2.jpg\" target=\"_blank\" rel=\"noopener\"><img fetchpriority=\"high\" decoding=\"async\" class=\"wp-image-42928\" src=\"https:\/\/static.krafthand-truck.de\/uploads\/2025\/06\/02_2025_020_2-300x208.jpg\" alt=\"\" width=\"420\" height=\"292\" srcset=\"https:\/\/static.krafthand-truck.de\/uploads\/2025\/06\/02_2025_020_2-300x208.jpg 300w, https:\/\/static.krafthand-truck.de\/uploads\/2025\/06\/02_2025_020_2-1024x711.jpg 1024w, https:\/\/static.krafthand-truck.de\/uploads\/2025\/06\/02_2025_020_2-768x533.jpg 768w, https:\/\/static.krafthand-truck.de\/uploads\/2025\/06\/02_2025_020_2-1320x916.jpg 1320w, https:\/\/static.krafthand-truck.de\/uploads\/2025\/06\/02_2025_020_2.jpg 1400w\" sizes=\"(max-width: 420px) 100vw, 420px\" \/><\/a><figcaption id=\"caption-attachment-42928\" class=\"wp-caption-text\">Prometeon R02 \u2013 Pro-Trailer: Der Reifen verf\u00fcgt \u00fcber eine verst\u00e4rkte Karkassen-Konstruktion und bietet eine erh\u00f6hte Tragf\u00e4higkeit von bis zu 10 Tonnen. Bild: Georg Blenk<\/figcaption><\/figure>\n<p>Die Umbenennung unserer Produkte von Pirelli in Prometeon war eine strategische Entscheidung, die die starke und unabh\u00e4ngige Identit\u00e4t unterstreicht, die wir im Laufe der Jahre entwickelt haben. Diese \u00c4nderung geht weit \u00fcber den Namen hinaus: Sie markiert eine vollst\u00e4ndige Entwicklung der Unternehmensidentit\u00e4t und st\u00e4rkt die internationale Positionierung des Unternehmens weiter. Die neue Serie 02 unter der Marke Prometeon steht konkret f\u00fcr das Engagement des Unternehmens f\u00fcr Innovation, Nachhaltigkeit und Zuverl\u00e4ssigkeit. Diese Reifen wurden entwickelt, um die Betriebseffizienz von Fuhrparks weiter zu optimieren und die Umweltbelastung zu reduzieren, mit dem letztendlichen Ziel, die Zufriedenheit der Kunden effektiv zu steigern.<\/p>\n<p class=\"text-question\">Prometeon engagiert sich als Official-Partner bei der Superbike-WM (SBK) oder auch bei der Rallye-Dakar. Weitere Sponsorings sind in Planung. Es geht also um Performance, Qualit\u00e4t und Dauerhaltbarkeit?<\/p><p class=\"text-answer\"><\/p>\n<p>Reifen der Marke Prometeon werden mit den neuesten, von der Prometeon Tyre Group entwickelten Technologien entwickelt und hergestellt. Seit 2017 haben wir insgesamt 600 Millionen Euro in Produktion und Technologie investiert, die Zahl unserer F&amp;E-Mitarbeiter verdoppelt und unsere Innovationskapazit\u00e4t erh\u00f6ht. Prometeon investiert jedes Jahr etwa drei Prozent seines Umsatzes in Forschung und Entwicklung. Diese Investitionen zielen darauf ab, ein konstantes und nachhaltiges Wachstum zu unterst\u00fctzen: Das F&amp;E-Team der Gruppe ist bestrebt, den \u00f6kologischen Fu\u00dfabdruck deutlich zu reduzieren und gleichzeitig sicherzustellen, dass unsere Reifen weiterhin die au\u00dfergew\u00f6hnliche Leistung, Langlebigkeit und Zuverl\u00e4ssigkeit bieten, auf die unsere Kunden vertrauen.<\/p>\n<p class=\"text-question\">Gibt es noch weitere Unterscheidungsmerkmale, die Sie vom Wettbewerb differenzieren \u2013 der Nutzfahrzeug-Reifenmarkt ist hart umk\u00e4mpft?<\/p><p class=\"text-answer\"><\/p>\n<p>Die Reifenindustrie ist definitiv komplex und hart umk\u00e4mpft. Es ist schwer, in einem einzigen Aspekt zusammenzufassen, was Prometeon von seinen Mitbewerbern unterscheidet, denn es ist die Summe aller bisher genannten Aspekte. Dazu geh\u00f6rt ein starker Fokus auf Nachhaltigkeit, auf die kontinuierliche Produktforschung, um immer leistungsf\u00e4higere L\u00f6sungen anbieten zu k\u00f6nnen. Auch unsere Beteiligung an vertikalen Sponsorships (zum Beispiel Martin Macik oder Copa Truck), geben uns die M\u00f6glichkeiten f\u00fcr Reifentests und -entwicklung.<\/p>\n<figure id=\"attachment_42929\" aria-describedby=\"caption-attachment-42929\" style=\"width: 420px\" class=\"wp-caption alignright\"><a href=\"https:\/\/static.krafthand-truck.de\/uploads\/2025\/06\/02_2025_020_3.jpg\" target=\"_blank\" rel=\"noopener\"><img decoding=\"async\" class=\"wp-image-42929\" src=\"https:\/\/static.krafthand-truck.de\/uploads\/2025\/06\/02_2025_020_3-300x194.jpg\" alt=\"\" width=\"420\" height=\"271\" srcset=\"https:\/\/static.krafthand-truck.de\/uploads\/2025\/06\/02_2025_020_3-300x194.jpg 300w, https:\/\/static.krafthand-truck.de\/uploads\/2025\/06\/02_2025_020_3-1024x661.jpg 1024w, https:\/\/static.krafthand-truck.de\/uploads\/2025\/06\/02_2025_020_3-768x496.jpg 768w, https:\/\/static.krafthand-truck.de\/uploads\/2025\/06\/02_2025_020_3-1320x852.jpg 1320w, https:\/\/static.krafthand-truck.de\/uploads\/2025\/06\/02_2025_020_3.jpg 1400w\" sizes=\"(max-width: 420px) 100vw, 420px\" \/><\/a><figcaption id=\"caption-attachment-42929\" class=\"wp-caption-text\">Der diesj\u00e4hrige Sieger der Rallye-Dakar in der Lkw-Wertung, Martin Mac\u00edk Jr. war auf Prometeon S02-Rallye-Reifen unterwegs. Die Pneus sind das Ergebnis der Zusammenarbeit zwischen dem Forschungs- und Entwicklungsteam Prometeons und dem Team von MM Technology sowie der Erfahrung, die das Italtrans Racing Team bei zahlreichen Rallye-Eins\u00e4tzen gesammelt hat. Bild: Prometeon<\/figcaption><\/figure>\n<p>Wenn ich all diese Elemente in einem zusammenfassen m\u00fcsste, w\u00fcrde ich sagen, dass der wirklich unterscheidende Faktor von Prometeon darin besteht, dass wir das einzige Unternehmen sind, das sich ausschlie\u00dflich auf den Nutzfahrzeugreifensektor konzentriert. Dies erm\u00f6glicht es uns, einen extrem hohen Entwicklungsschwerpunkt in diesem Bereich aufrechtzuerhalten und gleichzeitig sehr aufmerksam und reaktionsschnell auf die Bed\u00fcrfnisse und W\u00fcnsche unserer Kunden und des Marktes im Allgemeinen zu reagieren. So k\u00f6nnen wir all unsere Bem\u00fchungen darauf konzentrieren, die Kundenanforderungen zu erf\u00fcllen.<\/p>\n<p class=\"text-question\">Das Thema Runderneuerung, aber auch das Nachschneiden von Nfz-Reifen steht ganz oben auf der Agenda von Flottenbetreibern. Es geht um die Verl\u00e4ngerung der Nutzungsdauer, um die Schonung von Ressourcen. Sind die Reifen von Prometeon entsprechend ausgelegt und bieten Sie auch runderneuerte Reifen an?<\/p><p class=\"text-answer\"><\/p>\n<p>Im Einklang mit der zentralen Bedeutung, die unser Unternehmen der Nachhaltigkeit beimisst, kann jeder unserer Reifen der Serie 02 nachgeschnitten werden. Unser Forschungs- und Entwicklungsteam arbeitet an den Spezifikationen der Reifen, von den Mischungen bis zum Rollwiderstand. Einer der Schwerpunkte ist zweifelsohne die Runderneuerung. Genaue Informationen und Anleitungen zu diesem Thema f\u00fcr jeden einzelnen Reifen finden Sie in den Produktbrosch\u00fcren.<\/p>\n<p class=\"text-question\">Welche Wachstumsziele haben Sie sich bei Prometeon f\u00fcr die DACH-Region gesetzt und wie wollen Sie sie umsetzen?<\/p><p class=\"text-answer\"><\/p>\n<p>Unsere Strategie in DACH, die mit der Strategie des Unternehmens in Europa \u00fcbereinstimmt, besteht definitiv darin, die Leistung unserer Reifen weiter zu verbessern. Wir sind uns bewusst, dass es nie einen Endpunkt gibt und dass es ein Weg der kontinuierlichen Verbesserung ist. Es besteht jedoch kein Zweifel, dass das Produkt immer unsere Priorit\u00e4t bleibt. Wir wollen dem Kunden auch weiterhin ein komplettes Sortiment anbieten, das nicht nur aus mehreren Marken, sondern auch aus mehreren Klassen besteht. Ich kann sagen, dass wir bereits seit letztem Jahr einen Marktanteil in Europa erreicht haben, der es uns erlaubt, eine wichtige Rolle auf dem Markt zu spielen, aber wir haben den st\u00e4ndigen Ehrgeiz, in den kommenden Jahren weiter zu wachsen.<\/p>\n<p><i>Den Beitrag finden Sie auch in der Print-Ausgabe 2-2025 der <a href=\"https:\/\/www.krafthand.de\/truck\/magazin\/\" title=\"Zum Magazin\">Krafthand-Truck<\/a>.<\/i><\/p>\r\n\t\t\t\t<div class=\"post-author\">\r\n\t\t\t\t\t<div class=\"khm-cp-author clearfix\">\r\n\t\t\t\t\t\t<div class=\"khm-cp-author__content\">\r\n\t\t\t\t\t\t\t\tKontakt zum Autor:<br \/>\r\n\t\t\t\t\t\t\t\t<strong>Georg Blenk<\/strong>, 08247 \/ 3007-45 |  <a href=\"mailto:georg.blenk@krafthand-medien.de\">georg.blenk@krafthand-medien.de<\/a>\r\n\t\t\t\t\t\t\t<div class=\"khm-cp-author__image\">\r\n\t\t\t\t\t\t<img src=\"https:\/\/static.krafthand-truck.de\/uploads\/2021\/01\/Blenk_6104-250x300-1-removebg-preview.png\" class=\"img-responsive\">\r\n\t\t\t\t\t<\/div>\r\n\t\t\t\t\t\t<\/div>\r\n\t\t\t\t\t<\/div>\r\n\t\t\t\t<\/div>\r\n\t\t\t\t","protected":false},"excerpt":{"rendered":"<p>Das Portfolio von Prometeon umfasst ein Mehrmarkenangebot, zu dem unter anderem Prometeon, Pirelli, Formula, Pharos und Anteo geh\u00f6ren. In den vergangenen Jahren war das Pirelli-Logo noch auf den Reifen zu sehen. Seit 2022 wird es von dem Logo \u201aPrometeon Engineered\u2018 flankiert. Jetzt kommt die Marke Prometeon alleine daher. Wir sprachen mit Tino Schunath, Managing Director der DACH-Region, \u00fcber die Markteinf\u00fchrungsstrategie. <span class=\"excerpt-more__dots\">&#8230;<\/span> <a class=\"excerpt-more__link\" href=\"https:\/\/www.krafthand.de\/truck\/artikel\/wir-moechten-in-den-kommenden-jahren-weiter-wachsen-42926\/\" >weiter<\/a><\/p>\n","protected":false},"author":9,"featured_media":42927,"comment_status":"closed","ping_status":"closed","sticky":false,"template":"","format":"standard","meta":{"footnotes":""},"categories":[4238,4227,4235],"tags":[5158,99],"settings":[3524,4766],"class_list":["post-42926","post","type-post","status-publish","format-standard","has-post-thumbnail","hentry","category-koepfe","category-rad-reifen-bremse","category-unternehmen","tag-prometeon","tag-reifen"],"yoast_head":"<!-- This site is optimized with the Yoast SEO plugin v27.3 - https:\/\/yoast.com\/product\/yoast-seo-wordpress\/ -->\n<title>Prometeon I Nfz-Reifen I Krafthand-Truck<\/title>\n<meta name=\"description\" content=\"Krafthand-Truck im Gespr\u00e4ch mit Tino Schunath, Managing Director der DACH-Region, \u00fcber die Markteinf\u00fchrungsstrategie von Prometeon.\" \/>\n<meta name=\"robots\" content=\"index, follow, max-snippet:-1, max-image-preview:large, max-video-preview:-1\" \/>\n<link rel=\"canonical\" href=\"https:\/\/www.krafthand.de\/truck\/artikel\/wir-moechten-in-den-kommenden-jahren-weiter-wachsen-42926\/\" \/>\n<meta property=\"og:locale\" content=\"de_DE\" \/>\n<meta property=\"og:type\" content=\"article\" \/>\n<meta property=\"og:title\" content=\"Prometeon I Nfz-Reifen I Krafthand-Truck\" \/>\n<meta property=\"og:description\" content=\"Krafthand-Truck im Gespr\u00e4ch mit Tino Schunath, Managing Director der DACH-Region, \u00fcber die Markteinf\u00fchrungsstrategie von Prometeon.\" \/>\n<meta property=\"og:url\" content=\"https:\/\/www.krafthand-truck.de\/artikel\/wir-moechten-in-den-kommenden-jahren-weiter-wachsen-42926\/\" \/>\n<meta property=\"og:site_name\" content=\"Krafthand-Truck\" \/>\n<meta property=\"article:published_time\" content=\"2025-06-11T08:31:47+00:00\" \/>\n<meta property=\"article:modified_time\" content=\"2025-06-12T07:56:16+00:00\" \/>\n<meta property=\"og:image\" content=\"https:\/\/static.krafthand-truck.de\/uploads\/2025\/06\/02_2025_020_1.jpg\" \/>\n\t<meta property=\"og:image:width\" content=\"1400\" \/>\n\t<meta property=\"og:image:height\" content=\"786\" \/>\n\t<meta property=\"og:image:type\" content=\"image\/jpeg\" \/>\n<meta name=\"author\" content=\"georg.blenk@krafthand-medien.de\" \/>\n<meta name=\"twitter:card\" content=\"summary_large_image\" \/>\n<meta name=\"twitter:label1\" content=\"Verfasst von\" \/>\n\t<meta name=\"twitter:data1\" content=\"georg.blenk@krafthand-medien.de\" \/>\n\t<meta name=\"twitter:label2\" content=\"Gesch\u00e4tzte Lesezeit\" \/>\n\t<meta name=\"twitter:data2\" content=\"6\u00a0Minuten\" \/>\n<script type=\"application\/ld+json\" class=\"yoast-schema-graph\">{\"@context\":\"https:\\\/\\\/schema.org\",\"@graph\":[{\"@type\":\"Article\",\"@id\":\"https:\\\/\\\/www.krafthand.de\\\/truck\\\/artikel\\\/wir-moechten-in-den-kommenden-jahren-weiter-wachsen-42926\\\/#article\",\"isPartOf\":{\"@id\":\"https:\\\/\\\/www.krafthand.de\\\/truck\\\/artikel\\\/wir-moechten-in-den-kommenden-jahren-weiter-wachsen-42926\\\/\"},\"author\":{\"name\":\"georg.blenk@krafthand-medien.de\",\"@id\":\"https:\\\/\\\/www.krafthand.de\\\/truck\\\/#\\\/schema\\\/person\\\/51fa80b1c57034c4bf63f9f988fc24ce\"},\"headline\":\"\u201eWir m\u00f6chten in den kommenden Jahren weiter wachsen.\u201c\",\"datePublished\":\"2025-06-11T08:31:47+00:00\",\"dateModified\":\"2025-06-12T07:56:16+00:00\",\"mainEntityOfPage\":{\"@id\":\"https:\\\/\\\/www.krafthand.de\\\/truck\\\/artikel\\\/wir-moechten-in-den-kommenden-jahren-weiter-wachsen-42926\\\/\"},\"wordCount\":1033,\"image\":{\"@id\":\"https:\\\/\\\/www.krafthand.de\\\/truck\\\/artikel\\\/wir-moechten-in-den-kommenden-jahren-weiter-wachsen-42926\\\/#primaryimage\"},\"thumbnailUrl\":\"https:\\\/\\\/static.krafthand-truck.de\\\/uploads\\\/2025\\\/06\\\/02_2025_020_1.jpg\",\"keywords\":[\"Prometeon\",\"Reifen\"],\"articleSection\":[\"K\u00f6pfe\\\/Personen\",\"Rad\\\/Reifen\\\/Bremse\",\"Unternehmen\"],\"inLanguage\":\"de\"},{\"@type\":\"WebPage\",\"@id\":\"https:\\\/\\\/www.krafthand.de\\\/truck\\\/artikel\\\/wir-moechten-in-den-kommenden-jahren-weiter-wachsen-42926\\\/\",\"url\":\"https:\\\/\\\/www.krafthand.de\\\/truck\\\/artikel\\\/wir-moechten-in-den-kommenden-jahren-weiter-wachsen-42926\\\/\",\"name\":\"Prometeon I Nfz-Reifen I Krafthand-Truck\",\"isPartOf\":{\"@id\":\"https:\\\/\\\/www.krafthand.de\\\/truck\\\/#website\"},\"primaryImageOfPage\":{\"@id\":\"https:\\\/\\\/www.krafthand.de\\\/truck\\\/artikel\\\/wir-moechten-in-den-kommenden-jahren-weiter-wachsen-42926\\\/#primaryimage\"},\"image\":{\"@id\":\"https:\\\/\\\/www.krafthand.de\\\/truck\\\/artikel\\\/wir-moechten-in-den-kommenden-jahren-weiter-wachsen-42926\\\/#primaryimage\"},\"thumbnailUrl\":\"https:\\\/\\\/static.krafthand-truck.de\\\/uploads\\\/2025\\\/06\\\/02_2025_020_1.jpg\",\"datePublished\":\"2025-06-11T08:31:47+00:00\",\"dateModified\":\"2025-06-12T07:56:16+00:00\",\"author\":{\"@id\":\"https:\\\/\\\/www.krafthand.de\\\/truck\\\/#\\\/schema\\\/person\\\/51fa80b1c57034c4bf63f9f988fc24ce\"},\"description\":\"Krafthand-Truck im Gespr\u00e4ch mit Tino Schunath, Managing Director der DACH-Region, \u00fcber die Markteinf\u00fchrungsstrategie von Prometeon.\",\"breadcrumb\":{\"@id\":\"https:\\\/\\\/www.krafthand.de\\\/truck\\\/artikel\\\/wir-moechten-in-den-kommenden-jahren-weiter-wachsen-42926\\\/#breadcrumb\"},\"inLanguage\":\"de\",\"potentialAction\":[{\"@type\":\"ReadAction\",\"target\":[\"https:\\\/\\\/www.krafthand.de\\\/truck\\\/artikel\\\/wir-moechten-in-den-kommenden-jahren-weiter-wachsen-42926\\\/\"]}]},{\"@type\":\"ImageObject\",\"inLanguage\":\"de\",\"@id\":\"https:\\\/\\\/www.krafthand.de\\\/truck\\\/artikel\\\/wir-moechten-in-den-kommenden-jahren-weiter-wachsen-42926\\\/#primaryimage\",\"url\":\"https:\\\/\\\/static.krafthand-truck.de\\\/uploads\\\/2025\\\/06\\\/02_2025_020_1.jpg\",\"contentUrl\":\"https:\\\/\\\/static.krafthand-truck.de\\\/uploads\\\/2025\\\/06\\\/02_2025_020_1.jpg\",\"width\":1400,\"height\":786,\"caption\":\"\u201eDie Umbenennung unserer Produkte von Pirelli in Prometeon war eine strategische Entscheidung\u201c, so Tino Schunath, CEO der DACH-Region bei Prometeon. Bild: Georg Blenk\"},{\"@type\":\"BreadcrumbList\",\"@id\":\"https:\\\/\\\/www.krafthand.de\\\/truck\\\/artikel\\\/wir-moechten-in-den-kommenden-jahren-weiter-wachsen-42926\\\/#breadcrumb\",\"itemListElement\":[{\"@type\":\"ListItem\",\"position\":1,\"name\":\"Krafthand-Truck\",\"item\":\"https:\\\/\\\/www.krafthand.de\\\/truck\\\/\"},{\"@type\":\"ListItem\",\"position\":2,\"name\":\"Nfz-Branche\",\"item\":\"https:\\\/\\\/www.krafthand.de\\\/truck\\\/kategorie\\\/branche\\\/\"},{\"@type\":\"ListItem\",\"position\":3,\"name\":\"Unternehmen\",\"item\":\"https:\\\/\\\/www.krafthand.de\\\/truck\\\/kategorie\\\/branche\\\/unternehmen\\\/\"},{\"@type\":\"ListItem\",\"position\":4,\"name\":\"\u201eWir m\u00f6chten in den kommenden Jahren weiter wachsen.\u201c\"}]},{\"@type\":\"WebSite\",\"@id\":\"https:\\\/\\\/www.krafthand.de\\\/truck\\\/#website\",\"url\":\"https:\\\/\\\/www.krafthand.de\\\/truck\\\/\",\"name\":\"Krafthand-Truck\",\"description\":\"\",\"potentialAction\":[{\"@type\":\"SearchAction\",\"target\":{\"@type\":\"EntryPoint\",\"urlTemplate\":\"https:\\\/\\\/www.krafthand.de\\\/truck\\\/?s={search_term_string}\"},\"query-input\":{\"@type\":\"PropertyValueSpecification\",\"valueRequired\":true,\"valueName\":\"search_term_string\"}}],\"inLanguage\":\"de\"},{\"@type\":\"Person\",\"@id\":\"https:\\\/\\\/www.krafthand.de\\\/truck\\\/#\\\/schema\\\/person\\\/51fa80b1c57034c4bf63f9f988fc24ce\",\"name\":\"georg.blenk@krafthand-medien.de\",\"image\":{\"@type\":\"ImageObject\",\"inLanguage\":\"de\",\"@id\":\"https:\\\/\\\/secure.gravatar.com\\\/avatar\\\/93713c30affe0aa95d3a4130e499bb1abee2eb31adbdd9ce2aa1543538490215?s=96&d=mm&r=g\",\"url\":\"https:\\\/\\\/secure.gravatar.com\\\/avatar\\\/93713c30affe0aa95d3a4130e499bb1abee2eb31adbdd9ce2aa1543538490215?s=96&d=mm&r=g\",\"contentUrl\":\"https:\\\/\\\/secure.gravatar.com\\\/avatar\\\/93713c30affe0aa95d3a4130e499bb1abee2eb31adbdd9ce2aa1543538490215?s=96&d=mm&r=g\",\"caption\":\"georg.blenk@krafthand-medien.de\"}}]}<\/script>\n<!-- \/ Yoast SEO plugin. -->","yoast_head_json":{"title":"Prometeon I Nfz-Reifen I Krafthand-Truck","description":"Krafthand-Truck im Gespr\u00e4ch mit Tino Schunath, Managing Director der DACH-Region, \u00fcber die Markteinf\u00fchrungsstrategie von Prometeon.","robots":{"index":"index","follow":"follow","max-snippet":"max-snippet:-1","max-image-preview":"max-image-preview:large","max-video-preview":"max-video-preview:-1"},"canonical":"https:\/\/www.krafthand.de\/truck\/artikel\/wir-moechten-in-den-kommenden-jahren-weiter-wachsen-42926\/","og_locale":"de_DE","og_type":"article","og_title":"Prometeon I Nfz-Reifen I Krafthand-Truck","og_description":"Krafthand-Truck im Gespr\u00e4ch mit Tino Schunath, Managing Director der DACH-Region, \u00fcber die Markteinf\u00fchrungsstrategie von Prometeon.","og_url":"https:\/\/www.krafthand-truck.de\/artikel\/wir-moechten-in-den-kommenden-jahren-weiter-wachsen-42926\/","og_site_name":"Krafthand-Truck","article_published_time":"2025-06-11T08:31:47+00:00","article_modified_time":"2025-06-12T07:56:16+00:00","og_image":[{"width":1400,"height":786,"url":"https:\/\/static.krafthand-truck.de\/uploads\/2025\/06\/02_2025_020_1.jpg","type":"image\/jpeg"}],"author":"georg.blenk@krafthand-medien.de","twitter_card":"summary_large_image","twitter_misc":{"Verfasst von":"georg.blenk@krafthand-medien.de","Gesch\u00e4tzte Lesezeit":"6\u00a0Minuten"},"schema":{"@context":"https:\/\/schema.org","@graph":[{"@type":"Article","@id":"https:\/\/www.krafthand.de\/truck\/artikel\/wir-moechten-in-den-kommenden-jahren-weiter-wachsen-42926\/#article","isPartOf":{"@id":"https:\/\/www.krafthand.de\/truck\/artikel\/wir-moechten-in-den-kommenden-jahren-weiter-wachsen-42926\/"},"author":{"name":"georg.blenk@krafthand-medien.de","@id":"https:\/\/www.krafthand.de\/truck\/#\/schema\/person\/51fa80b1c57034c4bf63f9f988fc24ce"},"headline":"\u201eWir m\u00f6chten in den kommenden Jahren weiter wachsen.\u201c","datePublished":"2025-06-11T08:31:47+00:00","dateModified":"2025-06-12T07:56:16+00:00","mainEntityOfPage":{"@id":"https:\/\/www.krafthand.de\/truck\/artikel\/wir-moechten-in-den-kommenden-jahren-weiter-wachsen-42926\/"},"wordCount":1033,"image":{"@id":"https:\/\/www.krafthand.de\/truck\/artikel\/wir-moechten-in-den-kommenden-jahren-weiter-wachsen-42926\/#primaryimage"},"thumbnailUrl":"https:\/\/static.krafthand-truck.de\/uploads\/2025\/06\/02_2025_020_1.jpg","keywords":["Prometeon","Reifen"],"articleSection":["K\u00f6pfe\/Personen","Rad\/Reifen\/Bremse","Unternehmen"],"inLanguage":"de"},{"@type":"WebPage","@id":"https:\/\/www.krafthand.de\/truck\/artikel\/wir-moechten-in-den-kommenden-jahren-weiter-wachsen-42926\/","url":"https:\/\/www.krafthand.de\/truck\/artikel\/wir-moechten-in-den-kommenden-jahren-weiter-wachsen-42926\/","name":"Prometeon I Nfz-Reifen I Krafthand-Truck","isPartOf":{"@id":"https:\/\/www.krafthand.de\/truck\/#website"},"primaryImageOfPage":{"@id":"https:\/\/www.krafthand.de\/truck\/artikel\/wir-moechten-in-den-kommenden-jahren-weiter-wachsen-42926\/#primaryimage"},"image":{"@id":"https:\/\/www.krafthand.de\/truck\/artikel\/wir-moechten-in-den-kommenden-jahren-weiter-wachsen-42926\/#primaryimage"},"thumbnailUrl":"https:\/\/static.krafthand-truck.de\/uploads\/2025\/06\/02_2025_020_1.jpg","datePublished":"2025-06-11T08:31:47+00:00","dateModified":"2025-06-12T07:56:16+00:00","author":{"@id":"https:\/\/www.krafthand.de\/truck\/#\/schema\/person\/51fa80b1c57034c4bf63f9f988fc24ce"},"description":"Krafthand-Truck im Gespr\u00e4ch mit Tino Schunath, Managing Director der DACH-Region, \u00fcber die Markteinf\u00fchrungsstrategie von Prometeon.","breadcrumb":{"@id":"https:\/\/www.krafthand.de\/truck\/artikel\/wir-moechten-in-den-kommenden-jahren-weiter-wachsen-42926\/#breadcrumb"},"inLanguage":"de","potentialAction":[{"@type":"ReadAction","target":["https:\/\/www.krafthand.de\/truck\/artikel\/wir-moechten-in-den-kommenden-jahren-weiter-wachsen-42926\/"]}]},{"@type":"ImageObject","inLanguage":"de","@id":"https:\/\/www.krafthand.de\/truck\/artikel\/wir-moechten-in-den-kommenden-jahren-weiter-wachsen-42926\/#primaryimage","url":"https:\/\/static.krafthand-truck.de\/uploads\/2025\/06\/02_2025_020_1.jpg","contentUrl":"https:\/\/static.krafthand-truck.de\/uploads\/2025\/06\/02_2025_020_1.jpg","width":1400,"height":786,"caption":"\u201eDie Umbenennung unserer Produkte von Pirelli in Prometeon war eine strategische Entscheidung\u201c, so Tino Schunath, CEO der DACH-Region bei Prometeon. Bild: Georg Blenk"},{"@type":"BreadcrumbList","@id":"https:\/\/www.krafthand.de\/truck\/artikel\/wir-moechten-in-den-kommenden-jahren-weiter-wachsen-42926\/#breadcrumb","itemListElement":[{"@type":"ListItem","position":1,"name":"Krafthand-Truck","item":"https:\/\/www.krafthand.de\/truck\/"},{"@type":"ListItem","position":2,"name":"Nfz-Branche","item":"https:\/\/www.krafthand.de\/truck\/kategorie\/branche\/"},{"@type":"ListItem","position":3,"name":"Unternehmen","item":"https:\/\/www.krafthand.de\/truck\/kategorie\/branche\/unternehmen\/"},{"@type":"ListItem","position":4,"name":"\u201eWir m\u00f6chten in den kommenden Jahren weiter wachsen.\u201c"}]},{"@type":"WebSite","@id":"https:\/\/www.krafthand.de\/truck\/#website","url":"https:\/\/www.krafthand.de\/truck\/","name":"Krafthand-Truck","description":"","potentialAction":[{"@type":"SearchAction","target":{"@type":"EntryPoint","urlTemplate":"https:\/\/www.krafthand.de\/truck\/?s={search_term_string}"},"query-input":{"@type":"PropertyValueSpecification","valueRequired":true,"valueName":"search_term_string"}}],"inLanguage":"de"},{"@type":"Person","@id":"https:\/\/www.krafthand.de\/truck\/#\/schema\/person\/51fa80b1c57034c4bf63f9f988fc24ce","name":"georg.blenk@krafthand-medien.de","image":{"@type":"ImageObject","inLanguage":"de","@id":"https:\/\/secure.gravatar.com\/avatar\/93713c30affe0aa95d3a4130e499bb1abee2eb31adbdd9ce2aa1543538490215?s=96&d=mm&r=g","url":"https:\/\/secure.gravatar.com\/avatar\/93713c30affe0aa95d3a4130e499bb1abee2eb31adbdd9ce2aa1543538490215?s=96&d=mm&r=g","contentUrl":"https:\/\/secure.gravatar.com\/avatar\/93713c30affe0aa95d3a4130e499bb1abee2eb31adbdd9ce2aa1543538490215?s=96&d=mm&r=g","caption":"georg.blenk@krafthand-medien.de"}}]}},"_links":{"self":[{"href":"https:\/\/www.krafthand.de\/truck\/wp-json\/wp\/v2\/posts\/42926","targetHints":{"allow":["GET"]}}],"collection":[{"href":"https:\/\/www.krafthand.de\/truck\/wp-json\/wp\/v2\/posts"}],"about":[{"href":"https:\/\/www.krafthand.de\/truck\/wp-json\/wp\/v2\/types\/post"}],"author":[{"embeddable":true,"href":"https:\/\/www.krafthand.de\/truck\/wp-json\/wp\/v2\/users\/9"}],"replies":[{"embeddable":true,"href":"https:\/\/www.krafthand.de\/truck\/wp-json\/wp\/v2\/comments?post=42926"}],"version-history":[{"count":6,"href":"https:\/\/www.krafthand.de\/truck\/wp-json\/wp\/v2\/posts\/42926\/revisions"}],"predecessor-version":[{"id":42935,"href":"https:\/\/www.krafthand.de\/truck\/wp-json\/wp\/v2\/posts\/42926\/revisions\/42935"}],"wp:featuredmedia":[{"embeddable":true,"href":"https:\/\/www.krafthand.de\/truck\/wp-json\/wp\/v2\/media\/42927"}],"wp:attachment":[{"href":"https:\/\/www.krafthand.de\/truck\/wp-json\/wp\/v2\/media?parent=42926"}],"wp:term":[{"taxonomy":"category","embeddable":true,"href":"https:\/\/www.krafthand.de\/truck\/wp-json\/wp\/v2\/categories?post=42926"},{"taxonomy":"post_tag","embeddable":true,"href":"https:\/\/www.krafthand.de\/truck\/wp-json\/wp\/v2\/tags?post=42926"},{"taxonomy":"settings","embeddable":true,"href":"https:\/\/www.krafthand.de\/truck\/wp-json\/wp\/v2\/settings?post=42926"}],"curies":[{"name":"wp","href":"https:\/\/api.w.org\/{rel}","templated":true}]}}