{"id":42904,"date":"2025-06-10T11:23:25","date_gmt":"2025-06-10T09:23:25","guid":{"rendered":"https:\/\/www.krafthand.de\/truck\/?p=42904"},"modified":"2026-05-01T11:59:36","modified_gmt":"2026-05-01T09:59:36","slug":"die-wabco-central-brake-unit-jetzt-auch-wiederaufbereitet","status":"publish","type":"post","link":"https:\/\/www.krafthand.de\/truck\/artikel\/die-wabco-central-brake-unit-jetzt-auch-wiederaufbereitet-42904\/","title":{"rendered":"Die Wabco Central Brake Unit jetzt auch wiederaufbereitet"},"content":{"rendered":"<p>Nach dem Launch des neuen Labels ZF REMAN, welches das Thema Nachhaltigkeit in den Fokus r\u00fcckt und gleichzeitig die Qualit\u00e4t und Performance von Neuteilen garantieren soll, setzt ZF Aftermarket den Kurs fort. Auf der Rematec in Amsterdam pr\u00e4sentiert der Aftermarket-Bereich von ZF beispielsweise erstmals die WABCO Central Brake Unit (Zentrale Bremseinheit) als wiederaufbereitetes Ersatzteil. Erste Teilenummern sollen noch in diesem Jahr verf\u00fcgbar sein. Die Komponente f\u00fcr Nutzfahrzeuge ist ein zentrales Element des elektronischen Bremssystems (EBS) und tr\u00e4gt durch k\u00fcrzere Bremswege und verbesserte Bremsstabilit\u00e4t wesentlich zur Verkehrssicherheit bei. Die Central Brake Unit sendet elektronische Signale an alle Bremskomponenten und sorgt so f\u00fcr k\u00fcrzere Reaktionszeiten und ein fein abgestimmtes Bremsverhalten.<\/p>\n<p>Die unter dem Label ZF REMAN angebotene WABCO Central Brake Unit erf\u00fcllt dieselben hohen Qualit\u00e4tsstandards wie das Originalteil und leistet gleichzeitig einen Beitrag zur Ressourcenschonung. Sie durchl\u00e4uft umfassende Tests und garantiert zuverl\u00e4ssige, effiziente Leistung. Damit ist sie laut ZF die nachhaltige Wahl f\u00fcr optimal funktionierende Bremssysteme.<\/p>\n<p><i>Den Beitrag finden Sie auch in der Print-Ausgabe 2-2025 der <a href=\"https:\/\/www.krafthand.de\/truck\/magazin\/\" title=\"Zum Magazin\">Krafthand-Truck<\/a>.<\/i><\/p>","protected":false},"excerpt":{"rendered":"<p>Nach dem erfolgreichen Launch des neuen Labels ZF REMAN, das Nachhaltigkeit in den Fokus r\u00fcckt und gleichzeitig die Qualit\u00e4t und Performance von Neuteilen garantieren soll, setzt ZF Aftermarket den Innovationskurs fort. Auf der Rematec in Amsterdam pr\u00e4sentiert der Aftermarket-Bereich von ZF beispielsweise erstmals die WABCO Central Brake Unit (Zentrale Bremseinheit) als wiederaufbereitetes Ersatzteil. <span class=\"excerpt-more__dots\">&#8230;<\/span> <a class=\"excerpt-more__link\" href=\"https:\/\/www.krafthand.de\/truck\/artikel\/die-wabco-central-brake-unit-jetzt-auch-wiederaufbereitet-42904\/\" >weiter<\/a><\/p>\n","protected":false},"author":9,"featured_media":42905,"comment_status":"closed","ping_status":"closed","sticky":false,"template":"","format":"standard","meta":{"footnotes":""},"categories":[4912,4229],"tags":[227,1671,120,1673,187],"settings":[4766,3523],"class_list":["post-42904","post","type-post","status-publish","format-standard","has-post-thumbnail","hentry","category-ersatzteile-zubehoer","category-nfz-teile-systeme","tag-bremse","tag-reman","tag-wabco","tag-wiederaufbereitung","tag-zf"],"yoast_head":"<!-- This site is optimized with the Yoast SEO plugin v27.3 - https:\/\/yoast.com\/product\/yoast-seo-wordpress\/ -->\n<title>Die Wabco Central Brake Unit jetzt auch wiederaufbereitet - Krafthand-Truck<\/title>\n<meta name=\"description\" content=\"Der Aftermarket-Bereich von ZF pr\u00e4sentierte k\u00fcrzlich die WABCO Central Brake Unit als wiederaufbereitetes Ersatzteil.\" \/>\n<meta name=\"robots\" content=\"index, follow, max-snippet:-1, max-image-preview:large, max-video-preview:-1\" \/>\n<link rel=\"canonical\" href=\"https:\/\/www.krafthand.de\/truck\/artikel\/die-wabco-central-brake-unit-jetzt-auch-wiederaufbereitet-42904\/\" \/>\n<meta property=\"og:locale\" content=\"de_DE\" \/>\n<meta property=\"og:type\" content=\"article\" \/>\n<meta property=\"og:title\" content=\"Die Wabco Central Brake Unit jetzt auch wiederaufbereitet - Krafthand-Truck\" \/>\n<meta property=\"og:description\" content=\"Der Aftermarket-Bereich von ZF pr\u00e4sentierte k\u00fcrzlich die WABCO Central Brake Unit als wiederaufbereitetes Ersatzteil.\" \/>\n<meta property=\"og:url\" content=\"https:\/\/www.krafthand-truck.de\/artikel\/die-wabco-central-brake-unit-jetzt-auch-wiederaufbereitet-42904\/\" \/>\n<meta property=\"og:site_name\" content=\"Krafthand-Truck\" \/>\n<meta property=\"article:published_time\" content=\"2025-06-10T09:23:25+00:00\" \/>\n<meta property=\"article:modified_time\" content=\"2026-05-01T09:59:36+00:00\" \/>\n<meta property=\"og:image\" content=\"https:\/\/static.krafthand-truck.de\/uploads\/2025\/06\/02_2025_019.jpg\" \/>\n\t<meta property=\"og:image:width\" content=\"668\" \/>\n\t<meta property=\"og:image:height\" content=\"1035\" \/>\n\t<meta property=\"og:image:type\" content=\"image\/jpeg\" \/>\n<meta name=\"author\" content=\"georg.blenk@krafthand-medien.de\" \/>\n<meta name=\"twitter:card\" content=\"summary_large_image\" \/>\n<meta name=\"twitter:label1\" content=\"Verfasst von\" \/>\n\t<meta name=\"twitter:data1\" content=\"georg.blenk@krafthand-medien.de\" \/>\n\t<meta name=\"twitter:label2\" content=\"Gesch\u00e4tzte Lesezeit\" \/>\n\t<meta name=\"twitter:data2\" content=\"2\u00a0Minuten\" \/>\n<script type=\"application\/ld+json\" class=\"yoast-schema-graph\">{\"@context\":\"https:\\\/\\\/schema.org\",\"@graph\":[{\"@type\":\"Article\",\"@id\":\"https:\\\/\\\/www.krafthand.de\\\/truck\\\/artikel\\\/die-wabco-central-brake-unit-jetzt-auch-wiederaufbereitet-42904\\\/#article\",\"isPartOf\":{\"@id\":\"https:\\\/\\\/www.krafthand.de\\\/truck\\\/artikel\\\/die-wabco-central-brake-unit-jetzt-auch-wiederaufbereitet-42904\\\/\"},\"author\":{\"name\":\"georg.blenk@krafthand-medien.de\",\"@id\":\"https:\\\/\\\/www.krafthand.de\\\/truck\\\/#\\\/schema\\\/person\\\/51fa80b1c57034c4bf63f9f988fc24ce\"},\"headline\":\"Die Wabco Central Brake Unit jetzt auch wiederaufbereitet\",\"datePublished\":\"2025-06-10T09:23:25+00:00\",\"dateModified\":\"2026-05-01T09:59:36+00:00\",\"mainEntityOfPage\":{\"@id\":\"https:\\\/\\\/www.krafthand.de\\\/truck\\\/artikel\\\/die-wabco-central-brake-unit-jetzt-auch-wiederaufbereitet-42904\\\/\"},\"wordCount\":177,\"image\":{\"@id\":\"https:\\\/\\\/www.krafthand.de\\\/truck\\\/artikel\\\/die-wabco-central-brake-unit-jetzt-auch-wiederaufbereitet-42904\\\/#primaryimage\"},\"thumbnailUrl\":\"https:\\\/\\\/static.krafthand-truck.de\\\/uploads\\\/2025\\\/06\\\/02_2025_019.jpg\",\"keywords\":[\"Bremse\",\"Reman\",\"Wabco\",\"Wiederaufbereitung\",\"ZF\"],\"articleSection\":[\"Ersatzteile\\\/Zubeh\u00f6r\",\"Nfz-Teile\\\/Systeme\"],\"inLanguage\":\"de\"},{\"@type\":\"WebPage\",\"@id\":\"https:\\\/\\\/www.krafthand.de\\\/truck\\\/artikel\\\/die-wabco-central-brake-unit-jetzt-auch-wiederaufbereitet-42904\\\/\",\"url\":\"https:\\\/\\\/www.krafthand.de\\\/truck\\\/artikel\\\/die-wabco-central-brake-unit-jetzt-auch-wiederaufbereitet-42904\\\/\",\"name\":\"Die Wabco Central Brake Unit jetzt auch wiederaufbereitet - Krafthand-Truck\",\"isPartOf\":{\"@id\":\"https:\\\/\\\/www.krafthand.de\\\/truck\\\/#website\"},\"primaryImageOfPage\":{\"@id\":\"https:\\\/\\\/www.krafthand.de\\\/truck\\\/artikel\\\/die-wabco-central-brake-unit-jetzt-auch-wiederaufbereitet-42904\\\/#primaryimage\"},\"image\":{\"@id\":\"https:\\\/\\\/www.krafthand.de\\\/truck\\\/artikel\\\/die-wabco-central-brake-unit-jetzt-auch-wiederaufbereitet-42904\\\/#primaryimage\"},\"thumbnailUrl\":\"https:\\\/\\\/static.krafthand-truck.de\\\/uploads\\\/2025\\\/06\\\/02_2025_019.jpg\",\"datePublished\":\"2025-06-10T09:23:25+00:00\",\"dateModified\":\"2026-05-01T09:59:36+00:00\",\"author\":{\"@id\":\"https:\\\/\\\/www.krafthand.de\\\/truck\\\/#\\\/schema\\\/person\\\/51fa80b1c57034c4bf63f9f988fc24ce\"},\"description\":\"Der Aftermarket-Bereich von ZF pr\u00e4sentierte k\u00fcrzlich die WABCO Central Brake Unit als wiederaufbereitetes Ersatzteil.\",\"breadcrumb\":{\"@id\":\"https:\\\/\\\/www.krafthand.de\\\/truck\\\/artikel\\\/die-wabco-central-brake-unit-jetzt-auch-wiederaufbereitet-42904\\\/#breadcrumb\"},\"inLanguage\":\"de\",\"potentialAction\":[{\"@type\":\"ReadAction\",\"target\":[\"https:\\\/\\\/www.krafthand.de\\\/truck\\\/artikel\\\/die-wabco-central-brake-unit-jetzt-auch-wiederaufbereitet-42904\\\/\"]}]},{\"@type\":\"ImageObject\",\"inLanguage\":\"de\",\"@id\":\"https:\\\/\\\/www.krafthand.de\\\/truck\\\/artikel\\\/die-wabco-central-brake-unit-jetzt-auch-wiederaufbereitet-42904\\\/#primaryimage\",\"url\":\"https:\\\/\\\/static.krafthand-truck.de\\\/uploads\\\/2025\\\/06\\\/02_2025_019.jpg\",\"contentUrl\":\"https:\\\/\\\/static.krafthand-truck.de\\\/uploads\\\/2025\\\/06\\\/02_2025_019.jpg\",\"width\":668,\"height\":1035},{\"@type\":\"BreadcrumbList\",\"@id\":\"https:\\\/\\\/www.krafthand.de\\\/truck\\\/artikel\\\/die-wabco-central-brake-unit-jetzt-auch-wiederaufbereitet-42904\\\/#breadcrumb\",\"itemListElement\":[{\"@type\":\"ListItem\",\"position\":1,\"name\":\"Krafthand-Truck\",\"item\":\"https:\\\/\\\/www.krafthand.de\\\/truck\\\/\"},{\"@type\":\"ListItem\",\"position\":2,\"name\":\"Nfz-Service\",\"item\":\"https:\\\/\\\/www.krafthand.de\\\/truck\\\/kategorie\\\/nfz-service\\\/\"},{\"@type\":\"ListItem\",\"position\":3,\"name\":\"Ersatzteile\\\/Zubeh\u00f6r\",\"item\":\"https:\\\/\\\/www.krafthand.de\\\/truck\\\/kategorie\\\/nfz-service\\\/ersatzteile-zubehoer\\\/\"},{\"@type\":\"ListItem\",\"position\":4,\"name\":\"Die Wabco Central Brake Unit jetzt auch wiederaufbereitet\"}]},{\"@type\":\"WebSite\",\"@id\":\"https:\\\/\\\/www.krafthand.de\\\/truck\\\/#website\",\"url\":\"https:\\\/\\\/www.krafthand.de\\\/truck\\\/\",\"name\":\"Krafthand-Truck\",\"description\":\"\",\"potentialAction\":[{\"@type\":\"SearchAction\",\"target\":{\"@type\":\"EntryPoint\",\"urlTemplate\":\"https:\\\/\\\/www.krafthand.de\\\/truck\\\/?s={search_term_string}\"},\"query-input\":{\"@type\":\"PropertyValueSpecification\",\"valueRequired\":true,\"valueName\":\"search_term_string\"}}],\"inLanguage\":\"de\"},{\"@type\":\"Person\",\"@id\":\"https:\\\/\\\/www.krafthand.de\\\/truck\\\/#\\\/schema\\\/person\\\/51fa80b1c57034c4bf63f9f988fc24ce\",\"name\":\"georg.blenk@krafthand-medien.de\",\"image\":{\"@type\":\"ImageObject\",\"inLanguage\":\"de\",\"@id\":\"https:\\\/\\\/secure.gravatar.com\\\/avatar\\\/93713c30affe0aa95d3a4130e499bb1abee2eb31adbdd9ce2aa1543538490215?s=96&d=mm&r=g\",\"url\":\"https:\\\/\\\/secure.gravatar.com\\\/avatar\\\/93713c30affe0aa95d3a4130e499bb1abee2eb31adbdd9ce2aa1543538490215?s=96&d=mm&r=g\",\"contentUrl\":\"https:\\\/\\\/secure.gravatar.com\\\/avatar\\\/93713c30affe0aa95d3a4130e499bb1abee2eb31adbdd9ce2aa1543538490215?s=96&d=mm&r=g\",\"caption\":\"georg.blenk@krafthand-medien.de\"}}]}<\/script>\n<!-- \/ Yoast SEO plugin. -->","yoast_head_json":{"title":"Die Wabco Central Brake Unit jetzt auch wiederaufbereitet - Krafthand-Truck","description":"Der Aftermarket-Bereich von ZF pr\u00e4sentierte k\u00fcrzlich die WABCO Central Brake Unit als wiederaufbereitetes Ersatzteil.","robots":{"index":"index","follow":"follow","max-snippet":"max-snippet:-1","max-image-preview":"max-image-preview:large","max-video-preview":"max-video-preview:-1"},"canonical":"https:\/\/www.krafthand.de\/truck\/artikel\/die-wabco-central-brake-unit-jetzt-auch-wiederaufbereitet-42904\/","og_locale":"de_DE","og_type":"article","og_title":"Die Wabco Central Brake Unit jetzt auch wiederaufbereitet - Krafthand-Truck","og_description":"Der Aftermarket-Bereich von ZF pr\u00e4sentierte k\u00fcrzlich die WABCO Central Brake Unit als wiederaufbereitetes Ersatzteil.","og_url":"https:\/\/www.krafthand-truck.de\/artikel\/die-wabco-central-brake-unit-jetzt-auch-wiederaufbereitet-42904\/","og_site_name":"Krafthand-Truck","article_published_time":"2025-06-10T09:23:25+00:00","article_modified_time":"2026-05-01T09:59:36+00:00","og_image":[{"width":668,"height":1035,"url":"https:\/\/static.krafthand-truck.de\/uploads\/2025\/06\/02_2025_019.jpg","type":"image\/jpeg"}],"author":"georg.blenk@krafthand-medien.de","twitter_card":"summary_large_image","twitter_misc":{"Verfasst von":"georg.blenk@krafthand-medien.de","Gesch\u00e4tzte Lesezeit":"2\u00a0Minuten"},"schema":{"@context":"https:\/\/schema.org","@graph":[{"@type":"Article","@id":"https:\/\/www.krafthand.de\/truck\/artikel\/die-wabco-central-brake-unit-jetzt-auch-wiederaufbereitet-42904\/#article","isPartOf":{"@id":"https:\/\/www.krafthand.de\/truck\/artikel\/die-wabco-central-brake-unit-jetzt-auch-wiederaufbereitet-42904\/"},"author":{"name":"georg.blenk@krafthand-medien.de","@id":"https:\/\/www.krafthand.de\/truck\/#\/schema\/person\/51fa80b1c57034c4bf63f9f988fc24ce"},"headline":"Die Wabco Central Brake Unit jetzt auch wiederaufbereitet","datePublished":"2025-06-10T09:23:25+00:00","dateModified":"2026-05-01T09:59:36+00:00","mainEntityOfPage":{"@id":"https:\/\/www.krafthand.de\/truck\/artikel\/die-wabco-central-brake-unit-jetzt-auch-wiederaufbereitet-42904\/"},"wordCount":177,"image":{"@id":"https:\/\/www.krafthand.de\/truck\/artikel\/die-wabco-central-brake-unit-jetzt-auch-wiederaufbereitet-42904\/#primaryimage"},"thumbnailUrl":"https:\/\/static.krafthand-truck.de\/uploads\/2025\/06\/02_2025_019.jpg","keywords":["Bremse","Reman","Wabco","Wiederaufbereitung","ZF"],"articleSection":["Ersatzteile\/Zubeh\u00f6r","Nfz-Teile\/Systeme"],"inLanguage":"de"},{"@type":"WebPage","@id":"https:\/\/www.krafthand.de\/truck\/artikel\/die-wabco-central-brake-unit-jetzt-auch-wiederaufbereitet-42904\/","url":"https:\/\/www.krafthand.de\/truck\/artikel\/die-wabco-central-brake-unit-jetzt-auch-wiederaufbereitet-42904\/","name":"Die Wabco Central Brake Unit jetzt auch wiederaufbereitet - Krafthand-Truck","isPartOf":{"@id":"https:\/\/www.krafthand.de\/truck\/#website"},"primaryImageOfPage":{"@id":"https:\/\/www.krafthand.de\/truck\/artikel\/die-wabco-central-brake-unit-jetzt-auch-wiederaufbereitet-42904\/#primaryimage"},"image":{"@id":"https:\/\/www.krafthand.de\/truck\/artikel\/die-wabco-central-brake-unit-jetzt-auch-wiederaufbereitet-42904\/#primaryimage"},"thumbnailUrl":"https:\/\/static.krafthand-truck.de\/uploads\/2025\/06\/02_2025_019.jpg","datePublished":"2025-06-10T09:23:25+00:00","dateModified":"2026-05-01T09:59:36+00:00","author":{"@id":"https:\/\/www.krafthand.de\/truck\/#\/schema\/person\/51fa80b1c57034c4bf63f9f988fc24ce"},"description":"Der Aftermarket-Bereich von ZF pr\u00e4sentierte k\u00fcrzlich die WABCO Central Brake Unit als wiederaufbereitetes Ersatzteil.","breadcrumb":{"@id":"https:\/\/www.krafthand.de\/truck\/artikel\/die-wabco-central-brake-unit-jetzt-auch-wiederaufbereitet-42904\/#breadcrumb"},"inLanguage":"de","potentialAction":[{"@type":"ReadAction","target":["https:\/\/www.krafthand.de\/truck\/artikel\/die-wabco-central-brake-unit-jetzt-auch-wiederaufbereitet-42904\/"]}]},{"@type":"ImageObject","inLanguage":"de","@id":"https:\/\/www.krafthand.de\/truck\/artikel\/die-wabco-central-brake-unit-jetzt-auch-wiederaufbereitet-42904\/#primaryimage","url":"https:\/\/static.krafthand-truck.de\/uploads\/2025\/06\/02_2025_019.jpg","contentUrl":"https:\/\/static.krafthand-truck.de\/uploads\/2025\/06\/02_2025_019.jpg","width":668,"height":1035},{"@type":"BreadcrumbList","@id":"https:\/\/www.krafthand.de\/truck\/artikel\/die-wabco-central-brake-unit-jetzt-auch-wiederaufbereitet-42904\/#breadcrumb","itemListElement":[{"@type":"ListItem","position":1,"name":"Krafthand-Truck","item":"https:\/\/www.krafthand.de\/truck\/"},{"@type":"ListItem","position":2,"name":"Nfz-Service","item":"https:\/\/www.krafthand.de\/truck\/kategorie\/nfz-service\/"},{"@type":"ListItem","position":3,"name":"Ersatzteile\/Zubeh\u00f6r","item":"https:\/\/www.krafthand.de\/truck\/kategorie\/nfz-service\/ersatzteile-zubehoer\/"},{"@type":"ListItem","position":4,"name":"Die Wabco Central Brake Unit jetzt auch wiederaufbereitet"}]},{"@type":"WebSite","@id":"https:\/\/www.krafthand.de\/truck\/#website","url":"https:\/\/www.krafthand.de\/truck\/","name":"Krafthand-Truck","description":"","potentialAction":[{"@type":"SearchAction","target":{"@type":"EntryPoint","urlTemplate":"https:\/\/www.krafthand.de\/truck\/?s={search_term_string}"},"query-input":{"@type":"PropertyValueSpecification","valueRequired":true,"valueName":"search_term_string"}}],"inLanguage":"de"},{"@type":"Person","@id":"https:\/\/www.krafthand.de\/truck\/#\/schema\/person\/51fa80b1c57034c4bf63f9f988fc24ce","name":"georg.blenk@krafthand-medien.de","image":{"@type":"ImageObject","inLanguage":"de","@id":"https:\/\/secure.gravatar.com\/avatar\/93713c30affe0aa95d3a4130e499bb1abee2eb31adbdd9ce2aa1543538490215?s=96&d=mm&r=g","url":"https:\/\/secure.gravatar.com\/avatar\/93713c30affe0aa95d3a4130e499bb1abee2eb31adbdd9ce2aa1543538490215?s=96&d=mm&r=g","contentUrl":"https:\/\/secure.gravatar.com\/avatar\/93713c30affe0aa95d3a4130e499bb1abee2eb31adbdd9ce2aa1543538490215?s=96&d=mm&r=g","caption":"georg.blenk@krafthand-medien.de"}}]}},"_links":{"self":[{"href":"https:\/\/www.krafthand.de\/truck\/wp-json\/wp\/v2\/posts\/42904","targetHints":{"allow":["GET"]}}],"collection":[{"href":"https:\/\/www.krafthand.de\/truck\/wp-json\/wp\/v2\/posts"}],"about":[{"href":"https:\/\/www.krafthand.de\/truck\/wp-json\/wp\/v2\/types\/post"}],"author":[{"embeddable":true,"href":"https:\/\/www.krafthand.de\/truck\/wp-json\/wp\/v2\/users\/9"}],"replies":[{"embeddable":true,"href":"https:\/\/www.krafthand.de\/truck\/wp-json\/wp\/v2\/comments?post=42904"}],"version-history":[{"count":4,"href":"https:\/\/www.krafthand.de\/truck\/wp-json\/wp\/v2\/posts\/42904\/revisions"}],"predecessor-version":[{"id":46230,"href":"https:\/\/www.krafthand.de\/truck\/wp-json\/wp\/v2\/posts\/42904\/revisions\/46230"}],"wp:featuredmedia":[{"embeddable":true,"href":"https:\/\/www.krafthand.de\/truck\/wp-json\/wp\/v2\/media\/42905"}],"wp:attachment":[{"href":"https:\/\/www.krafthand.de\/truck\/wp-json\/wp\/v2\/media?parent=42904"}],"wp:term":[{"taxonomy":"category","embeddable":true,"href":"https:\/\/www.krafthand.de\/truck\/wp-json\/wp\/v2\/categories?post=42904"},{"taxonomy":"post_tag","embeddable":true,"href":"https:\/\/www.krafthand.de\/truck\/wp-json\/wp\/v2\/tags?post=42904"},{"taxonomy":"settings","embeddable":true,"href":"https:\/\/www.krafthand.de\/truck\/wp-json\/wp\/v2\/settings?post=42904"}],"curies":[{"name":"wp","href":"https:\/\/api.w.org\/{rel}","templated":true}]}}