{"id":42861,"date":"2025-06-06T13:39:15","date_gmt":"2025-06-06T11:39:15","guid":{"rendered":"https:\/\/www.krafthand.de\/truck\/?p=42861"},"modified":"2025-06-06T14:52:46","modified_gmt":"2025-06-06T12:52:46","slug":"hersteller-und-kunde","status":"publish","type":"post","link":"https:\/\/www.krafthand.de\/truck\/artikel\/hersteller-und-kunde-42861\/","title":{"rendered":"Hersteller und Kunde"},"content":{"rendered":"<p>Die Nutzfahrzeugbranche erlebt einen tiefgreifenden, technologischen Wandel. Eindrucksvoll zeigte sich dies bei der j\u00fcngsten Handelsblatt-Jahrestagung Nfz in M\u00fcnchen. Zahlreiche Expertinnen und Experten gew\u00e4hrten Einblick in ihre Gesch\u00e4ftsmodelle, in technologische L\u00f6sungen. Im Fokus standen alternative Antriebe, Miet- und Optimierungsmodelle und vor allem die Lade- und Tankinfrastruktur. Mit Super Panther zeigte sich ein v\u00f6llig neuer Player in Sachen Elektrifizierung und Systeml\u00f6sungen.<\/p>\n<p>Auch zahlreiche Spediteure, Flottenbetreiber und Service-Experten waren zugegen. Sie m\u00f6chten heute und in Zukunft mit den Fahrzeugen Geld verdienen, m\u00fcssen sie warten, reparieren, in Betrieb halten. Dabei spielt die Optimierung von Prozessen entlang der gesamten Wertsch\u00f6pfungskette eine zentrale Rolle \u2013 auch f\u00fcr Nfz-Werkst\u00e4tten, auch beim Service. Im Grunde gilt es beide Welten, Hersteller und Kunden, besser zu verschr\u00e4nken um die Optimierung weiter voran zu treiben.<\/p>\n<blockquote class=\"khm-quote\"><p>Die Nutzfahrzeughersteller m\u00fcssen Kunden- und Service-zentriert denken.<\/p><\/blockquote>\n<p>Der klassische Diesel bleibt unverzichtbar \u2013 robust, effizient und in vielen Anwendungen auch mittelfristig alternativlos. Doch neue Antriebe gewinnen immer mehr an Bedeutung. Zahlreiche Speditionen haben bereits Fahrzeuge am Laufen, testen, pr\u00fcfen, integrieren. Die OEMs haben die Produktion hochgefahren, die Fahrzeuge sind verf\u00fcgbar. Die Wartung erfordert jedoch neue Kompetenzen: Hochvolttechnik, Lade- und Thermomanagement oder der Umgang mit Wasserstoff. Hinzu kommen neue Fahrerassistenzsysteme. Der technische Fortschritt verlangt eine kontinuierliche Weiterbildung und die Bereitschaft, neue Wege zu gehen.\u00a0Das geht nur zusammen.<\/p>\n<p>Bleiben Sie neugierig und gut informiert!<\/p>\n<p>Mit besten Gr\u00fc\u00dfen<\/p>\n<p>Ihr<br \/>\nGeorg Blenk<\/p>\n<p><i>Den Beitrag finden Sie auch in der Print-Ausgabe 2-2025 der <a href=\"https:\/\/www.krafthand.de\/truck\/magazin\/\" title=\"Zum Magazin\">Krafthand-Truck<\/a>.<\/i><\/p>","protected":false},"excerpt":{"rendered":"<p>Die Nutzfahrzeugbranche erlebt einen tiefgreifenden, technologischen Wandel. Eindrucksvoll zeigte sich dies bei der j\u00fcngsten Handelsblatt-Jahrestagung Nfz in M\u00fcnchen. Zahlreiche Expertinnen und Experten gew\u00e4hrten Einblick in ihre Gesch\u00e4ftsmodelle, in technologische L\u00f6sungen.  <span class=\"excerpt-more__dots\">&#8230;<\/span> <a class=\"excerpt-more__link\" href=\"https:\/\/www.krafthand.de\/truck\/artikel\/hersteller-und-kunde-42861\/\" >weiter<\/a><\/p>\n","protected":false},"author":9,"featured_media":42309,"comment_status":"closed","ping_status":"closed","sticky":false,"template":"","format":"standard","meta":{"footnotes":""},"categories":[5841],"tags":[5842],"settings":[3523],"class_list":["post-42861","post","type-post","status-publish","format-standard","has-post-thumbnail","hentry","category-editorial","tag-editorial"],"yoast_head":"<!-- This site is optimized with the Yoast SEO plugin v27.3 - https:\/\/yoast.com\/product\/yoast-seo-wordpress\/ -->\n<title>Hersteller und Kunde - Krafthand-Truck<\/title>\n<meta name=\"description\" content=\"Die Nutzfahrzeugbranche erlebt einen tiefgreifenden, technologischen Wandel. Eindrucksvoll zeigte sich dies bei der Handelsblatt-Jahrestagung Nfz.\" \/>\n<meta name=\"robots\" content=\"index, follow, max-snippet:-1, max-image-preview:large, max-video-preview:-1\" \/>\n<link rel=\"canonical\" href=\"https:\/\/www.krafthand.de\/truck\/artikel\/hersteller-und-kunde-42861\/\" \/>\n<meta property=\"og:locale\" content=\"de_DE\" \/>\n<meta property=\"og:type\" content=\"article\" \/>\n<meta property=\"og:title\" content=\"Hersteller und Kunde - Krafthand-Truck\" \/>\n<meta property=\"og:description\" content=\"Die Nutzfahrzeugbranche erlebt einen tiefgreifenden, technologischen Wandel. Eindrucksvoll zeigte sich dies bei der Handelsblatt-Jahrestagung Nfz.\" \/>\n<meta property=\"og:url\" content=\"https:\/\/www.krafthand-truck.de\/artikel\/hersteller-und-kunde-42861\/\" \/>\n<meta property=\"og:site_name\" content=\"Krafthand-Truck\" \/>\n<meta property=\"article:published_time\" content=\"2025-06-06T11:39:15+00:00\" \/>\n<meta property=\"article:modified_time\" content=\"2025-06-06T12:52:46+00:00\" \/>\n<meta property=\"og:image\" content=\"https:\/\/static.krafthand-truck.de\/uploads\/2025\/03\/Krafthand_Truck_1_2025_Georg_Blenk_Editorial.jpg\" \/>\n\t<meta property=\"og:image:width\" content=\"1100\" \/>\n\t<meta property=\"og:image:height\" content=\"755\" \/>\n\t<meta property=\"og:image:type\" content=\"image\/jpeg\" \/>\n<meta name=\"author\" content=\"georg.blenk@krafthand-medien.de\" \/>\n<meta name=\"twitter:card\" content=\"summary_large_image\" \/>\n<meta name=\"twitter:label1\" content=\"Verfasst von\" \/>\n\t<meta name=\"twitter:data1\" content=\"georg.blenk@krafthand-medien.de\" \/>\n\t<meta name=\"twitter:label2\" content=\"Gesch\u00e4tzte Lesezeit\" \/>\n\t<meta name=\"twitter:data2\" content=\"2\u00a0Minuten\" \/>\n<script type=\"application\/ld+json\" class=\"yoast-schema-graph\">{\"@context\":\"https:\\\/\\\/schema.org\",\"@graph\":[{\"@type\":\"Article\",\"@id\":\"https:\\\/\\\/www.krafthand.de\\\/truck\\\/artikel\\\/hersteller-und-kunde-42861\\\/#article\",\"isPartOf\":{\"@id\":\"https:\\\/\\\/www.krafthand.de\\\/truck\\\/artikel\\\/hersteller-und-kunde-42861\\\/\"},\"author\":{\"name\":\"georg.blenk@krafthand-medien.de\",\"@id\":\"https:\\\/\\\/www.krafthand.de\\\/truck\\\/#\\\/schema\\\/person\\\/51fa80b1c57034c4bf63f9f988fc24ce\"},\"headline\":\"Hersteller und Kunde\",\"datePublished\":\"2025-06-06T11:39:15+00:00\",\"dateModified\":\"2025-06-06T12:52:46+00:00\",\"mainEntityOfPage\":{\"@id\":\"https:\\\/\\\/www.krafthand.de\\\/truck\\\/artikel\\\/hersteller-und-kunde-42861\\\/\"},\"wordCount\":243,\"image\":{\"@id\":\"https:\\\/\\\/www.krafthand.de\\\/truck\\\/artikel\\\/hersteller-und-kunde-42861\\\/#primaryimage\"},\"thumbnailUrl\":\"https:\\\/\\\/static.krafthand-truck.de\\\/uploads\\\/2025\\\/03\\\/Krafthand_Truck_1_2025_Georg_Blenk_Editorial.jpg\",\"keywords\":[\"Editorial\"],\"articleSection\":[\"Editorial\"],\"inLanguage\":\"de\"},{\"@type\":\"WebPage\",\"@id\":\"https:\\\/\\\/www.krafthand.de\\\/truck\\\/artikel\\\/hersteller-und-kunde-42861\\\/\",\"url\":\"https:\\\/\\\/www.krafthand.de\\\/truck\\\/artikel\\\/hersteller-und-kunde-42861\\\/\",\"name\":\"Hersteller und Kunde - Krafthand-Truck\",\"isPartOf\":{\"@id\":\"https:\\\/\\\/www.krafthand.de\\\/truck\\\/#website\"},\"primaryImageOfPage\":{\"@id\":\"https:\\\/\\\/www.krafthand.de\\\/truck\\\/artikel\\\/hersteller-und-kunde-42861\\\/#primaryimage\"},\"image\":{\"@id\":\"https:\\\/\\\/www.krafthand.de\\\/truck\\\/artikel\\\/hersteller-und-kunde-42861\\\/#primaryimage\"},\"thumbnailUrl\":\"https:\\\/\\\/static.krafthand-truck.de\\\/uploads\\\/2025\\\/03\\\/Krafthand_Truck_1_2025_Georg_Blenk_Editorial.jpg\",\"datePublished\":\"2025-06-06T11:39:15+00:00\",\"dateModified\":\"2025-06-06T12:52:46+00:00\",\"author\":{\"@id\":\"https:\\\/\\\/www.krafthand.de\\\/truck\\\/#\\\/schema\\\/person\\\/51fa80b1c57034c4bf63f9f988fc24ce\"},\"description\":\"Die Nutzfahrzeugbranche erlebt einen tiefgreifenden, technologischen Wandel. Eindrucksvoll zeigte sich dies bei der Handelsblatt-Jahrestagung Nfz.\",\"breadcrumb\":{\"@id\":\"https:\\\/\\\/www.krafthand.de\\\/truck\\\/artikel\\\/hersteller-und-kunde-42861\\\/#breadcrumb\"},\"inLanguage\":\"de\",\"potentialAction\":[{\"@type\":\"ReadAction\",\"target\":[\"https:\\\/\\\/www.krafthand.de\\\/truck\\\/artikel\\\/hersteller-und-kunde-42861\\\/\"]}]},{\"@type\":\"ImageObject\",\"inLanguage\":\"de\",\"@id\":\"https:\\\/\\\/www.krafthand.de\\\/truck\\\/artikel\\\/hersteller-und-kunde-42861\\\/#primaryimage\",\"url\":\"https:\\\/\\\/static.krafthand-truck.de\\\/uploads\\\/2025\\\/03\\\/Krafthand_Truck_1_2025_Georg_Blenk_Editorial.jpg\",\"contentUrl\":\"https:\\\/\\\/static.krafthand-truck.de\\\/uploads\\\/2025\\\/03\\\/Krafthand_Truck_1_2025_Georg_Blenk_Editorial.jpg\",\"width\":1100,\"height\":755},{\"@type\":\"BreadcrumbList\",\"@id\":\"https:\\\/\\\/www.krafthand.de\\\/truck\\\/artikel\\\/hersteller-und-kunde-42861\\\/#breadcrumb\",\"itemListElement\":[{\"@type\":\"ListItem\",\"position\":1,\"name\":\"Krafthand-Truck\",\"item\":\"https:\\\/\\\/www.krafthand.de\\\/truck\\\/\"},{\"@type\":\"ListItem\",\"position\":2,\"name\":\"Editorial\",\"item\":\"https:\\\/\\\/www.krafthand.de\\\/truck\\\/kategorie\\\/editorial\\\/\"},{\"@type\":\"ListItem\",\"position\":3,\"name\":\"Hersteller und Kunde\"}]},{\"@type\":\"WebSite\",\"@id\":\"https:\\\/\\\/www.krafthand.de\\\/truck\\\/#website\",\"url\":\"https:\\\/\\\/www.krafthand.de\\\/truck\\\/\",\"name\":\"Krafthand-Truck\",\"description\":\"\",\"potentialAction\":[{\"@type\":\"SearchAction\",\"target\":{\"@type\":\"EntryPoint\",\"urlTemplate\":\"https:\\\/\\\/www.krafthand.de\\\/truck\\\/?s={search_term_string}\"},\"query-input\":{\"@type\":\"PropertyValueSpecification\",\"valueRequired\":true,\"valueName\":\"search_term_string\"}}],\"inLanguage\":\"de\"},{\"@type\":\"Person\",\"@id\":\"https:\\\/\\\/www.krafthand.de\\\/truck\\\/#\\\/schema\\\/person\\\/51fa80b1c57034c4bf63f9f988fc24ce\",\"name\":\"georg.blenk@krafthand-medien.de\",\"image\":{\"@type\":\"ImageObject\",\"inLanguage\":\"de\",\"@id\":\"https:\\\/\\\/secure.gravatar.com\\\/avatar\\\/93713c30affe0aa95d3a4130e499bb1abee2eb31adbdd9ce2aa1543538490215?s=96&d=mm&r=g\",\"url\":\"https:\\\/\\\/secure.gravatar.com\\\/avatar\\\/93713c30affe0aa95d3a4130e499bb1abee2eb31adbdd9ce2aa1543538490215?s=96&d=mm&r=g\",\"contentUrl\":\"https:\\\/\\\/secure.gravatar.com\\\/avatar\\\/93713c30affe0aa95d3a4130e499bb1abee2eb31adbdd9ce2aa1543538490215?s=96&d=mm&r=g\",\"caption\":\"georg.blenk@krafthand-medien.de\"}}]}<\/script>\n<!-- \/ Yoast SEO plugin. -->","yoast_head_json":{"title":"Hersteller und Kunde - Krafthand-Truck","description":"Die Nutzfahrzeugbranche erlebt einen tiefgreifenden, technologischen Wandel. Eindrucksvoll zeigte sich dies bei der Handelsblatt-Jahrestagung Nfz.","robots":{"index":"index","follow":"follow","max-snippet":"max-snippet:-1","max-image-preview":"max-image-preview:large","max-video-preview":"max-video-preview:-1"},"canonical":"https:\/\/www.krafthand.de\/truck\/artikel\/hersteller-und-kunde-42861\/","og_locale":"de_DE","og_type":"article","og_title":"Hersteller und Kunde - Krafthand-Truck","og_description":"Die Nutzfahrzeugbranche erlebt einen tiefgreifenden, technologischen Wandel. Eindrucksvoll zeigte sich dies bei der Handelsblatt-Jahrestagung Nfz.","og_url":"https:\/\/www.krafthand-truck.de\/artikel\/hersteller-und-kunde-42861\/","og_site_name":"Krafthand-Truck","article_published_time":"2025-06-06T11:39:15+00:00","article_modified_time":"2025-06-06T12:52:46+00:00","og_image":[{"width":1100,"height":755,"url":"https:\/\/static.krafthand-truck.de\/uploads\/2025\/03\/Krafthand_Truck_1_2025_Georg_Blenk_Editorial.jpg","type":"image\/jpeg"}],"author":"georg.blenk@krafthand-medien.de","twitter_card":"summary_large_image","twitter_misc":{"Verfasst von":"georg.blenk@krafthand-medien.de","Gesch\u00e4tzte Lesezeit":"2\u00a0Minuten"},"schema":{"@context":"https:\/\/schema.org","@graph":[{"@type":"Article","@id":"https:\/\/www.krafthand.de\/truck\/artikel\/hersteller-und-kunde-42861\/#article","isPartOf":{"@id":"https:\/\/www.krafthand.de\/truck\/artikel\/hersteller-und-kunde-42861\/"},"author":{"name":"georg.blenk@krafthand-medien.de","@id":"https:\/\/www.krafthand.de\/truck\/#\/schema\/person\/51fa80b1c57034c4bf63f9f988fc24ce"},"headline":"Hersteller und Kunde","datePublished":"2025-06-06T11:39:15+00:00","dateModified":"2025-06-06T12:52:46+00:00","mainEntityOfPage":{"@id":"https:\/\/www.krafthand.de\/truck\/artikel\/hersteller-und-kunde-42861\/"},"wordCount":243,"image":{"@id":"https:\/\/www.krafthand.de\/truck\/artikel\/hersteller-und-kunde-42861\/#primaryimage"},"thumbnailUrl":"https:\/\/static.krafthand-truck.de\/uploads\/2025\/03\/Krafthand_Truck_1_2025_Georg_Blenk_Editorial.jpg","keywords":["Editorial"],"articleSection":["Editorial"],"inLanguage":"de"},{"@type":"WebPage","@id":"https:\/\/www.krafthand.de\/truck\/artikel\/hersteller-und-kunde-42861\/","url":"https:\/\/www.krafthand.de\/truck\/artikel\/hersteller-und-kunde-42861\/","name":"Hersteller und Kunde - Krafthand-Truck","isPartOf":{"@id":"https:\/\/www.krafthand.de\/truck\/#website"},"primaryImageOfPage":{"@id":"https:\/\/www.krafthand.de\/truck\/artikel\/hersteller-und-kunde-42861\/#primaryimage"},"image":{"@id":"https:\/\/www.krafthand.de\/truck\/artikel\/hersteller-und-kunde-42861\/#primaryimage"},"thumbnailUrl":"https:\/\/static.krafthand-truck.de\/uploads\/2025\/03\/Krafthand_Truck_1_2025_Georg_Blenk_Editorial.jpg","datePublished":"2025-06-06T11:39:15+00:00","dateModified":"2025-06-06T12:52:46+00:00","author":{"@id":"https:\/\/www.krafthand.de\/truck\/#\/schema\/person\/51fa80b1c57034c4bf63f9f988fc24ce"},"description":"Die Nutzfahrzeugbranche erlebt einen tiefgreifenden, technologischen Wandel. Eindrucksvoll zeigte sich dies bei der Handelsblatt-Jahrestagung Nfz.","breadcrumb":{"@id":"https:\/\/www.krafthand.de\/truck\/artikel\/hersteller-und-kunde-42861\/#breadcrumb"},"inLanguage":"de","potentialAction":[{"@type":"ReadAction","target":["https:\/\/www.krafthand.de\/truck\/artikel\/hersteller-und-kunde-42861\/"]}]},{"@type":"ImageObject","inLanguage":"de","@id":"https:\/\/www.krafthand.de\/truck\/artikel\/hersteller-und-kunde-42861\/#primaryimage","url":"https:\/\/static.krafthand-truck.de\/uploads\/2025\/03\/Krafthand_Truck_1_2025_Georg_Blenk_Editorial.jpg","contentUrl":"https:\/\/static.krafthand-truck.de\/uploads\/2025\/03\/Krafthand_Truck_1_2025_Georg_Blenk_Editorial.jpg","width":1100,"height":755},{"@type":"BreadcrumbList","@id":"https:\/\/www.krafthand.de\/truck\/artikel\/hersteller-und-kunde-42861\/#breadcrumb","itemListElement":[{"@type":"ListItem","position":1,"name":"Krafthand-Truck","item":"https:\/\/www.krafthand.de\/truck\/"},{"@type":"ListItem","position":2,"name":"Editorial","item":"https:\/\/www.krafthand.de\/truck\/kategorie\/editorial\/"},{"@type":"ListItem","position":3,"name":"Hersteller und Kunde"}]},{"@type":"WebSite","@id":"https:\/\/www.krafthand.de\/truck\/#website","url":"https:\/\/www.krafthand.de\/truck\/","name":"Krafthand-Truck","description":"","potentialAction":[{"@type":"SearchAction","target":{"@type":"EntryPoint","urlTemplate":"https:\/\/www.krafthand.de\/truck\/?s={search_term_string}"},"query-input":{"@type":"PropertyValueSpecification","valueRequired":true,"valueName":"search_term_string"}}],"inLanguage":"de"},{"@type":"Person","@id":"https:\/\/www.krafthand.de\/truck\/#\/schema\/person\/51fa80b1c57034c4bf63f9f988fc24ce","name":"georg.blenk@krafthand-medien.de","image":{"@type":"ImageObject","inLanguage":"de","@id":"https:\/\/secure.gravatar.com\/avatar\/93713c30affe0aa95d3a4130e499bb1abee2eb31adbdd9ce2aa1543538490215?s=96&d=mm&r=g","url":"https:\/\/secure.gravatar.com\/avatar\/93713c30affe0aa95d3a4130e499bb1abee2eb31adbdd9ce2aa1543538490215?s=96&d=mm&r=g","contentUrl":"https:\/\/secure.gravatar.com\/avatar\/93713c30affe0aa95d3a4130e499bb1abee2eb31adbdd9ce2aa1543538490215?s=96&d=mm&r=g","caption":"georg.blenk@krafthand-medien.de"}}]}},"_links":{"self":[{"href":"https:\/\/www.krafthand.de\/truck\/wp-json\/wp\/v2\/posts\/42861","targetHints":{"allow":["GET"]}}],"collection":[{"href":"https:\/\/www.krafthand.de\/truck\/wp-json\/wp\/v2\/posts"}],"about":[{"href":"https:\/\/www.krafthand.de\/truck\/wp-json\/wp\/v2\/types\/post"}],"author":[{"embeddable":true,"href":"https:\/\/www.krafthand.de\/truck\/wp-json\/wp\/v2\/users\/9"}],"replies":[{"embeddable":true,"href":"https:\/\/www.krafthand.de\/truck\/wp-json\/wp\/v2\/comments?post=42861"}],"version-history":[{"count":2,"href":"https:\/\/www.krafthand.de\/truck\/wp-json\/wp\/v2\/posts\/42861\/revisions"}],"predecessor-version":[{"id":42863,"href":"https:\/\/www.krafthand.de\/truck\/wp-json\/wp\/v2\/posts\/42861\/revisions\/42863"}],"wp:featuredmedia":[{"embeddable":true,"href":"https:\/\/www.krafthand.de\/truck\/wp-json\/wp\/v2\/media\/42309"}],"wp:attachment":[{"href":"https:\/\/www.krafthand.de\/truck\/wp-json\/wp\/v2\/media?parent=42861"}],"wp:term":[{"taxonomy":"category","embeddable":true,"href":"https:\/\/www.krafthand.de\/truck\/wp-json\/wp\/v2\/categories?post=42861"},{"taxonomy":"post_tag","embeddable":true,"href":"https:\/\/www.krafthand.de\/truck\/wp-json\/wp\/v2\/tags?post=42861"},{"taxonomy":"settings","embeddable":true,"href":"https:\/\/www.krafthand.de\/truck\/wp-json\/wp\/v2\/settings?post=42861"}],"curies":[{"name":"wp","href":"https:\/\/api.w.org\/{rel}","templated":true}]}}