{"id":42818,"date":"2025-06-03T11:18:45","date_gmt":"2025-06-03T09:18:45","guid":{"rendered":"https:\/\/www.krafthand.de\/truck\/?p=42818"},"modified":"2025-06-03T11:19:42","modified_gmt":"2025-06-03T09:19:42","slug":"josam-mit-neuer-hydraulischer-hebeeinheit-von-wallmek","status":"publish","type":"post","link":"https:\/\/www.krafthand.de\/truck\/artikel\/josam-mit-neuer-hydraulischer-hebeeinheit-von-wallmek-42818\/","title":{"rendered":"Josam mit neuer hydraulischer Hebeeinheit von Wallmek"},"content":{"rendered":"<p>JOSAM Richttechnik hat eine neue hydraulische Hebeeinheit im Programm. Das System stammt vom schwedischen Hersteller von hydraulischen Werkzeugen f\u00fcr Nfz-Werkst\u00e4tten, <a href=\"https:\/\/www.wallmek.se\/en\/\" target=\"_blank\" rel=\"noopener\">Wallmek<\/a>. Die Hebeeinheit vereinfacht den Einsatz von schweren Werkzeugen bei schweren Arbeiten und sorgt damit gleichzeitig f\u00fcr mehr Sicherheit und Komfort im Werkstatt-Alltag. M\u00fchelos\u00a0 erfolgen mit der neuen hydraulischen Hebeeinheit beispielsweise schwere Arbeiten wie der Austausch von Achsschenkelbolzen.<\/p>\n<p>Der mobile Heber hat eine integrierte Hydraulikpumpe, die eine Hubkapazit\u00e4t bis 350 kg garantiert. Auf dem verstellbaren Hebearm wird das Werkzeug montiert, beispielsweise ein Pressb\u00fcgel, der dann f\u00fcr den Austausch von Achsschenkelbolzen einfach zu der Stelle verschoben wird, wo er ben\u00f6tigt wird. Notwendige Werkzeuge f\u00fcr die Nabendemontage k\u00f6nnen in der beiliegenden Werkzeughalterung fixiert werden. Schwere Naben mit Bremsscheibe oder Naben mit Zwillingsbereifung in Kombination mit Bremstrommeln, lassen sich laut <a href=\"https:\/\/nfz-werkstattausruestung.de\/\" target=\"_blank\" rel=\"noopener\">JOSAM<\/a> ebenfalls ergonomisch und sicher vom Fahrzeug abziehen und wieder montieren.<\/p>\n<figure id=\"attachment_42823\" aria-describedby=\"caption-attachment-42823\" style=\"width: 360px\" class=\"wp-caption alignleft\"><a href=\"https:\/\/static.krafthand-truck.de\/uploads\/2025\/06\/Wallmek_Hubvorrichtung_Lkw_Achse_Bremse_Radnabe.jpg\" target=\"_blank\" rel=\"noopener\"><img fetchpriority=\"high\" decoding=\"async\" class=\"wp-image-42823\" src=\"https:\/\/static.krafthand-truck.de\/uploads\/2025\/06\/Wallmek_Hubvorrichtung_Lkw_Achse_Bremse_Radnabe-300x199.jpg\" alt=\"\" width=\"360\" height=\"239\" srcset=\"https:\/\/static.krafthand-truck.de\/uploads\/2025\/06\/Wallmek_Hubvorrichtung_Lkw_Achse_Bremse_Radnabe-300x199.jpg 300w, https:\/\/static.krafthand-truck.de\/uploads\/2025\/06\/Wallmek_Hubvorrichtung_Lkw_Achse_Bremse_Radnabe-1024x680.jpg 1024w, https:\/\/static.krafthand-truck.de\/uploads\/2025\/06\/Wallmek_Hubvorrichtung_Lkw_Achse_Bremse_Radnabe-768x510.jpg 768w, https:\/\/static.krafthand-truck.de\/uploads\/2025\/06\/Wallmek_Hubvorrichtung_Lkw_Achse_Bremse_Radnabe.jpg 1200w\" sizes=\"(max-width: 360px) 100vw, 360px\" \/><\/a><figcaption id=\"caption-attachment-42823\" class=\"wp-caption-text\">Wallmek pr\u00e4sentierte die neue Hebeeinheit auch auf der Autopromotec in Bologna. Bild: Georg Blenk<\/figcaption><\/figure>\n<p>Dank der vier schwenkbaren R\u00e4der ist die Hebeeinheit maximal flexibel und l\u00e4sst sich leicht bewegen und man\u00f6vrieren, selbst bei einer sehr hohen Last. Die vorderen R\u00e4der k\u00f6nnen w\u00e4hrend der Arbeit in einer geraden Position verriegelt werden. Die Hebeeinheit l\u00e4sst sich durch weitere Zubeh\u00f6rteile und Werkzeuge erg\u00e4nzen.<\/p>\n<p><i>Den Beitrag finden Sie auch in der Print-Ausgabe 2-2025 der <a href=\"https:\/\/www.krafthand.de\/truck\/magazin\/\" title=\"Zum Magazin\">Krafthand-Truck<\/a>.<\/i><\/p>","protected":false},"excerpt":{"rendered":"<p>JOSAM Richttechnik hat eine neue hydraulische Hebeeinheit im Programm. Das System stammt vom schwedischen Hersteller von hydraulischen Werkzeugen f\u00fcr Nfz-Werkst\u00e4tten, Wallmek. Die Hebeeinheit vereinfacht den Einsatz von schweren Werkzeugen bei schweren Arbeiten und sorgt damit gleichzeitig f\u00fcr mehr Sicherheit und Komfort im Werkstatt-Alltag. <span class=\"excerpt-more__dots\">&#8230;<\/span> <a class=\"excerpt-more__link\" href=\"https:\/\/www.krafthand.de\/truck\/artikel\/josam-mit-neuer-hydraulischer-hebeeinheit-von-wallmek-42818\/\" >weiter<\/a><\/p>\n","protected":false},"author":9,"featured_media":42822,"comment_status":"closed","ping_status":"closed","sticky":false,"template":"","format":"standard","meta":{"footnotes":""},"categories":[4220],"tags":[3585,6245,2537,6246,4329],"settings":[4766,3523],"class_list":["post-42818","post","type-post","status-publish","format-standard","has-post-thumbnail","hentry","category-werkstattausruestung","tag-hebeeinheit","tag-hubvorrichtung","tag-josam","tag-nabenheber","tag-wallmek"],"yoast_head":"<!-- This site is optimized with the Yoast SEO plugin v27.3 - https:\/\/yoast.com\/product\/yoast-seo-wordpress\/ -->\n<title>Josam mit neuer hydraulischer Hebeeinheit von Wallmek - Krafthand-Truck<\/title>\n<meta name=\"description\" content=\"JOSAM Richttechnik hat eine neue hydraulische Hebeeinheit von Wallmek im Programm.\" \/>\n<meta name=\"robots\" content=\"index, follow, max-snippet:-1, max-image-preview:large, max-video-preview:-1\" \/>\n<link rel=\"canonical\" href=\"https:\/\/www.krafthand.de\/truck\/artikel\/josam-mit-neuer-hydraulischer-hebeeinheit-von-wallmek-42818\/\" \/>\n<meta property=\"og:locale\" content=\"de_DE\" \/>\n<meta property=\"og:type\" content=\"article\" \/>\n<meta property=\"og:title\" content=\"Josam mit neuer hydraulischer Hebeeinheit von Wallmek - Krafthand-Truck\" \/>\n<meta property=\"og:description\" content=\"JOSAM Richttechnik hat eine neue hydraulische Hebeeinheit von Wallmek im Programm.\" \/>\n<meta property=\"og:url\" content=\"https:\/\/www.krafthand-truck.de\/artikel\/josam-mit-neuer-hydraulischer-hebeeinheit-von-wallmek-42818\/\" \/>\n<meta property=\"og:site_name\" content=\"Krafthand-Truck\" \/>\n<meta property=\"article:published_time\" content=\"2025-06-03T09:18:45+00:00\" \/>\n<meta property=\"article:modified_time\" content=\"2025-06-03T09:19:42+00:00\" \/>\n<meta property=\"og:image\" content=\"https:\/\/static.krafthand-truck.de\/uploads\/2025\/06\/Josam_Wallmek_Hubvorrichtung_Lkw_Achse.jpg\" \/>\n\t<meta property=\"og:image:width\" content=\"1200\" \/>\n\t<meta property=\"og:image:height\" content=\"1349\" \/>\n\t<meta property=\"og:image:type\" content=\"image\/jpeg\" \/>\n<meta name=\"author\" content=\"georg.blenk@krafthand-medien.de\" \/>\n<meta name=\"twitter:card\" content=\"summary_large_image\" \/>\n<meta name=\"twitter:label1\" content=\"Verfasst von\" \/>\n\t<meta name=\"twitter:data1\" content=\"georg.blenk@krafthand-medien.de\" \/>\n\t<meta name=\"twitter:label2\" content=\"Gesch\u00e4tzte Lesezeit\" \/>\n\t<meta name=\"twitter:data2\" content=\"2\u00a0Minuten\" \/>\n<script type=\"application\/ld+json\" class=\"yoast-schema-graph\">{\"@context\":\"https:\\\/\\\/schema.org\",\"@graph\":[{\"@type\":\"Article\",\"@id\":\"https:\\\/\\\/www.krafthand.de\\\/truck\\\/artikel\\\/josam-mit-neuer-hydraulischer-hebeeinheit-von-wallmek-42818\\\/#article\",\"isPartOf\":{\"@id\":\"https:\\\/\\\/www.krafthand.de\\\/truck\\\/artikel\\\/josam-mit-neuer-hydraulischer-hebeeinheit-von-wallmek-42818\\\/\"},\"author\":{\"name\":\"georg.blenk@krafthand-medien.de\",\"@id\":\"https:\\\/\\\/www.krafthand.de\\\/truck\\\/#\\\/schema\\\/person\\\/51fa80b1c57034c4bf63f9f988fc24ce\"},\"headline\":\"Josam mit neuer hydraulischer Hebeeinheit von Wallmek\",\"datePublished\":\"2025-06-03T09:18:45+00:00\",\"dateModified\":\"2025-06-03T09:19:42+00:00\",\"mainEntityOfPage\":{\"@id\":\"https:\\\/\\\/www.krafthand.de\\\/truck\\\/artikel\\\/josam-mit-neuer-hydraulischer-hebeeinheit-von-wallmek-42818\\\/\"},\"wordCount\":231,\"image\":{\"@id\":\"https:\\\/\\\/www.krafthand.de\\\/truck\\\/artikel\\\/josam-mit-neuer-hydraulischer-hebeeinheit-von-wallmek-42818\\\/#primaryimage\"},\"thumbnailUrl\":\"https:\\\/\\\/static.krafthand-truck.de\\\/uploads\\\/2025\\\/06\\\/Josam_Wallmek_Hubvorrichtung_Lkw_Achse.jpg\",\"keywords\":[\"Hebeeinheit\",\"Hubvorrichtung\",\"Josam\",\"Nabenheber\",\"Wallmek\"],\"articleSection\":[\"Werkstattausr\u00fcstung\"],\"inLanguage\":\"de\"},{\"@type\":\"WebPage\",\"@id\":\"https:\\\/\\\/www.krafthand.de\\\/truck\\\/artikel\\\/josam-mit-neuer-hydraulischer-hebeeinheit-von-wallmek-42818\\\/\",\"url\":\"https:\\\/\\\/www.krafthand.de\\\/truck\\\/artikel\\\/josam-mit-neuer-hydraulischer-hebeeinheit-von-wallmek-42818\\\/\",\"name\":\"Josam mit neuer hydraulischer Hebeeinheit von Wallmek - Krafthand-Truck\",\"isPartOf\":{\"@id\":\"https:\\\/\\\/www.krafthand.de\\\/truck\\\/#website\"},\"primaryImageOfPage\":{\"@id\":\"https:\\\/\\\/www.krafthand.de\\\/truck\\\/artikel\\\/josam-mit-neuer-hydraulischer-hebeeinheit-von-wallmek-42818\\\/#primaryimage\"},\"image\":{\"@id\":\"https:\\\/\\\/www.krafthand.de\\\/truck\\\/artikel\\\/josam-mit-neuer-hydraulischer-hebeeinheit-von-wallmek-42818\\\/#primaryimage\"},\"thumbnailUrl\":\"https:\\\/\\\/static.krafthand-truck.de\\\/uploads\\\/2025\\\/06\\\/Josam_Wallmek_Hubvorrichtung_Lkw_Achse.jpg\",\"datePublished\":\"2025-06-03T09:18:45+00:00\",\"dateModified\":\"2025-06-03T09:19:42+00:00\",\"author\":{\"@id\":\"https:\\\/\\\/www.krafthand.de\\\/truck\\\/#\\\/schema\\\/person\\\/51fa80b1c57034c4bf63f9f988fc24ce\"},\"description\":\"JOSAM Richttechnik hat eine neue hydraulische Hebeeinheit von Wallmek im Programm.\",\"breadcrumb\":{\"@id\":\"https:\\\/\\\/www.krafthand.de\\\/truck\\\/artikel\\\/josam-mit-neuer-hydraulischer-hebeeinheit-von-wallmek-42818\\\/#breadcrumb\"},\"inLanguage\":\"de\",\"potentialAction\":[{\"@type\":\"ReadAction\",\"target\":[\"https:\\\/\\\/www.krafthand.de\\\/truck\\\/artikel\\\/josam-mit-neuer-hydraulischer-hebeeinheit-von-wallmek-42818\\\/\"]}]},{\"@type\":\"ImageObject\",\"inLanguage\":\"de\",\"@id\":\"https:\\\/\\\/www.krafthand.de\\\/truck\\\/artikel\\\/josam-mit-neuer-hydraulischer-hebeeinheit-von-wallmek-42818\\\/#primaryimage\",\"url\":\"https:\\\/\\\/static.krafthand-truck.de\\\/uploads\\\/2025\\\/06\\\/Josam_Wallmek_Hubvorrichtung_Lkw_Achse.jpg\",\"contentUrl\":\"https:\\\/\\\/static.krafthand-truck.de\\\/uploads\\\/2025\\\/06\\\/Josam_Wallmek_Hubvorrichtung_Lkw_Achse.jpg\",\"width\":1200,\"height\":1349},{\"@type\":\"BreadcrumbList\",\"@id\":\"https:\\\/\\\/www.krafthand.de\\\/truck\\\/artikel\\\/josam-mit-neuer-hydraulischer-hebeeinheit-von-wallmek-42818\\\/#breadcrumb\",\"itemListElement\":[{\"@type\":\"ListItem\",\"position\":1,\"name\":\"Krafthand-Truck\",\"item\":\"https:\\\/\\\/www.krafthand.de\\\/truck\\\/\"},{\"@type\":\"ListItem\",\"position\":2,\"name\":\"Nfz-Service\",\"item\":\"https:\\\/\\\/www.krafthand.de\\\/truck\\\/kategorie\\\/nfz-service\\\/\"},{\"@type\":\"ListItem\",\"position\":3,\"name\":\"Werkstattausr\u00fcstung\",\"item\":\"https:\\\/\\\/www.krafthand.de\\\/truck\\\/kategorie\\\/nfz-service\\\/werkstattausruestung\\\/\"},{\"@type\":\"ListItem\",\"position\":4,\"name\":\"Josam mit neuer hydraulischer Hebeeinheit von Wallmek\"}]},{\"@type\":\"WebSite\",\"@id\":\"https:\\\/\\\/www.krafthand.de\\\/truck\\\/#website\",\"url\":\"https:\\\/\\\/www.krafthand.de\\\/truck\\\/\",\"name\":\"Krafthand-Truck\",\"description\":\"\",\"potentialAction\":[{\"@type\":\"SearchAction\",\"target\":{\"@type\":\"EntryPoint\",\"urlTemplate\":\"https:\\\/\\\/www.krafthand.de\\\/truck\\\/?s={search_term_string}\"},\"query-input\":{\"@type\":\"PropertyValueSpecification\",\"valueRequired\":true,\"valueName\":\"search_term_string\"}}],\"inLanguage\":\"de\"},{\"@type\":\"Person\",\"@id\":\"https:\\\/\\\/www.krafthand.de\\\/truck\\\/#\\\/schema\\\/person\\\/51fa80b1c57034c4bf63f9f988fc24ce\",\"name\":\"georg.blenk@krafthand-medien.de\",\"image\":{\"@type\":\"ImageObject\",\"inLanguage\":\"de\",\"@id\":\"https:\\\/\\\/secure.gravatar.com\\\/avatar\\\/93713c30affe0aa95d3a4130e499bb1abee2eb31adbdd9ce2aa1543538490215?s=96&d=mm&r=g\",\"url\":\"https:\\\/\\\/secure.gravatar.com\\\/avatar\\\/93713c30affe0aa95d3a4130e499bb1abee2eb31adbdd9ce2aa1543538490215?s=96&d=mm&r=g\",\"contentUrl\":\"https:\\\/\\\/secure.gravatar.com\\\/avatar\\\/93713c30affe0aa95d3a4130e499bb1abee2eb31adbdd9ce2aa1543538490215?s=96&d=mm&r=g\",\"caption\":\"georg.blenk@krafthand-medien.de\"}}]}<\/script>\n<!-- \/ Yoast SEO plugin. -->","yoast_head_json":{"title":"Josam mit neuer hydraulischer Hebeeinheit von Wallmek - Krafthand-Truck","description":"JOSAM Richttechnik hat eine neue hydraulische Hebeeinheit von Wallmek im Programm.","robots":{"index":"index","follow":"follow","max-snippet":"max-snippet:-1","max-image-preview":"max-image-preview:large","max-video-preview":"max-video-preview:-1"},"canonical":"https:\/\/www.krafthand.de\/truck\/artikel\/josam-mit-neuer-hydraulischer-hebeeinheit-von-wallmek-42818\/","og_locale":"de_DE","og_type":"article","og_title":"Josam mit neuer hydraulischer Hebeeinheit von Wallmek - Krafthand-Truck","og_description":"JOSAM Richttechnik hat eine neue hydraulische Hebeeinheit von Wallmek im Programm.","og_url":"https:\/\/www.krafthand-truck.de\/artikel\/josam-mit-neuer-hydraulischer-hebeeinheit-von-wallmek-42818\/","og_site_name":"Krafthand-Truck","article_published_time":"2025-06-03T09:18:45+00:00","article_modified_time":"2025-06-03T09:19:42+00:00","og_image":[{"width":1200,"height":1349,"url":"https:\/\/static.krafthand-truck.de\/uploads\/2025\/06\/Josam_Wallmek_Hubvorrichtung_Lkw_Achse.jpg","type":"image\/jpeg"}],"author":"georg.blenk@krafthand-medien.de","twitter_card":"summary_large_image","twitter_misc":{"Verfasst von":"georg.blenk@krafthand-medien.de","Gesch\u00e4tzte Lesezeit":"2\u00a0Minuten"},"schema":{"@context":"https:\/\/schema.org","@graph":[{"@type":"Article","@id":"https:\/\/www.krafthand.de\/truck\/artikel\/josam-mit-neuer-hydraulischer-hebeeinheit-von-wallmek-42818\/#article","isPartOf":{"@id":"https:\/\/www.krafthand.de\/truck\/artikel\/josam-mit-neuer-hydraulischer-hebeeinheit-von-wallmek-42818\/"},"author":{"name":"georg.blenk@krafthand-medien.de","@id":"https:\/\/www.krafthand.de\/truck\/#\/schema\/person\/51fa80b1c57034c4bf63f9f988fc24ce"},"headline":"Josam mit neuer hydraulischer Hebeeinheit von Wallmek","datePublished":"2025-06-03T09:18:45+00:00","dateModified":"2025-06-03T09:19:42+00:00","mainEntityOfPage":{"@id":"https:\/\/www.krafthand.de\/truck\/artikel\/josam-mit-neuer-hydraulischer-hebeeinheit-von-wallmek-42818\/"},"wordCount":231,"image":{"@id":"https:\/\/www.krafthand.de\/truck\/artikel\/josam-mit-neuer-hydraulischer-hebeeinheit-von-wallmek-42818\/#primaryimage"},"thumbnailUrl":"https:\/\/static.krafthand-truck.de\/uploads\/2025\/06\/Josam_Wallmek_Hubvorrichtung_Lkw_Achse.jpg","keywords":["Hebeeinheit","Hubvorrichtung","Josam","Nabenheber","Wallmek"],"articleSection":["Werkstattausr\u00fcstung"],"inLanguage":"de"},{"@type":"WebPage","@id":"https:\/\/www.krafthand.de\/truck\/artikel\/josam-mit-neuer-hydraulischer-hebeeinheit-von-wallmek-42818\/","url":"https:\/\/www.krafthand.de\/truck\/artikel\/josam-mit-neuer-hydraulischer-hebeeinheit-von-wallmek-42818\/","name":"Josam mit neuer hydraulischer Hebeeinheit von Wallmek - Krafthand-Truck","isPartOf":{"@id":"https:\/\/www.krafthand.de\/truck\/#website"},"primaryImageOfPage":{"@id":"https:\/\/www.krafthand.de\/truck\/artikel\/josam-mit-neuer-hydraulischer-hebeeinheit-von-wallmek-42818\/#primaryimage"},"image":{"@id":"https:\/\/www.krafthand.de\/truck\/artikel\/josam-mit-neuer-hydraulischer-hebeeinheit-von-wallmek-42818\/#primaryimage"},"thumbnailUrl":"https:\/\/static.krafthand-truck.de\/uploads\/2025\/06\/Josam_Wallmek_Hubvorrichtung_Lkw_Achse.jpg","datePublished":"2025-06-03T09:18:45+00:00","dateModified":"2025-06-03T09:19:42+00:00","author":{"@id":"https:\/\/www.krafthand.de\/truck\/#\/schema\/person\/51fa80b1c57034c4bf63f9f988fc24ce"},"description":"JOSAM Richttechnik hat eine neue hydraulische Hebeeinheit von Wallmek im Programm.","breadcrumb":{"@id":"https:\/\/www.krafthand.de\/truck\/artikel\/josam-mit-neuer-hydraulischer-hebeeinheit-von-wallmek-42818\/#breadcrumb"},"inLanguage":"de","potentialAction":[{"@type":"ReadAction","target":["https:\/\/www.krafthand.de\/truck\/artikel\/josam-mit-neuer-hydraulischer-hebeeinheit-von-wallmek-42818\/"]}]},{"@type":"ImageObject","inLanguage":"de","@id":"https:\/\/www.krafthand.de\/truck\/artikel\/josam-mit-neuer-hydraulischer-hebeeinheit-von-wallmek-42818\/#primaryimage","url":"https:\/\/static.krafthand-truck.de\/uploads\/2025\/06\/Josam_Wallmek_Hubvorrichtung_Lkw_Achse.jpg","contentUrl":"https:\/\/static.krafthand-truck.de\/uploads\/2025\/06\/Josam_Wallmek_Hubvorrichtung_Lkw_Achse.jpg","width":1200,"height":1349},{"@type":"BreadcrumbList","@id":"https:\/\/www.krafthand.de\/truck\/artikel\/josam-mit-neuer-hydraulischer-hebeeinheit-von-wallmek-42818\/#breadcrumb","itemListElement":[{"@type":"ListItem","position":1,"name":"Krafthand-Truck","item":"https:\/\/www.krafthand.de\/truck\/"},{"@type":"ListItem","position":2,"name":"Nfz-Service","item":"https:\/\/www.krafthand.de\/truck\/kategorie\/nfz-service\/"},{"@type":"ListItem","position":3,"name":"Werkstattausr\u00fcstung","item":"https:\/\/www.krafthand.de\/truck\/kategorie\/nfz-service\/werkstattausruestung\/"},{"@type":"ListItem","position":4,"name":"Josam mit neuer hydraulischer Hebeeinheit von Wallmek"}]},{"@type":"WebSite","@id":"https:\/\/www.krafthand.de\/truck\/#website","url":"https:\/\/www.krafthand.de\/truck\/","name":"Krafthand-Truck","description":"","potentialAction":[{"@type":"SearchAction","target":{"@type":"EntryPoint","urlTemplate":"https:\/\/www.krafthand.de\/truck\/?s={search_term_string}"},"query-input":{"@type":"PropertyValueSpecification","valueRequired":true,"valueName":"search_term_string"}}],"inLanguage":"de"},{"@type":"Person","@id":"https:\/\/www.krafthand.de\/truck\/#\/schema\/person\/51fa80b1c57034c4bf63f9f988fc24ce","name":"georg.blenk@krafthand-medien.de","image":{"@type":"ImageObject","inLanguage":"de","@id":"https:\/\/secure.gravatar.com\/avatar\/93713c30affe0aa95d3a4130e499bb1abee2eb31adbdd9ce2aa1543538490215?s=96&d=mm&r=g","url":"https:\/\/secure.gravatar.com\/avatar\/93713c30affe0aa95d3a4130e499bb1abee2eb31adbdd9ce2aa1543538490215?s=96&d=mm&r=g","contentUrl":"https:\/\/secure.gravatar.com\/avatar\/93713c30affe0aa95d3a4130e499bb1abee2eb31adbdd9ce2aa1543538490215?s=96&d=mm&r=g","caption":"georg.blenk@krafthand-medien.de"}}]}},"_links":{"self":[{"href":"https:\/\/www.krafthand.de\/truck\/wp-json\/wp\/v2\/posts\/42818","targetHints":{"allow":["GET"]}}],"collection":[{"href":"https:\/\/www.krafthand.de\/truck\/wp-json\/wp\/v2\/posts"}],"about":[{"href":"https:\/\/www.krafthand.de\/truck\/wp-json\/wp\/v2\/types\/post"}],"author":[{"embeddable":true,"href":"https:\/\/www.krafthand.de\/truck\/wp-json\/wp\/v2\/users\/9"}],"replies":[{"embeddable":true,"href":"https:\/\/www.krafthand.de\/truck\/wp-json\/wp\/v2\/comments?post=42818"}],"version-history":[{"count":7,"href":"https:\/\/www.krafthand.de\/truck\/wp-json\/wp\/v2\/posts\/42818\/revisions"}],"predecessor-version":[{"id":42827,"href":"https:\/\/www.krafthand.de\/truck\/wp-json\/wp\/v2\/posts\/42818\/revisions\/42827"}],"wp:featuredmedia":[{"embeddable":true,"href":"https:\/\/www.krafthand.de\/truck\/wp-json\/wp\/v2\/media\/42822"}],"wp:attachment":[{"href":"https:\/\/www.krafthand.de\/truck\/wp-json\/wp\/v2\/media?parent=42818"}],"wp:term":[{"taxonomy":"category","embeddable":true,"href":"https:\/\/www.krafthand.de\/truck\/wp-json\/wp\/v2\/categories?post=42818"},{"taxonomy":"post_tag","embeddable":true,"href":"https:\/\/www.krafthand.de\/truck\/wp-json\/wp\/v2\/tags?post=42818"},{"taxonomy":"settings","embeddable":true,"href":"https:\/\/www.krafthand.de\/truck\/wp-json\/wp\/v2\/settings?post=42818"}],"curies":[{"name":"wp","href":"https:\/\/api.w.org\/{rel}","templated":true}]}}