{"id":42710,"date":"2025-05-08T12:40:39","date_gmt":"2025-05-08T10:40:39","guid":{"rendered":"https:\/\/www.krafthand.de\/truck\/?p=42710"},"modified":"2025-05-08T12:43:15","modified_gmt":"2025-05-08T10:43:15","slug":"milwaukee-spatenstich-fuer-neues-trainingszentrum-in-winnenden","status":"publish","type":"post","link":"https:\/\/www.krafthand.de\/truck\/artikel\/milwaukee-spatenstich-fuer-neues-trainingszentrum-in-winnenden-42710\/","title":{"rendered":"Milwaukee: Spatenstich f\u00fcr neues Trainingszentrum in Winnenden"},"content":{"rendered":"<p>Der US-amerikanische Spezialist f\u00fcr Elektrowerkzeuge Milwaukee baut in Winnenden ein neues Trainingszentrum. Den Spatenstich setzte der Winnender Oberb\u00fcrgermeister Hartmut Holzwarth gemeinsam mit Norbert Sailer, dem ersten B\u00fcrgermeister. Das Objekt entsteht auf dem Gel\u00e4nde des bisherigen Milwaukee-Standorts. Die Investition im zweistelligen Millionenbereich umfasst laut Milwaukee eine Fl\u00e4che von \u00fcber 3.000 Quadratmeter. Es werden 84 neue Arbeitspl\u00e4tze geschaffen. Neben Indoor-Trainingsfl\u00e4chen entsteht zudem auf dem Dach ein 470 Quadratmeter gro\u00dfer Outdoor-Bereich.<\/p>\n<p>Das neue Trainingszentrum wird mit einer Photovoltaik-Anlage, einer W\u00e4rmepumpe und mit einer Dachbegr\u00fcnung ausgestattet und kann entsprechend energieeffizient betrieben werden. F\u00fcr die Planung und Umsetzung\u00a0 zeichnet die kab architekten GmbH verantwortlich, Generalunternehmer ist PUR Projektbau. Es sind zehn Schulungsr\u00e4ume vorgesehen, in denen Endanwender sowie Vertriebspartner technologie\u00fcbergreifend weitergebildet werden k\u00f6nnen. Die Trainingsm\u00f6glichkeiten umfassen das gesamte <a href=\"https:\/\/de.milwaukeetool.eu\" target=\"_blank\" rel=\"noopener\">Milwaukee-Portfolio<\/a>. Die Fertigstellung des Trainingszentrums ist f\u00fcr September 2026 geplant.<\/p>\n<p><i>Den Beitrag finden Sie auch in der Print-Ausgabe 2-2025 der <a href=\"https:\/\/www.krafthand.de\/truck\/magazin\/\" title=\"Zum Magazin\">Krafthand-Truck<\/a>.<\/i><\/p>","protected":false},"excerpt":{"rendered":"<p>Der US-amerikanische Spezialist f\u00fcr Elektrowerkzeuge Milwaukee baut in Winnenden ein neues Trainingszentrum. Das Objekt entsteht auf dem Gel\u00e4nde des bisherigen Milwaukee-Standorts. Es entstehen 84 neue Arbeitspl\u00e4tze. <span class=\"excerpt-more__dots\">&#8230;<\/span> <a class=\"excerpt-more__link\" href=\"https:\/\/www.krafthand.de\/truck\/artikel\/milwaukee-spatenstich-fuer-neues-trainingszentrum-in-winnenden-42710\/\" >weiter<\/a><\/p>\n","protected":false},"author":9,"featured_media":42718,"comment_status":"closed","ping_status":"closed","sticky":false,"template":"","format":"standard","meta":{"footnotes":""},"categories":[4235],"tags":[4625,4270,833,836],"settings":[4766,3523],"class_list":["post-42710","post","type-post","status-publish","format-standard","has-post-thumbnail","hentry","category-unternehmen","tag-akku-drehmomentschrauber","tag-milwaukee","tag-schulung","tag-training"],"yoast_head":"<!-- This site is optimized with the Yoast SEO plugin v27.3 - https:\/\/yoast.com\/product\/yoast-seo-wordpress\/ -->\n<title>Milwaukee: Spatenstich f\u00fcr neues Trainingszentrum in Winnenden - Krafthand-Truck<\/title>\n<meta name=\"description\" content=\"Der US-amerikanische Spezialist f\u00fcr Elektrowerkzeuge Milwaukee baut in Winnenden ein neues Trainingszentrum.\" \/>\n<meta name=\"robots\" content=\"index, follow, max-snippet:-1, max-image-preview:large, max-video-preview:-1\" \/>\n<link rel=\"canonical\" href=\"https:\/\/www.krafthand.de\/truck\/artikel\/milwaukee-spatenstich-fuer-neues-trainingszentrum-in-winnenden-42710\/\" \/>\n<meta property=\"og:locale\" content=\"de_DE\" \/>\n<meta property=\"og:type\" content=\"article\" \/>\n<meta property=\"og:title\" content=\"Milwaukee: Spatenstich f\u00fcr neues Trainingszentrum in Winnenden - Krafthand-Truck\" \/>\n<meta property=\"og:description\" content=\"Der US-amerikanische Spezialist f\u00fcr Elektrowerkzeuge Milwaukee baut in Winnenden ein neues Trainingszentrum.\" \/>\n<meta property=\"og:url\" content=\"https:\/\/www.krafthand-truck.de\/artikel\/milwaukee-spatenstich-fuer-neues-trainingszentrum-in-winnenden-42710\/\" \/>\n<meta property=\"og:site_name\" content=\"Krafthand-Truck\" \/>\n<meta property=\"article:published_time\" content=\"2025-05-08T10:40:39+00:00\" \/>\n<meta property=\"article:modified_time\" content=\"2025-05-08T10:43:15+00:00\" \/>\n<meta property=\"og:image\" content=\"https:\/\/www.krafthand.de\/truck\/wp-content\/uploads\/2025\/05\/Milwaukee_Trainingszentrum_Spatenstich.jpg\" \/>\n\t<meta property=\"og:image:width\" content=\"1200\" \/>\n\t<meta property=\"og:image:height\" content=\"735\" \/>\n\t<meta property=\"og:image:type\" content=\"image\/jpeg\" \/>\n<meta name=\"author\" content=\"georg.blenk@krafthand-medien.de\" \/>\n<meta name=\"twitter:card\" content=\"summary_large_image\" \/>\n<meta name=\"twitter:label1\" content=\"Verfasst von\" \/>\n\t<meta name=\"twitter:data1\" content=\"georg.blenk@krafthand-medien.de\" \/>\n\t<meta name=\"twitter:label2\" content=\"Gesch\u00e4tzte Lesezeit\" \/>\n\t<meta name=\"twitter:data2\" content=\"1\u00a0Minute\" \/>\n<script type=\"application\/ld+json\" class=\"yoast-schema-graph\">{\"@context\":\"https:\\\/\\\/schema.org\",\"@graph\":[{\"@type\":\"Article\",\"@id\":\"https:\\\/\\\/www.krafthand.de\\\/truck\\\/artikel\\\/milwaukee-spatenstich-fuer-neues-trainingszentrum-in-winnenden-42710\\\/#article\",\"isPartOf\":{\"@id\":\"https:\\\/\\\/www.krafthand.de\\\/truck\\\/artikel\\\/milwaukee-spatenstich-fuer-neues-trainingszentrum-in-winnenden-42710\\\/\"},\"author\":{\"name\":\"georg.blenk@krafthand-medien.de\",\"@id\":\"https:\\\/\\\/www.krafthand.de\\\/truck\\\/#\\\/schema\\\/person\\\/51fa80b1c57034c4bf63f9f988fc24ce\"},\"headline\":\"Milwaukee: Spatenstich f\u00fcr neues Trainingszentrum in Winnenden\",\"datePublished\":\"2025-05-08T10:40:39+00:00\",\"dateModified\":\"2025-05-08T10:43:15+00:00\",\"mainEntityOfPage\":{\"@id\":\"https:\\\/\\\/www.krafthand.de\\\/truck\\\/artikel\\\/milwaukee-spatenstich-fuer-neues-trainingszentrum-in-winnenden-42710\\\/\"},\"wordCount\":152,\"image\":{\"@id\":\"https:\\\/\\\/www.krafthand.de\\\/truck\\\/artikel\\\/milwaukee-spatenstich-fuer-neues-trainingszentrum-in-winnenden-42710\\\/#primaryimage\"},\"thumbnailUrl\":\"https:\\\/\\\/static.krafthand-truck.de\\\/uploads\\\/2025\\\/05\\\/Milwaukee_Trainingszentrum_Spatenstich.jpg\",\"keywords\":[\"Akku-Drehmomentschrauber\",\"Milwaukee\",\"Schulung\",\"Training\"],\"articleSection\":[\"Unternehmen\"],\"inLanguage\":\"de\"},{\"@type\":\"WebPage\",\"@id\":\"https:\\\/\\\/www.krafthand.de\\\/truck\\\/artikel\\\/milwaukee-spatenstich-fuer-neues-trainingszentrum-in-winnenden-42710\\\/\",\"url\":\"https:\\\/\\\/www.krafthand.de\\\/truck\\\/artikel\\\/milwaukee-spatenstich-fuer-neues-trainingszentrum-in-winnenden-42710\\\/\",\"name\":\"Milwaukee: Spatenstich f\u00fcr neues Trainingszentrum in Winnenden - Krafthand-Truck\",\"isPartOf\":{\"@id\":\"https:\\\/\\\/www.krafthand.de\\\/truck\\\/#website\"},\"primaryImageOfPage\":{\"@id\":\"https:\\\/\\\/www.krafthand.de\\\/truck\\\/artikel\\\/milwaukee-spatenstich-fuer-neues-trainingszentrum-in-winnenden-42710\\\/#primaryimage\"},\"image\":{\"@id\":\"https:\\\/\\\/www.krafthand.de\\\/truck\\\/artikel\\\/milwaukee-spatenstich-fuer-neues-trainingszentrum-in-winnenden-42710\\\/#primaryimage\"},\"thumbnailUrl\":\"https:\\\/\\\/static.krafthand-truck.de\\\/uploads\\\/2025\\\/05\\\/Milwaukee_Trainingszentrum_Spatenstich.jpg\",\"datePublished\":\"2025-05-08T10:40:39+00:00\",\"dateModified\":\"2025-05-08T10:43:15+00:00\",\"author\":{\"@id\":\"https:\\\/\\\/www.krafthand.de\\\/truck\\\/#\\\/schema\\\/person\\\/51fa80b1c57034c4bf63f9f988fc24ce\"},\"description\":\"Der US-amerikanische Spezialist f\u00fcr Elektrowerkzeuge Milwaukee baut in Winnenden ein neues Trainingszentrum.\",\"breadcrumb\":{\"@id\":\"https:\\\/\\\/www.krafthand.de\\\/truck\\\/artikel\\\/milwaukee-spatenstich-fuer-neues-trainingszentrum-in-winnenden-42710\\\/#breadcrumb\"},\"inLanguage\":\"de\",\"potentialAction\":[{\"@type\":\"ReadAction\",\"target\":[\"https:\\\/\\\/www.krafthand.de\\\/truck\\\/artikel\\\/milwaukee-spatenstich-fuer-neues-trainingszentrum-in-winnenden-42710\\\/\"]}]},{\"@type\":\"ImageObject\",\"inLanguage\":\"de\",\"@id\":\"https:\\\/\\\/www.krafthand.de\\\/truck\\\/artikel\\\/milwaukee-spatenstich-fuer-neues-trainingszentrum-in-winnenden-42710\\\/#primaryimage\",\"url\":\"https:\\\/\\\/static.krafthand-truck.de\\\/uploads\\\/2025\\\/05\\\/Milwaukee_Trainingszentrum_Spatenstich.jpg\",\"contentUrl\":\"https:\\\/\\\/static.krafthand-truck.de\\\/uploads\\\/2025\\\/05\\\/Milwaukee_Trainingszentrum_Spatenstich.jpg\",\"width\":1200,\"height\":735},{\"@type\":\"BreadcrumbList\",\"@id\":\"https:\\\/\\\/www.krafthand.de\\\/truck\\\/artikel\\\/milwaukee-spatenstich-fuer-neues-trainingszentrum-in-winnenden-42710\\\/#breadcrumb\",\"itemListElement\":[{\"@type\":\"ListItem\",\"position\":1,\"name\":\"Krafthand-Truck\",\"item\":\"https:\\\/\\\/www.krafthand.de\\\/truck\\\/\"},{\"@type\":\"ListItem\",\"position\":2,\"name\":\"Nfz-Branche\",\"item\":\"https:\\\/\\\/www.krafthand.de\\\/truck\\\/kategorie\\\/branche\\\/\"},{\"@type\":\"ListItem\",\"position\":3,\"name\":\"Unternehmen\",\"item\":\"https:\\\/\\\/www.krafthand.de\\\/truck\\\/kategorie\\\/branche\\\/unternehmen\\\/\"},{\"@type\":\"ListItem\",\"position\":4,\"name\":\"Milwaukee: Spatenstich f\u00fcr neues Trainingszentrum in Winnenden\"}]},{\"@type\":\"WebSite\",\"@id\":\"https:\\\/\\\/www.krafthand.de\\\/truck\\\/#website\",\"url\":\"https:\\\/\\\/www.krafthand.de\\\/truck\\\/\",\"name\":\"Krafthand-Truck\",\"description\":\"\",\"potentialAction\":[{\"@type\":\"SearchAction\",\"target\":{\"@type\":\"EntryPoint\",\"urlTemplate\":\"https:\\\/\\\/www.krafthand.de\\\/truck\\\/?s={search_term_string}\"},\"query-input\":{\"@type\":\"PropertyValueSpecification\",\"valueRequired\":true,\"valueName\":\"search_term_string\"}}],\"inLanguage\":\"de\"},{\"@type\":\"Person\",\"@id\":\"https:\\\/\\\/www.krafthand.de\\\/truck\\\/#\\\/schema\\\/person\\\/51fa80b1c57034c4bf63f9f988fc24ce\",\"name\":\"georg.blenk@krafthand-medien.de\",\"image\":{\"@type\":\"ImageObject\",\"inLanguage\":\"de\",\"@id\":\"https:\\\/\\\/secure.gravatar.com\\\/avatar\\\/93713c30affe0aa95d3a4130e499bb1abee2eb31adbdd9ce2aa1543538490215?s=96&d=mm&r=g\",\"url\":\"https:\\\/\\\/secure.gravatar.com\\\/avatar\\\/93713c30affe0aa95d3a4130e499bb1abee2eb31adbdd9ce2aa1543538490215?s=96&d=mm&r=g\",\"contentUrl\":\"https:\\\/\\\/secure.gravatar.com\\\/avatar\\\/93713c30affe0aa95d3a4130e499bb1abee2eb31adbdd9ce2aa1543538490215?s=96&d=mm&r=g\",\"caption\":\"georg.blenk@krafthand-medien.de\"}}]}<\/script>\n<!-- \/ Yoast SEO plugin. -->","yoast_head_json":{"title":"Milwaukee: Spatenstich f\u00fcr neues Trainingszentrum in Winnenden - Krafthand-Truck","description":"Der US-amerikanische Spezialist f\u00fcr Elektrowerkzeuge Milwaukee baut in Winnenden ein neues Trainingszentrum.","robots":{"index":"index","follow":"follow","max-snippet":"max-snippet:-1","max-image-preview":"max-image-preview:large","max-video-preview":"max-video-preview:-1"},"canonical":"https:\/\/www.krafthand.de\/truck\/artikel\/milwaukee-spatenstich-fuer-neues-trainingszentrum-in-winnenden-42710\/","og_locale":"de_DE","og_type":"article","og_title":"Milwaukee: Spatenstich f\u00fcr neues Trainingszentrum in Winnenden - Krafthand-Truck","og_description":"Der US-amerikanische Spezialist f\u00fcr Elektrowerkzeuge Milwaukee baut in Winnenden ein neues Trainingszentrum.","og_url":"https:\/\/www.krafthand-truck.de\/artikel\/milwaukee-spatenstich-fuer-neues-trainingszentrum-in-winnenden-42710\/","og_site_name":"Krafthand-Truck","article_published_time":"2025-05-08T10:40:39+00:00","article_modified_time":"2025-05-08T10:43:15+00:00","og_image":[{"width":1200,"height":735,"url":"https:\/\/www.krafthand.de\/truck\/wp-content\/uploads\/2025\/05\/Milwaukee_Trainingszentrum_Spatenstich.jpg","type":"image\/jpeg"}],"author":"georg.blenk@krafthand-medien.de","twitter_card":"summary_large_image","twitter_misc":{"Verfasst von":"georg.blenk@krafthand-medien.de","Gesch\u00e4tzte Lesezeit":"1\u00a0Minute"},"schema":{"@context":"https:\/\/schema.org","@graph":[{"@type":"Article","@id":"https:\/\/www.krafthand.de\/truck\/artikel\/milwaukee-spatenstich-fuer-neues-trainingszentrum-in-winnenden-42710\/#article","isPartOf":{"@id":"https:\/\/www.krafthand.de\/truck\/artikel\/milwaukee-spatenstich-fuer-neues-trainingszentrum-in-winnenden-42710\/"},"author":{"name":"georg.blenk@krafthand-medien.de","@id":"https:\/\/www.krafthand.de\/truck\/#\/schema\/person\/51fa80b1c57034c4bf63f9f988fc24ce"},"headline":"Milwaukee: Spatenstich f\u00fcr neues Trainingszentrum in Winnenden","datePublished":"2025-05-08T10:40:39+00:00","dateModified":"2025-05-08T10:43:15+00:00","mainEntityOfPage":{"@id":"https:\/\/www.krafthand.de\/truck\/artikel\/milwaukee-spatenstich-fuer-neues-trainingszentrum-in-winnenden-42710\/"},"wordCount":152,"image":{"@id":"https:\/\/www.krafthand.de\/truck\/artikel\/milwaukee-spatenstich-fuer-neues-trainingszentrum-in-winnenden-42710\/#primaryimage"},"thumbnailUrl":"https:\/\/static.krafthand-truck.de\/uploads\/2025\/05\/Milwaukee_Trainingszentrum_Spatenstich.jpg","keywords":["Akku-Drehmomentschrauber","Milwaukee","Schulung","Training"],"articleSection":["Unternehmen"],"inLanguage":"de"},{"@type":"WebPage","@id":"https:\/\/www.krafthand.de\/truck\/artikel\/milwaukee-spatenstich-fuer-neues-trainingszentrum-in-winnenden-42710\/","url":"https:\/\/www.krafthand.de\/truck\/artikel\/milwaukee-spatenstich-fuer-neues-trainingszentrum-in-winnenden-42710\/","name":"Milwaukee: Spatenstich f\u00fcr neues Trainingszentrum in Winnenden - Krafthand-Truck","isPartOf":{"@id":"https:\/\/www.krafthand.de\/truck\/#website"},"primaryImageOfPage":{"@id":"https:\/\/www.krafthand.de\/truck\/artikel\/milwaukee-spatenstich-fuer-neues-trainingszentrum-in-winnenden-42710\/#primaryimage"},"image":{"@id":"https:\/\/www.krafthand.de\/truck\/artikel\/milwaukee-spatenstich-fuer-neues-trainingszentrum-in-winnenden-42710\/#primaryimage"},"thumbnailUrl":"https:\/\/static.krafthand-truck.de\/uploads\/2025\/05\/Milwaukee_Trainingszentrum_Spatenstich.jpg","datePublished":"2025-05-08T10:40:39+00:00","dateModified":"2025-05-08T10:43:15+00:00","author":{"@id":"https:\/\/www.krafthand.de\/truck\/#\/schema\/person\/51fa80b1c57034c4bf63f9f988fc24ce"},"description":"Der US-amerikanische Spezialist f\u00fcr Elektrowerkzeuge Milwaukee baut in Winnenden ein neues Trainingszentrum.","breadcrumb":{"@id":"https:\/\/www.krafthand.de\/truck\/artikel\/milwaukee-spatenstich-fuer-neues-trainingszentrum-in-winnenden-42710\/#breadcrumb"},"inLanguage":"de","potentialAction":[{"@type":"ReadAction","target":["https:\/\/www.krafthand.de\/truck\/artikel\/milwaukee-spatenstich-fuer-neues-trainingszentrum-in-winnenden-42710\/"]}]},{"@type":"ImageObject","inLanguage":"de","@id":"https:\/\/www.krafthand.de\/truck\/artikel\/milwaukee-spatenstich-fuer-neues-trainingszentrum-in-winnenden-42710\/#primaryimage","url":"https:\/\/static.krafthand-truck.de\/uploads\/2025\/05\/Milwaukee_Trainingszentrum_Spatenstich.jpg","contentUrl":"https:\/\/static.krafthand-truck.de\/uploads\/2025\/05\/Milwaukee_Trainingszentrum_Spatenstich.jpg","width":1200,"height":735},{"@type":"BreadcrumbList","@id":"https:\/\/www.krafthand.de\/truck\/artikel\/milwaukee-spatenstich-fuer-neues-trainingszentrum-in-winnenden-42710\/#breadcrumb","itemListElement":[{"@type":"ListItem","position":1,"name":"Krafthand-Truck","item":"https:\/\/www.krafthand.de\/truck\/"},{"@type":"ListItem","position":2,"name":"Nfz-Branche","item":"https:\/\/www.krafthand.de\/truck\/kategorie\/branche\/"},{"@type":"ListItem","position":3,"name":"Unternehmen","item":"https:\/\/www.krafthand.de\/truck\/kategorie\/branche\/unternehmen\/"},{"@type":"ListItem","position":4,"name":"Milwaukee: Spatenstich f\u00fcr neues Trainingszentrum in Winnenden"}]},{"@type":"WebSite","@id":"https:\/\/www.krafthand.de\/truck\/#website","url":"https:\/\/www.krafthand.de\/truck\/","name":"Krafthand-Truck","description":"","potentialAction":[{"@type":"SearchAction","target":{"@type":"EntryPoint","urlTemplate":"https:\/\/www.krafthand.de\/truck\/?s={search_term_string}"},"query-input":{"@type":"PropertyValueSpecification","valueRequired":true,"valueName":"search_term_string"}}],"inLanguage":"de"},{"@type":"Person","@id":"https:\/\/www.krafthand.de\/truck\/#\/schema\/person\/51fa80b1c57034c4bf63f9f988fc24ce","name":"georg.blenk@krafthand-medien.de","image":{"@type":"ImageObject","inLanguage":"de","@id":"https:\/\/secure.gravatar.com\/avatar\/93713c30affe0aa95d3a4130e499bb1abee2eb31adbdd9ce2aa1543538490215?s=96&d=mm&r=g","url":"https:\/\/secure.gravatar.com\/avatar\/93713c30affe0aa95d3a4130e499bb1abee2eb31adbdd9ce2aa1543538490215?s=96&d=mm&r=g","contentUrl":"https:\/\/secure.gravatar.com\/avatar\/93713c30affe0aa95d3a4130e499bb1abee2eb31adbdd9ce2aa1543538490215?s=96&d=mm&r=g","caption":"georg.blenk@krafthand-medien.de"}}]}},"_links":{"self":[{"href":"https:\/\/www.krafthand.de\/truck\/wp-json\/wp\/v2\/posts\/42710","targetHints":{"allow":["GET"]}}],"collection":[{"href":"https:\/\/www.krafthand.de\/truck\/wp-json\/wp\/v2\/posts"}],"about":[{"href":"https:\/\/www.krafthand.de\/truck\/wp-json\/wp\/v2\/types\/post"}],"author":[{"embeddable":true,"href":"https:\/\/www.krafthand.de\/truck\/wp-json\/wp\/v2\/users\/9"}],"replies":[{"embeddable":true,"href":"https:\/\/www.krafthand.de\/truck\/wp-json\/wp\/v2\/comments?post=42710"}],"version-history":[{"count":9,"href":"https:\/\/www.krafthand.de\/truck\/wp-json\/wp\/v2\/posts\/42710\/revisions"}],"predecessor-version":[{"id":42721,"href":"https:\/\/www.krafthand.de\/truck\/wp-json\/wp\/v2\/posts\/42710\/revisions\/42721"}],"wp:featuredmedia":[{"embeddable":true,"href":"https:\/\/www.krafthand.de\/truck\/wp-json\/wp\/v2\/media\/42718"}],"wp:attachment":[{"href":"https:\/\/www.krafthand.de\/truck\/wp-json\/wp\/v2\/media?parent=42710"}],"wp:term":[{"taxonomy":"category","embeddable":true,"href":"https:\/\/www.krafthand.de\/truck\/wp-json\/wp\/v2\/categories?post=42710"},{"taxonomy":"post_tag","embeddable":true,"href":"https:\/\/www.krafthand.de\/truck\/wp-json\/wp\/v2\/tags?post=42710"},{"taxonomy":"settings","embeddable":true,"href":"https:\/\/www.krafthand.de\/truck\/wp-json\/wp\/v2\/settings?post=42710"}],"curies":[{"name":"wp","href":"https:\/\/api.w.org\/{rel}","templated":true}]}}