{"id":42694,"date":"2025-05-06T17:25:15","date_gmt":"2025-05-06T15:25:15","guid":{"rendered":"https:\/\/www.krafthand.de\/truck\/?p=42694"},"modified":"2025-05-06T17:37:07","modified_gmt":"2025-05-06T15:37:07","slug":"problemloeser-carat-praemiert-innovative-tools-fuer-den-werkstattalltag","status":"publish","type":"post","link":"https:\/\/www.krafthand.de\/truck\/artikel\/problemloeser-carat-praemiert-innovative-tools-fuer-den-werkstattalltag-42694\/","title":{"rendered":"Probleml\u00f6ser: CARAT pr\u00e4miert innovative Tools f\u00fcr den Werkstattalltag"},"content":{"rendered":"<p>Von der Werkbank zur Marktreife \u2013 unter diesem Leitgedanken startet die Mannheimer Einkaufskooperation CARAT gemeinsam mit <a href=\"https:\/\/www.schrauberblog.com\" target=\"_blank\" rel=\"noopener\">Schrauberblog<\/a> eine neue Initiative. Sie soll die Kreativit\u00e4t, die Praxiserfahrung und den Innovationsgeist aus den Pkw- und Nfz-Werkst\u00e4tten auf die gro\u00dfe B\u00fchne holen. Ziel sei es, Ideen und selbst entwickelte Produkte aus dem Werkstattalltag zu entdecken, die nicht nur das eigene Arbeiten erleichtern, sondern auch das Potenzial haben, die gesamte Branche zu bereichern.<\/p>\n<p>Gesucht werden praxisnahe L\u00f6sungen, clevere Tools oder originelle Produkte, die es so am Markt noch nicht gibt und in den Werkst\u00e4tten dringend gebraucht werden. Dabei sei es unerheblich ob es sich um einfache Hilfsmittel oder aufwendige Neuentwicklungen handelt. Die besten Konzepte werden von einer Fachjury auf Innovationsgrad, Umsetzbarkeit und Nutzen gepr\u00fcft und pr\u00e4miert. Mitmachen k\u00f6nnen Mitarbeiterinnen und Mitarbeiter von Kfz- und Nfz-Werkst\u00e4tten.<\/p>\n<p>Die Gewinner d\u00fcrfen ihre Ideen im Rahmen der MSX&#8217;25 pr\u00e4sentieren. Bei der MSX&#8217;25 handelt es sich um eine neue Branchenplattform, die <a href=\"https:\/\/www.carat-automotive.de\" target=\"_blank\" rel=\"noopener\">CARAT<\/a> im Oktober 2025 erstmals in Hamburg veranstaltet. F\u00fcr die drei \u00fcberzeugendsten Einreichungen winken attraktive Gewinne, die von Hazet, Hella Gutmann und ATH Heinl zur Verf\u00fcgung gestellt werden.<\/p>\n","protected":false},"excerpt":{"rendered":"<p>Von der Werkbank zur Marktreife \u2013 unter diesem Leitgedanken startet die Mannheimer Einkaufskooperation CARAT gemeinsam mit Schrauberblog eine neue Initiative. Sie soll die Kreativit\u00e4t, die Praxiserfahrung und den Innovationsgeist aus den Pkw- und Nfz-Werkst\u00e4tten auf die gro\u00dfe B\u00fchne holen. <span class=\"excerpt-more__dots\">&#8230;<\/span> <a class=\"excerpt-more__link\" href=\"https:\/\/www.krafthand.de\/truck\/artikel\/problemloeser-carat-praemiert-innovative-tools-fuer-den-werkstattalltag-42694\/\" >weiter<\/a><\/p>\n","protected":false},"author":9,"featured_media":42696,"comment_status":"closed","ping_status":"closed","sticky":false,"template":"","format":"standard","meta":{"footnotes":""},"categories":[4236,4221],"tags":[5557,6212,6234],"settings":[3524,4766],"class_list":["post-42694","post","type-post","status-publish","format-standard","has-post-thumbnail","hentry","category-veranstaltungen","category-werkzeuge","tag-carat-gruppe","tag-msx25","tag-schrauberblog"],"yoast_head":"<!-- This site is optimized with the Yoast SEO plugin v27.3 - https:\/\/yoast.com\/product\/yoast-seo-wordpress\/ -->\n<title>Probleml\u00f6ser: CARAT pr\u00e4miert innovative Tools f\u00fcr den Werkstattalltag - Krafthand-Truck<\/title>\n<meta name=\"description\" content=\"Von der Werkbank zur Marktreife \u2013 unter diesem Leitgedanken startet die Mannheimer Einkaufskooperation CARAT gemeinsam mit Schrauberblog eine neue Initiative.\" \/>\n<meta name=\"robots\" content=\"index, follow, max-snippet:-1, max-image-preview:large, max-video-preview:-1\" \/>\n<link rel=\"canonical\" href=\"https:\/\/www.krafthand.de\/truck\/artikel\/problemloeser-carat-praemiert-innovative-tools-fuer-den-werkstattalltag-42694\/\" \/>\n<meta property=\"og:locale\" content=\"de_DE\" \/>\n<meta property=\"og:type\" content=\"article\" \/>\n<meta property=\"og:title\" content=\"Probleml\u00f6ser: CARAT pr\u00e4miert innovative Tools f\u00fcr den Werkstattalltag - Krafthand-Truck\" \/>\n<meta property=\"og:description\" content=\"Von der Werkbank zur Marktreife \u2013 unter diesem Leitgedanken startet die Mannheimer Einkaufskooperation CARAT gemeinsam mit Schrauberblog eine neue Initiative.\" \/>\n<meta property=\"og:url\" content=\"https:\/\/www.krafthand-truck.de\/artikel\/problemloeser-carat-praemiert-innovative-tools-fuer-den-werkstattalltag-42694\/\" \/>\n<meta property=\"og:site_name\" content=\"Krafthand-Truck\" \/>\n<meta property=\"article:published_time\" content=\"2025-05-06T15:25:15+00:00\" \/>\n<meta property=\"article:modified_time\" content=\"2025-05-06T15:37:07+00:00\" \/>\n<meta property=\"og:image\" content=\"https:\/\/www.krafthand.de\/truck\/wp-content\/uploads\/2025\/05\/Carat_Werkstattexperte.jpg\" \/>\n\t<meta property=\"og:image:width\" content=\"1200\" \/>\n\t<meta property=\"og:image:height\" content=\"673\" \/>\n\t<meta property=\"og:image:type\" content=\"image\/jpeg\" \/>\n<meta name=\"author\" content=\"georg.blenk@krafthand-medien.de\" \/>\n<meta name=\"twitter:card\" content=\"summary_large_image\" \/>\n<meta name=\"twitter:label1\" content=\"Verfasst von\" \/>\n\t<meta name=\"twitter:data1\" content=\"georg.blenk@krafthand-medien.de\" \/>\n\t<meta name=\"twitter:label2\" content=\"Gesch\u00e4tzte Lesezeit\" \/>\n\t<meta name=\"twitter:data2\" content=\"2\u00a0Minuten\" \/>\n<script type=\"application\/ld+json\" class=\"yoast-schema-graph\">{\"@context\":\"https:\\\/\\\/schema.org\",\"@graph\":[{\"@type\":\"Article\",\"@id\":\"https:\\\/\\\/www.krafthand.de\\\/truck\\\/artikel\\\/problemloeser-carat-praemiert-innovative-tools-fuer-den-werkstattalltag-42694\\\/#article\",\"isPartOf\":{\"@id\":\"https:\\\/\\\/www.krafthand.de\\\/truck\\\/artikel\\\/problemloeser-carat-praemiert-innovative-tools-fuer-den-werkstattalltag-42694\\\/\"},\"author\":{\"name\":\"georg.blenk@krafthand-medien.de\",\"@id\":\"https:\\\/\\\/www.krafthand.de\\\/truck\\\/#\\\/schema\\\/person\\\/51fa80b1c57034c4bf63f9f988fc24ce\"},\"headline\":\"Probleml\u00f6ser: CARAT pr\u00e4miert innovative Tools f\u00fcr den Werkstattalltag\",\"datePublished\":\"2025-05-06T15:25:15+00:00\",\"dateModified\":\"2025-05-06T15:37:07+00:00\",\"mainEntityOfPage\":{\"@id\":\"https:\\\/\\\/www.krafthand.de\\\/truck\\\/artikel\\\/problemloeser-carat-praemiert-innovative-tools-fuer-den-werkstattalltag-42694\\\/\"},\"wordCount\":203,\"image\":{\"@id\":\"https:\\\/\\\/www.krafthand.de\\\/truck\\\/artikel\\\/problemloeser-carat-praemiert-innovative-tools-fuer-den-werkstattalltag-42694\\\/#primaryimage\"},\"thumbnailUrl\":\"https:\\\/\\\/static.krafthand-truck.de\\\/uploads\\\/2025\\\/05\\\/Carat_Werkstattexperte.jpg\",\"keywords\":[\"Carat-Gruppe\",\"MSX25\",\"Schrauberblog\"],\"articleSection\":[\"Veranstaltungen\\\/Messen\",\"Werkzeuge\\\/Tools\"],\"inLanguage\":\"de\"},{\"@type\":\"WebPage\",\"@id\":\"https:\\\/\\\/www.krafthand.de\\\/truck\\\/artikel\\\/problemloeser-carat-praemiert-innovative-tools-fuer-den-werkstattalltag-42694\\\/\",\"url\":\"https:\\\/\\\/www.krafthand.de\\\/truck\\\/artikel\\\/problemloeser-carat-praemiert-innovative-tools-fuer-den-werkstattalltag-42694\\\/\",\"name\":\"Probleml\u00f6ser: CARAT pr\u00e4miert innovative Tools f\u00fcr den Werkstattalltag - Krafthand-Truck\",\"isPartOf\":{\"@id\":\"https:\\\/\\\/www.krafthand.de\\\/truck\\\/#website\"},\"primaryImageOfPage\":{\"@id\":\"https:\\\/\\\/www.krafthand.de\\\/truck\\\/artikel\\\/problemloeser-carat-praemiert-innovative-tools-fuer-den-werkstattalltag-42694\\\/#primaryimage\"},\"image\":{\"@id\":\"https:\\\/\\\/www.krafthand.de\\\/truck\\\/artikel\\\/problemloeser-carat-praemiert-innovative-tools-fuer-den-werkstattalltag-42694\\\/#primaryimage\"},\"thumbnailUrl\":\"https:\\\/\\\/static.krafthand-truck.de\\\/uploads\\\/2025\\\/05\\\/Carat_Werkstattexperte.jpg\",\"datePublished\":\"2025-05-06T15:25:15+00:00\",\"dateModified\":\"2025-05-06T15:37:07+00:00\",\"author\":{\"@id\":\"https:\\\/\\\/www.krafthand.de\\\/truck\\\/#\\\/schema\\\/person\\\/51fa80b1c57034c4bf63f9f988fc24ce\"},\"description\":\"Von der Werkbank zur Marktreife \u2013 unter diesem Leitgedanken startet die Mannheimer Einkaufskooperation CARAT gemeinsam mit Schrauberblog eine neue Initiative.\",\"breadcrumb\":{\"@id\":\"https:\\\/\\\/www.krafthand.de\\\/truck\\\/artikel\\\/problemloeser-carat-praemiert-innovative-tools-fuer-den-werkstattalltag-42694\\\/#breadcrumb\"},\"inLanguage\":\"de\",\"potentialAction\":[{\"@type\":\"ReadAction\",\"target\":[\"https:\\\/\\\/www.krafthand.de\\\/truck\\\/artikel\\\/problemloeser-carat-praemiert-innovative-tools-fuer-den-werkstattalltag-42694\\\/\"]}]},{\"@type\":\"ImageObject\",\"inLanguage\":\"de\",\"@id\":\"https:\\\/\\\/www.krafthand.de\\\/truck\\\/artikel\\\/problemloeser-carat-praemiert-innovative-tools-fuer-den-werkstattalltag-42694\\\/#primaryimage\",\"url\":\"https:\\\/\\\/static.krafthand-truck.de\\\/uploads\\\/2025\\\/05\\\/Carat_Werkstattexperte.jpg\",\"contentUrl\":\"https:\\\/\\\/static.krafthand-truck.de\\\/uploads\\\/2025\\\/05\\\/Carat_Werkstattexperte.jpg\",\"width\":1200,\"height\":673},{\"@type\":\"BreadcrumbList\",\"@id\":\"https:\\\/\\\/www.krafthand.de\\\/truck\\\/artikel\\\/problemloeser-carat-praemiert-innovative-tools-fuer-den-werkstattalltag-42694\\\/#breadcrumb\",\"itemListElement\":[{\"@type\":\"ListItem\",\"position\":1,\"name\":\"Krafthand-Truck\",\"item\":\"https:\\\/\\\/www.krafthand.de\\\/truck\\\/\"},{\"@type\":\"ListItem\",\"position\":2,\"name\":\"Nfz-Service\",\"item\":\"https:\\\/\\\/www.krafthand.de\\\/truck\\\/kategorie\\\/nfz-service\\\/\"},{\"@type\":\"ListItem\",\"position\":3,\"name\":\"Werkzeuge\\\/Tools\",\"item\":\"https:\\\/\\\/www.krafthand.de\\\/truck\\\/kategorie\\\/nfz-service\\\/werkzeuge\\\/\"},{\"@type\":\"ListItem\",\"position\":4,\"name\":\"Probleml\u00f6ser: CARAT pr\u00e4miert innovative Tools f\u00fcr den Werkstattalltag\"}]},{\"@type\":\"WebSite\",\"@id\":\"https:\\\/\\\/www.krafthand.de\\\/truck\\\/#website\",\"url\":\"https:\\\/\\\/www.krafthand.de\\\/truck\\\/\",\"name\":\"Krafthand-Truck\",\"description\":\"\",\"potentialAction\":[{\"@type\":\"SearchAction\",\"target\":{\"@type\":\"EntryPoint\",\"urlTemplate\":\"https:\\\/\\\/www.krafthand.de\\\/truck\\\/?s={search_term_string}\"},\"query-input\":{\"@type\":\"PropertyValueSpecification\",\"valueRequired\":true,\"valueName\":\"search_term_string\"}}],\"inLanguage\":\"de\"},{\"@type\":\"Person\",\"@id\":\"https:\\\/\\\/www.krafthand.de\\\/truck\\\/#\\\/schema\\\/person\\\/51fa80b1c57034c4bf63f9f988fc24ce\",\"name\":\"georg.blenk@krafthand-medien.de\",\"image\":{\"@type\":\"ImageObject\",\"inLanguage\":\"de\",\"@id\":\"https:\\\/\\\/secure.gravatar.com\\\/avatar\\\/93713c30affe0aa95d3a4130e499bb1abee2eb31adbdd9ce2aa1543538490215?s=96&d=mm&r=g\",\"url\":\"https:\\\/\\\/secure.gravatar.com\\\/avatar\\\/93713c30affe0aa95d3a4130e499bb1abee2eb31adbdd9ce2aa1543538490215?s=96&d=mm&r=g\",\"contentUrl\":\"https:\\\/\\\/secure.gravatar.com\\\/avatar\\\/93713c30affe0aa95d3a4130e499bb1abee2eb31adbdd9ce2aa1543538490215?s=96&d=mm&r=g\",\"caption\":\"georg.blenk@krafthand-medien.de\"}}]}<\/script>\n<!-- \/ Yoast SEO plugin. -->","yoast_head_json":{"title":"Probleml\u00f6ser: CARAT pr\u00e4miert innovative Tools f\u00fcr den Werkstattalltag - Krafthand-Truck","description":"Von der Werkbank zur Marktreife \u2013 unter diesem Leitgedanken startet die Mannheimer Einkaufskooperation CARAT gemeinsam mit Schrauberblog eine neue Initiative.","robots":{"index":"index","follow":"follow","max-snippet":"max-snippet:-1","max-image-preview":"max-image-preview:large","max-video-preview":"max-video-preview:-1"},"canonical":"https:\/\/www.krafthand.de\/truck\/artikel\/problemloeser-carat-praemiert-innovative-tools-fuer-den-werkstattalltag-42694\/","og_locale":"de_DE","og_type":"article","og_title":"Probleml\u00f6ser: CARAT pr\u00e4miert innovative Tools f\u00fcr den Werkstattalltag - Krafthand-Truck","og_description":"Von der Werkbank zur Marktreife \u2013 unter diesem Leitgedanken startet die Mannheimer Einkaufskooperation CARAT gemeinsam mit Schrauberblog eine neue Initiative.","og_url":"https:\/\/www.krafthand-truck.de\/artikel\/problemloeser-carat-praemiert-innovative-tools-fuer-den-werkstattalltag-42694\/","og_site_name":"Krafthand-Truck","article_published_time":"2025-05-06T15:25:15+00:00","article_modified_time":"2025-05-06T15:37:07+00:00","og_image":[{"width":1200,"height":673,"url":"https:\/\/www.krafthand.de\/truck\/wp-content\/uploads\/2025\/05\/Carat_Werkstattexperte.jpg","type":"image\/jpeg"}],"author":"georg.blenk@krafthand-medien.de","twitter_card":"summary_large_image","twitter_misc":{"Verfasst von":"georg.blenk@krafthand-medien.de","Gesch\u00e4tzte Lesezeit":"2\u00a0Minuten"},"schema":{"@context":"https:\/\/schema.org","@graph":[{"@type":"Article","@id":"https:\/\/www.krafthand.de\/truck\/artikel\/problemloeser-carat-praemiert-innovative-tools-fuer-den-werkstattalltag-42694\/#article","isPartOf":{"@id":"https:\/\/www.krafthand.de\/truck\/artikel\/problemloeser-carat-praemiert-innovative-tools-fuer-den-werkstattalltag-42694\/"},"author":{"name":"georg.blenk@krafthand-medien.de","@id":"https:\/\/www.krafthand.de\/truck\/#\/schema\/person\/51fa80b1c57034c4bf63f9f988fc24ce"},"headline":"Probleml\u00f6ser: CARAT pr\u00e4miert innovative Tools f\u00fcr den Werkstattalltag","datePublished":"2025-05-06T15:25:15+00:00","dateModified":"2025-05-06T15:37:07+00:00","mainEntityOfPage":{"@id":"https:\/\/www.krafthand.de\/truck\/artikel\/problemloeser-carat-praemiert-innovative-tools-fuer-den-werkstattalltag-42694\/"},"wordCount":203,"image":{"@id":"https:\/\/www.krafthand.de\/truck\/artikel\/problemloeser-carat-praemiert-innovative-tools-fuer-den-werkstattalltag-42694\/#primaryimage"},"thumbnailUrl":"https:\/\/static.krafthand-truck.de\/uploads\/2025\/05\/Carat_Werkstattexperte.jpg","keywords":["Carat-Gruppe","MSX25","Schrauberblog"],"articleSection":["Veranstaltungen\/Messen","Werkzeuge\/Tools"],"inLanguage":"de"},{"@type":"WebPage","@id":"https:\/\/www.krafthand.de\/truck\/artikel\/problemloeser-carat-praemiert-innovative-tools-fuer-den-werkstattalltag-42694\/","url":"https:\/\/www.krafthand.de\/truck\/artikel\/problemloeser-carat-praemiert-innovative-tools-fuer-den-werkstattalltag-42694\/","name":"Probleml\u00f6ser: CARAT pr\u00e4miert innovative Tools f\u00fcr den Werkstattalltag - Krafthand-Truck","isPartOf":{"@id":"https:\/\/www.krafthand.de\/truck\/#website"},"primaryImageOfPage":{"@id":"https:\/\/www.krafthand.de\/truck\/artikel\/problemloeser-carat-praemiert-innovative-tools-fuer-den-werkstattalltag-42694\/#primaryimage"},"image":{"@id":"https:\/\/www.krafthand.de\/truck\/artikel\/problemloeser-carat-praemiert-innovative-tools-fuer-den-werkstattalltag-42694\/#primaryimage"},"thumbnailUrl":"https:\/\/static.krafthand-truck.de\/uploads\/2025\/05\/Carat_Werkstattexperte.jpg","datePublished":"2025-05-06T15:25:15+00:00","dateModified":"2025-05-06T15:37:07+00:00","author":{"@id":"https:\/\/www.krafthand.de\/truck\/#\/schema\/person\/51fa80b1c57034c4bf63f9f988fc24ce"},"description":"Von der Werkbank zur Marktreife \u2013 unter diesem Leitgedanken startet die Mannheimer Einkaufskooperation CARAT gemeinsam mit Schrauberblog eine neue Initiative.","breadcrumb":{"@id":"https:\/\/www.krafthand.de\/truck\/artikel\/problemloeser-carat-praemiert-innovative-tools-fuer-den-werkstattalltag-42694\/#breadcrumb"},"inLanguage":"de","potentialAction":[{"@type":"ReadAction","target":["https:\/\/www.krafthand.de\/truck\/artikel\/problemloeser-carat-praemiert-innovative-tools-fuer-den-werkstattalltag-42694\/"]}]},{"@type":"ImageObject","inLanguage":"de","@id":"https:\/\/www.krafthand.de\/truck\/artikel\/problemloeser-carat-praemiert-innovative-tools-fuer-den-werkstattalltag-42694\/#primaryimage","url":"https:\/\/static.krafthand-truck.de\/uploads\/2025\/05\/Carat_Werkstattexperte.jpg","contentUrl":"https:\/\/static.krafthand-truck.de\/uploads\/2025\/05\/Carat_Werkstattexperte.jpg","width":1200,"height":673},{"@type":"BreadcrumbList","@id":"https:\/\/www.krafthand.de\/truck\/artikel\/problemloeser-carat-praemiert-innovative-tools-fuer-den-werkstattalltag-42694\/#breadcrumb","itemListElement":[{"@type":"ListItem","position":1,"name":"Krafthand-Truck","item":"https:\/\/www.krafthand.de\/truck\/"},{"@type":"ListItem","position":2,"name":"Nfz-Service","item":"https:\/\/www.krafthand.de\/truck\/kategorie\/nfz-service\/"},{"@type":"ListItem","position":3,"name":"Werkzeuge\/Tools","item":"https:\/\/www.krafthand.de\/truck\/kategorie\/nfz-service\/werkzeuge\/"},{"@type":"ListItem","position":4,"name":"Probleml\u00f6ser: CARAT pr\u00e4miert innovative Tools f\u00fcr den Werkstattalltag"}]},{"@type":"WebSite","@id":"https:\/\/www.krafthand.de\/truck\/#website","url":"https:\/\/www.krafthand.de\/truck\/","name":"Krafthand-Truck","description":"","potentialAction":[{"@type":"SearchAction","target":{"@type":"EntryPoint","urlTemplate":"https:\/\/www.krafthand.de\/truck\/?s={search_term_string}"},"query-input":{"@type":"PropertyValueSpecification","valueRequired":true,"valueName":"search_term_string"}}],"inLanguage":"de"},{"@type":"Person","@id":"https:\/\/www.krafthand.de\/truck\/#\/schema\/person\/51fa80b1c57034c4bf63f9f988fc24ce","name":"georg.blenk@krafthand-medien.de","image":{"@type":"ImageObject","inLanguage":"de","@id":"https:\/\/secure.gravatar.com\/avatar\/93713c30affe0aa95d3a4130e499bb1abee2eb31adbdd9ce2aa1543538490215?s=96&d=mm&r=g","url":"https:\/\/secure.gravatar.com\/avatar\/93713c30affe0aa95d3a4130e499bb1abee2eb31adbdd9ce2aa1543538490215?s=96&d=mm&r=g","contentUrl":"https:\/\/secure.gravatar.com\/avatar\/93713c30affe0aa95d3a4130e499bb1abee2eb31adbdd9ce2aa1543538490215?s=96&d=mm&r=g","caption":"georg.blenk@krafthand-medien.de"}}]}},"_links":{"self":[{"href":"https:\/\/www.krafthand.de\/truck\/wp-json\/wp\/v2\/posts\/42694","targetHints":{"allow":["GET"]}}],"collection":[{"href":"https:\/\/www.krafthand.de\/truck\/wp-json\/wp\/v2\/posts"}],"about":[{"href":"https:\/\/www.krafthand.de\/truck\/wp-json\/wp\/v2\/types\/post"}],"author":[{"embeddable":true,"href":"https:\/\/www.krafthand.de\/truck\/wp-json\/wp\/v2\/users\/9"}],"replies":[{"embeddable":true,"href":"https:\/\/www.krafthand.de\/truck\/wp-json\/wp\/v2\/comments?post=42694"}],"version-history":[{"count":3,"href":"https:\/\/www.krafthand.de\/truck\/wp-json\/wp\/v2\/posts\/42694\/revisions"}],"predecessor-version":[{"id":42698,"href":"https:\/\/www.krafthand.de\/truck\/wp-json\/wp\/v2\/posts\/42694\/revisions\/42698"}],"wp:featuredmedia":[{"embeddable":true,"href":"https:\/\/www.krafthand.de\/truck\/wp-json\/wp\/v2\/media\/42696"}],"wp:attachment":[{"href":"https:\/\/www.krafthand.de\/truck\/wp-json\/wp\/v2\/media?parent=42694"}],"wp:term":[{"taxonomy":"category","embeddable":true,"href":"https:\/\/www.krafthand.de\/truck\/wp-json\/wp\/v2\/categories?post=42694"},{"taxonomy":"post_tag","embeddable":true,"href":"https:\/\/www.krafthand.de\/truck\/wp-json\/wp\/v2\/tags?post=42694"},{"taxonomy":"settings","embeddable":true,"href":"https:\/\/www.krafthand.de\/truck\/wp-json\/wp\/v2\/settings?post=42694"}],"curies":[{"name":"wp","href":"https:\/\/api.w.org\/{rel}","templated":true}]}}