{"id":42663,"date":"2025-04-30T12:16:18","date_gmt":"2025-04-30T10:16:18","guid":{"rendered":"https:\/\/www.krafthand.de\/truck\/?p=42663"},"modified":"2025-04-30T12:16:18","modified_gmt":"2025-04-30T10:16:18","slug":"wms-wagner-kalibriertool-fuer-die-mercedes-benz-mirrorcam","status":"publish","type":"post","link":"https:\/\/www.krafthand.de\/truck\/artikel\/wms-wagner-kalibriertool-fuer-die-mercedes-benz-mirrorcam-42663\/","title":{"rendered":"WMS Wagner: Kalibriertool f\u00fcr die Mercedes Benz MirrorCam"},"content":{"rendered":"<p>Nach dem Tausch des Spiegelarms oder der Kamera ist eine Neukalibrierung der MirrorCam von Mercedes Benz Lkw notwendig. Der Spezialist f\u00fcr Achsmess- und ADAS-Kalibriersysteme <a href=\"https:\/\/wmswagner.de\" target=\"_blank\" rel=\"noopener\">WMS Wagner<\/a>, hat mit dem Mirror Cam Tool (MCT) ein entsprechendes Kalibriertool im Programm.<\/p>\n<p>Mit dem MCT kann die MirrorCam, beispielsweise beim Actros, durch einen Monteur in rund 20 Minuten kalibriert werden. So l\u00e4sst sich der Arbeitsaufwand deutlich verk\u00fcrzen. Der Aufbau ist laut WMS Wagner denkbar einfach und ben\u00f6tigt keine Einmessung des Arbeitsplatzes.<\/p>\n<p>Im Lieferumfang enthalten sind eine teleskopierbare Justiervorrichtung mit zwei einstellbaren Target-Tafeln, ein Mitteltr\u00e4ger mit Aufnahme und Ausrichtvorrichtung f\u00fcr den Kreuzlinienlaser, ein Distanzlaser sowie der Kreuzlinienlaser selbst. Optional kann das MCT mit Spiegelaufkleber ausgeliefert werden.<\/p>\n<p><i>Den Beitrag finden Sie auch in der Print-Ausgabe 2-2025 der <a href=\"https:\/\/www.krafthand.de\/truck\/magazin\/\" title=\"Zum Magazin\">Krafthand-Truck<\/a>.<\/i><\/p>\r\n\t\t\t\t<div class=\"post-author\">\r\n\t\t\t\t\t<div class=\"khm-cp-author clearfix\">\r\n\t\t\t\t\t\t<div class=\"khm-cp-author__content\">\r\n\t\t\t\t\t\t\t\tKontakt zum Autor:<br \/>\r\n\t\t\t\t\t\t\t\t<strong>Georg Blenk<\/strong>, 08247 \/ 3007-45 |  <a href=\"mailto:georg.blenk@krafthand-medien.de\">georg.blenk@krafthand-medien.de<\/a>\r\n\t\t\t\t\t\t\t<div class=\"khm-cp-author__image\">\r\n\t\t\t\t\t\t<img src=\"https:\/\/static.krafthand-truck.de\/uploads\/2021\/01\/Blenk_6104-250x300-1-removebg-preview.png\" class=\"img-responsive\">\r\n\t\t\t\t\t<\/div>\r\n\t\t\t\t\t\t<\/div>\r\n\t\t\t\t\t<\/div>\r\n\t\t\t\t<\/div>\r\n\t\t\t\t","protected":false},"excerpt":{"rendered":"<p>Nach dem Tausch des Spiegelarms oder der Kamera ist eine Neukalibrierung der MirrorCam von Mercedes Benz Lkw notwendig. Der Spezialist f\u00fcr Achsmess- und ADAS-Kalibriersysteme WMS Wagner, hat mit dem Mirror Cam Tool (MCT) ein entsprechendes Kalibriertool im Programm. <span class=\"excerpt-more__dots\">&#8230;<\/span> <a class=\"excerpt-more__link\" href=\"https:\/\/www.krafthand.de\/truck\/artikel\/wms-wagner-kalibriertool-fuer-die-mercedes-benz-mirrorcam-42663\/\" >weiter<\/a><\/p>\n","protected":false},"author":9,"featured_media":42664,"comment_status":"closed","ping_status":"closed","sticky":false,"template":"","format":"standard","meta":{"footnotes":""},"categories":[4225,4220],"tags":[4769,5341,4882,6228],"settings":[3524,4766,3523],"class_list":["post-42663","post","type-post","status-publish","format-standard","has-post-thumbnail","hentry","category-ssistenzsysteme","category-werkstattausruestung","tag-adas","tag-kalibrieren","tag-mirror-cam","tag-wms-wagner"],"yoast_head":"<!-- This site is optimized with the Yoast SEO plugin v27.3 - https:\/\/yoast.com\/product\/yoast-seo-wordpress\/ -->\n<title>WMS Wagner: Kalibriertool f\u00fcr die Mercedes Benz MirrorCam - Krafthand-Truck<\/title>\n<meta name=\"description\" content=\"WMS Wagner, hat mit dem Mirror Cam Tool (MCT) ein Kalibriertool f\u00fcr die Spiegelkameras von Mercedes Benz Lkw im Programm.\" \/>\n<meta name=\"robots\" content=\"index, follow, max-snippet:-1, max-image-preview:large, max-video-preview:-1\" \/>\n<link rel=\"canonical\" href=\"https:\/\/www.krafthand.de\/truck\/artikel\/wms-wagner-kalibriertool-fuer-die-mercedes-benz-mirrorcam-42663\/\" \/>\n<meta property=\"og:locale\" content=\"de_DE\" \/>\n<meta property=\"og:type\" content=\"article\" \/>\n<meta property=\"og:title\" content=\"WMS Wagner: Kalibriertool f\u00fcr die Mercedes Benz MirrorCam - Krafthand-Truck\" \/>\n<meta property=\"og:description\" content=\"WMS Wagner, hat mit dem Mirror Cam Tool (MCT) ein Kalibriertool f\u00fcr die Spiegelkameras von Mercedes Benz Lkw im Programm.\" \/>\n<meta property=\"og:url\" content=\"https:\/\/www.krafthand-truck.de\/artikel\/wms-wagner-kalibriertool-fuer-die-mercedes-benz-mirrorcam-42663\/\" \/>\n<meta property=\"og:site_name\" content=\"Krafthand-Truck\" \/>\n<meta property=\"article:published_time\" content=\"2025-04-30T10:16:18+00:00\" \/>\n<meta property=\"og:image\" content=\"https:\/\/static.krafthand-truck.de\/uploads\/2025\/04\/WMS_Wagner_MirrorCam_Tool_Distanzlaser_Kalibrieren.jpg\" \/>\n\t<meta property=\"og:image:width\" content=\"1200\" \/>\n\t<meta property=\"og:image:height\" content=\"565\" \/>\n\t<meta property=\"og:image:type\" content=\"image\/jpeg\" \/>\n<meta name=\"author\" content=\"georg.blenk@krafthand-medien.de\" \/>\n<meta name=\"twitter:card\" content=\"summary_large_image\" \/>\n<meta name=\"twitter:label1\" content=\"Verfasst von\" \/>\n\t<meta name=\"twitter:data1\" content=\"georg.blenk@krafthand-medien.de\" \/>\n\t<meta name=\"twitter:label2\" content=\"Gesch\u00e4tzte Lesezeit\" \/>\n\t<meta name=\"twitter:data2\" content=\"1\u00a0Minute\" \/>\n<script type=\"application\/ld+json\" class=\"yoast-schema-graph\">{\"@context\":\"https:\\\/\\\/schema.org\",\"@graph\":[{\"@type\":\"Article\",\"@id\":\"https:\\\/\\\/www.krafthand.de\\\/truck\\\/artikel\\\/wms-wagner-kalibriertool-fuer-die-mercedes-benz-mirrorcam-42663\\\/#article\",\"isPartOf\":{\"@id\":\"https:\\\/\\\/www.krafthand.de\\\/truck\\\/artikel\\\/wms-wagner-kalibriertool-fuer-die-mercedes-benz-mirrorcam-42663\\\/\"},\"author\":{\"name\":\"georg.blenk@krafthand-medien.de\",\"@id\":\"https:\\\/\\\/www.krafthand.de\\\/truck\\\/#\\\/schema\\\/person\\\/51fa80b1c57034c4bf63f9f988fc24ce\"},\"headline\":\"WMS Wagner: Kalibriertool f\u00fcr die Mercedes Benz MirrorCam\",\"datePublished\":\"2025-04-30T10:16:18+00:00\",\"mainEntityOfPage\":{\"@id\":\"https:\\\/\\\/www.krafthand.de\\\/truck\\\/artikel\\\/wms-wagner-kalibriertool-fuer-die-mercedes-benz-mirrorcam-42663\\\/\"},\"wordCount\":125,\"image\":{\"@id\":\"https:\\\/\\\/www.krafthand.de\\\/truck\\\/artikel\\\/wms-wagner-kalibriertool-fuer-die-mercedes-benz-mirrorcam-42663\\\/#primaryimage\"},\"thumbnailUrl\":\"https:\\\/\\\/static.krafthand-truck.de\\\/uploads\\\/2025\\\/04\\\/WMS_Wagner_MirrorCam_Tool_Distanzlaser_Kalibrieren.jpg\",\"keywords\":[\"ADAS\",\"Kalibrieren\",\"Mirror-Cam\",\"WMS Wagner\"],\"articleSection\":[\"Assistenzsysteme\",\"Werkstattausr\u00fcstung\"],\"inLanguage\":\"de\"},{\"@type\":\"WebPage\",\"@id\":\"https:\\\/\\\/www.krafthand.de\\\/truck\\\/artikel\\\/wms-wagner-kalibriertool-fuer-die-mercedes-benz-mirrorcam-42663\\\/\",\"url\":\"https:\\\/\\\/www.krafthand.de\\\/truck\\\/artikel\\\/wms-wagner-kalibriertool-fuer-die-mercedes-benz-mirrorcam-42663\\\/\",\"name\":\"WMS Wagner: Kalibriertool f\u00fcr die Mercedes Benz MirrorCam - Krafthand-Truck\",\"isPartOf\":{\"@id\":\"https:\\\/\\\/www.krafthand.de\\\/truck\\\/#website\"},\"primaryImageOfPage\":{\"@id\":\"https:\\\/\\\/www.krafthand.de\\\/truck\\\/artikel\\\/wms-wagner-kalibriertool-fuer-die-mercedes-benz-mirrorcam-42663\\\/#primaryimage\"},\"image\":{\"@id\":\"https:\\\/\\\/www.krafthand.de\\\/truck\\\/artikel\\\/wms-wagner-kalibriertool-fuer-die-mercedes-benz-mirrorcam-42663\\\/#primaryimage\"},\"thumbnailUrl\":\"https:\\\/\\\/static.krafthand-truck.de\\\/uploads\\\/2025\\\/04\\\/WMS_Wagner_MirrorCam_Tool_Distanzlaser_Kalibrieren.jpg\",\"datePublished\":\"2025-04-30T10:16:18+00:00\",\"author\":{\"@id\":\"https:\\\/\\\/www.krafthand.de\\\/truck\\\/#\\\/schema\\\/person\\\/51fa80b1c57034c4bf63f9f988fc24ce\"},\"description\":\"WMS Wagner, hat mit dem Mirror Cam Tool (MCT) ein Kalibriertool f\u00fcr die Spiegelkameras von Mercedes Benz Lkw im Programm.\",\"breadcrumb\":{\"@id\":\"https:\\\/\\\/www.krafthand.de\\\/truck\\\/artikel\\\/wms-wagner-kalibriertool-fuer-die-mercedes-benz-mirrorcam-42663\\\/#breadcrumb\"},\"inLanguage\":\"de\",\"potentialAction\":[{\"@type\":\"ReadAction\",\"target\":[\"https:\\\/\\\/www.krafthand.de\\\/truck\\\/artikel\\\/wms-wagner-kalibriertool-fuer-die-mercedes-benz-mirrorcam-42663\\\/\"]}]},{\"@type\":\"ImageObject\",\"inLanguage\":\"de\",\"@id\":\"https:\\\/\\\/www.krafthand.de\\\/truck\\\/artikel\\\/wms-wagner-kalibriertool-fuer-die-mercedes-benz-mirrorcam-42663\\\/#primaryimage\",\"url\":\"https:\\\/\\\/static.krafthand-truck.de\\\/uploads\\\/2025\\\/04\\\/WMS_Wagner_MirrorCam_Tool_Distanzlaser_Kalibrieren.jpg\",\"contentUrl\":\"https:\\\/\\\/static.krafthand-truck.de\\\/uploads\\\/2025\\\/04\\\/WMS_Wagner_MirrorCam_Tool_Distanzlaser_Kalibrieren.jpg\",\"width\":1200,\"height\":565},{\"@type\":\"BreadcrumbList\",\"@id\":\"https:\\\/\\\/www.krafthand.de\\\/truck\\\/artikel\\\/wms-wagner-kalibriertool-fuer-die-mercedes-benz-mirrorcam-42663\\\/#breadcrumb\",\"itemListElement\":[{\"@type\":\"ListItem\",\"position\":1,\"name\":\"Krafthand-Truck\",\"item\":\"https:\\\/\\\/www.krafthand.de\\\/truck\\\/\"},{\"@type\":\"ListItem\",\"position\":2,\"name\":\"Nfz-Service\",\"item\":\"https:\\\/\\\/www.krafthand.de\\\/truck\\\/kategorie\\\/nfz-service\\\/\"},{\"@type\":\"ListItem\",\"position\":3,\"name\":\"Werkstattausr\u00fcstung\",\"item\":\"https:\\\/\\\/www.krafthand.de\\\/truck\\\/kategorie\\\/nfz-service\\\/werkstattausruestung\\\/\"},{\"@type\":\"ListItem\",\"position\":4,\"name\":\"WMS Wagner: Kalibriertool f\u00fcr die Mercedes Benz MirrorCam\"}]},{\"@type\":\"WebSite\",\"@id\":\"https:\\\/\\\/www.krafthand.de\\\/truck\\\/#website\",\"url\":\"https:\\\/\\\/www.krafthand.de\\\/truck\\\/\",\"name\":\"Krafthand-Truck\",\"description\":\"\",\"potentialAction\":[{\"@type\":\"SearchAction\",\"target\":{\"@type\":\"EntryPoint\",\"urlTemplate\":\"https:\\\/\\\/www.krafthand.de\\\/truck\\\/?s={search_term_string}\"},\"query-input\":{\"@type\":\"PropertyValueSpecification\",\"valueRequired\":true,\"valueName\":\"search_term_string\"}}],\"inLanguage\":\"de\"},{\"@type\":\"Person\",\"@id\":\"https:\\\/\\\/www.krafthand.de\\\/truck\\\/#\\\/schema\\\/person\\\/51fa80b1c57034c4bf63f9f988fc24ce\",\"name\":\"georg.blenk@krafthand-medien.de\",\"image\":{\"@type\":\"ImageObject\",\"inLanguage\":\"de\",\"@id\":\"https:\\\/\\\/secure.gravatar.com\\\/avatar\\\/93713c30affe0aa95d3a4130e499bb1abee2eb31adbdd9ce2aa1543538490215?s=96&d=mm&r=g\",\"url\":\"https:\\\/\\\/secure.gravatar.com\\\/avatar\\\/93713c30affe0aa95d3a4130e499bb1abee2eb31adbdd9ce2aa1543538490215?s=96&d=mm&r=g\",\"contentUrl\":\"https:\\\/\\\/secure.gravatar.com\\\/avatar\\\/93713c30affe0aa95d3a4130e499bb1abee2eb31adbdd9ce2aa1543538490215?s=96&d=mm&r=g\",\"caption\":\"georg.blenk@krafthand-medien.de\"}}]}<\/script>\n<!-- \/ Yoast SEO plugin. -->","yoast_head_json":{"title":"WMS Wagner: Kalibriertool f\u00fcr die Mercedes Benz MirrorCam - Krafthand-Truck","description":"WMS Wagner, hat mit dem Mirror Cam Tool (MCT) ein Kalibriertool f\u00fcr die Spiegelkameras von Mercedes Benz Lkw im Programm.","robots":{"index":"index","follow":"follow","max-snippet":"max-snippet:-1","max-image-preview":"max-image-preview:large","max-video-preview":"max-video-preview:-1"},"canonical":"https:\/\/www.krafthand.de\/truck\/artikel\/wms-wagner-kalibriertool-fuer-die-mercedes-benz-mirrorcam-42663\/","og_locale":"de_DE","og_type":"article","og_title":"WMS Wagner: Kalibriertool f\u00fcr die Mercedes Benz MirrorCam - Krafthand-Truck","og_description":"WMS Wagner, hat mit dem Mirror Cam Tool (MCT) ein Kalibriertool f\u00fcr die Spiegelkameras von Mercedes Benz Lkw im Programm.","og_url":"https:\/\/www.krafthand-truck.de\/artikel\/wms-wagner-kalibriertool-fuer-die-mercedes-benz-mirrorcam-42663\/","og_site_name":"Krafthand-Truck","article_published_time":"2025-04-30T10:16:18+00:00","og_image":[{"width":1200,"height":565,"url":"https:\/\/static.krafthand-truck.de\/uploads\/2025\/04\/WMS_Wagner_MirrorCam_Tool_Distanzlaser_Kalibrieren.jpg","type":"image\/jpeg"}],"author":"georg.blenk@krafthand-medien.de","twitter_card":"summary_large_image","twitter_misc":{"Verfasst von":"georg.blenk@krafthand-medien.de","Gesch\u00e4tzte Lesezeit":"1\u00a0Minute"},"schema":{"@context":"https:\/\/schema.org","@graph":[{"@type":"Article","@id":"https:\/\/www.krafthand.de\/truck\/artikel\/wms-wagner-kalibriertool-fuer-die-mercedes-benz-mirrorcam-42663\/#article","isPartOf":{"@id":"https:\/\/www.krafthand.de\/truck\/artikel\/wms-wagner-kalibriertool-fuer-die-mercedes-benz-mirrorcam-42663\/"},"author":{"name":"georg.blenk@krafthand-medien.de","@id":"https:\/\/www.krafthand.de\/truck\/#\/schema\/person\/51fa80b1c57034c4bf63f9f988fc24ce"},"headline":"WMS Wagner: Kalibriertool f\u00fcr die Mercedes Benz MirrorCam","datePublished":"2025-04-30T10:16:18+00:00","mainEntityOfPage":{"@id":"https:\/\/www.krafthand.de\/truck\/artikel\/wms-wagner-kalibriertool-fuer-die-mercedes-benz-mirrorcam-42663\/"},"wordCount":125,"image":{"@id":"https:\/\/www.krafthand.de\/truck\/artikel\/wms-wagner-kalibriertool-fuer-die-mercedes-benz-mirrorcam-42663\/#primaryimage"},"thumbnailUrl":"https:\/\/static.krafthand-truck.de\/uploads\/2025\/04\/WMS_Wagner_MirrorCam_Tool_Distanzlaser_Kalibrieren.jpg","keywords":["ADAS","Kalibrieren","Mirror-Cam","WMS Wagner"],"articleSection":["Assistenzsysteme","Werkstattausr\u00fcstung"],"inLanguage":"de"},{"@type":"WebPage","@id":"https:\/\/www.krafthand.de\/truck\/artikel\/wms-wagner-kalibriertool-fuer-die-mercedes-benz-mirrorcam-42663\/","url":"https:\/\/www.krafthand.de\/truck\/artikel\/wms-wagner-kalibriertool-fuer-die-mercedes-benz-mirrorcam-42663\/","name":"WMS Wagner: Kalibriertool f\u00fcr die Mercedes Benz MirrorCam - Krafthand-Truck","isPartOf":{"@id":"https:\/\/www.krafthand.de\/truck\/#website"},"primaryImageOfPage":{"@id":"https:\/\/www.krafthand.de\/truck\/artikel\/wms-wagner-kalibriertool-fuer-die-mercedes-benz-mirrorcam-42663\/#primaryimage"},"image":{"@id":"https:\/\/www.krafthand.de\/truck\/artikel\/wms-wagner-kalibriertool-fuer-die-mercedes-benz-mirrorcam-42663\/#primaryimage"},"thumbnailUrl":"https:\/\/static.krafthand-truck.de\/uploads\/2025\/04\/WMS_Wagner_MirrorCam_Tool_Distanzlaser_Kalibrieren.jpg","datePublished":"2025-04-30T10:16:18+00:00","author":{"@id":"https:\/\/www.krafthand.de\/truck\/#\/schema\/person\/51fa80b1c57034c4bf63f9f988fc24ce"},"description":"WMS Wagner, hat mit dem Mirror Cam Tool (MCT) ein Kalibriertool f\u00fcr die Spiegelkameras von Mercedes Benz Lkw im Programm.","breadcrumb":{"@id":"https:\/\/www.krafthand.de\/truck\/artikel\/wms-wagner-kalibriertool-fuer-die-mercedes-benz-mirrorcam-42663\/#breadcrumb"},"inLanguage":"de","potentialAction":[{"@type":"ReadAction","target":["https:\/\/www.krafthand.de\/truck\/artikel\/wms-wagner-kalibriertool-fuer-die-mercedes-benz-mirrorcam-42663\/"]}]},{"@type":"ImageObject","inLanguage":"de","@id":"https:\/\/www.krafthand.de\/truck\/artikel\/wms-wagner-kalibriertool-fuer-die-mercedes-benz-mirrorcam-42663\/#primaryimage","url":"https:\/\/static.krafthand-truck.de\/uploads\/2025\/04\/WMS_Wagner_MirrorCam_Tool_Distanzlaser_Kalibrieren.jpg","contentUrl":"https:\/\/static.krafthand-truck.de\/uploads\/2025\/04\/WMS_Wagner_MirrorCam_Tool_Distanzlaser_Kalibrieren.jpg","width":1200,"height":565},{"@type":"BreadcrumbList","@id":"https:\/\/www.krafthand.de\/truck\/artikel\/wms-wagner-kalibriertool-fuer-die-mercedes-benz-mirrorcam-42663\/#breadcrumb","itemListElement":[{"@type":"ListItem","position":1,"name":"Krafthand-Truck","item":"https:\/\/www.krafthand.de\/truck\/"},{"@type":"ListItem","position":2,"name":"Nfz-Service","item":"https:\/\/www.krafthand.de\/truck\/kategorie\/nfz-service\/"},{"@type":"ListItem","position":3,"name":"Werkstattausr\u00fcstung","item":"https:\/\/www.krafthand.de\/truck\/kategorie\/nfz-service\/werkstattausruestung\/"},{"@type":"ListItem","position":4,"name":"WMS Wagner: Kalibriertool f\u00fcr die Mercedes Benz MirrorCam"}]},{"@type":"WebSite","@id":"https:\/\/www.krafthand.de\/truck\/#website","url":"https:\/\/www.krafthand.de\/truck\/","name":"Krafthand-Truck","description":"","potentialAction":[{"@type":"SearchAction","target":{"@type":"EntryPoint","urlTemplate":"https:\/\/www.krafthand.de\/truck\/?s={search_term_string}"},"query-input":{"@type":"PropertyValueSpecification","valueRequired":true,"valueName":"search_term_string"}}],"inLanguage":"de"},{"@type":"Person","@id":"https:\/\/www.krafthand.de\/truck\/#\/schema\/person\/51fa80b1c57034c4bf63f9f988fc24ce","name":"georg.blenk@krafthand-medien.de","image":{"@type":"ImageObject","inLanguage":"de","@id":"https:\/\/secure.gravatar.com\/avatar\/93713c30affe0aa95d3a4130e499bb1abee2eb31adbdd9ce2aa1543538490215?s=96&d=mm&r=g","url":"https:\/\/secure.gravatar.com\/avatar\/93713c30affe0aa95d3a4130e499bb1abee2eb31adbdd9ce2aa1543538490215?s=96&d=mm&r=g","contentUrl":"https:\/\/secure.gravatar.com\/avatar\/93713c30affe0aa95d3a4130e499bb1abee2eb31adbdd9ce2aa1543538490215?s=96&d=mm&r=g","caption":"georg.blenk@krafthand-medien.de"}}]}},"_links":{"self":[{"href":"https:\/\/www.krafthand.de\/truck\/wp-json\/wp\/v2\/posts\/42663","targetHints":{"allow":["GET"]}}],"collection":[{"href":"https:\/\/www.krafthand.de\/truck\/wp-json\/wp\/v2\/posts"}],"about":[{"href":"https:\/\/www.krafthand.de\/truck\/wp-json\/wp\/v2\/types\/post"}],"author":[{"embeddable":true,"href":"https:\/\/www.krafthand.de\/truck\/wp-json\/wp\/v2\/users\/9"}],"replies":[{"embeddable":true,"href":"https:\/\/www.krafthand.de\/truck\/wp-json\/wp\/v2\/comments?post=42663"}],"version-history":[{"count":1,"href":"https:\/\/www.krafthand.de\/truck\/wp-json\/wp\/v2\/posts\/42663\/revisions"}],"predecessor-version":[{"id":42665,"href":"https:\/\/www.krafthand.de\/truck\/wp-json\/wp\/v2\/posts\/42663\/revisions\/42665"}],"wp:featuredmedia":[{"embeddable":true,"href":"https:\/\/www.krafthand.de\/truck\/wp-json\/wp\/v2\/media\/42664"}],"wp:attachment":[{"href":"https:\/\/www.krafthand.de\/truck\/wp-json\/wp\/v2\/media?parent=42663"}],"wp:term":[{"taxonomy":"category","embeddable":true,"href":"https:\/\/www.krafthand.de\/truck\/wp-json\/wp\/v2\/categories?post=42663"},{"taxonomy":"post_tag","embeddable":true,"href":"https:\/\/www.krafthand.de\/truck\/wp-json\/wp\/v2\/tags?post=42663"},{"taxonomy":"settings","embeddable":true,"href":"https:\/\/www.krafthand.de\/truck\/wp-json\/wp\/v2\/settings?post=42663"}],"curies":[{"name":"wp","href":"https:\/\/api.w.org\/{rel}","templated":true}]}}