{"id":42626,"date":"2025-04-23T11:55:29","date_gmt":"2025-04-23T09:55:29","guid":{"rendered":"https:\/\/www.krafthand.de\/truck\/?p=42626"},"modified":"2025-04-23T13:58:17","modified_gmt":"2025-04-23T11:58:17","slug":"hella-mit-neuem-katalog-universalbeleuchtung","status":"publish","type":"post","link":"https:\/\/www.krafthand.de\/truck\/artikel\/hella-mit-neuem-katalog-universalbeleuchtung-42626\/","title":{"rendered":"HELLA mit neuem Katalog zum Thema Universalbeleuchtung"},"content":{"rendered":"<p>Wenn es um die Verkehrssicherheit und den Arbeitsschutz geht, steht das Thema Beleuchtung ganz oben.<\/p>\n<p>Mit dem neuen Katalog \u201aUniversalbeleuchtung\u2018 liefert HELLA jetzt einen aktuellen \u00dcberblick \u00fcber das gesamte Produktportfolio f\u00fcr Gel\u00e4ndewagen, Lkw, Land- und Baumaschinenfahrzeuge. Es reicht von klassischen Arbeitsscheinwerfern, \u00fcber die Front-, Seiten- und Heckbeleuchtung, bis hin zu Zusatzscheinwerfern, die Signal- und die Kennbeleuchtung. Auch Werkstattlampen fehlen nicht in der 216 Seiten starken \u00dcbersicht.<\/p>\n<p>Ein Beispiel aus dem umfassenden Programm sind die HELLA Black-Magic Tough LED-Lightbars mit bis zu 9.200 Lumen, die f\u00fcr Gel\u00e4ndefahrzeuge oder Lkw mit hohem Lichtbedarf geeignet sind.<\/p>\n<p>Der Katalog liefert zudem umfangreiches, technisches Hintergrundwissen, erkl\u00e4rt die Leistung, das Einsatzspektrum und die Anschlussm\u00f6glichkeiten der High-Tech-Produkte. Er steht als ePaper zum <a href=\"https:\/\/www.hella.com\/MicroSite\/ePaper\/Universalbeleuchtung\/index.html\" target=\"_blank\" rel=\"noopener\">Download<\/a> zur Verf\u00fcgung.<\/p>\n","protected":false},"excerpt":{"rendered":"<p>Wenn es um die Verkehrssicherheit und den Arbeitsschutz geht, steht das Thema Beleuchtung ganz oben. Mit dem neuen Katalog \u201aUniversalbeleuchtung\u2018 liefert HELLA jetzt einen aktuellen \u00dcberblick \u00fcber das gesamte Produktportfolio f\u00fcr Gel\u00e4ndewagen, Lkw, Land- und Baumaschinenfahrzeuge. <span class=\"excerpt-more__dots\">&#8230;<\/span> <a class=\"excerpt-more__link\" href=\"https:\/\/www.krafthand.de\/truck\/artikel\/hella-mit-neuem-katalog-universalbeleuchtung-42626\/\" >weiter<\/a><\/p>\n","protected":false},"author":9,"featured_media":42628,"comment_status":"closed","ping_status":"closed","sticky":false,"template":"","format":"standard","meta":{"footnotes":""},"categories":[4912],"tags":[],"settings":[4766,3523],"class_list":["post-42626","post","type-post","status-publish","format-standard","has-post-thumbnail","hentry","category-ersatzteile-zubehoer"],"yoast_head":"<!-- This site is optimized with the Yoast SEO plugin v27.3 - https:\/\/yoast.com\/product\/yoast-seo-wordpress\/ -->\n<title>HELLA mit neuem Katalog zum Thema Universalbeleuchtung - Krafthand-Truck<\/title>\n<meta name=\"description\" content=\"Mit dem Katalog \u201aUniversalbeleuchtung\u2018 liefert HELLA einen \u00dcberblick \u00fcber das Produktportfolio f\u00fcr Pkw, Lkw, Land- und Baumaschinenfahrzeuge.\" \/>\n<meta name=\"robots\" content=\"index, follow, max-snippet:-1, max-image-preview:large, max-video-preview:-1\" \/>\n<link rel=\"canonical\" href=\"https:\/\/www.krafthand.de\/truck\/artikel\/hella-mit-neuem-katalog-universalbeleuchtung-42626\/\" \/>\n<meta property=\"og:locale\" content=\"de_DE\" \/>\n<meta property=\"og:type\" content=\"article\" \/>\n<meta property=\"og:title\" content=\"HELLA mit neuem Katalog zum Thema Universalbeleuchtung - Krafthand-Truck\" \/>\n<meta property=\"og:description\" content=\"Mit dem Katalog \u201aUniversalbeleuchtung\u2018 liefert HELLA einen \u00dcberblick \u00fcber das Produktportfolio f\u00fcr Pkw, Lkw, Land- und Baumaschinenfahrzeuge.\" \/>\n<meta property=\"og:url\" content=\"https:\/\/www.krafthand-truck.de\/artikel\/hella-mit-neuem-katalog-universalbeleuchtung-42626\/\" \/>\n<meta property=\"og:site_name\" content=\"Krafthand-Truck\" \/>\n<meta property=\"article:published_time\" content=\"2025-04-23T09:55:29+00:00\" \/>\n<meta property=\"article:modified_time\" content=\"2025-04-23T11:58:17+00:00\" \/>\n<meta property=\"og:image\" content=\"https:\/\/static.krafthand-truck.de\/uploads\/2025\/04\/HELLA_Katalog_Universalbeleuchtung_2025.jpg\" \/>\n\t<meta property=\"og:image:width\" content=\"800\" \/>\n\t<meta property=\"og:image:height\" content=\"1140\" \/>\n\t<meta property=\"og:image:type\" content=\"image\/jpeg\" \/>\n<meta name=\"author\" content=\"georg.blenk@krafthand-medien.de\" \/>\n<meta name=\"twitter:card\" content=\"summary_large_image\" \/>\n<meta name=\"twitter:label1\" content=\"Verfasst von\" \/>\n\t<meta name=\"twitter:data1\" content=\"georg.blenk@krafthand-medien.de\" \/>\n\t<meta name=\"twitter:label2\" content=\"Gesch\u00e4tzte Lesezeit\" \/>\n\t<meta name=\"twitter:data2\" content=\"1\u00a0Minute\" \/>\n<script type=\"application\/ld+json\" class=\"yoast-schema-graph\">{\"@context\":\"https:\\\/\\\/schema.org\",\"@graph\":[{\"@type\":\"Article\",\"@id\":\"https:\\\/\\\/www.krafthand.de\\\/truck\\\/artikel\\\/hella-mit-neuem-katalog-universalbeleuchtung-42626\\\/#article\",\"isPartOf\":{\"@id\":\"https:\\\/\\\/www.krafthand.de\\\/truck\\\/artikel\\\/hella-mit-neuem-katalog-universalbeleuchtung-42626\\\/\"},\"author\":{\"name\":\"georg.blenk@krafthand-medien.de\",\"@id\":\"https:\\\/\\\/www.krafthand.de\\\/truck\\\/#\\\/schema\\\/person\\\/51fa80b1c57034c4bf63f9f988fc24ce\"},\"headline\":\"HELLA mit neuem Katalog zum Thema Universalbeleuchtung\",\"datePublished\":\"2025-04-23T09:55:29+00:00\",\"dateModified\":\"2025-04-23T11:58:17+00:00\",\"mainEntityOfPage\":{\"@id\":\"https:\\\/\\\/www.krafthand.de\\\/truck\\\/artikel\\\/hella-mit-neuem-katalog-universalbeleuchtung-42626\\\/\"},\"wordCount\":130,\"image\":{\"@id\":\"https:\\\/\\\/www.krafthand.de\\\/truck\\\/artikel\\\/hella-mit-neuem-katalog-universalbeleuchtung-42626\\\/#primaryimage\"},\"thumbnailUrl\":\"https:\\\/\\\/static.krafthand-truck.de\\\/uploads\\\/2025\\\/04\\\/HELLA_Katalog_Universalbeleuchtung_2025.jpg\",\"articleSection\":[\"Ersatzteile\\\/Zubeh\u00f6r\"],\"inLanguage\":\"de\"},{\"@type\":\"WebPage\",\"@id\":\"https:\\\/\\\/www.krafthand.de\\\/truck\\\/artikel\\\/hella-mit-neuem-katalog-universalbeleuchtung-42626\\\/\",\"url\":\"https:\\\/\\\/www.krafthand.de\\\/truck\\\/artikel\\\/hella-mit-neuem-katalog-universalbeleuchtung-42626\\\/\",\"name\":\"HELLA mit neuem Katalog zum Thema Universalbeleuchtung - Krafthand-Truck\",\"isPartOf\":{\"@id\":\"https:\\\/\\\/www.krafthand.de\\\/truck\\\/#website\"},\"primaryImageOfPage\":{\"@id\":\"https:\\\/\\\/www.krafthand.de\\\/truck\\\/artikel\\\/hella-mit-neuem-katalog-universalbeleuchtung-42626\\\/#primaryimage\"},\"image\":{\"@id\":\"https:\\\/\\\/www.krafthand.de\\\/truck\\\/artikel\\\/hella-mit-neuem-katalog-universalbeleuchtung-42626\\\/#primaryimage\"},\"thumbnailUrl\":\"https:\\\/\\\/static.krafthand-truck.de\\\/uploads\\\/2025\\\/04\\\/HELLA_Katalog_Universalbeleuchtung_2025.jpg\",\"datePublished\":\"2025-04-23T09:55:29+00:00\",\"dateModified\":\"2025-04-23T11:58:17+00:00\",\"author\":{\"@id\":\"https:\\\/\\\/www.krafthand.de\\\/truck\\\/#\\\/schema\\\/person\\\/51fa80b1c57034c4bf63f9f988fc24ce\"},\"description\":\"Mit dem Katalog \u201aUniversalbeleuchtung\u2018 liefert HELLA einen \u00dcberblick \u00fcber das Produktportfolio f\u00fcr Pkw, Lkw, Land- und Baumaschinenfahrzeuge.\",\"breadcrumb\":{\"@id\":\"https:\\\/\\\/www.krafthand.de\\\/truck\\\/artikel\\\/hella-mit-neuem-katalog-universalbeleuchtung-42626\\\/#breadcrumb\"},\"inLanguage\":\"de\",\"potentialAction\":[{\"@type\":\"ReadAction\",\"target\":[\"https:\\\/\\\/www.krafthand.de\\\/truck\\\/artikel\\\/hella-mit-neuem-katalog-universalbeleuchtung-42626\\\/\"]}]},{\"@type\":\"ImageObject\",\"inLanguage\":\"de\",\"@id\":\"https:\\\/\\\/www.krafthand.de\\\/truck\\\/artikel\\\/hella-mit-neuem-katalog-universalbeleuchtung-42626\\\/#primaryimage\",\"url\":\"https:\\\/\\\/static.krafthand-truck.de\\\/uploads\\\/2025\\\/04\\\/HELLA_Katalog_Universalbeleuchtung_2025.jpg\",\"contentUrl\":\"https:\\\/\\\/static.krafthand-truck.de\\\/uploads\\\/2025\\\/04\\\/HELLA_Katalog_Universalbeleuchtung_2025.jpg\",\"width\":800,\"height\":1140},{\"@type\":\"BreadcrumbList\",\"@id\":\"https:\\\/\\\/www.krafthand.de\\\/truck\\\/artikel\\\/hella-mit-neuem-katalog-universalbeleuchtung-42626\\\/#breadcrumb\",\"itemListElement\":[{\"@type\":\"ListItem\",\"position\":1,\"name\":\"Krafthand-Truck\",\"item\":\"https:\\\/\\\/www.krafthand.de\\\/truck\\\/\"},{\"@type\":\"ListItem\",\"position\":2,\"name\":\"Nfz-Service\",\"item\":\"https:\\\/\\\/www.krafthand.de\\\/truck\\\/kategorie\\\/nfz-service\\\/\"},{\"@type\":\"ListItem\",\"position\":3,\"name\":\"Ersatzteile\\\/Zubeh\u00f6r\",\"item\":\"https:\\\/\\\/www.krafthand.de\\\/truck\\\/kategorie\\\/nfz-service\\\/ersatzteile-zubehoer\\\/\"},{\"@type\":\"ListItem\",\"position\":4,\"name\":\"HELLA mit neuem Katalog zum Thema Universalbeleuchtung\"}]},{\"@type\":\"WebSite\",\"@id\":\"https:\\\/\\\/www.krafthand.de\\\/truck\\\/#website\",\"url\":\"https:\\\/\\\/www.krafthand.de\\\/truck\\\/\",\"name\":\"Krafthand-Truck\",\"description\":\"\",\"potentialAction\":[{\"@type\":\"SearchAction\",\"target\":{\"@type\":\"EntryPoint\",\"urlTemplate\":\"https:\\\/\\\/www.krafthand.de\\\/truck\\\/?s={search_term_string}\"},\"query-input\":{\"@type\":\"PropertyValueSpecification\",\"valueRequired\":true,\"valueName\":\"search_term_string\"}}],\"inLanguage\":\"de\"},{\"@type\":\"Person\",\"@id\":\"https:\\\/\\\/www.krafthand.de\\\/truck\\\/#\\\/schema\\\/person\\\/51fa80b1c57034c4bf63f9f988fc24ce\",\"name\":\"georg.blenk@krafthand-medien.de\",\"image\":{\"@type\":\"ImageObject\",\"inLanguage\":\"de\",\"@id\":\"https:\\\/\\\/secure.gravatar.com\\\/avatar\\\/93713c30affe0aa95d3a4130e499bb1abee2eb31adbdd9ce2aa1543538490215?s=96&d=mm&r=g\",\"url\":\"https:\\\/\\\/secure.gravatar.com\\\/avatar\\\/93713c30affe0aa95d3a4130e499bb1abee2eb31adbdd9ce2aa1543538490215?s=96&d=mm&r=g\",\"contentUrl\":\"https:\\\/\\\/secure.gravatar.com\\\/avatar\\\/93713c30affe0aa95d3a4130e499bb1abee2eb31adbdd9ce2aa1543538490215?s=96&d=mm&r=g\",\"caption\":\"georg.blenk@krafthand-medien.de\"}}]}<\/script>\n<!-- \/ Yoast SEO plugin. -->","yoast_head_json":{"title":"HELLA mit neuem Katalog zum Thema Universalbeleuchtung - Krafthand-Truck","description":"Mit dem Katalog \u201aUniversalbeleuchtung\u2018 liefert HELLA einen \u00dcberblick \u00fcber das Produktportfolio f\u00fcr Pkw, Lkw, Land- und Baumaschinenfahrzeuge.","robots":{"index":"index","follow":"follow","max-snippet":"max-snippet:-1","max-image-preview":"max-image-preview:large","max-video-preview":"max-video-preview:-1"},"canonical":"https:\/\/www.krafthand.de\/truck\/artikel\/hella-mit-neuem-katalog-universalbeleuchtung-42626\/","og_locale":"de_DE","og_type":"article","og_title":"HELLA mit neuem Katalog zum Thema Universalbeleuchtung - Krafthand-Truck","og_description":"Mit dem Katalog \u201aUniversalbeleuchtung\u2018 liefert HELLA einen \u00dcberblick \u00fcber das Produktportfolio f\u00fcr Pkw, Lkw, Land- und Baumaschinenfahrzeuge.","og_url":"https:\/\/www.krafthand-truck.de\/artikel\/hella-mit-neuem-katalog-universalbeleuchtung-42626\/","og_site_name":"Krafthand-Truck","article_published_time":"2025-04-23T09:55:29+00:00","article_modified_time":"2025-04-23T11:58:17+00:00","og_image":[{"width":800,"height":1140,"url":"https:\/\/static.krafthand-truck.de\/uploads\/2025\/04\/HELLA_Katalog_Universalbeleuchtung_2025.jpg","type":"image\/jpeg"}],"author":"georg.blenk@krafthand-medien.de","twitter_card":"summary_large_image","twitter_misc":{"Verfasst von":"georg.blenk@krafthand-medien.de","Gesch\u00e4tzte Lesezeit":"1\u00a0Minute"},"schema":{"@context":"https:\/\/schema.org","@graph":[{"@type":"Article","@id":"https:\/\/www.krafthand.de\/truck\/artikel\/hella-mit-neuem-katalog-universalbeleuchtung-42626\/#article","isPartOf":{"@id":"https:\/\/www.krafthand.de\/truck\/artikel\/hella-mit-neuem-katalog-universalbeleuchtung-42626\/"},"author":{"name":"georg.blenk@krafthand-medien.de","@id":"https:\/\/www.krafthand.de\/truck\/#\/schema\/person\/51fa80b1c57034c4bf63f9f988fc24ce"},"headline":"HELLA mit neuem Katalog zum Thema Universalbeleuchtung","datePublished":"2025-04-23T09:55:29+00:00","dateModified":"2025-04-23T11:58:17+00:00","mainEntityOfPage":{"@id":"https:\/\/www.krafthand.de\/truck\/artikel\/hella-mit-neuem-katalog-universalbeleuchtung-42626\/"},"wordCount":130,"image":{"@id":"https:\/\/www.krafthand.de\/truck\/artikel\/hella-mit-neuem-katalog-universalbeleuchtung-42626\/#primaryimage"},"thumbnailUrl":"https:\/\/static.krafthand-truck.de\/uploads\/2025\/04\/HELLA_Katalog_Universalbeleuchtung_2025.jpg","articleSection":["Ersatzteile\/Zubeh\u00f6r"],"inLanguage":"de"},{"@type":"WebPage","@id":"https:\/\/www.krafthand.de\/truck\/artikel\/hella-mit-neuem-katalog-universalbeleuchtung-42626\/","url":"https:\/\/www.krafthand.de\/truck\/artikel\/hella-mit-neuem-katalog-universalbeleuchtung-42626\/","name":"HELLA mit neuem Katalog zum Thema Universalbeleuchtung - Krafthand-Truck","isPartOf":{"@id":"https:\/\/www.krafthand.de\/truck\/#website"},"primaryImageOfPage":{"@id":"https:\/\/www.krafthand.de\/truck\/artikel\/hella-mit-neuem-katalog-universalbeleuchtung-42626\/#primaryimage"},"image":{"@id":"https:\/\/www.krafthand.de\/truck\/artikel\/hella-mit-neuem-katalog-universalbeleuchtung-42626\/#primaryimage"},"thumbnailUrl":"https:\/\/static.krafthand-truck.de\/uploads\/2025\/04\/HELLA_Katalog_Universalbeleuchtung_2025.jpg","datePublished":"2025-04-23T09:55:29+00:00","dateModified":"2025-04-23T11:58:17+00:00","author":{"@id":"https:\/\/www.krafthand.de\/truck\/#\/schema\/person\/51fa80b1c57034c4bf63f9f988fc24ce"},"description":"Mit dem Katalog \u201aUniversalbeleuchtung\u2018 liefert HELLA einen \u00dcberblick \u00fcber das Produktportfolio f\u00fcr Pkw, Lkw, Land- und Baumaschinenfahrzeuge.","breadcrumb":{"@id":"https:\/\/www.krafthand.de\/truck\/artikel\/hella-mit-neuem-katalog-universalbeleuchtung-42626\/#breadcrumb"},"inLanguage":"de","potentialAction":[{"@type":"ReadAction","target":["https:\/\/www.krafthand.de\/truck\/artikel\/hella-mit-neuem-katalog-universalbeleuchtung-42626\/"]}]},{"@type":"ImageObject","inLanguage":"de","@id":"https:\/\/www.krafthand.de\/truck\/artikel\/hella-mit-neuem-katalog-universalbeleuchtung-42626\/#primaryimage","url":"https:\/\/static.krafthand-truck.de\/uploads\/2025\/04\/HELLA_Katalog_Universalbeleuchtung_2025.jpg","contentUrl":"https:\/\/static.krafthand-truck.de\/uploads\/2025\/04\/HELLA_Katalog_Universalbeleuchtung_2025.jpg","width":800,"height":1140},{"@type":"BreadcrumbList","@id":"https:\/\/www.krafthand.de\/truck\/artikel\/hella-mit-neuem-katalog-universalbeleuchtung-42626\/#breadcrumb","itemListElement":[{"@type":"ListItem","position":1,"name":"Krafthand-Truck","item":"https:\/\/www.krafthand.de\/truck\/"},{"@type":"ListItem","position":2,"name":"Nfz-Service","item":"https:\/\/www.krafthand.de\/truck\/kategorie\/nfz-service\/"},{"@type":"ListItem","position":3,"name":"Ersatzteile\/Zubeh\u00f6r","item":"https:\/\/www.krafthand.de\/truck\/kategorie\/nfz-service\/ersatzteile-zubehoer\/"},{"@type":"ListItem","position":4,"name":"HELLA mit neuem Katalog zum Thema Universalbeleuchtung"}]},{"@type":"WebSite","@id":"https:\/\/www.krafthand.de\/truck\/#website","url":"https:\/\/www.krafthand.de\/truck\/","name":"Krafthand-Truck","description":"","potentialAction":[{"@type":"SearchAction","target":{"@type":"EntryPoint","urlTemplate":"https:\/\/www.krafthand.de\/truck\/?s={search_term_string}"},"query-input":{"@type":"PropertyValueSpecification","valueRequired":true,"valueName":"search_term_string"}}],"inLanguage":"de"},{"@type":"Person","@id":"https:\/\/www.krafthand.de\/truck\/#\/schema\/person\/51fa80b1c57034c4bf63f9f988fc24ce","name":"georg.blenk@krafthand-medien.de","image":{"@type":"ImageObject","inLanguage":"de","@id":"https:\/\/secure.gravatar.com\/avatar\/93713c30affe0aa95d3a4130e499bb1abee2eb31adbdd9ce2aa1543538490215?s=96&d=mm&r=g","url":"https:\/\/secure.gravatar.com\/avatar\/93713c30affe0aa95d3a4130e499bb1abee2eb31adbdd9ce2aa1543538490215?s=96&d=mm&r=g","contentUrl":"https:\/\/secure.gravatar.com\/avatar\/93713c30affe0aa95d3a4130e499bb1abee2eb31adbdd9ce2aa1543538490215?s=96&d=mm&r=g","caption":"georg.blenk@krafthand-medien.de"}}]}},"_links":{"self":[{"href":"https:\/\/www.krafthand.de\/truck\/wp-json\/wp\/v2\/posts\/42626","targetHints":{"allow":["GET"]}}],"collection":[{"href":"https:\/\/www.krafthand.de\/truck\/wp-json\/wp\/v2\/posts"}],"about":[{"href":"https:\/\/www.krafthand.de\/truck\/wp-json\/wp\/v2\/types\/post"}],"author":[{"embeddable":true,"href":"https:\/\/www.krafthand.de\/truck\/wp-json\/wp\/v2\/users\/9"}],"replies":[{"embeddable":true,"href":"https:\/\/www.krafthand.de\/truck\/wp-json\/wp\/v2\/comments?post=42626"}],"version-history":[{"count":7,"href":"https:\/\/www.krafthand.de\/truck\/wp-json\/wp\/v2\/posts\/42626\/revisions"}],"predecessor-version":[{"id":42634,"href":"https:\/\/www.krafthand.de\/truck\/wp-json\/wp\/v2\/posts\/42626\/revisions\/42634"}],"wp:featuredmedia":[{"embeddable":true,"href":"https:\/\/www.krafthand.de\/truck\/wp-json\/wp\/v2\/media\/42628"}],"wp:attachment":[{"href":"https:\/\/www.krafthand.de\/truck\/wp-json\/wp\/v2\/media?parent=42626"}],"wp:term":[{"taxonomy":"category","embeddable":true,"href":"https:\/\/www.krafthand.de\/truck\/wp-json\/wp\/v2\/categories?post=42626"},{"taxonomy":"post_tag","embeddable":true,"href":"https:\/\/www.krafthand.de\/truck\/wp-json\/wp\/v2\/tags?post=42626"},{"taxonomy":"settings","embeddable":true,"href":"https:\/\/www.krafthand.de\/truck\/wp-json\/wp\/v2\/settings?post=42626"}],"curies":[{"name":"wp","href":"https:\/\/api.w.org\/{rel}","templated":true}]}}