{"id":42579,"date":"2025-04-11T11:29:09","date_gmt":"2025-04-11T09:29:09","guid":{"rendered":"https:\/\/www.krafthand.de\/truck\/?p=42579"},"modified":"2025-12-02T10:53:09","modified_gmt":"2025-12-02T09:53:09","slug":"man-setzt-in-sachen-werkslogistik-auf-etrucks","status":"publish","type":"post","link":"https:\/\/www.krafthand.de\/truck\/artikel\/man-setzt-in-sachen-werkslogistik-auf-etrucks-42579\/","title":{"rendered":"MAN setzt in Sachen Werkslogistik auf eTrucks"},"content":{"rendered":"<p>MAN Truck &amp; Bus m\u00f6chte seine Logistik durch den verst\u00e4rkten Einsatz von eTrucks zum Transport der eigenen G\u00fcter und Fahrzeuge dekarbonisieren. Die Ausschreibung zum k\u00fcnftigen Einsatz batterieelektrischer Fahrzeuge (BEV) auf den ersten knapp 40 Routen wurde nun gestartet. Die Vergaben sollen zeitnah erfolgen, um die Aufnahme des Serienbetriebs 2026 zu erm\u00f6glichen. Insgesamt fahren Lkw bis zu 165 Millionen Kilometer im Jahr im so genannten Inbound-Netzwerk von MAN.<\/p>\n<blockquote class=\"khm-quote\"><p>Wir wollen einen bedeutenden Schritt in Richtung gr\u00fcner Logistik gehen. Die Ausschreibung f\u00fcr den Einsatz batterieelektrischer Trucks ist ein bedeutender Meilenstein f\u00fcr MAN auf dem Weg zur Umstellung unserer eigenen Lieferketten auf Zero-Emission-Antrieben und nachhaltiger Kosteneffizienz. Damit wollen wir unseren Kunden auch im eigenen Betrieb zeigen, welche Vorteile der Einsatz batterieelektrischer Lkw im Transportwesen bereits heute f\u00fcr die Umwelt und den eigenen Betrieb erm\u00f6glicht\u201c, kommentiert Michael Kobriger, im Vorstand von MAN Truck &amp; Bus zust\u00e4ndig f\u00fcr Produktion und Logistik.<\/p><\/blockquote>\n<p>Gemeinsam mit DB Schenker absolviert MAN derzeit einen Testbetrieb mit einem vollelektrischen eTGX, der auf der Strecke Bamberg \u2013 M\u00fcnchen \u2013 Bamberg sowie Bamberg \u2013 N\u00fcrnberg \u2013 Bamberg jeweils zwei Uml\u00e4ufe am Tag f\u00e4hrt. <em>\u201eWir setzen das Fahrzeug seit einigen Wochen f\u00fcr die MAN-Werkslogistik ein. Die ersten Erfahrungen sind positiv. Das Fahrzeug weist einen durchschnittlichen Verbrauch von 121 Kilowattstunden auf \u2013 und das im Winter. Das ist wirklich hervorragend. Auch die R\u00fcckmeldung der Fahrer ist durchweg positiv. Das Fahrgef\u00fchl ist super und die Verarbeitung der Fahrzeuge ist top. Die Fahrer sind zufrieden. Wir sind zufrieden. Was will man mehr!\u201c<\/em>, so William Kratsch, Head of Direct Operations bei DB Schenker. Ende Januar hat DB Schenker zehn vollelektrische MAN eTGX in seine Flotte \u00fcbernommen, die seitdem bundesweit auf verschiedenen Strecken zum Einsatz kommen.<\/p>\n<h3>Aufbau einer Ladeinfrastruktur im MAN-Netzwerk<\/h3>\n<p>Damit vollelektrische Lkw in der Werkslogistik schnell und direkt nahe der Abladestelle Strom tanken k\u00f6nnen, wurde die Ladeinfrastruktur im MAN-Werk M\u00fcnchen entsprechend erweitert. Gleichzeitig werden am MAN-Servicezentrum in Karlsfeld insgesamt vier Ladestationen mit je 400 kW Ladeleistung gebaut, mit genug Platz, damit sie auch mit kompletten Sattel- und H\u00e4ngerz\u00fcgen problemlos angefahren werden k\u00f6nnen. Auch die Werkstandorte Dachau, N\u00fcrnberg und Salzgitter wurden mit entsprechender Ladeinfrastruktur ausgestattet. Die Ladestationen in Karlsfeld sind Teil der Kooperation mit dem Energiekonzern E.ON, im Rahmen derer europaweit rund 170 Standorte mit circa 400 Ladepunkten f\u00fcr das \u00f6ffentliche Laden von Elektro-Lkw entsteht. E.ON und MAN investieren dabei in die neuen Ladestandorte, die entlang des bestehenden MAN-Servicenetzes entstehen und an denen auch Nutzfahrzeuge anderer Hersteller \u00f6ffentlich laden k\u00f6nnen. Allein in Deutschland sind rund 125 Standorte geplant.<\/p>\n<h3>Bereits \u00fcber 150 MAN eTGX bei Logistikern im Einsatz<\/h3>\n<p>Insgesamt sind seit Anfang 2025 \u00fcber 150 eTrucks von MAN bei Logistikdienstleistern unter anderem aus Deutschland, \u00d6sterreich, Belgien und den Niederlanden im Einsatz \u2013 darunter bekannte Namen wie DB Schenker, Duvenbeck, Dachser, Dr\u00e4xlmaier und Koopman. Die Fahrzeuge sind Teil einer ersten Vorserie von 200 Fahrzeugen, die MAN bereits 2024 produziert hat \u2013 f\u00fcr Kunden, die schnell den Weg in die Elektromobilit\u00e4t einschlagen wollen. Fast eine Million Kilometer waren die eTrucks bislang insgesamt unterwegs. Mit einem durchschnittlichen Verbrauch von rund 100 Kilowattstunden pro 100 Kilometer im realen Einsatz in unterschiedlichen Streckenprofilen mit variierenden Zuladungen zeigen sich die Fahrzeuge laut MAN sehr leistungsf\u00e4hig. Im Vergleich zu einem Diesel-Lkw, der rund 27 Liter pro 100 Kilometer verbraucht, h\u00e4tten sie bei Nutzung von 100 Prozent Gr\u00fcnstrom, dank ihres batterieelektrischen Antriebs im Einsatz rund 820 Tonnen CO2 eingespart.<\/p>\n","protected":false},"excerpt":{"rendered":"<p>MAN Truck &#038; Bus m\u00f6chte seine Logistik durch den verst\u00e4rkten Einsatz von eTrucks zum Transport der eigenen G\u00fcter und Fahrzeuge dekarbonisieren. Die Ausschreibung zum k\u00fcnftigen Einsatz batterieelektrischer Fahrzeuge (BEV) auf den ersten knapp 40 Routen wurde nun gestartet. <span class=\"excerpt-more__dots\">&#8230;<\/span> <a class=\"excerpt-more__link\" href=\"https:\/\/www.krafthand.de\/truck\/artikel\/man-setzt-in-sachen-werkslogistik-auf-etrucks-42579\/\" >weiter<\/a><\/p>\n","protected":false},"author":9,"featured_media":42581,"comment_status":"closed","ping_status":"closed","sticky":false,"template":"","format":"standard","meta":{"footnotes":""},"categories":[6375,4915],"tags":[5366,5912,3717,152,6215],"settings":[3524,4766,3523],"class_list":["post-42579","post","type-post","status-publish","format-standard","has-post-thumbnail","hentry","category-lade-tank-infrastruktur","category-neue-fahrzeuge","tag-db-schenker","tag-etgx","tag-etruck","tag-man","tag-werkslogistik"],"yoast_head":"<!-- This site is optimized with the Yoast SEO plugin v27.3 - https:\/\/yoast.com\/product\/yoast-seo-wordpress\/ -->\n<title>MAN setzt in Sachen Werkslogistik auf eTrucks - Krafthand-Truck<\/title>\n<meta name=\"description\" content=\"MAN Truck &amp; Bus m\u00f6chte seine Logistik durch den Einsatz von eTrucks zum Transport der eigenen G\u00fcter und Fahrzeuge dekarbonisieren.\" \/>\n<meta name=\"robots\" content=\"index, follow, max-snippet:-1, max-image-preview:large, max-video-preview:-1\" \/>\n<link rel=\"canonical\" href=\"https:\/\/www.krafthand.de\/truck\/artikel\/man-setzt-in-sachen-werkslogistik-auf-etrucks-42579\/\" \/>\n<meta property=\"og:locale\" content=\"de_DE\" \/>\n<meta property=\"og:type\" content=\"article\" \/>\n<meta property=\"og:title\" content=\"MAN setzt in Sachen Werkslogistik auf eTrucks - Krafthand-Truck\" \/>\n<meta property=\"og:description\" content=\"MAN Truck &amp; Bus m\u00f6chte seine Logistik durch den Einsatz von eTrucks zum Transport der eigenen G\u00fcter und Fahrzeuge dekarbonisieren.\" \/>\n<meta property=\"og:url\" content=\"https:\/\/www.krafthand-truck.de\/artikel\/man-setzt-in-sachen-werkslogistik-auf-etrucks-42579\/\" \/>\n<meta property=\"og:site_name\" content=\"Krafthand-Truck\" \/>\n<meta property=\"article:published_time\" content=\"2025-04-11T09:29:09+00:00\" \/>\n<meta property=\"article:modified_time\" content=\"2025-12-02T09:53:09+00:00\" \/>\n<meta property=\"og:image\" content=\"https:\/\/static.krafthand-truck.de\/uploads\/2025\/04\/MAN_eTGX_DB_Schenker_Werkslogistik.jpg\" \/>\n\t<meta property=\"og:image:width\" content=\"1200\" \/>\n\t<meta property=\"og:image:height\" content=\"601\" \/>\n\t<meta property=\"og:image:type\" content=\"image\/jpeg\" \/>\n<meta name=\"author\" content=\"georg.blenk@krafthand-medien.de\" \/>\n<meta name=\"twitter:card\" content=\"summary_large_image\" \/>\n<meta name=\"twitter:label1\" content=\"Verfasst von\" \/>\n\t<meta name=\"twitter:data1\" content=\"georg.blenk@krafthand-medien.de\" \/>\n\t<meta name=\"twitter:label2\" content=\"Gesch\u00e4tzte Lesezeit\" \/>\n\t<meta name=\"twitter:data2\" content=\"4\u00a0Minuten\" \/>\n<script type=\"application\/ld+json\" class=\"yoast-schema-graph\">{\"@context\":\"https:\\\/\\\/schema.org\",\"@graph\":[{\"@type\":\"Article\",\"@id\":\"https:\\\/\\\/www.krafthand.de\\\/truck\\\/artikel\\\/man-setzt-in-sachen-werkslogistik-auf-etrucks-42579\\\/#article\",\"isPartOf\":{\"@id\":\"https:\\\/\\\/www.krafthand.de\\\/truck\\\/artikel\\\/man-setzt-in-sachen-werkslogistik-auf-etrucks-42579\\\/\"},\"author\":{\"name\":\"georg.blenk@krafthand-medien.de\",\"@id\":\"https:\\\/\\\/www.krafthand.de\\\/truck\\\/#\\\/schema\\\/person\\\/51fa80b1c57034c4bf63f9f988fc24ce\"},\"headline\":\"MAN setzt in Sachen Werkslogistik auf eTrucks\",\"datePublished\":\"2025-04-11T09:29:09+00:00\",\"dateModified\":\"2025-12-02T09:53:09+00:00\",\"mainEntityOfPage\":{\"@id\":\"https:\\\/\\\/www.krafthand.de\\\/truck\\\/artikel\\\/man-setzt-in-sachen-werkslogistik-auf-etrucks-42579\\\/\"},\"wordCount\":570,\"image\":{\"@id\":\"https:\\\/\\\/www.krafthand.de\\\/truck\\\/artikel\\\/man-setzt-in-sachen-werkslogistik-auf-etrucks-42579\\\/#primaryimage\"},\"thumbnailUrl\":\"https:\\\/\\\/static.krafthand-truck.de\\\/uploads\\\/2025\\\/04\\\/MAN_eTGX_DB_Schenker_Werkslogistik.jpg\",\"keywords\":[\"DB Schenker\",\"eTGX\",\"eTruck\",\"MAN\",\"Werkslogistik\"],\"articleSection\":[\"Lade-\\\/Tank-Infrastruktur\",\"Neue Fahrzeuge\"],\"inLanguage\":\"de\"},{\"@type\":\"WebPage\",\"@id\":\"https:\\\/\\\/www.krafthand.de\\\/truck\\\/artikel\\\/man-setzt-in-sachen-werkslogistik-auf-etrucks-42579\\\/\",\"url\":\"https:\\\/\\\/www.krafthand.de\\\/truck\\\/artikel\\\/man-setzt-in-sachen-werkslogistik-auf-etrucks-42579\\\/\",\"name\":\"MAN setzt in Sachen Werkslogistik auf eTrucks - Krafthand-Truck\",\"isPartOf\":{\"@id\":\"https:\\\/\\\/www.krafthand.de\\\/truck\\\/#website\"},\"primaryImageOfPage\":{\"@id\":\"https:\\\/\\\/www.krafthand.de\\\/truck\\\/artikel\\\/man-setzt-in-sachen-werkslogistik-auf-etrucks-42579\\\/#primaryimage\"},\"image\":{\"@id\":\"https:\\\/\\\/www.krafthand.de\\\/truck\\\/artikel\\\/man-setzt-in-sachen-werkslogistik-auf-etrucks-42579\\\/#primaryimage\"},\"thumbnailUrl\":\"https:\\\/\\\/static.krafthand-truck.de\\\/uploads\\\/2025\\\/04\\\/MAN_eTGX_DB_Schenker_Werkslogistik.jpg\",\"datePublished\":\"2025-04-11T09:29:09+00:00\",\"dateModified\":\"2025-12-02T09:53:09+00:00\",\"author\":{\"@id\":\"https:\\\/\\\/www.krafthand.de\\\/truck\\\/#\\\/schema\\\/person\\\/51fa80b1c57034c4bf63f9f988fc24ce\"},\"description\":\"MAN Truck & Bus m\u00f6chte seine Logistik durch den Einsatz von eTrucks zum Transport der eigenen G\u00fcter und Fahrzeuge dekarbonisieren.\",\"breadcrumb\":{\"@id\":\"https:\\\/\\\/www.krafthand.de\\\/truck\\\/artikel\\\/man-setzt-in-sachen-werkslogistik-auf-etrucks-42579\\\/#breadcrumb\"},\"inLanguage\":\"de\",\"potentialAction\":[{\"@type\":\"ReadAction\",\"target\":[\"https:\\\/\\\/www.krafthand.de\\\/truck\\\/artikel\\\/man-setzt-in-sachen-werkslogistik-auf-etrucks-42579\\\/\"]}]},{\"@type\":\"ImageObject\",\"inLanguage\":\"de\",\"@id\":\"https:\\\/\\\/www.krafthand.de\\\/truck\\\/artikel\\\/man-setzt-in-sachen-werkslogistik-auf-etrucks-42579\\\/#primaryimage\",\"url\":\"https:\\\/\\\/static.krafthand-truck.de\\\/uploads\\\/2025\\\/04\\\/MAN_eTGX_DB_Schenker_Werkslogistik.jpg\",\"contentUrl\":\"https:\\\/\\\/static.krafthand-truck.de\\\/uploads\\\/2025\\\/04\\\/MAN_eTGX_DB_Schenker_Werkslogistik.jpg\",\"width\":1200,\"height\":601},{\"@type\":\"BreadcrumbList\",\"@id\":\"https:\\\/\\\/www.krafthand.de\\\/truck\\\/artikel\\\/man-setzt-in-sachen-werkslogistik-auf-etrucks-42579\\\/#breadcrumb\",\"itemListElement\":[{\"@type\":\"ListItem\",\"position\":1,\"name\":\"Krafthand-Truck\",\"item\":\"https:\\\/\\\/www.krafthand.de\\\/truck\\\/\"},{\"@type\":\"ListItem\",\"position\":2,\"name\":\"IT+Fuhrpark\",\"item\":\"https:\\\/\\\/www.krafthand.de\\\/truck\\\/kategorie\\\/fuhrpark\\\/\"},{\"@type\":\"ListItem\",\"position\":3,\"name\":\"Neue Fahrzeuge\",\"item\":\"https:\\\/\\\/www.krafthand.de\\\/truck\\\/kategorie\\\/fuhrpark\\\/neue-fahrzeuge\\\/\"},{\"@type\":\"ListItem\",\"position\":4,\"name\":\"MAN setzt in Sachen Werkslogistik auf eTrucks\"}]},{\"@type\":\"WebSite\",\"@id\":\"https:\\\/\\\/www.krafthand.de\\\/truck\\\/#website\",\"url\":\"https:\\\/\\\/www.krafthand.de\\\/truck\\\/\",\"name\":\"Krafthand-Truck\",\"description\":\"\",\"potentialAction\":[{\"@type\":\"SearchAction\",\"target\":{\"@type\":\"EntryPoint\",\"urlTemplate\":\"https:\\\/\\\/www.krafthand.de\\\/truck\\\/?s={search_term_string}\"},\"query-input\":{\"@type\":\"PropertyValueSpecification\",\"valueRequired\":true,\"valueName\":\"search_term_string\"}}],\"inLanguage\":\"de\"},{\"@type\":\"Person\",\"@id\":\"https:\\\/\\\/www.krafthand.de\\\/truck\\\/#\\\/schema\\\/person\\\/51fa80b1c57034c4bf63f9f988fc24ce\",\"name\":\"georg.blenk@krafthand-medien.de\",\"image\":{\"@type\":\"ImageObject\",\"inLanguage\":\"de\",\"@id\":\"https:\\\/\\\/secure.gravatar.com\\\/avatar\\\/93713c30affe0aa95d3a4130e499bb1abee2eb31adbdd9ce2aa1543538490215?s=96&d=mm&r=g\",\"url\":\"https:\\\/\\\/secure.gravatar.com\\\/avatar\\\/93713c30affe0aa95d3a4130e499bb1abee2eb31adbdd9ce2aa1543538490215?s=96&d=mm&r=g\",\"contentUrl\":\"https:\\\/\\\/secure.gravatar.com\\\/avatar\\\/93713c30affe0aa95d3a4130e499bb1abee2eb31adbdd9ce2aa1543538490215?s=96&d=mm&r=g\",\"caption\":\"georg.blenk@krafthand-medien.de\"}}]}<\/script>\n<!-- \/ Yoast SEO plugin. -->","yoast_head_json":{"title":"MAN setzt in Sachen Werkslogistik auf eTrucks - Krafthand-Truck","description":"MAN Truck & Bus m\u00f6chte seine Logistik durch den Einsatz von eTrucks zum Transport der eigenen G\u00fcter und Fahrzeuge dekarbonisieren.","robots":{"index":"index","follow":"follow","max-snippet":"max-snippet:-1","max-image-preview":"max-image-preview:large","max-video-preview":"max-video-preview:-1"},"canonical":"https:\/\/www.krafthand.de\/truck\/artikel\/man-setzt-in-sachen-werkslogistik-auf-etrucks-42579\/","og_locale":"de_DE","og_type":"article","og_title":"MAN setzt in Sachen Werkslogistik auf eTrucks - Krafthand-Truck","og_description":"MAN Truck & Bus m\u00f6chte seine Logistik durch den Einsatz von eTrucks zum Transport der eigenen G\u00fcter und Fahrzeuge dekarbonisieren.","og_url":"https:\/\/www.krafthand-truck.de\/artikel\/man-setzt-in-sachen-werkslogistik-auf-etrucks-42579\/","og_site_name":"Krafthand-Truck","article_published_time":"2025-04-11T09:29:09+00:00","article_modified_time":"2025-12-02T09:53:09+00:00","og_image":[{"width":1200,"height":601,"url":"https:\/\/static.krafthand-truck.de\/uploads\/2025\/04\/MAN_eTGX_DB_Schenker_Werkslogistik.jpg","type":"image\/jpeg"}],"author":"georg.blenk@krafthand-medien.de","twitter_card":"summary_large_image","twitter_misc":{"Verfasst von":"georg.blenk@krafthand-medien.de","Gesch\u00e4tzte Lesezeit":"4\u00a0Minuten"},"schema":{"@context":"https:\/\/schema.org","@graph":[{"@type":"Article","@id":"https:\/\/www.krafthand.de\/truck\/artikel\/man-setzt-in-sachen-werkslogistik-auf-etrucks-42579\/#article","isPartOf":{"@id":"https:\/\/www.krafthand.de\/truck\/artikel\/man-setzt-in-sachen-werkslogistik-auf-etrucks-42579\/"},"author":{"name":"georg.blenk@krafthand-medien.de","@id":"https:\/\/www.krafthand.de\/truck\/#\/schema\/person\/51fa80b1c57034c4bf63f9f988fc24ce"},"headline":"MAN setzt in Sachen Werkslogistik auf eTrucks","datePublished":"2025-04-11T09:29:09+00:00","dateModified":"2025-12-02T09:53:09+00:00","mainEntityOfPage":{"@id":"https:\/\/www.krafthand.de\/truck\/artikel\/man-setzt-in-sachen-werkslogistik-auf-etrucks-42579\/"},"wordCount":570,"image":{"@id":"https:\/\/www.krafthand.de\/truck\/artikel\/man-setzt-in-sachen-werkslogistik-auf-etrucks-42579\/#primaryimage"},"thumbnailUrl":"https:\/\/static.krafthand-truck.de\/uploads\/2025\/04\/MAN_eTGX_DB_Schenker_Werkslogistik.jpg","keywords":["DB Schenker","eTGX","eTruck","MAN","Werkslogistik"],"articleSection":["Lade-\/Tank-Infrastruktur","Neue Fahrzeuge"],"inLanguage":"de"},{"@type":"WebPage","@id":"https:\/\/www.krafthand.de\/truck\/artikel\/man-setzt-in-sachen-werkslogistik-auf-etrucks-42579\/","url":"https:\/\/www.krafthand.de\/truck\/artikel\/man-setzt-in-sachen-werkslogistik-auf-etrucks-42579\/","name":"MAN setzt in Sachen Werkslogistik auf eTrucks - Krafthand-Truck","isPartOf":{"@id":"https:\/\/www.krafthand.de\/truck\/#website"},"primaryImageOfPage":{"@id":"https:\/\/www.krafthand.de\/truck\/artikel\/man-setzt-in-sachen-werkslogistik-auf-etrucks-42579\/#primaryimage"},"image":{"@id":"https:\/\/www.krafthand.de\/truck\/artikel\/man-setzt-in-sachen-werkslogistik-auf-etrucks-42579\/#primaryimage"},"thumbnailUrl":"https:\/\/static.krafthand-truck.de\/uploads\/2025\/04\/MAN_eTGX_DB_Schenker_Werkslogistik.jpg","datePublished":"2025-04-11T09:29:09+00:00","dateModified":"2025-12-02T09:53:09+00:00","author":{"@id":"https:\/\/www.krafthand.de\/truck\/#\/schema\/person\/51fa80b1c57034c4bf63f9f988fc24ce"},"description":"MAN Truck & Bus m\u00f6chte seine Logistik durch den Einsatz von eTrucks zum Transport der eigenen G\u00fcter und Fahrzeuge dekarbonisieren.","breadcrumb":{"@id":"https:\/\/www.krafthand.de\/truck\/artikel\/man-setzt-in-sachen-werkslogistik-auf-etrucks-42579\/#breadcrumb"},"inLanguage":"de","potentialAction":[{"@type":"ReadAction","target":["https:\/\/www.krafthand.de\/truck\/artikel\/man-setzt-in-sachen-werkslogistik-auf-etrucks-42579\/"]}]},{"@type":"ImageObject","inLanguage":"de","@id":"https:\/\/www.krafthand.de\/truck\/artikel\/man-setzt-in-sachen-werkslogistik-auf-etrucks-42579\/#primaryimage","url":"https:\/\/static.krafthand-truck.de\/uploads\/2025\/04\/MAN_eTGX_DB_Schenker_Werkslogistik.jpg","contentUrl":"https:\/\/static.krafthand-truck.de\/uploads\/2025\/04\/MAN_eTGX_DB_Schenker_Werkslogistik.jpg","width":1200,"height":601},{"@type":"BreadcrumbList","@id":"https:\/\/www.krafthand.de\/truck\/artikel\/man-setzt-in-sachen-werkslogistik-auf-etrucks-42579\/#breadcrumb","itemListElement":[{"@type":"ListItem","position":1,"name":"Krafthand-Truck","item":"https:\/\/www.krafthand.de\/truck\/"},{"@type":"ListItem","position":2,"name":"IT+Fuhrpark","item":"https:\/\/www.krafthand.de\/truck\/kategorie\/fuhrpark\/"},{"@type":"ListItem","position":3,"name":"Neue Fahrzeuge","item":"https:\/\/www.krafthand.de\/truck\/kategorie\/fuhrpark\/neue-fahrzeuge\/"},{"@type":"ListItem","position":4,"name":"MAN setzt in Sachen Werkslogistik auf eTrucks"}]},{"@type":"WebSite","@id":"https:\/\/www.krafthand.de\/truck\/#website","url":"https:\/\/www.krafthand.de\/truck\/","name":"Krafthand-Truck","description":"","potentialAction":[{"@type":"SearchAction","target":{"@type":"EntryPoint","urlTemplate":"https:\/\/www.krafthand.de\/truck\/?s={search_term_string}"},"query-input":{"@type":"PropertyValueSpecification","valueRequired":true,"valueName":"search_term_string"}}],"inLanguage":"de"},{"@type":"Person","@id":"https:\/\/www.krafthand.de\/truck\/#\/schema\/person\/51fa80b1c57034c4bf63f9f988fc24ce","name":"georg.blenk@krafthand-medien.de","image":{"@type":"ImageObject","inLanguage":"de","@id":"https:\/\/secure.gravatar.com\/avatar\/93713c30affe0aa95d3a4130e499bb1abee2eb31adbdd9ce2aa1543538490215?s=96&d=mm&r=g","url":"https:\/\/secure.gravatar.com\/avatar\/93713c30affe0aa95d3a4130e499bb1abee2eb31adbdd9ce2aa1543538490215?s=96&d=mm&r=g","contentUrl":"https:\/\/secure.gravatar.com\/avatar\/93713c30affe0aa95d3a4130e499bb1abee2eb31adbdd9ce2aa1543538490215?s=96&d=mm&r=g","caption":"georg.blenk@krafthand-medien.de"}}]}},"_links":{"self":[{"href":"https:\/\/www.krafthand.de\/truck\/wp-json\/wp\/v2\/posts\/42579","targetHints":{"allow":["GET"]}}],"collection":[{"href":"https:\/\/www.krafthand.de\/truck\/wp-json\/wp\/v2\/posts"}],"about":[{"href":"https:\/\/www.krafthand.de\/truck\/wp-json\/wp\/v2\/types\/post"}],"author":[{"embeddable":true,"href":"https:\/\/www.krafthand.de\/truck\/wp-json\/wp\/v2\/users\/9"}],"replies":[{"embeddable":true,"href":"https:\/\/www.krafthand.de\/truck\/wp-json\/wp\/v2\/comments?post=42579"}],"version-history":[{"count":2,"href":"https:\/\/www.krafthand.de\/truck\/wp-json\/wp\/v2\/posts\/42579\/revisions"}],"predecessor-version":[{"id":42582,"href":"https:\/\/www.krafthand.de\/truck\/wp-json\/wp\/v2\/posts\/42579\/revisions\/42582"}],"wp:featuredmedia":[{"embeddable":true,"href":"https:\/\/www.krafthand.de\/truck\/wp-json\/wp\/v2\/media\/42581"}],"wp:attachment":[{"href":"https:\/\/www.krafthand.de\/truck\/wp-json\/wp\/v2\/media?parent=42579"}],"wp:term":[{"taxonomy":"category","embeddable":true,"href":"https:\/\/www.krafthand.de\/truck\/wp-json\/wp\/v2\/categories?post=42579"},{"taxonomy":"post_tag","embeddable":true,"href":"https:\/\/www.krafthand.de\/truck\/wp-json\/wp\/v2\/tags?post=42579"},{"taxonomy":"settings","embeddable":true,"href":"https:\/\/www.krafthand.de\/truck\/wp-json\/wp\/v2\/settings?post=42579"}],"curies":[{"name":"wp","href":"https:\/\/api.w.org\/{rel}","templated":true}]}}