{"id":42565,"date":"2025-04-08T10:43:40","date_gmt":"2025-04-08T08:43:40","guid":{"rendered":"https:\/\/www.krafthand.de\/truck\/?p=42565"},"modified":"2025-04-10T10:35:54","modified_gmt":"2025-04-10T08:35:54","slug":"teilespezialist-herthbuss-feiert-einhundertjaehriges-jubilaeum","status":"publish","type":"post","link":"https:\/\/www.krafthand.de\/truck\/artikel\/teilespezialist-herthbuss-feiert-einhundertjaehriges-jubilaeum-42565\/","title":{"rendered":"Teilespezialist Herth+Buss feiert einhundertj\u00e4hriges Jubil\u00e4um"},"content":{"rendered":"<p>Am 29. Juni 2025 blickt der Teilespezialist Herth+Buss auf 100 Jahre Firmengeschichte zur\u00fcck. Gegr\u00fcndet wurde Herth+Buss im Jahr 1925 von Philipp Herth und Jakob Buss. Seitdem entwickelte sich das Unternehmen mit Sitz in Heusenstamm bei Frankfurt zu einem verl\u00e4sslichen Partner f\u00fcr den internationalen Aftermarket.<\/p>\n<p>Bereits im Jahr 1932, \u00fcbernahm Wilhelm Meffert \u2013 Gro\u00dfvater und Urgro\u00dfvater der heutigen Gesch\u00e4ftsf\u00fchrer Holger und Jens Drewing \u2013 die Leitung des Unternehmens und legte damit den Grundstein f\u00fcr die weitere Unternehmensentwicklung. 1958 \u00fcbernahm dessen Schwiegersohn Dr. Rainer Drewing die F\u00fchrung und f\u00fchrte das Unternehmen in eine neue \u00c4ra. 1992 traten Holger und Ralf Drewing an die Unternehmensspitze. Mit Jens Drewing, der 2024 in vierter Generation die Gesch\u00e4ftsf\u00fchrung \u00fcbernahm, blickt Herth+Buss auf eine kontinuierliche Familienf\u00fchrung, die das Unternehmen bis heute pr\u00e4gt.<\/p>\n<p>Begonnen hat alles mit Komponenten f\u00fcr Z\u00fcndsysteme. Bereits in den 1960er Jahren wurde das Sortiment um Fahrzeugteile f\u00fcr franz\u00f6sische, englische und italienische Marken erweitert. Mit dem wachsenden Markt asiatischer Fahrzeuge in den 1980er Jahren folgte die Einf\u00fchrung der Marke Nipparts \u2013 speziell f\u00fcr japanische und koreanische Fahrzeuge. Im Laufe der Jahrzehnte entwickelte sich das Unternehmen zu einem f\u00fchrenden Anbieter internationaler Ersatzteile.<\/p>\n<p>Die Entwicklung des Unternehmens zeigt sich auch in modernen Produktl\u00f6sungen wie der cloudbasierten Diagnosel\u00f6sung &#8218;Diagnose on Demand&#8216; oder der Kooperation mit AUTEL im Bereich der Fahrerassistenzsysteme (ADAS).<\/p>\n<p>Auch im Jubil\u00e4umsjahr 2025 bleibt der Blick laut <a href=\"https:\/\/herthundbuss.com\/\" target=\"_blank\" rel=\"noopener\">Herth+Buss<\/a> nach vorn gerichtet. Man setzte auf nachhaltiges Wachstum und weiterhin auf eine partnerschaftliche Zusammenarbeit.<\/p>\n","protected":false},"excerpt":{"rendered":"<p>Am 29. Juni 2025 blickt der Teilespezialist Herth+Buss auf 100 Jahre Firmengeschichte zur\u00fcck. Gegr\u00fcndet wurde Herth+Buss im Jahr 1925 von Philipp Herth und Jakob Buss. Seitdem entwickelte sich das Unternehmen mit Sitz in Heusenstamm bei Frankfurt zu einem verl\u00e4sslichen Partner f\u00fcr den internationalen Aftermarket. <span class=\"excerpt-more__dots\">&#8230;<\/span> <a class=\"excerpt-more__link\" href=\"https:\/\/www.krafthand.de\/truck\/artikel\/teilespezialist-herthbuss-feiert-einhundertjaehriges-jubilaeum-42565\/\" >weiter<\/a><\/p>\n","protected":false},"author":9,"featured_media":42567,"comment_status":"closed","ping_status":"closed","sticky":false,"template":"","format":"standard","meta":{"footnotes":""},"categories":[4235],"tags":[2720],"settings":[4766,3523],"class_list":["post-42565","post","type-post","status-publish","format-standard","has-post-thumbnail","hentry","category-unternehmen","tag-herthbuss"],"yoast_head":"<!-- This site is optimized with the Yoast SEO plugin v27.3 - https:\/\/yoast.com\/product\/yoast-seo-wordpress\/ -->\n<title>Teilespezialist Herth+Buss feiert einhundertj\u00e4hriges Jubil\u00e4um - Krafthand-Truck<\/title>\n<meta name=\"description\" content=\"Der Teilespezialist Herth+Buss feiert 2025 sein einhundertj\u00e4hriges Jubil\u00e4um. Das Unternehmen aus Heusenstamm m\u00f6chte weiter expandieren.\" \/>\n<meta name=\"robots\" content=\"index, follow, max-snippet:-1, max-image-preview:large, max-video-preview:-1\" \/>\n<link rel=\"canonical\" href=\"https:\/\/www.krafthand.de\/truck\/artikel\/teilespezialist-herthbuss-feiert-einhundertjaehriges-jubilaeum-42565\/\" \/>\n<meta property=\"og:locale\" content=\"de_DE\" \/>\n<meta property=\"og:type\" content=\"article\" \/>\n<meta property=\"og:title\" content=\"Teilespezialist Herth+Buss feiert einhundertj\u00e4hriges Jubil\u00e4um - Krafthand-Truck\" \/>\n<meta property=\"og:description\" content=\"Der Teilespezialist Herth+Buss feiert 2025 sein einhundertj\u00e4hriges Jubil\u00e4um. Das Unternehmen aus Heusenstamm m\u00f6chte weiter expandieren.\" \/>\n<meta property=\"og:url\" content=\"https:\/\/www.krafthand-truck.de\/artikel\/teilespezialist-herthbuss-feiert-einhundertjaehriges-jubilaeum-42565\/\" \/>\n<meta property=\"og:site_name\" content=\"Krafthand-Truck\" \/>\n<meta property=\"article:published_time\" content=\"2025-04-08T08:43:40+00:00\" \/>\n<meta property=\"article:modified_time\" content=\"2025-04-10T08:35:54+00:00\" \/>\n<meta property=\"og:image\" content=\"https:\/\/static.krafthand-truck.de\/uploads\/2025\/04\/Herth_Buss_Jubilaeum_100_Jahre.jpg\" \/>\n\t<meta property=\"og:image:width\" content=\"1200\" \/>\n\t<meta property=\"og:image:height\" content=\"492\" \/>\n\t<meta property=\"og:image:type\" content=\"image\/jpeg\" \/>\n<meta name=\"author\" content=\"georg.blenk@krafthand-medien.de\" \/>\n<meta name=\"twitter:card\" content=\"summary_large_image\" \/>\n<meta name=\"twitter:label1\" content=\"Verfasst von\" \/>\n\t<meta name=\"twitter:data1\" content=\"georg.blenk@krafthand-medien.de\" \/>\n\t<meta name=\"twitter:label2\" content=\"Gesch\u00e4tzte Lesezeit\" \/>\n\t<meta name=\"twitter:data2\" content=\"2\u00a0Minuten\" \/>\n<script type=\"application\/ld+json\" class=\"yoast-schema-graph\">{\"@context\":\"https:\\\/\\\/schema.org\",\"@graph\":[{\"@type\":\"Article\",\"@id\":\"https:\\\/\\\/www.krafthand.de\\\/truck\\\/artikel\\\/teilespezialist-herthbuss-feiert-einhundertjaehriges-jubilaeum-42565\\\/#article\",\"isPartOf\":{\"@id\":\"https:\\\/\\\/www.krafthand.de\\\/truck\\\/artikel\\\/teilespezialist-herthbuss-feiert-einhundertjaehriges-jubilaeum-42565\\\/\"},\"author\":{\"name\":\"georg.blenk@krafthand-medien.de\",\"@id\":\"https:\\\/\\\/www.krafthand.de\\\/truck\\\/#\\\/schema\\\/person\\\/51fa80b1c57034c4bf63f9f988fc24ce\"},\"headline\":\"Teilespezialist Herth+Buss feiert einhundertj\u00e4hriges Jubil\u00e4um\",\"datePublished\":\"2025-04-08T08:43:40+00:00\",\"dateModified\":\"2025-04-10T08:35:54+00:00\",\"mainEntityOfPage\":{\"@id\":\"https:\\\/\\\/www.krafthand.de\\\/truck\\\/artikel\\\/teilespezialist-herthbuss-feiert-einhundertjaehriges-jubilaeum-42565\\\/\"},\"wordCount\":261,\"image\":{\"@id\":\"https:\\\/\\\/www.krafthand.de\\\/truck\\\/artikel\\\/teilespezialist-herthbuss-feiert-einhundertjaehriges-jubilaeum-42565\\\/#primaryimage\"},\"thumbnailUrl\":\"https:\\\/\\\/static.krafthand-truck.de\\\/uploads\\\/2025\\\/04\\\/Herth_Buss_Jubilaeum_100_Jahre.jpg\",\"keywords\":[\"Herth+Buss\"],\"articleSection\":[\"Unternehmen\"],\"inLanguage\":\"de\"},{\"@type\":\"WebPage\",\"@id\":\"https:\\\/\\\/www.krafthand.de\\\/truck\\\/artikel\\\/teilespezialist-herthbuss-feiert-einhundertjaehriges-jubilaeum-42565\\\/\",\"url\":\"https:\\\/\\\/www.krafthand.de\\\/truck\\\/artikel\\\/teilespezialist-herthbuss-feiert-einhundertjaehriges-jubilaeum-42565\\\/\",\"name\":\"Teilespezialist Herth+Buss feiert einhundertj\u00e4hriges Jubil\u00e4um - Krafthand-Truck\",\"isPartOf\":{\"@id\":\"https:\\\/\\\/www.krafthand.de\\\/truck\\\/#website\"},\"primaryImageOfPage\":{\"@id\":\"https:\\\/\\\/www.krafthand.de\\\/truck\\\/artikel\\\/teilespezialist-herthbuss-feiert-einhundertjaehriges-jubilaeum-42565\\\/#primaryimage\"},\"image\":{\"@id\":\"https:\\\/\\\/www.krafthand.de\\\/truck\\\/artikel\\\/teilespezialist-herthbuss-feiert-einhundertjaehriges-jubilaeum-42565\\\/#primaryimage\"},\"thumbnailUrl\":\"https:\\\/\\\/static.krafthand-truck.de\\\/uploads\\\/2025\\\/04\\\/Herth_Buss_Jubilaeum_100_Jahre.jpg\",\"datePublished\":\"2025-04-08T08:43:40+00:00\",\"dateModified\":\"2025-04-10T08:35:54+00:00\",\"author\":{\"@id\":\"https:\\\/\\\/www.krafthand.de\\\/truck\\\/#\\\/schema\\\/person\\\/51fa80b1c57034c4bf63f9f988fc24ce\"},\"description\":\"Der Teilespezialist Herth+Buss feiert 2025 sein einhundertj\u00e4hriges Jubil\u00e4um. Das Unternehmen aus Heusenstamm m\u00f6chte weiter expandieren.\",\"breadcrumb\":{\"@id\":\"https:\\\/\\\/www.krafthand.de\\\/truck\\\/artikel\\\/teilespezialist-herthbuss-feiert-einhundertjaehriges-jubilaeum-42565\\\/#breadcrumb\"},\"inLanguage\":\"de\",\"potentialAction\":[{\"@type\":\"ReadAction\",\"target\":[\"https:\\\/\\\/www.krafthand.de\\\/truck\\\/artikel\\\/teilespezialist-herthbuss-feiert-einhundertjaehriges-jubilaeum-42565\\\/\"]}]},{\"@type\":\"ImageObject\",\"inLanguage\":\"de\",\"@id\":\"https:\\\/\\\/www.krafthand.de\\\/truck\\\/artikel\\\/teilespezialist-herthbuss-feiert-einhundertjaehriges-jubilaeum-42565\\\/#primaryimage\",\"url\":\"https:\\\/\\\/static.krafthand-truck.de\\\/uploads\\\/2025\\\/04\\\/Herth_Buss_Jubilaeum_100_Jahre.jpg\",\"contentUrl\":\"https:\\\/\\\/static.krafthand-truck.de\\\/uploads\\\/2025\\\/04\\\/Herth_Buss_Jubilaeum_100_Jahre.jpg\",\"width\":1200,\"height\":492},{\"@type\":\"BreadcrumbList\",\"@id\":\"https:\\\/\\\/www.krafthand.de\\\/truck\\\/artikel\\\/teilespezialist-herthbuss-feiert-einhundertjaehriges-jubilaeum-42565\\\/#breadcrumb\",\"itemListElement\":[{\"@type\":\"ListItem\",\"position\":1,\"name\":\"Krafthand-Truck\",\"item\":\"https:\\\/\\\/www.krafthand.de\\\/truck\\\/\"},{\"@type\":\"ListItem\",\"position\":2,\"name\":\"Nfz-Branche\",\"item\":\"https:\\\/\\\/www.krafthand.de\\\/truck\\\/kategorie\\\/branche\\\/\"},{\"@type\":\"ListItem\",\"position\":3,\"name\":\"Unternehmen\",\"item\":\"https:\\\/\\\/www.krafthand.de\\\/truck\\\/kategorie\\\/branche\\\/unternehmen\\\/\"},{\"@type\":\"ListItem\",\"position\":4,\"name\":\"Teilespezialist Herth+Buss feiert einhundertj\u00e4hriges Jubil\u00e4um\"}]},{\"@type\":\"WebSite\",\"@id\":\"https:\\\/\\\/www.krafthand.de\\\/truck\\\/#website\",\"url\":\"https:\\\/\\\/www.krafthand.de\\\/truck\\\/\",\"name\":\"Krafthand-Truck\",\"description\":\"\",\"potentialAction\":[{\"@type\":\"SearchAction\",\"target\":{\"@type\":\"EntryPoint\",\"urlTemplate\":\"https:\\\/\\\/www.krafthand.de\\\/truck\\\/?s={search_term_string}\"},\"query-input\":{\"@type\":\"PropertyValueSpecification\",\"valueRequired\":true,\"valueName\":\"search_term_string\"}}],\"inLanguage\":\"de\"},{\"@type\":\"Person\",\"@id\":\"https:\\\/\\\/www.krafthand.de\\\/truck\\\/#\\\/schema\\\/person\\\/51fa80b1c57034c4bf63f9f988fc24ce\",\"name\":\"georg.blenk@krafthand-medien.de\",\"image\":{\"@type\":\"ImageObject\",\"inLanguage\":\"de\",\"@id\":\"https:\\\/\\\/secure.gravatar.com\\\/avatar\\\/93713c30affe0aa95d3a4130e499bb1abee2eb31adbdd9ce2aa1543538490215?s=96&d=mm&r=g\",\"url\":\"https:\\\/\\\/secure.gravatar.com\\\/avatar\\\/93713c30affe0aa95d3a4130e499bb1abee2eb31adbdd9ce2aa1543538490215?s=96&d=mm&r=g\",\"contentUrl\":\"https:\\\/\\\/secure.gravatar.com\\\/avatar\\\/93713c30affe0aa95d3a4130e499bb1abee2eb31adbdd9ce2aa1543538490215?s=96&d=mm&r=g\",\"caption\":\"georg.blenk@krafthand-medien.de\"}}]}<\/script>\n<!-- \/ Yoast SEO plugin. -->","yoast_head_json":{"title":"Teilespezialist Herth+Buss feiert einhundertj\u00e4hriges Jubil\u00e4um - Krafthand-Truck","description":"Der Teilespezialist Herth+Buss feiert 2025 sein einhundertj\u00e4hriges Jubil\u00e4um. Das Unternehmen aus Heusenstamm m\u00f6chte weiter expandieren.","robots":{"index":"index","follow":"follow","max-snippet":"max-snippet:-1","max-image-preview":"max-image-preview:large","max-video-preview":"max-video-preview:-1"},"canonical":"https:\/\/www.krafthand.de\/truck\/artikel\/teilespezialist-herthbuss-feiert-einhundertjaehriges-jubilaeum-42565\/","og_locale":"de_DE","og_type":"article","og_title":"Teilespezialist Herth+Buss feiert einhundertj\u00e4hriges Jubil\u00e4um - Krafthand-Truck","og_description":"Der Teilespezialist Herth+Buss feiert 2025 sein einhundertj\u00e4hriges Jubil\u00e4um. Das Unternehmen aus Heusenstamm m\u00f6chte weiter expandieren.","og_url":"https:\/\/www.krafthand-truck.de\/artikel\/teilespezialist-herthbuss-feiert-einhundertjaehriges-jubilaeum-42565\/","og_site_name":"Krafthand-Truck","article_published_time":"2025-04-08T08:43:40+00:00","article_modified_time":"2025-04-10T08:35:54+00:00","og_image":[{"width":1200,"height":492,"url":"https:\/\/static.krafthand-truck.de\/uploads\/2025\/04\/Herth_Buss_Jubilaeum_100_Jahre.jpg","type":"image\/jpeg"}],"author":"georg.blenk@krafthand-medien.de","twitter_card":"summary_large_image","twitter_misc":{"Verfasst von":"georg.blenk@krafthand-medien.de","Gesch\u00e4tzte Lesezeit":"2\u00a0Minuten"},"schema":{"@context":"https:\/\/schema.org","@graph":[{"@type":"Article","@id":"https:\/\/www.krafthand.de\/truck\/artikel\/teilespezialist-herthbuss-feiert-einhundertjaehriges-jubilaeum-42565\/#article","isPartOf":{"@id":"https:\/\/www.krafthand.de\/truck\/artikel\/teilespezialist-herthbuss-feiert-einhundertjaehriges-jubilaeum-42565\/"},"author":{"name":"georg.blenk@krafthand-medien.de","@id":"https:\/\/www.krafthand.de\/truck\/#\/schema\/person\/51fa80b1c57034c4bf63f9f988fc24ce"},"headline":"Teilespezialist Herth+Buss feiert einhundertj\u00e4hriges Jubil\u00e4um","datePublished":"2025-04-08T08:43:40+00:00","dateModified":"2025-04-10T08:35:54+00:00","mainEntityOfPage":{"@id":"https:\/\/www.krafthand.de\/truck\/artikel\/teilespezialist-herthbuss-feiert-einhundertjaehriges-jubilaeum-42565\/"},"wordCount":261,"image":{"@id":"https:\/\/www.krafthand.de\/truck\/artikel\/teilespezialist-herthbuss-feiert-einhundertjaehriges-jubilaeum-42565\/#primaryimage"},"thumbnailUrl":"https:\/\/static.krafthand-truck.de\/uploads\/2025\/04\/Herth_Buss_Jubilaeum_100_Jahre.jpg","keywords":["Herth+Buss"],"articleSection":["Unternehmen"],"inLanguage":"de"},{"@type":"WebPage","@id":"https:\/\/www.krafthand.de\/truck\/artikel\/teilespezialist-herthbuss-feiert-einhundertjaehriges-jubilaeum-42565\/","url":"https:\/\/www.krafthand.de\/truck\/artikel\/teilespezialist-herthbuss-feiert-einhundertjaehriges-jubilaeum-42565\/","name":"Teilespezialist Herth+Buss feiert einhundertj\u00e4hriges Jubil\u00e4um - Krafthand-Truck","isPartOf":{"@id":"https:\/\/www.krafthand.de\/truck\/#website"},"primaryImageOfPage":{"@id":"https:\/\/www.krafthand.de\/truck\/artikel\/teilespezialist-herthbuss-feiert-einhundertjaehriges-jubilaeum-42565\/#primaryimage"},"image":{"@id":"https:\/\/www.krafthand.de\/truck\/artikel\/teilespezialist-herthbuss-feiert-einhundertjaehriges-jubilaeum-42565\/#primaryimage"},"thumbnailUrl":"https:\/\/static.krafthand-truck.de\/uploads\/2025\/04\/Herth_Buss_Jubilaeum_100_Jahre.jpg","datePublished":"2025-04-08T08:43:40+00:00","dateModified":"2025-04-10T08:35:54+00:00","author":{"@id":"https:\/\/www.krafthand.de\/truck\/#\/schema\/person\/51fa80b1c57034c4bf63f9f988fc24ce"},"description":"Der Teilespezialist Herth+Buss feiert 2025 sein einhundertj\u00e4hriges Jubil\u00e4um. Das Unternehmen aus Heusenstamm m\u00f6chte weiter expandieren.","breadcrumb":{"@id":"https:\/\/www.krafthand.de\/truck\/artikel\/teilespezialist-herthbuss-feiert-einhundertjaehriges-jubilaeum-42565\/#breadcrumb"},"inLanguage":"de","potentialAction":[{"@type":"ReadAction","target":["https:\/\/www.krafthand.de\/truck\/artikel\/teilespezialist-herthbuss-feiert-einhundertjaehriges-jubilaeum-42565\/"]}]},{"@type":"ImageObject","inLanguage":"de","@id":"https:\/\/www.krafthand.de\/truck\/artikel\/teilespezialist-herthbuss-feiert-einhundertjaehriges-jubilaeum-42565\/#primaryimage","url":"https:\/\/static.krafthand-truck.de\/uploads\/2025\/04\/Herth_Buss_Jubilaeum_100_Jahre.jpg","contentUrl":"https:\/\/static.krafthand-truck.de\/uploads\/2025\/04\/Herth_Buss_Jubilaeum_100_Jahre.jpg","width":1200,"height":492},{"@type":"BreadcrumbList","@id":"https:\/\/www.krafthand.de\/truck\/artikel\/teilespezialist-herthbuss-feiert-einhundertjaehriges-jubilaeum-42565\/#breadcrumb","itemListElement":[{"@type":"ListItem","position":1,"name":"Krafthand-Truck","item":"https:\/\/www.krafthand.de\/truck\/"},{"@type":"ListItem","position":2,"name":"Nfz-Branche","item":"https:\/\/www.krafthand.de\/truck\/kategorie\/branche\/"},{"@type":"ListItem","position":3,"name":"Unternehmen","item":"https:\/\/www.krafthand.de\/truck\/kategorie\/branche\/unternehmen\/"},{"@type":"ListItem","position":4,"name":"Teilespezialist Herth+Buss feiert einhundertj\u00e4hriges Jubil\u00e4um"}]},{"@type":"WebSite","@id":"https:\/\/www.krafthand.de\/truck\/#website","url":"https:\/\/www.krafthand.de\/truck\/","name":"Krafthand-Truck","description":"","potentialAction":[{"@type":"SearchAction","target":{"@type":"EntryPoint","urlTemplate":"https:\/\/www.krafthand.de\/truck\/?s={search_term_string}"},"query-input":{"@type":"PropertyValueSpecification","valueRequired":true,"valueName":"search_term_string"}}],"inLanguage":"de"},{"@type":"Person","@id":"https:\/\/www.krafthand.de\/truck\/#\/schema\/person\/51fa80b1c57034c4bf63f9f988fc24ce","name":"georg.blenk@krafthand-medien.de","image":{"@type":"ImageObject","inLanguage":"de","@id":"https:\/\/secure.gravatar.com\/avatar\/93713c30affe0aa95d3a4130e499bb1abee2eb31adbdd9ce2aa1543538490215?s=96&d=mm&r=g","url":"https:\/\/secure.gravatar.com\/avatar\/93713c30affe0aa95d3a4130e499bb1abee2eb31adbdd9ce2aa1543538490215?s=96&d=mm&r=g","contentUrl":"https:\/\/secure.gravatar.com\/avatar\/93713c30affe0aa95d3a4130e499bb1abee2eb31adbdd9ce2aa1543538490215?s=96&d=mm&r=g","caption":"georg.blenk@krafthand-medien.de"}}]}},"_links":{"self":[{"href":"https:\/\/www.krafthand.de\/truck\/wp-json\/wp\/v2\/posts\/42565","targetHints":{"allow":["GET"]}}],"collection":[{"href":"https:\/\/www.krafthand.de\/truck\/wp-json\/wp\/v2\/posts"}],"about":[{"href":"https:\/\/www.krafthand.de\/truck\/wp-json\/wp\/v2\/types\/post"}],"author":[{"embeddable":true,"href":"https:\/\/www.krafthand.de\/truck\/wp-json\/wp\/v2\/users\/9"}],"replies":[{"embeddable":true,"href":"https:\/\/www.krafthand.de\/truck\/wp-json\/wp\/v2\/comments?post=42565"}],"version-history":[{"count":5,"href":"https:\/\/www.krafthand.de\/truck\/wp-json\/wp\/v2\/posts\/42565\/revisions"}],"predecessor-version":[{"id":42571,"href":"https:\/\/www.krafthand.de\/truck\/wp-json\/wp\/v2\/posts\/42565\/revisions\/42571"}],"wp:featuredmedia":[{"embeddable":true,"href":"https:\/\/www.krafthand.de\/truck\/wp-json\/wp\/v2\/media\/42567"}],"wp:attachment":[{"href":"https:\/\/www.krafthand.de\/truck\/wp-json\/wp\/v2\/media?parent=42565"}],"wp:term":[{"taxonomy":"category","embeddable":true,"href":"https:\/\/www.krafthand.de\/truck\/wp-json\/wp\/v2\/categories?post=42565"},{"taxonomy":"post_tag","embeddable":true,"href":"https:\/\/www.krafthand.de\/truck\/wp-json\/wp\/v2\/tags?post=42565"},{"taxonomy":"settings","embeddable":true,"href":"https:\/\/www.krafthand.de\/truck\/wp-json\/wp\/v2\/settings?post=42565"}],"curies":[{"name":"wp","href":"https:\/\/api.w.org\/{rel}","templated":true}]}}