{"id":42553,"date":"2025-04-08T10:02:35","date_gmt":"2025-04-08T08:02:35","guid":{"rendered":"https:\/\/www.krafthand.de\/truck\/?p=42553"},"modified":"2025-04-08T10:15:56","modified_gmt":"2025-04-08T08:15:56","slug":"bauma-koegel-praesentiert-neuen-muldenkipper","status":"publish","type":"post","link":"https:\/\/www.krafthand.de\/truck\/artikel\/bauma-koegel-praesentiert-neuen-muldenkipper-42553\/","title":{"rendered":"BAUMA: K\u00f6gel pr\u00e4sentiert neuen Muldenkipper"},"content":{"rendered":"<p>Die K\u00f6gel Trailer GmbH hat auf der diesj\u00e4hrigen BAUMA in M\u00fcnchen einen neu entwickelten Mulden-Kipper vorgestellt. Mit dem Fahrzeug erweitert K\u00f6gel sein Produktportfolio f\u00fcr das Baugewerbe, den Stra\u00dfenbau und die Entsorgung. Das geringe Eigengewicht des Fahrzeugs erm\u00f6gliche dabei eine optimierte Zuladung. Das ausgewogene Chassis und die breite, tief liegende Mulde sorgten eine hohe Fahrstabilit\u00e4t und Belastbarkeit. Zus\u00e4tzlich verspricht die einteilige Mulde eine bessere Verschlei\u00dffestigkeit und daher eine h\u00f6here Lebensdauer.<\/p>\n<h3>Verh\u00e4ltnis Eigengewicht zu Nutzlast<\/h3>\n<p>Der neue Mulden-Kipper \u00fcberzeugt laut <a href=\"https:\/\/www.koegel.com\" target=\"_blank\" rel=\"noopener\">K\u00f6gel<\/a> mit einem optimalen Verh\u00e4ltnis von Eigengewicht zu Nutzlast. So bringt die Minimalversion lediglich rund 5.200 Kilogramm auf die Waage und bietet wahlweise Muldengr\u00f6\u00dfen von 24 m\u00b3 oder 27 m\u00b3. K\u00f6gel setzt dabei hochfeste Feinkornst\u00e4hle im Fahrgestellrahmen ein um die Langlebigkeit und Stabilit\u00e4t zu optimieren. Das verst\u00e4rkte Rahmenheck sorgt f\u00fcr eine optimale Kraftverteilung beim Kippen, w\u00e4hrend das gewichtsoptimierte und verwindungssteife Chassis eine hohe Standsicherheit gew\u00e4hrleistet. Der kurze, wendige Radstand erleichtert zudem das Rangieren und sorgt f\u00fcr gute Fahreigenschaften. Zudem ist der K\u00f6gel Mulden-Kipper nach FEM-Standards berechnet und Schlechtwege- und Kundengetestet.<\/p>\n<h3>Gute Standsicherheit<\/h3>\n<p>Die einteilig geschwei\u00dfte, breite und tiefliegende Mulde verleiht dem Fahrzeug durch den tiefen Schwerpunkt eine hohe Standsicherheit. Gefertigt aus verschlei\u00dffestem, verg\u00fctetem Stahlblech, erf\u00fcllt sie die hohen Anforderungen der Baubranche. <em>\u201eDie glatte, gerade Innenfl\u00e4che minimiert Schmutzablagerungen und erleichtert die Reinigung.\u201c<\/em> erkl\u00e4rt Produktmanager Wolfgang Reitb\u00f6ck.<br \/>\nEin integriertes Verdeck verhindert zudem den Verlust von Ladung w\u00e4hrend der Fahrt. Es kann entweder manuell oder elektronisch bedient werden. Die Mulde ist aufgrund ihres verschlei\u00df- und korrosionsbest\u00e4ndigen Stahlblechs ideal f\u00fcr den Transport abrasiver Materialien wie Schotter, Sand und Kies geeignet. Dank des beeindruckenden Kippwinkels von 49\u00b0 wird eine schnelle und effiziente Entladung ohne Materialr\u00fcckst\u00e4nde gew\u00e4hrleistet.<\/p>\n<p>Die <a href=\"https:\/\/bauma.de\/de\/\" target=\"_blank\" rel=\"noopener\">BAUMA<\/a> in M\u00fcnchen hat Ihre Tore noch bis Sonntag den 13.4.2025 ge\u00f6ffnet.<\/p>\n","protected":false},"excerpt":{"rendered":"<p>Die K\u00f6gel Trailer GmbH hat auf der diesj\u00e4hrigen BAUMA in M\u00fcnchen einen neu entwickelten Mulden-Kipper vorgestellt. Mit dem Fahrzeug erweitert K\u00f6gel sein Produktportfolio f\u00fcr das Baugewerbe, den Stra\u00dfenbau und die Entsorgung. <span class=\"excerpt-more__dots\">&#8230;<\/span> <a class=\"excerpt-more__link\" href=\"https:\/\/www.krafthand.de\/truck\/artikel\/bauma-koegel-praesentiert-neuen-muldenkipper-42553\/\" >weiter<\/a><\/p>\n","protected":false},"author":9,"featured_media":42559,"comment_status":"closed","ping_status":"closed","sticky":false,"template":"","format":"standard","meta":{"footnotes":""},"categories":[4915,4236],"tags":[202,4875],"settings":[3523],"class_list":["post-42553","post","type-post","status-publish","format-standard","has-post-thumbnail","hentry","category-neue-fahrzeuge","category-veranstaltungen","tag-koegel","tag-muldenkipper"],"yoast_head":"<!-- This site is optimized with the Yoast SEO plugin v27.3 - https:\/\/yoast.com\/product\/yoast-seo-wordpress\/ -->\n<title>BAUMA: K\u00f6gel pr\u00e4sentiert neuen Muldenkipper - Krafthand-Truck<\/title>\n<meta name=\"description\" content=\"K\u00f6gel hat auf der diesj\u00e4hrigen BAUMA in M\u00fcnchen einen neu entwickelten Mulden-Kipper vorgestellt.\" \/>\n<meta name=\"robots\" content=\"index, follow, max-snippet:-1, max-image-preview:large, max-video-preview:-1\" \/>\n<link rel=\"canonical\" href=\"https:\/\/www.krafthand.de\/truck\/artikel\/bauma-koegel-praesentiert-neuen-muldenkipper-42553\/\" \/>\n<meta property=\"og:locale\" content=\"de_DE\" \/>\n<meta property=\"og:type\" content=\"article\" \/>\n<meta property=\"og:title\" content=\"BAUMA: K\u00f6gel pr\u00e4sentiert neuen Muldenkipper - Krafthand-Truck\" \/>\n<meta property=\"og:description\" content=\"K\u00f6gel hat auf der diesj\u00e4hrigen BAUMA in M\u00fcnchen einen neu entwickelten Mulden-Kipper vorgestellt.\" \/>\n<meta property=\"og:url\" content=\"https:\/\/www.krafthand-truck.de\/artikel\/bauma-koegel-praesentiert-neuen-muldenkipper-42553\/\" \/>\n<meta property=\"og:site_name\" content=\"Krafthand-Truck\" \/>\n<meta property=\"article:published_time\" content=\"2025-04-08T08:02:35+00:00\" \/>\n<meta property=\"article:modified_time\" content=\"2025-04-08T08:15:56+00:00\" \/>\n<meta property=\"og:image\" content=\"https:\/\/static.krafthand-truck.de\/uploads\/2025\/04\/Koegel_Muldenkipper_Bauma_2025.jpg\" \/>\n\t<meta property=\"og:image:width\" content=\"1080\" \/>\n\t<meta property=\"og:image:height\" content=\"608\" \/>\n\t<meta property=\"og:image:type\" content=\"image\/jpeg\" \/>\n<meta name=\"author\" content=\"georg.blenk@krafthand-medien.de\" \/>\n<meta name=\"twitter:card\" content=\"summary_large_image\" \/>\n<meta name=\"twitter:label1\" content=\"Verfasst von\" \/>\n\t<meta name=\"twitter:data1\" content=\"georg.blenk@krafthand-medien.de\" \/>\n\t<meta name=\"twitter:label2\" content=\"Gesch\u00e4tzte Lesezeit\" \/>\n\t<meta name=\"twitter:data2\" content=\"2\u00a0Minuten\" \/>\n<script type=\"application\/ld+json\" class=\"yoast-schema-graph\">{\"@context\":\"https:\\\/\\\/schema.org\",\"@graph\":[{\"@type\":\"Article\",\"@id\":\"https:\\\/\\\/www.krafthand.de\\\/truck\\\/artikel\\\/bauma-koegel-praesentiert-neuen-muldenkipper-42553\\\/#article\",\"isPartOf\":{\"@id\":\"https:\\\/\\\/www.krafthand.de\\\/truck\\\/artikel\\\/bauma-koegel-praesentiert-neuen-muldenkipper-42553\\\/\"},\"author\":{\"name\":\"georg.blenk@krafthand-medien.de\",\"@id\":\"https:\\\/\\\/www.krafthand.de\\\/truck\\\/#\\\/schema\\\/person\\\/51fa80b1c57034c4bf63f9f988fc24ce\"},\"headline\":\"BAUMA: K\u00f6gel pr\u00e4sentiert neuen Muldenkipper\",\"datePublished\":\"2025-04-08T08:02:35+00:00\",\"dateModified\":\"2025-04-08T08:15:56+00:00\",\"mainEntityOfPage\":{\"@id\":\"https:\\\/\\\/www.krafthand.de\\\/truck\\\/artikel\\\/bauma-koegel-praesentiert-neuen-muldenkipper-42553\\\/\"},\"wordCount\":324,\"image\":{\"@id\":\"https:\\\/\\\/www.krafthand.de\\\/truck\\\/artikel\\\/bauma-koegel-praesentiert-neuen-muldenkipper-42553\\\/#primaryimage\"},\"thumbnailUrl\":\"https:\\\/\\\/static.krafthand-truck.de\\\/uploads\\\/2025\\\/04\\\/Koegel_Muldenkipper_Bauma_2025.jpg\",\"keywords\":[\"K\u00f6gel\",\"Muldenkipper\"],\"articleSection\":[\"Neue Fahrzeuge\",\"Veranstaltungen\\\/Messen\"],\"inLanguage\":\"de\"},{\"@type\":\"WebPage\",\"@id\":\"https:\\\/\\\/www.krafthand.de\\\/truck\\\/artikel\\\/bauma-koegel-praesentiert-neuen-muldenkipper-42553\\\/\",\"url\":\"https:\\\/\\\/www.krafthand.de\\\/truck\\\/artikel\\\/bauma-koegel-praesentiert-neuen-muldenkipper-42553\\\/\",\"name\":\"BAUMA: K\u00f6gel pr\u00e4sentiert neuen Muldenkipper - Krafthand-Truck\",\"isPartOf\":{\"@id\":\"https:\\\/\\\/www.krafthand.de\\\/truck\\\/#website\"},\"primaryImageOfPage\":{\"@id\":\"https:\\\/\\\/www.krafthand.de\\\/truck\\\/artikel\\\/bauma-koegel-praesentiert-neuen-muldenkipper-42553\\\/#primaryimage\"},\"image\":{\"@id\":\"https:\\\/\\\/www.krafthand.de\\\/truck\\\/artikel\\\/bauma-koegel-praesentiert-neuen-muldenkipper-42553\\\/#primaryimage\"},\"thumbnailUrl\":\"https:\\\/\\\/static.krafthand-truck.de\\\/uploads\\\/2025\\\/04\\\/Koegel_Muldenkipper_Bauma_2025.jpg\",\"datePublished\":\"2025-04-08T08:02:35+00:00\",\"dateModified\":\"2025-04-08T08:15:56+00:00\",\"author\":{\"@id\":\"https:\\\/\\\/www.krafthand.de\\\/truck\\\/#\\\/schema\\\/person\\\/51fa80b1c57034c4bf63f9f988fc24ce\"},\"description\":\"K\u00f6gel hat auf der diesj\u00e4hrigen BAUMA in M\u00fcnchen einen neu entwickelten Mulden-Kipper vorgestellt.\",\"breadcrumb\":{\"@id\":\"https:\\\/\\\/www.krafthand.de\\\/truck\\\/artikel\\\/bauma-koegel-praesentiert-neuen-muldenkipper-42553\\\/#breadcrumb\"},\"inLanguage\":\"de\",\"potentialAction\":[{\"@type\":\"ReadAction\",\"target\":[\"https:\\\/\\\/www.krafthand.de\\\/truck\\\/artikel\\\/bauma-koegel-praesentiert-neuen-muldenkipper-42553\\\/\"]}]},{\"@type\":\"ImageObject\",\"inLanguage\":\"de\",\"@id\":\"https:\\\/\\\/www.krafthand.de\\\/truck\\\/artikel\\\/bauma-koegel-praesentiert-neuen-muldenkipper-42553\\\/#primaryimage\",\"url\":\"https:\\\/\\\/static.krafthand-truck.de\\\/uploads\\\/2025\\\/04\\\/Koegel_Muldenkipper_Bauma_2025.jpg\",\"contentUrl\":\"https:\\\/\\\/static.krafthand-truck.de\\\/uploads\\\/2025\\\/04\\\/Koegel_Muldenkipper_Bauma_2025.jpg\",\"width\":1080,\"height\":608},{\"@type\":\"BreadcrumbList\",\"@id\":\"https:\\\/\\\/www.krafthand.de\\\/truck\\\/artikel\\\/bauma-koegel-praesentiert-neuen-muldenkipper-42553\\\/#breadcrumb\",\"itemListElement\":[{\"@type\":\"ListItem\",\"position\":1,\"name\":\"Krafthand-Truck\",\"item\":\"https:\\\/\\\/www.krafthand.de\\\/truck\\\/\"},{\"@type\":\"ListItem\",\"position\":2,\"name\":\"IT+Fuhrpark\",\"item\":\"https:\\\/\\\/www.krafthand.de\\\/truck\\\/kategorie\\\/fuhrpark\\\/\"},{\"@type\":\"ListItem\",\"position\":3,\"name\":\"Neue Fahrzeuge\",\"item\":\"https:\\\/\\\/www.krafthand.de\\\/truck\\\/kategorie\\\/fuhrpark\\\/neue-fahrzeuge\\\/\"},{\"@type\":\"ListItem\",\"position\":4,\"name\":\"BAUMA: K\u00f6gel pr\u00e4sentiert neuen Muldenkipper\"}]},{\"@type\":\"WebSite\",\"@id\":\"https:\\\/\\\/www.krafthand.de\\\/truck\\\/#website\",\"url\":\"https:\\\/\\\/www.krafthand.de\\\/truck\\\/\",\"name\":\"Krafthand-Truck\",\"description\":\"\",\"potentialAction\":[{\"@type\":\"SearchAction\",\"target\":{\"@type\":\"EntryPoint\",\"urlTemplate\":\"https:\\\/\\\/www.krafthand.de\\\/truck\\\/?s={search_term_string}\"},\"query-input\":{\"@type\":\"PropertyValueSpecification\",\"valueRequired\":true,\"valueName\":\"search_term_string\"}}],\"inLanguage\":\"de\"},{\"@type\":\"Person\",\"@id\":\"https:\\\/\\\/www.krafthand.de\\\/truck\\\/#\\\/schema\\\/person\\\/51fa80b1c57034c4bf63f9f988fc24ce\",\"name\":\"georg.blenk@krafthand-medien.de\",\"image\":{\"@type\":\"ImageObject\",\"inLanguage\":\"de\",\"@id\":\"https:\\\/\\\/secure.gravatar.com\\\/avatar\\\/93713c30affe0aa95d3a4130e499bb1abee2eb31adbdd9ce2aa1543538490215?s=96&d=mm&r=g\",\"url\":\"https:\\\/\\\/secure.gravatar.com\\\/avatar\\\/93713c30affe0aa95d3a4130e499bb1abee2eb31adbdd9ce2aa1543538490215?s=96&d=mm&r=g\",\"contentUrl\":\"https:\\\/\\\/secure.gravatar.com\\\/avatar\\\/93713c30affe0aa95d3a4130e499bb1abee2eb31adbdd9ce2aa1543538490215?s=96&d=mm&r=g\",\"caption\":\"georg.blenk@krafthand-medien.de\"}}]}<\/script>\n<!-- \/ Yoast SEO plugin. -->","yoast_head_json":{"title":"BAUMA: K\u00f6gel pr\u00e4sentiert neuen Muldenkipper - Krafthand-Truck","description":"K\u00f6gel hat auf der diesj\u00e4hrigen BAUMA in M\u00fcnchen einen neu entwickelten Mulden-Kipper vorgestellt.","robots":{"index":"index","follow":"follow","max-snippet":"max-snippet:-1","max-image-preview":"max-image-preview:large","max-video-preview":"max-video-preview:-1"},"canonical":"https:\/\/www.krafthand.de\/truck\/artikel\/bauma-koegel-praesentiert-neuen-muldenkipper-42553\/","og_locale":"de_DE","og_type":"article","og_title":"BAUMA: K\u00f6gel pr\u00e4sentiert neuen Muldenkipper - Krafthand-Truck","og_description":"K\u00f6gel hat auf der diesj\u00e4hrigen BAUMA in M\u00fcnchen einen neu entwickelten Mulden-Kipper vorgestellt.","og_url":"https:\/\/www.krafthand-truck.de\/artikel\/bauma-koegel-praesentiert-neuen-muldenkipper-42553\/","og_site_name":"Krafthand-Truck","article_published_time":"2025-04-08T08:02:35+00:00","article_modified_time":"2025-04-08T08:15:56+00:00","og_image":[{"width":1080,"height":608,"url":"https:\/\/static.krafthand-truck.de\/uploads\/2025\/04\/Koegel_Muldenkipper_Bauma_2025.jpg","type":"image\/jpeg"}],"author":"georg.blenk@krafthand-medien.de","twitter_card":"summary_large_image","twitter_misc":{"Verfasst von":"georg.blenk@krafthand-medien.de","Gesch\u00e4tzte Lesezeit":"2\u00a0Minuten"},"schema":{"@context":"https:\/\/schema.org","@graph":[{"@type":"Article","@id":"https:\/\/www.krafthand.de\/truck\/artikel\/bauma-koegel-praesentiert-neuen-muldenkipper-42553\/#article","isPartOf":{"@id":"https:\/\/www.krafthand.de\/truck\/artikel\/bauma-koegel-praesentiert-neuen-muldenkipper-42553\/"},"author":{"name":"georg.blenk@krafthand-medien.de","@id":"https:\/\/www.krafthand.de\/truck\/#\/schema\/person\/51fa80b1c57034c4bf63f9f988fc24ce"},"headline":"BAUMA: K\u00f6gel pr\u00e4sentiert neuen Muldenkipper","datePublished":"2025-04-08T08:02:35+00:00","dateModified":"2025-04-08T08:15:56+00:00","mainEntityOfPage":{"@id":"https:\/\/www.krafthand.de\/truck\/artikel\/bauma-koegel-praesentiert-neuen-muldenkipper-42553\/"},"wordCount":324,"image":{"@id":"https:\/\/www.krafthand.de\/truck\/artikel\/bauma-koegel-praesentiert-neuen-muldenkipper-42553\/#primaryimage"},"thumbnailUrl":"https:\/\/static.krafthand-truck.de\/uploads\/2025\/04\/Koegel_Muldenkipper_Bauma_2025.jpg","keywords":["K\u00f6gel","Muldenkipper"],"articleSection":["Neue Fahrzeuge","Veranstaltungen\/Messen"],"inLanguage":"de"},{"@type":"WebPage","@id":"https:\/\/www.krafthand.de\/truck\/artikel\/bauma-koegel-praesentiert-neuen-muldenkipper-42553\/","url":"https:\/\/www.krafthand.de\/truck\/artikel\/bauma-koegel-praesentiert-neuen-muldenkipper-42553\/","name":"BAUMA: K\u00f6gel pr\u00e4sentiert neuen Muldenkipper - Krafthand-Truck","isPartOf":{"@id":"https:\/\/www.krafthand.de\/truck\/#website"},"primaryImageOfPage":{"@id":"https:\/\/www.krafthand.de\/truck\/artikel\/bauma-koegel-praesentiert-neuen-muldenkipper-42553\/#primaryimage"},"image":{"@id":"https:\/\/www.krafthand.de\/truck\/artikel\/bauma-koegel-praesentiert-neuen-muldenkipper-42553\/#primaryimage"},"thumbnailUrl":"https:\/\/static.krafthand-truck.de\/uploads\/2025\/04\/Koegel_Muldenkipper_Bauma_2025.jpg","datePublished":"2025-04-08T08:02:35+00:00","dateModified":"2025-04-08T08:15:56+00:00","author":{"@id":"https:\/\/www.krafthand.de\/truck\/#\/schema\/person\/51fa80b1c57034c4bf63f9f988fc24ce"},"description":"K\u00f6gel hat auf der diesj\u00e4hrigen BAUMA in M\u00fcnchen einen neu entwickelten Mulden-Kipper vorgestellt.","breadcrumb":{"@id":"https:\/\/www.krafthand.de\/truck\/artikel\/bauma-koegel-praesentiert-neuen-muldenkipper-42553\/#breadcrumb"},"inLanguage":"de","potentialAction":[{"@type":"ReadAction","target":["https:\/\/www.krafthand.de\/truck\/artikel\/bauma-koegel-praesentiert-neuen-muldenkipper-42553\/"]}]},{"@type":"ImageObject","inLanguage":"de","@id":"https:\/\/www.krafthand.de\/truck\/artikel\/bauma-koegel-praesentiert-neuen-muldenkipper-42553\/#primaryimage","url":"https:\/\/static.krafthand-truck.de\/uploads\/2025\/04\/Koegel_Muldenkipper_Bauma_2025.jpg","contentUrl":"https:\/\/static.krafthand-truck.de\/uploads\/2025\/04\/Koegel_Muldenkipper_Bauma_2025.jpg","width":1080,"height":608},{"@type":"BreadcrumbList","@id":"https:\/\/www.krafthand.de\/truck\/artikel\/bauma-koegel-praesentiert-neuen-muldenkipper-42553\/#breadcrumb","itemListElement":[{"@type":"ListItem","position":1,"name":"Krafthand-Truck","item":"https:\/\/www.krafthand.de\/truck\/"},{"@type":"ListItem","position":2,"name":"IT+Fuhrpark","item":"https:\/\/www.krafthand.de\/truck\/kategorie\/fuhrpark\/"},{"@type":"ListItem","position":3,"name":"Neue Fahrzeuge","item":"https:\/\/www.krafthand.de\/truck\/kategorie\/fuhrpark\/neue-fahrzeuge\/"},{"@type":"ListItem","position":4,"name":"BAUMA: K\u00f6gel pr\u00e4sentiert neuen Muldenkipper"}]},{"@type":"WebSite","@id":"https:\/\/www.krafthand.de\/truck\/#website","url":"https:\/\/www.krafthand.de\/truck\/","name":"Krafthand-Truck","description":"","potentialAction":[{"@type":"SearchAction","target":{"@type":"EntryPoint","urlTemplate":"https:\/\/www.krafthand.de\/truck\/?s={search_term_string}"},"query-input":{"@type":"PropertyValueSpecification","valueRequired":true,"valueName":"search_term_string"}}],"inLanguage":"de"},{"@type":"Person","@id":"https:\/\/www.krafthand.de\/truck\/#\/schema\/person\/51fa80b1c57034c4bf63f9f988fc24ce","name":"georg.blenk@krafthand-medien.de","image":{"@type":"ImageObject","inLanguage":"de","@id":"https:\/\/secure.gravatar.com\/avatar\/93713c30affe0aa95d3a4130e499bb1abee2eb31adbdd9ce2aa1543538490215?s=96&d=mm&r=g","url":"https:\/\/secure.gravatar.com\/avatar\/93713c30affe0aa95d3a4130e499bb1abee2eb31adbdd9ce2aa1543538490215?s=96&d=mm&r=g","contentUrl":"https:\/\/secure.gravatar.com\/avatar\/93713c30affe0aa95d3a4130e499bb1abee2eb31adbdd9ce2aa1543538490215?s=96&d=mm&r=g","caption":"georg.blenk@krafthand-medien.de"}}]}},"_links":{"self":[{"href":"https:\/\/www.krafthand.de\/truck\/wp-json\/wp\/v2\/posts\/42553","targetHints":{"allow":["GET"]}}],"collection":[{"href":"https:\/\/www.krafthand.de\/truck\/wp-json\/wp\/v2\/posts"}],"about":[{"href":"https:\/\/www.krafthand.de\/truck\/wp-json\/wp\/v2\/types\/post"}],"author":[{"embeddable":true,"href":"https:\/\/www.krafthand.de\/truck\/wp-json\/wp\/v2\/users\/9"}],"replies":[{"embeddable":true,"href":"https:\/\/www.krafthand.de\/truck\/wp-json\/wp\/v2\/comments?post=42553"}],"version-history":[{"count":10,"href":"https:\/\/www.krafthand.de\/truck\/wp-json\/wp\/v2\/posts\/42553\/revisions"}],"predecessor-version":[{"id":42564,"href":"https:\/\/www.krafthand.de\/truck\/wp-json\/wp\/v2\/posts\/42553\/revisions\/42564"}],"wp:featuredmedia":[{"embeddable":true,"href":"https:\/\/www.krafthand.de\/truck\/wp-json\/wp\/v2\/media\/42559"}],"wp:attachment":[{"href":"https:\/\/www.krafthand.de\/truck\/wp-json\/wp\/v2\/media?parent=42553"}],"wp:term":[{"taxonomy":"category","embeddable":true,"href":"https:\/\/www.krafthand.de\/truck\/wp-json\/wp\/v2\/categories?post=42553"},{"taxonomy":"post_tag","embeddable":true,"href":"https:\/\/www.krafthand.de\/truck\/wp-json\/wp\/v2\/tags?post=42553"},{"taxonomy":"settings","embeddable":true,"href":"https:\/\/www.krafthand.de\/truck\/wp-json\/wp\/v2\/settings?post=42553"}],"curies":[{"name":"wp","href":"https:\/\/api.w.org\/{rel}","templated":true}]}}