{"id":42536,"date":"2025-04-03T14:11:52","date_gmt":"2025-04-03T12:11:52","guid":{"rendered":"https:\/\/www.krafthand.de\/truck\/?p=42536"},"modified":"2025-04-03T14:15:07","modified_gmt":"2025-04-03T12:15:07","slug":"msx25-die-carat-gruppe-setzt-auf-neues-branchenformat-fuer-den-iam","status":"publish","type":"post","link":"https:\/\/www.krafthand.de\/truck\/artikel\/msx25-die-carat-gruppe-setzt-auf-neues-branchenformat-fuer-den-iam-42536\/","title":{"rendered":"MSX\u201925: Die CARAT-Gruppe setzt auf neues Branchenformat f\u00fcr den IAM"},"content":{"rendered":"<p>Die CARAT-Gruppe stellt ihr Messekonzept v\u00f6llig neu auf und pr\u00e4sentiert mit der Mobility Service Xpo\u201825 (kurz MSX\u201825) ein neues Branchenevent. Die MSX, die am 11. Oktober 2025 in Hamburg stattfindet, vereint Industrie, Gro\u00dfhandel und Werkst\u00e4tten auf einer einzigartigen Plattform, die Innovationen sichtbar machen, den Werkstattalltag erleichtert und neue Gesch\u00e4ftsm\u00f6glichkeiten er\u00f6ffnen soll. Dabei setzen die Macher auf interaktive Arbeitsfl\u00e4chen und spannenden Fachvortr\u00e4ge. Nat\u00fcrlich finden sich auch eine Vielzahl an Aussteller auf der MSX, die neueste Innovationen f\u00fcr den Automotive Aftermarket vorstellen.<\/p>\n<h3>Die klassische Hausmesse auf ein neues Level heben<\/h3>\n<p>Die Automobilbranche befindet sich im Wandel: Mit der Mobility Service Xpo m\u00f6chte die CARAT ihr bisheriges Messekonzept auf ein neues Level heben. So versammeln sich die wichtigsten Akteure der Branche im Congress Center Hamburg (CCH), um neueste Trends, Innovationen und zukunftsweisende Technologien zu pr\u00e4sentieren. Das Motto lautet \u201eAlles rund ums Werkstattbusiness\u201c. Zielgruppen sind Gro\u00dfh\u00e4ndler, Pkw- und Lkw-Werkst\u00e4tten sowie Industriepartner. Der Fokus liegt also nicht nur auf Fahrzeugteilen und Werkstattausr\u00fcstung, sondern die CARAT wirft bewusst einen Blick in die Zukunft. Es geht um Innovationen per-se, um die Digitalisierung und um die Optimierung von Gesch\u00e4ftsprozessen.<\/p>\n<blockquote class=\"khm-quote\"><p>Mit der MSX\u201925 wollen wir die Innovationskraft der Branche sichtbar machen und konkrete Mehrwerte f\u00fcr unsere Partner schaffen. Unser Ziel ist es, die Transformation aktiv mitzugestalten und Werkst\u00e4tten gezielt zu unterst\u00fctzen&#8220;, so Stephan Bens, Director Category Management &amp; Marketing bei CARAT.<\/p><\/blockquote>\n<h3>Erlebbare Innovationen &amp; zukunftsweisende Technologien<\/h3>\n<p>Im Rahmen der MSX m\u00f6chte die CARAT also eine Plattform schaffen, die weit \u00fcber die klassische Produktpr\u00e4sentation hinausgeht. Interaktive Aktionsfl\u00e4chen bieten Ausstellern die M\u00f6glichkeit, ihre Produkte und Dienstleistungen nicht nur an ihrem Stand, sondern auch live in Aktion zu pr\u00e4sentieren. Ein besonderer Fokus l\u00e4ge auf aktuellen Service- und Reparaturkomponenten sowie moderner Werkstattausr\u00fcstung. Innovative Technologien, darunter digitale Systeme und KI-gest\u00fctzte Anwendungen, unterst\u00fctzen dabei, Arbeitsabl\u00e4ufe effizienter und pr\u00e4ziser zu gestalten. So erm\u00f6glichen beispielsweise intelligente Fahrzeugscanner eine umfassende Zustandsdiagnose, w\u00e4hrend smarte Systeme Werkstattprozesse automatisiert steuern und optimieren.<\/p>\n<p>Durch die Verbindung bew\u00e4hrter Konzepte mit zukunftsweisenden Technologien m\u00f6chten die MSX neue Impulse f\u00fcr die Branche \u2013 praxisnah, interaktiv und auf die Bed\u00fcrfnisse des Marktes zugeschnitten, setzen. Besucher d\u00fcrfen sich auf viele interessante Aussteller aus dem In- und Ausland auf mehr als 10.000 qm freuen, die ihre neuesten Produkte pr\u00e4sentieren und hautnah erlebbar machen. Ziel sei es, die Inhalte nicht nur informativ, sondern auch praxisorientiert zu gestalten. Durch interaktive Demonstrationen soll das Event zu einem lebendigen Ort des Austauschs und der Inspiration werden.<\/p>\n<h3>Der Congress Center Hamburg<\/h3>\n<p>Das Congress Center sei der ideal Standort. Diel Location \u00fcberzeuge mit einer modernen und einladenden Atmosph\u00e4re, die optimal auf die Bed\u00fcrfnisse der Veranstaltung zugeschnitten sei. Neben der klassischen Ausstellungshalle stehen eine Vielzahl an R\u00e4umlichkeiten zur Verf\u00fcgung, die gezielt f\u00fcr unterschiedliche Formate genutzt werden k\u00f6nnen.<br \/>\nZu den Highlights geh\u00f6rten unter anderem die inspirierenden Keynote- und Impulsb\u00fchnen, die perfekte Bedingungen f\u00fcr Top-Speaker, Panels und Podiumsdiskussionen zu den Herausforderungen und Potenzialen verschiedener Megatrends des Automotive Aftermarket bieten. Auch gro\u00dfz\u00fcgige Lounge- und Networking-Bereiche sind laut CARAT vorhanden, die gezielt darauf ausgelegt sind, Begegnungen und den Austausch zwischen Eventbesuchern und Ausstellern zu f\u00f6rdern. Das moderne und zentral gelegene CCH bietet daf\u00fcr die perfekte B\u00fchne.<\/p>\n<p>Tickets, aktuelle Informationen zu den Ausstellern und den Themenbereichen erhalten Interessierte unter <a href=\"https:\/\/www.carat-automotive.de\/msx\/\" target=\"_blank\" rel=\"noopener\">www.msx-automotive.de<\/a><\/p>\n","protected":false},"excerpt":{"rendered":"<p>Die CARAT-Gruppe stellt ihr Messekonzept v\u00f6llig neu auf und pr\u00e4sentiert mit der Mobility Service Xpo\u201825 (kurz MSX\u201825) ein neues Branchenevent. Die MSX, die am 11. Oktober 2025 in Hamburg stattfindet, vereint Industrie, Gro\u00dfhandel und Werkst\u00e4tten auf einer einzigartigen Plattform, die Innovationen sichtbar machen, den Werkstattalltag erleichtert und neue Gesch\u00e4ftsm\u00f6glichkeiten er\u00f6ffnen soll. <span class=\"excerpt-more__dots\">&#8230;<\/span> <a class=\"excerpt-more__link\" href=\"https:\/\/www.krafthand.de\/truck\/artikel\/msx25-die-carat-gruppe-setzt-auf-neues-branchenformat-fuer-den-iam-42536\/\" >weiter<\/a><\/p>\n","protected":false},"author":9,"featured_media":42540,"comment_status":"closed","ping_status":"closed","sticky":false,"template":"","format":"standard","meta":{"footnotes":""},"categories":[4236],"tags":[3940,5557,3022,6212],"settings":[4766,3523],"class_list":["post-42536","post","type-post","status-publish","format-standard","has-post-thumbnail","hentry","category-veranstaltungen","tag-branchenmesse","tag-carat-gruppe","tag-hausmessen","tag-msx25"],"yoast_head":"<!-- This site is optimized with the Yoast SEO plugin v27.3 - https:\/\/yoast.com\/product\/yoast-seo-wordpress\/ -->\n<title>MSX\u201925: Die CARAT-Gruppe setzt auf neues Branchenformat f\u00fcr den IAM - Krafthand-Truck<\/title>\n<meta name=\"description\" content=\"Die CARAT-Gruppe stellt ihr Messekonzept v\u00f6llig neu auf und pr\u00e4sentiert mit der Mobility Service Xpo\u201825 (kurz MSX\u201825) ein neues Branchenevent.\" \/>\n<meta name=\"robots\" content=\"index, follow, max-snippet:-1, max-image-preview:large, max-video-preview:-1\" \/>\n<link rel=\"canonical\" href=\"https:\/\/www.krafthand.de\/truck\/artikel\/msx25-die-carat-gruppe-setzt-auf-neues-branchenformat-fuer-den-iam-42536\/\" \/>\n<meta property=\"og:locale\" content=\"de_DE\" \/>\n<meta property=\"og:type\" content=\"article\" \/>\n<meta property=\"og:title\" content=\"MSX\u201925: Die CARAT-Gruppe setzt auf neues Branchenformat f\u00fcr den IAM - Krafthand-Truck\" \/>\n<meta property=\"og:description\" content=\"Die CARAT-Gruppe stellt ihr Messekonzept v\u00f6llig neu auf und pr\u00e4sentiert mit der Mobility Service Xpo\u201825 (kurz MSX\u201825) ein neues Branchenevent.\" \/>\n<meta property=\"og:url\" content=\"https:\/\/www.krafthand-truck.de\/artikel\/msx25-die-carat-gruppe-setzt-auf-neues-branchenformat-fuer-den-iam-42536\/\" \/>\n<meta property=\"og:site_name\" content=\"Krafthand-Truck\" \/>\n<meta property=\"article:published_time\" content=\"2025-04-03T12:11:52+00:00\" \/>\n<meta property=\"article:modified_time\" content=\"2025-04-03T12:15:07+00:00\" \/>\n<meta property=\"og:image\" content=\"https:\/\/static.krafthand-truck.de\/uploads\/2025\/04\/Carat_MSX25_Hausmesse.jpg\" \/>\n\t<meta property=\"og:image:width\" content=\"1200\" \/>\n\t<meta property=\"og:image:height\" content=\"821\" \/>\n\t<meta property=\"og:image:type\" content=\"image\/jpeg\" \/>\n<meta name=\"author\" content=\"georg.blenk@krafthand-medien.de\" \/>\n<meta name=\"twitter:card\" content=\"summary_large_image\" \/>\n<meta name=\"twitter:label1\" content=\"Verfasst von\" \/>\n\t<meta name=\"twitter:data1\" content=\"georg.blenk@krafthand-medien.de\" \/>\n\t<meta name=\"twitter:label2\" content=\"Gesch\u00e4tzte Lesezeit\" \/>\n\t<meta name=\"twitter:data2\" content=\"4\u00a0Minuten\" \/>\n<script type=\"application\/ld+json\" class=\"yoast-schema-graph\">{\"@context\":\"https:\\\/\\\/schema.org\",\"@graph\":[{\"@type\":\"Article\",\"@id\":\"https:\\\/\\\/www.krafthand.de\\\/truck\\\/artikel\\\/msx25-die-carat-gruppe-setzt-auf-neues-branchenformat-fuer-den-iam-42536\\\/#article\",\"isPartOf\":{\"@id\":\"https:\\\/\\\/www.krafthand.de\\\/truck\\\/artikel\\\/msx25-die-carat-gruppe-setzt-auf-neues-branchenformat-fuer-den-iam-42536\\\/\"},\"author\":{\"name\":\"georg.blenk@krafthand-medien.de\",\"@id\":\"https:\\\/\\\/www.krafthand.de\\\/truck\\\/#\\\/schema\\\/person\\\/51fa80b1c57034c4bf63f9f988fc24ce\"},\"headline\":\"MSX\u201925: Die CARAT-Gruppe setzt auf neues Branchenformat f\u00fcr den IAM\",\"datePublished\":\"2025-04-03T12:11:52+00:00\",\"dateModified\":\"2025-04-03T12:15:07+00:00\",\"mainEntityOfPage\":{\"@id\":\"https:\\\/\\\/www.krafthand.de\\\/truck\\\/artikel\\\/msx25-die-carat-gruppe-setzt-auf-neues-branchenformat-fuer-den-iam-42536\\\/\"},\"wordCount\":585,\"image\":{\"@id\":\"https:\\\/\\\/www.krafthand.de\\\/truck\\\/artikel\\\/msx25-die-carat-gruppe-setzt-auf-neues-branchenformat-fuer-den-iam-42536\\\/#primaryimage\"},\"thumbnailUrl\":\"https:\\\/\\\/static.krafthand-truck.de\\\/uploads\\\/2025\\\/04\\\/Carat_MSX25_Hausmesse.jpg\",\"keywords\":[\"Branchenmesse\",\"Carat-Gruppe\",\"Hausmessen\",\"MSX25\"],\"articleSection\":[\"Veranstaltungen\\\/Messen\"],\"inLanguage\":\"de\"},{\"@type\":\"WebPage\",\"@id\":\"https:\\\/\\\/www.krafthand.de\\\/truck\\\/artikel\\\/msx25-die-carat-gruppe-setzt-auf-neues-branchenformat-fuer-den-iam-42536\\\/\",\"url\":\"https:\\\/\\\/www.krafthand.de\\\/truck\\\/artikel\\\/msx25-die-carat-gruppe-setzt-auf-neues-branchenformat-fuer-den-iam-42536\\\/\",\"name\":\"MSX\u201925: Die CARAT-Gruppe setzt auf neues Branchenformat f\u00fcr den IAM - Krafthand-Truck\",\"isPartOf\":{\"@id\":\"https:\\\/\\\/www.krafthand.de\\\/truck\\\/#website\"},\"primaryImageOfPage\":{\"@id\":\"https:\\\/\\\/www.krafthand.de\\\/truck\\\/artikel\\\/msx25-die-carat-gruppe-setzt-auf-neues-branchenformat-fuer-den-iam-42536\\\/#primaryimage\"},\"image\":{\"@id\":\"https:\\\/\\\/www.krafthand.de\\\/truck\\\/artikel\\\/msx25-die-carat-gruppe-setzt-auf-neues-branchenformat-fuer-den-iam-42536\\\/#primaryimage\"},\"thumbnailUrl\":\"https:\\\/\\\/static.krafthand-truck.de\\\/uploads\\\/2025\\\/04\\\/Carat_MSX25_Hausmesse.jpg\",\"datePublished\":\"2025-04-03T12:11:52+00:00\",\"dateModified\":\"2025-04-03T12:15:07+00:00\",\"author\":{\"@id\":\"https:\\\/\\\/www.krafthand.de\\\/truck\\\/#\\\/schema\\\/person\\\/51fa80b1c57034c4bf63f9f988fc24ce\"},\"description\":\"Die CARAT-Gruppe stellt ihr Messekonzept v\u00f6llig neu auf und pr\u00e4sentiert mit der Mobility Service Xpo\u201825 (kurz MSX\u201825) ein neues Branchenevent.\",\"breadcrumb\":{\"@id\":\"https:\\\/\\\/www.krafthand.de\\\/truck\\\/artikel\\\/msx25-die-carat-gruppe-setzt-auf-neues-branchenformat-fuer-den-iam-42536\\\/#breadcrumb\"},\"inLanguage\":\"de\",\"potentialAction\":[{\"@type\":\"ReadAction\",\"target\":[\"https:\\\/\\\/www.krafthand.de\\\/truck\\\/artikel\\\/msx25-die-carat-gruppe-setzt-auf-neues-branchenformat-fuer-den-iam-42536\\\/\"]}]},{\"@type\":\"ImageObject\",\"inLanguage\":\"de\",\"@id\":\"https:\\\/\\\/www.krafthand.de\\\/truck\\\/artikel\\\/msx25-die-carat-gruppe-setzt-auf-neues-branchenformat-fuer-den-iam-42536\\\/#primaryimage\",\"url\":\"https:\\\/\\\/static.krafthand-truck.de\\\/uploads\\\/2025\\\/04\\\/Carat_MSX25_Hausmesse.jpg\",\"contentUrl\":\"https:\\\/\\\/static.krafthand-truck.de\\\/uploads\\\/2025\\\/04\\\/Carat_MSX25_Hausmesse.jpg\",\"width\":1200,\"height\":821},{\"@type\":\"BreadcrumbList\",\"@id\":\"https:\\\/\\\/www.krafthand.de\\\/truck\\\/artikel\\\/msx25-die-carat-gruppe-setzt-auf-neues-branchenformat-fuer-den-iam-42536\\\/#breadcrumb\",\"itemListElement\":[{\"@type\":\"ListItem\",\"position\":1,\"name\":\"Krafthand-Truck\",\"item\":\"https:\\\/\\\/www.krafthand.de\\\/truck\\\/\"},{\"@type\":\"ListItem\",\"position\":2,\"name\":\"Nfz-Branche\",\"item\":\"https:\\\/\\\/www.krafthand.de\\\/truck\\\/kategorie\\\/branche\\\/\"},{\"@type\":\"ListItem\",\"position\":3,\"name\":\"Veranstaltungen\\\/Messen\",\"item\":\"https:\\\/\\\/www.krafthand.de\\\/truck\\\/kategorie\\\/branche\\\/veranstaltungen\\\/\"},{\"@type\":\"ListItem\",\"position\":4,\"name\":\"MSX\u201925: Die CARAT-Gruppe setzt auf neues Branchenformat f\u00fcr den IAM\"}]},{\"@type\":\"WebSite\",\"@id\":\"https:\\\/\\\/www.krafthand.de\\\/truck\\\/#website\",\"url\":\"https:\\\/\\\/www.krafthand.de\\\/truck\\\/\",\"name\":\"Krafthand-Truck\",\"description\":\"\",\"potentialAction\":[{\"@type\":\"SearchAction\",\"target\":{\"@type\":\"EntryPoint\",\"urlTemplate\":\"https:\\\/\\\/www.krafthand.de\\\/truck\\\/?s={search_term_string}\"},\"query-input\":{\"@type\":\"PropertyValueSpecification\",\"valueRequired\":true,\"valueName\":\"search_term_string\"}}],\"inLanguage\":\"de\"},{\"@type\":\"Person\",\"@id\":\"https:\\\/\\\/www.krafthand.de\\\/truck\\\/#\\\/schema\\\/person\\\/51fa80b1c57034c4bf63f9f988fc24ce\",\"name\":\"georg.blenk@krafthand-medien.de\",\"image\":{\"@type\":\"ImageObject\",\"inLanguage\":\"de\",\"@id\":\"https:\\\/\\\/secure.gravatar.com\\\/avatar\\\/93713c30affe0aa95d3a4130e499bb1abee2eb31adbdd9ce2aa1543538490215?s=96&d=mm&r=g\",\"url\":\"https:\\\/\\\/secure.gravatar.com\\\/avatar\\\/93713c30affe0aa95d3a4130e499bb1abee2eb31adbdd9ce2aa1543538490215?s=96&d=mm&r=g\",\"contentUrl\":\"https:\\\/\\\/secure.gravatar.com\\\/avatar\\\/93713c30affe0aa95d3a4130e499bb1abee2eb31adbdd9ce2aa1543538490215?s=96&d=mm&r=g\",\"caption\":\"georg.blenk@krafthand-medien.de\"}}]}<\/script>\n<!-- \/ Yoast SEO plugin. -->","yoast_head_json":{"title":"MSX\u201925: Die CARAT-Gruppe setzt auf neues Branchenformat f\u00fcr den IAM - Krafthand-Truck","description":"Die CARAT-Gruppe stellt ihr Messekonzept v\u00f6llig neu auf und pr\u00e4sentiert mit der Mobility Service Xpo\u201825 (kurz MSX\u201825) ein neues Branchenevent.","robots":{"index":"index","follow":"follow","max-snippet":"max-snippet:-1","max-image-preview":"max-image-preview:large","max-video-preview":"max-video-preview:-1"},"canonical":"https:\/\/www.krafthand.de\/truck\/artikel\/msx25-die-carat-gruppe-setzt-auf-neues-branchenformat-fuer-den-iam-42536\/","og_locale":"de_DE","og_type":"article","og_title":"MSX\u201925: Die CARAT-Gruppe setzt auf neues Branchenformat f\u00fcr den IAM - Krafthand-Truck","og_description":"Die CARAT-Gruppe stellt ihr Messekonzept v\u00f6llig neu auf und pr\u00e4sentiert mit der Mobility Service Xpo\u201825 (kurz MSX\u201825) ein neues Branchenevent.","og_url":"https:\/\/www.krafthand-truck.de\/artikel\/msx25-die-carat-gruppe-setzt-auf-neues-branchenformat-fuer-den-iam-42536\/","og_site_name":"Krafthand-Truck","article_published_time":"2025-04-03T12:11:52+00:00","article_modified_time":"2025-04-03T12:15:07+00:00","og_image":[{"width":1200,"height":821,"url":"https:\/\/static.krafthand-truck.de\/uploads\/2025\/04\/Carat_MSX25_Hausmesse.jpg","type":"image\/jpeg"}],"author":"georg.blenk@krafthand-medien.de","twitter_card":"summary_large_image","twitter_misc":{"Verfasst von":"georg.blenk@krafthand-medien.de","Gesch\u00e4tzte Lesezeit":"4\u00a0Minuten"},"schema":{"@context":"https:\/\/schema.org","@graph":[{"@type":"Article","@id":"https:\/\/www.krafthand.de\/truck\/artikel\/msx25-die-carat-gruppe-setzt-auf-neues-branchenformat-fuer-den-iam-42536\/#article","isPartOf":{"@id":"https:\/\/www.krafthand.de\/truck\/artikel\/msx25-die-carat-gruppe-setzt-auf-neues-branchenformat-fuer-den-iam-42536\/"},"author":{"name":"georg.blenk@krafthand-medien.de","@id":"https:\/\/www.krafthand.de\/truck\/#\/schema\/person\/51fa80b1c57034c4bf63f9f988fc24ce"},"headline":"MSX\u201925: Die CARAT-Gruppe setzt auf neues Branchenformat f\u00fcr den IAM","datePublished":"2025-04-03T12:11:52+00:00","dateModified":"2025-04-03T12:15:07+00:00","mainEntityOfPage":{"@id":"https:\/\/www.krafthand.de\/truck\/artikel\/msx25-die-carat-gruppe-setzt-auf-neues-branchenformat-fuer-den-iam-42536\/"},"wordCount":585,"image":{"@id":"https:\/\/www.krafthand.de\/truck\/artikel\/msx25-die-carat-gruppe-setzt-auf-neues-branchenformat-fuer-den-iam-42536\/#primaryimage"},"thumbnailUrl":"https:\/\/static.krafthand-truck.de\/uploads\/2025\/04\/Carat_MSX25_Hausmesse.jpg","keywords":["Branchenmesse","Carat-Gruppe","Hausmessen","MSX25"],"articleSection":["Veranstaltungen\/Messen"],"inLanguage":"de"},{"@type":"WebPage","@id":"https:\/\/www.krafthand.de\/truck\/artikel\/msx25-die-carat-gruppe-setzt-auf-neues-branchenformat-fuer-den-iam-42536\/","url":"https:\/\/www.krafthand.de\/truck\/artikel\/msx25-die-carat-gruppe-setzt-auf-neues-branchenformat-fuer-den-iam-42536\/","name":"MSX\u201925: Die CARAT-Gruppe setzt auf neues Branchenformat f\u00fcr den IAM - Krafthand-Truck","isPartOf":{"@id":"https:\/\/www.krafthand.de\/truck\/#website"},"primaryImageOfPage":{"@id":"https:\/\/www.krafthand.de\/truck\/artikel\/msx25-die-carat-gruppe-setzt-auf-neues-branchenformat-fuer-den-iam-42536\/#primaryimage"},"image":{"@id":"https:\/\/www.krafthand.de\/truck\/artikel\/msx25-die-carat-gruppe-setzt-auf-neues-branchenformat-fuer-den-iam-42536\/#primaryimage"},"thumbnailUrl":"https:\/\/static.krafthand-truck.de\/uploads\/2025\/04\/Carat_MSX25_Hausmesse.jpg","datePublished":"2025-04-03T12:11:52+00:00","dateModified":"2025-04-03T12:15:07+00:00","author":{"@id":"https:\/\/www.krafthand.de\/truck\/#\/schema\/person\/51fa80b1c57034c4bf63f9f988fc24ce"},"description":"Die CARAT-Gruppe stellt ihr Messekonzept v\u00f6llig neu auf und pr\u00e4sentiert mit der Mobility Service Xpo\u201825 (kurz MSX\u201825) ein neues Branchenevent.","breadcrumb":{"@id":"https:\/\/www.krafthand.de\/truck\/artikel\/msx25-die-carat-gruppe-setzt-auf-neues-branchenformat-fuer-den-iam-42536\/#breadcrumb"},"inLanguage":"de","potentialAction":[{"@type":"ReadAction","target":["https:\/\/www.krafthand.de\/truck\/artikel\/msx25-die-carat-gruppe-setzt-auf-neues-branchenformat-fuer-den-iam-42536\/"]}]},{"@type":"ImageObject","inLanguage":"de","@id":"https:\/\/www.krafthand.de\/truck\/artikel\/msx25-die-carat-gruppe-setzt-auf-neues-branchenformat-fuer-den-iam-42536\/#primaryimage","url":"https:\/\/static.krafthand-truck.de\/uploads\/2025\/04\/Carat_MSX25_Hausmesse.jpg","contentUrl":"https:\/\/static.krafthand-truck.de\/uploads\/2025\/04\/Carat_MSX25_Hausmesse.jpg","width":1200,"height":821},{"@type":"BreadcrumbList","@id":"https:\/\/www.krafthand.de\/truck\/artikel\/msx25-die-carat-gruppe-setzt-auf-neues-branchenformat-fuer-den-iam-42536\/#breadcrumb","itemListElement":[{"@type":"ListItem","position":1,"name":"Krafthand-Truck","item":"https:\/\/www.krafthand.de\/truck\/"},{"@type":"ListItem","position":2,"name":"Nfz-Branche","item":"https:\/\/www.krafthand.de\/truck\/kategorie\/branche\/"},{"@type":"ListItem","position":3,"name":"Veranstaltungen\/Messen","item":"https:\/\/www.krafthand.de\/truck\/kategorie\/branche\/veranstaltungen\/"},{"@type":"ListItem","position":4,"name":"MSX\u201925: Die CARAT-Gruppe setzt auf neues Branchenformat f\u00fcr den IAM"}]},{"@type":"WebSite","@id":"https:\/\/www.krafthand.de\/truck\/#website","url":"https:\/\/www.krafthand.de\/truck\/","name":"Krafthand-Truck","description":"","potentialAction":[{"@type":"SearchAction","target":{"@type":"EntryPoint","urlTemplate":"https:\/\/www.krafthand.de\/truck\/?s={search_term_string}"},"query-input":{"@type":"PropertyValueSpecification","valueRequired":true,"valueName":"search_term_string"}}],"inLanguage":"de"},{"@type":"Person","@id":"https:\/\/www.krafthand.de\/truck\/#\/schema\/person\/51fa80b1c57034c4bf63f9f988fc24ce","name":"georg.blenk@krafthand-medien.de","image":{"@type":"ImageObject","inLanguage":"de","@id":"https:\/\/secure.gravatar.com\/avatar\/93713c30affe0aa95d3a4130e499bb1abee2eb31adbdd9ce2aa1543538490215?s=96&d=mm&r=g","url":"https:\/\/secure.gravatar.com\/avatar\/93713c30affe0aa95d3a4130e499bb1abee2eb31adbdd9ce2aa1543538490215?s=96&d=mm&r=g","contentUrl":"https:\/\/secure.gravatar.com\/avatar\/93713c30affe0aa95d3a4130e499bb1abee2eb31adbdd9ce2aa1543538490215?s=96&d=mm&r=g","caption":"georg.blenk@krafthand-medien.de"}}]}},"_links":{"self":[{"href":"https:\/\/www.krafthand.de\/truck\/wp-json\/wp\/v2\/posts\/42536","targetHints":{"allow":["GET"]}}],"collection":[{"href":"https:\/\/www.krafthand.de\/truck\/wp-json\/wp\/v2\/posts"}],"about":[{"href":"https:\/\/www.krafthand.de\/truck\/wp-json\/wp\/v2\/types\/post"}],"author":[{"embeddable":true,"href":"https:\/\/www.krafthand.de\/truck\/wp-json\/wp\/v2\/users\/9"}],"replies":[{"embeddable":true,"href":"https:\/\/www.krafthand.de\/truck\/wp-json\/wp\/v2\/comments?post=42536"}],"version-history":[{"count":7,"href":"https:\/\/www.krafthand.de\/truck\/wp-json\/wp\/v2\/posts\/42536\/revisions"}],"predecessor-version":[{"id":42544,"href":"https:\/\/www.krafthand.de\/truck\/wp-json\/wp\/v2\/posts\/42536\/revisions\/42544"}],"wp:featuredmedia":[{"embeddable":true,"href":"https:\/\/www.krafthand.de\/truck\/wp-json\/wp\/v2\/media\/42540"}],"wp:attachment":[{"href":"https:\/\/www.krafthand.de\/truck\/wp-json\/wp\/v2\/media?parent=42536"}],"wp:term":[{"taxonomy":"category","embeddable":true,"href":"https:\/\/www.krafthand.de\/truck\/wp-json\/wp\/v2\/categories?post=42536"},{"taxonomy":"post_tag","embeddable":true,"href":"https:\/\/www.krafthand.de\/truck\/wp-json\/wp\/v2\/tags?post=42536"},{"taxonomy":"settings","embeddable":true,"href":"https:\/\/www.krafthand.de\/truck\/wp-json\/wp\/v2\/settings?post=42536"}],"curies":[{"name":"wp","href":"https:\/\/api.w.org\/{rel}","templated":true}]}}