{"id":42500,"date":"2025-04-01T15:29:17","date_gmt":"2025-04-01T13:29:17","guid":{"rendered":"https:\/\/www.krafthand.de\/truck\/?p=42500"},"modified":"2025-04-01T15:40:02","modified_gmt":"2025-04-01T13:40:02","slug":"paul-nutzfahrzeuge-51-mercedes-benz-arocs-fuer-die-autobahn-gmbh-des-bundes","status":"publish","type":"post","link":"https:\/\/www.krafthand.de\/truck\/artikel\/paul-nutzfahrzeuge-51-mercedes-benz-arocs-fuer-die-autobahn-gmbh-des-bundes-42500\/","title":{"rendered":"Paul Nutzfahrzeuge: 51 Mercedes-Benz Arocs f\u00fcr die Autobahn GmbH des Bundes"},"content":{"rendered":"<p>Das Nutzfahrzeugzentrum Mercedes-Benz Berlin-Brandenburg \u00fcbergibt in diesem Jahr insgesamt 109 Mercedes-Benz Arocs an die Autobahn GmbH des Bundes. Die ersten 51 Fahrzeuge wurden durch <a href=\"https:\/\/paul-nutzfahrzeuge.de\" target=\"_blank\" rel=\"noopener\">Paul Nutzfahrzeuge<\/a> mit einem neuartigen Abroll- &amp; Krankonzept ausgestattet. Sie sind bereits an verschiedene Autobahnmeistereien in ganz Deutschland ausgeliefert worden.<\/p>\n<p>Damit seien die Fahrzeuge maximal flexibel und k\u00f6nnen schnell mit verschiedenen Ger\u00e4teaufbauten versehen werden. Neben Winterdiensteins\u00e4tzen mit Frontpflug und Streumaschine sind mittels Abrollbeh\u00e4lter samt Kran ganzj\u00e4hrig Eins\u00e4tze, wie beispielsweise Reinigungs-, Sanierungs- oder Sicherungsarbeiten an Autobahnen und Fernstra\u00dfen, m\u00f6glich.<\/p>\n<blockquote>\n<figure id=\"attachment_42503\" aria-describedby=\"caption-attachment-42503\" style=\"width: 320px\" class=\"wp-caption alignright\"><a href=\"https:\/\/static.krafthand-truck.de\/uploads\/2025\/04\/Paul_Nutzfahrzeuge_Bernhard_Wasner.jpg\" target=\"_blank\" rel=\"noopener\"><img fetchpriority=\"high\" decoding=\"async\" class=\"wp-image-42503\" src=\"https:\/\/static.krafthand-truck.de\/uploads\/2025\/04\/Paul_Nutzfahrzeuge_Bernhard_Wasner-300x217.jpg\" alt=\"\" width=\"320\" height=\"231\" srcset=\"https:\/\/static.krafthand-truck.de\/uploads\/2025\/04\/Paul_Nutzfahrzeuge_Bernhard_Wasner-300x217.jpg 300w, https:\/\/static.krafthand-truck.de\/uploads\/2025\/04\/Paul_Nutzfahrzeuge_Bernhard_Wasner-1024x739.jpg 1024w, https:\/\/static.krafthand-truck.de\/uploads\/2025\/04\/Paul_Nutzfahrzeuge_Bernhard_Wasner-768x554.jpg 768w, https:\/\/static.krafthand-truck.de\/uploads\/2025\/04\/Paul_Nutzfahrzeuge_Bernhard_Wasner.jpg 1200w\" sizes=\"(max-width: 320px) 100vw, 320px\" \/><\/a><figcaption id=\"caption-attachment-42503\" class=\"wp-caption-text\">Bernhard Wasner. Bild: Georg Blenk<\/figcaption><\/figure>\n<p>\u201eWir freuen uns sehr \u00fcber die Zusammenarbeit mit dem Mercedes-Benz Nutzfahrzeugzentrum Berlin-Brandenburg f\u00fcr die Autobahn GmbH des Bundes und dar\u00fcber, mit unserer Expertise im Sonderfahrzeugbau einen wichtigen Beitrag f\u00fcr den zuverl\u00e4ssigen Betrieb der Autobahnen in Deutschland zu leisten. Dass unsere L\u00f6sungen in so gro\u00dfer St\u00fcckzahl zum Einsatz kommen, best\u00e4tigt unsere Kompetenz bei anspruchsvollen Lkw-Anwendungen in vielf\u00e4ltigen Einsatzfeldern&#8220;, erkl\u00e4rt Bernhard Wasner, Gesch\u00e4ftsf\u00fchrer der Paul Group.<\/p><\/blockquote>\n","protected":false},"excerpt":{"rendered":"<p>Das Nutzfahrzeugzentrum Mercedes-Benz Berlin-Brandenburg \u00fcbergibt in diesem Jahr insgesamt 109 Mercedes-Benz Arocs an die Autobahn GmbH des Bundes. Die ersten 51 Fahrzeuge wurden durch Paul Nutzfahrzeuge mit einem neuartigen Abroll- &#038; Krankonzept ausgestattet. Sie sind bereits an verschiedene Autobahnmeistereien in ganz Deutschland ausgeliefert worden. <span class=\"excerpt-more__dots\">&#8230;<\/span> <a class=\"excerpt-more__link\" href=\"https:\/\/www.krafthand.de\/truck\/artikel\/paul-nutzfahrzeuge-51-mercedes-benz-arocs-fuer-die-autobahn-gmbh-des-bundes-42500\/\" >weiter<\/a><\/p>\n","protected":false},"author":9,"featured_media":42505,"comment_status":"closed","ping_status":"closed","sticky":false,"template":"","format":"standard","meta":{"footnotes":""},"categories":[4915],"tags":[6210,5546,4814],"settings":[4766,3523],"class_list":["post-42500","post","type-post","status-publish","format-standard","has-post-thumbnail","hentry","category-neue-fahrzeuge","tag-autobahnmeisterei","tag-bernhard-wasner","tag-paul-nutzfahrzeuge"],"yoast_head":"<!-- This site is optimized with the Yoast SEO plugin v27.3 - https:\/\/yoast.com\/product\/yoast-seo-wordpress\/ -->\n<title>Paul Nutzfahrzeuge: 51 Mercedes-Benz Arocs f\u00fcr die Autobahn GmbH des Bundes - Krafthand-Truck<\/title>\n<meta name=\"description\" content=\"Paul Nutzfahrzeuge hat 51 Arocs mit einem neuartigen Abroll- &amp; Krankonzept ausgestattet und an verschiedene Autobahnmeistereien geliefert.\" \/>\n<meta name=\"robots\" content=\"index, follow, max-snippet:-1, max-image-preview:large, max-video-preview:-1\" \/>\n<link rel=\"canonical\" href=\"https:\/\/www.krafthand.de\/truck\/artikel\/paul-nutzfahrzeuge-51-mercedes-benz-arocs-fuer-die-autobahn-gmbh-des-bundes-42500\/\" \/>\n<meta property=\"og:locale\" content=\"de_DE\" \/>\n<meta property=\"og:type\" content=\"article\" \/>\n<meta property=\"og:title\" content=\"Paul Nutzfahrzeuge: 51 Mercedes-Benz Arocs f\u00fcr die Autobahn GmbH des Bundes - Krafthand-Truck\" \/>\n<meta property=\"og:description\" content=\"Paul Nutzfahrzeuge hat 51 Arocs mit einem neuartigen Abroll- &amp; Krankonzept ausgestattet und an verschiedene Autobahnmeistereien geliefert.\" \/>\n<meta property=\"og:url\" content=\"https:\/\/www.krafthand-truck.de\/artikel\/paul-nutzfahrzeuge-51-mercedes-benz-arocs-fuer-die-autobahn-gmbh-des-bundes-42500\/\" \/>\n<meta property=\"og:site_name\" content=\"Krafthand-Truck\" \/>\n<meta property=\"article:published_time\" content=\"2025-04-01T13:29:17+00:00\" \/>\n<meta property=\"article:modified_time\" content=\"2025-04-01T13:40:02+00:00\" \/>\n<meta property=\"og:image\" content=\"https:\/\/static.krafthand-truck.de\/uploads\/2025\/04\/Paul_Group_Mercedes_Benz_Arocs_Autobahnmeisterei_Bund.jpg\" \/>\n\t<meta property=\"og:image:width\" content=\"1200\" \/>\n\t<meta property=\"og:image:height\" content=\"788\" \/>\n\t<meta property=\"og:image:type\" content=\"image\/jpeg\" \/>\n<meta name=\"author\" content=\"georg.blenk@krafthand-medien.de\" \/>\n<meta name=\"twitter:card\" content=\"summary_large_image\" \/>\n<meta name=\"twitter:label1\" content=\"Verfasst von\" \/>\n\t<meta name=\"twitter:data1\" content=\"georg.blenk@krafthand-medien.de\" \/>\n\t<meta name=\"twitter:label2\" content=\"Gesch\u00e4tzte Lesezeit\" \/>\n\t<meta name=\"twitter:data2\" content=\"1\u00a0Minute\" \/>\n<script type=\"application\/ld+json\" class=\"yoast-schema-graph\">{\"@context\":\"https:\\\/\\\/schema.org\",\"@graph\":[{\"@type\":\"Article\",\"@id\":\"https:\\\/\\\/www.krafthand.de\\\/truck\\\/artikel\\\/paul-nutzfahrzeuge-51-mercedes-benz-arocs-fuer-die-autobahn-gmbh-des-bundes-42500\\\/#article\",\"isPartOf\":{\"@id\":\"https:\\\/\\\/www.krafthand.de\\\/truck\\\/artikel\\\/paul-nutzfahrzeuge-51-mercedes-benz-arocs-fuer-die-autobahn-gmbh-des-bundes-42500\\\/\"},\"author\":{\"name\":\"georg.blenk@krafthand-medien.de\",\"@id\":\"https:\\\/\\\/www.krafthand.de\\\/truck\\\/#\\\/schema\\\/person\\\/51fa80b1c57034c4bf63f9f988fc24ce\"},\"headline\":\"Paul Nutzfahrzeuge: 51 Mercedes-Benz Arocs f\u00fcr die Autobahn GmbH des Bundes\",\"datePublished\":\"2025-04-01T13:29:17+00:00\",\"dateModified\":\"2025-04-01T13:40:02+00:00\",\"mainEntityOfPage\":{\"@id\":\"https:\\\/\\\/www.krafthand.de\\\/truck\\\/artikel\\\/paul-nutzfahrzeuge-51-mercedes-benz-arocs-fuer-die-autobahn-gmbh-des-bundes-42500\\\/\"},\"wordCount\":187,\"image\":{\"@id\":\"https:\\\/\\\/www.krafthand.de\\\/truck\\\/artikel\\\/paul-nutzfahrzeuge-51-mercedes-benz-arocs-fuer-die-autobahn-gmbh-des-bundes-42500\\\/#primaryimage\"},\"thumbnailUrl\":\"https:\\\/\\\/static.krafthand-truck.de\\\/uploads\\\/2025\\\/04\\\/Paul_Group_Mercedes_Benz_Arocs_Autobahnmeisterei_Bund.jpg\",\"keywords\":[\"Autobahnmeisterei\",\"Bernhard Wasner\",\"Paul Nutzfahrzeuge\"],\"articleSection\":[\"Neue Fahrzeuge\"],\"inLanguage\":\"de\"},{\"@type\":\"WebPage\",\"@id\":\"https:\\\/\\\/www.krafthand.de\\\/truck\\\/artikel\\\/paul-nutzfahrzeuge-51-mercedes-benz-arocs-fuer-die-autobahn-gmbh-des-bundes-42500\\\/\",\"url\":\"https:\\\/\\\/www.krafthand.de\\\/truck\\\/artikel\\\/paul-nutzfahrzeuge-51-mercedes-benz-arocs-fuer-die-autobahn-gmbh-des-bundes-42500\\\/\",\"name\":\"Paul Nutzfahrzeuge: 51 Mercedes-Benz Arocs f\u00fcr die Autobahn GmbH des Bundes - Krafthand-Truck\",\"isPartOf\":{\"@id\":\"https:\\\/\\\/www.krafthand.de\\\/truck\\\/#website\"},\"primaryImageOfPage\":{\"@id\":\"https:\\\/\\\/www.krafthand.de\\\/truck\\\/artikel\\\/paul-nutzfahrzeuge-51-mercedes-benz-arocs-fuer-die-autobahn-gmbh-des-bundes-42500\\\/#primaryimage\"},\"image\":{\"@id\":\"https:\\\/\\\/www.krafthand.de\\\/truck\\\/artikel\\\/paul-nutzfahrzeuge-51-mercedes-benz-arocs-fuer-die-autobahn-gmbh-des-bundes-42500\\\/#primaryimage\"},\"thumbnailUrl\":\"https:\\\/\\\/static.krafthand-truck.de\\\/uploads\\\/2025\\\/04\\\/Paul_Group_Mercedes_Benz_Arocs_Autobahnmeisterei_Bund.jpg\",\"datePublished\":\"2025-04-01T13:29:17+00:00\",\"dateModified\":\"2025-04-01T13:40:02+00:00\",\"author\":{\"@id\":\"https:\\\/\\\/www.krafthand.de\\\/truck\\\/#\\\/schema\\\/person\\\/51fa80b1c57034c4bf63f9f988fc24ce\"},\"description\":\"Paul Nutzfahrzeuge hat 51 Arocs mit einem neuartigen Abroll- & Krankonzept ausgestattet und an verschiedene Autobahnmeistereien geliefert.\",\"breadcrumb\":{\"@id\":\"https:\\\/\\\/www.krafthand.de\\\/truck\\\/artikel\\\/paul-nutzfahrzeuge-51-mercedes-benz-arocs-fuer-die-autobahn-gmbh-des-bundes-42500\\\/#breadcrumb\"},\"inLanguage\":\"de\",\"potentialAction\":[{\"@type\":\"ReadAction\",\"target\":[\"https:\\\/\\\/www.krafthand.de\\\/truck\\\/artikel\\\/paul-nutzfahrzeuge-51-mercedes-benz-arocs-fuer-die-autobahn-gmbh-des-bundes-42500\\\/\"]}]},{\"@type\":\"ImageObject\",\"inLanguage\":\"de\",\"@id\":\"https:\\\/\\\/www.krafthand.de\\\/truck\\\/artikel\\\/paul-nutzfahrzeuge-51-mercedes-benz-arocs-fuer-die-autobahn-gmbh-des-bundes-42500\\\/#primaryimage\",\"url\":\"https:\\\/\\\/static.krafthand-truck.de\\\/uploads\\\/2025\\\/04\\\/Paul_Group_Mercedes_Benz_Arocs_Autobahnmeisterei_Bund.jpg\",\"contentUrl\":\"https:\\\/\\\/static.krafthand-truck.de\\\/uploads\\\/2025\\\/04\\\/Paul_Group_Mercedes_Benz_Arocs_Autobahnmeisterei_Bund.jpg\",\"width\":1200,\"height\":788},{\"@type\":\"BreadcrumbList\",\"@id\":\"https:\\\/\\\/www.krafthand.de\\\/truck\\\/artikel\\\/paul-nutzfahrzeuge-51-mercedes-benz-arocs-fuer-die-autobahn-gmbh-des-bundes-42500\\\/#breadcrumb\",\"itemListElement\":[{\"@type\":\"ListItem\",\"position\":1,\"name\":\"Krafthand-Truck\",\"item\":\"https:\\\/\\\/www.krafthand.de\\\/truck\\\/\"},{\"@type\":\"ListItem\",\"position\":2,\"name\":\"IT+Fuhrpark\",\"item\":\"https:\\\/\\\/www.krafthand.de\\\/truck\\\/kategorie\\\/fuhrpark\\\/\"},{\"@type\":\"ListItem\",\"position\":3,\"name\":\"Neue Fahrzeuge\",\"item\":\"https:\\\/\\\/www.krafthand.de\\\/truck\\\/kategorie\\\/fuhrpark\\\/neue-fahrzeuge\\\/\"},{\"@type\":\"ListItem\",\"position\":4,\"name\":\"Paul Nutzfahrzeuge: 51 Mercedes-Benz Arocs f\u00fcr die Autobahn GmbH des Bundes\"}]},{\"@type\":\"WebSite\",\"@id\":\"https:\\\/\\\/www.krafthand.de\\\/truck\\\/#website\",\"url\":\"https:\\\/\\\/www.krafthand.de\\\/truck\\\/\",\"name\":\"Krafthand-Truck\",\"description\":\"\",\"potentialAction\":[{\"@type\":\"SearchAction\",\"target\":{\"@type\":\"EntryPoint\",\"urlTemplate\":\"https:\\\/\\\/www.krafthand.de\\\/truck\\\/?s={search_term_string}\"},\"query-input\":{\"@type\":\"PropertyValueSpecification\",\"valueRequired\":true,\"valueName\":\"search_term_string\"}}],\"inLanguage\":\"de\"},{\"@type\":\"Person\",\"@id\":\"https:\\\/\\\/www.krafthand.de\\\/truck\\\/#\\\/schema\\\/person\\\/51fa80b1c57034c4bf63f9f988fc24ce\",\"name\":\"georg.blenk@krafthand-medien.de\",\"image\":{\"@type\":\"ImageObject\",\"inLanguage\":\"de\",\"@id\":\"https:\\\/\\\/secure.gravatar.com\\\/avatar\\\/93713c30affe0aa95d3a4130e499bb1abee2eb31adbdd9ce2aa1543538490215?s=96&d=mm&r=g\",\"url\":\"https:\\\/\\\/secure.gravatar.com\\\/avatar\\\/93713c30affe0aa95d3a4130e499bb1abee2eb31adbdd9ce2aa1543538490215?s=96&d=mm&r=g\",\"contentUrl\":\"https:\\\/\\\/secure.gravatar.com\\\/avatar\\\/93713c30affe0aa95d3a4130e499bb1abee2eb31adbdd9ce2aa1543538490215?s=96&d=mm&r=g\",\"caption\":\"georg.blenk@krafthand-medien.de\"}}]}<\/script>\n<!-- \/ Yoast SEO plugin. -->","yoast_head_json":{"title":"Paul Nutzfahrzeuge: 51 Mercedes-Benz Arocs f\u00fcr die Autobahn GmbH des Bundes - Krafthand-Truck","description":"Paul Nutzfahrzeuge hat 51 Arocs mit einem neuartigen Abroll- & Krankonzept ausgestattet und an verschiedene Autobahnmeistereien geliefert.","robots":{"index":"index","follow":"follow","max-snippet":"max-snippet:-1","max-image-preview":"max-image-preview:large","max-video-preview":"max-video-preview:-1"},"canonical":"https:\/\/www.krafthand.de\/truck\/artikel\/paul-nutzfahrzeuge-51-mercedes-benz-arocs-fuer-die-autobahn-gmbh-des-bundes-42500\/","og_locale":"de_DE","og_type":"article","og_title":"Paul Nutzfahrzeuge: 51 Mercedes-Benz Arocs f\u00fcr die Autobahn GmbH des Bundes - Krafthand-Truck","og_description":"Paul Nutzfahrzeuge hat 51 Arocs mit einem neuartigen Abroll- & Krankonzept ausgestattet und an verschiedene Autobahnmeistereien geliefert.","og_url":"https:\/\/www.krafthand-truck.de\/artikel\/paul-nutzfahrzeuge-51-mercedes-benz-arocs-fuer-die-autobahn-gmbh-des-bundes-42500\/","og_site_name":"Krafthand-Truck","article_published_time":"2025-04-01T13:29:17+00:00","article_modified_time":"2025-04-01T13:40:02+00:00","og_image":[{"width":1200,"height":788,"url":"https:\/\/static.krafthand-truck.de\/uploads\/2025\/04\/Paul_Group_Mercedes_Benz_Arocs_Autobahnmeisterei_Bund.jpg","type":"image\/jpeg"}],"author":"georg.blenk@krafthand-medien.de","twitter_card":"summary_large_image","twitter_misc":{"Verfasst von":"georg.blenk@krafthand-medien.de","Gesch\u00e4tzte Lesezeit":"1\u00a0Minute"},"schema":{"@context":"https:\/\/schema.org","@graph":[{"@type":"Article","@id":"https:\/\/www.krafthand.de\/truck\/artikel\/paul-nutzfahrzeuge-51-mercedes-benz-arocs-fuer-die-autobahn-gmbh-des-bundes-42500\/#article","isPartOf":{"@id":"https:\/\/www.krafthand.de\/truck\/artikel\/paul-nutzfahrzeuge-51-mercedes-benz-arocs-fuer-die-autobahn-gmbh-des-bundes-42500\/"},"author":{"name":"georg.blenk@krafthand-medien.de","@id":"https:\/\/www.krafthand.de\/truck\/#\/schema\/person\/51fa80b1c57034c4bf63f9f988fc24ce"},"headline":"Paul Nutzfahrzeuge: 51 Mercedes-Benz Arocs f\u00fcr die Autobahn GmbH des Bundes","datePublished":"2025-04-01T13:29:17+00:00","dateModified":"2025-04-01T13:40:02+00:00","mainEntityOfPage":{"@id":"https:\/\/www.krafthand.de\/truck\/artikel\/paul-nutzfahrzeuge-51-mercedes-benz-arocs-fuer-die-autobahn-gmbh-des-bundes-42500\/"},"wordCount":187,"image":{"@id":"https:\/\/www.krafthand.de\/truck\/artikel\/paul-nutzfahrzeuge-51-mercedes-benz-arocs-fuer-die-autobahn-gmbh-des-bundes-42500\/#primaryimage"},"thumbnailUrl":"https:\/\/static.krafthand-truck.de\/uploads\/2025\/04\/Paul_Group_Mercedes_Benz_Arocs_Autobahnmeisterei_Bund.jpg","keywords":["Autobahnmeisterei","Bernhard Wasner","Paul Nutzfahrzeuge"],"articleSection":["Neue Fahrzeuge"],"inLanguage":"de"},{"@type":"WebPage","@id":"https:\/\/www.krafthand.de\/truck\/artikel\/paul-nutzfahrzeuge-51-mercedes-benz-arocs-fuer-die-autobahn-gmbh-des-bundes-42500\/","url":"https:\/\/www.krafthand.de\/truck\/artikel\/paul-nutzfahrzeuge-51-mercedes-benz-arocs-fuer-die-autobahn-gmbh-des-bundes-42500\/","name":"Paul Nutzfahrzeuge: 51 Mercedes-Benz Arocs f\u00fcr die Autobahn GmbH des Bundes - Krafthand-Truck","isPartOf":{"@id":"https:\/\/www.krafthand.de\/truck\/#website"},"primaryImageOfPage":{"@id":"https:\/\/www.krafthand.de\/truck\/artikel\/paul-nutzfahrzeuge-51-mercedes-benz-arocs-fuer-die-autobahn-gmbh-des-bundes-42500\/#primaryimage"},"image":{"@id":"https:\/\/www.krafthand.de\/truck\/artikel\/paul-nutzfahrzeuge-51-mercedes-benz-arocs-fuer-die-autobahn-gmbh-des-bundes-42500\/#primaryimage"},"thumbnailUrl":"https:\/\/static.krafthand-truck.de\/uploads\/2025\/04\/Paul_Group_Mercedes_Benz_Arocs_Autobahnmeisterei_Bund.jpg","datePublished":"2025-04-01T13:29:17+00:00","dateModified":"2025-04-01T13:40:02+00:00","author":{"@id":"https:\/\/www.krafthand.de\/truck\/#\/schema\/person\/51fa80b1c57034c4bf63f9f988fc24ce"},"description":"Paul Nutzfahrzeuge hat 51 Arocs mit einem neuartigen Abroll- & Krankonzept ausgestattet und an verschiedene Autobahnmeistereien geliefert.","breadcrumb":{"@id":"https:\/\/www.krafthand.de\/truck\/artikel\/paul-nutzfahrzeuge-51-mercedes-benz-arocs-fuer-die-autobahn-gmbh-des-bundes-42500\/#breadcrumb"},"inLanguage":"de","potentialAction":[{"@type":"ReadAction","target":["https:\/\/www.krafthand.de\/truck\/artikel\/paul-nutzfahrzeuge-51-mercedes-benz-arocs-fuer-die-autobahn-gmbh-des-bundes-42500\/"]}]},{"@type":"ImageObject","inLanguage":"de","@id":"https:\/\/www.krafthand.de\/truck\/artikel\/paul-nutzfahrzeuge-51-mercedes-benz-arocs-fuer-die-autobahn-gmbh-des-bundes-42500\/#primaryimage","url":"https:\/\/static.krafthand-truck.de\/uploads\/2025\/04\/Paul_Group_Mercedes_Benz_Arocs_Autobahnmeisterei_Bund.jpg","contentUrl":"https:\/\/static.krafthand-truck.de\/uploads\/2025\/04\/Paul_Group_Mercedes_Benz_Arocs_Autobahnmeisterei_Bund.jpg","width":1200,"height":788},{"@type":"BreadcrumbList","@id":"https:\/\/www.krafthand.de\/truck\/artikel\/paul-nutzfahrzeuge-51-mercedes-benz-arocs-fuer-die-autobahn-gmbh-des-bundes-42500\/#breadcrumb","itemListElement":[{"@type":"ListItem","position":1,"name":"Krafthand-Truck","item":"https:\/\/www.krafthand.de\/truck\/"},{"@type":"ListItem","position":2,"name":"IT+Fuhrpark","item":"https:\/\/www.krafthand.de\/truck\/kategorie\/fuhrpark\/"},{"@type":"ListItem","position":3,"name":"Neue Fahrzeuge","item":"https:\/\/www.krafthand.de\/truck\/kategorie\/fuhrpark\/neue-fahrzeuge\/"},{"@type":"ListItem","position":4,"name":"Paul Nutzfahrzeuge: 51 Mercedes-Benz Arocs f\u00fcr die Autobahn GmbH des Bundes"}]},{"@type":"WebSite","@id":"https:\/\/www.krafthand.de\/truck\/#website","url":"https:\/\/www.krafthand.de\/truck\/","name":"Krafthand-Truck","description":"","potentialAction":[{"@type":"SearchAction","target":{"@type":"EntryPoint","urlTemplate":"https:\/\/www.krafthand.de\/truck\/?s={search_term_string}"},"query-input":{"@type":"PropertyValueSpecification","valueRequired":true,"valueName":"search_term_string"}}],"inLanguage":"de"},{"@type":"Person","@id":"https:\/\/www.krafthand.de\/truck\/#\/schema\/person\/51fa80b1c57034c4bf63f9f988fc24ce","name":"georg.blenk@krafthand-medien.de","image":{"@type":"ImageObject","inLanguage":"de","@id":"https:\/\/secure.gravatar.com\/avatar\/93713c30affe0aa95d3a4130e499bb1abee2eb31adbdd9ce2aa1543538490215?s=96&d=mm&r=g","url":"https:\/\/secure.gravatar.com\/avatar\/93713c30affe0aa95d3a4130e499bb1abee2eb31adbdd9ce2aa1543538490215?s=96&d=mm&r=g","contentUrl":"https:\/\/secure.gravatar.com\/avatar\/93713c30affe0aa95d3a4130e499bb1abee2eb31adbdd9ce2aa1543538490215?s=96&d=mm&r=g","caption":"georg.blenk@krafthand-medien.de"}}]}},"_links":{"self":[{"href":"https:\/\/www.krafthand.de\/truck\/wp-json\/wp\/v2\/posts\/42500","targetHints":{"allow":["GET"]}}],"collection":[{"href":"https:\/\/www.krafthand.de\/truck\/wp-json\/wp\/v2\/posts"}],"about":[{"href":"https:\/\/www.krafthand.de\/truck\/wp-json\/wp\/v2\/types\/post"}],"author":[{"embeddable":true,"href":"https:\/\/www.krafthand.de\/truck\/wp-json\/wp\/v2\/users\/9"}],"replies":[{"embeddable":true,"href":"https:\/\/www.krafthand.de\/truck\/wp-json\/wp\/v2\/comments?post=42500"}],"version-history":[{"count":8,"href":"https:\/\/www.krafthand.de\/truck\/wp-json\/wp\/v2\/posts\/42500\/revisions"}],"predecessor-version":[{"id":42510,"href":"https:\/\/www.krafthand.de\/truck\/wp-json\/wp\/v2\/posts\/42500\/revisions\/42510"}],"wp:featuredmedia":[{"embeddable":true,"href":"https:\/\/www.krafthand.de\/truck\/wp-json\/wp\/v2\/media\/42505"}],"wp:attachment":[{"href":"https:\/\/www.krafthand.de\/truck\/wp-json\/wp\/v2\/media?parent=42500"}],"wp:term":[{"taxonomy":"category","embeddable":true,"href":"https:\/\/www.krafthand.de\/truck\/wp-json\/wp\/v2\/categories?post=42500"},{"taxonomy":"post_tag","embeddable":true,"href":"https:\/\/www.krafthand.de\/truck\/wp-json\/wp\/v2\/tags?post=42500"},{"taxonomy":"settings","embeddable":true,"href":"https:\/\/www.krafthand.de\/truck\/wp-json\/wp\/v2\/settings?post=42500"}],"curies":[{"name":"wp","href":"https:\/\/api.w.org\/{rel}","templated":true}]}}