{"id":42454,"date":"2025-03-28T12:39:09","date_gmt":"2025-03-28T11:39:09","guid":{"rendered":"https:\/\/www.krafthand.de\/truck\/?p=42454"},"modified":"2025-03-28T12:44:02","modified_gmt":"2025-03-28T11:44:02","slug":"waeco-geht-mit-der-neuen-asc7-klimageraete-serie-an-den-start","status":"publish","type":"post","link":"https:\/\/www.krafthand.de\/truck\/artikel\/waeco-geht-mit-der-neuen-asc7-klimageraete-serie-an-den-start-42454\/","title":{"rendered":"Waeco geht mit der neuen ASC7-Klimager\u00e4te-Serie an den Start"},"content":{"rendered":"<p>Auf der Automechanika letzten Jahres pr\u00e4sentiert WAECO erstmals die neue Klimaserviceger\u00e4te der Serie ASC 7. Ab jetzt sind die Ger\u00e4te auf dem Markt verf\u00fcgbar. Die neuen Modelle pr\u00e4sentieren sich in einem v\u00f6llig neuen Design. Neu ist auch das &#8218;All-in-view&#8216; Display, das nun erstmals mit digitalen Manometern aufwartet. Ein integrierter Status-Balken zeigt den Prozessfortschritt an.<\/p>\n<p>Ebenfalls neu ist die Erweiterung auf vier Ports f\u00fcr Kompressor-\u00d6le und UV-Additive. Im Werkstattalltag entf\u00e4llt so das st\u00e4ndige An- und Abklemmen der<br \/>\nDosen. Die M\u00f6glichkeit zur WiFi-Anbindung, die bisher nur \u00fcber ein Zusatzger\u00e4t m\u00f6glich war, ist bei der neuen 7er-Serie jetzt direkt integriert. An einigen bew\u00e4hrten Details, wie dem praktischen beweglichen Display und der wartungsfreien inneren Waage, hat <a href=\"https:\/\/www.waeco.com\/de-de\/de\" target=\"_blank\" rel=\"noopener\">WAECO<\/a> jedoch festgehalten.<\/p>\n<blockquote><p>Auf ausdr\u00fccklichen Wunsch vieler Nutzer wurden auch die Bedienkn\u00f6pfe wieder als echte Tasten ausgef\u00fchrt und nicht als Touch-Buttons \u2013 so ist die Bedienung mit Handschuhen weiterhin problemlos m\u00f6glich, so Guido Sasse, Managing Director der WAECO Germany WSE GmbH.<\/p><\/blockquote>\n<p>Auch bei der neuen 7er Serie bietet WAECO die M\u00f6glichkeit, zwischen einem Standardmodell (ASC 7.3 f\u00fcr Pkw\/Lkw beziehungsweise dem ASC 7.4 f\u00fcr gr\u00f6\u00dfere K\u00e4ltemittelvolumen) und einem sogenannten Low-Emission-Modell zu w\u00e4hlen. Die Low-Emission-Modelle ASC 7.3 LE und ASC 7.4 LE verf\u00fcgen \u00fcber einen speziellen Alt\u00f6lbeh\u00e4lter und binden die Vakuumpumpe intelligent in den Prozess ein, so dass hier nahezu nichts an K\u00e4ltemittel verloren geht. Es kann kein K\u00e4ltemittel unn\u00f6tig in die Atmosph\u00e4re entweichen, und stellt laut WAECO einen zunehmend wichtigen Kostenaspekt dar. Der Grund sei, dass 2025 die n\u00e4chste Stufe der F-Gas-Verordnung in Kraft tritt und es zu rechnen sei, dass im Verlauf des kommenden Jahres R134a in Europa knapper wird als je zuvor.<\/p>\n<h3>Nachfolgemodelle<\/h3>\n<p>Die Ger\u00e4te ASC 7.3 und ASC 7.3 LE sind als Nachfolger der ASC 6300 G und ASC 6300 G LE vorgesehen. Dementsprechend werden die Modelle ASC 7.4 und ASC 7.4 LE im Laufe des kommenden Jahres ASC 6400 G und ASC 6400 G LE abl\u00f6sen. Wie die Modelle der heutigen 6000-Serie sind auch die zuk\u00fcnftigen Ger\u00e4te der 7er-Serie f\u00fcr vier K\u00e4ltemittel zertifiziert (R1234yf, R134a, R456A, R513A). F\u00fcr den Anschluss ist erneut ein Anschluss-Kit erforderlich, das die passenden Anschlussstutzen f\u00fcr die Klimaanlage, Schl\u00e4uche (je nach Wahl 3 m, 5 m oder 8 m), ggf. Adapter und Dosen f\u00fcr die Erstbest\u00fcckung mit Kompressor-\u00d6l und gegebenenfalls UV-Additiv enth\u00e4lt. Bei der Inbetriebnahme wird dem ASC-Ger\u00e4t das jeweilige Anschluss-Kit einmalig zugewiesen<\/p>\n<h3>WAECO ASC 7.744 f\u00fcr CO2-Klimaanlagen<\/h3>\n<p>Designtechnisch und in den Kernpunkten der Bedien-Freundlichkeit identisch zeigt sich das Klimaserviceger\u00e4t ASC 7.744 f\u00fcr CO2-Klimaanlagen. Die Werkstattkunden k\u00f6nnen zwischen zwei Varianten w\u00e4hlen: dem brandneuen Klimaserviceger\u00e4t oder dem bereits verf\u00fcgbaren Upgrade-Kit, mit dem der Service an CO2-Klimaanlagen mit einem \u201e\u00fcblichen\u201c Klimaserviceger\u00e4t m\u00f6glich ist.<\/p>\n","protected":false},"excerpt":{"rendered":"<p>Auf der Automechanika letzten Jahres pr\u00e4sentiert WAECO erstmals die neue Klimaserviceger\u00e4te der Serie ASC 7. Ab jetzt sind die Ger\u00e4te auf dem Markt verf\u00fcgbar. Die neuen Modelle pr\u00e4sentieren sich in einem v\u00f6llig neuen Design und kommen mit neuen Features daher. <span class=\"excerpt-more__dots\">&#8230;<\/span> <a class=\"excerpt-more__link\" href=\"https:\/\/www.krafthand.de\/truck\/artikel\/waeco-geht-mit-der-neuen-asc7-klimageraete-serie-an-den-start-42454\/\" >weiter<\/a><\/p>\n","protected":false},"author":9,"featured_media":42456,"comment_status":"closed","ping_status":"closed","sticky":false,"template":"","format":"standard","meta":{"footnotes":""},"categories":[4220],"tags":[6208,6209,80,5282,1788],"settings":[4766,3523],"class_list":["post-42454","post","type-post","status-publish","format-standard","has-post-thumbnail","hentry","category-werkstattausruestung","tag-asc7","tag-co2-klimaanlage","tag-klimaservice","tag-r744","tag-waeco"],"yoast_head":"<!-- This site is optimized with the Yoast SEO plugin v27.3 - https:\/\/yoast.com\/product\/yoast-seo-wordpress\/ -->\n<title>Waeco geht mit der neuen ASC7-Klimager\u00e4te-Serie an den Start - Krafthand-Truck<\/title>\n<meta name=\"description\" content=\"WAECO geht mit den neuen Klimaserviceger\u00e4ten der Serie ASC7 an den Start. Die Modelle pr\u00e4sentieren sich in neuem Design und neuen Features.\" \/>\n<meta name=\"robots\" content=\"index, follow, max-snippet:-1, max-image-preview:large, max-video-preview:-1\" \/>\n<link rel=\"canonical\" href=\"https:\/\/www.krafthand.de\/truck\/artikel\/waeco-geht-mit-der-neuen-asc7-klimageraete-serie-an-den-start-42454\/\" \/>\n<meta property=\"og:locale\" content=\"de_DE\" \/>\n<meta property=\"og:type\" content=\"article\" \/>\n<meta property=\"og:title\" content=\"Waeco geht mit der neuen ASC7-Klimager\u00e4te-Serie an den Start - Krafthand-Truck\" \/>\n<meta property=\"og:description\" content=\"WAECO geht mit den neuen Klimaserviceger\u00e4ten der Serie ASC7 an den Start. Die Modelle pr\u00e4sentieren sich in neuem Design und neuen Features.\" \/>\n<meta property=\"og:url\" content=\"https:\/\/www.krafthand-truck.de\/artikel\/waeco-geht-mit-der-neuen-asc7-klimageraete-serie-an-den-start-42454\/\" \/>\n<meta property=\"og:site_name\" content=\"Krafthand-Truck\" \/>\n<meta property=\"article:published_time\" content=\"2025-03-28T11:39:09+00:00\" \/>\n<meta property=\"article:modified_time\" content=\"2025-03-28T11:44:02+00:00\" \/>\n<meta property=\"og:image\" content=\"https:\/\/static.krafthand-truck.de\/uploads\/2025\/03\/Waeco_Klimaservicegeraet_7_3_LE.jpg\" \/>\n\t<meta property=\"og:image:width\" content=\"1200\" \/>\n\t<meta property=\"og:image:height\" content=\"1200\" \/>\n\t<meta property=\"og:image:type\" content=\"image\/jpeg\" \/>\n<meta name=\"author\" content=\"georg.blenk@krafthand-medien.de\" \/>\n<meta name=\"twitter:card\" content=\"summary_large_image\" \/>\n<meta name=\"twitter:label1\" content=\"Verfasst von\" \/>\n\t<meta name=\"twitter:data1\" content=\"georg.blenk@krafthand-medien.de\" \/>\n\t<meta name=\"twitter:label2\" content=\"Gesch\u00e4tzte Lesezeit\" \/>\n\t<meta name=\"twitter:data2\" content=\"3\u00a0Minuten\" \/>\n<script type=\"application\/ld+json\" class=\"yoast-schema-graph\">{\"@context\":\"https:\\\/\\\/schema.org\",\"@graph\":[{\"@type\":\"Article\",\"@id\":\"https:\\\/\\\/www.krafthand.de\\\/truck\\\/artikel\\\/waeco-geht-mit-der-neuen-asc7-klimageraete-serie-an-den-start-42454\\\/#article\",\"isPartOf\":{\"@id\":\"https:\\\/\\\/www.krafthand.de\\\/truck\\\/artikel\\\/waeco-geht-mit-der-neuen-asc7-klimageraete-serie-an-den-start-42454\\\/\"},\"author\":{\"name\":\"georg.blenk@krafthand-medien.de\",\"@id\":\"https:\\\/\\\/www.krafthand.de\\\/truck\\\/#\\\/schema\\\/person\\\/51fa80b1c57034c4bf63f9f988fc24ce\"},\"headline\":\"Waeco geht mit der neuen ASC7-Klimager\u00e4te-Serie an den Start\",\"datePublished\":\"2025-03-28T11:39:09+00:00\",\"dateModified\":\"2025-03-28T11:44:02+00:00\",\"mainEntityOfPage\":{\"@id\":\"https:\\\/\\\/www.krafthand.de\\\/truck\\\/artikel\\\/waeco-geht-mit-der-neuen-asc7-klimageraete-serie-an-den-start-42454\\\/\"},\"wordCount\":485,\"image\":{\"@id\":\"https:\\\/\\\/www.krafthand.de\\\/truck\\\/artikel\\\/waeco-geht-mit-der-neuen-asc7-klimageraete-serie-an-den-start-42454\\\/#primaryimage\"},\"thumbnailUrl\":\"https:\\\/\\\/static.krafthand-truck.de\\\/uploads\\\/2025\\\/03\\\/Waeco_Klimaservicegeraet_7_3_LE.jpg\",\"keywords\":[\"ASC7\",\"CO2-Klimaanlage\",\"Klimaservice\",\"R744\",\"Waeco\"],\"articleSection\":[\"Werkstattausr\u00fcstung\"],\"inLanguage\":\"de\"},{\"@type\":\"WebPage\",\"@id\":\"https:\\\/\\\/www.krafthand.de\\\/truck\\\/artikel\\\/waeco-geht-mit-der-neuen-asc7-klimageraete-serie-an-den-start-42454\\\/\",\"url\":\"https:\\\/\\\/www.krafthand.de\\\/truck\\\/artikel\\\/waeco-geht-mit-der-neuen-asc7-klimageraete-serie-an-den-start-42454\\\/\",\"name\":\"Waeco geht mit der neuen ASC7-Klimager\u00e4te-Serie an den Start - Krafthand-Truck\",\"isPartOf\":{\"@id\":\"https:\\\/\\\/www.krafthand.de\\\/truck\\\/#website\"},\"primaryImageOfPage\":{\"@id\":\"https:\\\/\\\/www.krafthand.de\\\/truck\\\/artikel\\\/waeco-geht-mit-der-neuen-asc7-klimageraete-serie-an-den-start-42454\\\/#primaryimage\"},\"image\":{\"@id\":\"https:\\\/\\\/www.krafthand.de\\\/truck\\\/artikel\\\/waeco-geht-mit-der-neuen-asc7-klimageraete-serie-an-den-start-42454\\\/#primaryimage\"},\"thumbnailUrl\":\"https:\\\/\\\/static.krafthand-truck.de\\\/uploads\\\/2025\\\/03\\\/Waeco_Klimaservicegeraet_7_3_LE.jpg\",\"datePublished\":\"2025-03-28T11:39:09+00:00\",\"dateModified\":\"2025-03-28T11:44:02+00:00\",\"author\":{\"@id\":\"https:\\\/\\\/www.krafthand.de\\\/truck\\\/#\\\/schema\\\/person\\\/51fa80b1c57034c4bf63f9f988fc24ce\"},\"description\":\"WAECO geht mit den neuen Klimaserviceger\u00e4ten der Serie ASC7 an den Start. Die Modelle pr\u00e4sentieren sich in neuem Design und neuen Features.\",\"breadcrumb\":{\"@id\":\"https:\\\/\\\/www.krafthand.de\\\/truck\\\/artikel\\\/waeco-geht-mit-der-neuen-asc7-klimageraete-serie-an-den-start-42454\\\/#breadcrumb\"},\"inLanguage\":\"de\",\"potentialAction\":[{\"@type\":\"ReadAction\",\"target\":[\"https:\\\/\\\/www.krafthand.de\\\/truck\\\/artikel\\\/waeco-geht-mit-der-neuen-asc7-klimageraete-serie-an-den-start-42454\\\/\"]}]},{\"@type\":\"ImageObject\",\"inLanguage\":\"de\",\"@id\":\"https:\\\/\\\/www.krafthand.de\\\/truck\\\/artikel\\\/waeco-geht-mit-der-neuen-asc7-klimageraete-serie-an-den-start-42454\\\/#primaryimage\",\"url\":\"https:\\\/\\\/static.krafthand-truck.de\\\/uploads\\\/2025\\\/03\\\/Waeco_Klimaservicegeraet_7_3_LE.jpg\",\"contentUrl\":\"https:\\\/\\\/static.krafthand-truck.de\\\/uploads\\\/2025\\\/03\\\/Waeco_Klimaservicegeraet_7_3_LE.jpg\",\"width\":1200,\"height\":1200},{\"@type\":\"BreadcrumbList\",\"@id\":\"https:\\\/\\\/www.krafthand.de\\\/truck\\\/artikel\\\/waeco-geht-mit-der-neuen-asc7-klimageraete-serie-an-den-start-42454\\\/#breadcrumb\",\"itemListElement\":[{\"@type\":\"ListItem\",\"position\":1,\"name\":\"Krafthand-Truck\",\"item\":\"https:\\\/\\\/www.krafthand.de\\\/truck\\\/\"},{\"@type\":\"ListItem\",\"position\":2,\"name\":\"Nfz-Service\",\"item\":\"https:\\\/\\\/www.krafthand.de\\\/truck\\\/kategorie\\\/nfz-service\\\/\"},{\"@type\":\"ListItem\",\"position\":3,\"name\":\"Werkstattausr\u00fcstung\",\"item\":\"https:\\\/\\\/www.krafthand.de\\\/truck\\\/kategorie\\\/nfz-service\\\/werkstattausruestung\\\/\"},{\"@type\":\"ListItem\",\"position\":4,\"name\":\"Waeco geht mit der neuen ASC7-Klimager\u00e4te-Serie an den Start\"}]},{\"@type\":\"WebSite\",\"@id\":\"https:\\\/\\\/www.krafthand.de\\\/truck\\\/#website\",\"url\":\"https:\\\/\\\/www.krafthand.de\\\/truck\\\/\",\"name\":\"Krafthand-Truck\",\"description\":\"\",\"potentialAction\":[{\"@type\":\"SearchAction\",\"target\":{\"@type\":\"EntryPoint\",\"urlTemplate\":\"https:\\\/\\\/www.krafthand.de\\\/truck\\\/?s={search_term_string}\"},\"query-input\":{\"@type\":\"PropertyValueSpecification\",\"valueRequired\":true,\"valueName\":\"search_term_string\"}}],\"inLanguage\":\"de\"},{\"@type\":\"Person\",\"@id\":\"https:\\\/\\\/www.krafthand.de\\\/truck\\\/#\\\/schema\\\/person\\\/51fa80b1c57034c4bf63f9f988fc24ce\",\"name\":\"georg.blenk@krafthand-medien.de\",\"image\":{\"@type\":\"ImageObject\",\"inLanguage\":\"de\",\"@id\":\"https:\\\/\\\/secure.gravatar.com\\\/avatar\\\/93713c30affe0aa95d3a4130e499bb1abee2eb31adbdd9ce2aa1543538490215?s=96&d=mm&r=g\",\"url\":\"https:\\\/\\\/secure.gravatar.com\\\/avatar\\\/93713c30affe0aa95d3a4130e499bb1abee2eb31adbdd9ce2aa1543538490215?s=96&d=mm&r=g\",\"contentUrl\":\"https:\\\/\\\/secure.gravatar.com\\\/avatar\\\/93713c30affe0aa95d3a4130e499bb1abee2eb31adbdd9ce2aa1543538490215?s=96&d=mm&r=g\",\"caption\":\"georg.blenk@krafthand-medien.de\"}}]}<\/script>\n<!-- \/ Yoast SEO plugin. -->","yoast_head_json":{"title":"Waeco geht mit der neuen ASC7-Klimager\u00e4te-Serie an den Start - Krafthand-Truck","description":"WAECO geht mit den neuen Klimaserviceger\u00e4ten der Serie ASC7 an den Start. Die Modelle pr\u00e4sentieren sich in neuem Design und neuen Features.","robots":{"index":"index","follow":"follow","max-snippet":"max-snippet:-1","max-image-preview":"max-image-preview:large","max-video-preview":"max-video-preview:-1"},"canonical":"https:\/\/www.krafthand.de\/truck\/artikel\/waeco-geht-mit-der-neuen-asc7-klimageraete-serie-an-den-start-42454\/","og_locale":"de_DE","og_type":"article","og_title":"Waeco geht mit der neuen ASC7-Klimager\u00e4te-Serie an den Start - Krafthand-Truck","og_description":"WAECO geht mit den neuen Klimaserviceger\u00e4ten der Serie ASC7 an den Start. Die Modelle pr\u00e4sentieren sich in neuem Design und neuen Features.","og_url":"https:\/\/www.krafthand-truck.de\/artikel\/waeco-geht-mit-der-neuen-asc7-klimageraete-serie-an-den-start-42454\/","og_site_name":"Krafthand-Truck","article_published_time":"2025-03-28T11:39:09+00:00","article_modified_time":"2025-03-28T11:44:02+00:00","og_image":[{"width":1200,"height":1200,"url":"https:\/\/static.krafthand-truck.de\/uploads\/2025\/03\/Waeco_Klimaservicegeraet_7_3_LE.jpg","type":"image\/jpeg"}],"author":"georg.blenk@krafthand-medien.de","twitter_card":"summary_large_image","twitter_misc":{"Verfasst von":"georg.blenk@krafthand-medien.de","Gesch\u00e4tzte Lesezeit":"3\u00a0Minuten"},"schema":{"@context":"https:\/\/schema.org","@graph":[{"@type":"Article","@id":"https:\/\/www.krafthand.de\/truck\/artikel\/waeco-geht-mit-der-neuen-asc7-klimageraete-serie-an-den-start-42454\/#article","isPartOf":{"@id":"https:\/\/www.krafthand.de\/truck\/artikel\/waeco-geht-mit-der-neuen-asc7-klimageraete-serie-an-den-start-42454\/"},"author":{"name":"georg.blenk@krafthand-medien.de","@id":"https:\/\/www.krafthand.de\/truck\/#\/schema\/person\/51fa80b1c57034c4bf63f9f988fc24ce"},"headline":"Waeco geht mit der neuen ASC7-Klimager\u00e4te-Serie an den Start","datePublished":"2025-03-28T11:39:09+00:00","dateModified":"2025-03-28T11:44:02+00:00","mainEntityOfPage":{"@id":"https:\/\/www.krafthand.de\/truck\/artikel\/waeco-geht-mit-der-neuen-asc7-klimageraete-serie-an-den-start-42454\/"},"wordCount":485,"image":{"@id":"https:\/\/www.krafthand.de\/truck\/artikel\/waeco-geht-mit-der-neuen-asc7-klimageraete-serie-an-den-start-42454\/#primaryimage"},"thumbnailUrl":"https:\/\/static.krafthand-truck.de\/uploads\/2025\/03\/Waeco_Klimaservicegeraet_7_3_LE.jpg","keywords":["ASC7","CO2-Klimaanlage","Klimaservice","R744","Waeco"],"articleSection":["Werkstattausr\u00fcstung"],"inLanguage":"de"},{"@type":"WebPage","@id":"https:\/\/www.krafthand.de\/truck\/artikel\/waeco-geht-mit-der-neuen-asc7-klimageraete-serie-an-den-start-42454\/","url":"https:\/\/www.krafthand.de\/truck\/artikel\/waeco-geht-mit-der-neuen-asc7-klimageraete-serie-an-den-start-42454\/","name":"Waeco geht mit der neuen ASC7-Klimager\u00e4te-Serie an den Start - Krafthand-Truck","isPartOf":{"@id":"https:\/\/www.krafthand.de\/truck\/#website"},"primaryImageOfPage":{"@id":"https:\/\/www.krafthand.de\/truck\/artikel\/waeco-geht-mit-der-neuen-asc7-klimageraete-serie-an-den-start-42454\/#primaryimage"},"image":{"@id":"https:\/\/www.krafthand.de\/truck\/artikel\/waeco-geht-mit-der-neuen-asc7-klimageraete-serie-an-den-start-42454\/#primaryimage"},"thumbnailUrl":"https:\/\/static.krafthand-truck.de\/uploads\/2025\/03\/Waeco_Klimaservicegeraet_7_3_LE.jpg","datePublished":"2025-03-28T11:39:09+00:00","dateModified":"2025-03-28T11:44:02+00:00","author":{"@id":"https:\/\/www.krafthand.de\/truck\/#\/schema\/person\/51fa80b1c57034c4bf63f9f988fc24ce"},"description":"WAECO geht mit den neuen Klimaserviceger\u00e4ten der Serie ASC7 an den Start. Die Modelle pr\u00e4sentieren sich in neuem Design und neuen Features.","breadcrumb":{"@id":"https:\/\/www.krafthand.de\/truck\/artikel\/waeco-geht-mit-der-neuen-asc7-klimageraete-serie-an-den-start-42454\/#breadcrumb"},"inLanguage":"de","potentialAction":[{"@type":"ReadAction","target":["https:\/\/www.krafthand.de\/truck\/artikel\/waeco-geht-mit-der-neuen-asc7-klimageraete-serie-an-den-start-42454\/"]}]},{"@type":"ImageObject","inLanguage":"de","@id":"https:\/\/www.krafthand.de\/truck\/artikel\/waeco-geht-mit-der-neuen-asc7-klimageraete-serie-an-den-start-42454\/#primaryimage","url":"https:\/\/static.krafthand-truck.de\/uploads\/2025\/03\/Waeco_Klimaservicegeraet_7_3_LE.jpg","contentUrl":"https:\/\/static.krafthand-truck.de\/uploads\/2025\/03\/Waeco_Klimaservicegeraet_7_3_LE.jpg","width":1200,"height":1200},{"@type":"BreadcrumbList","@id":"https:\/\/www.krafthand.de\/truck\/artikel\/waeco-geht-mit-der-neuen-asc7-klimageraete-serie-an-den-start-42454\/#breadcrumb","itemListElement":[{"@type":"ListItem","position":1,"name":"Krafthand-Truck","item":"https:\/\/www.krafthand.de\/truck\/"},{"@type":"ListItem","position":2,"name":"Nfz-Service","item":"https:\/\/www.krafthand.de\/truck\/kategorie\/nfz-service\/"},{"@type":"ListItem","position":3,"name":"Werkstattausr\u00fcstung","item":"https:\/\/www.krafthand.de\/truck\/kategorie\/nfz-service\/werkstattausruestung\/"},{"@type":"ListItem","position":4,"name":"Waeco geht mit der neuen ASC7-Klimager\u00e4te-Serie an den Start"}]},{"@type":"WebSite","@id":"https:\/\/www.krafthand.de\/truck\/#website","url":"https:\/\/www.krafthand.de\/truck\/","name":"Krafthand-Truck","description":"","potentialAction":[{"@type":"SearchAction","target":{"@type":"EntryPoint","urlTemplate":"https:\/\/www.krafthand.de\/truck\/?s={search_term_string}"},"query-input":{"@type":"PropertyValueSpecification","valueRequired":true,"valueName":"search_term_string"}}],"inLanguage":"de"},{"@type":"Person","@id":"https:\/\/www.krafthand.de\/truck\/#\/schema\/person\/51fa80b1c57034c4bf63f9f988fc24ce","name":"georg.blenk@krafthand-medien.de","image":{"@type":"ImageObject","inLanguage":"de","@id":"https:\/\/secure.gravatar.com\/avatar\/93713c30affe0aa95d3a4130e499bb1abee2eb31adbdd9ce2aa1543538490215?s=96&d=mm&r=g","url":"https:\/\/secure.gravatar.com\/avatar\/93713c30affe0aa95d3a4130e499bb1abee2eb31adbdd9ce2aa1543538490215?s=96&d=mm&r=g","contentUrl":"https:\/\/secure.gravatar.com\/avatar\/93713c30affe0aa95d3a4130e499bb1abee2eb31adbdd9ce2aa1543538490215?s=96&d=mm&r=g","caption":"georg.blenk@krafthand-medien.de"}}]}},"_links":{"self":[{"href":"https:\/\/www.krafthand.de\/truck\/wp-json\/wp\/v2\/posts\/42454","targetHints":{"allow":["GET"]}}],"collection":[{"href":"https:\/\/www.krafthand.de\/truck\/wp-json\/wp\/v2\/posts"}],"about":[{"href":"https:\/\/www.krafthand.de\/truck\/wp-json\/wp\/v2\/types\/post"}],"author":[{"embeddable":true,"href":"https:\/\/www.krafthand.de\/truck\/wp-json\/wp\/v2\/users\/9"}],"replies":[{"embeddable":true,"href":"https:\/\/www.krafthand.de\/truck\/wp-json\/wp\/v2\/comments?post=42454"}],"version-history":[{"count":8,"href":"https:\/\/www.krafthand.de\/truck\/wp-json\/wp\/v2\/posts\/42454\/revisions"}],"predecessor-version":[{"id":42463,"href":"https:\/\/www.krafthand.de\/truck\/wp-json\/wp\/v2\/posts\/42454\/revisions\/42463"}],"wp:featuredmedia":[{"embeddable":true,"href":"https:\/\/www.krafthand.de\/truck\/wp-json\/wp\/v2\/media\/42456"}],"wp:attachment":[{"href":"https:\/\/www.krafthand.de\/truck\/wp-json\/wp\/v2\/media?parent=42454"}],"wp:term":[{"taxonomy":"category","embeddable":true,"href":"https:\/\/www.krafthand.de\/truck\/wp-json\/wp\/v2\/categories?post=42454"},{"taxonomy":"post_tag","embeddable":true,"href":"https:\/\/www.krafthand.de\/truck\/wp-json\/wp\/v2\/tags?post=42454"},{"taxonomy":"settings","embeddable":true,"href":"https:\/\/www.krafthand.de\/truck\/wp-json\/wp\/v2\/settings?post=42454"}],"curies":[{"name":"wp","href":"https:\/\/api.w.org\/{rel}","templated":true}]}}