{"id":42410,"date":"2025-03-25T11:43:51","date_gmt":"2025-03-25T10:43:51","guid":{"rendered":"https:\/\/www.krafthand.de\/truck\/?p=42410"},"modified":"2025-03-25T12:17:59","modified_gmt":"2025-03-25T11:17:59","slug":"daimler-truck-testete-brennstoffzellen-lkw-genh2-im-wallis","status":"publish","type":"post","link":"https:\/\/www.krafthand.de\/truck\/artikel\/daimler-truck-testete-brennstoffzellen-lkw-genh2-im-wallis-42410\/","title":{"rendered":"Daimler-Truck testete Brennstoffzellen-Lkw GenH2"},"content":{"rendered":"<p>Das Entwicklungsteam von Daimler Truck hat erste Prototypen der n\u00e4chsten Entwicklungsstufe von Mercedes-Benz Brennstoffzellen-Lkws aufgebaut. Jetzt wurden zwei dieser Fahrzeuge des Mercedes-Benz GenH2 auf Herz und Nieren gepr\u00fcft. Die Kulisse war mit dem Simplon-Pass im schweizerischen Wallis, durchaus beeindruckend. Es handelte sich freilich auch um eine Winter-Erprobung. Die Bedingungen bei K\u00e4lte und Schnee sowie herausfordernde Steigungsprofile in dieser Region boten demnach auch beste Voraussetzungen, um die Technik der mit Fl\u00fcssigwasserstoff betriebenen Lkw unter realistischen Extrembedingungen zu testen und wertvolle Erkenntnisse zu gewinnen.<\/p>\n<p>W\u00e4hrend der Erprobung pr\u00fcfte man das Zusammenspiel aller wesentlichen Komponenten, darunter die Brennstoffzelle, die Hochvolt-Batterie, die eAchse, das Tanksystem sowie das Thermomanagement. Ein besonderer Fokus lag laut <a href=\"https:\/\/www.daimlertruck.com\" target=\"_blank\" rel=\"noopener\">Daimler-Truck<\/a> dabei auf dem Einsatz des Predictive-Powertrain-Controls, des topografieabh\u00e4ngigen Tempomats. Ziel sei es dabei gewesen, die Batterie in Kombination mit der Brennstoffzelle effizient einzusetzen, sowohl was den Abruf der Energie f\u00fcr den Vortrieb als auch die Rekuperation bei Abw\u00e4rtsfahrten betrifft.<\/p>\n<h3>14 Tage Testprogramm<\/h3>\n<figure id=\"attachment_42417\" aria-describedby=\"caption-attachment-42417\" style=\"width: 420px\" class=\"wp-caption alignleft\"><a href=\"https:\/\/static.krafthand-truck.de\/uploads\/2025\/03\/Daimler_Truck_Testfahrten_Simplon_Brennstoffzellen_Lkw_GenH2.jpg\"><img fetchpriority=\"high\" decoding=\"async\" class=\"wp-image-42417\" src=\"https:\/\/static.krafthand-truck.de\/uploads\/2025\/03\/Daimler_Truck_Testfahrten_Simplon_Brennstoffzellen_Lkw_GenH2-300x206.jpg\" alt=\"\" width=\"420\" height=\"288\" srcset=\"https:\/\/static.krafthand-truck.de\/uploads\/2025\/03\/Daimler_Truck_Testfahrten_Simplon_Brennstoffzellen_Lkw_GenH2-300x206.jpg 300w, https:\/\/static.krafthand-truck.de\/uploads\/2025\/03\/Daimler_Truck_Testfahrten_Simplon_Brennstoffzellen_Lkw_GenH2-1024x702.jpg 1024w, https:\/\/static.krafthand-truck.de\/uploads\/2025\/03\/Daimler_Truck_Testfahrten_Simplon_Brennstoffzellen_Lkw_GenH2-768x527.jpg 768w, https:\/\/static.krafthand-truck.de\/uploads\/2025\/03\/Daimler_Truck_Testfahrten_Simplon_Brennstoffzellen_Lkw_GenH2.jpg 1200w\" sizes=\"(max-width: 420px) 100vw, 420px\" \/><\/a><figcaption id=\"caption-attachment-42417\" class=\"wp-caption-text\">Testingenieure von Daimler-Truck analysierten w\u00e4hrend der Testfahrten mit dem GenH2-Truck unz\u00e4hlige Fahrzeugdaten.<\/figcaption><\/figure>\n<p>Die beiden im Fahrbetrieb CO2-freien Wasserstoff-Lkw absolvierten dabei in einem Zeitraum von 14 Tagen ein ausgiebiges Testprogramm mit bis zu 40 Tonnen Gesamtfahrzeuggewicht. Sie legten insgesamt 6.500 Kilometer zur\u00fcck und \u00fcberquerten dabei Passstra\u00dfen mit einem Gesamtanstieg von 83.000 H\u00f6henmetern. Besonders herausfordernd waren die rund 20 km langen Passauf- und -abfahrten mit einem Steigungsgrad von 10 bis 12 Prozent, die sich auf eine Distanz von insgesamt 1.600 Kilometern aufsummierten. Betankt wurden die Brennstoffzellen-Lkw \u00fcber eine mobile Wasserstofftankstelle von Air Products, die w\u00e4hrend den Erprobungen an der Testbasis im Wallis aufgebaut wurde.<\/p>\n<h3>F\u00f6rdermittel f\u00fcr Kleinserien-Produktion und Kundeneinsatz<\/h3>\n<p>Das Bundesministerium f\u00fcr Digitales und Verkehr (BMDV) sowie die Bundesl\u00e4nder Baden-W\u00fcrttemberg und Rheinland-Pfalz hatten im Herbst letzten Jahres Daimler Truck F\u00f6rdermittel in H\u00f6he von insgesamt 226 Millionen Euro zugesagt. Die F\u00f6rderung ist f\u00fcr die Entwicklung, Kleinserienproduktion und den Kundeneinsatz von 100 Brennstoffzellen-Lkw vorgesehen.<\/p>\n<p>Das Projekt, das im Rahmen des <a href=\"https:\/\/competition-policy.ec.europa.eu\/state-aid\/ipcei_en?prefLang=de\" target=\"_blank\" rel=\"noopener\">IPCEI-Programms<\/a> (Important Project of Common European Interest) der EU entstanden ist, umfasst fahrzeug- sowie produktionsbezogene Aktivit\u00e4ten. Die F\u00f6rdermittel werden f\u00fcr die Entwicklung der Fahrzeuge, den Aufbau und Betrieb der Brennstoffzellen-Lkw, Machbarkeitsstudien zur Wasserstofflieferkette sowie die notwendigen Produktionsanlagen und -prozesse verwendet. Die Sattelzugmaschinen werden im Mercedes-Benz Werk W\u00f6rth gebaut und sollen ab Ende 2026 bei verschiedenen Kunden in den Praxisbetrieb gehen.<\/p>\n","protected":false},"excerpt":{"rendered":"<p>Das Entwicklungsteam von Daimler Truck hat erste Prototypen der n\u00e4chsten Entwicklungsstufe von Mercedes-Benz Brennstoffzellen-Lkws aufgebaut. Jetzt wurden zwei dieser Fahrzeuge des Mercedes-Benz GenH2 auf Herz und Nieren gepr\u00fcft. Die Kulisse war mit dem Simplon-Pass im schweizerischen Wallis, durchaus beeindruckend. <span class=\"excerpt-more__dots\">&#8230;<\/span> <a class=\"excerpt-more__link\" href=\"https:\/\/www.krafthand.de\/truck\/artikel\/daimler-truck-testete-brennstoffzellen-lkw-genh2-im-wallis-42410\/\" >weiter<\/a><\/p>\n","protected":false},"author":9,"featured_media":42416,"comment_status":"closed","ping_status":"closed","sticky":false,"template":"","format":"standard","meta":{"footnotes":""},"categories":[4224,4915],"tags":[4209,4492,4491,479,4181],"settings":[4766,3523],"class_list":["post-42410","post","type-post","status-publish","format-standard","has-post-thumbnail","hentry","category-e-antrieb","category-neue-fahrzeuge","tag-brennstoffzelle","tag-daimler-truck","tag-genh2","tag-mercedes-benz","tag-wasserstoff"],"yoast_head":"<!-- This site is optimized with the Yoast SEO plugin v27.3 - https:\/\/yoast.com\/product\/yoast-seo-wordpress\/ -->\n<title>Daimler-Truck testete Brennstoffzellen-Lkw GenH2 - Krafthand-Truck<\/title>\n<meta name=\"description\" content=\"Zwei Fahrzeuge der n\u00e4chsten Entwicklungsstufe des Mercedes-Benz GenH2 wurden in der Schweiz auf Herz und Nieren gepr\u00fcft.\" \/>\n<meta name=\"robots\" content=\"index, follow, max-snippet:-1, max-image-preview:large, max-video-preview:-1\" \/>\n<link rel=\"canonical\" href=\"https:\/\/www.krafthand.de\/truck\/artikel\/daimler-truck-testete-brennstoffzellen-lkw-genh2-im-wallis-42410\/\" \/>\n<meta property=\"og:locale\" content=\"de_DE\" \/>\n<meta property=\"og:type\" content=\"article\" \/>\n<meta property=\"og:title\" content=\"Daimler-Truck testete Brennstoffzellen-Lkw GenH2 - Krafthand-Truck\" \/>\n<meta property=\"og:description\" content=\"Zwei Fahrzeuge der n\u00e4chsten Entwicklungsstufe des Mercedes-Benz GenH2 wurden in der Schweiz auf Herz und Nieren gepr\u00fcft.\" \/>\n<meta property=\"og:url\" content=\"https:\/\/www.krafthand-truck.de\/artikel\/daimler-truck-testete-brennstoffzellen-lkw-genh2-im-wallis-42410\/\" \/>\n<meta property=\"og:site_name\" content=\"Krafthand-Truck\" \/>\n<meta property=\"article:published_time\" content=\"2025-03-25T10:43:51+00:00\" \/>\n<meta property=\"article:modified_time\" content=\"2025-03-25T11:17:59+00:00\" \/>\n<meta property=\"og:image\" content=\"https:\/\/static.krafthand-truck.de\/uploads\/2025\/03\/Daimler_Truck_Testfahrten_GenH2_Schweiz.jpg\" \/>\n\t<meta property=\"og:image:width\" content=\"1200\" \/>\n\t<meta property=\"og:image:height\" content=\"632\" \/>\n\t<meta property=\"og:image:type\" content=\"image\/jpeg\" \/>\n<meta name=\"author\" content=\"georg.blenk@krafthand-medien.de\" \/>\n<meta name=\"twitter:card\" content=\"summary_large_image\" \/>\n<meta name=\"twitter:label1\" content=\"Verfasst von\" \/>\n\t<meta name=\"twitter:data1\" content=\"georg.blenk@krafthand-medien.de\" \/>\n\t<meta name=\"twitter:label2\" content=\"Gesch\u00e4tzte Lesezeit\" \/>\n\t<meta name=\"twitter:data2\" content=\"3\u00a0Minuten\" \/>\n<script type=\"application\/ld+json\" class=\"yoast-schema-graph\">{\"@context\":\"https:\\\/\\\/schema.org\",\"@graph\":[{\"@type\":\"Article\",\"@id\":\"https:\\\/\\\/www.krafthand.de\\\/truck\\\/artikel\\\/daimler-truck-testete-brennstoffzellen-lkw-genh2-im-wallis-42410\\\/#article\",\"isPartOf\":{\"@id\":\"https:\\\/\\\/www.krafthand.de\\\/truck\\\/artikel\\\/daimler-truck-testete-brennstoffzellen-lkw-genh2-im-wallis-42410\\\/\"},\"author\":{\"name\":\"georg.blenk@krafthand-medien.de\",\"@id\":\"https:\\\/\\\/www.krafthand.de\\\/truck\\\/#\\\/schema\\\/person\\\/51fa80b1c57034c4bf63f9f988fc24ce\"},\"headline\":\"Daimler-Truck testete Brennstoffzellen-Lkw GenH2\",\"datePublished\":\"2025-03-25T10:43:51+00:00\",\"dateModified\":\"2025-03-25T11:17:59+00:00\",\"mainEntityOfPage\":{\"@id\":\"https:\\\/\\\/www.krafthand.de\\\/truck\\\/artikel\\\/daimler-truck-testete-brennstoffzellen-lkw-genh2-im-wallis-42410\\\/\"},\"wordCount\":397,\"image\":{\"@id\":\"https:\\\/\\\/www.krafthand.de\\\/truck\\\/artikel\\\/daimler-truck-testete-brennstoffzellen-lkw-genh2-im-wallis-42410\\\/#primaryimage\"},\"thumbnailUrl\":\"https:\\\/\\\/static.krafthand-truck.de\\\/uploads\\\/2025\\\/03\\\/Daimler_Truck_Testfahrten_GenH2_Schweiz.jpg\",\"keywords\":[\"Brennstoffzelle\",\"Daimler Truck\",\"GenH2\",\"Mercedes-Benz\",\"Wasserstoff\"],\"articleSection\":[\"E-Antrieb (BEV\\\/FCEV)\",\"Neue Fahrzeuge\"],\"inLanguage\":\"de\"},{\"@type\":\"WebPage\",\"@id\":\"https:\\\/\\\/www.krafthand.de\\\/truck\\\/artikel\\\/daimler-truck-testete-brennstoffzellen-lkw-genh2-im-wallis-42410\\\/\",\"url\":\"https:\\\/\\\/www.krafthand.de\\\/truck\\\/artikel\\\/daimler-truck-testete-brennstoffzellen-lkw-genh2-im-wallis-42410\\\/\",\"name\":\"Daimler-Truck testete Brennstoffzellen-Lkw GenH2 - Krafthand-Truck\",\"isPartOf\":{\"@id\":\"https:\\\/\\\/www.krafthand.de\\\/truck\\\/#website\"},\"primaryImageOfPage\":{\"@id\":\"https:\\\/\\\/www.krafthand.de\\\/truck\\\/artikel\\\/daimler-truck-testete-brennstoffzellen-lkw-genh2-im-wallis-42410\\\/#primaryimage\"},\"image\":{\"@id\":\"https:\\\/\\\/www.krafthand.de\\\/truck\\\/artikel\\\/daimler-truck-testete-brennstoffzellen-lkw-genh2-im-wallis-42410\\\/#primaryimage\"},\"thumbnailUrl\":\"https:\\\/\\\/static.krafthand-truck.de\\\/uploads\\\/2025\\\/03\\\/Daimler_Truck_Testfahrten_GenH2_Schweiz.jpg\",\"datePublished\":\"2025-03-25T10:43:51+00:00\",\"dateModified\":\"2025-03-25T11:17:59+00:00\",\"author\":{\"@id\":\"https:\\\/\\\/www.krafthand.de\\\/truck\\\/#\\\/schema\\\/person\\\/51fa80b1c57034c4bf63f9f988fc24ce\"},\"description\":\"Zwei Fahrzeuge der n\u00e4chsten Entwicklungsstufe des Mercedes-Benz GenH2 wurden in der Schweiz auf Herz und Nieren gepr\u00fcft.\",\"breadcrumb\":{\"@id\":\"https:\\\/\\\/www.krafthand.de\\\/truck\\\/artikel\\\/daimler-truck-testete-brennstoffzellen-lkw-genh2-im-wallis-42410\\\/#breadcrumb\"},\"inLanguage\":\"de\",\"potentialAction\":[{\"@type\":\"ReadAction\",\"target\":[\"https:\\\/\\\/www.krafthand.de\\\/truck\\\/artikel\\\/daimler-truck-testete-brennstoffzellen-lkw-genh2-im-wallis-42410\\\/\"]}]},{\"@type\":\"ImageObject\",\"inLanguage\":\"de\",\"@id\":\"https:\\\/\\\/www.krafthand.de\\\/truck\\\/artikel\\\/daimler-truck-testete-brennstoffzellen-lkw-genh2-im-wallis-42410\\\/#primaryimage\",\"url\":\"https:\\\/\\\/static.krafthand-truck.de\\\/uploads\\\/2025\\\/03\\\/Daimler_Truck_Testfahrten_GenH2_Schweiz.jpg\",\"contentUrl\":\"https:\\\/\\\/static.krafthand-truck.de\\\/uploads\\\/2025\\\/03\\\/Daimler_Truck_Testfahrten_GenH2_Schweiz.jpg\",\"width\":1200,\"height\":632},{\"@type\":\"BreadcrumbList\",\"@id\":\"https:\\\/\\\/www.krafthand.de\\\/truck\\\/artikel\\\/daimler-truck-testete-brennstoffzellen-lkw-genh2-im-wallis-42410\\\/#breadcrumb\",\"itemListElement\":[{\"@type\":\"ListItem\",\"position\":1,\"name\":\"Krafthand-Truck\",\"item\":\"https:\\\/\\\/www.krafthand.de\\\/truck\\\/\"},{\"@type\":\"ListItem\",\"position\":2,\"name\":\"IT+Fuhrpark\",\"item\":\"https:\\\/\\\/www.krafthand.de\\\/truck\\\/kategorie\\\/fuhrpark\\\/\"},{\"@type\":\"ListItem\",\"position\":3,\"name\":\"Neue Fahrzeuge\",\"item\":\"https:\\\/\\\/www.krafthand.de\\\/truck\\\/kategorie\\\/fuhrpark\\\/neue-fahrzeuge\\\/\"},{\"@type\":\"ListItem\",\"position\":4,\"name\":\"Daimler-Truck testete Brennstoffzellen-Lkw GenH2\"}]},{\"@type\":\"WebSite\",\"@id\":\"https:\\\/\\\/www.krafthand.de\\\/truck\\\/#website\",\"url\":\"https:\\\/\\\/www.krafthand.de\\\/truck\\\/\",\"name\":\"Krafthand-Truck\",\"description\":\"\",\"potentialAction\":[{\"@type\":\"SearchAction\",\"target\":{\"@type\":\"EntryPoint\",\"urlTemplate\":\"https:\\\/\\\/www.krafthand.de\\\/truck\\\/?s={search_term_string}\"},\"query-input\":{\"@type\":\"PropertyValueSpecification\",\"valueRequired\":true,\"valueName\":\"search_term_string\"}}],\"inLanguage\":\"de\"},{\"@type\":\"Person\",\"@id\":\"https:\\\/\\\/www.krafthand.de\\\/truck\\\/#\\\/schema\\\/person\\\/51fa80b1c57034c4bf63f9f988fc24ce\",\"name\":\"georg.blenk@krafthand-medien.de\",\"image\":{\"@type\":\"ImageObject\",\"inLanguage\":\"de\",\"@id\":\"https:\\\/\\\/secure.gravatar.com\\\/avatar\\\/93713c30affe0aa95d3a4130e499bb1abee2eb31adbdd9ce2aa1543538490215?s=96&d=mm&r=g\",\"url\":\"https:\\\/\\\/secure.gravatar.com\\\/avatar\\\/93713c30affe0aa95d3a4130e499bb1abee2eb31adbdd9ce2aa1543538490215?s=96&d=mm&r=g\",\"contentUrl\":\"https:\\\/\\\/secure.gravatar.com\\\/avatar\\\/93713c30affe0aa95d3a4130e499bb1abee2eb31adbdd9ce2aa1543538490215?s=96&d=mm&r=g\",\"caption\":\"georg.blenk@krafthand-medien.de\"}}]}<\/script>\n<!-- \/ Yoast SEO plugin. -->","yoast_head_json":{"title":"Daimler-Truck testete Brennstoffzellen-Lkw GenH2 - Krafthand-Truck","description":"Zwei Fahrzeuge der n\u00e4chsten Entwicklungsstufe des Mercedes-Benz GenH2 wurden in der Schweiz auf Herz und Nieren gepr\u00fcft.","robots":{"index":"index","follow":"follow","max-snippet":"max-snippet:-1","max-image-preview":"max-image-preview:large","max-video-preview":"max-video-preview:-1"},"canonical":"https:\/\/www.krafthand.de\/truck\/artikel\/daimler-truck-testete-brennstoffzellen-lkw-genh2-im-wallis-42410\/","og_locale":"de_DE","og_type":"article","og_title":"Daimler-Truck testete Brennstoffzellen-Lkw GenH2 - Krafthand-Truck","og_description":"Zwei Fahrzeuge der n\u00e4chsten Entwicklungsstufe des Mercedes-Benz GenH2 wurden in der Schweiz auf Herz und Nieren gepr\u00fcft.","og_url":"https:\/\/www.krafthand-truck.de\/artikel\/daimler-truck-testete-brennstoffzellen-lkw-genh2-im-wallis-42410\/","og_site_name":"Krafthand-Truck","article_published_time":"2025-03-25T10:43:51+00:00","article_modified_time":"2025-03-25T11:17:59+00:00","og_image":[{"width":1200,"height":632,"url":"https:\/\/static.krafthand-truck.de\/uploads\/2025\/03\/Daimler_Truck_Testfahrten_GenH2_Schweiz.jpg","type":"image\/jpeg"}],"author":"georg.blenk@krafthand-medien.de","twitter_card":"summary_large_image","twitter_misc":{"Verfasst von":"georg.blenk@krafthand-medien.de","Gesch\u00e4tzte Lesezeit":"3\u00a0Minuten"},"schema":{"@context":"https:\/\/schema.org","@graph":[{"@type":"Article","@id":"https:\/\/www.krafthand.de\/truck\/artikel\/daimler-truck-testete-brennstoffzellen-lkw-genh2-im-wallis-42410\/#article","isPartOf":{"@id":"https:\/\/www.krafthand.de\/truck\/artikel\/daimler-truck-testete-brennstoffzellen-lkw-genh2-im-wallis-42410\/"},"author":{"name":"georg.blenk@krafthand-medien.de","@id":"https:\/\/www.krafthand.de\/truck\/#\/schema\/person\/51fa80b1c57034c4bf63f9f988fc24ce"},"headline":"Daimler-Truck testete Brennstoffzellen-Lkw GenH2","datePublished":"2025-03-25T10:43:51+00:00","dateModified":"2025-03-25T11:17:59+00:00","mainEntityOfPage":{"@id":"https:\/\/www.krafthand.de\/truck\/artikel\/daimler-truck-testete-brennstoffzellen-lkw-genh2-im-wallis-42410\/"},"wordCount":397,"image":{"@id":"https:\/\/www.krafthand.de\/truck\/artikel\/daimler-truck-testete-brennstoffzellen-lkw-genh2-im-wallis-42410\/#primaryimage"},"thumbnailUrl":"https:\/\/static.krafthand-truck.de\/uploads\/2025\/03\/Daimler_Truck_Testfahrten_GenH2_Schweiz.jpg","keywords":["Brennstoffzelle","Daimler Truck","GenH2","Mercedes-Benz","Wasserstoff"],"articleSection":["E-Antrieb (BEV\/FCEV)","Neue Fahrzeuge"],"inLanguage":"de"},{"@type":"WebPage","@id":"https:\/\/www.krafthand.de\/truck\/artikel\/daimler-truck-testete-brennstoffzellen-lkw-genh2-im-wallis-42410\/","url":"https:\/\/www.krafthand.de\/truck\/artikel\/daimler-truck-testete-brennstoffzellen-lkw-genh2-im-wallis-42410\/","name":"Daimler-Truck testete Brennstoffzellen-Lkw GenH2 - Krafthand-Truck","isPartOf":{"@id":"https:\/\/www.krafthand.de\/truck\/#website"},"primaryImageOfPage":{"@id":"https:\/\/www.krafthand.de\/truck\/artikel\/daimler-truck-testete-brennstoffzellen-lkw-genh2-im-wallis-42410\/#primaryimage"},"image":{"@id":"https:\/\/www.krafthand.de\/truck\/artikel\/daimler-truck-testete-brennstoffzellen-lkw-genh2-im-wallis-42410\/#primaryimage"},"thumbnailUrl":"https:\/\/static.krafthand-truck.de\/uploads\/2025\/03\/Daimler_Truck_Testfahrten_GenH2_Schweiz.jpg","datePublished":"2025-03-25T10:43:51+00:00","dateModified":"2025-03-25T11:17:59+00:00","author":{"@id":"https:\/\/www.krafthand.de\/truck\/#\/schema\/person\/51fa80b1c57034c4bf63f9f988fc24ce"},"description":"Zwei Fahrzeuge der n\u00e4chsten Entwicklungsstufe des Mercedes-Benz GenH2 wurden in der Schweiz auf Herz und Nieren gepr\u00fcft.","breadcrumb":{"@id":"https:\/\/www.krafthand.de\/truck\/artikel\/daimler-truck-testete-brennstoffzellen-lkw-genh2-im-wallis-42410\/#breadcrumb"},"inLanguage":"de","potentialAction":[{"@type":"ReadAction","target":["https:\/\/www.krafthand.de\/truck\/artikel\/daimler-truck-testete-brennstoffzellen-lkw-genh2-im-wallis-42410\/"]}]},{"@type":"ImageObject","inLanguage":"de","@id":"https:\/\/www.krafthand.de\/truck\/artikel\/daimler-truck-testete-brennstoffzellen-lkw-genh2-im-wallis-42410\/#primaryimage","url":"https:\/\/static.krafthand-truck.de\/uploads\/2025\/03\/Daimler_Truck_Testfahrten_GenH2_Schweiz.jpg","contentUrl":"https:\/\/static.krafthand-truck.de\/uploads\/2025\/03\/Daimler_Truck_Testfahrten_GenH2_Schweiz.jpg","width":1200,"height":632},{"@type":"BreadcrumbList","@id":"https:\/\/www.krafthand.de\/truck\/artikel\/daimler-truck-testete-brennstoffzellen-lkw-genh2-im-wallis-42410\/#breadcrumb","itemListElement":[{"@type":"ListItem","position":1,"name":"Krafthand-Truck","item":"https:\/\/www.krafthand.de\/truck\/"},{"@type":"ListItem","position":2,"name":"IT+Fuhrpark","item":"https:\/\/www.krafthand.de\/truck\/kategorie\/fuhrpark\/"},{"@type":"ListItem","position":3,"name":"Neue Fahrzeuge","item":"https:\/\/www.krafthand.de\/truck\/kategorie\/fuhrpark\/neue-fahrzeuge\/"},{"@type":"ListItem","position":4,"name":"Daimler-Truck testete Brennstoffzellen-Lkw GenH2"}]},{"@type":"WebSite","@id":"https:\/\/www.krafthand.de\/truck\/#website","url":"https:\/\/www.krafthand.de\/truck\/","name":"Krafthand-Truck","description":"","potentialAction":[{"@type":"SearchAction","target":{"@type":"EntryPoint","urlTemplate":"https:\/\/www.krafthand.de\/truck\/?s={search_term_string}"},"query-input":{"@type":"PropertyValueSpecification","valueRequired":true,"valueName":"search_term_string"}}],"inLanguage":"de"},{"@type":"Person","@id":"https:\/\/www.krafthand.de\/truck\/#\/schema\/person\/51fa80b1c57034c4bf63f9f988fc24ce","name":"georg.blenk@krafthand-medien.de","image":{"@type":"ImageObject","inLanguage":"de","@id":"https:\/\/secure.gravatar.com\/avatar\/93713c30affe0aa95d3a4130e499bb1abee2eb31adbdd9ce2aa1543538490215?s=96&d=mm&r=g","url":"https:\/\/secure.gravatar.com\/avatar\/93713c30affe0aa95d3a4130e499bb1abee2eb31adbdd9ce2aa1543538490215?s=96&d=mm&r=g","contentUrl":"https:\/\/secure.gravatar.com\/avatar\/93713c30affe0aa95d3a4130e499bb1abee2eb31adbdd9ce2aa1543538490215?s=96&d=mm&r=g","caption":"georg.blenk@krafthand-medien.de"}}]}},"_links":{"self":[{"href":"https:\/\/www.krafthand.de\/truck\/wp-json\/wp\/v2\/posts\/42410","targetHints":{"allow":["GET"]}}],"collection":[{"href":"https:\/\/www.krafthand.de\/truck\/wp-json\/wp\/v2\/posts"}],"about":[{"href":"https:\/\/www.krafthand.de\/truck\/wp-json\/wp\/v2\/types\/post"}],"author":[{"embeddable":true,"href":"https:\/\/www.krafthand.de\/truck\/wp-json\/wp\/v2\/users\/9"}],"replies":[{"embeddable":true,"href":"https:\/\/www.krafthand.de\/truck\/wp-json\/wp\/v2\/comments?post=42410"}],"version-history":[{"count":11,"href":"https:\/\/www.krafthand.de\/truck\/wp-json\/wp\/v2\/posts\/42410\/revisions"}],"predecessor-version":[{"id":42423,"href":"https:\/\/www.krafthand.de\/truck\/wp-json\/wp\/v2\/posts\/42410\/revisions\/42423"}],"wp:featuredmedia":[{"embeddable":true,"href":"https:\/\/www.krafthand.de\/truck\/wp-json\/wp\/v2\/media\/42416"}],"wp:attachment":[{"href":"https:\/\/www.krafthand.de\/truck\/wp-json\/wp\/v2\/media?parent=42410"}],"wp:term":[{"taxonomy":"category","embeddable":true,"href":"https:\/\/www.krafthand.de\/truck\/wp-json\/wp\/v2\/categories?post=42410"},{"taxonomy":"post_tag","embeddable":true,"href":"https:\/\/www.krafthand.de\/truck\/wp-json\/wp\/v2\/tags?post=42410"},{"taxonomy":"settings","embeddable":true,"href":"https:\/\/www.krafthand.de\/truck\/wp-json\/wp\/v2\/settings?post=42410"}],"curies":[{"name":"wp","href":"https:\/\/api.w.org\/{rel}","templated":true}]}}