{"id":42403,"date":"2025-03-25T10:54:05","date_gmt":"2025-03-25T09:54:05","guid":{"rendered":"https:\/\/www.krafthand.de\/truck\/?p=42403"},"modified":"2025-03-25T10:54:05","modified_gmt":"2025-03-25T09:54:05","slug":"cummins-setzt-auch-auf-hybrid-antriebe","status":"publish","type":"post","link":"https:\/\/www.krafthand.de\/truck\/artikel\/cummins-setzt-auch-auf-hybrid-antriebe-42403\/","title":{"rendered":"Cummins setzt auch auf Hybrid-Antriebe"},"content":{"rendered":"<p>Hersteller schwerer Nutzfahrzeuge m\u00fcssen ihre CO2-Genzwerte in Zukunft drastisch senken. Ab 2030 soll eine Reduktion um 45, ab 2035 um 65 und ab 2040 sogar 90 Prozent CO2 \u00fcber die Flotte erfolgen. Vergleichsbasis ist laut EU-Kommission das Jahr 2019. Jedes neu typgenehmigte und sp\u00e4ter verkaufte Fahrzeug, welches zur CO2-Reduzierung beitr\u00e4gt, zahlt auf die Gesamtbilanz ein. Zudem soll f\u00fcr Lkw ab November 2028 die Abgasnorm Euro-7 gelten. Dies zieht hohe technische Anforderungen nach sich, man denke nur an die Abgasnachbehandlung. Letztendlich bedeutet all dies, dass die Lkw-Hersteller vor gro\u00dfen Herausforderungen stehen, um die Emmisions-Ziele zu erreichen. Das wird nur funktionieren, wenn der fl\u00e4chendeckende Roll-Out von Lkw mit alternativen Antrieben gelingt. Dabei spielen auch Br\u00fcckentechnologien eine Rolle.<\/p>\n<h2>Technische Optionen<\/h2>\n<p>Wirft man einen Blick auf die technischen Optionen, so verf\u00fcgt die (Fahrzeug-)Industrie \u00fcber hochmoderne und effektive Verbrenner, \u00fcber alternative Kraftstoffe, \u00fcber Wasserstoff-Verbrenner (H2-ICE) oder Lkw, die mit (Bio-)LNG oder CNG betrieben werden. Hinzu kommen batterieelektrische Lkw (BEV) und Lkw mit Brennstoffzelle (FCEV). Auch E-Lkw mit H2-Verbrennungsmotor als Reichweitenverl\u00e4ngerer (Range-Extender) werden getestet. Die Lkw-Hersteller sind allesamt l\u00e4ngst aufgestellt. Doch sind auch Lkw mit Hybridantrieb im Schwerlastbereich eine Option? Durchaus.<\/p>\n<h2>Warum ein Hybrid?<\/h2>\n<figure id=\"attachment_42405\" aria-describedby=\"caption-attachment-42405\" style=\"width: 240px\" class=\"wp-caption alignleft\"><a href=\"https:\/\/static.krafthand-truck.de\/uploads\/2025\/03\/01_2025_027_2.jpg\"><img fetchpriority=\"high\" decoding=\"async\" class=\"wp-image-42405\" src=\"https:\/\/static.krafthand-truck.de\/uploads\/2025\/03\/01_2025_027_2-221x300.jpg\" alt=\"\" width=\"240\" height=\"325\" srcset=\"https:\/\/static.krafthand-truck.de\/uploads\/2025\/03\/01_2025_027_2-221x300.jpg 221w, https:\/\/static.krafthand-truck.de\/uploads\/2025\/03\/01_2025_027_2-756x1024.jpg 756w, https:\/\/static.krafthand-truck.de\/uploads\/2025\/03\/01_2025_027_2-768x1041.jpg 768w, https:\/\/static.krafthand-truck.de\/uploads\/2025\/03\/01_2025_027_2.jpg 786w\" sizes=\"(max-width: 240px) 100vw, 240px\" \/><\/a><figcaption id=\"caption-attachment-42405\" class=\"wp-caption-text\"><em>&#8222;Wir sehen in der Hybridtechnologie eine echte Chance bei der Dekarbonisierung des Lkw-Verkehrs. Wir glauben, dass nicht eine singul\u00e4re Antriebsl\u00f6sung zielf\u00fchrend ist. Deshalb setzen wir auf einen breiten, technologischen Ansatz&#8220;<\/em>, so William Lamb.<\/figcaption><\/figure>\n<p>Die mangelhafte Infrastruktur, die Anschaffungskosten und das Reichweitenmanagement stellen f\u00fcr viele alternative Schwerlast-Anwendungen eine Herausforderung dar. W\u00e4hrend sich Wasserstoff-Brennstoffzellen- und vollelektrische Antriebsstrangl\u00f6sungen schnell weiterentwickeln, hinken Infrastrukturausbau und Investitionsanreize hinterher. Im Vergleich dazu zeigen die Zahlen des KBA, dass Hybrid-Fahrzeuge auf dem Pkw-Markt in Deutschland 33,8 Prozent der Neuzulassungen ausmachen. In machen europ\u00e4ischen L\u00e4ndern ist der Anteil gr\u00f6\u00dfer. Angesichts der h\u00f6heren Arbeitszyklen und der Laufleistung, die von schweren Lkw verlangt werden, k\u00f6nnte die Option, moderne Motortechnologie mit Batterien zu kombinieren, eine interessante Alternative sein \u2013 trotz zus\u00e4tzlicher Technik, mehr Gewicht und Zusatzkosten. <em>\u201eNeue Euro-7-zertifizierte Verbrennungsmotoren bieten zahlreiche Vorteile, da die verbesserte Kraftstoffeffizienz und die Kompatibilit\u00e4t mit HVO und Biodiesel zu geringeren Emissionen f\u00fchren. Hinzu kommt die M\u00f6glichkeit, \u00fcber batterieelektrische Technologien die Fahrzeuge emissionsfrei zu fahren\u201c<\/em>, so William Lamb, Director Produkt-Strategy and Engine Business, beim US-amerikanischen Motorenbauer <a href=\"https:\/\/www.cummins.com\/de\/\" target=\"_blank\" rel=\"noopener\">Cummins<\/a>. Hybrid-Technologie also als Br\u00fccke zur Reduzierung der CO2-Emissionen?!<\/p>\n<h2>Mit Hybridfahrzeugen die Emissionen senken<\/h2>\n<p>Lkw mit Hybridantrieb bieten laut Lamb zahlreiche praktische Vorteile f\u00fcr den Nutzfahrzeugalltag. So k\u00f6nnten Plug-in-Hybride die Kraftstoffeffizienz um bis zu 30 Prozent verbessern und neben der betrieblichen Flexibilit\u00e4t auch die Kohlenstoffemissionen reduzieren. Quasi eine M\u00f6glichkeit f\u00fcr OEMs eine praktikable L\u00f6sung anzubieten, um die CO2-Vorschriften mit einer Technologie zu erf\u00fcllen, die es ihren Flottenkunden erm\u00f6glicht, ihre Arbeit zu erledigen, w\u00e4hrend sich die Ladeinfrastruktur noch in der Entwicklung befindet.<\/p>\n<p><em><blockquote class=\"khm-quote\"><p>Die Hybridtechnik kann auch dazu beitragen, die Nachfrage nach einem schnelleren Ausbau der Ladeinfrastruktur anzukurbeln.<\/p><\/blockquote><\/em><\/p>\n<p>Was die Leistung betrifft, so liefern Hybridantriebe ein verbessertes Drehmoment und eine h\u00f6here Beschleunigung, was bei schweren Lkw von Vorteil sei, so Lamb. Dar\u00fcber hinaus biete auch das regenerative Bremsen um zus\u00e4tzlich Strom zu gewinnen, erhebliche Vorteile. Die zur\u00fcckgewonnene Energie wird zur Erg\u00e4nzung der Motorleistung verwendet. Start-Stopp-Funktionen seien Lamb zufolge ebenfalls n\u00fctzlich, insbesondere bei innerst\u00e4dtische Arbeitszyklen.<\/p>\n<p>Letztendlich stellt sich die Frage, was ein Hybrid-Fahrzeug in der Anschaffung kostet, ob die Technologie gef\u00f6rdert wird und wie hoch am Ende des Tages die TCO ausfallen. Die Technik ist da und auf jeden Fall interessant, wom\u00f6glich auch in Verbindung mit einem E-Trailer.<\/p>\n<p><i>Den Beitrag finden Sie auch in der Print-Ausgabe 1-2025 der <a href=\"https:\/\/www.krafthand.de\/truck\/magazin\/\" title=\"Zum Magazin\">Krafthand-Truck<\/a>.<\/i><\/p>\r\n\t\t\t\t<div class=\"post-author\">\r\n\t\t\t\t\t<div class=\"khm-cp-author clearfix\">\r\n\t\t\t\t\t\t<div class=\"khm-cp-author__content\">\r\n\t\t\t\t\t\t\t\tKontakt zum Autor:<br \/>\r\n\t\t\t\t\t\t\t\t<strong>Georg Blenk<\/strong>, 08247 \/ 3007-45 |  <a href=\"mailto:georg.blenk@krafthand-medien.de\">georg.blenk@krafthand-medien.de<\/a>\r\n\t\t\t\t\t\t\t<div class=\"khm-cp-author__image\">\r\n\t\t\t\t\t\t<img src=\"https:\/\/static.krafthand-truck.de\/uploads\/2021\/01\/Blenk_6104-250x300-1-removebg-preview.png\" class=\"img-responsive\">\r\n\t\t\t\t\t<\/div>\r\n\t\t\t\t\t\t<\/div>\r\n\t\t\t\t\t<\/div>\r\n\t\t\t\t<\/div>\r\n\t\t\t\t","protected":false},"excerpt":{"rendered":"<p>Hersteller schwerer Nutzfahrzeuge m\u00fcssen ihre CO2-Genzwerte in Zukunft drastisch senken. Ab 2030 soll eine Reduktion um 45, ab 2035 um 65 und ab 2040 sogar 90 Prozent CO2 \u00fcber die Flotte erfolgen. Vergleichsbasis ist laut EU-Kommission das Jahr 2019. Kann die Hybridtechnologie bei Lkw dabei eine Rolle spielen? <span class=\"excerpt-more__dots\">&#8230;<\/span> <a class=\"excerpt-more__link\" href=\"https:\/\/www.krafthand.de\/truck\/artikel\/cummins-setzt-auch-auf-hybrid-antriebe-42403\/\" >weiter<\/a><\/p>\n","protected":false},"author":9,"featured_media":42404,"comment_status":"closed","ping_status":"closed","sticky":false,"template":"","format":"standard","meta":{"footnotes":""},"categories":[4223],"tags":[6070,5357,1039],"settings":[3524,4766,3523],"class_list":["post-42403","post","type-post","status-publish","format-standard","has-post-thumbnail","hentry","category-antrieb","tag-accelera","tag-cummins","tag-hybrid"],"yoast_head":"<!-- This site is optimized with the Yoast SEO plugin v27.3 - https:\/\/yoast.com\/product\/yoast-seo-wordpress\/ -->\n<title>Cummins setzt auch auf Hybrid-Antriebe - Krafthand-Truck<\/title>\n<meta name=\"description\" content=\"Der Motorenbauer Cummins setzt neben anderen Antriebsarten auch auf die Hybridtechnologie f\u00fcr Nutzfahrzeuge.\" \/>\n<meta name=\"robots\" content=\"index, follow, max-snippet:-1, max-image-preview:large, max-video-preview:-1\" \/>\n<link rel=\"canonical\" href=\"https:\/\/www.krafthand.de\/truck\/artikel\/cummins-setzt-auch-auf-hybrid-antriebe-42403\/\" \/>\n<meta property=\"og:locale\" content=\"de_DE\" \/>\n<meta property=\"og:type\" content=\"article\" \/>\n<meta property=\"og:title\" content=\"Cummins setzt auch auf Hybrid-Antriebe - Krafthand-Truck\" \/>\n<meta property=\"og:description\" content=\"Der Motorenbauer Cummins setzt neben anderen Antriebsarten auch auf die Hybridtechnologie f\u00fcr Nutzfahrzeuge.\" \/>\n<meta property=\"og:url\" content=\"https:\/\/www.krafthand-truck.de\/artikel\/cummins-setzt-auch-auf-hybrid-antriebe-42403\/\" \/>\n<meta property=\"og:site_name\" content=\"Krafthand-Truck\" \/>\n<meta property=\"article:published_time\" content=\"2025-03-25T09:54:05+00:00\" \/>\n<meta property=\"og:image\" content=\"https:\/\/static.krafthand-truck.de\/uploads\/2025\/03\/01_2025_027_1.jpg\" \/>\n\t<meta property=\"og:image:width\" content=\"1222\" \/>\n\t<meta property=\"og:image:height\" content=\"916\" \/>\n\t<meta property=\"og:image:type\" content=\"image\/jpeg\" \/>\n<meta name=\"author\" content=\"georg.blenk@krafthand-medien.de\" \/>\n<meta name=\"twitter:card\" content=\"summary_large_image\" \/>\n<meta name=\"twitter:label1\" content=\"Verfasst von\" \/>\n\t<meta name=\"twitter:data1\" content=\"georg.blenk@krafthand-medien.de\" \/>\n\t<meta name=\"twitter:label2\" content=\"Gesch\u00e4tzte Lesezeit\" \/>\n\t<meta name=\"twitter:data2\" content=\"4\u00a0Minuten\" \/>\n<script type=\"application\/ld+json\" class=\"yoast-schema-graph\">{\"@context\":\"https:\\\/\\\/schema.org\",\"@graph\":[{\"@type\":\"Article\",\"@id\":\"https:\\\/\\\/www.krafthand.de\\\/truck\\\/artikel\\\/cummins-setzt-auch-auf-hybrid-antriebe-42403\\\/#article\",\"isPartOf\":{\"@id\":\"https:\\\/\\\/www.krafthand.de\\\/truck\\\/artikel\\\/cummins-setzt-auch-auf-hybrid-antriebe-42403\\\/\"},\"author\":{\"name\":\"georg.blenk@krafthand-medien.de\",\"@id\":\"https:\\\/\\\/www.krafthand.de\\\/truck\\\/#\\\/schema\\\/person\\\/51fa80b1c57034c4bf63f9f988fc24ce\"},\"headline\":\"Cummins setzt auch auf Hybrid-Antriebe\",\"datePublished\":\"2025-03-25T09:54:05+00:00\",\"mainEntityOfPage\":{\"@id\":\"https:\\\/\\\/www.krafthand.de\\\/truck\\\/artikel\\\/cummins-setzt-auch-auf-hybrid-antriebe-42403\\\/\"},\"wordCount\":607,\"image\":{\"@id\":\"https:\\\/\\\/www.krafthand.de\\\/truck\\\/artikel\\\/cummins-setzt-auch-auf-hybrid-antriebe-42403\\\/#primaryimage\"},\"thumbnailUrl\":\"https:\\\/\\\/static.krafthand-truck.de\\\/uploads\\\/2025\\\/03\\\/01_2025_027_1.jpg\",\"keywords\":[\"Accelera\",\"Cummins\",\"Hybrid\"],\"articleSection\":[\"Antrieb (Motor\\\/Getriebe)\"],\"inLanguage\":\"de\"},{\"@type\":\"WebPage\",\"@id\":\"https:\\\/\\\/www.krafthand.de\\\/truck\\\/artikel\\\/cummins-setzt-auch-auf-hybrid-antriebe-42403\\\/\",\"url\":\"https:\\\/\\\/www.krafthand.de\\\/truck\\\/artikel\\\/cummins-setzt-auch-auf-hybrid-antriebe-42403\\\/\",\"name\":\"Cummins setzt auch auf Hybrid-Antriebe - Krafthand-Truck\",\"isPartOf\":{\"@id\":\"https:\\\/\\\/www.krafthand.de\\\/truck\\\/#website\"},\"primaryImageOfPage\":{\"@id\":\"https:\\\/\\\/www.krafthand.de\\\/truck\\\/artikel\\\/cummins-setzt-auch-auf-hybrid-antriebe-42403\\\/#primaryimage\"},\"image\":{\"@id\":\"https:\\\/\\\/www.krafthand.de\\\/truck\\\/artikel\\\/cummins-setzt-auch-auf-hybrid-antriebe-42403\\\/#primaryimage\"},\"thumbnailUrl\":\"https:\\\/\\\/static.krafthand-truck.de\\\/uploads\\\/2025\\\/03\\\/01_2025_027_1.jpg\",\"datePublished\":\"2025-03-25T09:54:05+00:00\",\"author\":{\"@id\":\"https:\\\/\\\/www.krafthand.de\\\/truck\\\/#\\\/schema\\\/person\\\/51fa80b1c57034c4bf63f9f988fc24ce\"},\"description\":\"Der Motorenbauer Cummins setzt neben anderen Antriebsarten auch auf die Hybridtechnologie f\u00fcr Nutzfahrzeuge.\",\"breadcrumb\":{\"@id\":\"https:\\\/\\\/www.krafthand.de\\\/truck\\\/artikel\\\/cummins-setzt-auch-auf-hybrid-antriebe-42403\\\/#breadcrumb\"},\"inLanguage\":\"de\",\"potentialAction\":[{\"@type\":\"ReadAction\",\"target\":[\"https:\\\/\\\/www.krafthand.de\\\/truck\\\/artikel\\\/cummins-setzt-auch-auf-hybrid-antriebe-42403\\\/\"]}]},{\"@type\":\"ImageObject\",\"inLanguage\":\"de\",\"@id\":\"https:\\\/\\\/www.krafthand.de\\\/truck\\\/artikel\\\/cummins-setzt-auch-auf-hybrid-antriebe-42403\\\/#primaryimage\",\"url\":\"https:\\\/\\\/static.krafthand-truck.de\\\/uploads\\\/2025\\\/03\\\/01_2025_027_1.jpg\",\"contentUrl\":\"https:\\\/\\\/static.krafthand-truck.de\\\/uploads\\\/2025\\\/03\\\/01_2025_027_1.jpg\",\"width\":1222,\"height\":916,\"caption\":\"Diesel-Hybrid-Konzept: Der weltweit aktive Motorenbauer Cummins und die Unternehmenstochter Accelera verf\u00fcgen \u00fcber die Antriebstechnologien f\u00fcr die Darstellung hybrider Antriebsstr\u00e4nge in unterschiedlichen Anordnungen. Bilder: Cummins\"},{\"@type\":\"BreadcrumbList\",\"@id\":\"https:\\\/\\\/www.krafthand.de\\\/truck\\\/artikel\\\/cummins-setzt-auch-auf-hybrid-antriebe-42403\\\/#breadcrumb\",\"itemListElement\":[{\"@type\":\"ListItem\",\"position\":1,\"name\":\"Krafthand-Truck\",\"item\":\"https:\\\/\\\/www.krafthand.de\\\/truck\\\/\"},{\"@type\":\"ListItem\",\"position\":2,\"name\":\"Nfz-Technik\",\"item\":\"https:\\\/\\\/www.krafthand.de\\\/truck\\\/kategorie\\\/nfz-technik\\\/\"},{\"@type\":\"ListItem\",\"position\":3,\"name\":\"Antrieb (Motor\\\/Getriebe)\",\"item\":\"https:\\\/\\\/www.krafthand.de\\\/truck\\\/kategorie\\\/nfz-technik\\\/antrieb\\\/\"},{\"@type\":\"ListItem\",\"position\":4,\"name\":\"Cummins setzt auch auf Hybrid-Antriebe\"}]},{\"@type\":\"WebSite\",\"@id\":\"https:\\\/\\\/www.krafthand.de\\\/truck\\\/#website\",\"url\":\"https:\\\/\\\/www.krafthand.de\\\/truck\\\/\",\"name\":\"Krafthand-Truck\",\"description\":\"\",\"potentialAction\":[{\"@type\":\"SearchAction\",\"target\":{\"@type\":\"EntryPoint\",\"urlTemplate\":\"https:\\\/\\\/www.krafthand.de\\\/truck\\\/?s={search_term_string}\"},\"query-input\":{\"@type\":\"PropertyValueSpecification\",\"valueRequired\":true,\"valueName\":\"search_term_string\"}}],\"inLanguage\":\"de\"},{\"@type\":\"Person\",\"@id\":\"https:\\\/\\\/www.krafthand.de\\\/truck\\\/#\\\/schema\\\/person\\\/51fa80b1c57034c4bf63f9f988fc24ce\",\"name\":\"georg.blenk@krafthand-medien.de\",\"image\":{\"@type\":\"ImageObject\",\"inLanguage\":\"de\",\"@id\":\"https:\\\/\\\/secure.gravatar.com\\\/avatar\\\/93713c30affe0aa95d3a4130e499bb1abee2eb31adbdd9ce2aa1543538490215?s=96&d=mm&r=g\",\"url\":\"https:\\\/\\\/secure.gravatar.com\\\/avatar\\\/93713c30affe0aa95d3a4130e499bb1abee2eb31adbdd9ce2aa1543538490215?s=96&d=mm&r=g\",\"contentUrl\":\"https:\\\/\\\/secure.gravatar.com\\\/avatar\\\/93713c30affe0aa95d3a4130e499bb1abee2eb31adbdd9ce2aa1543538490215?s=96&d=mm&r=g\",\"caption\":\"georg.blenk@krafthand-medien.de\"}}]}<\/script>\n<!-- \/ Yoast SEO plugin. -->","yoast_head_json":{"title":"Cummins setzt auch auf Hybrid-Antriebe - Krafthand-Truck","description":"Der Motorenbauer Cummins setzt neben anderen Antriebsarten auch auf die Hybridtechnologie f\u00fcr Nutzfahrzeuge.","robots":{"index":"index","follow":"follow","max-snippet":"max-snippet:-1","max-image-preview":"max-image-preview:large","max-video-preview":"max-video-preview:-1"},"canonical":"https:\/\/www.krafthand.de\/truck\/artikel\/cummins-setzt-auch-auf-hybrid-antriebe-42403\/","og_locale":"de_DE","og_type":"article","og_title":"Cummins setzt auch auf Hybrid-Antriebe - Krafthand-Truck","og_description":"Der Motorenbauer Cummins setzt neben anderen Antriebsarten auch auf die Hybridtechnologie f\u00fcr Nutzfahrzeuge.","og_url":"https:\/\/www.krafthand-truck.de\/artikel\/cummins-setzt-auch-auf-hybrid-antriebe-42403\/","og_site_name":"Krafthand-Truck","article_published_time":"2025-03-25T09:54:05+00:00","og_image":[{"width":1222,"height":916,"url":"https:\/\/static.krafthand-truck.de\/uploads\/2025\/03\/01_2025_027_1.jpg","type":"image\/jpeg"}],"author":"georg.blenk@krafthand-medien.de","twitter_card":"summary_large_image","twitter_misc":{"Verfasst von":"georg.blenk@krafthand-medien.de","Gesch\u00e4tzte Lesezeit":"4\u00a0Minuten"},"schema":{"@context":"https:\/\/schema.org","@graph":[{"@type":"Article","@id":"https:\/\/www.krafthand.de\/truck\/artikel\/cummins-setzt-auch-auf-hybrid-antriebe-42403\/#article","isPartOf":{"@id":"https:\/\/www.krafthand.de\/truck\/artikel\/cummins-setzt-auch-auf-hybrid-antriebe-42403\/"},"author":{"name":"georg.blenk@krafthand-medien.de","@id":"https:\/\/www.krafthand.de\/truck\/#\/schema\/person\/51fa80b1c57034c4bf63f9f988fc24ce"},"headline":"Cummins setzt auch auf Hybrid-Antriebe","datePublished":"2025-03-25T09:54:05+00:00","mainEntityOfPage":{"@id":"https:\/\/www.krafthand.de\/truck\/artikel\/cummins-setzt-auch-auf-hybrid-antriebe-42403\/"},"wordCount":607,"image":{"@id":"https:\/\/www.krafthand.de\/truck\/artikel\/cummins-setzt-auch-auf-hybrid-antriebe-42403\/#primaryimage"},"thumbnailUrl":"https:\/\/static.krafthand-truck.de\/uploads\/2025\/03\/01_2025_027_1.jpg","keywords":["Accelera","Cummins","Hybrid"],"articleSection":["Antrieb (Motor\/Getriebe)"],"inLanguage":"de"},{"@type":"WebPage","@id":"https:\/\/www.krafthand.de\/truck\/artikel\/cummins-setzt-auch-auf-hybrid-antriebe-42403\/","url":"https:\/\/www.krafthand.de\/truck\/artikel\/cummins-setzt-auch-auf-hybrid-antriebe-42403\/","name":"Cummins setzt auch auf Hybrid-Antriebe - Krafthand-Truck","isPartOf":{"@id":"https:\/\/www.krafthand.de\/truck\/#website"},"primaryImageOfPage":{"@id":"https:\/\/www.krafthand.de\/truck\/artikel\/cummins-setzt-auch-auf-hybrid-antriebe-42403\/#primaryimage"},"image":{"@id":"https:\/\/www.krafthand.de\/truck\/artikel\/cummins-setzt-auch-auf-hybrid-antriebe-42403\/#primaryimage"},"thumbnailUrl":"https:\/\/static.krafthand-truck.de\/uploads\/2025\/03\/01_2025_027_1.jpg","datePublished":"2025-03-25T09:54:05+00:00","author":{"@id":"https:\/\/www.krafthand.de\/truck\/#\/schema\/person\/51fa80b1c57034c4bf63f9f988fc24ce"},"description":"Der Motorenbauer Cummins setzt neben anderen Antriebsarten auch auf die Hybridtechnologie f\u00fcr Nutzfahrzeuge.","breadcrumb":{"@id":"https:\/\/www.krafthand.de\/truck\/artikel\/cummins-setzt-auch-auf-hybrid-antriebe-42403\/#breadcrumb"},"inLanguage":"de","potentialAction":[{"@type":"ReadAction","target":["https:\/\/www.krafthand.de\/truck\/artikel\/cummins-setzt-auch-auf-hybrid-antriebe-42403\/"]}]},{"@type":"ImageObject","inLanguage":"de","@id":"https:\/\/www.krafthand.de\/truck\/artikel\/cummins-setzt-auch-auf-hybrid-antriebe-42403\/#primaryimage","url":"https:\/\/static.krafthand-truck.de\/uploads\/2025\/03\/01_2025_027_1.jpg","contentUrl":"https:\/\/static.krafthand-truck.de\/uploads\/2025\/03\/01_2025_027_1.jpg","width":1222,"height":916,"caption":"Diesel-Hybrid-Konzept: Der weltweit aktive Motorenbauer Cummins und die Unternehmenstochter Accelera verf\u00fcgen \u00fcber die Antriebstechnologien f\u00fcr die Darstellung hybrider Antriebsstr\u00e4nge in unterschiedlichen Anordnungen. Bilder: Cummins"},{"@type":"BreadcrumbList","@id":"https:\/\/www.krafthand.de\/truck\/artikel\/cummins-setzt-auch-auf-hybrid-antriebe-42403\/#breadcrumb","itemListElement":[{"@type":"ListItem","position":1,"name":"Krafthand-Truck","item":"https:\/\/www.krafthand.de\/truck\/"},{"@type":"ListItem","position":2,"name":"Nfz-Technik","item":"https:\/\/www.krafthand.de\/truck\/kategorie\/nfz-technik\/"},{"@type":"ListItem","position":3,"name":"Antrieb (Motor\/Getriebe)","item":"https:\/\/www.krafthand.de\/truck\/kategorie\/nfz-technik\/antrieb\/"},{"@type":"ListItem","position":4,"name":"Cummins setzt auch auf Hybrid-Antriebe"}]},{"@type":"WebSite","@id":"https:\/\/www.krafthand.de\/truck\/#website","url":"https:\/\/www.krafthand.de\/truck\/","name":"Krafthand-Truck","description":"","potentialAction":[{"@type":"SearchAction","target":{"@type":"EntryPoint","urlTemplate":"https:\/\/www.krafthand.de\/truck\/?s={search_term_string}"},"query-input":{"@type":"PropertyValueSpecification","valueRequired":true,"valueName":"search_term_string"}}],"inLanguage":"de"},{"@type":"Person","@id":"https:\/\/www.krafthand.de\/truck\/#\/schema\/person\/51fa80b1c57034c4bf63f9f988fc24ce","name":"georg.blenk@krafthand-medien.de","image":{"@type":"ImageObject","inLanguage":"de","@id":"https:\/\/secure.gravatar.com\/avatar\/93713c30affe0aa95d3a4130e499bb1abee2eb31adbdd9ce2aa1543538490215?s=96&d=mm&r=g","url":"https:\/\/secure.gravatar.com\/avatar\/93713c30affe0aa95d3a4130e499bb1abee2eb31adbdd9ce2aa1543538490215?s=96&d=mm&r=g","contentUrl":"https:\/\/secure.gravatar.com\/avatar\/93713c30affe0aa95d3a4130e499bb1abee2eb31adbdd9ce2aa1543538490215?s=96&d=mm&r=g","caption":"georg.blenk@krafthand-medien.de"}}]}},"_links":{"self":[{"href":"https:\/\/www.krafthand.de\/truck\/wp-json\/wp\/v2\/posts\/42403","targetHints":{"allow":["GET"]}}],"collection":[{"href":"https:\/\/www.krafthand.de\/truck\/wp-json\/wp\/v2\/posts"}],"about":[{"href":"https:\/\/www.krafthand.de\/truck\/wp-json\/wp\/v2\/types\/post"}],"author":[{"embeddable":true,"href":"https:\/\/www.krafthand.de\/truck\/wp-json\/wp\/v2\/users\/9"}],"replies":[{"embeddable":true,"href":"https:\/\/www.krafthand.de\/truck\/wp-json\/wp\/v2\/comments?post=42403"}],"version-history":[{"count":4,"href":"https:\/\/www.krafthand.de\/truck\/wp-json\/wp\/v2\/posts\/42403\/revisions"}],"predecessor-version":[{"id":42409,"href":"https:\/\/www.krafthand.de\/truck\/wp-json\/wp\/v2\/posts\/42403\/revisions\/42409"}],"wp:featuredmedia":[{"embeddable":true,"href":"https:\/\/www.krafthand.de\/truck\/wp-json\/wp\/v2\/media\/42404"}],"wp:attachment":[{"href":"https:\/\/www.krafthand.de\/truck\/wp-json\/wp\/v2\/media?parent=42403"}],"wp:term":[{"taxonomy":"category","embeddable":true,"href":"https:\/\/www.krafthand.de\/truck\/wp-json\/wp\/v2\/categories?post=42403"},{"taxonomy":"post_tag","embeddable":true,"href":"https:\/\/www.krafthand.de\/truck\/wp-json\/wp\/v2\/tags?post=42403"},{"taxonomy":"settings","embeddable":true,"href":"https:\/\/www.krafthand.de\/truck\/wp-json\/wp\/v2\/settings?post=42403"}],"curies":[{"name":"wp","href":"https:\/\/api.w.org\/{rel}","templated":true}]}}