{"id":42307,"date":"2025-03-10T09:49:17","date_gmt":"2025-03-10T08:49:17","guid":{"rendered":"https:\/\/www.krafthand.de\/truck\/?p=42307"},"modified":"2025-11-14T14:18:26","modified_gmt":"2025-11-14T13:18:26","slug":"zielgerichtet","status":"publish","type":"post","link":"https:\/\/www.krafthand.de\/truck\/artikel\/zielgerichtet-42307\/","title":{"rendered":"Zielgerichtet"},"content":{"rendered":"<p>Wenn wir stehen bleiben, zaudern, zur\u00fcckgehen, erreichen wir nicht unser Ziel. Wenn wir nicht nach vorne gewandt agieren, uns neuen Technologien verschlie\u00dfen, erreichen wir nicht unser Ziel. Wenn wir nicht voraus gehen, motivieren und mitnehmen, erreichen wir nicht unser Ziel. Kleine Ziele, gro\u00dfe Ziele, Pausen der Orientierung, neue Wege. Eine Roadmap. Gleichwohl ist es klug, andere nach der Richtung zu fragen. Zuh\u00f6ren, \u00fcberzeugen (lassen), nicht fordern, verharren in Denkstrukturen.<\/p>\n<p>In den Nutzfahrzeug-Werkst\u00e4tten geh\u00f6ren neue Wege zum Alltag. Die Entwicklung der Nutzfahrzeugtechnik, die Fahrzeugdiagnose, neue Software, Werkzeuge, neue Wartungs- und Reparaturma\u00dfnahmen, Herstellervorgaben. All dies erfordert Flexibilit\u00e4t, Umdenken, permanenten Austausch. Das Ziel: Die Fahrzeuge sicher und zuverl\u00e4ssig auf die Stra\u00dfe bringen. Das geht nur miteinander. \u201eGemeinsam leben wir Innovation\u201c, so Andreas Gl\u00e4ser, Gesch\u00e4ftsf\u00fchrer der Michels Kfz-Werkst\u00e4tte GmbH.<\/p>\n<blockquote class=\"khm-quote\"><p>Neue Wege geh\u00f6ren zum Werkstattalltag.<\/p><\/blockquote>\n<p>Miteinander reden. Die ist auch einer der Kernforderungen des 2# Roundtable Nfz-Aftermarket. <em>\u201eDie Industrie muss mit den Nfz-Werkst\u00e4tten verst\u00e4rkt in den Austausch gehen.\u201c<\/em> Nur eine Erkenntnis des <a href=\"https:\/\/www.krafthand.de\/truck\/artikel\/hoert-uns-doch-einfach-mal-zu-die-industrie-muss-mit-den-nfz-werkstaetten-verstaerkt-in-den-austausch-gehen-42169\/\" target=\"_blank\" rel=\"noopener\">Hintergrundbeitrags<\/a>, der die praktischen Erfahrungswerte aus einem Nfz-Betrieb mit den Einsch\u00e4tzungen der Industrie zusammenbringt.<\/p>\n<p>Miteinander reden, offen sein f\u00fcr Neues, die Ziele im Blick!<br \/>\nIn diesem Sinne w\u00fcnsche ich eine spannende Lekt\u00fcre.<\/p>\n<p>Mit besten Gr\u00fc\u00dfen<\/p>\n<p>Ihr<br \/>\nGeorg Blenk<\/p>\n<p><i>Den Beitrag finden Sie auch in der Print-Ausgabe 1-2025 der <a href=\"https:\/\/www.krafthand.de\/truck\/magazin\/\" title=\"Zum Magazin\">Krafthand-Truck<\/a>.<\/i><\/p>","protected":false},"excerpt":{"rendered":"<p>Wenn wir stehen bleiben, zaudern, zur\u00fcckgehen, erreichen wir nicht unser Ziel. Wenn wir nicht nach vorne gewandt agieren, uns neuen Technologien verschlie\u00dfen, erreichen wir nicht unser Ziel. Wenn wir nicht voraus gehen, motivieren und mitnehmen, erreichen wir nicht unser Ziel. Kleine Ziele, gro\u00dfe Ziele, Pausen der Orientierung, neue Wege. Eine Roadmap. Gleichwohl ist es klug, andere nach der Richtung zu fragen. Zuh\u00f6ren, \u00fcberzeugen (lassen), nicht fordern, verharren in Denkstrukturen. <span class=\"excerpt-more__dots\">&#8230;<\/span> <a class=\"excerpt-more__link\" href=\"https:\/\/www.krafthand.de\/truck\/artikel\/zielgerichtet-42307\/\" >weiter<\/a><\/p>\n","protected":false},"author":9,"featured_media":38708,"comment_status":"closed","ping_status":"closed","sticky":false,"template":"","format":"standard","meta":{"footnotes":""},"categories":[5841],"tags":[5842,186,249,4888,4118,5878,1059],"settings":[3523],"class_list":["post-42307","post","type-post","status-publish","format-standard","has-post-thumbnail","hentry","category-editorial","tag-editorial","tag-knorr-bremse","tag-liqui-moly","tag-nfz-aftermarket","tag-qualitaet-ist-mehrwert","tag-roundtable","tag-skf"],"yoast_head":"<!-- This site is optimized with the Yoast SEO plugin v27.3 - https:\/\/yoast.com\/product\/yoast-seo-wordpress\/ -->\n<title>Georg Blenk I Editorial Krafthand-Truck I Ausgabe 1-2025<\/title>\n<meta name=\"description\" content=\"Editorial Krafthand-Truck, Ausgabe 1-2025, Georg Blenk: &quot;Wenn wir stehen bleiben, zaudern, zur\u00fcckgehen, erreichen wir nicht unser Ziel.&quot;\" \/>\n<meta name=\"robots\" content=\"index, follow, max-snippet:-1, max-image-preview:large, max-video-preview:-1\" \/>\n<link rel=\"canonical\" href=\"https:\/\/www.krafthand.de\/truck\/artikel\/zielgerichtet-42307\/\" \/>\n<meta property=\"og:locale\" content=\"de_DE\" \/>\n<meta property=\"og:type\" content=\"article\" \/>\n<meta property=\"og:title\" content=\"Georg Blenk I Editorial Krafthand-Truck I Ausgabe 1-2025\" \/>\n<meta property=\"og:description\" content=\"Editorial Krafthand-Truck, Ausgabe 1-2025, Georg Blenk: &quot;Wenn wir stehen bleiben, zaudern, zur\u00fcckgehen, erreichen wir nicht unser Ziel.&quot;\" \/>\n<meta property=\"og:url\" content=\"https:\/\/www.krafthand-truck.de\/artikel\/zielgerichtet-42307\/\" \/>\n<meta property=\"og:site_name\" content=\"Krafthand-Truck\" \/>\n<meta property=\"article:published_time\" content=\"2025-03-10T08:49:17+00:00\" \/>\n<meta property=\"article:modified_time\" content=\"2025-11-14T13:18:26+00:00\" \/>\n<meta property=\"og:image\" content=\"https:\/\/static.krafthand-truck.de\/uploads\/2024\/01\/Georg_Blenk_Portrait.jpg\" \/>\n\t<meta property=\"og:image:width\" content=\"1339\" \/>\n\t<meta property=\"og:image:height\" content=\"890\" \/>\n\t<meta property=\"og:image:type\" content=\"image\/jpeg\" \/>\n<meta name=\"author\" content=\"georg.blenk@krafthand-medien.de\" \/>\n<meta name=\"twitter:card\" content=\"summary_large_image\" \/>\n<meta name=\"twitter:label1\" content=\"Verfasst von\" \/>\n\t<meta name=\"twitter:data1\" content=\"georg.blenk@krafthand-medien.de\" \/>\n\t<meta name=\"twitter:label2\" content=\"Gesch\u00e4tzte Lesezeit\" \/>\n\t<meta name=\"twitter:data2\" content=\"2\u00a0Minuten\" \/>\n<script type=\"application\/ld+json\" class=\"yoast-schema-graph\">{\"@context\":\"https:\\\/\\\/schema.org\",\"@graph\":[{\"@type\":\"Article\",\"@id\":\"https:\\\/\\\/www.krafthand.de\\\/truck\\\/artikel\\\/zielgerichtet-42307\\\/#article\",\"isPartOf\":{\"@id\":\"https:\\\/\\\/www.krafthand.de\\\/truck\\\/artikel\\\/zielgerichtet-42307\\\/\"},\"author\":{\"name\":\"georg.blenk@krafthand-medien.de\",\"@id\":\"https:\\\/\\\/www.krafthand.de\\\/truck\\\/#\\\/schema\\\/person\\\/51fa80b1c57034c4bf63f9f988fc24ce\"},\"headline\":\"Zielgerichtet\",\"datePublished\":\"2025-03-10T08:49:17+00:00\",\"dateModified\":\"2025-11-14T13:18:26+00:00\",\"mainEntityOfPage\":{\"@id\":\"https:\\\/\\\/www.krafthand.de\\\/truck\\\/artikel\\\/zielgerichtet-42307\\\/\"},\"wordCount\":219,\"image\":{\"@id\":\"https:\\\/\\\/www.krafthand.de\\\/truck\\\/artikel\\\/zielgerichtet-42307\\\/#primaryimage\"},\"thumbnailUrl\":\"https:\\\/\\\/static.krafthand-truck.de\\\/uploads\\\/2024\\\/01\\\/Georg_Blenk_Portrait.jpg\",\"keywords\":[\"Editorial\",\"Knorr-Bremse\",\"Liqui Moly\",\"Nfz-Aftermarket\",\"Qualit\u00e4t ist Mehrwert\",\"Roundtable\",\"SKF\"],\"articleSection\":[\"Editorial\"],\"inLanguage\":\"de\"},{\"@type\":\"WebPage\",\"@id\":\"https:\\\/\\\/www.krafthand.de\\\/truck\\\/artikel\\\/zielgerichtet-42307\\\/\",\"url\":\"https:\\\/\\\/www.krafthand.de\\\/truck\\\/artikel\\\/zielgerichtet-42307\\\/\",\"name\":\"Georg Blenk I Editorial Krafthand-Truck I Ausgabe 1-2025\",\"isPartOf\":{\"@id\":\"https:\\\/\\\/www.krafthand.de\\\/truck\\\/#website\"},\"primaryImageOfPage\":{\"@id\":\"https:\\\/\\\/www.krafthand.de\\\/truck\\\/artikel\\\/zielgerichtet-42307\\\/#primaryimage\"},\"image\":{\"@id\":\"https:\\\/\\\/www.krafthand.de\\\/truck\\\/artikel\\\/zielgerichtet-42307\\\/#primaryimage\"},\"thumbnailUrl\":\"https:\\\/\\\/static.krafthand-truck.de\\\/uploads\\\/2024\\\/01\\\/Georg_Blenk_Portrait.jpg\",\"datePublished\":\"2025-03-10T08:49:17+00:00\",\"dateModified\":\"2025-11-14T13:18:26+00:00\",\"author\":{\"@id\":\"https:\\\/\\\/www.krafthand.de\\\/truck\\\/#\\\/schema\\\/person\\\/51fa80b1c57034c4bf63f9f988fc24ce\"},\"description\":\"Editorial Krafthand-Truck, Ausgabe 1-2025, Georg Blenk: \\\"Wenn wir stehen bleiben, zaudern, zur\u00fcckgehen, erreichen wir nicht unser Ziel.\\\"\",\"breadcrumb\":{\"@id\":\"https:\\\/\\\/www.krafthand.de\\\/truck\\\/artikel\\\/zielgerichtet-42307\\\/#breadcrumb\"},\"inLanguage\":\"de\",\"potentialAction\":[{\"@type\":\"ReadAction\",\"target\":[\"https:\\\/\\\/www.krafthand.de\\\/truck\\\/artikel\\\/zielgerichtet-42307\\\/\"]}]},{\"@type\":\"ImageObject\",\"inLanguage\":\"de\",\"@id\":\"https:\\\/\\\/www.krafthand.de\\\/truck\\\/artikel\\\/zielgerichtet-42307\\\/#primaryimage\",\"url\":\"https:\\\/\\\/static.krafthand-truck.de\\\/uploads\\\/2024\\\/01\\\/Georg_Blenk_Portrait.jpg\",\"contentUrl\":\"https:\\\/\\\/static.krafthand-truck.de\\\/uploads\\\/2024\\\/01\\\/Georg_Blenk_Portrait.jpg\",\"width\":1339,\"height\":890},{\"@type\":\"BreadcrumbList\",\"@id\":\"https:\\\/\\\/www.krafthand.de\\\/truck\\\/artikel\\\/zielgerichtet-42307\\\/#breadcrumb\",\"itemListElement\":[{\"@type\":\"ListItem\",\"position\":1,\"name\":\"Krafthand-Truck\",\"item\":\"https:\\\/\\\/www.krafthand.de\\\/truck\\\/\"},{\"@type\":\"ListItem\",\"position\":2,\"name\":\"Editorial\",\"item\":\"https:\\\/\\\/www.krafthand.de\\\/truck\\\/kategorie\\\/editorial\\\/\"},{\"@type\":\"ListItem\",\"position\":3,\"name\":\"Zielgerichtet\"}]},{\"@type\":\"WebSite\",\"@id\":\"https:\\\/\\\/www.krafthand.de\\\/truck\\\/#website\",\"url\":\"https:\\\/\\\/www.krafthand.de\\\/truck\\\/\",\"name\":\"Krafthand-Truck\",\"description\":\"\",\"potentialAction\":[{\"@type\":\"SearchAction\",\"target\":{\"@type\":\"EntryPoint\",\"urlTemplate\":\"https:\\\/\\\/www.krafthand.de\\\/truck\\\/?s={search_term_string}\"},\"query-input\":{\"@type\":\"PropertyValueSpecification\",\"valueRequired\":true,\"valueName\":\"search_term_string\"}}],\"inLanguage\":\"de\"},{\"@type\":\"Person\",\"@id\":\"https:\\\/\\\/www.krafthand.de\\\/truck\\\/#\\\/schema\\\/person\\\/51fa80b1c57034c4bf63f9f988fc24ce\",\"name\":\"georg.blenk@krafthand-medien.de\",\"image\":{\"@type\":\"ImageObject\",\"inLanguage\":\"de\",\"@id\":\"https:\\\/\\\/secure.gravatar.com\\\/avatar\\\/93713c30affe0aa95d3a4130e499bb1abee2eb31adbdd9ce2aa1543538490215?s=96&d=mm&r=g\",\"url\":\"https:\\\/\\\/secure.gravatar.com\\\/avatar\\\/93713c30affe0aa95d3a4130e499bb1abee2eb31adbdd9ce2aa1543538490215?s=96&d=mm&r=g\",\"contentUrl\":\"https:\\\/\\\/secure.gravatar.com\\\/avatar\\\/93713c30affe0aa95d3a4130e499bb1abee2eb31adbdd9ce2aa1543538490215?s=96&d=mm&r=g\",\"caption\":\"georg.blenk@krafthand-medien.de\"}}]}<\/script>\n<!-- \/ Yoast SEO plugin. -->","yoast_head_json":{"title":"Georg Blenk I Editorial Krafthand-Truck I Ausgabe 1-2025","description":"Editorial Krafthand-Truck, Ausgabe 1-2025, Georg Blenk: \"Wenn wir stehen bleiben, zaudern, zur\u00fcckgehen, erreichen wir nicht unser Ziel.\"","robots":{"index":"index","follow":"follow","max-snippet":"max-snippet:-1","max-image-preview":"max-image-preview:large","max-video-preview":"max-video-preview:-1"},"canonical":"https:\/\/www.krafthand.de\/truck\/artikel\/zielgerichtet-42307\/","og_locale":"de_DE","og_type":"article","og_title":"Georg Blenk I Editorial Krafthand-Truck I Ausgabe 1-2025","og_description":"Editorial Krafthand-Truck, Ausgabe 1-2025, Georg Blenk: \"Wenn wir stehen bleiben, zaudern, zur\u00fcckgehen, erreichen wir nicht unser Ziel.\"","og_url":"https:\/\/www.krafthand-truck.de\/artikel\/zielgerichtet-42307\/","og_site_name":"Krafthand-Truck","article_published_time":"2025-03-10T08:49:17+00:00","article_modified_time":"2025-11-14T13:18:26+00:00","og_image":[{"width":1339,"height":890,"url":"https:\/\/static.krafthand-truck.de\/uploads\/2024\/01\/Georg_Blenk_Portrait.jpg","type":"image\/jpeg"}],"author":"georg.blenk@krafthand-medien.de","twitter_card":"summary_large_image","twitter_misc":{"Verfasst von":"georg.blenk@krafthand-medien.de","Gesch\u00e4tzte Lesezeit":"2\u00a0Minuten"},"schema":{"@context":"https:\/\/schema.org","@graph":[{"@type":"Article","@id":"https:\/\/www.krafthand.de\/truck\/artikel\/zielgerichtet-42307\/#article","isPartOf":{"@id":"https:\/\/www.krafthand.de\/truck\/artikel\/zielgerichtet-42307\/"},"author":{"name":"georg.blenk@krafthand-medien.de","@id":"https:\/\/www.krafthand.de\/truck\/#\/schema\/person\/51fa80b1c57034c4bf63f9f988fc24ce"},"headline":"Zielgerichtet","datePublished":"2025-03-10T08:49:17+00:00","dateModified":"2025-11-14T13:18:26+00:00","mainEntityOfPage":{"@id":"https:\/\/www.krafthand.de\/truck\/artikel\/zielgerichtet-42307\/"},"wordCount":219,"image":{"@id":"https:\/\/www.krafthand.de\/truck\/artikel\/zielgerichtet-42307\/#primaryimage"},"thumbnailUrl":"https:\/\/static.krafthand-truck.de\/uploads\/2024\/01\/Georg_Blenk_Portrait.jpg","keywords":["Editorial","Knorr-Bremse","Liqui Moly","Nfz-Aftermarket","Qualit\u00e4t ist Mehrwert","Roundtable","SKF"],"articleSection":["Editorial"],"inLanguage":"de"},{"@type":"WebPage","@id":"https:\/\/www.krafthand.de\/truck\/artikel\/zielgerichtet-42307\/","url":"https:\/\/www.krafthand.de\/truck\/artikel\/zielgerichtet-42307\/","name":"Georg Blenk I Editorial Krafthand-Truck I Ausgabe 1-2025","isPartOf":{"@id":"https:\/\/www.krafthand.de\/truck\/#website"},"primaryImageOfPage":{"@id":"https:\/\/www.krafthand.de\/truck\/artikel\/zielgerichtet-42307\/#primaryimage"},"image":{"@id":"https:\/\/www.krafthand.de\/truck\/artikel\/zielgerichtet-42307\/#primaryimage"},"thumbnailUrl":"https:\/\/static.krafthand-truck.de\/uploads\/2024\/01\/Georg_Blenk_Portrait.jpg","datePublished":"2025-03-10T08:49:17+00:00","dateModified":"2025-11-14T13:18:26+00:00","author":{"@id":"https:\/\/www.krafthand.de\/truck\/#\/schema\/person\/51fa80b1c57034c4bf63f9f988fc24ce"},"description":"Editorial Krafthand-Truck, Ausgabe 1-2025, Georg Blenk: \"Wenn wir stehen bleiben, zaudern, zur\u00fcckgehen, erreichen wir nicht unser Ziel.\"","breadcrumb":{"@id":"https:\/\/www.krafthand.de\/truck\/artikel\/zielgerichtet-42307\/#breadcrumb"},"inLanguage":"de","potentialAction":[{"@type":"ReadAction","target":["https:\/\/www.krafthand.de\/truck\/artikel\/zielgerichtet-42307\/"]}]},{"@type":"ImageObject","inLanguage":"de","@id":"https:\/\/www.krafthand.de\/truck\/artikel\/zielgerichtet-42307\/#primaryimage","url":"https:\/\/static.krafthand-truck.de\/uploads\/2024\/01\/Georg_Blenk_Portrait.jpg","contentUrl":"https:\/\/static.krafthand-truck.de\/uploads\/2024\/01\/Georg_Blenk_Portrait.jpg","width":1339,"height":890},{"@type":"BreadcrumbList","@id":"https:\/\/www.krafthand.de\/truck\/artikel\/zielgerichtet-42307\/#breadcrumb","itemListElement":[{"@type":"ListItem","position":1,"name":"Krafthand-Truck","item":"https:\/\/www.krafthand.de\/truck\/"},{"@type":"ListItem","position":2,"name":"Editorial","item":"https:\/\/www.krafthand.de\/truck\/kategorie\/editorial\/"},{"@type":"ListItem","position":3,"name":"Zielgerichtet"}]},{"@type":"WebSite","@id":"https:\/\/www.krafthand.de\/truck\/#website","url":"https:\/\/www.krafthand.de\/truck\/","name":"Krafthand-Truck","description":"","potentialAction":[{"@type":"SearchAction","target":{"@type":"EntryPoint","urlTemplate":"https:\/\/www.krafthand.de\/truck\/?s={search_term_string}"},"query-input":{"@type":"PropertyValueSpecification","valueRequired":true,"valueName":"search_term_string"}}],"inLanguage":"de"},{"@type":"Person","@id":"https:\/\/www.krafthand.de\/truck\/#\/schema\/person\/51fa80b1c57034c4bf63f9f988fc24ce","name":"georg.blenk@krafthand-medien.de","image":{"@type":"ImageObject","inLanguage":"de","@id":"https:\/\/secure.gravatar.com\/avatar\/93713c30affe0aa95d3a4130e499bb1abee2eb31adbdd9ce2aa1543538490215?s=96&d=mm&r=g","url":"https:\/\/secure.gravatar.com\/avatar\/93713c30affe0aa95d3a4130e499bb1abee2eb31adbdd9ce2aa1543538490215?s=96&d=mm&r=g","contentUrl":"https:\/\/secure.gravatar.com\/avatar\/93713c30affe0aa95d3a4130e499bb1abee2eb31adbdd9ce2aa1543538490215?s=96&d=mm&r=g","caption":"georg.blenk@krafthand-medien.de"}}]}},"_links":{"self":[{"href":"https:\/\/www.krafthand.de\/truck\/wp-json\/wp\/v2\/posts\/42307","targetHints":{"allow":["GET"]}}],"collection":[{"href":"https:\/\/www.krafthand.de\/truck\/wp-json\/wp\/v2\/posts"}],"about":[{"href":"https:\/\/www.krafthand.de\/truck\/wp-json\/wp\/v2\/types\/post"}],"author":[{"embeddable":true,"href":"https:\/\/www.krafthand.de\/truck\/wp-json\/wp\/v2\/users\/9"}],"replies":[{"embeddable":true,"href":"https:\/\/www.krafthand.de\/truck\/wp-json\/wp\/v2\/comments?post=42307"}],"version-history":[{"count":2,"href":"https:\/\/www.krafthand.de\/truck\/wp-json\/wp\/v2\/posts\/42307\/revisions"}],"predecessor-version":[{"id":42310,"href":"https:\/\/www.krafthand.de\/truck\/wp-json\/wp\/v2\/posts\/42307\/revisions\/42310"}],"wp:featuredmedia":[{"embeddable":true,"href":"https:\/\/www.krafthand.de\/truck\/wp-json\/wp\/v2\/media\/38708"}],"wp:attachment":[{"href":"https:\/\/www.krafthand.de\/truck\/wp-json\/wp\/v2\/media?parent=42307"}],"wp:term":[{"taxonomy":"category","embeddable":true,"href":"https:\/\/www.krafthand.de\/truck\/wp-json\/wp\/v2\/categories?post=42307"},{"taxonomy":"post_tag","embeddable":true,"href":"https:\/\/www.krafthand.de\/truck\/wp-json\/wp\/v2\/tags?post=42307"},{"taxonomy":"settings","embeddable":true,"href":"https:\/\/www.krafthand.de\/truck\/wp-json\/wp\/v2\/settings?post=42307"}],"curies":[{"name":"wp","href":"https:\/\/api.w.org\/{rel}","templated":true}]}}