{"id":42235,"date":"2025-03-05T08:12:49","date_gmt":"2025-03-05T07:12:49","guid":{"rendered":"https:\/\/www.krafthand.de\/truck\/?p=42235"},"modified":"2025-03-05T08:57:27","modified_gmt":"2025-03-05T07:57:27","slug":"wm-se-werkstattmessen-in-stuttgart-und-berlin","status":"publish","type":"post","link":"https:\/\/www.krafthand.de\/truck\/artikel\/wm-se-werkstattmessen-in-stuttgart-und-berlin-42235\/","title":{"rendered":"WM SE: Werkstattmessen in Stuttgart und Berlin"},"content":{"rendered":"<p>Die WM SE mit Hauptsitz in Osnabr\u00fcck, geh\u00f6rt zu den gr\u00f6\u00dften Kfz-\/Nfz-Teile- und Zubeh\u00f6r-H\u00e4ndlern in Europa. Das Portfolio umfasst neben den Fahrzeugteilen selbst, modernste Diagnosetechnik, Schmierstoffe, Werkstattchemie, Reifen und R\u00e4der sowie allgemeine Werkstattausr\u00fcstung. Dabei geht es auch um die Reparatur und Wartung von Nutzfahrzeugen.<\/p>\n<p>Unter dem Motto \u201aRundum Werkstatt\u2018 finden jetzt die ersten Werkstattmessen 2025 in Stuttgart (4. &#8211; 6. April) und Berlin (23. &#8211; 25. Mai) statt. Zwei weitere Messen in Dortmund und M\u00fcnchen folgen. Eine Vielzahl namhafter, internationaler Marken und Unternehmen stellen ihr Produkt- und Dienstleistungsportfolio vor. Unter der Eigenmarke Monochrom finden sich ebenfalls Diagnose-Tools, Reifenmontier- und Wuchtmaschinen, Hebeb\u00fchnen und Werkzeuge aller Art. Auch das Nfz-Werkstattkonzept TRUCKFIT wird pr\u00e4sentiert. Abgerundet wird das Messeevent durch zahlreiche Live-Vorf\u00fchrungen sowie ein umfangreiches Entertainment-Programm. Mehr Informationen zu den Werkstattmessen der WM SE sind unter <a href=\"https:\/\/www.wm-werkstattmessen.de\" target=\"_blank\" rel=\"noopener\">www.wm-werkstattmessen.de<\/a> zu finden.<\/p>\n<p><i>Den Beitrag finden Sie auch in der Print-Ausgabe 1-2025 der <a href=\"https:\/\/www.krafthand.de\/truck\/magazin\/\" title=\"Zum Magazin\">Krafthand-Truck<\/a>.<\/i><\/p>","protected":false},"excerpt":{"rendered":"<p>Unter dem Motto \u201aRundum Werkstatt\u2018 finden in K\u00fcrze in Stuttgart und Berlin die ersten Werkstattmessen 2025 der WM SE statt. Zwei weitere Messen in Dortmund und M\u00fcnchen folgen. <span class=\"excerpt-more__dots\">&#8230;<\/span> <a class=\"excerpt-more__link\" href=\"https:\/\/www.krafthand.de\/truck\/artikel\/wm-se-werkstattmessen-in-stuttgart-und-berlin-42235\/\" >weiter<\/a><\/p>\n","protected":false},"author":9,"featured_media":42237,"comment_status":"closed","ping_status":"closed","sticky":false,"template":"","format":"standard","meta":{"footnotes":""},"categories":[4236],"tags":[522,4085,3203,6199,4084],"settings":[4766],"class_list":["post-42235","post","type-post","status-publish","format-standard","has-post-thumbnail","hentry","category-veranstaltungen","tag-teilehandel","tag-truckfit","tag-werkstattmessen","tag-wessels-mueller","tag-wm-se"],"yoast_head":"<!-- This site is optimized with the Yoast SEO plugin v27.3 - https:\/\/yoast.com\/product\/yoast-seo-wordpress\/ -->\n<title>WM SE: Werkstattmessen in Stuttgart und Berlin - Krafthand-Truck<\/title>\n<meta name=\"description\" content=\"Unter dem Motto \u201aRundum Werkstatt\u2018 finden in K\u00fcrze in Stuttgart und Berlin die ersten Werkstattmessen 2025 der WM SE statt.\" \/>\n<meta name=\"robots\" content=\"index, follow, max-snippet:-1, max-image-preview:large, max-video-preview:-1\" \/>\n<link rel=\"canonical\" href=\"https:\/\/www.krafthand.de\/truck\/artikel\/wm-se-werkstattmessen-in-stuttgart-und-berlin-42235\/\" \/>\n<meta property=\"og:locale\" content=\"de_DE\" \/>\n<meta property=\"og:type\" content=\"article\" \/>\n<meta property=\"og:title\" content=\"WM SE: Werkstattmessen in Stuttgart und Berlin - Krafthand-Truck\" \/>\n<meta property=\"og:description\" content=\"Unter dem Motto \u201aRundum Werkstatt\u2018 finden in K\u00fcrze in Stuttgart und Berlin die ersten Werkstattmessen 2025 der WM SE statt.\" \/>\n<meta property=\"og:url\" content=\"https:\/\/www.krafthand-truck.de\/artikel\/wm-se-werkstattmessen-in-stuttgart-und-berlin-42235\/\" \/>\n<meta property=\"og:site_name\" content=\"Krafthand-Truck\" \/>\n<meta property=\"article:published_time\" content=\"2025-03-05T07:12:49+00:00\" \/>\n<meta property=\"article:modified_time\" content=\"2025-03-05T07:57:27+00:00\" \/>\n<meta property=\"og:image\" content=\"https:\/\/static.krafthand-truck.de\/uploads\/2025\/03\/WM_SE_Werkstattmessen_2025.jpg\" \/>\n\t<meta property=\"og:image:width\" content=\"1200\" \/>\n\t<meta property=\"og:image:height\" content=\"765\" \/>\n\t<meta property=\"og:image:type\" content=\"image\/jpeg\" \/>\n<meta name=\"author\" content=\"georg.blenk@krafthand-medien.de\" \/>\n<meta name=\"twitter:card\" content=\"summary_large_image\" \/>\n<meta name=\"twitter:label1\" content=\"Verfasst von\" \/>\n\t<meta name=\"twitter:data1\" content=\"georg.blenk@krafthand-medien.de\" \/>\n\t<meta name=\"twitter:label2\" content=\"Gesch\u00e4tzte Lesezeit\" \/>\n\t<meta name=\"twitter:data2\" content=\"1\u00a0Minute\" \/>\n<script type=\"application\/ld+json\" class=\"yoast-schema-graph\">{\"@context\":\"https:\\\/\\\/schema.org\",\"@graph\":[{\"@type\":\"Article\",\"@id\":\"https:\\\/\\\/www.krafthand.de\\\/truck\\\/artikel\\\/wm-se-werkstattmessen-in-stuttgart-und-berlin-42235\\\/#article\",\"isPartOf\":{\"@id\":\"https:\\\/\\\/www.krafthand.de\\\/truck\\\/artikel\\\/wm-se-werkstattmessen-in-stuttgart-und-berlin-42235\\\/\"},\"author\":{\"name\":\"georg.blenk@krafthand-medien.de\",\"@id\":\"https:\\\/\\\/www.krafthand.de\\\/truck\\\/#\\\/schema\\\/person\\\/51fa80b1c57034c4bf63f9f988fc24ce\"},\"headline\":\"WM SE: Werkstattmessen in Stuttgart und Berlin\",\"datePublished\":\"2025-03-05T07:12:49+00:00\",\"dateModified\":\"2025-03-05T07:57:27+00:00\",\"mainEntityOfPage\":{\"@id\":\"https:\\\/\\\/www.krafthand.de\\\/truck\\\/artikel\\\/wm-se-werkstattmessen-in-stuttgart-und-berlin-42235\\\/\"},\"wordCount\":151,\"image\":{\"@id\":\"https:\\\/\\\/www.krafthand.de\\\/truck\\\/artikel\\\/wm-se-werkstattmessen-in-stuttgart-und-berlin-42235\\\/#primaryimage\"},\"thumbnailUrl\":\"https:\\\/\\\/static.krafthand-truck.de\\\/uploads\\\/2025\\\/03\\\/WM_SE_Werkstattmessen_2025.jpg\",\"keywords\":[\"Teilehandel\",\"Truckfit\",\"Werkstattmessen\",\"Wessels-M\u00fcller\",\"WM SE\"],\"articleSection\":[\"Veranstaltungen\\\/Messen\"],\"inLanguage\":\"de\"},{\"@type\":\"WebPage\",\"@id\":\"https:\\\/\\\/www.krafthand.de\\\/truck\\\/artikel\\\/wm-se-werkstattmessen-in-stuttgart-und-berlin-42235\\\/\",\"url\":\"https:\\\/\\\/www.krafthand.de\\\/truck\\\/artikel\\\/wm-se-werkstattmessen-in-stuttgart-und-berlin-42235\\\/\",\"name\":\"WM SE: Werkstattmessen in Stuttgart und Berlin - Krafthand-Truck\",\"isPartOf\":{\"@id\":\"https:\\\/\\\/www.krafthand.de\\\/truck\\\/#website\"},\"primaryImageOfPage\":{\"@id\":\"https:\\\/\\\/www.krafthand.de\\\/truck\\\/artikel\\\/wm-se-werkstattmessen-in-stuttgart-und-berlin-42235\\\/#primaryimage\"},\"image\":{\"@id\":\"https:\\\/\\\/www.krafthand.de\\\/truck\\\/artikel\\\/wm-se-werkstattmessen-in-stuttgart-und-berlin-42235\\\/#primaryimage\"},\"thumbnailUrl\":\"https:\\\/\\\/static.krafthand-truck.de\\\/uploads\\\/2025\\\/03\\\/WM_SE_Werkstattmessen_2025.jpg\",\"datePublished\":\"2025-03-05T07:12:49+00:00\",\"dateModified\":\"2025-03-05T07:57:27+00:00\",\"author\":{\"@id\":\"https:\\\/\\\/www.krafthand.de\\\/truck\\\/#\\\/schema\\\/person\\\/51fa80b1c57034c4bf63f9f988fc24ce\"},\"description\":\"Unter dem Motto \u201aRundum Werkstatt\u2018 finden in K\u00fcrze in Stuttgart und Berlin die ersten Werkstattmessen 2025 der WM SE statt.\",\"breadcrumb\":{\"@id\":\"https:\\\/\\\/www.krafthand.de\\\/truck\\\/artikel\\\/wm-se-werkstattmessen-in-stuttgart-und-berlin-42235\\\/#breadcrumb\"},\"inLanguage\":\"de\",\"potentialAction\":[{\"@type\":\"ReadAction\",\"target\":[\"https:\\\/\\\/www.krafthand.de\\\/truck\\\/artikel\\\/wm-se-werkstattmessen-in-stuttgart-und-berlin-42235\\\/\"]}]},{\"@type\":\"ImageObject\",\"inLanguage\":\"de\",\"@id\":\"https:\\\/\\\/www.krafthand.de\\\/truck\\\/artikel\\\/wm-se-werkstattmessen-in-stuttgart-und-berlin-42235\\\/#primaryimage\",\"url\":\"https:\\\/\\\/static.krafthand-truck.de\\\/uploads\\\/2025\\\/03\\\/WM_SE_Werkstattmessen_2025.jpg\",\"contentUrl\":\"https:\\\/\\\/static.krafthand-truck.de\\\/uploads\\\/2025\\\/03\\\/WM_SE_Werkstattmessen_2025.jpg\",\"width\":1200,\"height\":765},{\"@type\":\"BreadcrumbList\",\"@id\":\"https:\\\/\\\/www.krafthand.de\\\/truck\\\/artikel\\\/wm-se-werkstattmessen-in-stuttgart-und-berlin-42235\\\/#breadcrumb\",\"itemListElement\":[{\"@type\":\"ListItem\",\"position\":1,\"name\":\"Krafthand-Truck\",\"item\":\"https:\\\/\\\/www.krafthand.de\\\/truck\\\/\"},{\"@type\":\"ListItem\",\"position\":2,\"name\":\"Nfz-Branche\",\"item\":\"https:\\\/\\\/www.krafthand.de\\\/truck\\\/kategorie\\\/branche\\\/\"},{\"@type\":\"ListItem\",\"position\":3,\"name\":\"Veranstaltungen\\\/Messen\",\"item\":\"https:\\\/\\\/www.krafthand.de\\\/truck\\\/kategorie\\\/branche\\\/veranstaltungen\\\/\"},{\"@type\":\"ListItem\",\"position\":4,\"name\":\"WM SE: Werkstattmessen in Stuttgart und Berlin\"}]},{\"@type\":\"WebSite\",\"@id\":\"https:\\\/\\\/www.krafthand.de\\\/truck\\\/#website\",\"url\":\"https:\\\/\\\/www.krafthand.de\\\/truck\\\/\",\"name\":\"Krafthand-Truck\",\"description\":\"\",\"potentialAction\":[{\"@type\":\"SearchAction\",\"target\":{\"@type\":\"EntryPoint\",\"urlTemplate\":\"https:\\\/\\\/www.krafthand.de\\\/truck\\\/?s={search_term_string}\"},\"query-input\":{\"@type\":\"PropertyValueSpecification\",\"valueRequired\":true,\"valueName\":\"search_term_string\"}}],\"inLanguage\":\"de\"},{\"@type\":\"Person\",\"@id\":\"https:\\\/\\\/www.krafthand.de\\\/truck\\\/#\\\/schema\\\/person\\\/51fa80b1c57034c4bf63f9f988fc24ce\",\"name\":\"georg.blenk@krafthand-medien.de\",\"image\":{\"@type\":\"ImageObject\",\"inLanguage\":\"de\",\"@id\":\"https:\\\/\\\/secure.gravatar.com\\\/avatar\\\/93713c30affe0aa95d3a4130e499bb1abee2eb31adbdd9ce2aa1543538490215?s=96&d=mm&r=g\",\"url\":\"https:\\\/\\\/secure.gravatar.com\\\/avatar\\\/93713c30affe0aa95d3a4130e499bb1abee2eb31adbdd9ce2aa1543538490215?s=96&d=mm&r=g\",\"contentUrl\":\"https:\\\/\\\/secure.gravatar.com\\\/avatar\\\/93713c30affe0aa95d3a4130e499bb1abee2eb31adbdd9ce2aa1543538490215?s=96&d=mm&r=g\",\"caption\":\"georg.blenk@krafthand-medien.de\"}}]}<\/script>\n<!-- \/ Yoast SEO plugin. -->","yoast_head_json":{"title":"WM SE: Werkstattmessen in Stuttgart und Berlin - Krafthand-Truck","description":"Unter dem Motto \u201aRundum Werkstatt\u2018 finden in K\u00fcrze in Stuttgart und Berlin die ersten Werkstattmessen 2025 der WM SE statt.","robots":{"index":"index","follow":"follow","max-snippet":"max-snippet:-1","max-image-preview":"max-image-preview:large","max-video-preview":"max-video-preview:-1"},"canonical":"https:\/\/www.krafthand.de\/truck\/artikel\/wm-se-werkstattmessen-in-stuttgart-und-berlin-42235\/","og_locale":"de_DE","og_type":"article","og_title":"WM SE: Werkstattmessen in Stuttgart und Berlin - Krafthand-Truck","og_description":"Unter dem Motto \u201aRundum Werkstatt\u2018 finden in K\u00fcrze in Stuttgart und Berlin die ersten Werkstattmessen 2025 der WM SE statt.","og_url":"https:\/\/www.krafthand-truck.de\/artikel\/wm-se-werkstattmessen-in-stuttgart-und-berlin-42235\/","og_site_name":"Krafthand-Truck","article_published_time":"2025-03-05T07:12:49+00:00","article_modified_time":"2025-03-05T07:57:27+00:00","og_image":[{"width":1200,"height":765,"url":"https:\/\/static.krafthand-truck.de\/uploads\/2025\/03\/WM_SE_Werkstattmessen_2025.jpg","type":"image\/jpeg"}],"author":"georg.blenk@krafthand-medien.de","twitter_card":"summary_large_image","twitter_misc":{"Verfasst von":"georg.blenk@krafthand-medien.de","Gesch\u00e4tzte Lesezeit":"1\u00a0Minute"},"schema":{"@context":"https:\/\/schema.org","@graph":[{"@type":"Article","@id":"https:\/\/www.krafthand.de\/truck\/artikel\/wm-se-werkstattmessen-in-stuttgart-und-berlin-42235\/#article","isPartOf":{"@id":"https:\/\/www.krafthand.de\/truck\/artikel\/wm-se-werkstattmessen-in-stuttgart-und-berlin-42235\/"},"author":{"name":"georg.blenk@krafthand-medien.de","@id":"https:\/\/www.krafthand.de\/truck\/#\/schema\/person\/51fa80b1c57034c4bf63f9f988fc24ce"},"headline":"WM SE: Werkstattmessen in Stuttgart und Berlin","datePublished":"2025-03-05T07:12:49+00:00","dateModified":"2025-03-05T07:57:27+00:00","mainEntityOfPage":{"@id":"https:\/\/www.krafthand.de\/truck\/artikel\/wm-se-werkstattmessen-in-stuttgart-und-berlin-42235\/"},"wordCount":151,"image":{"@id":"https:\/\/www.krafthand.de\/truck\/artikel\/wm-se-werkstattmessen-in-stuttgart-und-berlin-42235\/#primaryimage"},"thumbnailUrl":"https:\/\/static.krafthand-truck.de\/uploads\/2025\/03\/WM_SE_Werkstattmessen_2025.jpg","keywords":["Teilehandel","Truckfit","Werkstattmessen","Wessels-M\u00fcller","WM SE"],"articleSection":["Veranstaltungen\/Messen"],"inLanguage":"de"},{"@type":"WebPage","@id":"https:\/\/www.krafthand.de\/truck\/artikel\/wm-se-werkstattmessen-in-stuttgart-und-berlin-42235\/","url":"https:\/\/www.krafthand.de\/truck\/artikel\/wm-se-werkstattmessen-in-stuttgart-und-berlin-42235\/","name":"WM SE: Werkstattmessen in Stuttgart und Berlin - Krafthand-Truck","isPartOf":{"@id":"https:\/\/www.krafthand.de\/truck\/#website"},"primaryImageOfPage":{"@id":"https:\/\/www.krafthand.de\/truck\/artikel\/wm-se-werkstattmessen-in-stuttgart-und-berlin-42235\/#primaryimage"},"image":{"@id":"https:\/\/www.krafthand.de\/truck\/artikel\/wm-se-werkstattmessen-in-stuttgart-und-berlin-42235\/#primaryimage"},"thumbnailUrl":"https:\/\/static.krafthand-truck.de\/uploads\/2025\/03\/WM_SE_Werkstattmessen_2025.jpg","datePublished":"2025-03-05T07:12:49+00:00","dateModified":"2025-03-05T07:57:27+00:00","author":{"@id":"https:\/\/www.krafthand.de\/truck\/#\/schema\/person\/51fa80b1c57034c4bf63f9f988fc24ce"},"description":"Unter dem Motto \u201aRundum Werkstatt\u2018 finden in K\u00fcrze in Stuttgart und Berlin die ersten Werkstattmessen 2025 der WM SE statt.","breadcrumb":{"@id":"https:\/\/www.krafthand.de\/truck\/artikel\/wm-se-werkstattmessen-in-stuttgart-und-berlin-42235\/#breadcrumb"},"inLanguage":"de","potentialAction":[{"@type":"ReadAction","target":["https:\/\/www.krafthand.de\/truck\/artikel\/wm-se-werkstattmessen-in-stuttgart-und-berlin-42235\/"]}]},{"@type":"ImageObject","inLanguage":"de","@id":"https:\/\/www.krafthand.de\/truck\/artikel\/wm-se-werkstattmessen-in-stuttgart-und-berlin-42235\/#primaryimage","url":"https:\/\/static.krafthand-truck.de\/uploads\/2025\/03\/WM_SE_Werkstattmessen_2025.jpg","contentUrl":"https:\/\/static.krafthand-truck.de\/uploads\/2025\/03\/WM_SE_Werkstattmessen_2025.jpg","width":1200,"height":765},{"@type":"BreadcrumbList","@id":"https:\/\/www.krafthand.de\/truck\/artikel\/wm-se-werkstattmessen-in-stuttgart-und-berlin-42235\/#breadcrumb","itemListElement":[{"@type":"ListItem","position":1,"name":"Krafthand-Truck","item":"https:\/\/www.krafthand.de\/truck\/"},{"@type":"ListItem","position":2,"name":"Nfz-Branche","item":"https:\/\/www.krafthand.de\/truck\/kategorie\/branche\/"},{"@type":"ListItem","position":3,"name":"Veranstaltungen\/Messen","item":"https:\/\/www.krafthand.de\/truck\/kategorie\/branche\/veranstaltungen\/"},{"@type":"ListItem","position":4,"name":"WM SE: Werkstattmessen in Stuttgart und Berlin"}]},{"@type":"WebSite","@id":"https:\/\/www.krafthand.de\/truck\/#website","url":"https:\/\/www.krafthand.de\/truck\/","name":"Krafthand-Truck","description":"","potentialAction":[{"@type":"SearchAction","target":{"@type":"EntryPoint","urlTemplate":"https:\/\/www.krafthand.de\/truck\/?s={search_term_string}"},"query-input":{"@type":"PropertyValueSpecification","valueRequired":true,"valueName":"search_term_string"}}],"inLanguage":"de"},{"@type":"Person","@id":"https:\/\/www.krafthand.de\/truck\/#\/schema\/person\/51fa80b1c57034c4bf63f9f988fc24ce","name":"georg.blenk@krafthand-medien.de","image":{"@type":"ImageObject","inLanguage":"de","@id":"https:\/\/secure.gravatar.com\/avatar\/93713c30affe0aa95d3a4130e499bb1abee2eb31adbdd9ce2aa1543538490215?s=96&d=mm&r=g","url":"https:\/\/secure.gravatar.com\/avatar\/93713c30affe0aa95d3a4130e499bb1abee2eb31adbdd9ce2aa1543538490215?s=96&d=mm&r=g","contentUrl":"https:\/\/secure.gravatar.com\/avatar\/93713c30affe0aa95d3a4130e499bb1abee2eb31adbdd9ce2aa1543538490215?s=96&d=mm&r=g","caption":"georg.blenk@krafthand-medien.de"}}]}},"_links":{"self":[{"href":"https:\/\/www.krafthand.de\/truck\/wp-json\/wp\/v2\/posts\/42235","targetHints":{"allow":["GET"]}}],"collection":[{"href":"https:\/\/www.krafthand.de\/truck\/wp-json\/wp\/v2\/posts"}],"about":[{"href":"https:\/\/www.krafthand.de\/truck\/wp-json\/wp\/v2\/types\/post"}],"author":[{"embeddable":true,"href":"https:\/\/www.krafthand.de\/truck\/wp-json\/wp\/v2\/users\/9"}],"replies":[{"embeddable":true,"href":"https:\/\/www.krafthand.de\/truck\/wp-json\/wp\/v2\/comments?post=42235"}],"version-history":[{"count":3,"href":"https:\/\/www.krafthand.de\/truck\/wp-json\/wp\/v2\/posts\/42235\/revisions"}],"predecessor-version":[{"id":42239,"href":"https:\/\/www.krafthand.de\/truck\/wp-json\/wp\/v2\/posts\/42235\/revisions\/42239"}],"wp:featuredmedia":[{"embeddable":true,"href":"https:\/\/www.krafthand.de\/truck\/wp-json\/wp\/v2\/media\/42237"}],"wp:attachment":[{"href":"https:\/\/www.krafthand.de\/truck\/wp-json\/wp\/v2\/media?parent=42235"}],"wp:term":[{"taxonomy":"category","embeddable":true,"href":"https:\/\/www.krafthand.de\/truck\/wp-json\/wp\/v2\/categories?post=42235"},{"taxonomy":"post_tag","embeddable":true,"href":"https:\/\/www.krafthand.de\/truck\/wp-json\/wp\/v2\/tags?post=42235"},{"taxonomy":"settings","embeddable":true,"href":"https:\/\/www.krafthand.de\/truck\/wp-json\/wp\/v2\/settings?post=42235"}],"curies":[{"name":"wp","href":"https:\/\/api.w.org\/{rel}","templated":true}]}}