{"id":42220,"date":"2025-03-03T12:34:41","date_gmt":"2025-03-03T11:34:41","guid":{"rendered":"https:\/\/www.krafthand.de\/truck\/?p=42220"},"modified":"2025-03-03T12:37:07","modified_gmt":"2025-03-03T11:37:07","slug":"auger-autotechnik-tim-ehrenfried-ist-neuer-gebietsverkaufsleiter-fuer-deutschland","status":"publish","type":"post","link":"https:\/\/www.krafthand.de\/truck\/artikel\/auger-autotechnik-tim-ehrenfried-ist-neuer-gebietsverkaufsleiter-fuer-deutschland-42220\/","title":{"rendered":"Auger Autotechnik: Tim Ehrenfried ist neuer Gebietsverkaufsleiter f\u00fcr Deutschland"},"content":{"rendered":"<p>Die Auger Autotechnik GmbH in Neukirchen-Vluyn hat mit Tim Ehrenfried einen neuen Gebietsverkaufsleiter f\u00fcr Deutschland. Ehrenfried (31) ist bereits seit September 2024 f\u00fcr Auger t\u00e4tig.<br \/>\nEr absolvierte eine Ausbildung zum Nutzfahrzeug-Mechatroniker sowie eine kaufm\u00e4nnische Fortbildung bei der Handwerkskammer. Im Nachgang war er bei verschiedenen H\u00e4ndlern im Aftermarket-Bereich f\u00fcr Nutzfahrzeuge t\u00e4tig und konnte sich so tiefe Einblicke in diesem Bereich verschaffen. \u201eIch kann meine Erfahrungen sehr gut einbringen, da ich wei\u00df, was der Handel ben\u00f6tigt und wie das Tagesgesch\u00e4ft der Kollegen aussieht\u201c, so Ehrenfried.<br \/>\n\u201eWir freuen uns, dass wir Tim Ehrenfried f\u00fcr uns gewinnen konnten. Mit seinen Fachkenntnissen im Nutzfahrzeugbereich ist er f\u00fcr unsere Kunden ein erstklassiger Ansprechpartner\u201c, so Benjamin Raab, Vertriebsleiter f\u00fcr Deutschland, \u00d6sterreich und die Schweiz bei der <a href=\"https:\/\/www.iamauger.com\/de\" target=\"_blank\" rel=\"noopener\">Auger Autotechnik GmbH<\/a>.<\/p>\n","protected":false},"excerpt":{"rendered":"<p>Die Auger Autotechnik GmbH in Neukirchen-Vluyn hat mit Tim Ehrenfried einen neuen Gebietsverkaufsleiter f\u00fcr Deutschland.  <span class=\"excerpt-more__dots\">&#8230;<\/span> <a class=\"excerpt-more__link\" href=\"https:\/\/www.krafthand.de\/truck\/artikel\/auger-autotechnik-tim-ehrenfried-ist-neuer-gebietsverkaufsleiter-fuer-deutschland-42220\/\" >weiter<\/a><\/p>\n","protected":false},"author":9,"featured_media":42224,"comment_status":"closed","ping_status":"closed","sticky":false,"template":"","format":"standard","meta":{"footnotes":""},"categories":[4238,4235],"tags":[5070,6198],"settings":[],"class_list":["post-42220","post","type-post","status-publish","format-standard","has-post-thumbnail","hentry","category-koepfe","category-unternehmen","tag-auger-autotechnik","tag-tim-ehrenfried"],"yoast_head":"<!-- This site is optimized with the Yoast SEO plugin v27.3 - https:\/\/yoast.com\/product\/yoast-seo-wordpress\/ -->\n<title>Auger Autotechnik: Tim Ehrenfried ist neuer Gebietsverkaufsleiter f\u00fcr Deutschland - Krafthand-Truck<\/title>\n<meta name=\"description\" content=\"Die Auger Autotechnik GmbH in Neukirchen-Vluyn hat mit Tim Ehrenfried (31) einen neuen Gebietsverkaufsleiter f\u00fcr Deutschland.\" \/>\n<meta name=\"robots\" content=\"index, follow, max-snippet:-1, max-image-preview:large, max-video-preview:-1\" \/>\n<link rel=\"canonical\" href=\"https:\/\/www.krafthand.de\/truck\/artikel\/auger-autotechnik-tim-ehrenfried-ist-neuer-gebietsverkaufsleiter-fuer-deutschland-42220\/\" \/>\n<meta property=\"og:locale\" content=\"de_DE\" \/>\n<meta property=\"og:type\" content=\"article\" \/>\n<meta property=\"og:title\" content=\"Auger Autotechnik: Tim Ehrenfried ist neuer Gebietsverkaufsleiter f\u00fcr Deutschland - Krafthand-Truck\" \/>\n<meta property=\"og:description\" content=\"Die Auger Autotechnik GmbH in Neukirchen-Vluyn hat mit Tim Ehrenfried (31) einen neuen Gebietsverkaufsleiter f\u00fcr Deutschland.\" \/>\n<meta property=\"og:url\" content=\"https:\/\/www.krafthand-truck.de\/artikel\/auger-autotechnik-tim-ehrenfried-ist-neuer-gebietsverkaufsleiter-fuer-deutschland-42220\/\" \/>\n<meta property=\"og:site_name\" content=\"Krafthand-Truck\" \/>\n<meta property=\"article:published_time\" content=\"2025-03-03T11:34:41+00:00\" \/>\n<meta property=\"article:modified_time\" content=\"2025-03-03T11:37:07+00:00\" \/>\n<meta property=\"og:image\" content=\"https:\/\/static.krafthand-truck.de\/uploads\/2025\/03\/Auger_Tim_Ehrenfried_2.jpg\" \/>\n\t<meta property=\"og:image:width\" content=\"800\" \/>\n\t<meta property=\"og:image:height\" content=\"570\" \/>\n\t<meta property=\"og:image:type\" content=\"image\/jpeg\" \/>\n<meta name=\"author\" content=\"georg.blenk@krafthand-medien.de\" \/>\n<meta name=\"twitter:card\" content=\"summary_large_image\" \/>\n<meta name=\"twitter:label1\" content=\"Verfasst von\" \/>\n\t<meta name=\"twitter:data1\" content=\"georg.blenk@krafthand-medien.de\" \/>\n\t<meta name=\"twitter:label2\" content=\"Gesch\u00e4tzte Lesezeit\" \/>\n\t<meta name=\"twitter:data2\" content=\"1\u00a0Minute\" \/>\n<script type=\"application\/ld+json\" class=\"yoast-schema-graph\">{\"@context\":\"https:\\\/\\\/schema.org\",\"@graph\":[{\"@type\":\"Article\",\"@id\":\"https:\\\/\\\/www.krafthand.de\\\/truck\\\/artikel\\\/auger-autotechnik-tim-ehrenfried-ist-neuer-gebietsverkaufsleiter-fuer-deutschland-42220\\\/#article\",\"isPartOf\":{\"@id\":\"https:\\\/\\\/www.krafthand.de\\\/truck\\\/artikel\\\/auger-autotechnik-tim-ehrenfried-ist-neuer-gebietsverkaufsleiter-fuer-deutschland-42220\\\/\"},\"author\":{\"name\":\"georg.blenk@krafthand-medien.de\",\"@id\":\"https:\\\/\\\/www.krafthand.de\\\/truck\\\/#\\\/schema\\\/person\\\/51fa80b1c57034c4bf63f9f988fc24ce\"},\"headline\":\"Auger Autotechnik: Tim Ehrenfried ist neuer Gebietsverkaufsleiter f\u00fcr Deutschland\",\"datePublished\":\"2025-03-03T11:34:41+00:00\",\"dateModified\":\"2025-03-03T11:37:07+00:00\",\"mainEntityOfPage\":{\"@id\":\"https:\\\/\\\/www.krafthand.de\\\/truck\\\/artikel\\\/auger-autotechnik-tim-ehrenfried-ist-neuer-gebietsverkaufsleiter-fuer-deutschland-42220\\\/\"},\"wordCount\":142,\"image\":{\"@id\":\"https:\\\/\\\/www.krafthand.de\\\/truck\\\/artikel\\\/auger-autotechnik-tim-ehrenfried-ist-neuer-gebietsverkaufsleiter-fuer-deutschland-42220\\\/#primaryimage\"},\"thumbnailUrl\":\"https:\\\/\\\/static.krafthand-truck.de\\\/uploads\\\/2025\\\/03\\\/Auger_Tim_Ehrenfried_2.jpg\",\"keywords\":[\"Auger Autotechnik\",\"Tim Ehrenfried\"],\"articleSection\":[\"K\u00f6pfe\\\/Personen\",\"Unternehmen\"],\"inLanguage\":\"de\"},{\"@type\":\"WebPage\",\"@id\":\"https:\\\/\\\/www.krafthand.de\\\/truck\\\/artikel\\\/auger-autotechnik-tim-ehrenfried-ist-neuer-gebietsverkaufsleiter-fuer-deutschland-42220\\\/\",\"url\":\"https:\\\/\\\/www.krafthand.de\\\/truck\\\/artikel\\\/auger-autotechnik-tim-ehrenfried-ist-neuer-gebietsverkaufsleiter-fuer-deutschland-42220\\\/\",\"name\":\"Auger Autotechnik: Tim Ehrenfried ist neuer Gebietsverkaufsleiter f\u00fcr Deutschland - Krafthand-Truck\",\"isPartOf\":{\"@id\":\"https:\\\/\\\/www.krafthand.de\\\/truck\\\/#website\"},\"primaryImageOfPage\":{\"@id\":\"https:\\\/\\\/www.krafthand.de\\\/truck\\\/artikel\\\/auger-autotechnik-tim-ehrenfried-ist-neuer-gebietsverkaufsleiter-fuer-deutschland-42220\\\/#primaryimage\"},\"image\":{\"@id\":\"https:\\\/\\\/www.krafthand.de\\\/truck\\\/artikel\\\/auger-autotechnik-tim-ehrenfried-ist-neuer-gebietsverkaufsleiter-fuer-deutschland-42220\\\/#primaryimage\"},\"thumbnailUrl\":\"https:\\\/\\\/static.krafthand-truck.de\\\/uploads\\\/2025\\\/03\\\/Auger_Tim_Ehrenfried_2.jpg\",\"datePublished\":\"2025-03-03T11:34:41+00:00\",\"dateModified\":\"2025-03-03T11:37:07+00:00\",\"author\":{\"@id\":\"https:\\\/\\\/www.krafthand.de\\\/truck\\\/#\\\/schema\\\/person\\\/51fa80b1c57034c4bf63f9f988fc24ce\"},\"description\":\"Die Auger Autotechnik GmbH in Neukirchen-Vluyn hat mit Tim Ehrenfried (31) einen neuen Gebietsverkaufsleiter f\u00fcr Deutschland.\",\"breadcrumb\":{\"@id\":\"https:\\\/\\\/www.krafthand.de\\\/truck\\\/artikel\\\/auger-autotechnik-tim-ehrenfried-ist-neuer-gebietsverkaufsleiter-fuer-deutschland-42220\\\/#breadcrumb\"},\"inLanguage\":\"de\",\"potentialAction\":[{\"@type\":\"ReadAction\",\"target\":[\"https:\\\/\\\/www.krafthand.de\\\/truck\\\/artikel\\\/auger-autotechnik-tim-ehrenfried-ist-neuer-gebietsverkaufsleiter-fuer-deutschland-42220\\\/\"]}]},{\"@type\":\"ImageObject\",\"inLanguage\":\"de\",\"@id\":\"https:\\\/\\\/www.krafthand.de\\\/truck\\\/artikel\\\/auger-autotechnik-tim-ehrenfried-ist-neuer-gebietsverkaufsleiter-fuer-deutschland-42220\\\/#primaryimage\",\"url\":\"https:\\\/\\\/static.krafthand-truck.de\\\/uploads\\\/2025\\\/03\\\/Auger_Tim_Ehrenfried_2.jpg\",\"contentUrl\":\"https:\\\/\\\/static.krafthand-truck.de\\\/uploads\\\/2025\\\/03\\\/Auger_Tim_Ehrenfried_2.jpg\",\"width\":800,\"height\":570},{\"@type\":\"BreadcrumbList\",\"@id\":\"https:\\\/\\\/www.krafthand.de\\\/truck\\\/artikel\\\/auger-autotechnik-tim-ehrenfried-ist-neuer-gebietsverkaufsleiter-fuer-deutschland-42220\\\/#breadcrumb\",\"itemListElement\":[{\"@type\":\"ListItem\",\"position\":1,\"name\":\"Krafthand-Truck\",\"item\":\"https:\\\/\\\/www.krafthand.de\\\/truck\\\/\"},{\"@type\":\"ListItem\",\"position\":2,\"name\":\"Nfz-Branche\",\"item\":\"https:\\\/\\\/www.krafthand.de\\\/truck\\\/kategorie\\\/branche\\\/\"},{\"@type\":\"ListItem\",\"position\":3,\"name\":\"K\u00f6pfe\\\/Personen\",\"item\":\"https:\\\/\\\/www.krafthand.de\\\/truck\\\/kategorie\\\/branche\\\/koepfe\\\/\"},{\"@type\":\"ListItem\",\"position\":4,\"name\":\"Auger Autotechnik: Tim Ehrenfried ist neuer Gebietsverkaufsleiter f\u00fcr Deutschland\"}]},{\"@type\":\"WebSite\",\"@id\":\"https:\\\/\\\/www.krafthand.de\\\/truck\\\/#website\",\"url\":\"https:\\\/\\\/www.krafthand.de\\\/truck\\\/\",\"name\":\"Krafthand-Truck\",\"description\":\"\",\"potentialAction\":[{\"@type\":\"SearchAction\",\"target\":{\"@type\":\"EntryPoint\",\"urlTemplate\":\"https:\\\/\\\/www.krafthand.de\\\/truck\\\/?s={search_term_string}\"},\"query-input\":{\"@type\":\"PropertyValueSpecification\",\"valueRequired\":true,\"valueName\":\"search_term_string\"}}],\"inLanguage\":\"de\"},{\"@type\":\"Person\",\"@id\":\"https:\\\/\\\/www.krafthand.de\\\/truck\\\/#\\\/schema\\\/person\\\/51fa80b1c57034c4bf63f9f988fc24ce\",\"name\":\"georg.blenk@krafthand-medien.de\",\"image\":{\"@type\":\"ImageObject\",\"inLanguage\":\"de\",\"@id\":\"https:\\\/\\\/secure.gravatar.com\\\/avatar\\\/93713c30affe0aa95d3a4130e499bb1abee2eb31adbdd9ce2aa1543538490215?s=96&d=mm&r=g\",\"url\":\"https:\\\/\\\/secure.gravatar.com\\\/avatar\\\/93713c30affe0aa95d3a4130e499bb1abee2eb31adbdd9ce2aa1543538490215?s=96&d=mm&r=g\",\"contentUrl\":\"https:\\\/\\\/secure.gravatar.com\\\/avatar\\\/93713c30affe0aa95d3a4130e499bb1abee2eb31adbdd9ce2aa1543538490215?s=96&d=mm&r=g\",\"caption\":\"georg.blenk@krafthand-medien.de\"}}]}<\/script>\n<!-- \/ Yoast SEO plugin. -->","yoast_head_json":{"title":"Auger Autotechnik: Tim Ehrenfried ist neuer Gebietsverkaufsleiter f\u00fcr Deutschland - Krafthand-Truck","description":"Die Auger Autotechnik GmbH in Neukirchen-Vluyn hat mit Tim Ehrenfried (31) einen neuen Gebietsverkaufsleiter f\u00fcr Deutschland.","robots":{"index":"index","follow":"follow","max-snippet":"max-snippet:-1","max-image-preview":"max-image-preview:large","max-video-preview":"max-video-preview:-1"},"canonical":"https:\/\/www.krafthand.de\/truck\/artikel\/auger-autotechnik-tim-ehrenfried-ist-neuer-gebietsverkaufsleiter-fuer-deutschland-42220\/","og_locale":"de_DE","og_type":"article","og_title":"Auger Autotechnik: Tim Ehrenfried ist neuer Gebietsverkaufsleiter f\u00fcr Deutschland - Krafthand-Truck","og_description":"Die Auger Autotechnik GmbH in Neukirchen-Vluyn hat mit Tim Ehrenfried (31) einen neuen Gebietsverkaufsleiter f\u00fcr Deutschland.","og_url":"https:\/\/www.krafthand-truck.de\/artikel\/auger-autotechnik-tim-ehrenfried-ist-neuer-gebietsverkaufsleiter-fuer-deutschland-42220\/","og_site_name":"Krafthand-Truck","article_published_time":"2025-03-03T11:34:41+00:00","article_modified_time":"2025-03-03T11:37:07+00:00","og_image":[{"width":800,"height":570,"url":"https:\/\/static.krafthand-truck.de\/uploads\/2025\/03\/Auger_Tim_Ehrenfried_2.jpg","type":"image\/jpeg"}],"author":"georg.blenk@krafthand-medien.de","twitter_card":"summary_large_image","twitter_misc":{"Verfasst von":"georg.blenk@krafthand-medien.de","Gesch\u00e4tzte Lesezeit":"1\u00a0Minute"},"schema":{"@context":"https:\/\/schema.org","@graph":[{"@type":"Article","@id":"https:\/\/www.krafthand.de\/truck\/artikel\/auger-autotechnik-tim-ehrenfried-ist-neuer-gebietsverkaufsleiter-fuer-deutschland-42220\/#article","isPartOf":{"@id":"https:\/\/www.krafthand.de\/truck\/artikel\/auger-autotechnik-tim-ehrenfried-ist-neuer-gebietsverkaufsleiter-fuer-deutschland-42220\/"},"author":{"name":"georg.blenk@krafthand-medien.de","@id":"https:\/\/www.krafthand.de\/truck\/#\/schema\/person\/51fa80b1c57034c4bf63f9f988fc24ce"},"headline":"Auger Autotechnik: Tim Ehrenfried ist neuer Gebietsverkaufsleiter f\u00fcr Deutschland","datePublished":"2025-03-03T11:34:41+00:00","dateModified":"2025-03-03T11:37:07+00:00","mainEntityOfPage":{"@id":"https:\/\/www.krafthand.de\/truck\/artikel\/auger-autotechnik-tim-ehrenfried-ist-neuer-gebietsverkaufsleiter-fuer-deutschland-42220\/"},"wordCount":142,"image":{"@id":"https:\/\/www.krafthand.de\/truck\/artikel\/auger-autotechnik-tim-ehrenfried-ist-neuer-gebietsverkaufsleiter-fuer-deutschland-42220\/#primaryimage"},"thumbnailUrl":"https:\/\/static.krafthand-truck.de\/uploads\/2025\/03\/Auger_Tim_Ehrenfried_2.jpg","keywords":["Auger Autotechnik","Tim Ehrenfried"],"articleSection":["K\u00f6pfe\/Personen","Unternehmen"],"inLanguage":"de"},{"@type":"WebPage","@id":"https:\/\/www.krafthand.de\/truck\/artikel\/auger-autotechnik-tim-ehrenfried-ist-neuer-gebietsverkaufsleiter-fuer-deutschland-42220\/","url":"https:\/\/www.krafthand.de\/truck\/artikel\/auger-autotechnik-tim-ehrenfried-ist-neuer-gebietsverkaufsleiter-fuer-deutschland-42220\/","name":"Auger Autotechnik: Tim Ehrenfried ist neuer Gebietsverkaufsleiter f\u00fcr Deutschland - Krafthand-Truck","isPartOf":{"@id":"https:\/\/www.krafthand.de\/truck\/#website"},"primaryImageOfPage":{"@id":"https:\/\/www.krafthand.de\/truck\/artikel\/auger-autotechnik-tim-ehrenfried-ist-neuer-gebietsverkaufsleiter-fuer-deutschland-42220\/#primaryimage"},"image":{"@id":"https:\/\/www.krafthand.de\/truck\/artikel\/auger-autotechnik-tim-ehrenfried-ist-neuer-gebietsverkaufsleiter-fuer-deutschland-42220\/#primaryimage"},"thumbnailUrl":"https:\/\/static.krafthand-truck.de\/uploads\/2025\/03\/Auger_Tim_Ehrenfried_2.jpg","datePublished":"2025-03-03T11:34:41+00:00","dateModified":"2025-03-03T11:37:07+00:00","author":{"@id":"https:\/\/www.krafthand.de\/truck\/#\/schema\/person\/51fa80b1c57034c4bf63f9f988fc24ce"},"description":"Die Auger Autotechnik GmbH in Neukirchen-Vluyn hat mit Tim Ehrenfried (31) einen neuen Gebietsverkaufsleiter f\u00fcr Deutschland.","breadcrumb":{"@id":"https:\/\/www.krafthand.de\/truck\/artikel\/auger-autotechnik-tim-ehrenfried-ist-neuer-gebietsverkaufsleiter-fuer-deutschland-42220\/#breadcrumb"},"inLanguage":"de","potentialAction":[{"@type":"ReadAction","target":["https:\/\/www.krafthand.de\/truck\/artikel\/auger-autotechnik-tim-ehrenfried-ist-neuer-gebietsverkaufsleiter-fuer-deutschland-42220\/"]}]},{"@type":"ImageObject","inLanguage":"de","@id":"https:\/\/www.krafthand.de\/truck\/artikel\/auger-autotechnik-tim-ehrenfried-ist-neuer-gebietsverkaufsleiter-fuer-deutschland-42220\/#primaryimage","url":"https:\/\/static.krafthand-truck.de\/uploads\/2025\/03\/Auger_Tim_Ehrenfried_2.jpg","contentUrl":"https:\/\/static.krafthand-truck.de\/uploads\/2025\/03\/Auger_Tim_Ehrenfried_2.jpg","width":800,"height":570},{"@type":"BreadcrumbList","@id":"https:\/\/www.krafthand.de\/truck\/artikel\/auger-autotechnik-tim-ehrenfried-ist-neuer-gebietsverkaufsleiter-fuer-deutschland-42220\/#breadcrumb","itemListElement":[{"@type":"ListItem","position":1,"name":"Krafthand-Truck","item":"https:\/\/www.krafthand.de\/truck\/"},{"@type":"ListItem","position":2,"name":"Nfz-Branche","item":"https:\/\/www.krafthand.de\/truck\/kategorie\/branche\/"},{"@type":"ListItem","position":3,"name":"K\u00f6pfe\/Personen","item":"https:\/\/www.krafthand.de\/truck\/kategorie\/branche\/koepfe\/"},{"@type":"ListItem","position":4,"name":"Auger Autotechnik: Tim Ehrenfried ist neuer Gebietsverkaufsleiter f\u00fcr Deutschland"}]},{"@type":"WebSite","@id":"https:\/\/www.krafthand.de\/truck\/#website","url":"https:\/\/www.krafthand.de\/truck\/","name":"Krafthand-Truck","description":"","potentialAction":[{"@type":"SearchAction","target":{"@type":"EntryPoint","urlTemplate":"https:\/\/www.krafthand.de\/truck\/?s={search_term_string}"},"query-input":{"@type":"PropertyValueSpecification","valueRequired":true,"valueName":"search_term_string"}}],"inLanguage":"de"},{"@type":"Person","@id":"https:\/\/www.krafthand.de\/truck\/#\/schema\/person\/51fa80b1c57034c4bf63f9f988fc24ce","name":"georg.blenk@krafthand-medien.de","image":{"@type":"ImageObject","inLanguage":"de","@id":"https:\/\/secure.gravatar.com\/avatar\/93713c30affe0aa95d3a4130e499bb1abee2eb31adbdd9ce2aa1543538490215?s=96&d=mm&r=g","url":"https:\/\/secure.gravatar.com\/avatar\/93713c30affe0aa95d3a4130e499bb1abee2eb31adbdd9ce2aa1543538490215?s=96&d=mm&r=g","contentUrl":"https:\/\/secure.gravatar.com\/avatar\/93713c30affe0aa95d3a4130e499bb1abee2eb31adbdd9ce2aa1543538490215?s=96&d=mm&r=g","caption":"georg.blenk@krafthand-medien.de"}}]}},"_links":{"self":[{"href":"https:\/\/www.krafthand.de\/truck\/wp-json\/wp\/v2\/posts\/42220","targetHints":{"allow":["GET"]}}],"collection":[{"href":"https:\/\/www.krafthand.de\/truck\/wp-json\/wp\/v2\/posts"}],"about":[{"href":"https:\/\/www.krafthand.de\/truck\/wp-json\/wp\/v2\/types\/post"}],"author":[{"embeddable":true,"href":"https:\/\/www.krafthand.de\/truck\/wp-json\/wp\/v2\/users\/9"}],"replies":[{"embeddable":true,"href":"https:\/\/www.krafthand.de\/truck\/wp-json\/wp\/v2\/comments?post=42220"}],"version-history":[{"count":2,"href":"https:\/\/www.krafthand.de\/truck\/wp-json\/wp\/v2\/posts\/42220\/revisions"}],"predecessor-version":[{"id":42223,"href":"https:\/\/www.krafthand.de\/truck\/wp-json\/wp\/v2\/posts\/42220\/revisions\/42223"}],"wp:featuredmedia":[{"embeddable":true,"href":"https:\/\/www.krafthand.de\/truck\/wp-json\/wp\/v2\/media\/42224"}],"wp:attachment":[{"href":"https:\/\/www.krafthand.de\/truck\/wp-json\/wp\/v2\/media?parent=42220"}],"wp:term":[{"taxonomy":"category","embeddable":true,"href":"https:\/\/www.krafthand.de\/truck\/wp-json\/wp\/v2\/categories?post=42220"},{"taxonomy":"post_tag","embeddable":true,"href":"https:\/\/www.krafthand.de\/truck\/wp-json\/wp\/v2\/tags?post=42220"},{"taxonomy":"settings","embeddable":true,"href":"https:\/\/www.krafthand.de\/truck\/wp-json\/wp\/v2\/settings?post=42220"}],"curies":[{"name":"wp","href":"https:\/\/api.w.org\/{rel}","templated":true}]}}