{"id":42217,"date":"2025-03-03T09:36:05","date_gmt":"2025-03-03T08:36:05","guid":{"rendered":"https:\/\/www.krafthand.de\/truck\/?p=42217"},"modified":"2025-03-03T09:36:05","modified_gmt":"2025-03-03T08:36:05","slug":"spicer-dana-neue-produktkataloge-zum-thema-kardanwellen","status":"publish","type":"post","link":"https:\/\/www.krafthand.de\/truck\/artikel\/spicer-dana-neue-produktkataloge-zum-thema-kardanwellen-42217\/","title":{"rendered":"Spicer (DANA): Neue Produktkataloge zum Thema Kardanwellen"},"content":{"rendered":"<p>Der Spezialist f\u00fcr Achsen, Antriebswellen und Getrieben f\u00fcr leichte, mittelschwere und schwere Nutzfahrzeuge, Spicer (eine Marke der <a href=\"https:\/\/www.dana-industrial.com\" target=\"_blank\" rel=\"noopener\">DANA Incorporated<\/a>) hat sein Produktportfolio erg\u00e4nzt und neue Produktkataloge f\u00fcr Ersatzteile und Komponenten zum Thema Kardanwellen herausgebracht.<br \/>\nIm Fokus der Brosch\u00fcre f\u00fcr mittelschwere Nutzfahrzeuge steht beispielsweise der Mercedes-Benz Sprinter. Spicer deckt das komplette Spektrum an Kardanwellen und Zwischenwellenlager ab. Das Programm f\u00fcr Zapfenkreuzgarnituren f\u00fcr den Sprinter wurde ebenfalls aktualisiert und mit neuen Parts best\u00fcckt.<br \/>\nEbenfalls neu ist die Broschur f\u00fcr Kardanwellen-Komponenten f\u00fcr Fahrzeuge der Marken Scania und Mercedes-Benz. Spicer ist bereits lange Jahre Erstausr\u00fcster beider Hersteller. In der neuen Brosch\u00fcre f\u00fcr schwere Nfz sind auch die neu aufgelegten <a href=\"https:\/\/spicerparts.com\/en-emea\/\" target=\"_blank\" rel=\"noopener\">Spicer<\/a>-Kardanwellen f\u00fcr Mercedes-Benz-Lkw aufgef\u00fchrt. Ebenfalls neu sind die Kardanwellen der Compact Plus-Serie, Details zum Spicer ReadyShaft-Programm sind ebenfalls ersichtlich.<\/p>\n<p><i>Den Beitrag finden Sie auch in der Print-Ausgabe 1-2025 der <a href=\"https:\/\/www.krafthand.de\/truck\/magazin\/\" title=\"Zum Magazin\">Krafthand-Truck<\/a>.<\/i><\/p>","protected":false},"excerpt":{"rendered":"<p>Der Spezialist f\u00fcr Achsen, Antriebswellen und Getrieben f\u00fcr leichte, mittelschwere und schwere Nutzfahrzeuge, Spicer hat sein Produktportfolio erg\u00e4nzt und neue Produktkataloge f\u00fcr Ersatzteile und Komponenten zum Thema Kardanwellen herausgebracht. <span class=\"excerpt-more__dots\">&#8230;<\/span> <a class=\"excerpt-more__link\" href=\"https:\/\/www.krafthand.de\/truck\/artikel\/spicer-dana-neue-produktkataloge-zum-thema-kardanwellen-42217\/\" >weiter<\/a><\/p>\n","protected":false},"author":9,"featured_media":42218,"comment_status":"closed","ping_status":"closed","sticky":false,"template":"","format":"standard","meta":{"footnotes":""},"categories":[4912],"tags":[3701,5109,6196,6197],"settings":[4766],"class_list":["post-42217","post","type-post","status-publish","format-standard","has-post-thumbnail","hentry","category-ersatzteile-zubehoer","tag-dana","tag-kardanwelle","tag-spicer","tag-zapfenkreuz"],"yoast_head":"<!-- This site is optimized with the Yoast SEO plugin v27.3 - https:\/\/yoast.com\/product\/yoast-seo-wordpress\/ -->\n<title>Spicer (DANA): Neue Produktkataloge zum Thema Kardanwellen - Krafthand-Truck<\/title>\n<meta name=\"description\" content=\"Spicer hat sein Produktportfolio erg\u00e4nzt und neue Produktkataloge f\u00fcr Ersatzteile und Komponenten zum Thema Kardanwellen herausgebracht.\" \/>\n<meta name=\"robots\" content=\"index, follow, max-snippet:-1, max-image-preview:large, max-video-preview:-1\" \/>\n<link rel=\"canonical\" href=\"https:\/\/www.krafthand.de\/truck\/artikel\/spicer-dana-neue-produktkataloge-zum-thema-kardanwellen-42217\/\" \/>\n<meta property=\"og:locale\" content=\"de_DE\" \/>\n<meta property=\"og:type\" content=\"article\" \/>\n<meta property=\"og:title\" content=\"Spicer (DANA): Neue Produktkataloge zum Thema Kardanwellen - Krafthand-Truck\" \/>\n<meta property=\"og:description\" content=\"Spicer hat sein Produktportfolio erg\u00e4nzt und neue Produktkataloge f\u00fcr Ersatzteile und Komponenten zum Thema Kardanwellen herausgebracht.\" \/>\n<meta property=\"og:url\" content=\"https:\/\/www.krafthand-truck.de\/artikel\/spicer-dana-neue-produktkataloge-zum-thema-kardanwellen-42217\/\" \/>\n<meta property=\"og:site_name\" content=\"Krafthand-Truck\" \/>\n<meta property=\"article:published_time\" content=\"2025-03-03T08:36:05+00:00\" \/>\n<meta property=\"og:image\" content=\"https:\/\/static.krafthand-truck.de\/uploads\/2025\/03\/Spicer_Dana_Kardanwellen_Scania_Mercedes_Benz_Lkw.jpg\" \/>\n\t<meta property=\"og:image:width\" content=\"800\" \/>\n\t<meta property=\"og:image:height\" content=\"1135\" \/>\n\t<meta property=\"og:image:type\" content=\"image\/jpeg\" \/>\n<meta name=\"author\" content=\"georg.blenk@krafthand-medien.de\" \/>\n<meta name=\"twitter:card\" content=\"summary_large_image\" \/>\n<meta name=\"twitter:label1\" content=\"Verfasst von\" \/>\n\t<meta name=\"twitter:data1\" content=\"georg.blenk@krafthand-medien.de\" \/>\n\t<meta name=\"twitter:label2\" content=\"Gesch\u00e4tzte Lesezeit\" \/>\n\t<meta name=\"twitter:data2\" content=\"1\u00a0Minute\" \/>\n<script type=\"application\/ld+json\" class=\"yoast-schema-graph\">{\"@context\":\"https:\\\/\\\/schema.org\",\"@graph\":[{\"@type\":\"Article\",\"@id\":\"https:\\\/\\\/www.krafthand.de\\\/truck\\\/artikel\\\/spicer-dana-neue-produktkataloge-zum-thema-kardanwellen-42217\\\/#article\",\"isPartOf\":{\"@id\":\"https:\\\/\\\/www.krafthand.de\\\/truck\\\/artikel\\\/spicer-dana-neue-produktkataloge-zum-thema-kardanwellen-42217\\\/\"},\"author\":{\"name\":\"georg.blenk@krafthand-medien.de\",\"@id\":\"https:\\\/\\\/www.krafthand.de\\\/truck\\\/#\\\/schema\\\/person\\\/51fa80b1c57034c4bf63f9f988fc24ce\"},\"headline\":\"Spicer (DANA): Neue Produktkataloge zum Thema Kardanwellen\",\"datePublished\":\"2025-03-03T08:36:05+00:00\",\"mainEntityOfPage\":{\"@id\":\"https:\\\/\\\/www.krafthand.de\\\/truck\\\/artikel\\\/spicer-dana-neue-produktkataloge-zum-thema-kardanwellen-42217\\\/\"},\"wordCount\":147,\"image\":{\"@id\":\"https:\\\/\\\/www.krafthand.de\\\/truck\\\/artikel\\\/spicer-dana-neue-produktkataloge-zum-thema-kardanwellen-42217\\\/#primaryimage\"},\"thumbnailUrl\":\"https:\\\/\\\/static.krafthand-truck.de\\\/uploads\\\/2025\\\/03\\\/Spicer_Dana_Kardanwellen_Scania_Mercedes_Benz_Lkw.jpg\",\"keywords\":[\"Dana\",\"Kardanwelle\",\"Spicer\",\"Zapfenkreuz\"],\"articleSection\":[\"Ersatzteile\\\/Zubeh\u00f6r\"],\"inLanguage\":\"de\"},{\"@type\":\"WebPage\",\"@id\":\"https:\\\/\\\/www.krafthand.de\\\/truck\\\/artikel\\\/spicer-dana-neue-produktkataloge-zum-thema-kardanwellen-42217\\\/\",\"url\":\"https:\\\/\\\/www.krafthand.de\\\/truck\\\/artikel\\\/spicer-dana-neue-produktkataloge-zum-thema-kardanwellen-42217\\\/\",\"name\":\"Spicer (DANA): Neue Produktkataloge zum Thema Kardanwellen - Krafthand-Truck\",\"isPartOf\":{\"@id\":\"https:\\\/\\\/www.krafthand.de\\\/truck\\\/#website\"},\"primaryImageOfPage\":{\"@id\":\"https:\\\/\\\/www.krafthand.de\\\/truck\\\/artikel\\\/spicer-dana-neue-produktkataloge-zum-thema-kardanwellen-42217\\\/#primaryimage\"},\"image\":{\"@id\":\"https:\\\/\\\/www.krafthand.de\\\/truck\\\/artikel\\\/spicer-dana-neue-produktkataloge-zum-thema-kardanwellen-42217\\\/#primaryimage\"},\"thumbnailUrl\":\"https:\\\/\\\/static.krafthand-truck.de\\\/uploads\\\/2025\\\/03\\\/Spicer_Dana_Kardanwellen_Scania_Mercedes_Benz_Lkw.jpg\",\"datePublished\":\"2025-03-03T08:36:05+00:00\",\"author\":{\"@id\":\"https:\\\/\\\/www.krafthand.de\\\/truck\\\/#\\\/schema\\\/person\\\/51fa80b1c57034c4bf63f9f988fc24ce\"},\"description\":\"Spicer hat sein Produktportfolio erg\u00e4nzt und neue Produktkataloge f\u00fcr Ersatzteile und Komponenten zum Thema Kardanwellen herausgebracht.\",\"breadcrumb\":{\"@id\":\"https:\\\/\\\/www.krafthand.de\\\/truck\\\/artikel\\\/spicer-dana-neue-produktkataloge-zum-thema-kardanwellen-42217\\\/#breadcrumb\"},\"inLanguage\":\"de\",\"potentialAction\":[{\"@type\":\"ReadAction\",\"target\":[\"https:\\\/\\\/www.krafthand.de\\\/truck\\\/artikel\\\/spicer-dana-neue-produktkataloge-zum-thema-kardanwellen-42217\\\/\"]}]},{\"@type\":\"ImageObject\",\"inLanguage\":\"de\",\"@id\":\"https:\\\/\\\/www.krafthand.de\\\/truck\\\/artikel\\\/spicer-dana-neue-produktkataloge-zum-thema-kardanwellen-42217\\\/#primaryimage\",\"url\":\"https:\\\/\\\/static.krafthand-truck.de\\\/uploads\\\/2025\\\/03\\\/Spicer_Dana_Kardanwellen_Scania_Mercedes_Benz_Lkw.jpg\",\"contentUrl\":\"https:\\\/\\\/static.krafthand-truck.de\\\/uploads\\\/2025\\\/03\\\/Spicer_Dana_Kardanwellen_Scania_Mercedes_Benz_Lkw.jpg\",\"width\":800,\"height\":1135},{\"@type\":\"BreadcrumbList\",\"@id\":\"https:\\\/\\\/www.krafthand.de\\\/truck\\\/artikel\\\/spicer-dana-neue-produktkataloge-zum-thema-kardanwellen-42217\\\/#breadcrumb\",\"itemListElement\":[{\"@type\":\"ListItem\",\"position\":1,\"name\":\"Krafthand-Truck\",\"item\":\"https:\\\/\\\/www.krafthand.de\\\/truck\\\/\"},{\"@type\":\"ListItem\",\"position\":2,\"name\":\"Nfz-Service\",\"item\":\"https:\\\/\\\/www.krafthand.de\\\/truck\\\/kategorie\\\/nfz-service\\\/\"},{\"@type\":\"ListItem\",\"position\":3,\"name\":\"Ersatzteile\\\/Zubeh\u00f6r\",\"item\":\"https:\\\/\\\/www.krafthand.de\\\/truck\\\/kategorie\\\/nfz-service\\\/ersatzteile-zubehoer\\\/\"},{\"@type\":\"ListItem\",\"position\":4,\"name\":\"Spicer (DANA): Neue Produktkataloge zum Thema Kardanwellen\"}]},{\"@type\":\"WebSite\",\"@id\":\"https:\\\/\\\/www.krafthand.de\\\/truck\\\/#website\",\"url\":\"https:\\\/\\\/www.krafthand.de\\\/truck\\\/\",\"name\":\"Krafthand-Truck\",\"description\":\"\",\"potentialAction\":[{\"@type\":\"SearchAction\",\"target\":{\"@type\":\"EntryPoint\",\"urlTemplate\":\"https:\\\/\\\/www.krafthand.de\\\/truck\\\/?s={search_term_string}\"},\"query-input\":{\"@type\":\"PropertyValueSpecification\",\"valueRequired\":true,\"valueName\":\"search_term_string\"}}],\"inLanguage\":\"de\"},{\"@type\":\"Person\",\"@id\":\"https:\\\/\\\/www.krafthand.de\\\/truck\\\/#\\\/schema\\\/person\\\/51fa80b1c57034c4bf63f9f988fc24ce\",\"name\":\"georg.blenk@krafthand-medien.de\",\"image\":{\"@type\":\"ImageObject\",\"inLanguage\":\"de\",\"@id\":\"https:\\\/\\\/secure.gravatar.com\\\/avatar\\\/93713c30affe0aa95d3a4130e499bb1abee2eb31adbdd9ce2aa1543538490215?s=96&d=mm&r=g\",\"url\":\"https:\\\/\\\/secure.gravatar.com\\\/avatar\\\/93713c30affe0aa95d3a4130e499bb1abee2eb31adbdd9ce2aa1543538490215?s=96&d=mm&r=g\",\"contentUrl\":\"https:\\\/\\\/secure.gravatar.com\\\/avatar\\\/93713c30affe0aa95d3a4130e499bb1abee2eb31adbdd9ce2aa1543538490215?s=96&d=mm&r=g\",\"caption\":\"georg.blenk@krafthand-medien.de\"}}]}<\/script>\n<!-- \/ Yoast SEO plugin. -->","yoast_head_json":{"title":"Spicer (DANA): Neue Produktkataloge zum Thema Kardanwellen - Krafthand-Truck","description":"Spicer hat sein Produktportfolio erg\u00e4nzt und neue Produktkataloge f\u00fcr Ersatzteile und Komponenten zum Thema Kardanwellen herausgebracht.","robots":{"index":"index","follow":"follow","max-snippet":"max-snippet:-1","max-image-preview":"max-image-preview:large","max-video-preview":"max-video-preview:-1"},"canonical":"https:\/\/www.krafthand.de\/truck\/artikel\/spicer-dana-neue-produktkataloge-zum-thema-kardanwellen-42217\/","og_locale":"de_DE","og_type":"article","og_title":"Spicer (DANA): Neue Produktkataloge zum Thema Kardanwellen - Krafthand-Truck","og_description":"Spicer hat sein Produktportfolio erg\u00e4nzt und neue Produktkataloge f\u00fcr Ersatzteile und Komponenten zum Thema Kardanwellen herausgebracht.","og_url":"https:\/\/www.krafthand-truck.de\/artikel\/spicer-dana-neue-produktkataloge-zum-thema-kardanwellen-42217\/","og_site_name":"Krafthand-Truck","article_published_time":"2025-03-03T08:36:05+00:00","og_image":[{"width":800,"height":1135,"url":"https:\/\/static.krafthand-truck.de\/uploads\/2025\/03\/Spicer_Dana_Kardanwellen_Scania_Mercedes_Benz_Lkw.jpg","type":"image\/jpeg"}],"author":"georg.blenk@krafthand-medien.de","twitter_card":"summary_large_image","twitter_misc":{"Verfasst von":"georg.blenk@krafthand-medien.de","Gesch\u00e4tzte Lesezeit":"1\u00a0Minute"},"schema":{"@context":"https:\/\/schema.org","@graph":[{"@type":"Article","@id":"https:\/\/www.krafthand.de\/truck\/artikel\/spicer-dana-neue-produktkataloge-zum-thema-kardanwellen-42217\/#article","isPartOf":{"@id":"https:\/\/www.krafthand.de\/truck\/artikel\/spicer-dana-neue-produktkataloge-zum-thema-kardanwellen-42217\/"},"author":{"name":"georg.blenk@krafthand-medien.de","@id":"https:\/\/www.krafthand.de\/truck\/#\/schema\/person\/51fa80b1c57034c4bf63f9f988fc24ce"},"headline":"Spicer (DANA): Neue Produktkataloge zum Thema Kardanwellen","datePublished":"2025-03-03T08:36:05+00:00","mainEntityOfPage":{"@id":"https:\/\/www.krafthand.de\/truck\/artikel\/spicer-dana-neue-produktkataloge-zum-thema-kardanwellen-42217\/"},"wordCount":147,"image":{"@id":"https:\/\/www.krafthand.de\/truck\/artikel\/spicer-dana-neue-produktkataloge-zum-thema-kardanwellen-42217\/#primaryimage"},"thumbnailUrl":"https:\/\/static.krafthand-truck.de\/uploads\/2025\/03\/Spicer_Dana_Kardanwellen_Scania_Mercedes_Benz_Lkw.jpg","keywords":["Dana","Kardanwelle","Spicer","Zapfenkreuz"],"articleSection":["Ersatzteile\/Zubeh\u00f6r"],"inLanguage":"de"},{"@type":"WebPage","@id":"https:\/\/www.krafthand.de\/truck\/artikel\/spicer-dana-neue-produktkataloge-zum-thema-kardanwellen-42217\/","url":"https:\/\/www.krafthand.de\/truck\/artikel\/spicer-dana-neue-produktkataloge-zum-thema-kardanwellen-42217\/","name":"Spicer (DANA): Neue Produktkataloge zum Thema Kardanwellen - Krafthand-Truck","isPartOf":{"@id":"https:\/\/www.krafthand.de\/truck\/#website"},"primaryImageOfPage":{"@id":"https:\/\/www.krafthand.de\/truck\/artikel\/spicer-dana-neue-produktkataloge-zum-thema-kardanwellen-42217\/#primaryimage"},"image":{"@id":"https:\/\/www.krafthand.de\/truck\/artikel\/spicer-dana-neue-produktkataloge-zum-thema-kardanwellen-42217\/#primaryimage"},"thumbnailUrl":"https:\/\/static.krafthand-truck.de\/uploads\/2025\/03\/Spicer_Dana_Kardanwellen_Scania_Mercedes_Benz_Lkw.jpg","datePublished":"2025-03-03T08:36:05+00:00","author":{"@id":"https:\/\/www.krafthand.de\/truck\/#\/schema\/person\/51fa80b1c57034c4bf63f9f988fc24ce"},"description":"Spicer hat sein Produktportfolio erg\u00e4nzt und neue Produktkataloge f\u00fcr Ersatzteile und Komponenten zum Thema Kardanwellen herausgebracht.","breadcrumb":{"@id":"https:\/\/www.krafthand.de\/truck\/artikel\/spicer-dana-neue-produktkataloge-zum-thema-kardanwellen-42217\/#breadcrumb"},"inLanguage":"de","potentialAction":[{"@type":"ReadAction","target":["https:\/\/www.krafthand.de\/truck\/artikel\/spicer-dana-neue-produktkataloge-zum-thema-kardanwellen-42217\/"]}]},{"@type":"ImageObject","inLanguage":"de","@id":"https:\/\/www.krafthand.de\/truck\/artikel\/spicer-dana-neue-produktkataloge-zum-thema-kardanwellen-42217\/#primaryimage","url":"https:\/\/static.krafthand-truck.de\/uploads\/2025\/03\/Spicer_Dana_Kardanwellen_Scania_Mercedes_Benz_Lkw.jpg","contentUrl":"https:\/\/static.krafthand-truck.de\/uploads\/2025\/03\/Spicer_Dana_Kardanwellen_Scania_Mercedes_Benz_Lkw.jpg","width":800,"height":1135},{"@type":"BreadcrumbList","@id":"https:\/\/www.krafthand.de\/truck\/artikel\/spicer-dana-neue-produktkataloge-zum-thema-kardanwellen-42217\/#breadcrumb","itemListElement":[{"@type":"ListItem","position":1,"name":"Krafthand-Truck","item":"https:\/\/www.krafthand.de\/truck\/"},{"@type":"ListItem","position":2,"name":"Nfz-Service","item":"https:\/\/www.krafthand.de\/truck\/kategorie\/nfz-service\/"},{"@type":"ListItem","position":3,"name":"Ersatzteile\/Zubeh\u00f6r","item":"https:\/\/www.krafthand.de\/truck\/kategorie\/nfz-service\/ersatzteile-zubehoer\/"},{"@type":"ListItem","position":4,"name":"Spicer (DANA): Neue Produktkataloge zum Thema Kardanwellen"}]},{"@type":"WebSite","@id":"https:\/\/www.krafthand.de\/truck\/#website","url":"https:\/\/www.krafthand.de\/truck\/","name":"Krafthand-Truck","description":"","potentialAction":[{"@type":"SearchAction","target":{"@type":"EntryPoint","urlTemplate":"https:\/\/www.krafthand.de\/truck\/?s={search_term_string}"},"query-input":{"@type":"PropertyValueSpecification","valueRequired":true,"valueName":"search_term_string"}}],"inLanguage":"de"},{"@type":"Person","@id":"https:\/\/www.krafthand.de\/truck\/#\/schema\/person\/51fa80b1c57034c4bf63f9f988fc24ce","name":"georg.blenk@krafthand-medien.de","image":{"@type":"ImageObject","inLanguage":"de","@id":"https:\/\/secure.gravatar.com\/avatar\/93713c30affe0aa95d3a4130e499bb1abee2eb31adbdd9ce2aa1543538490215?s=96&d=mm&r=g","url":"https:\/\/secure.gravatar.com\/avatar\/93713c30affe0aa95d3a4130e499bb1abee2eb31adbdd9ce2aa1543538490215?s=96&d=mm&r=g","contentUrl":"https:\/\/secure.gravatar.com\/avatar\/93713c30affe0aa95d3a4130e499bb1abee2eb31adbdd9ce2aa1543538490215?s=96&d=mm&r=g","caption":"georg.blenk@krafthand-medien.de"}}]}},"_links":{"self":[{"href":"https:\/\/www.krafthand.de\/truck\/wp-json\/wp\/v2\/posts\/42217","targetHints":{"allow":["GET"]}}],"collection":[{"href":"https:\/\/www.krafthand.de\/truck\/wp-json\/wp\/v2\/posts"}],"about":[{"href":"https:\/\/www.krafthand.de\/truck\/wp-json\/wp\/v2\/types\/post"}],"author":[{"embeddable":true,"href":"https:\/\/www.krafthand.de\/truck\/wp-json\/wp\/v2\/users\/9"}],"replies":[{"embeddable":true,"href":"https:\/\/www.krafthand.de\/truck\/wp-json\/wp\/v2\/comments?post=42217"}],"version-history":[{"count":1,"href":"https:\/\/www.krafthand.de\/truck\/wp-json\/wp\/v2\/posts\/42217\/revisions"}],"predecessor-version":[{"id":42219,"href":"https:\/\/www.krafthand.de\/truck\/wp-json\/wp\/v2\/posts\/42217\/revisions\/42219"}],"wp:featuredmedia":[{"embeddable":true,"href":"https:\/\/www.krafthand.de\/truck\/wp-json\/wp\/v2\/media\/42218"}],"wp:attachment":[{"href":"https:\/\/www.krafthand.de\/truck\/wp-json\/wp\/v2\/media?parent=42217"}],"wp:term":[{"taxonomy":"category","embeddable":true,"href":"https:\/\/www.krafthand.de\/truck\/wp-json\/wp\/v2\/categories?post=42217"},{"taxonomy":"post_tag","embeddable":true,"href":"https:\/\/www.krafthand.de\/truck\/wp-json\/wp\/v2\/tags?post=42217"},{"taxonomy":"settings","embeddable":true,"href":"https:\/\/www.krafthand.de\/truck\/wp-json\/wp\/v2\/settings?post=42217"}],"curies":[{"name":"wp","href":"https:\/\/api.w.org\/{rel}","templated":true}]}}