{"id":42169,"date":"2025-03-12T13:55:02","date_gmt":"2025-03-12T12:55:02","guid":{"rendered":"https:\/\/www.krafthand.de\/truck\/?p=42169"},"modified":"2025-12-02T10:54:15","modified_gmt":"2025-12-02T09:54:15","slug":"hoert-uns-doch-einfach-mal-zu-die-industrie-muss-mit-den-nfz-werkstaetten-verstaerkt-in-den-austausch-gehen","status":"publish","type":"post","link":"https:\/\/www.krafthand.de\/truck\/artikel\/hoert-uns-doch-einfach-mal-zu-die-industrie-muss-mit-den-nfz-werkstaetten-verstaerkt-in-den-austausch-gehen-42169\/","title":{"rendered":"&#8222;Die Industrie muss mit den Nfz-Werkst\u00e4tten verst\u00e4rkt in den Austausch gehen.&#8220;"},"content":{"rendered":"<p>Im Januar 2025 fand der zweite \u201aRoundtable Nfz-Aftermarket\u2018 statt, initiiert von der Fachzeitschrift Krafthand-Truck und der Initiative \u201aQualit\u00e4t ist Mehrwert\u2018. Es ging um Themen rund um den Nutzfahrzeugservice, die Herausforderungen, die Zukunft der Nfz-Service-Branche. Praktische Erfahrungswerte aus dem Tagesgesch\u00e4ft eines Nfz-Werkstattbetriebs stie\u00dfen auf Einsch\u00e4tzungen der Industrie.<\/p>\n<p>Am \u201avirtuellen\u2018 Tisch sa\u00dfen neben dem Autor, Janine Alflen (Prokuristin) und Andreas Gl\u00e4ser (Gesch\u00e4ftsf\u00fchrer) von der Michels Kfz-Werkst\u00e4tte GmbH in Hahn am See. Erg\u00e4nzt wurde die Runde durch Henning Neulitz (Global Product Line Manager CV) sowie Michael Staudacher (Account Manager D-A-CH, CV), beide bei SKF. Ebenfalls mit dabei waren Florian Bentlage-Schm\u00f6lzer (Manager Aftermarket Strategy + Business-Development bei Knorr-Bremse), Klaus Stahl (Verkaufsleiter Nfz bei Liqui Moly) und last bot not least Kristiane Guth von der Initiative \u201aQualit\u00e4t ist Mehrwert\u2018.<\/p>\n<h3>Quo-vadis Nfz-Service?<\/h3>\n<figure id=\"attachment_42173\" aria-describedby=\"caption-attachment-42173\" style=\"width: 200px\" class=\"wp-caption alignleft\"><a href=\"https:\/\/static.krafthand-truck.de\/uploads\/2025\/03\/2_Roundtable_Nfz_Aftermarket_Janine_Alflen_Michels_Werkstatt.jpg\" target=\"_blank\" rel=\"noopener\"><img fetchpriority=\"high\" decoding=\"async\" class=\"wp-image-42173\" src=\"https:\/\/static.krafthand-truck.de\/uploads\/2025\/03\/2_Roundtable_Nfz_Aftermarket_Janine_Alflen_Michels_Werkstatt-231x300.jpg\" alt=\"\" width=\"200\" height=\"260\" srcset=\"https:\/\/static.krafthand-truck.de\/uploads\/2025\/03\/2_Roundtable_Nfz_Aftermarket_Janine_Alflen_Michels_Werkstatt-231x300.jpg 231w, https:\/\/static.krafthand-truck.de\/uploads\/2025\/03\/2_Roundtable_Nfz_Aftermarket_Janine_Alflen_Michels_Werkstatt-789x1024.jpg 789w, https:\/\/static.krafthand-truck.de\/uploads\/2025\/03\/2_Roundtable_Nfz_Aftermarket_Janine_Alflen_Michels_Werkstatt-768x996.jpg 768w, https:\/\/static.krafthand-truck.de\/uploads\/2025\/03\/2_Roundtable_Nfz_Aftermarket_Janine_Alflen_Michels_Werkstatt.jpg 800w\" sizes=\"(max-width: 200px) 100vw, 200px\" \/><\/a><figcaption id=\"caption-attachment-42173\" class=\"wp-caption-text\"><em>\u201eWir w\u00fcnschen uns von Seiten der Industrie mehr Unterst\u00fctzung auf Augenh\u00f6he\u201c<\/em>, so Janine Alflen. Bild: Christian Enders, PORTRAITKOCH<\/figcaption><\/figure>\n<p>In Deutschland existieren rund 3.700 Lkw-Service-Betriebe. Die Transportvolumina steigen, die Fahrzeuge werden l\u00e4nger gefahren. Das sind per-se gute Nachrichten in Hinblick auf das Auftragsvolumen. Doch so einfach ist es nicht. <em>\u201eDie Wartungsintervalle haben sich beim Verbrenner in den letzten 40 Jahren nahezu halbiert, auch bei der Anzahl an Reparaturen ist ein sinkender Trend zu erkennen\u201c<\/em>, so Henning Neulitz. Tats\u00e4chlich aber fressen die gestiegenen Anforderungen an den Nfz-Service die vermeidlich eingesparte Zeit wieder auf.<em> \u201eAufgrund der zunehmenden Komplexit\u00e4t der Lkw, ist der Aufwand bei der Wartung und der Reparatur deutlich gestiegen\u201c<\/em>, erg\u00e4nzt Neulitz. Dieser Trend werde sich durch die Elektrifizierung noch weiter verst\u00e4rken.<\/p>\n<figure id=\"attachment_42175\" aria-describedby=\"caption-attachment-42175\" style=\"width: 200px\" class=\"wp-caption alignright\"><a href=\"https:\/\/static.krafthand-truck.de\/uploads\/2025\/03\/2_Roundtable_Nfz_Aftermarket_Andreas_Glaeser_Michels_Werkstatt.jpg\" target=\"_blank\" rel=\"noopener\"><img decoding=\"async\" class=\"wp-image-42175\" src=\"https:\/\/static.krafthand-truck.de\/uploads\/2025\/03\/2_Roundtable_Nfz_Aftermarket_Andreas_Glaeser_Michels_Werkstatt-233x300.jpg\" alt=\"\" width=\"200\" height=\"258\" srcset=\"https:\/\/static.krafthand-truck.de\/uploads\/2025\/03\/2_Roundtable_Nfz_Aftermarket_Andreas_Glaeser_Michels_Werkstatt-233x300.jpg 233w, https:\/\/static.krafthand-truck.de\/uploads\/2025\/03\/2_Roundtable_Nfz_Aftermarket_Andreas_Glaeser_Michels_Werkstatt-794x1024.jpg 794w, https:\/\/static.krafthand-truck.de\/uploads\/2025\/03\/2_Roundtable_Nfz_Aftermarket_Andreas_Glaeser_Michels_Werkstatt-768x991.jpg 768w, https:\/\/static.krafthand-truck.de\/uploads\/2025\/03\/2_Roundtable_Nfz_Aftermarket_Andreas_Glaeser_Michels_Werkstatt.jpg 800w\" sizes=\"(max-width: 200px) 100vw, 200px\" \/><\/a><figcaption id=\"caption-attachment-42175\" class=\"wp-caption-text\"><em>\u201eKonstruktionsbedingte Probleme l\u00f6sen wir manchmal in der Werkstatt, obwohl sie l\u00e4ngst bekannt sind\u201c<\/em>, so Andreas Gl\u00e4ser. Bild: Christian Enders, PORTRAITKOCH<\/figcaption><\/figure>\n<p>Zus\u00e4tzlich ginge die Tendenz zu weniger Nfz-Werkst\u00e4tten, so Janine Alflen. Zu hoch seien die Auflagen, zu hoch oftmals die notwendigen Investitionen, der Fachkr\u00e4ftemangel k\u00e4me hinzu. Tats\u00e4chlich sind zahlreiche Nfz-Werkst\u00e4tten komplett ausgelastet und arbeiten am Limit. Die steigende Vielschichtigkeit und Varianz der Systeme, seien gleichsam die Zeitfresser im Werkstattalltag. Laut Alflen sind Probleml\u00f6sungen gefragt, mehr Hintergrundinformationen und Support bei der Diagnose. <em>\u201eMitunter sitzen die Hersteller auf einem sehr hohen Ross und machen Ihre Hausaufgaben nicht. Technisch, konstruktionsbedingte Probleme l\u00f6sen wir oft in der Werkstatt, obwohl sie l\u00e4ngst bekannt sind. Die Hersteller m\u00fcssen uns besser zuh\u00f6ren, wir m\u00fcssen die Themen gemeinsam angehen\u201c<\/em>, so Andreas Gl\u00e4ser.<\/p>\n<p>&nbsp;<\/p>\n<p><em><blockquote class=\"khm-quote\"><p>Der Austausch zwischen Nfz-Werkst\u00e4tten und der Industrie ist der Schl\u00fcssel, um Produkte und die Diagnose einfach zu machen (Michael Staudacher)<\/p><\/blockquote><\/em><\/p>\n<p>&nbsp;<\/p>\n<figure id=\"attachment_42177\" aria-describedby=\"caption-attachment-42177\" style=\"width: 200px\" class=\"wp-caption alignleft\"><a href=\"https:\/\/static.krafthand-truck.de\/uploads\/2025\/03\/2_Roundtable_Nfz_Aftermarket_Michael_Staudacher_SKF.jpg\" target=\"_blank\" rel=\"noopener\"><img decoding=\"async\" class=\"wp-image-42177\" src=\"https:\/\/static.krafthand-truck.de\/uploads\/2025\/03\/2_Roundtable_Nfz_Aftermarket_Michael_Staudacher_SKF-228x300.jpg\" alt=\"\" width=\"200\" height=\"263\" srcset=\"https:\/\/static.krafthand-truck.de\/uploads\/2025\/03\/2_Roundtable_Nfz_Aftermarket_Michael_Staudacher_SKF-228x300.jpg 228w, https:\/\/static.krafthand-truck.de\/uploads\/2025\/03\/2_Roundtable_Nfz_Aftermarket_Michael_Staudacher_SKF-779x1024.jpg 779w, https:\/\/static.krafthand-truck.de\/uploads\/2025\/03\/2_Roundtable_Nfz_Aftermarket_Michael_Staudacher_SKF-768x1009.jpg 768w, https:\/\/static.krafthand-truck.de\/uploads\/2025\/03\/2_Roundtable_Nfz_Aftermarket_Michael_Staudacher_SKF.jpg 800w\" sizes=\"(max-width: 200px) 100vw, 200px\" \/><\/a><figcaption id=\"caption-attachment-42177\" class=\"wp-caption-text\"><em>\u201eWir arbeiten gezielt an der R\u00fcckmeldung von Themen. Es muss einen Austauschkanal zwischen Werkstatt und Industrie geben. Die probleml\u00f6sungsorientierte Kommunikation ist das A und O\u201c<\/em>, so Michael Staudacher. Bild: SKF<\/figcaption><\/figure>\n<p>Knorr-Bremse TruckServices arbeitet an dem Thema. <em>\u201eUnsere Aufgabe ist es, die Betriebe bei der effizienten Durchf\u00fchrung des Lkw-Reparatur- und Servicevorgangs zu unterst\u00fctzen. Es geht um die Bereitstellung von Daten und Informationen, um eine l\u00f6sungsorientierte, gef\u00fchrte Diagnose und die Vereinfachung von Prozessen\u201c<\/em>, so Bentlage-Schm\u00f6lzer. Tats\u00e4chlich sind sehr viele Detailinformationen in den Systemen bereits vorhanden. Die Herausforderung sei die zielgerichtete Aufbereitung. Dazu geh\u00f6re auch die Nutzung von Fahrzeuginformationen in Echtzeit. Sie erm\u00f6glichen die Problemidentifikation sowie konkrete Handlungsempfehlungen, wie beispielsweise die ben\u00f6tigten Mitarbeiter oder Ersatzteile, bereits vor der eigentlichen Werkstattdiagnose. Im besten Fall ist auch ein R\u00fcckmeldekanal von der Werkstatt zum Hersteller vorhanden. <em>\u201eNat\u00fcrlich muss auch auf Seiten der Nfz-Werkst\u00e4tten ein entsprechendes Systemwissen vorhanden sein, man darf sich nicht nur auf den Diagnosetester verlassen\u201c<\/em>, erg\u00e4nzt Henning Neulitz. So wachsen auch die Herausforderungen in Punkto Weiterbildung. Dabei handelt es durch die Bank um spannende Technologien, wie neue Antriebe, ADAS und die Digitalisierung. <em>\u201eWer nicht mit der Zeit geht, geht mit der Zeit\u201c<\/em>, so Neulitz.<\/p>\n<blockquote class=\"khm-quote\"><p>Wer nicht mit der Zeit geht, geht mit der Zeit.<\/p><\/blockquote>\n<h3>Neue Chancen, neu Perspektiven<\/h3>\n<figure id=\"attachment_42179\" aria-describedby=\"caption-attachment-42179\" style=\"width: 200px\" class=\"wp-caption alignright\"><a href=\"https:\/\/static.krafthand-truck.de\/uploads\/2025\/03\/2_Roundtable_Nfz_Aftermarket_Florian_Bentlage_Schmoelzer_Knorr_Bremse.jpg\" target=\"_blank\" rel=\"noopener\"><img loading=\"lazy\" decoding=\"async\" class=\"wp-image-42179\" src=\"https:\/\/static.krafthand-truck.de\/uploads\/2025\/03\/2_Roundtable_Nfz_Aftermarket_Florian_Bentlage_Schmoelzer_Knorr_Bremse-236x300.jpg\" alt=\"\" width=\"200\" height=\"255\" srcset=\"https:\/\/static.krafthand-truck.de\/uploads\/2025\/03\/2_Roundtable_Nfz_Aftermarket_Florian_Bentlage_Schmoelzer_Knorr_Bremse-236x300.jpg 236w, https:\/\/static.krafthand-truck.de\/uploads\/2025\/03\/2_Roundtable_Nfz_Aftermarket_Florian_Bentlage_Schmoelzer_Knorr_Bremse-768x977.jpg 768w, https:\/\/static.krafthand-truck.de\/uploads\/2025\/03\/2_Roundtable_Nfz_Aftermarket_Florian_Bentlage_Schmoelzer_Knorr_Bremse.jpg 800w\" sizes=\"(max-width: 200px) 100vw, 200px\" \/><\/a><figcaption id=\"caption-attachment-42179\" class=\"wp-caption-text\"><em>\u201eDie Verkn\u00fcpfung von Fahrzeugdaten und damit die Vorbereitung und effizientere Durchf\u00fchrung der Diagnose und Reparatur ist der Schl\u00fcssel zum Erfolg\u201c<\/em>, so Bentlage-Schm\u00f6lzer. Bild: Knorr-Bremse<\/figcaption><\/figure>\n<p>Der Einzug neuer Technologien schafft neue, spannende Perspektiven f\u00fcr Nfz-Betriebe und Mechatroniker(innen). <em>\u201eIn Bereichen wie der Vernetzung, Automatisierung und Elektrifizierung, ergeben sich neue Chancen f\u00fcr den Nfz-Aftermarket. Beispiele sind etwa Software-Updates, die Remote-Diagnose, die vorausschauende Wartung und das Service- und Batterie-Management\u201c<\/em>, so Bentlage-Schm\u00f6lzer. Das Thema Cyber-Security (ECE-R155) wird in Zukunft einen gro\u00dfen Einfluss auf digitale L\u00f6sungen haben, die beispielsweise in die Diagnose integriert werden k\u00f6nnen. Die Erf\u00fcllung einer Vielzahl von rechtlichen Anforderungen muss gew\u00e4hrleistet sein.<br \/>\nJanine Alflen sieht auch im Bereich Fahrzeug-Monitoring vielf\u00e4ltige M\u00f6glichkeiten um die Leistungen der Werkst\u00e4tten zu verbessern und messbar zu machen. Dazu seien aber einheitliche oder miteinander kompatible Telematik-Systeme notwendig. Zudem m\u00fcsse der Datenschutz praktikabel handhabbar sein. Interessant d\u00fcrfte laut Alflen zuk\u00fcnftig ein mobiler Ladenotdienst f\u00fcr E-Trucks sein. <em>\u201eIm \u00dcbrigen sind viele freie Nfz-Werkst\u00e4tten im Sinne der Mehrmarken-Diagnose heute schon Full-Service-Dienstleister.\u201c<\/em><br \/>\n<a href=\"https:\/\/truckservices.knorr-bremse.com\/de\/de\/\" target=\"_blank\" rel=\"noopener\">Knorr-Bremse<\/a> m\u00f6chte die Werkst\u00e4tten in den Entwicklungsprozessen unterst\u00fctzen, um Abl\u00e4ufe zu vereinfachen und den Fachkr\u00e4ftemangel in der Reparaturbranche ein st\u00fcckweit zu kompensieren. <em>\u201eWir arbeiten permanent an der Verbesserung unserer Software innerhalb der Mehrmarken-Diagnose Jaltest, um die Reparaturabl\u00e4ufe zu vereinfachen, beispielsweise durch eine verbesserte, gef\u00fchrte Fehlerbehebung oder die Integration einer Sprachsteuerung\u201c<\/em>, so Bentlage-Schm\u00f6lzer.<\/p>\n<p>&nbsp;<\/p>\n<div class=\"infobox box-grey\"><\/p>\n<h4>Die Michels Kfz-Werkst\u00e4tte<\/h4>\n<p><figure id=\"attachment_42181\" aria-describedby=\"caption-attachment-42181\" style=\"width: 420px\" class=\"wp-caption alignleft\"><a href=\"https:\/\/static.krafthand-truck.de\/uploads\/2025\/03\/Michels_Pkw_Werkstaette.jpg\" target=\"_blank\" rel=\"noopener\"><img loading=\"lazy\" decoding=\"async\" class=\"wp-image-42181\" src=\"https:\/\/static.krafthand-truck.de\/uploads\/2025\/03\/Michels_Pkw_Werkstaette-300x182.jpg\" alt=\"\" width=\"420\" height=\"255\" srcset=\"https:\/\/static.krafthand-truck.de\/uploads\/2025\/03\/Michels_Pkw_Werkstaette-300x182.jpg 300w, https:\/\/static.krafthand-truck.de\/uploads\/2025\/03\/Michels_Pkw_Werkstaette-1024x622.jpg 1024w, https:\/\/static.krafthand-truck.de\/uploads\/2025\/03\/Michels_Pkw_Werkstaette-768x467.jpg 768w, https:\/\/static.krafthand-truck.de\/uploads\/2025\/03\/Michels_Pkw_Werkstaette.jpg 1200w\" sizes=\"(max-width: 420px) 100vw, 420px\" \/><\/a><figcaption id=\"caption-attachment-42181\" class=\"wp-caption-text\">Im April 2019 konnte man die neu gebaute Michels Kfz-Werkst\u00e4tte beziehen. Die Halle, nebst Anbau, verf\u00fcgt \u00fcber eine W\u00e4rmepumpe, eine Solaranlage und eine Fu\u00dfbodenheizung. Bild: Christian Enders, PORTRAITKOCH<\/figcaption><\/figure><\/p>\n<p>Die <a href=\"https:\/\/michels-werkstatt.de\" target=\"_blank\" rel=\"noopener\">Michels Kfz-Werkst\u00e4tte GmbH<\/a> besch\u00e4ftigt aktuell 24 Mitarbeiter und Mitarbeiterinnen und hat sich als freier Service-Betrieb auf Nutzfahrzeuge s\u00e4mtlicher Marken spezialisiert. Der Jahresumsatz betrug 2024 rund 2,5 Millionen Euro. Die 2019 bezogene, neue Werkstatthalle hat sieben hochmoderne Lkw-Reparaturpl\u00e4tze. Das Geb\u00e4ude verf\u00fcgt \u00fcber eine W\u00e4rmepumpe, eine PV-Anlage sowie \u00fcber eine Fu\u00dfbodenheizung in der kompletten Halle. Der Betrieb wurde daf\u00fcr mit dem Nachhaltigkeitspreis des Landes Rheinland-Pfalz ausgezeichnet. Sollte die Reparatur einmal umfangreicher ausfallen, bietet der Betrieb auch \u00fcber Nacht bewachte Lkw-Stellpl\u00e4tze, inklusive Toilette und Duschm\u00f6glichkeit f\u00fcr Fahrerinnen und Fahrer, an. <em>\u201eIch versuche mit unserem Team stets an Verbesserungen f\u00fcr zu arbeiten\u201c<\/em>, so Gesch\u00e4ftsf\u00fchrer Andreas Gl\u00e4ser. <em>\u201eWir leben Innovation.\u201c <\/em><\/p>\n<p><\/div>\n<p>&nbsp;<\/p>\n<h3>Freie Nfz- versus Markenbetriebe<\/h3>\n<figure id=\"attachment_42183\" aria-describedby=\"caption-attachment-42183\" style=\"width: 200px\" class=\"wp-caption alignleft\"><a href=\"https:\/\/static.krafthand-truck.de\/uploads\/2025\/03\/2_Roundtable_Nfz_Aftermarket_Klaus_Stahl_Liqui_Moly.jpg\" target=\"_blank\" rel=\"noopener\"><img loading=\"lazy\" decoding=\"async\" class=\"wp-image-42183\" src=\"https:\/\/static.krafthand-truck.de\/uploads\/2025\/03\/2_Roundtable_Nfz_Aftermarket_Klaus_Stahl_Liqui_Moly-226x300.jpg\" alt=\"\" width=\"200\" height=\"266\" srcset=\"https:\/\/static.krafthand-truck.de\/uploads\/2025\/03\/2_Roundtable_Nfz_Aftermarket_Klaus_Stahl_Liqui_Moly-226x300.jpg 226w, https:\/\/static.krafthand-truck.de\/uploads\/2025\/03\/2_Roundtable_Nfz_Aftermarket_Klaus_Stahl_Liqui_Moly.jpg 700w\" sizes=\"(max-width: 200px) 100vw, 200px\" \/><\/a><figcaption id=\"caption-attachment-42183\" class=\"wp-caption-text\"><em>\u201eWir versuchen die Produktqualit\u00e4t auf einem sehr hohen Level zu halten. Das betrifft auch die Aus- und Weiterbildung\u201c<\/em>, so Klaus Stahl, Verkaufsleiter Nfz bei Liqui Moly. Bild: Liqui Moly<\/figcaption><\/figure>\n<p>Die gro\u00dfe St\u00e4rke von freien Werkst\u00e4tten bleibt aus Sicht von Henning Neulitz weiterhin der Kostenvorteil und die Markenvielfalt, welche im Umkehrschluss zu einem gro\u00dfen Know-how in den freien Werkst\u00e4tten f\u00fchre. Die gr\u00f6\u00dften Entwicklungsm\u00f6glichkeiten sieht er in der Digitalisierung, wobei der Zugang zu fahrzeugspezifischen Daten eine noch gr\u00f6\u00dfere Rolle spielen wird. Janine Alflen argumentiert aus Praxissicht auch mit der schmaleren Kostenstruktur, auch aufgrund flacher Hierarchien. Zudem seien freie Betriebe nicht durch CI-Auflagen und Zertifizierungen behindert. <em>\u201eWir k\u00f6nnen unsere Preise frei gestalten und unsere Schwerpunkte individuell und flexibel definieren\u201c<\/em>, so Alflen. Florian Bentlage-Schm\u00f6lzer erg\u00e4nzt: <em>\u201eFreie Nfz-Servicebetriebe k\u00f6nnen durch spezialisierte Dienstleistungen, individuelle Betreuung und ma\u00dfgeschneiderte Wartungskonzepte zus\u00e4tzlich einen Wettbewerbsvorteil erzielen. Au\u00dferdem k\u00f6nnen sie auch Mehrmarkenflotten und Anh\u00e4ngerreparaturen unterst\u00fctzen und sind nicht auf einzelne Marken beschr\u00e4nkt. Langfristig wird die F\u00e4higkeit, sich auf neue Technologien und Marktanforderungen einzustellen, entscheidend sein.\u201c<\/em><br \/>\nWas die Preisgestaltung angeht, so kritisiert Klaus Stahl von <a href=\"https:\/\/www.liqui-moly.com\/de\/de\/werkstattservices.html\" target=\"_blank\" rel=\"noopener\">Liqui Moly<\/a> den unerbittlichen Preiskampf im freien IAM, auch in Hinblick auf Eigenmarken von gro\u00dfen Playern im Teilehandel. Die Bezugsquellen werden internationalisiert, dabei bleibt oft die Beratung und die Servicequalit\u00e4t auf der Strecke. <em>\u201eWir setzen konsequent auf unsere Produkt- und Dienstleistungsqualit\u00e4t und die kostet Geld\u201c<\/em>, so Stahl.<\/p>\n<blockquote class=\"khm-quote\"><p>Freie Nfz-Servicebetriebe k\u00f6nnen durch ihre Flexibilit\u00e4t und Kundenn\u00e4he im Wettbewerb mit OE-Betrieben punkten\u201c, so Bentlage-Schm\u00f6lzer.<\/p><\/blockquote>\n<h3>Technik-Kompetenz und Nachwuchs<\/h3>\n<p>Das Berufsbild des Nfz-Mechatronikers wird sich laut Bentlage-Schm\u00f6lzer angesichts der zunehmenden Digitalisierung und der Entwicklung neuer Antriebstechnologien stark ver\u00e4ndern. Neben den klassischen mechanischen und elektrischen Reparaturen, wird das Augenmerk auf die Systemintegration und die digitale Vernetzung der Fahrzeuge gelegt. Mechatroniker m\u00fcssten sich mit Advanced-Driver-Assistance-Systems, alternativen Antriebstechnologien und der Verarbeitung von Daten aus dem Fahrzeug besch\u00e4ftigen. <em>\u201eEs sind zuk\u00fcnftig zahlreiche Zusatzqualifikationen notwendig, welche bei der Ausbildung von Anfang an Bestandteil sein m\u00fcssen\u201c<\/em>, erg\u00e4nzt Henning Neulitz. Dabei k\u00f6nne laut Bentlage-Schm\u00f6lzer eine digitale Unterst\u00fctzung von Diagnose- und Reparaturprozessen den Schulungsaufwand der Mitarbeiter reduzieren und die Anpassungen an neue Technologien vereinfachen. Die eService-Manuals von Knorr-Bremse (digitale und animierte Schritt-f\u00fcr-Schritt-Anleitungen) zielten genau darauf ab. Sie sind online verf\u00fcgbar und f\u00fcr Werkst\u00e4tten frei zug\u00e4nglich.<\/p>\n<blockquote class=\"khm-quote\"><p>Es sind Zusatzqualifikationen notwendig, welche Bestandteil der Ausbildung sein m\u00fcssen.<\/p><\/blockquote>\n<figure id=\"attachment_42185\" aria-describedby=\"caption-attachment-42185\" style=\"width: 320px\" class=\"wp-caption alignright\"><a href=\"https:\/\/static.krafthand-truck.de\/uploads\/2025\/03\/2_Roundtable_Nfz_Aftermarket_Christian_Benner_Michels_Werkstatt.jpg\" target=\"_blank\" rel=\"noopener\"><img loading=\"lazy\" decoding=\"async\" class=\"wp-image-42185\" src=\"https:\/\/static.krafthand-truck.de\/uploads\/2025\/03\/2_Roundtable_Nfz_Aftermarket_Christian_Benner_Michels_Werkstatt-214x300.jpg\" alt=\"\" width=\"320\" height=\"449\" srcset=\"https:\/\/static.krafthand-truck.de\/uploads\/2025\/03\/2_Roundtable_Nfz_Aftermarket_Christian_Benner_Michels_Werkstatt-214x300.jpg 214w, https:\/\/static.krafthand-truck.de\/uploads\/2025\/03\/2_Roundtable_Nfz_Aftermarket_Christian_Benner_Michels_Werkstatt-729x1024.jpg 729w, https:\/\/static.krafthand-truck.de\/uploads\/2025\/03\/2_Roundtable_Nfz_Aftermarket_Christian_Benner_Michels_Werkstatt-768x1078.jpg 768w, https:\/\/static.krafthand-truck.de\/uploads\/2025\/03\/2_Roundtable_Nfz_Aftermarket_Christian_Benner_Michels_Werkstatt.jpg 800w\" sizes=\"(max-width: 320px) 100vw, 320px\" \/><\/a><figcaption id=\"caption-attachment-42185\" class=\"wp-caption-text\">Christian Benner hat seine Ausbildung als Kfz-Mechatroniker bei der Michels Kfz-Werkst\u00e4tte GmbH absolviert und direkt im Anschluss seinen Meister gemacht. Bild: Christian Enders, PORTRAITKOCH<\/figcaption><\/figure>\n<p>Bei <a href=\"https:\/\/www.skf.com\/de\" target=\"_blank\" rel=\"noopener\">SKF<\/a> hat man mit \u201aSKF MechMaster\u2018 eine virtuelle Werkstatt entwickelt um Wissen praxisnah zu transportieren. \u201eDie Industrie ist gefordert den Wissensschatz aufzubereiten und das Know-how an den Aftermarket, die Mechatroniker(innen) und die Weiterbildungseinrichtungen weiterzuleiten. Warum nicht eine gemeinsame Plattform?\u201c, so Michael Staudacher. Hier mache es sich die Industrie mitunter ein bisschen zu einfach.<br \/>\nJanine Alflen verweist auch auf den dringenden Bedarf an hochqualifizierten Fachkr\u00e4ften, inklusive auf S3-Schulungen und markenspezifische Lehrg\u00e4nge. Zudem sollte man die Ausbildung in mehrere Fachbereiche wie Kfz-\/Nfz-Mechatroniker, Kfz-\/Nfz-Elektroniker und Kfz-\/Nfz-Systemtechniker aufteilen. Zudem m\u00fcsse man die Hochschulen und das Handwerk besser miteinander vernetzen. Kristiane Guth kann sich vorstellen, das Thema mit \u201aQualit\u00e4t ist Mehrwert\u2018 als hersteller-\u00fcbergreifende Initiative anzugehen.<\/p>\n<h3>Technischen Informationen, service-relevante Daten<\/h3>\n<figure id=\"attachment_42187\" aria-describedby=\"caption-attachment-42187\" style=\"width: 200px\" class=\"wp-caption alignleft\"><a href=\"https:\/\/static.krafthand-truck.de\/uploads\/2025\/03\/2_Roundtable_Nfz_Aftermarket_Henning_Neulitz_SKF.jpg\" target=\"_blank\" rel=\"noopener\"><img loading=\"lazy\" decoding=\"async\" class=\"wp-image-42187\" src=\"https:\/\/static.krafthand-truck.de\/uploads\/2025\/03\/2_Roundtable_Nfz_Aftermarket_Henning_Neulitz_SKF-223x300.jpg\" alt=\"\" width=\"200\" height=\"269\" srcset=\"https:\/\/static.krafthand-truck.de\/uploads\/2025\/03\/2_Roundtable_Nfz_Aftermarket_Henning_Neulitz_SKF-223x300.jpg 223w, https:\/\/static.krafthand-truck.de\/uploads\/2025\/03\/2_Roundtable_Nfz_Aftermarket_Henning_Neulitz_SKF-761x1024.jpg 761w, https:\/\/static.krafthand-truck.de\/uploads\/2025\/03\/2_Roundtable_Nfz_Aftermarket_Henning_Neulitz_SKF-768x1034.jpg 768w, https:\/\/static.krafthand-truck.de\/uploads\/2025\/03\/2_Roundtable_Nfz_Aftermarket_Henning_Neulitz_SKF.jpg 800w\" sizes=\"(max-width: 200px) 100vw, 200px\" \/><\/a><figcaption id=\"caption-attachment-42187\" class=\"wp-caption-text\"><em>&#8222;Es wird unabh\u00e4ngigen Marktbegleitern immer noch schwer gemacht, auf Daten und technischen Informationen zuzugreifen. Hier werden sicherlich noch nicht alle Potenziale ausgesch\u00f6pft. Daher ist es notwendig eine Verbesserung der gesetzlichen Regelung f\u00fcr den Zugang zu OE-Daten zu erwirken\u201c<\/em>, so Henning Neulitz. Bild: SKF<\/figcaption><\/figure>\n<p><em>\u201eDie Zusammenarbeit zwischen Zulieferern und Nfz-Servicebetrieben wird immer wichtiger, insbesondere im Hinblick auf den Zugang zu technischen Informationen und service-relevanten Daten\u201c<\/em>, so Bentlage-Schm\u00f6lzer. Die Informationen seien entscheidend, um eine effiziente Wartung und Reparatur sicherzustellen. Auch der Wissensaustausch zu neuen Technologien wie dem Batterie-Management oder der Fahrzeug-Software, sei von gr\u00f6\u00dfter Bedeutung. Derzeit seien die Potenziale noch nicht vollst\u00e4ndig ausgesch\u00f6pft. <em>\u201eInsbesonders in Bezug auf die digitale Vernetzung und den Zugang zu umfassenden Diagnosedaten, die eine pr\u00e4ventive Wartung erm\u00f6glichen.\u201c<\/em><\/p>\n<p><em>\u201eAktuell ist der Zugang zu den Daten deutscher Hersteller komplizierter, komplexer und kostenintensiver denn je. Ein Beispiel ist die Stardiagnose. Bei Herstellern aus China sind die kompletten Daten im Internet verf\u00fcgbar\u201c<\/em>, merkt Alflen an. Die gesetzlichen Rahmenbedingungen zum (digitalen) Erhalt von Daten existieren, werden von den Fahrzeugherstellern aber mitunter nicht durchg\u00e4ngig befolgt. Ein Beispiel ist das Urteil des EuGH im Fall GVA\/Scania, bez\u00fcglich Teileinformationen, Reparatur und Wartungsdaten basierend auf Fahrgestellnummern.<\/p>\n<p>&nbsp;<\/p>\n<hr \/>\n<h4>Qualit\u00e4t ist Mehrwert<\/h4>\n<figure id=\"attachment_42189\" aria-describedby=\"caption-attachment-42189\" style=\"width: 280px\" class=\"wp-caption alignleft\"><img loading=\"lazy\" decoding=\"async\" class=\"wp-image-42189\" src=\"https:\/\/static.krafthand-truck.de\/uploads\/2025\/03\/Logo_Qualitaet_ist_Mehrwert_Nfz_Teile-300x129.jpg\" alt=\"\" width=\"280\" height=\"120\" srcset=\"https:\/\/static.krafthand-truck.de\/uploads\/2025\/03\/Logo_Qualitaet_ist_Mehrwert_Nfz_Teile-300x129.jpg 300w, https:\/\/static.krafthand-truck.de\/uploads\/2025\/03\/Logo_Qualitaet_ist_Mehrwert_Nfz_Teile-1024x439.jpg 1024w, https:\/\/static.krafthand-truck.de\/uploads\/2025\/03\/Logo_Qualitaet_ist_Mehrwert_Nfz_Teile-768x329.jpg 768w, https:\/\/static.krafthand-truck.de\/uploads\/2025\/03\/Logo_Qualitaet_ist_Mehrwert_Nfz_Teile.jpg 1200w\" sizes=\"(max-width: 280px) 100vw, 280px\" \/><figcaption id=\"caption-attachment-42189\" class=\"wp-caption-text\">Grafik\/Logo: Qualit\u00e4t ist Mehrwert<\/figcaption><\/figure>\n<p>Die Initiative \u201aQualit\u00e4t ist Mehrwert\u2018 steht f\u00fcr die F\u00f6rderung von Qualit\u00e4t im Automotive Aftermarket, insbesondere f\u00fcr freie Kfz- und Nfz-Werkst\u00e4tten und deren Wettbewerbsf\u00e4higkeit. Die Initiative m\u00f6chte \u00fcber die Bedeutung hochwertiger Ersatzteile aufkl\u00e4ren, vor den Gefahren minderwertiger Teile warnen und den Austausch im IAM f\u00f6rdern. Zudem steht \u201aQualit\u00e4t ist Mehrwert\u2018 f\u00fcr fachgerechte Reparaturen, qualifiziertes Personal und einen professionellen Kundenservice ein.<a href=\"https:\/\/qualitaet-ist-mehrwert.de\" target=\"_blank\" rel=\"noopener\"> \u201aQualit\u00e4t ist Mehrwert\u2018<\/a> stellt Werkst\u00e4tten Informationen, Schulungsangebote, und Werkstatt-Tipps zur Verf\u00fcgung, organisiert Werkstatt-Stammtische, Events bei Teileherstellern sowie Nachwuchs-Offensiven.<\/p>\n<hr \/>\n<h3>Rahmenbedingungen und Anreize<\/h3>\n<p><em>\u201eMeine Erwartungshaltung an die Politik bezieht sich auf eine ganzheitliche End-to-End Betrachtung. Wo kann man gezielt mit F\u00f6rderungen unterst\u00fctzen\u201c<\/em>, so Henning Neulitz. Gerade wenn es um die Ladeinfrastruktur f\u00fcr E-Trucks geht, sei akuter Bedarf vorhanden. Florian Bentlage-Schm\u00f6lzer erg\u00e4nzt: <em>\u201eDie politischen Rahmenbedingungen spielen eine bedeutende Rolle im Nfz-Bereich, insbesondere in Hinblick auf den Zugriff auf notwendige Informationen, die Sicherheitsanforderungen im Stra\u00dfenverkehr und die F\u00f6rderung von alternativen Antrieben sowie der CO2-Reduktion.\u201c<\/em> Politische Entscheidungstr\u00e4ger seien zunehmend gefordert, klare Richtlinien und Anreize zu schaffen, die den \u00dcbergang zu innovativen Technologien unterst\u00fctzen und dabei die Wettbewerbsf\u00e4higkeit der Akteure in Deutschland und Europa zu gew\u00e4hrleisten. <em>\u201eDies umfasst sowohl Subventionen f\u00fcr E-Trucks als auch die F\u00f6rderung von Forschung und Entwicklung im Bereich digitaler Gesch\u00e4ftsmodelle.\u201c<\/em><\/p>\n<blockquote><blockquote class=\"khm-quote\"><p>Wir brauchen weniger sinnlose B\u00fcrokratie und weniger Verwaltungsaufwand.<\/p><\/blockquote><\/blockquote>\n<p>Aus praktischer Sicht w\u00fcnscht sich Janine Alflen weniger sinnlose B\u00fcrokratie und weniger Verwaltungsaufwand. Zudem m\u00fcsse die Ausbildung der Bildungstr\u00e4ger von Grund auf \u00fcberarbeitet und qualitativ verbessert werden. Alflen schl\u00e4gt eigene Nfz-Klassen im Blockunterricht vor. Bestehende Ausbildungsverordnungen seien wie vorgegeben umzusetzen. Im \u00dcbrigen: Auch das Bildungspersonal sollte regelm\u00e4\u00dfig auf den aktuellen Stand der Technik gebracht werden! Abschlie\u00dfend bringt es Andreas Gl\u00e4ser auf den Punkt: <strong><em>\u201eH\u00f6rt uns doch einfach mal zu!\u201c<\/em><\/strong><\/p>\n<p><i>Den Beitrag finden Sie auch in der Print-Ausgabe 1-2025 der <a href=\"https:\/\/www.krafthand.de\/truck\/magazin\/\" title=\"Zum Magazin\">Krafthand-Truck<\/a>.<\/i><\/p>\r\n\t\t\t\t<div class=\"post-author\">\r\n\t\t\t\t\t<div class=\"khm-cp-author clearfix\">\r\n\t\t\t\t\t\t<div class=\"khm-cp-author__content\">\r\n\t\t\t\t\t\t\t\tKontakt zum Autor:<br \/>\r\n\t\t\t\t\t\t\t\t<strong>Georg Blenk<\/strong>, 08247 \/ 3007-45 |  <a href=\"mailto:georg.blenk@krafthand-medien.de\">georg.blenk@krafthand-medien.de<\/a>\r\n\t\t\t\t\t\t\t<div class=\"khm-cp-author__image\">\r\n\t\t\t\t\t\t<img src=\"https:\/\/static.krafthand-truck.de\/uploads\/2021\/01\/Blenk_6104-250x300-1-removebg-preview.png\" class=\"img-responsive\">\r\n\t\t\t\t\t<\/div>\r\n\t\t\t\t\t\t<\/div>\r\n\t\t\t\t\t<\/div>\r\n\t\t\t\t<\/div>\r\n\t\t\t\t","protected":false},"excerpt":{"rendered":"<p>Im Januar 2025 fand der zweite \u201aRoundtable Nfz-Aftermarket\u2018 statt, initiiert von der Fachzeitschrift Krafthand-Truck und der Initiative \u201aQualit\u00e4t ist Mehrwert\u2018. Es ging um Themen rund um den Nutzfahrzeugservice, die Herausforderungen, die Zukunft der Nfz-Service-Branche. Praktische Erfahrungswerte aus dem Tagesgesch\u00e4ft eines Nfz-Werkstattbetriebs stie\u00dfen auf Einsch\u00e4tzungen der Industrie. <span class=\"excerpt-more__dots\">&#8230;<\/span> <a class=\"excerpt-more__link\" href=\"https:\/\/www.krafthand.de\/truck\/artikel\/hoert-uns-doch-einfach-mal-zu-die-industrie-muss-mit-den-nfz-werkstaetten-verstaerkt-in-den-austausch-gehen-42169\/\" >weiter<\/a><\/p>\n","protected":false},"author":9,"featured_media":42171,"comment_status":"closed","ping_status":"closed","sticky":false,"template":"","format":"standard","meta":{"footnotes":""},"categories":[4238,6375,4235,4245],"tags":[360,186,249,5878,1059],"settings":[3524,3523],"class_list":["post-42169","post","type-post","status-publish","format-standard","has-post-thumbnail","hentry","category-koepfe","category-lade-tank-infrastruktur","category-unternehmen","category-verbaende","tag-aftermarket","tag-knorr-bremse","tag-liqui-moly","tag-roundtable","tag-skf"],"yoast_head":"<!-- This site is optimized with the Yoast SEO plugin v27.3 - https:\/\/yoast.com\/product\/yoast-seo-wordpress\/ -->\n<title>2# Roundtable Nfz-Aftermarket I Krafthand-Truck<\/title>\n<meta name=\"description\" content=\"Im Januar 2025 fand der zweite \u201aRoundtable Nfz-Aftermarket\u2018 statt, initiiert von Krafthand-Truck und Qualit\u00e4t ist Mehrwert - mit wertvollen Erkenntnissen.\" \/>\n<meta name=\"robots\" content=\"index, follow, max-snippet:-1, max-image-preview:large, max-video-preview:-1\" \/>\n<link rel=\"canonical\" href=\"https:\/\/www.krafthand.de\/truck\/artikel\/hoert-uns-doch-einfach-mal-zu-die-industrie-muss-mit-den-nfz-werkstaetten-verstaerkt-in-den-austausch-gehen-42169\/\" \/>\n<meta property=\"og:locale\" content=\"de_DE\" \/>\n<meta property=\"og:type\" content=\"article\" \/>\n<meta property=\"og:title\" content=\"2# Roundtable Nfz-Aftermarket I Krafthand-Truck\" \/>\n<meta property=\"og:description\" content=\"Im Januar 2025 fand der zweite \u201aRoundtable Nfz-Aftermarket\u2018 statt, initiiert von Krafthand-Truck und Qualit\u00e4t ist Mehrwert - mit wertvollen Erkenntnissen.\" \/>\n<meta property=\"og:url\" content=\"https:\/\/www.krafthand-truck.de\/artikel\/hoert-uns-doch-einfach-mal-zu-die-industrie-muss-mit-den-nfz-werkstaetten-verstaerkt-in-den-austausch-gehen-42169\/\" \/>\n<meta property=\"og:site_name\" content=\"Krafthand-Truck\" \/>\n<meta property=\"article:published_time\" content=\"2025-03-12T12:55:02+00:00\" \/>\n<meta property=\"article:modified_time\" content=\"2025-12-02T09:54:15+00:00\" \/>\n<meta property=\"og:image\" content=\"https:\/\/static.krafthand-truck.de\/uploads\/2025\/03\/2_Roundtable_Nfz_Aftermarket_SKF_KnorrBremse_LiquiMoly_Michels_Werkstatt.jpg\" \/>\n\t<meta property=\"og:image:width\" content=\"1200\" \/>\n\t<meta property=\"og:image:height\" content=\"608\" \/>\n\t<meta property=\"og:image:type\" content=\"image\/jpeg\" \/>\n<meta name=\"author\" content=\"georg.blenk@krafthand-medien.de\" \/>\n<meta name=\"twitter:card\" content=\"summary_large_image\" \/>\n<meta name=\"twitter:label1\" content=\"Verfasst von\" \/>\n\t<meta name=\"twitter:data1\" content=\"georg.blenk@krafthand-medien.de\" \/>\n\t<meta name=\"twitter:label2\" content=\"Gesch\u00e4tzte Lesezeit\" \/>\n\t<meta name=\"twitter:data2\" content=\"13\u00a0Minuten\" \/>\n<script type=\"application\/ld+json\" class=\"yoast-schema-graph\">{\"@context\":\"https:\\\/\\\/schema.org\",\"@graph\":[{\"@type\":\"Article\",\"@id\":\"https:\\\/\\\/www.krafthand.de\\\/truck\\\/artikel\\\/hoert-uns-doch-einfach-mal-zu-die-industrie-muss-mit-den-nfz-werkstaetten-verstaerkt-in-den-austausch-gehen-42169\\\/#article\",\"isPartOf\":{\"@id\":\"https:\\\/\\\/www.krafthand.de\\\/truck\\\/artikel\\\/hoert-uns-doch-einfach-mal-zu-die-industrie-muss-mit-den-nfz-werkstaetten-verstaerkt-in-den-austausch-gehen-42169\\\/\"},\"author\":{\"name\":\"georg.blenk@krafthand-medien.de\",\"@id\":\"https:\\\/\\\/www.krafthand.de\\\/truck\\\/#\\\/schema\\\/person\\\/51fa80b1c57034c4bf63f9f988fc24ce\"},\"headline\":\"&#8222;Die Industrie muss mit den Nfz-Werkst\u00e4tten verst\u00e4rkt in den Austausch gehen.&#8220;\",\"datePublished\":\"2025-03-12T12:55:02+00:00\",\"dateModified\":\"2025-12-02T09:54:15+00:00\",\"mainEntityOfPage\":{\"@id\":\"https:\\\/\\\/www.krafthand.de\\\/truck\\\/artikel\\\/hoert-uns-doch-einfach-mal-zu-die-industrie-muss-mit-den-nfz-werkstaetten-verstaerkt-in-den-austausch-gehen-42169\\\/\"},\"wordCount\":2220,\"image\":{\"@id\":\"https:\\\/\\\/www.krafthand.de\\\/truck\\\/artikel\\\/hoert-uns-doch-einfach-mal-zu-die-industrie-muss-mit-den-nfz-werkstaetten-verstaerkt-in-den-austausch-gehen-42169\\\/#primaryimage\"},\"thumbnailUrl\":\"https:\\\/\\\/static.krafthand-truck.de\\\/uploads\\\/2025\\\/03\\\/2_Roundtable_Nfz_Aftermarket_SKF_KnorrBremse_LiquiMoly_Michels_Werkstatt.jpg\",\"keywords\":[\"Aftermarket\",\"Knorr-Bremse\",\"Liqui Moly\",\"Roundtable\",\"SKF\"],\"articleSection\":[\"K\u00f6pfe\\\/Personen\",\"Lade-\\\/Tank-Infrastruktur\",\"Unternehmen\",\"Verb\u00e4nde\\\/Politik\\\/Recht\"],\"inLanguage\":\"de\"},{\"@type\":\"WebPage\",\"@id\":\"https:\\\/\\\/www.krafthand.de\\\/truck\\\/artikel\\\/hoert-uns-doch-einfach-mal-zu-die-industrie-muss-mit-den-nfz-werkstaetten-verstaerkt-in-den-austausch-gehen-42169\\\/\",\"url\":\"https:\\\/\\\/www.krafthand.de\\\/truck\\\/artikel\\\/hoert-uns-doch-einfach-mal-zu-die-industrie-muss-mit-den-nfz-werkstaetten-verstaerkt-in-den-austausch-gehen-42169\\\/\",\"name\":\"2# Roundtable Nfz-Aftermarket I Krafthand-Truck\",\"isPartOf\":{\"@id\":\"https:\\\/\\\/www.krafthand.de\\\/truck\\\/#website\"},\"primaryImageOfPage\":{\"@id\":\"https:\\\/\\\/www.krafthand.de\\\/truck\\\/artikel\\\/hoert-uns-doch-einfach-mal-zu-die-industrie-muss-mit-den-nfz-werkstaetten-verstaerkt-in-den-austausch-gehen-42169\\\/#primaryimage\"},\"image\":{\"@id\":\"https:\\\/\\\/www.krafthand.de\\\/truck\\\/artikel\\\/hoert-uns-doch-einfach-mal-zu-die-industrie-muss-mit-den-nfz-werkstaetten-verstaerkt-in-den-austausch-gehen-42169\\\/#primaryimage\"},\"thumbnailUrl\":\"https:\\\/\\\/static.krafthand-truck.de\\\/uploads\\\/2025\\\/03\\\/2_Roundtable_Nfz_Aftermarket_SKF_KnorrBremse_LiquiMoly_Michels_Werkstatt.jpg\",\"datePublished\":\"2025-03-12T12:55:02+00:00\",\"dateModified\":\"2025-12-02T09:54:15+00:00\",\"author\":{\"@id\":\"https:\\\/\\\/www.krafthand.de\\\/truck\\\/#\\\/schema\\\/person\\\/51fa80b1c57034c4bf63f9f988fc24ce\"},\"description\":\"Im Januar 2025 fand der zweite \u201aRoundtable Nfz-Aftermarket\u2018 statt, initiiert von Krafthand-Truck und Qualit\u00e4t ist Mehrwert - mit wertvollen Erkenntnissen.\",\"breadcrumb\":{\"@id\":\"https:\\\/\\\/www.krafthand.de\\\/truck\\\/artikel\\\/hoert-uns-doch-einfach-mal-zu-die-industrie-muss-mit-den-nfz-werkstaetten-verstaerkt-in-den-austausch-gehen-42169\\\/#breadcrumb\"},\"inLanguage\":\"de\",\"potentialAction\":[{\"@type\":\"ReadAction\",\"target\":[\"https:\\\/\\\/www.krafthand.de\\\/truck\\\/artikel\\\/hoert-uns-doch-einfach-mal-zu-die-industrie-muss-mit-den-nfz-werkstaetten-verstaerkt-in-den-austausch-gehen-42169\\\/\"]}]},{\"@type\":\"ImageObject\",\"inLanguage\":\"de\",\"@id\":\"https:\\\/\\\/www.krafthand.de\\\/truck\\\/artikel\\\/hoert-uns-doch-einfach-mal-zu-die-industrie-muss-mit-den-nfz-werkstaetten-verstaerkt-in-den-austausch-gehen-42169\\\/#primaryimage\",\"url\":\"https:\\\/\\\/static.krafthand-truck.de\\\/uploads\\\/2025\\\/03\\\/2_Roundtable_Nfz_Aftermarket_SKF_KnorrBremse_LiquiMoly_Michels_Werkstatt.jpg\",\"contentUrl\":\"https:\\\/\\\/static.krafthand-truck.de\\\/uploads\\\/2025\\\/03\\\/2_Roundtable_Nfz_Aftermarket_SKF_KnorrBremse_LiquiMoly_Michels_Werkstatt.jpg\",\"width\":1200,\"height\":608},{\"@type\":\"BreadcrumbList\",\"@id\":\"https:\\\/\\\/www.krafthand.de\\\/truck\\\/artikel\\\/hoert-uns-doch-einfach-mal-zu-die-industrie-muss-mit-den-nfz-werkstaetten-verstaerkt-in-den-austausch-gehen-42169\\\/#breadcrumb\",\"itemListElement\":[{\"@type\":\"ListItem\",\"position\":1,\"name\":\"Krafthand-Truck\",\"item\":\"https:\\\/\\\/www.krafthand.de\\\/truck\\\/\"},{\"@type\":\"ListItem\",\"position\":2,\"name\":\"Nfz-Branche\",\"item\":\"https:\\\/\\\/www.krafthand.de\\\/truck\\\/kategorie\\\/branche\\\/\"},{\"@type\":\"ListItem\",\"position\":3,\"name\":\"K\u00f6pfe\\\/Personen\",\"item\":\"https:\\\/\\\/www.krafthand.de\\\/truck\\\/kategorie\\\/branche\\\/koepfe\\\/\"},{\"@type\":\"ListItem\",\"position\":4,\"name\":\"&#8222;Die Industrie muss mit den Nfz-Werkst\u00e4tten verst\u00e4rkt in den Austausch gehen.&#8220;\"}]},{\"@type\":\"WebSite\",\"@id\":\"https:\\\/\\\/www.krafthand.de\\\/truck\\\/#website\",\"url\":\"https:\\\/\\\/www.krafthand.de\\\/truck\\\/\",\"name\":\"Krafthand-Truck\",\"description\":\"\",\"potentialAction\":[{\"@type\":\"SearchAction\",\"target\":{\"@type\":\"EntryPoint\",\"urlTemplate\":\"https:\\\/\\\/www.krafthand.de\\\/truck\\\/?s={search_term_string}\"},\"query-input\":{\"@type\":\"PropertyValueSpecification\",\"valueRequired\":true,\"valueName\":\"search_term_string\"}}],\"inLanguage\":\"de\"},{\"@type\":\"Person\",\"@id\":\"https:\\\/\\\/www.krafthand.de\\\/truck\\\/#\\\/schema\\\/person\\\/51fa80b1c57034c4bf63f9f988fc24ce\",\"name\":\"georg.blenk@krafthand-medien.de\",\"image\":{\"@type\":\"ImageObject\",\"inLanguage\":\"de\",\"@id\":\"https:\\\/\\\/secure.gravatar.com\\\/avatar\\\/93713c30affe0aa95d3a4130e499bb1abee2eb31adbdd9ce2aa1543538490215?s=96&d=mm&r=g\",\"url\":\"https:\\\/\\\/secure.gravatar.com\\\/avatar\\\/93713c30affe0aa95d3a4130e499bb1abee2eb31adbdd9ce2aa1543538490215?s=96&d=mm&r=g\",\"contentUrl\":\"https:\\\/\\\/secure.gravatar.com\\\/avatar\\\/93713c30affe0aa95d3a4130e499bb1abee2eb31adbdd9ce2aa1543538490215?s=96&d=mm&r=g\",\"caption\":\"georg.blenk@krafthand-medien.de\"}}]}<\/script>\n<!-- \/ Yoast SEO plugin. -->","yoast_head_json":{"title":"2# Roundtable Nfz-Aftermarket I Krafthand-Truck","description":"Im Januar 2025 fand der zweite \u201aRoundtable Nfz-Aftermarket\u2018 statt, initiiert von Krafthand-Truck und Qualit\u00e4t ist Mehrwert - mit wertvollen Erkenntnissen.","robots":{"index":"index","follow":"follow","max-snippet":"max-snippet:-1","max-image-preview":"max-image-preview:large","max-video-preview":"max-video-preview:-1"},"canonical":"https:\/\/www.krafthand.de\/truck\/artikel\/hoert-uns-doch-einfach-mal-zu-die-industrie-muss-mit-den-nfz-werkstaetten-verstaerkt-in-den-austausch-gehen-42169\/","og_locale":"de_DE","og_type":"article","og_title":"2# Roundtable Nfz-Aftermarket I Krafthand-Truck","og_description":"Im Januar 2025 fand der zweite \u201aRoundtable Nfz-Aftermarket\u2018 statt, initiiert von Krafthand-Truck und Qualit\u00e4t ist Mehrwert - mit wertvollen Erkenntnissen.","og_url":"https:\/\/www.krafthand-truck.de\/artikel\/hoert-uns-doch-einfach-mal-zu-die-industrie-muss-mit-den-nfz-werkstaetten-verstaerkt-in-den-austausch-gehen-42169\/","og_site_name":"Krafthand-Truck","article_published_time":"2025-03-12T12:55:02+00:00","article_modified_time":"2025-12-02T09:54:15+00:00","og_image":[{"width":1200,"height":608,"url":"https:\/\/static.krafthand-truck.de\/uploads\/2025\/03\/2_Roundtable_Nfz_Aftermarket_SKF_KnorrBremse_LiquiMoly_Michels_Werkstatt.jpg","type":"image\/jpeg"}],"author":"georg.blenk@krafthand-medien.de","twitter_card":"summary_large_image","twitter_misc":{"Verfasst von":"georg.blenk@krafthand-medien.de","Gesch\u00e4tzte Lesezeit":"13\u00a0Minuten"},"schema":{"@context":"https:\/\/schema.org","@graph":[{"@type":"Article","@id":"https:\/\/www.krafthand.de\/truck\/artikel\/hoert-uns-doch-einfach-mal-zu-die-industrie-muss-mit-den-nfz-werkstaetten-verstaerkt-in-den-austausch-gehen-42169\/#article","isPartOf":{"@id":"https:\/\/www.krafthand.de\/truck\/artikel\/hoert-uns-doch-einfach-mal-zu-die-industrie-muss-mit-den-nfz-werkstaetten-verstaerkt-in-den-austausch-gehen-42169\/"},"author":{"name":"georg.blenk@krafthand-medien.de","@id":"https:\/\/www.krafthand.de\/truck\/#\/schema\/person\/51fa80b1c57034c4bf63f9f988fc24ce"},"headline":"&#8222;Die Industrie muss mit den Nfz-Werkst\u00e4tten verst\u00e4rkt in den Austausch gehen.&#8220;","datePublished":"2025-03-12T12:55:02+00:00","dateModified":"2025-12-02T09:54:15+00:00","mainEntityOfPage":{"@id":"https:\/\/www.krafthand.de\/truck\/artikel\/hoert-uns-doch-einfach-mal-zu-die-industrie-muss-mit-den-nfz-werkstaetten-verstaerkt-in-den-austausch-gehen-42169\/"},"wordCount":2220,"image":{"@id":"https:\/\/www.krafthand.de\/truck\/artikel\/hoert-uns-doch-einfach-mal-zu-die-industrie-muss-mit-den-nfz-werkstaetten-verstaerkt-in-den-austausch-gehen-42169\/#primaryimage"},"thumbnailUrl":"https:\/\/static.krafthand-truck.de\/uploads\/2025\/03\/2_Roundtable_Nfz_Aftermarket_SKF_KnorrBremse_LiquiMoly_Michels_Werkstatt.jpg","keywords":["Aftermarket","Knorr-Bremse","Liqui Moly","Roundtable","SKF"],"articleSection":["K\u00f6pfe\/Personen","Lade-\/Tank-Infrastruktur","Unternehmen","Verb\u00e4nde\/Politik\/Recht"],"inLanguage":"de"},{"@type":"WebPage","@id":"https:\/\/www.krafthand.de\/truck\/artikel\/hoert-uns-doch-einfach-mal-zu-die-industrie-muss-mit-den-nfz-werkstaetten-verstaerkt-in-den-austausch-gehen-42169\/","url":"https:\/\/www.krafthand.de\/truck\/artikel\/hoert-uns-doch-einfach-mal-zu-die-industrie-muss-mit-den-nfz-werkstaetten-verstaerkt-in-den-austausch-gehen-42169\/","name":"2# Roundtable Nfz-Aftermarket I Krafthand-Truck","isPartOf":{"@id":"https:\/\/www.krafthand.de\/truck\/#website"},"primaryImageOfPage":{"@id":"https:\/\/www.krafthand.de\/truck\/artikel\/hoert-uns-doch-einfach-mal-zu-die-industrie-muss-mit-den-nfz-werkstaetten-verstaerkt-in-den-austausch-gehen-42169\/#primaryimage"},"image":{"@id":"https:\/\/www.krafthand.de\/truck\/artikel\/hoert-uns-doch-einfach-mal-zu-die-industrie-muss-mit-den-nfz-werkstaetten-verstaerkt-in-den-austausch-gehen-42169\/#primaryimage"},"thumbnailUrl":"https:\/\/static.krafthand-truck.de\/uploads\/2025\/03\/2_Roundtable_Nfz_Aftermarket_SKF_KnorrBremse_LiquiMoly_Michels_Werkstatt.jpg","datePublished":"2025-03-12T12:55:02+00:00","dateModified":"2025-12-02T09:54:15+00:00","author":{"@id":"https:\/\/www.krafthand.de\/truck\/#\/schema\/person\/51fa80b1c57034c4bf63f9f988fc24ce"},"description":"Im Januar 2025 fand der zweite \u201aRoundtable Nfz-Aftermarket\u2018 statt, initiiert von Krafthand-Truck und Qualit\u00e4t ist Mehrwert - mit wertvollen Erkenntnissen.","breadcrumb":{"@id":"https:\/\/www.krafthand.de\/truck\/artikel\/hoert-uns-doch-einfach-mal-zu-die-industrie-muss-mit-den-nfz-werkstaetten-verstaerkt-in-den-austausch-gehen-42169\/#breadcrumb"},"inLanguage":"de","potentialAction":[{"@type":"ReadAction","target":["https:\/\/www.krafthand.de\/truck\/artikel\/hoert-uns-doch-einfach-mal-zu-die-industrie-muss-mit-den-nfz-werkstaetten-verstaerkt-in-den-austausch-gehen-42169\/"]}]},{"@type":"ImageObject","inLanguage":"de","@id":"https:\/\/www.krafthand.de\/truck\/artikel\/hoert-uns-doch-einfach-mal-zu-die-industrie-muss-mit-den-nfz-werkstaetten-verstaerkt-in-den-austausch-gehen-42169\/#primaryimage","url":"https:\/\/static.krafthand-truck.de\/uploads\/2025\/03\/2_Roundtable_Nfz_Aftermarket_SKF_KnorrBremse_LiquiMoly_Michels_Werkstatt.jpg","contentUrl":"https:\/\/static.krafthand-truck.de\/uploads\/2025\/03\/2_Roundtable_Nfz_Aftermarket_SKF_KnorrBremse_LiquiMoly_Michels_Werkstatt.jpg","width":1200,"height":608},{"@type":"BreadcrumbList","@id":"https:\/\/www.krafthand.de\/truck\/artikel\/hoert-uns-doch-einfach-mal-zu-die-industrie-muss-mit-den-nfz-werkstaetten-verstaerkt-in-den-austausch-gehen-42169\/#breadcrumb","itemListElement":[{"@type":"ListItem","position":1,"name":"Krafthand-Truck","item":"https:\/\/www.krafthand.de\/truck\/"},{"@type":"ListItem","position":2,"name":"Nfz-Branche","item":"https:\/\/www.krafthand.de\/truck\/kategorie\/branche\/"},{"@type":"ListItem","position":3,"name":"K\u00f6pfe\/Personen","item":"https:\/\/www.krafthand.de\/truck\/kategorie\/branche\/koepfe\/"},{"@type":"ListItem","position":4,"name":"&#8222;Die Industrie muss mit den Nfz-Werkst\u00e4tten verst\u00e4rkt in den Austausch gehen.&#8220;"}]},{"@type":"WebSite","@id":"https:\/\/www.krafthand.de\/truck\/#website","url":"https:\/\/www.krafthand.de\/truck\/","name":"Krafthand-Truck","description":"","potentialAction":[{"@type":"SearchAction","target":{"@type":"EntryPoint","urlTemplate":"https:\/\/www.krafthand.de\/truck\/?s={search_term_string}"},"query-input":{"@type":"PropertyValueSpecification","valueRequired":true,"valueName":"search_term_string"}}],"inLanguage":"de"},{"@type":"Person","@id":"https:\/\/www.krafthand.de\/truck\/#\/schema\/person\/51fa80b1c57034c4bf63f9f988fc24ce","name":"georg.blenk@krafthand-medien.de","image":{"@type":"ImageObject","inLanguage":"de","@id":"https:\/\/secure.gravatar.com\/avatar\/93713c30affe0aa95d3a4130e499bb1abee2eb31adbdd9ce2aa1543538490215?s=96&d=mm&r=g","url":"https:\/\/secure.gravatar.com\/avatar\/93713c30affe0aa95d3a4130e499bb1abee2eb31adbdd9ce2aa1543538490215?s=96&d=mm&r=g","contentUrl":"https:\/\/secure.gravatar.com\/avatar\/93713c30affe0aa95d3a4130e499bb1abee2eb31adbdd9ce2aa1543538490215?s=96&d=mm&r=g","caption":"georg.blenk@krafthand-medien.de"}}]}},"_links":{"self":[{"href":"https:\/\/www.krafthand.de\/truck\/wp-json\/wp\/v2\/posts\/42169","targetHints":{"allow":["GET"]}}],"collection":[{"href":"https:\/\/www.krafthand.de\/truck\/wp-json\/wp\/v2\/posts"}],"about":[{"href":"https:\/\/www.krafthand.de\/truck\/wp-json\/wp\/v2\/types\/post"}],"author":[{"embeddable":true,"href":"https:\/\/www.krafthand.de\/truck\/wp-json\/wp\/v2\/users\/9"}],"replies":[{"embeddable":true,"href":"https:\/\/www.krafthand.de\/truck\/wp-json\/wp\/v2\/comments?post=42169"}],"version-history":[{"count":37,"href":"https:\/\/www.krafthand.de\/truck\/wp-json\/wp\/v2\/posts\/42169\/revisions"}],"predecessor-version":[{"id":42216,"href":"https:\/\/www.krafthand.de\/truck\/wp-json\/wp\/v2\/posts\/42169\/revisions\/42216"}],"wp:featuredmedia":[{"embeddable":true,"href":"https:\/\/www.krafthand.de\/truck\/wp-json\/wp\/v2\/media\/42171"}],"wp:attachment":[{"href":"https:\/\/www.krafthand.de\/truck\/wp-json\/wp\/v2\/media?parent=42169"}],"wp:term":[{"taxonomy":"category","embeddable":true,"href":"https:\/\/www.krafthand.de\/truck\/wp-json\/wp\/v2\/categories?post=42169"},{"taxonomy":"post_tag","embeddable":true,"href":"https:\/\/www.krafthand.de\/truck\/wp-json\/wp\/v2\/tags?post=42169"},{"taxonomy":"settings","embeddable":true,"href":"https:\/\/www.krafthand.de\/truck\/wp-json\/wp\/v2\/settings?post=42169"}],"curies":[{"name":"wp","href":"https:\/\/api.w.org\/{rel}","templated":true}]}}