{"id":42144,"date":"2025-02-25T09:58:40","date_gmt":"2025-02-25T08:58:40","guid":{"rendered":"https:\/\/www.krafthand.de\/truck\/?p=42144"},"modified":"2025-02-25T09:58:40","modified_gmt":"2025-02-25T08:58:40","slug":"d30-der-letzte-seiner-art","status":"publish","type":"post","link":"https:\/\/www.krafthand.de\/truck\/artikel\/d30-der-letzte-seiner-art-42144\/","title":{"rendered":"D30 \u2013 der letzte seiner Art"},"content":{"rendered":"<p>MAN hat im Werk N\u00fcrnberg die Produktion des neuen 13-Liter-Dieselmotors MAN D30 gestartet. Er ist der letzte seiner Art \u2013 nach mehr als 100 Jahren Dieselmotorenbau am Standort. Parallel f\u00e4hrt in N\u00fcrnberg die Serienproduktion von Batterien hoch. Quasi ein flie\u00dfender Generationenwechsel. Am Standort sollen damit f\u00fcr viele Jahre Herzst\u00fccke der Antriebe, sowohl f\u00fcr Verbrenner als auch f\u00fcr elektrisch angetriebene Fahrzeuge von MAN, gefertigt werden.<\/p>\n<h3>Neu Ma\u00dfst\u00e4be setzen<\/h3>\n<p>Das Unternehmen hat f\u00fcr die Realisierung der Motorenfertigung in N\u00fcrnberg rund 220 Millionen Euro in die Hand genommen. Hinzu kommen weitere 30 Millionen Euro f\u00fcr die dazugeh\u00f6rige Kurbelwellenfertigung im Werk Salzgitter. Der Motor mit einem maximalen Wirkungsgrad von \u00fcber 50 Prozent, wurde gemeinsam von den Marken der TRATON GROUP entwickelt und soll neue Ma\u00dfst\u00e4be bei Verbrauch und CO2-Aussto\u00df setzen. Der D30 ist der gr\u00f6\u00dfte Standardmotor im Portfolio von <a href=\"https:\/\/www.man.eu\/corporate\/de\/homepage.html\" target=\"_blank\" rel=\"noopener\">MAN<\/a>. Er wird in den 40-Tonner-Sattelzugmaschinen TGX und TGS verbaut. Er l\u00f6st die bisher verf\u00fcgbaren D26- und D15-Motorbaureihen ab. Der Motor ist in sechs Leistungsstufen von 380 bis 560 PS (2.100 bis 2.800 Nm), erh\u00e4ltlich.<\/p>\n<blockquote><p>\u201eWir machen den Standort N\u00fcrnberg mit zwei Standbeinen zukunftsfest\u201c, so MAN CEO Alexander Vlaskamp.<\/p><\/blockquote>\n<h3>Bis zu 50.000 Motoren im Jahr m\u00f6glich<\/h3>\n<p>Nach dem Hochlauf der Produktion im N\u00fcrnberger Werk werden rund 160 hochqualifizierte Besch\u00e4ftigte im Dreischicht-Betrieb am D30 arbeiten. Die technische Kapazit\u00e4t erlaube eine Produktion von rund 50.000 Motoren pro Jahr. Es wird der letzte vollst\u00e4ndig neu entwickelte Diesel-Nutzfahrzeugmotor bei MAN werden \u2013 eine Nachfolgegeneration sei nicht geplant. Damit schl\u00e4gt der Selbstz\u00fcnder die Br\u00fccke beim \u00dcbergang vom Verbrennungsmotor hin zu den elektrifizierten Antrieben.<\/p>\n<p><i>Den Beitrag finden Sie auch in der Print-Ausgabe 1-2025 der <a href=\"https:\/\/www.krafthand.de\/truck\/magazin\/\" title=\"Zum Magazin\">Krafthand-Truck<\/a>.<\/i><\/p>\r\n\t\t\t\t<div class=\"post-author\">\r\n\t\t\t\t\t<div class=\"khm-cp-author clearfix\">\r\n\t\t\t\t\t\t<div class=\"khm-cp-author__content\">\r\n\t\t\t\t\t\t\t\tKontakt zum Autor:<br \/>\r\n\t\t\t\t\t\t\t\t<strong>Georg Blenk<\/strong>, 08247 \/ 3007-45 |  <a href=\"mailto:georg.blenk@krafthand-medien.de\">georg.blenk@krafthand-medien.de<\/a>\r\n\t\t\t\t\t\t\t<div class=\"khm-cp-author__image\">\r\n\t\t\t\t\t\t<img src=\"https:\/\/static.krafthand-truck.de\/uploads\/2021\/01\/Blenk_6104-250x300-1-removebg-preview.png\" class=\"img-responsive\">\r\n\t\t\t\t\t<\/div>\r\n\t\t\t\t\t\t<\/div>\r\n\t\t\t\t\t<\/div>\r\n\t\t\t\t<\/div>\r\n\t\t\t\t","protected":false},"excerpt":{"rendered":"<p>MAN hat im Werk N\u00fcrnberg die Produktion des neuen 13-Liter-Dieselmotors MAN D30 gestartet. Er ist der letzte seiner Art \u2013 nach mehr als 100 Jahren Dieselmotorenbau am Standort. Parallel f\u00e4hrt in N\u00fcrnberg die Serienproduktion von Batterien hoch. <span class=\"excerpt-more__dots\">&#8230;<\/span> <a class=\"excerpt-more__link\" href=\"https:\/\/www.krafthand.de\/truck\/artikel\/d30-der-letzte-seiner-art-42144\/\" >weiter<\/a><\/p>\n","protected":false},"author":9,"featured_media":42146,"comment_status":"closed","ping_status":"closed","sticky":false,"template":"","format":"standard","meta":{"footnotes":""},"categories":[4223,4235],"tags":[5183,1502,6191,740,3107,152,6192],"settings":[3524,4766,3523],"class_list":["post-42144","post","type-post","status-publish","format-standard","has-post-thumbnail","hentry","category-antrieb","category-unternehmen","tag-alexander-vlaskamp","tag-batterie","tag-d30","tag-dieselmotor","tag-kurbelwelle","tag-man","tag-motorenbau"],"yoast_head":"<!-- This site is optimized with the Yoast SEO plugin v27.3 - https:\/\/yoast.com\/product\/yoast-seo-wordpress\/ -->\n<title>D30 \u2013 der letzte seiner Art - Krafthand-Truck<\/title>\n<meta name=\"description\" content=\"MAN hat im Werk N\u00fcrnberg die Produktion des neuen 13-Liter-Dieselmotors MAN D30 gestartet. Er ist der letzte seiner Art.\" \/>\n<meta name=\"robots\" content=\"index, follow, max-snippet:-1, max-image-preview:large, max-video-preview:-1\" \/>\n<link rel=\"canonical\" href=\"https:\/\/www.krafthand.de\/truck\/artikel\/d30-der-letzte-seiner-art-42144\/\" \/>\n<meta property=\"og:locale\" content=\"de_DE\" \/>\n<meta property=\"og:type\" content=\"article\" \/>\n<meta property=\"og:title\" content=\"D30 \u2013 der letzte seiner Art - Krafthand-Truck\" \/>\n<meta property=\"og:description\" content=\"MAN hat im Werk N\u00fcrnberg die Produktion des neuen 13-Liter-Dieselmotors MAN D30 gestartet. Er ist der letzte seiner Art.\" \/>\n<meta property=\"og:url\" content=\"https:\/\/www.krafthand-truck.de\/artikel\/d30-der-letzte-seiner-art-42144\/\" \/>\n<meta property=\"og:site_name\" content=\"Krafthand-Truck\" \/>\n<meta property=\"article:published_time\" content=\"2025-02-25T08:58:40+00:00\" \/>\n<meta property=\"og:image\" content=\"https:\/\/static.krafthand-truck.de\/uploads\/2025\/02\/MAN_D30_Motorenproduktion_Nuernberg.jpg\" \/>\n\t<meta property=\"og:image:width\" content=\"1200\" \/>\n\t<meta property=\"og:image:height\" content=\"726\" \/>\n\t<meta property=\"og:image:type\" content=\"image\/jpeg\" \/>\n<meta name=\"author\" content=\"georg.blenk@krafthand-medien.de\" \/>\n<meta name=\"twitter:card\" content=\"summary_large_image\" \/>\n<meta name=\"twitter:label1\" content=\"Verfasst von\" \/>\n\t<meta name=\"twitter:data1\" content=\"georg.blenk@krafthand-medien.de\" \/>\n\t<meta name=\"twitter:label2\" content=\"Gesch\u00e4tzte Lesezeit\" \/>\n\t<meta name=\"twitter:data2\" content=\"2\u00a0Minuten\" \/>\n<script type=\"application\/ld+json\" class=\"yoast-schema-graph\">{\"@context\":\"https:\\\/\\\/schema.org\",\"@graph\":[{\"@type\":\"Article\",\"@id\":\"https:\\\/\\\/www.krafthand.de\\\/truck\\\/artikel\\\/d30-der-letzte-seiner-art-42144\\\/#article\",\"isPartOf\":{\"@id\":\"https:\\\/\\\/www.krafthand.de\\\/truck\\\/artikel\\\/d30-der-letzte-seiner-art-42144\\\/\"},\"author\":{\"name\":\"georg.blenk@krafthand-medien.de\",\"@id\":\"https:\\\/\\\/www.krafthand.de\\\/truck\\\/#\\\/schema\\\/person\\\/51fa80b1c57034c4bf63f9f988fc24ce\"},\"headline\":\"D30 \u2013 der letzte seiner Art\",\"datePublished\":\"2025-02-25T08:58:40+00:00\",\"mainEntityOfPage\":{\"@id\":\"https:\\\/\\\/www.krafthand.de\\\/truck\\\/artikel\\\/d30-der-letzte-seiner-art-42144\\\/\"},\"wordCount\":277,\"image\":{\"@id\":\"https:\\\/\\\/www.krafthand.de\\\/truck\\\/artikel\\\/d30-der-letzte-seiner-art-42144\\\/#primaryimage\"},\"thumbnailUrl\":\"https:\\\/\\\/static.krafthand-truck.de\\\/uploads\\\/2025\\\/02\\\/MAN_D30_Motorenproduktion_Nuernberg.jpg\",\"keywords\":[\"Alexander Vlaskamp\",\"Batterie\",\"D30\",\"Dieselmotor\",\"Kurbelwelle\",\"MAN\",\"Motorenbau\"],\"articleSection\":[\"Antrieb (Motor\\\/Getriebe)\",\"Unternehmen\"],\"inLanguage\":\"de\"},{\"@type\":\"WebPage\",\"@id\":\"https:\\\/\\\/www.krafthand.de\\\/truck\\\/artikel\\\/d30-der-letzte-seiner-art-42144\\\/\",\"url\":\"https:\\\/\\\/www.krafthand.de\\\/truck\\\/artikel\\\/d30-der-letzte-seiner-art-42144\\\/\",\"name\":\"D30 \u2013 der letzte seiner Art - Krafthand-Truck\",\"isPartOf\":{\"@id\":\"https:\\\/\\\/www.krafthand.de\\\/truck\\\/#website\"},\"primaryImageOfPage\":{\"@id\":\"https:\\\/\\\/www.krafthand.de\\\/truck\\\/artikel\\\/d30-der-letzte-seiner-art-42144\\\/#primaryimage\"},\"image\":{\"@id\":\"https:\\\/\\\/www.krafthand.de\\\/truck\\\/artikel\\\/d30-der-letzte-seiner-art-42144\\\/#primaryimage\"},\"thumbnailUrl\":\"https:\\\/\\\/static.krafthand-truck.de\\\/uploads\\\/2025\\\/02\\\/MAN_D30_Motorenproduktion_Nuernberg.jpg\",\"datePublished\":\"2025-02-25T08:58:40+00:00\",\"author\":{\"@id\":\"https:\\\/\\\/www.krafthand.de\\\/truck\\\/#\\\/schema\\\/person\\\/51fa80b1c57034c4bf63f9f988fc24ce\"},\"description\":\"MAN hat im Werk N\u00fcrnberg die Produktion des neuen 13-Liter-Dieselmotors MAN D30 gestartet. Er ist der letzte seiner Art.\",\"breadcrumb\":{\"@id\":\"https:\\\/\\\/www.krafthand.de\\\/truck\\\/artikel\\\/d30-der-letzte-seiner-art-42144\\\/#breadcrumb\"},\"inLanguage\":\"de\",\"potentialAction\":[{\"@type\":\"ReadAction\",\"target\":[\"https:\\\/\\\/www.krafthand.de\\\/truck\\\/artikel\\\/d30-der-letzte-seiner-art-42144\\\/\"]}]},{\"@type\":\"ImageObject\",\"inLanguage\":\"de\",\"@id\":\"https:\\\/\\\/www.krafthand.de\\\/truck\\\/artikel\\\/d30-der-letzte-seiner-art-42144\\\/#primaryimage\",\"url\":\"https:\\\/\\\/static.krafthand-truck.de\\\/uploads\\\/2025\\\/02\\\/MAN_D30_Motorenproduktion_Nuernberg.jpg\",\"contentUrl\":\"https:\\\/\\\/static.krafthand-truck.de\\\/uploads\\\/2025\\\/02\\\/MAN_D30_Motorenproduktion_Nuernberg.jpg\",\"width\":1200,\"height\":726},{\"@type\":\"BreadcrumbList\",\"@id\":\"https:\\\/\\\/www.krafthand.de\\\/truck\\\/artikel\\\/d30-der-letzte-seiner-art-42144\\\/#breadcrumb\",\"itemListElement\":[{\"@type\":\"ListItem\",\"position\":1,\"name\":\"Krafthand-Truck\",\"item\":\"https:\\\/\\\/www.krafthand.de\\\/truck\\\/\"},{\"@type\":\"ListItem\",\"position\":2,\"name\":\"Nfz-Branche\",\"item\":\"https:\\\/\\\/www.krafthand.de\\\/truck\\\/kategorie\\\/branche\\\/\"},{\"@type\":\"ListItem\",\"position\":3,\"name\":\"Unternehmen\",\"item\":\"https:\\\/\\\/www.krafthand.de\\\/truck\\\/kategorie\\\/branche\\\/unternehmen\\\/\"},{\"@type\":\"ListItem\",\"position\":4,\"name\":\"D30 \u2013 der letzte seiner Art\"}]},{\"@type\":\"WebSite\",\"@id\":\"https:\\\/\\\/www.krafthand.de\\\/truck\\\/#website\",\"url\":\"https:\\\/\\\/www.krafthand.de\\\/truck\\\/\",\"name\":\"Krafthand-Truck\",\"description\":\"\",\"potentialAction\":[{\"@type\":\"SearchAction\",\"target\":{\"@type\":\"EntryPoint\",\"urlTemplate\":\"https:\\\/\\\/www.krafthand.de\\\/truck\\\/?s={search_term_string}\"},\"query-input\":{\"@type\":\"PropertyValueSpecification\",\"valueRequired\":true,\"valueName\":\"search_term_string\"}}],\"inLanguage\":\"de\"},{\"@type\":\"Person\",\"@id\":\"https:\\\/\\\/www.krafthand.de\\\/truck\\\/#\\\/schema\\\/person\\\/51fa80b1c57034c4bf63f9f988fc24ce\",\"name\":\"georg.blenk@krafthand-medien.de\",\"image\":{\"@type\":\"ImageObject\",\"inLanguage\":\"de\",\"@id\":\"https:\\\/\\\/secure.gravatar.com\\\/avatar\\\/93713c30affe0aa95d3a4130e499bb1abee2eb31adbdd9ce2aa1543538490215?s=96&d=mm&r=g\",\"url\":\"https:\\\/\\\/secure.gravatar.com\\\/avatar\\\/93713c30affe0aa95d3a4130e499bb1abee2eb31adbdd9ce2aa1543538490215?s=96&d=mm&r=g\",\"contentUrl\":\"https:\\\/\\\/secure.gravatar.com\\\/avatar\\\/93713c30affe0aa95d3a4130e499bb1abee2eb31adbdd9ce2aa1543538490215?s=96&d=mm&r=g\",\"caption\":\"georg.blenk@krafthand-medien.de\"}}]}<\/script>\n<!-- \/ Yoast SEO plugin. -->","yoast_head_json":{"title":"D30 \u2013 der letzte seiner Art - Krafthand-Truck","description":"MAN hat im Werk N\u00fcrnberg die Produktion des neuen 13-Liter-Dieselmotors MAN D30 gestartet. Er ist der letzte seiner Art.","robots":{"index":"index","follow":"follow","max-snippet":"max-snippet:-1","max-image-preview":"max-image-preview:large","max-video-preview":"max-video-preview:-1"},"canonical":"https:\/\/www.krafthand.de\/truck\/artikel\/d30-der-letzte-seiner-art-42144\/","og_locale":"de_DE","og_type":"article","og_title":"D30 \u2013 der letzte seiner Art - Krafthand-Truck","og_description":"MAN hat im Werk N\u00fcrnberg die Produktion des neuen 13-Liter-Dieselmotors MAN D30 gestartet. Er ist der letzte seiner Art.","og_url":"https:\/\/www.krafthand-truck.de\/artikel\/d30-der-letzte-seiner-art-42144\/","og_site_name":"Krafthand-Truck","article_published_time":"2025-02-25T08:58:40+00:00","og_image":[{"width":1200,"height":726,"url":"https:\/\/static.krafthand-truck.de\/uploads\/2025\/02\/MAN_D30_Motorenproduktion_Nuernberg.jpg","type":"image\/jpeg"}],"author":"georg.blenk@krafthand-medien.de","twitter_card":"summary_large_image","twitter_misc":{"Verfasst von":"georg.blenk@krafthand-medien.de","Gesch\u00e4tzte Lesezeit":"2\u00a0Minuten"},"schema":{"@context":"https:\/\/schema.org","@graph":[{"@type":"Article","@id":"https:\/\/www.krafthand.de\/truck\/artikel\/d30-der-letzte-seiner-art-42144\/#article","isPartOf":{"@id":"https:\/\/www.krafthand.de\/truck\/artikel\/d30-der-letzte-seiner-art-42144\/"},"author":{"name":"georg.blenk@krafthand-medien.de","@id":"https:\/\/www.krafthand.de\/truck\/#\/schema\/person\/51fa80b1c57034c4bf63f9f988fc24ce"},"headline":"D30 \u2013 der letzte seiner Art","datePublished":"2025-02-25T08:58:40+00:00","mainEntityOfPage":{"@id":"https:\/\/www.krafthand.de\/truck\/artikel\/d30-der-letzte-seiner-art-42144\/"},"wordCount":277,"image":{"@id":"https:\/\/www.krafthand.de\/truck\/artikel\/d30-der-letzte-seiner-art-42144\/#primaryimage"},"thumbnailUrl":"https:\/\/static.krafthand-truck.de\/uploads\/2025\/02\/MAN_D30_Motorenproduktion_Nuernberg.jpg","keywords":["Alexander Vlaskamp","Batterie","D30","Dieselmotor","Kurbelwelle","MAN","Motorenbau"],"articleSection":["Antrieb (Motor\/Getriebe)","Unternehmen"],"inLanguage":"de"},{"@type":"WebPage","@id":"https:\/\/www.krafthand.de\/truck\/artikel\/d30-der-letzte-seiner-art-42144\/","url":"https:\/\/www.krafthand.de\/truck\/artikel\/d30-der-letzte-seiner-art-42144\/","name":"D30 \u2013 der letzte seiner Art - Krafthand-Truck","isPartOf":{"@id":"https:\/\/www.krafthand.de\/truck\/#website"},"primaryImageOfPage":{"@id":"https:\/\/www.krafthand.de\/truck\/artikel\/d30-der-letzte-seiner-art-42144\/#primaryimage"},"image":{"@id":"https:\/\/www.krafthand.de\/truck\/artikel\/d30-der-letzte-seiner-art-42144\/#primaryimage"},"thumbnailUrl":"https:\/\/static.krafthand-truck.de\/uploads\/2025\/02\/MAN_D30_Motorenproduktion_Nuernberg.jpg","datePublished":"2025-02-25T08:58:40+00:00","author":{"@id":"https:\/\/www.krafthand.de\/truck\/#\/schema\/person\/51fa80b1c57034c4bf63f9f988fc24ce"},"description":"MAN hat im Werk N\u00fcrnberg die Produktion des neuen 13-Liter-Dieselmotors MAN D30 gestartet. Er ist der letzte seiner Art.","breadcrumb":{"@id":"https:\/\/www.krafthand.de\/truck\/artikel\/d30-der-letzte-seiner-art-42144\/#breadcrumb"},"inLanguage":"de","potentialAction":[{"@type":"ReadAction","target":["https:\/\/www.krafthand.de\/truck\/artikel\/d30-der-letzte-seiner-art-42144\/"]}]},{"@type":"ImageObject","inLanguage":"de","@id":"https:\/\/www.krafthand.de\/truck\/artikel\/d30-der-letzte-seiner-art-42144\/#primaryimage","url":"https:\/\/static.krafthand-truck.de\/uploads\/2025\/02\/MAN_D30_Motorenproduktion_Nuernberg.jpg","contentUrl":"https:\/\/static.krafthand-truck.de\/uploads\/2025\/02\/MAN_D30_Motorenproduktion_Nuernberg.jpg","width":1200,"height":726},{"@type":"BreadcrumbList","@id":"https:\/\/www.krafthand.de\/truck\/artikel\/d30-der-letzte-seiner-art-42144\/#breadcrumb","itemListElement":[{"@type":"ListItem","position":1,"name":"Krafthand-Truck","item":"https:\/\/www.krafthand.de\/truck\/"},{"@type":"ListItem","position":2,"name":"Nfz-Branche","item":"https:\/\/www.krafthand.de\/truck\/kategorie\/branche\/"},{"@type":"ListItem","position":3,"name":"Unternehmen","item":"https:\/\/www.krafthand.de\/truck\/kategorie\/branche\/unternehmen\/"},{"@type":"ListItem","position":4,"name":"D30 \u2013 der letzte seiner Art"}]},{"@type":"WebSite","@id":"https:\/\/www.krafthand.de\/truck\/#website","url":"https:\/\/www.krafthand.de\/truck\/","name":"Krafthand-Truck","description":"","potentialAction":[{"@type":"SearchAction","target":{"@type":"EntryPoint","urlTemplate":"https:\/\/www.krafthand.de\/truck\/?s={search_term_string}"},"query-input":{"@type":"PropertyValueSpecification","valueRequired":true,"valueName":"search_term_string"}}],"inLanguage":"de"},{"@type":"Person","@id":"https:\/\/www.krafthand.de\/truck\/#\/schema\/person\/51fa80b1c57034c4bf63f9f988fc24ce","name":"georg.blenk@krafthand-medien.de","image":{"@type":"ImageObject","inLanguage":"de","@id":"https:\/\/secure.gravatar.com\/avatar\/93713c30affe0aa95d3a4130e499bb1abee2eb31adbdd9ce2aa1543538490215?s=96&d=mm&r=g","url":"https:\/\/secure.gravatar.com\/avatar\/93713c30affe0aa95d3a4130e499bb1abee2eb31adbdd9ce2aa1543538490215?s=96&d=mm&r=g","contentUrl":"https:\/\/secure.gravatar.com\/avatar\/93713c30affe0aa95d3a4130e499bb1abee2eb31adbdd9ce2aa1543538490215?s=96&d=mm&r=g","caption":"georg.blenk@krafthand-medien.de"}}]}},"_links":{"self":[{"href":"https:\/\/www.krafthand.de\/truck\/wp-json\/wp\/v2\/posts\/42144","targetHints":{"allow":["GET"]}}],"collection":[{"href":"https:\/\/www.krafthand.de\/truck\/wp-json\/wp\/v2\/posts"}],"about":[{"href":"https:\/\/www.krafthand.de\/truck\/wp-json\/wp\/v2\/types\/post"}],"author":[{"embeddable":true,"href":"https:\/\/www.krafthand.de\/truck\/wp-json\/wp\/v2\/users\/9"}],"replies":[{"embeddable":true,"href":"https:\/\/www.krafthand.de\/truck\/wp-json\/wp\/v2\/comments?post=42144"}],"version-history":[{"count":4,"href":"https:\/\/www.krafthand.de\/truck\/wp-json\/wp\/v2\/posts\/42144\/revisions"}],"predecessor-version":[{"id":42149,"href":"https:\/\/www.krafthand.de\/truck\/wp-json\/wp\/v2\/posts\/42144\/revisions\/42149"}],"wp:featuredmedia":[{"embeddable":true,"href":"https:\/\/www.krafthand.de\/truck\/wp-json\/wp\/v2\/media\/42146"}],"wp:attachment":[{"href":"https:\/\/www.krafthand.de\/truck\/wp-json\/wp\/v2\/media?parent=42144"}],"wp:term":[{"taxonomy":"category","embeddable":true,"href":"https:\/\/www.krafthand.de\/truck\/wp-json\/wp\/v2\/categories?post=42144"},{"taxonomy":"post_tag","embeddable":true,"href":"https:\/\/www.krafthand.de\/truck\/wp-json\/wp\/v2\/tags?post=42144"},{"taxonomy":"settings","embeddable":true,"href":"https:\/\/www.krafthand.de\/truck\/wp-json\/wp\/v2\/settings?post=42144"}],"curies":[{"name":"wp","href":"https:\/\/api.w.org\/{rel}","templated":true}]}}