{"id":42131,"date":"2025-02-21T12:42:39","date_gmt":"2025-02-21T11:42:39","guid":{"rendered":"https:\/\/www.krafthand.de\/truck\/?p=42131"},"modified":"2025-02-25T09:59:34","modified_gmt":"2025-02-25T08:59:34","slug":"mehrmarken-diagnose-zf-service-oekosystem-fuer-den-aftermarket","status":"publish","type":"post","link":"https:\/\/www.krafthand.de\/truck\/artikel\/mehrmarken-diagnose-zf-service-oekosystem-fuer-den-aftermarket-42131\/","title":{"rendered":"Mehrmarken-Diagnose: ZF-Service-\u00d6kosystem f\u00fcr den Aftermarket"},"content":{"rendered":"<p>Der Automobilzulieferer ZF hat mit ZF (pro)Diagnostics ein neues \u201aDiagnose-\u00d6kosystem\u2018 vorgestellt. Es geht um den umfassenden Zugang zur marken- und system\u00fcbergreifenden Diagnose f\u00fcr eine breite Palette des europ\u00e4ischen Pkw und Lkw-Fuhrparks. Mit ZF (pro)Diagnostics k\u00f6nnten freie Werkst\u00e4tten, ZF (pro)Service Partner, Automobilhersteller und Flotten ihre Effizienz steigern und neue Gesch\u00e4ftsm\u00f6glichkeiten erschlie\u00dfen, indem sie ihre Diagnosekompetenz mit der neuen L\u00f6sung f\u00fcr Fahrzeugdiagnose und -kalibrierung erweitern.<\/p>\n<figure id=\"attachment_42133\" aria-describedby=\"caption-attachment-42133\" style=\"width: 420px\" class=\"wp-caption alignleft\"><a href=\"https:\/\/static.krafthand-truck.de\/uploads\/2025\/02\/ZF_Scan_Lkw_Trailer_Diagnose.jpg\" target=\"_blank\" rel=\"noopener\"><img fetchpriority=\"high\" decoding=\"async\" class=\"wp-image-42133\" src=\"https:\/\/static.krafthand-truck.de\/uploads\/2025\/02\/ZF_Scan_Lkw_Trailer_Diagnose-300x200.jpg\" alt=\"\" width=\"420\" height=\"280\" srcset=\"https:\/\/static.krafthand-truck.de\/uploads\/2025\/02\/ZF_Scan_Lkw_Trailer_Diagnose-300x200.jpg 300w, https:\/\/static.krafthand-truck.de\/uploads\/2025\/02\/ZF_Scan_Lkw_Trailer_Diagnose-1024x683.jpg 1024w, https:\/\/static.krafthand-truck.de\/uploads\/2025\/02\/ZF_Scan_Lkw_Trailer_Diagnose-768x512.jpg 768w, https:\/\/static.krafthand-truck.de\/uploads\/2025\/02\/ZF_Scan_Lkw_Trailer_Diagnose.jpg 1200w\" sizes=\"(max-width: 420px) 100vw, 420px\" \/><\/a><figcaption id=\"caption-attachment-42133\" class=\"wp-caption-text\">ZF setzt mit ZF [pro]Diagnostics (im Bild: ZF Scan), auf flexible Preisoptionen und individuell anpassbare Pakete, um Diagnosel\u00f6sungen f\u00fcr jede Werkstatt erschwinglicher zu machen.<\/figcaption><\/figure>\n<h3>ZF MultiScan<\/h3>\n<p>ZF MultiScan erm\u00f6glicht aufgrund einer umfassenden Fahrzeugdatenbank eine schnelle und pr\u00e4zise Fehlersuche und deckt laut ZF alle wichtigen Fahrzeugsysteme ab. Dabei unterst\u00fctzt MultiScan alle wichtigen Diagnoseprotokolle, einschlie\u00dflich die Diagnose \u00fcber das Internet-Protokoll (DoIP) und CAN FD. Dar\u00fcber hinaus bietet es Zugriff auf die neuesten OE-Sicherheitsgateways und enth\u00e4lt PassThru-Funktionen (J2534), die es Werkst\u00e4tten erm\u00f6glichen, OE-Sicherheitsgateways mit einer einzigen Registrierung freizuschalten.<\/p>\n<p>ZF Multiscan ist geeignet f\u00fcr 12V- und 24V-Bordnetze und es verf\u00fcgt \u00fcber einen sogenannten \u201aFlight Recorder\u2018, der Fahrzeugdaten w\u00e4hrend der Fahrt aufzeichnet und anschlie\u00dfend zur Analyse auf den PC \u00fcbertr\u00e4gt. Mehrfarbige Statusanzeigen erm\u00f6glichen eine schnelle Statuspr\u00fcfung, w\u00e4hrend die LED-Beleuchtung am OBD-Stecker das Anschlie\u00dfen erleichtert. Die Verbindung zum Windows-PC, Laptop oder zum optionalen ZF-Tablet kann via Bluetooth, WLAN oder kabelgebunden, via USB hergestellt werden.<\/p>\n<p>Die Software des MultiScan liefert Live-Daten und Fehlercodes (DTCs), erm\u00f6glicht einen Service-Reset sowie die Steuerger\u00e4te-Codierung. Die Fahrzeugidentifikation erfolgt \u00fcber eine VIN-Abfrage oder via AutoVIN. Auch die statische sowie die dynamische Kalibrierung von ADAS (CESVI-zertifiziert) ist m\u00f6glich. Die Fahrzeugabdeckung reicht laut ZF von Pkws (inklusive Elektro- und Hybridfahrzeuge), \u00fcber leichte Nutzfahrzeuge (LCVs) bis hin zu Lkws, Busse und Trailer. ZF spricht von \u00fcber 95 Prozent Abdeckung des europ\u00e4ischen Fahrzeugparks.<\/p>\n<p>Die Cybersecurity-Gateway-F\u00e4higkeit ist standardm\u00e4\u00dfig in der Lizenz enthalten. Das System erm\u00f6glicht einen sicheren Zugriff auf gesch\u00fctzte Fahrzeugdaten, die f\u00fcr die Diagnose erforderlich sind (OEM-zertifiziert). Eine Ausnahme best\u00fcnde f\u00fcr IVECO-Fahrzeuge, da hierf\u00fcr eine separate Registrierung notwendig ist. Zudem setzt ZF mit ZF (pro)Diagnostics auf flexible Preisoptionen und individuell anpassbare Pakete, um Diagnosel\u00f6sungen f\u00fcr jede Werkstatt erschwinglicher zu machen.<\/p>\n<figure id=\"attachment_42134\" aria-describedby=\"caption-attachment-42134\" style=\"width: 420px\" class=\"wp-caption alignright\"><a href=\"https:\/\/static.krafthand-truck.de\/uploads\/2025\/02\/ZF_Scan_Trailer_Diagnose.jpg\" target=\"_blank\" rel=\"noopener\"><img decoding=\"async\" class=\"wp-image-42134\" src=\"https:\/\/static.krafthand-truck.de\/uploads\/2025\/02\/ZF_Scan_Trailer_Diagnose-300x198.jpg\" alt=\"\" width=\"420\" height=\"277\" srcset=\"https:\/\/static.krafthand-truck.de\/uploads\/2025\/02\/ZF_Scan_Trailer_Diagnose-300x198.jpg 300w, https:\/\/static.krafthand-truck.de\/uploads\/2025\/02\/ZF_Scan_Trailer_Diagnose-1024x676.jpg 1024w, https:\/\/static.krafthand-truck.de\/uploads\/2025\/02\/ZF_Scan_Trailer_Diagnose-768x507.jpg 768w, https:\/\/static.krafthand-truck.de\/uploads\/2025\/02\/ZF_Scan_Trailer_Diagnose.jpg 1200w\" sizes=\"(max-width: 420px) 100vw, 420px\" \/><\/a><figcaption id=\"caption-attachment-42134\" class=\"wp-caption-text\">ZF Scan ersetzt die bisherigen L\u00f6sungen von ZF, die Diagnosesoftware ZF Testman und die vormals unter der Marke WABCO laufende Original System-Diagnose.<\/figcaption><\/figure>\n<h3>ZF Scan<\/h3>\n<p>ZF Scan ist Teil von <a href=\"https:\/\/aftermarket.zf.com\/de\/aftermarket-portal\/unser-portfolio\/diagnose-reparatur\/zf-prodiagnostics\/\" target=\"_blank\" rel=\"noopener\">(pro)Diagnostics<\/a> und ersetzt die bisherigen L\u00f6sungen von ZF, die Diagnosesoftware ZF Testman und die vormals unter der Marke WABCO laufende Original System-Diagnose \u201aWABCO SD 1.0\u2018 f\u00fcr Nutzfahrzeuge, Busse, Anh\u00e4nger und Off-Highway-Anwendungen. ZF Scan erm\u00f6glicht die Servicef\u00e4higkeit f\u00fcr alle ZF Group-Komponenten wie Getriebe, Brems- und Fahrwerkssteuerungs-Systeme. Das Paket beinhaltet die ZF (pro)Diagnostics Suite, die Software- Schnittstelle, und die Diagnose-Kommunikationsschnittstelle ZF-DCI (Diagnostic-Communication-Interface).<\/p>\n<p>&nbsp;<\/p>\n<p><i>Den Beitrag finden Sie auch in der Print-Ausgabe 1-2025 der <a href=\"https:\/\/www.krafthand.de\/truck\/magazin\/\" title=\"Zum Magazin\">Krafthand-Truck<\/a>.<\/i><\/p>","protected":false},"excerpt":{"rendered":"<p>Der Automobilzulieferer ZF hat mit ZF (pro)Diagnostics ein neues \u201aDiagnose-\u00d6kosystem\u2018 vorgestellt. Es geht um den umfassenden Zugang zur marken- und system\u00fcbergreifenden Diagnose f\u00fcr eine breite Palette des europ\u00e4ischen Pkw und Lkw-Fuhrparks. <span class=\"excerpt-more__dots\">&#8230;<\/span> <a class=\"excerpt-more__link\" href=\"https:\/\/www.krafthand.de\/truck\/artikel\/mehrmarken-diagnose-zf-service-oekosystem-fuer-den-aftermarket-42131\/\" >weiter<\/a><\/p>\n","protected":false},"author":9,"featured_media":42132,"comment_status":"closed","ping_status":"closed","sticky":false,"template":"","format":"standard","meta":{"footnotes":""},"categories":[4231,4220],"tags":[5872,1167,2510,6189,6072,187,6190],"settings":[4766,3523],"class_list":["post-42131","post","type-post","status-publish","format-standard","has-post-thumbnail","hentry","category-werkstatt-it","category-werkstattausruestung","tag-cyber-security","tag-diagnose","tag-diagnosetester","tag-multiscan","tag-sums","tag-zf","tag-zf-scan"],"yoast_head":"<!-- This site is optimized with the Yoast SEO plugin v27.3 - https:\/\/yoast.com\/product\/yoast-seo-wordpress\/ -->\n<title>Mehrmarken-Diagnose: ZF-Service-\u00d6kosystem f\u00fcr den Aftermarket - Krafthand-Truck<\/title>\n<meta name=\"description\" content=\"Der Automobilzulieferer ZF hat mit ZF [pro]Diagnostics ein neues \u201aDiagnose-\u00d6kosystem\u2018 vorgestellt.\" \/>\n<meta name=\"robots\" content=\"index, follow, max-snippet:-1, max-image-preview:large, max-video-preview:-1\" \/>\n<link rel=\"canonical\" href=\"https:\/\/www.krafthand.de\/truck\/artikel\/mehrmarken-diagnose-zf-service-oekosystem-fuer-den-aftermarket-42131\/\" \/>\n<meta property=\"og:locale\" content=\"de_DE\" \/>\n<meta property=\"og:type\" content=\"article\" \/>\n<meta property=\"og:title\" content=\"Mehrmarken-Diagnose: ZF-Service-\u00d6kosystem f\u00fcr den Aftermarket - Krafthand-Truck\" \/>\n<meta property=\"og:description\" content=\"Der Automobilzulieferer ZF hat mit ZF [pro]Diagnostics ein neues \u201aDiagnose-\u00d6kosystem\u2018 vorgestellt.\" \/>\n<meta property=\"og:url\" content=\"https:\/\/www.krafthand-truck.de\/artikel\/mehrmarken-diagnose-zf-service-oekosystem-fuer-den-aftermarket-42131\/\" \/>\n<meta property=\"og:site_name\" content=\"Krafthand-Truck\" \/>\n<meta property=\"article:published_time\" content=\"2025-02-21T11:42:39+00:00\" \/>\n<meta property=\"article:modified_time\" content=\"2025-02-25T08:59:34+00:00\" \/>\n<meta property=\"og:image\" content=\"https:\/\/static.krafthand-truck.de\/uploads\/2025\/02\/ZF_proDiagnostics_MultiScan_Lkw_Diagnose.jpg\" \/>\n\t<meta property=\"og:image:width\" content=\"1200\" \/>\n\t<meta property=\"og:image:height\" content=\"778\" \/>\n\t<meta property=\"og:image:type\" content=\"image\/jpeg\" \/>\n<meta name=\"author\" content=\"georg.blenk@krafthand-medien.de\" \/>\n<meta name=\"twitter:card\" content=\"summary_large_image\" \/>\n<meta name=\"twitter:label1\" content=\"Verfasst von\" \/>\n\t<meta name=\"twitter:data1\" content=\"georg.blenk@krafthand-medien.de\" \/>\n\t<meta name=\"twitter:label2\" content=\"Gesch\u00e4tzte Lesezeit\" \/>\n\t<meta name=\"twitter:data2\" content=\"4\u00a0Minuten\" \/>\n<script type=\"application\/ld+json\" class=\"yoast-schema-graph\">{\"@context\":\"https:\\\/\\\/schema.org\",\"@graph\":[{\"@type\":\"Article\",\"@id\":\"https:\\\/\\\/www.krafthand.de\\\/truck\\\/artikel\\\/mehrmarken-diagnose-zf-service-oekosystem-fuer-den-aftermarket-42131\\\/#article\",\"isPartOf\":{\"@id\":\"https:\\\/\\\/www.krafthand.de\\\/truck\\\/artikel\\\/mehrmarken-diagnose-zf-service-oekosystem-fuer-den-aftermarket-42131\\\/\"},\"author\":{\"name\":\"georg.blenk@krafthand-medien.de\",\"@id\":\"https:\\\/\\\/www.krafthand.de\\\/truck\\\/#\\\/schema\\\/person\\\/51fa80b1c57034c4bf63f9f988fc24ce\"},\"headline\":\"Mehrmarken-Diagnose: ZF-Service-\u00d6kosystem f\u00fcr den Aftermarket\",\"datePublished\":\"2025-02-21T11:42:39+00:00\",\"dateModified\":\"2025-02-25T08:59:34+00:00\",\"mainEntityOfPage\":{\"@id\":\"https:\\\/\\\/www.krafthand.de\\\/truck\\\/artikel\\\/mehrmarken-diagnose-zf-service-oekosystem-fuer-den-aftermarket-42131\\\/\"},\"wordCount\":503,\"image\":{\"@id\":\"https:\\\/\\\/www.krafthand.de\\\/truck\\\/artikel\\\/mehrmarken-diagnose-zf-service-oekosystem-fuer-den-aftermarket-42131\\\/#primaryimage\"},\"thumbnailUrl\":\"https:\\\/\\\/static.krafthand-truck.de\\\/uploads\\\/2025\\\/02\\\/ZF_proDiagnostics_MultiScan_Lkw_Diagnose.jpg\",\"keywords\":[\"Cyber-Security\",\"Diagnose\",\"Diagnosetester\",\"MultiScan\",\"SUMS\",\"ZF\",\"ZF Scan\"],\"articleSection\":[\"Werkstatt-IT\",\"Werkstattausr\u00fcstung\"],\"inLanguage\":\"de\"},{\"@type\":\"WebPage\",\"@id\":\"https:\\\/\\\/www.krafthand.de\\\/truck\\\/artikel\\\/mehrmarken-diagnose-zf-service-oekosystem-fuer-den-aftermarket-42131\\\/\",\"url\":\"https:\\\/\\\/www.krafthand.de\\\/truck\\\/artikel\\\/mehrmarken-diagnose-zf-service-oekosystem-fuer-den-aftermarket-42131\\\/\",\"name\":\"Mehrmarken-Diagnose: ZF-Service-\u00d6kosystem f\u00fcr den Aftermarket - Krafthand-Truck\",\"isPartOf\":{\"@id\":\"https:\\\/\\\/www.krafthand.de\\\/truck\\\/#website\"},\"primaryImageOfPage\":{\"@id\":\"https:\\\/\\\/www.krafthand.de\\\/truck\\\/artikel\\\/mehrmarken-diagnose-zf-service-oekosystem-fuer-den-aftermarket-42131\\\/#primaryimage\"},\"image\":{\"@id\":\"https:\\\/\\\/www.krafthand.de\\\/truck\\\/artikel\\\/mehrmarken-diagnose-zf-service-oekosystem-fuer-den-aftermarket-42131\\\/#primaryimage\"},\"thumbnailUrl\":\"https:\\\/\\\/static.krafthand-truck.de\\\/uploads\\\/2025\\\/02\\\/ZF_proDiagnostics_MultiScan_Lkw_Diagnose.jpg\",\"datePublished\":\"2025-02-21T11:42:39+00:00\",\"dateModified\":\"2025-02-25T08:59:34+00:00\",\"author\":{\"@id\":\"https:\\\/\\\/www.krafthand.de\\\/truck\\\/#\\\/schema\\\/person\\\/51fa80b1c57034c4bf63f9f988fc24ce\"},\"description\":\"Der Automobilzulieferer ZF hat mit ZF [pro]Diagnostics ein neues \u201aDiagnose-\u00d6kosystem\u2018 vorgestellt.\",\"breadcrumb\":{\"@id\":\"https:\\\/\\\/www.krafthand.de\\\/truck\\\/artikel\\\/mehrmarken-diagnose-zf-service-oekosystem-fuer-den-aftermarket-42131\\\/#breadcrumb\"},\"inLanguage\":\"de\",\"potentialAction\":[{\"@type\":\"ReadAction\",\"target\":[\"https:\\\/\\\/www.krafthand.de\\\/truck\\\/artikel\\\/mehrmarken-diagnose-zf-service-oekosystem-fuer-den-aftermarket-42131\\\/\"]}]},{\"@type\":\"ImageObject\",\"inLanguage\":\"de\",\"@id\":\"https:\\\/\\\/www.krafthand.de\\\/truck\\\/artikel\\\/mehrmarken-diagnose-zf-service-oekosystem-fuer-den-aftermarket-42131\\\/#primaryimage\",\"url\":\"https:\\\/\\\/static.krafthand-truck.de\\\/uploads\\\/2025\\\/02\\\/ZF_proDiagnostics_MultiScan_Lkw_Diagnose.jpg\",\"contentUrl\":\"https:\\\/\\\/static.krafthand-truck.de\\\/uploads\\\/2025\\\/02\\\/ZF_proDiagnostics_MultiScan_Lkw_Diagnose.jpg\",\"width\":1200,\"height\":778},{\"@type\":\"BreadcrumbList\",\"@id\":\"https:\\\/\\\/www.krafthand.de\\\/truck\\\/artikel\\\/mehrmarken-diagnose-zf-service-oekosystem-fuer-den-aftermarket-42131\\\/#breadcrumb\",\"itemListElement\":[{\"@type\":\"ListItem\",\"position\":1,\"name\":\"Krafthand-Truck\",\"item\":\"https:\\\/\\\/www.krafthand.de\\\/truck\\\/\"},{\"@type\":\"ListItem\",\"position\":2,\"name\":\"Nfz-Service\",\"item\":\"https:\\\/\\\/www.krafthand.de\\\/truck\\\/kategorie\\\/nfz-service\\\/\"},{\"@type\":\"ListItem\",\"position\":3,\"name\":\"Werkstattausr\u00fcstung\",\"item\":\"https:\\\/\\\/www.krafthand.de\\\/truck\\\/kategorie\\\/nfz-service\\\/werkstattausruestung\\\/\"},{\"@type\":\"ListItem\",\"position\":4,\"name\":\"Mehrmarken-Diagnose: ZF-Service-\u00d6kosystem f\u00fcr den Aftermarket\"}]},{\"@type\":\"WebSite\",\"@id\":\"https:\\\/\\\/www.krafthand.de\\\/truck\\\/#website\",\"url\":\"https:\\\/\\\/www.krafthand.de\\\/truck\\\/\",\"name\":\"Krafthand-Truck\",\"description\":\"\",\"potentialAction\":[{\"@type\":\"SearchAction\",\"target\":{\"@type\":\"EntryPoint\",\"urlTemplate\":\"https:\\\/\\\/www.krafthand.de\\\/truck\\\/?s={search_term_string}\"},\"query-input\":{\"@type\":\"PropertyValueSpecification\",\"valueRequired\":true,\"valueName\":\"search_term_string\"}}],\"inLanguage\":\"de\"},{\"@type\":\"Person\",\"@id\":\"https:\\\/\\\/www.krafthand.de\\\/truck\\\/#\\\/schema\\\/person\\\/51fa80b1c57034c4bf63f9f988fc24ce\",\"name\":\"georg.blenk@krafthand-medien.de\",\"image\":{\"@type\":\"ImageObject\",\"inLanguage\":\"de\",\"@id\":\"https:\\\/\\\/secure.gravatar.com\\\/avatar\\\/93713c30affe0aa95d3a4130e499bb1abee2eb31adbdd9ce2aa1543538490215?s=96&d=mm&r=g\",\"url\":\"https:\\\/\\\/secure.gravatar.com\\\/avatar\\\/93713c30affe0aa95d3a4130e499bb1abee2eb31adbdd9ce2aa1543538490215?s=96&d=mm&r=g\",\"contentUrl\":\"https:\\\/\\\/secure.gravatar.com\\\/avatar\\\/93713c30affe0aa95d3a4130e499bb1abee2eb31adbdd9ce2aa1543538490215?s=96&d=mm&r=g\",\"caption\":\"georg.blenk@krafthand-medien.de\"}}]}<\/script>\n<!-- \/ Yoast SEO plugin. -->","yoast_head_json":{"title":"Mehrmarken-Diagnose: ZF-Service-\u00d6kosystem f\u00fcr den Aftermarket - Krafthand-Truck","description":"Der Automobilzulieferer ZF hat mit ZF [pro]Diagnostics ein neues \u201aDiagnose-\u00d6kosystem\u2018 vorgestellt.","robots":{"index":"index","follow":"follow","max-snippet":"max-snippet:-1","max-image-preview":"max-image-preview:large","max-video-preview":"max-video-preview:-1"},"canonical":"https:\/\/www.krafthand.de\/truck\/artikel\/mehrmarken-diagnose-zf-service-oekosystem-fuer-den-aftermarket-42131\/","og_locale":"de_DE","og_type":"article","og_title":"Mehrmarken-Diagnose: ZF-Service-\u00d6kosystem f\u00fcr den Aftermarket - Krafthand-Truck","og_description":"Der Automobilzulieferer ZF hat mit ZF [pro]Diagnostics ein neues \u201aDiagnose-\u00d6kosystem\u2018 vorgestellt.","og_url":"https:\/\/www.krafthand-truck.de\/artikel\/mehrmarken-diagnose-zf-service-oekosystem-fuer-den-aftermarket-42131\/","og_site_name":"Krafthand-Truck","article_published_time":"2025-02-21T11:42:39+00:00","article_modified_time":"2025-02-25T08:59:34+00:00","og_image":[{"width":1200,"height":778,"url":"https:\/\/static.krafthand-truck.de\/uploads\/2025\/02\/ZF_proDiagnostics_MultiScan_Lkw_Diagnose.jpg","type":"image\/jpeg"}],"author":"georg.blenk@krafthand-medien.de","twitter_card":"summary_large_image","twitter_misc":{"Verfasst von":"georg.blenk@krafthand-medien.de","Gesch\u00e4tzte Lesezeit":"4\u00a0Minuten"},"schema":{"@context":"https:\/\/schema.org","@graph":[{"@type":"Article","@id":"https:\/\/www.krafthand.de\/truck\/artikel\/mehrmarken-diagnose-zf-service-oekosystem-fuer-den-aftermarket-42131\/#article","isPartOf":{"@id":"https:\/\/www.krafthand.de\/truck\/artikel\/mehrmarken-diagnose-zf-service-oekosystem-fuer-den-aftermarket-42131\/"},"author":{"name":"georg.blenk@krafthand-medien.de","@id":"https:\/\/www.krafthand.de\/truck\/#\/schema\/person\/51fa80b1c57034c4bf63f9f988fc24ce"},"headline":"Mehrmarken-Diagnose: ZF-Service-\u00d6kosystem f\u00fcr den Aftermarket","datePublished":"2025-02-21T11:42:39+00:00","dateModified":"2025-02-25T08:59:34+00:00","mainEntityOfPage":{"@id":"https:\/\/www.krafthand.de\/truck\/artikel\/mehrmarken-diagnose-zf-service-oekosystem-fuer-den-aftermarket-42131\/"},"wordCount":503,"image":{"@id":"https:\/\/www.krafthand.de\/truck\/artikel\/mehrmarken-diagnose-zf-service-oekosystem-fuer-den-aftermarket-42131\/#primaryimage"},"thumbnailUrl":"https:\/\/static.krafthand-truck.de\/uploads\/2025\/02\/ZF_proDiagnostics_MultiScan_Lkw_Diagnose.jpg","keywords":["Cyber-Security","Diagnose","Diagnosetester","MultiScan","SUMS","ZF","ZF Scan"],"articleSection":["Werkstatt-IT","Werkstattausr\u00fcstung"],"inLanguage":"de"},{"@type":"WebPage","@id":"https:\/\/www.krafthand.de\/truck\/artikel\/mehrmarken-diagnose-zf-service-oekosystem-fuer-den-aftermarket-42131\/","url":"https:\/\/www.krafthand.de\/truck\/artikel\/mehrmarken-diagnose-zf-service-oekosystem-fuer-den-aftermarket-42131\/","name":"Mehrmarken-Diagnose: ZF-Service-\u00d6kosystem f\u00fcr den Aftermarket - Krafthand-Truck","isPartOf":{"@id":"https:\/\/www.krafthand.de\/truck\/#website"},"primaryImageOfPage":{"@id":"https:\/\/www.krafthand.de\/truck\/artikel\/mehrmarken-diagnose-zf-service-oekosystem-fuer-den-aftermarket-42131\/#primaryimage"},"image":{"@id":"https:\/\/www.krafthand.de\/truck\/artikel\/mehrmarken-diagnose-zf-service-oekosystem-fuer-den-aftermarket-42131\/#primaryimage"},"thumbnailUrl":"https:\/\/static.krafthand-truck.de\/uploads\/2025\/02\/ZF_proDiagnostics_MultiScan_Lkw_Diagnose.jpg","datePublished":"2025-02-21T11:42:39+00:00","dateModified":"2025-02-25T08:59:34+00:00","author":{"@id":"https:\/\/www.krafthand.de\/truck\/#\/schema\/person\/51fa80b1c57034c4bf63f9f988fc24ce"},"description":"Der Automobilzulieferer ZF hat mit ZF [pro]Diagnostics ein neues \u201aDiagnose-\u00d6kosystem\u2018 vorgestellt.","breadcrumb":{"@id":"https:\/\/www.krafthand.de\/truck\/artikel\/mehrmarken-diagnose-zf-service-oekosystem-fuer-den-aftermarket-42131\/#breadcrumb"},"inLanguage":"de","potentialAction":[{"@type":"ReadAction","target":["https:\/\/www.krafthand.de\/truck\/artikel\/mehrmarken-diagnose-zf-service-oekosystem-fuer-den-aftermarket-42131\/"]}]},{"@type":"ImageObject","inLanguage":"de","@id":"https:\/\/www.krafthand.de\/truck\/artikel\/mehrmarken-diagnose-zf-service-oekosystem-fuer-den-aftermarket-42131\/#primaryimage","url":"https:\/\/static.krafthand-truck.de\/uploads\/2025\/02\/ZF_proDiagnostics_MultiScan_Lkw_Diagnose.jpg","contentUrl":"https:\/\/static.krafthand-truck.de\/uploads\/2025\/02\/ZF_proDiagnostics_MultiScan_Lkw_Diagnose.jpg","width":1200,"height":778},{"@type":"BreadcrumbList","@id":"https:\/\/www.krafthand.de\/truck\/artikel\/mehrmarken-diagnose-zf-service-oekosystem-fuer-den-aftermarket-42131\/#breadcrumb","itemListElement":[{"@type":"ListItem","position":1,"name":"Krafthand-Truck","item":"https:\/\/www.krafthand.de\/truck\/"},{"@type":"ListItem","position":2,"name":"Nfz-Service","item":"https:\/\/www.krafthand.de\/truck\/kategorie\/nfz-service\/"},{"@type":"ListItem","position":3,"name":"Werkstattausr\u00fcstung","item":"https:\/\/www.krafthand.de\/truck\/kategorie\/nfz-service\/werkstattausruestung\/"},{"@type":"ListItem","position":4,"name":"Mehrmarken-Diagnose: ZF-Service-\u00d6kosystem f\u00fcr den Aftermarket"}]},{"@type":"WebSite","@id":"https:\/\/www.krafthand.de\/truck\/#website","url":"https:\/\/www.krafthand.de\/truck\/","name":"Krafthand-Truck","description":"","potentialAction":[{"@type":"SearchAction","target":{"@type":"EntryPoint","urlTemplate":"https:\/\/www.krafthand.de\/truck\/?s={search_term_string}"},"query-input":{"@type":"PropertyValueSpecification","valueRequired":true,"valueName":"search_term_string"}}],"inLanguage":"de"},{"@type":"Person","@id":"https:\/\/www.krafthand.de\/truck\/#\/schema\/person\/51fa80b1c57034c4bf63f9f988fc24ce","name":"georg.blenk@krafthand-medien.de","image":{"@type":"ImageObject","inLanguage":"de","@id":"https:\/\/secure.gravatar.com\/avatar\/93713c30affe0aa95d3a4130e499bb1abee2eb31adbdd9ce2aa1543538490215?s=96&d=mm&r=g","url":"https:\/\/secure.gravatar.com\/avatar\/93713c30affe0aa95d3a4130e499bb1abee2eb31adbdd9ce2aa1543538490215?s=96&d=mm&r=g","contentUrl":"https:\/\/secure.gravatar.com\/avatar\/93713c30affe0aa95d3a4130e499bb1abee2eb31adbdd9ce2aa1543538490215?s=96&d=mm&r=g","caption":"georg.blenk@krafthand-medien.de"}}]}},"_links":{"self":[{"href":"https:\/\/www.krafthand.de\/truck\/wp-json\/wp\/v2\/posts\/42131","targetHints":{"allow":["GET"]}}],"collection":[{"href":"https:\/\/www.krafthand.de\/truck\/wp-json\/wp\/v2\/posts"}],"about":[{"href":"https:\/\/www.krafthand.de\/truck\/wp-json\/wp\/v2\/types\/post"}],"author":[{"embeddable":true,"href":"https:\/\/www.krafthand.de\/truck\/wp-json\/wp\/v2\/users\/9"}],"replies":[{"embeddable":true,"href":"https:\/\/www.krafthand.de\/truck\/wp-json\/wp\/v2\/comments?post=42131"}],"version-history":[{"count":9,"href":"https:\/\/www.krafthand.de\/truck\/wp-json\/wp\/v2\/posts\/42131\/revisions"}],"predecessor-version":[{"id":42143,"href":"https:\/\/www.krafthand.de\/truck\/wp-json\/wp\/v2\/posts\/42131\/revisions\/42143"}],"wp:featuredmedia":[{"embeddable":true,"href":"https:\/\/www.krafthand.de\/truck\/wp-json\/wp\/v2\/media\/42132"}],"wp:attachment":[{"href":"https:\/\/www.krafthand.de\/truck\/wp-json\/wp\/v2\/media?parent=42131"}],"wp:term":[{"taxonomy":"category","embeddable":true,"href":"https:\/\/www.krafthand.de\/truck\/wp-json\/wp\/v2\/categories?post=42131"},{"taxonomy":"post_tag","embeddable":true,"href":"https:\/\/www.krafthand.de\/truck\/wp-json\/wp\/v2\/tags?post=42131"},{"taxonomy":"settings","embeddable":true,"href":"https:\/\/www.krafthand.de\/truck\/wp-json\/wp\/v2\/settings?post=42131"}],"curies":[{"name":"wp","href":"https:\/\/api.w.org\/{rel}","templated":true}]}}