{"id":42117,"date":"2025-02-19T17:01:00","date_gmt":"2025-02-19T16:01:00","guid":{"rendered":"https:\/\/www.krafthand.de\/truck\/?p=42117"},"modified":"2025-02-19T17:09:30","modified_gmt":"2025-02-19T16:09:30","slug":"corexx-thermomanagement-und-abs-sensoren","status":"publish","type":"post","link":"https:\/\/www.krafthand.de\/truck\/artikel\/corexx-thermomanagement-und-abs-sensoren-42117\/","title":{"rendered":"COREXX: Thermomanagement und ABS-Sensoren"},"content":{"rendered":"<p>Die CARAT-Gruppe hat unter ihrer Eigenmarke COREXX zwei neue Produktlinien auf den Markt gebracht, die speziell f\u00fcr die Anforderungen von Nutzfahrzeugen wie Lkw, Bussen und Transportern entwickelt wurden. Es handelt sich um Komponenten rund um das Thermomanagement sowie um ABS-Sensoren.<\/p>\n<p>Das Thermomanagement-Sortiment umfasst Ausgleichsbeh\u00e4lter, Innenraumgebl\u00e4se, Klimakompressoren und Klimakondensatoren sowie K\u00fchler und Ladel\u00fcftk\u00fchler.<\/p>\n<p>Erg\u00e4nzt wird das <a href=\"https:\/\/corexx.eu\" target=\"_blank\" rel=\"noopener\">COREXX<\/a>-Portfolio um ABS-Sensoren. Sie garantieren eine zuverl\u00e4ssige Funktion bei Temperaturen von -40 \u00b0C bis 200 \u00b0C und sind aufgrund der IP55-Klassifizierung gegen Strahlwasser, Staub und \u00e4u\u00dferen Einfl\u00fcssen gesch\u00fctzt. Ferner sind sie passgenau, die Steckgeh\u00e4use erleichtern den Austausch.<\/p>\n<p>Dank der Lagerverf\u00fcgbarkeit durch die ad-Cargo Logistikstandorte in Castrop-Rauxel (Zentrallager) und N\u00fcrnberg (<a href=\"https:\/\/www.krafthand.de\/truck\/artikel\/carat-eroeffnet-neues-zentrallager-am-nuernberger-hafen-35397\/\" target=\"_blank\" rel=\"noopener\">Regionallager S\u00fcd<\/a>) stehen die Komponenten und Ersatzteile schnell zur Verf\u00fcgung.<\/p>\n<p><i>Den Beitrag finden Sie auch in der Print-Ausgabe 1-2025 der <a href=\"https:\/\/www.krafthand.de\/truck\/magazin\/\" title=\"Zum Magazin\">Krafthand-Truck<\/a>.<\/i><\/p>","protected":false},"excerpt":{"rendered":"<p>Die CARAT-Gruppe hat unter ihrer Eigenmarke COREXX zwei neue Produktlinien auf den Markt gebracht, die speziell f\u00fcr die Anforderungen von Nutzfahrzeugen wie Lkw, Bussen und Transportern entwickelt wurden. Es handelt sich um Komponenten rund um das Thermomanagement sowie um ABS-Sensoren. <span class=\"excerpt-more__dots\">&#8230;<\/span> <a class=\"excerpt-more__link\" href=\"https:\/\/www.krafthand.de\/truck\/artikel\/corexx-thermomanagement-und-abs-sensoren-42117\/\" >weiter<\/a><\/p>\n","protected":false},"author":9,"featured_media":42119,"comment_status":"closed","ping_status":"closed","sticky":false,"template":"","format":"standard","meta":{"footnotes":""},"categories":[4912],"tags":[3072,5557,5518,4779,3229,6187,6186],"settings":[4766,3523],"class_list":["post-42117","post","type-post","status-publish","format-standard","has-post-thumbnail","hentry","category-ersatzteile-zubehoer","tag-abs-sensor","tag-carat-gruppe","tag-corexx","tag-klimakompressor","tag-kuehler","tag-ladeluftkuehler","tag-thermomanegement"],"yoast_head":"<!-- This site is optimized with the Yoast SEO plugin v27.3 - https:\/\/yoast.com\/product\/yoast-seo-wordpress\/ -->\n<title>COREXX: Thermomanagement und ABS-Sensoren - Krafthand-Truck<\/title>\n<meta name=\"description\" content=\"Die CARAT-Gruppe hat unter ihrer Eigenmarke COREXX zwei neue Produktlinien auf den Markt gebracht. Es handelt sich um Komponenten rund um das Thermomanagement sowie um ABS-Sensoren.\" \/>\n<meta name=\"robots\" content=\"index, follow, max-snippet:-1, max-image-preview:large, max-video-preview:-1\" \/>\n<link rel=\"canonical\" href=\"https:\/\/www.krafthand.de\/truck\/artikel\/corexx-thermomanagement-und-abs-sensoren-42117\/\" \/>\n<meta property=\"og:locale\" content=\"de_DE\" \/>\n<meta property=\"og:type\" content=\"article\" \/>\n<meta property=\"og:title\" content=\"COREXX: Thermomanagement und ABS-Sensoren - Krafthand-Truck\" \/>\n<meta property=\"og:description\" content=\"Die CARAT-Gruppe hat unter ihrer Eigenmarke COREXX zwei neue Produktlinien auf den Markt gebracht. Es handelt sich um Komponenten rund um das Thermomanagement sowie um ABS-Sensoren.\" \/>\n<meta property=\"og:url\" content=\"https:\/\/www.krafthand-truck.de\/artikel\/corexx-thermomanagement-und-abs-sensoren-42117\/\" \/>\n<meta property=\"og:site_name\" content=\"Krafthand-Truck\" \/>\n<meta property=\"article:published_time\" content=\"2025-02-19T16:01:00+00:00\" \/>\n<meta property=\"article:modified_time\" content=\"2025-02-19T16:09:30+00:00\" \/>\n<meta property=\"og:image\" content=\"https:\/\/static.krafthand-truck.de\/uploads\/2025\/02\/Corexx_Carat_Thermomanagement_Lkw.jpg\" \/>\n\t<meta property=\"og:image:width\" content=\"1200\" \/>\n\t<meta property=\"og:image:height\" content=\"723\" \/>\n\t<meta property=\"og:image:type\" content=\"image\/jpeg\" \/>\n<meta name=\"author\" content=\"georg.blenk@krafthand-medien.de\" \/>\n<meta name=\"twitter:card\" content=\"summary_large_image\" \/>\n<meta name=\"twitter:label1\" content=\"Verfasst von\" \/>\n\t<meta name=\"twitter:data1\" content=\"georg.blenk@krafthand-medien.de\" \/>\n\t<meta name=\"twitter:label2\" content=\"Gesch\u00e4tzte Lesezeit\" \/>\n\t<meta name=\"twitter:data2\" content=\"1\u00a0Minute\" \/>\n<script type=\"application\/ld+json\" class=\"yoast-schema-graph\">{\"@context\":\"https:\\\/\\\/schema.org\",\"@graph\":[{\"@type\":\"Article\",\"@id\":\"https:\\\/\\\/www.krafthand.de\\\/truck\\\/artikel\\\/corexx-thermomanagement-und-abs-sensoren-42117\\\/#article\",\"isPartOf\":{\"@id\":\"https:\\\/\\\/www.krafthand.de\\\/truck\\\/artikel\\\/corexx-thermomanagement-und-abs-sensoren-42117\\\/\"},\"author\":{\"name\":\"georg.blenk@krafthand-medien.de\",\"@id\":\"https:\\\/\\\/www.krafthand.de\\\/truck\\\/#\\\/schema\\\/person\\\/51fa80b1c57034c4bf63f9f988fc24ce\"},\"headline\":\"COREXX: Thermomanagement und ABS-Sensoren\",\"datePublished\":\"2025-02-19T16:01:00+00:00\",\"dateModified\":\"2025-02-19T16:09:30+00:00\",\"mainEntityOfPage\":{\"@id\":\"https:\\\/\\\/www.krafthand.de\\\/truck\\\/artikel\\\/corexx-thermomanagement-und-abs-sensoren-42117\\\/\"},\"wordCount\":134,\"image\":{\"@id\":\"https:\\\/\\\/www.krafthand.de\\\/truck\\\/artikel\\\/corexx-thermomanagement-und-abs-sensoren-42117\\\/#primaryimage\"},\"thumbnailUrl\":\"https:\\\/\\\/static.krafthand-truck.de\\\/uploads\\\/2025\\\/02\\\/Corexx_Carat_Thermomanagement_Lkw.jpg\",\"keywords\":[\"ABS-Sensor\",\"Carat-Gruppe\",\"Corexx\",\"Klimakompressor\",\"K\u00fchler\",\"Ladeluftk\u00fchler\",\"Thermomanegement\"],\"articleSection\":[\"Ersatzteile\\\/Zubeh\u00f6r\"],\"inLanguage\":\"de\"},{\"@type\":\"WebPage\",\"@id\":\"https:\\\/\\\/www.krafthand.de\\\/truck\\\/artikel\\\/corexx-thermomanagement-und-abs-sensoren-42117\\\/\",\"url\":\"https:\\\/\\\/www.krafthand.de\\\/truck\\\/artikel\\\/corexx-thermomanagement-und-abs-sensoren-42117\\\/\",\"name\":\"COREXX: Thermomanagement und ABS-Sensoren - Krafthand-Truck\",\"isPartOf\":{\"@id\":\"https:\\\/\\\/www.krafthand.de\\\/truck\\\/#website\"},\"primaryImageOfPage\":{\"@id\":\"https:\\\/\\\/www.krafthand.de\\\/truck\\\/artikel\\\/corexx-thermomanagement-und-abs-sensoren-42117\\\/#primaryimage\"},\"image\":{\"@id\":\"https:\\\/\\\/www.krafthand.de\\\/truck\\\/artikel\\\/corexx-thermomanagement-und-abs-sensoren-42117\\\/#primaryimage\"},\"thumbnailUrl\":\"https:\\\/\\\/static.krafthand-truck.de\\\/uploads\\\/2025\\\/02\\\/Corexx_Carat_Thermomanagement_Lkw.jpg\",\"datePublished\":\"2025-02-19T16:01:00+00:00\",\"dateModified\":\"2025-02-19T16:09:30+00:00\",\"author\":{\"@id\":\"https:\\\/\\\/www.krafthand.de\\\/truck\\\/#\\\/schema\\\/person\\\/51fa80b1c57034c4bf63f9f988fc24ce\"},\"description\":\"Die CARAT-Gruppe hat unter ihrer Eigenmarke COREXX zwei neue Produktlinien auf den Markt gebracht. Es handelt sich um Komponenten rund um das Thermomanagement sowie um ABS-Sensoren.\",\"breadcrumb\":{\"@id\":\"https:\\\/\\\/www.krafthand.de\\\/truck\\\/artikel\\\/corexx-thermomanagement-und-abs-sensoren-42117\\\/#breadcrumb\"},\"inLanguage\":\"de\",\"potentialAction\":[{\"@type\":\"ReadAction\",\"target\":[\"https:\\\/\\\/www.krafthand.de\\\/truck\\\/artikel\\\/corexx-thermomanagement-und-abs-sensoren-42117\\\/\"]}]},{\"@type\":\"ImageObject\",\"inLanguage\":\"de\",\"@id\":\"https:\\\/\\\/www.krafthand.de\\\/truck\\\/artikel\\\/corexx-thermomanagement-und-abs-sensoren-42117\\\/#primaryimage\",\"url\":\"https:\\\/\\\/static.krafthand-truck.de\\\/uploads\\\/2025\\\/02\\\/Corexx_Carat_Thermomanagement_Lkw.jpg\",\"contentUrl\":\"https:\\\/\\\/static.krafthand-truck.de\\\/uploads\\\/2025\\\/02\\\/Corexx_Carat_Thermomanagement_Lkw.jpg\",\"width\":1200,\"height\":723},{\"@type\":\"BreadcrumbList\",\"@id\":\"https:\\\/\\\/www.krafthand.de\\\/truck\\\/artikel\\\/corexx-thermomanagement-und-abs-sensoren-42117\\\/#breadcrumb\",\"itemListElement\":[{\"@type\":\"ListItem\",\"position\":1,\"name\":\"Krafthand-Truck\",\"item\":\"https:\\\/\\\/www.krafthand.de\\\/truck\\\/\"},{\"@type\":\"ListItem\",\"position\":2,\"name\":\"Nfz-Service\",\"item\":\"https:\\\/\\\/www.krafthand.de\\\/truck\\\/kategorie\\\/nfz-service\\\/\"},{\"@type\":\"ListItem\",\"position\":3,\"name\":\"Ersatzteile\\\/Zubeh\u00f6r\",\"item\":\"https:\\\/\\\/www.krafthand.de\\\/truck\\\/kategorie\\\/nfz-service\\\/ersatzteile-zubehoer\\\/\"},{\"@type\":\"ListItem\",\"position\":4,\"name\":\"COREXX: Thermomanagement und ABS-Sensoren\"}]},{\"@type\":\"WebSite\",\"@id\":\"https:\\\/\\\/www.krafthand.de\\\/truck\\\/#website\",\"url\":\"https:\\\/\\\/www.krafthand.de\\\/truck\\\/\",\"name\":\"Krafthand-Truck\",\"description\":\"\",\"potentialAction\":[{\"@type\":\"SearchAction\",\"target\":{\"@type\":\"EntryPoint\",\"urlTemplate\":\"https:\\\/\\\/www.krafthand.de\\\/truck\\\/?s={search_term_string}\"},\"query-input\":{\"@type\":\"PropertyValueSpecification\",\"valueRequired\":true,\"valueName\":\"search_term_string\"}}],\"inLanguage\":\"de\"},{\"@type\":\"Person\",\"@id\":\"https:\\\/\\\/www.krafthand.de\\\/truck\\\/#\\\/schema\\\/person\\\/51fa80b1c57034c4bf63f9f988fc24ce\",\"name\":\"georg.blenk@krafthand-medien.de\",\"image\":{\"@type\":\"ImageObject\",\"inLanguage\":\"de\",\"@id\":\"https:\\\/\\\/secure.gravatar.com\\\/avatar\\\/93713c30affe0aa95d3a4130e499bb1abee2eb31adbdd9ce2aa1543538490215?s=96&d=mm&r=g\",\"url\":\"https:\\\/\\\/secure.gravatar.com\\\/avatar\\\/93713c30affe0aa95d3a4130e499bb1abee2eb31adbdd9ce2aa1543538490215?s=96&d=mm&r=g\",\"contentUrl\":\"https:\\\/\\\/secure.gravatar.com\\\/avatar\\\/93713c30affe0aa95d3a4130e499bb1abee2eb31adbdd9ce2aa1543538490215?s=96&d=mm&r=g\",\"caption\":\"georg.blenk@krafthand-medien.de\"}}]}<\/script>\n<!-- \/ Yoast SEO plugin. -->","yoast_head_json":{"title":"COREXX: Thermomanagement und ABS-Sensoren - Krafthand-Truck","description":"Die CARAT-Gruppe hat unter ihrer Eigenmarke COREXX zwei neue Produktlinien auf den Markt gebracht. Es handelt sich um Komponenten rund um das Thermomanagement sowie um ABS-Sensoren.","robots":{"index":"index","follow":"follow","max-snippet":"max-snippet:-1","max-image-preview":"max-image-preview:large","max-video-preview":"max-video-preview:-1"},"canonical":"https:\/\/www.krafthand.de\/truck\/artikel\/corexx-thermomanagement-und-abs-sensoren-42117\/","og_locale":"de_DE","og_type":"article","og_title":"COREXX: Thermomanagement und ABS-Sensoren - Krafthand-Truck","og_description":"Die CARAT-Gruppe hat unter ihrer Eigenmarke COREXX zwei neue Produktlinien auf den Markt gebracht. Es handelt sich um Komponenten rund um das Thermomanagement sowie um ABS-Sensoren.","og_url":"https:\/\/www.krafthand-truck.de\/artikel\/corexx-thermomanagement-und-abs-sensoren-42117\/","og_site_name":"Krafthand-Truck","article_published_time":"2025-02-19T16:01:00+00:00","article_modified_time":"2025-02-19T16:09:30+00:00","og_image":[{"width":1200,"height":723,"url":"https:\/\/static.krafthand-truck.de\/uploads\/2025\/02\/Corexx_Carat_Thermomanagement_Lkw.jpg","type":"image\/jpeg"}],"author":"georg.blenk@krafthand-medien.de","twitter_card":"summary_large_image","twitter_misc":{"Verfasst von":"georg.blenk@krafthand-medien.de","Gesch\u00e4tzte Lesezeit":"1\u00a0Minute"},"schema":{"@context":"https:\/\/schema.org","@graph":[{"@type":"Article","@id":"https:\/\/www.krafthand.de\/truck\/artikel\/corexx-thermomanagement-und-abs-sensoren-42117\/#article","isPartOf":{"@id":"https:\/\/www.krafthand.de\/truck\/artikel\/corexx-thermomanagement-und-abs-sensoren-42117\/"},"author":{"name":"georg.blenk@krafthand-medien.de","@id":"https:\/\/www.krafthand.de\/truck\/#\/schema\/person\/51fa80b1c57034c4bf63f9f988fc24ce"},"headline":"COREXX: Thermomanagement und ABS-Sensoren","datePublished":"2025-02-19T16:01:00+00:00","dateModified":"2025-02-19T16:09:30+00:00","mainEntityOfPage":{"@id":"https:\/\/www.krafthand.de\/truck\/artikel\/corexx-thermomanagement-und-abs-sensoren-42117\/"},"wordCount":134,"image":{"@id":"https:\/\/www.krafthand.de\/truck\/artikel\/corexx-thermomanagement-und-abs-sensoren-42117\/#primaryimage"},"thumbnailUrl":"https:\/\/static.krafthand-truck.de\/uploads\/2025\/02\/Corexx_Carat_Thermomanagement_Lkw.jpg","keywords":["ABS-Sensor","Carat-Gruppe","Corexx","Klimakompressor","K\u00fchler","Ladeluftk\u00fchler","Thermomanegement"],"articleSection":["Ersatzteile\/Zubeh\u00f6r"],"inLanguage":"de"},{"@type":"WebPage","@id":"https:\/\/www.krafthand.de\/truck\/artikel\/corexx-thermomanagement-und-abs-sensoren-42117\/","url":"https:\/\/www.krafthand.de\/truck\/artikel\/corexx-thermomanagement-und-abs-sensoren-42117\/","name":"COREXX: Thermomanagement und ABS-Sensoren - Krafthand-Truck","isPartOf":{"@id":"https:\/\/www.krafthand.de\/truck\/#website"},"primaryImageOfPage":{"@id":"https:\/\/www.krafthand.de\/truck\/artikel\/corexx-thermomanagement-und-abs-sensoren-42117\/#primaryimage"},"image":{"@id":"https:\/\/www.krafthand.de\/truck\/artikel\/corexx-thermomanagement-und-abs-sensoren-42117\/#primaryimage"},"thumbnailUrl":"https:\/\/static.krafthand-truck.de\/uploads\/2025\/02\/Corexx_Carat_Thermomanagement_Lkw.jpg","datePublished":"2025-02-19T16:01:00+00:00","dateModified":"2025-02-19T16:09:30+00:00","author":{"@id":"https:\/\/www.krafthand.de\/truck\/#\/schema\/person\/51fa80b1c57034c4bf63f9f988fc24ce"},"description":"Die CARAT-Gruppe hat unter ihrer Eigenmarke COREXX zwei neue Produktlinien auf den Markt gebracht. Es handelt sich um Komponenten rund um das Thermomanagement sowie um ABS-Sensoren.","breadcrumb":{"@id":"https:\/\/www.krafthand.de\/truck\/artikel\/corexx-thermomanagement-und-abs-sensoren-42117\/#breadcrumb"},"inLanguage":"de","potentialAction":[{"@type":"ReadAction","target":["https:\/\/www.krafthand.de\/truck\/artikel\/corexx-thermomanagement-und-abs-sensoren-42117\/"]}]},{"@type":"ImageObject","inLanguage":"de","@id":"https:\/\/www.krafthand.de\/truck\/artikel\/corexx-thermomanagement-und-abs-sensoren-42117\/#primaryimage","url":"https:\/\/static.krafthand-truck.de\/uploads\/2025\/02\/Corexx_Carat_Thermomanagement_Lkw.jpg","contentUrl":"https:\/\/static.krafthand-truck.de\/uploads\/2025\/02\/Corexx_Carat_Thermomanagement_Lkw.jpg","width":1200,"height":723},{"@type":"BreadcrumbList","@id":"https:\/\/www.krafthand.de\/truck\/artikel\/corexx-thermomanagement-und-abs-sensoren-42117\/#breadcrumb","itemListElement":[{"@type":"ListItem","position":1,"name":"Krafthand-Truck","item":"https:\/\/www.krafthand.de\/truck\/"},{"@type":"ListItem","position":2,"name":"Nfz-Service","item":"https:\/\/www.krafthand.de\/truck\/kategorie\/nfz-service\/"},{"@type":"ListItem","position":3,"name":"Ersatzteile\/Zubeh\u00f6r","item":"https:\/\/www.krafthand.de\/truck\/kategorie\/nfz-service\/ersatzteile-zubehoer\/"},{"@type":"ListItem","position":4,"name":"COREXX: Thermomanagement und ABS-Sensoren"}]},{"@type":"WebSite","@id":"https:\/\/www.krafthand.de\/truck\/#website","url":"https:\/\/www.krafthand.de\/truck\/","name":"Krafthand-Truck","description":"","potentialAction":[{"@type":"SearchAction","target":{"@type":"EntryPoint","urlTemplate":"https:\/\/www.krafthand.de\/truck\/?s={search_term_string}"},"query-input":{"@type":"PropertyValueSpecification","valueRequired":true,"valueName":"search_term_string"}}],"inLanguage":"de"},{"@type":"Person","@id":"https:\/\/www.krafthand.de\/truck\/#\/schema\/person\/51fa80b1c57034c4bf63f9f988fc24ce","name":"georg.blenk@krafthand-medien.de","image":{"@type":"ImageObject","inLanguage":"de","@id":"https:\/\/secure.gravatar.com\/avatar\/93713c30affe0aa95d3a4130e499bb1abee2eb31adbdd9ce2aa1543538490215?s=96&d=mm&r=g","url":"https:\/\/secure.gravatar.com\/avatar\/93713c30affe0aa95d3a4130e499bb1abee2eb31adbdd9ce2aa1543538490215?s=96&d=mm&r=g","contentUrl":"https:\/\/secure.gravatar.com\/avatar\/93713c30affe0aa95d3a4130e499bb1abee2eb31adbdd9ce2aa1543538490215?s=96&d=mm&r=g","caption":"georg.blenk@krafthand-medien.de"}}]}},"_links":{"self":[{"href":"https:\/\/www.krafthand.de\/truck\/wp-json\/wp\/v2\/posts\/42117","targetHints":{"allow":["GET"]}}],"collection":[{"href":"https:\/\/www.krafthand.de\/truck\/wp-json\/wp\/v2\/posts"}],"about":[{"href":"https:\/\/www.krafthand.de\/truck\/wp-json\/wp\/v2\/types\/post"}],"author":[{"embeddable":true,"href":"https:\/\/www.krafthand.de\/truck\/wp-json\/wp\/v2\/users\/9"}],"replies":[{"embeddable":true,"href":"https:\/\/www.krafthand.de\/truck\/wp-json\/wp\/v2\/comments?post=42117"}],"version-history":[{"count":4,"href":"https:\/\/www.krafthand.de\/truck\/wp-json\/wp\/v2\/posts\/42117\/revisions"}],"predecessor-version":[{"id":42122,"href":"https:\/\/www.krafthand.de\/truck\/wp-json\/wp\/v2\/posts\/42117\/revisions\/42122"}],"wp:featuredmedia":[{"embeddable":true,"href":"https:\/\/www.krafthand.de\/truck\/wp-json\/wp\/v2\/media\/42119"}],"wp:attachment":[{"href":"https:\/\/www.krafthand.de\/truck\/wp-json\/wp\/v2\/media?parent=42117"}],"wp:term":[{"taxonomy":"category","embeddable":true,"href":"https:\/\/www.krafthand.de\/truck\/wp-json\/wp\/v2\/categories?post=42117"},{"taxonomy":"post_tag","embeddable":true,"href":"https:\/\/www.krafthand.de\/truck\/wp-json\/wp\/v2\/tags?post=42117"},{"taxonomy":"settings","embeddable":true,"href":"https:\/\/www.krafthand.de\/truck\/wp-json\/wp\/v2\/settings?post=42117"}],"curies":[{"name":"wp","href":"https:\/\/api.w.org\/{rel}","templated":true}]}}