{"id":42080,"date":"2025-02-18T08:53:01","date_gmt":"2025-02-18T07:53:01","guid":{"rendered":"https:\/\/www.krafthand.de\/truck\/?p=42080"},"modified":"2025-02-18T08:57:25","modified_gmt":"2025-02-18T07:57:25","slug":"42080","status":"publish","type":"post","link":"https:\/\/www.krafthand.de\/truck\/artikel\/42080-42080\/","title":{"rendered":"Fortbildung: Promotor \u00fcbernimmt Trainings der DAT"},"content":{"rendered":"<p>Der Trainings- und Beratungsspezialist Promotor hat seit Jahresbeginn die Trainings f\u00fcr die Produkte seiner Muttergesellschaft DAT Gruppe \u00fcbernommen. Das Trainingsangebot der DAT wurde im neu geschaffenen Gesch\u00e4ftsbereich &#8218;DAT Akademie&#8216; geb\u00fcndelt und ist jetzt eine weitere S\u00e4ule des Angebotsportfolios von Promotor.<\/p>\n<blockquote><p>\u201eSeit nahezu 50 Jahren ist Promotor neben der automotive Beratung tief im Trainingsgesch\u00e4ft verwurzelt. Seit der Eingliederung unseres Hauses in die <a href=\"https:\/\/www.dat.de\" target=\"_blank\" rel=\"noopener\">DAT Gruppe<\/a> im Jahr 2020 coachen und trainieren wir die Kunden unter anderem anhand umfassender Markt- und Fahrzeugdaten der DAT Gruppe. Mit der jetzt erfolgten Integration der neu geschaffenen &#8218;DAT Akademie&#8216; haben wir die M\u00f6glichkeit, s\u00e4mtliche Trainingsangebote der DAT Gruppe aus einer Hand und in einheitlicher Qualit\u00e4t zu steuern\u201c, erkl\u00e4rt Andreas Serra, Gesch\u00e4ftsf\u00fchrer der Promotor XD GmbH.<\/p><\/blockquote>\n<h4>Schulungen f\u00fcr jeden Wissensstand<\/h4>\n<p>Im Fokus der DAT Akademie unter der F\u00fchrung von <a href=\"https:\/\/www.promotor.de\" target=\"_blank\" rel=\"noopener\">Promotor<\/a> steht ein von Grund auf neu entwickeltes &#8218;DAT Curriculum&#8216;. Hier werden die unterschiedlichsten Wissensstufen bezogen auf die verschiedenen DAT-Produkte und Anwendungen abgebildet, entsprechend zugeschnittene Schulungsangebote konzipiert und den Partnern zur Verf\u00fcgung gestellt. Die DAT Akademie erg\u00e4nzt das breit gef\u00e4cherte Promotor Trainingsportfolio f\u00fcr Automobilhersteller, -importeure, H\u00e4ndler und Sachverst\u00e4ndige. So bietet Promotor ein Full-Service-Trainingsmanagement an, das sowohl auf das jeweilige Autohaus als auch auf Hersteller- und Importeurs-Organisationen individuell zugeschnitten ist \u2013 von der Planung \u00fcber die Organisation bis hin zu Nachbereitung.<\/p>\n<p>Im Portfolio befinden sich ferner spezielle, themenbezogene Trainingsformate. Diese reichen vom Thema Verkauf, Pers\u00f6nlichkeit, \u00fcber <strong>Nutzfahrzeuge<\/strong> und Aftersales bis hin zum Thema F\u00fchrungskr\u00e4fte. Genutzt werden k\u00f6nnen die Trainings live, online im Promotor Studio, als webbasiertes Training \/ E-Learning, Videolearning, VR- \/ AR-Training, Gamification, Podcast- \/ Videocast-Training on the Job oder auch als Impulstraining.<\/p>\n<p>&nbsp;<\/p>\n","protected":false},"excerpt":{"rendered":"<p>Der Trainings- und Beratungsspezialist Promotor hat seit Jahresbeginn die Trainings f\u00fcr die Produkte seiner Muttergesellschaft DAT Gruppe \u00fcbernommen. Das Trainingsangebot der DAT wurde im neu geschaffenen Gesch\u00e4ftsbereich &#8218;DAT Akademie&#8216; geb\u00fcndelt und ist jetzt eine weitere S\u00e4ule des Angebotsportfolios von Promotor. <span class=\"excerpt-more__dots\">&#8230;<\/span> <a class=\"excerpt-more__link\" href=\"https:\/\/www.krafthand.de\/truck\/artikel\/42080-42080\/\" >weiter<\/a><\/p>\n","protected":false},"author":9,"featured_media":42085,"comment_status":"closed","ping_status":"closed","sticky":false,"template":"","format":"standard","meta":{"footnotes":""},"categories":[4324],"tags":[6178,2274,6176,6177,833,836,3630],"settings":[4766,3523],"class_list":["post-42080","post","type-post","status-publish","format-standard","has-post-thumbnail","hentry","category-schulungen-bildung","tag-andreas-serra","tag-dat","tag-fachkraeftemangel","tag-promotor","tag-schulung","tag-training","tag-weiterbildung"],"yoast_head":"<!-- This site is optimized with the Yoast SEO plugin v27.3 - https:\/\/yoast.com\/product\/yoast-seo-wordpress\/ -->\n<title>Fortbildung: Promotor \u00fcbernimmt Trainings der DAT - Krafthand-Truck<\/title>\n<meta name=\"description\" content=\"Der Trainings- und Beratungsspezialist Promotor hat die Trainings f\u00fcr die Produkte seiner Muttergesellschaft DAT Gruppe \u00fcbernommen.\" \/>\n<meta name=\"robots\" content=\"index, follow, max-snippet:-1, max-image-preview:large, max-video-preview:-1\" \/>\n<link rel=\"canonical\" href=\"https:\/\/www.krafthand.de\/truck\/artikel\/42080-42080\/\" \/>\n<meta property=\"og:locale\" content=\"de_DE\" \/>\n<meta property=\"og:type\" content=\"article\" \/>\n<meta property=\"og:title\" content=\"Fortbildung: Promotor \u00fcbernimmt Trainings der DAT - Krafthand-Truck\" \/>\n<meta property=\"og:description\" content=\"Der Trainings- und Beratungsspezialist Promotor hat die Trainings f\u00fcr die Produkte seiner Muttergesellschaft DAT Gruppe \u00fcbernommen.\" \/>\n<meta property=\"og:url\" content=\"https:\/\/www.krafthand-truck.de\/artikel\/42080-42080\/\" \/>\n<meta property=\"og:site_name\" content=\"Krafthand-Truck\" \/>\n<meta property=\"article:published_time\" content=\"2025-02-18T07:53:01+00:00\" \/>\n<meta property=\"article:modified_time\" content=\"2025-02-18T07:57:25+00:00\" \/>\n<meta property=\"og:image\" content=\"https:\/\/static.krafthand-truck.de\/uploads\/2025\/02\/Promotor_DAT_Academy_Fortbildung_Weiterbildung_Kfz_Handwerk.jpg\" \/>\n\t<meta property=\"og:image:width\" content=\"759\" \/>\n\t<meta property=\"og:image:height\" content=\"862\" \/>\n\t<meta property=\"og:image:type\" content=\"image\/jpeg\" \/>\n<meta name=\"author\" content=\"georg.blenk@krafthand-medien.de\" \/>\n<meta name=\"twitter:card\" content=\"summary_large_image\" \/>\n<meta name=\"twitter:label1\" content=\"Verfasst von\" \/>\n\t<meta name=\"twitter:data1\" content=\"georg.blenk@krafthand-medien.de\" \/>\n\t<meta name=\"twitter:label2\" content=\"Gesch\u00e4tzte Lesezeit\" \/>\n\t<meta name=\"twitter:data2\" content=\"2\u00a0Minuten\" \/>\n<script type=\"application\/ld+json\" class=\"yoast-schema-graph\">{\"@context\":\"https:\\\/\\\/schema.org\",\"@graph\":[{\"@type\":\"Article\",\"@id\":\"https:\\\/\\\/www.krafthand.de\\\/truck\\\/artikel\\\/42080-42080\\\/#article\",\"isPartOf\":{\"@id\":\"https:\\\/\\\/www.krafthand.de\\\/truck\\\/artikel\\\/42080-42080\\\/\"},\"author\":{\"name\":\"georg.blenk@krafthand-medien.de\",\"@id\":\"https:\\\/\\\/www.krafthand.de\\\/truck\\\/#\\\/schema\\\/person\\\/51fa80b1c57034c4bf63f9f988fc24ce\"},\"headline\":\"Fortbildung: Promotor \u00fcbernimmt Trainings der DAT\",\"datePublished\":\"2025-02-18T07:53:01+00:00\",\"dateModified\":\"2025-02-18T07:57:25+00:00\",\"mainEntityOfPage\":{\"@id\":\"https:\\\/\\\/www.krafthand.de\\\/truck\\\/artikel\\\/42080-42080\\\/\"},\"wordCount\":288,\"image\":{\"@id\":\"https:\\\/\\\/www.krafthand.de\\\/truck\\\/artikel\\\/42080-42080\\\/#primaryimage\"},\"thumbnailUrl\":\"https:\\\/\\\/static.krafthand-truck.de\\\/uploads\\\/2025\\\/02\\\/Promotor_DAT_Academy_Fortbildung_Weiterbildung_Kfz_Handwerk.jpg\",\"keywords\":[\"Andreas Serra\",\"DAT\",\"Fachkr\u00e4ftemangel\",\"Promotor\",\"Schulung\",\"Training\",\"Weiterbildung\"],\"articleSection\":[\"Schulungen\\\/Bildung\"],\"inLanguage\":\"de\"},{\"@type\":\"WebPage\",\"@id\":\"https:\\\/\\\/www.krafthand.de\\\/truck\\\/artikel\\\/42080-42080\\\/\",\"url\":\"https:\\\/\\\/www.krafthand.de\\\/truck\\\/artikel\\\/42080-42080\\\/\",\"name\":\"Fortbildung: Promotor \u00fcbernimmt Trainings der DAT - Krafthand-Truck\",\"isPartOf\":{\"@id\":\"https:\\\/\\\/www.krafthand.de\\\/truck\\\/#website\"},\"primaryImageOfPage\":{\"@id\":\"https:\\\/\\\/www.krafthand.de\\\/truck\\\/artikel\\\/42080-42080\\\/#primaryimage\"},\"image\":{\"@id\":\"https:\\\/\\\/www.krafthand.de\\\/truck\\\/artikel\\\/42080-42080\\\/#primaryimage\"},\"thumbnailUrl\":\"https:\\\/\\\/static.krafthand-truck.de\\\/uploads\\\/2025\\\/02\\\/Promotor_DAT_Academy_Fortbildung_Weiterbildung_Kfz_Handwerk.jpg\",\"datePublished\":\"2025-02-18T07:53:01+00:00\",\"dateModified\":\"2025-02-18T07:57:25+00:00\",\"author\":{\"@id\":\"https:\\\/\\\/www.krafthand.de\\\/truck\\\/#\\\/schema\\\/person\\\/51fa80b1c57034c4bf63f9f988fc24ce\"},\"description\":\"Der Trainings- und Beratungsspezialist Promotor hat die Trainings f\u00fcr die Produkte seiner Muttergesellschaft DAT Gruppe \u00fcbernommen.\",\"breadcrumb\":{\"@id\":\"https:\\\/\\\/www.krafthand.de\\\/truck\\\/artikel\\\/42080-42080\\\/#breadcrumb\"},\"inLanguage\":\"de\",\"potentialAction\":[{\"@type\":\"ReadAction\",\"target\":[\"https:\\\/\\\/www.krafthand.de\\\/truck\\\/artikel\\\/42080-42080\\\/\"]}]},{\"@type\":\"ImageObject\",\"inLanguage\":\"de\",\"@id\":\"https:\\\/\\\/www.krafthand.de\\\/truck\\\/artikel\\\/42080-42080\\\/#primaryimage\",\"url\":\"https:\\\/\\\/static.krafthand-truck.de\\\/uploads\\\/2025\\\/02\\\/Promotor_DAT_Academy_Fortbildung_Weiterbildung_Kfz_Handwerk.jpg\",\"contentUrl\":\"https:\\\/\\\/static.krafthand-truck.de\\\/uploads\\\/2025\\\/02\\\/Promotor_DAT_Academy_Fortbildung_Weiterbildung_Kfz_Handwerk.jpg\",\"width\":759,\"height\":862},{\"@type\":\"BreadcrumbList\",\"@id\":\"https:\\\/\\\/www.krafthand.de\\\/truck\\\/artikel\\\/42080-42080\\\/#breadcrumb\",\"itemListElement\":[{\"@type\":\"ListItem\",\"position\":1,\"name\":\"Krafthand-Truck\",\"item\":\"https:\\\/\\\/www.krafthand.de\\\/truck\\\/\"},{\"@type\":\"ListItem\",\"position\":2,\"name\":\"Nfz-Branche\",\"item\":\"https:\\\/\\\/www.krafthand.de\\\/truck\\\/kategorie\\\/branche\\\/\"},{\"@type\":\"ListItem\",\"position\":3,\"name\":\"Schulungen\\\/Bildung\",\"item\":\"https:\\\/\\\/www.krafthand.de\\\/truck\\\/kategorie\\\/branche\\\/schulungen-bildung\\\/\"},{\"@type\":\"ListItem\",\"position\":4,\"name\":\"Fortbildung: Promotor \u00fcbernimmt Trainings der DAT\"}]},{\"@type\":\"WebSite\",\"@id\":\"https:\\\/\\\/www.krafthand.de\\\/truck\\\/#website\",\"url\":\"https:\\\/\\\/www.krafthand.de\\\/truck\\\/\",\"name\":\"Krafthand-Truck\",\"description\":\"\",\"potentialAction\":[{\"@type\":\"SearchAction\",\"target\":{\"@type\":\"EntryPoint\",\"urlTemplate\":\"https:\\\/\\\/www.krafthand.de\\\/truck\\\/?s={search_term_string}\"},\"query-input\":{\"@type\":\"PropertyValueSpecification\",\"valueRequired\":true,\"valueName\":\"search_term_string\"}}],\"inLanguage\":\"de\"},{\"@type\":\"Person\",\"@id\":\"https:\\\/\\\/www.krafthand.de\\\/truck\\\/#\\\/schema\\\/person\\\/51fa80b1c57034c4bf63f9f988fc24ce\",\"name\":\"georg.blenk@krafthand-medien.de\",\"image\":{\"@type\":\"ImageObject\",\"inLanguage\":\"de\",\"@id\":\"https:\\\/\\\/secure.gravatar.com\\\/avatar\\\/93713c30affe0aa95d3a4130e499bb1abee2eb31adbdd9ce2aa1543538490215?s=96&d=mm&r=g\",\"url\":\"https:\\\/\\\/secure.gravatar.com\\\/avatar\\\/93713c30affe0aa95d3a4130e499bb1abee2eb31adbdd9ce2aa1543538490215?s=96&d=mm&r=g\",\"contentUrl\":\"https:\\\/\\\/secure.gravatar.com\\\/avatar\\\/93713c30affe0aa95d3a4130e499bb1abee2eb31adbdd9ce2aa1543538490215?s=96&d=mm&r=g\",\"caption\":\"georg.blenk@krafthand-medien.de\"}}]}<\/script>\n<!-- \/ Yoast SEO plugin. -->","yoast_head_json":{"title":"Fortbildung: Promotor \u00fcbernimmt Trainings der DAT - Krafthand-Truck","description":"Der Trainings- und Beratungsspezialist Promotor hat die Trainings f\u00fcr die Produkte seiner Muttergesellschaft DAT Gruppe \u00fcbernommen.","robots":{"index":"index","follow":"follow","max-snippet":"max-snippet:-1","max-image-preview":"max-image-preview:large","max-video-preview":"max-video-preview:-1"},"canonical":"https:\/\/www.krafthand.de\/truck\/artikel\/42080-42080\/","og_locale":"de_DE","og_type":"article","og_title":"Fortbildung: Promotor \u00fcbernimmt Trainings der DAT - Krafthand-Truck","og_description":"Der Trainings- und Beratungsspezialist Promotor hat die Trainings f\u00fcr die Produkte seiner Muttergesellschaft DAT Gruppe \u00fcbernommen.","og_url":"https:\/\/www.krafthand-truck.de\/artikel\/42080-42080\/","og_site_name":"Krafthand-Truck","article_published_time":"2025-02-18T07:53:01+00:00","article_modified_time":"2025-02-18T07:57:25+00:00","og_image":[{"width":759,"height":862,"url":"https:\/\/static.krafthand-truck.de\/uploads\/2025\/02\/Promotor_DAT_Academy_Fortbildung_Weiterbildung_Kfz_Handwerk.jpg","type":"image\/jpeg"}],"author":"georg.blenk@krafthand-medien.de","twitter_card":"summary_large_image","twitter_misc":{"Verfasst von":"georg.blenk@krafthand-medien.de","Gesch\u00e4tzte Lesezeit":"2\u00a0Minuten"},"schema":{"@context":"https:\/\/schema.org","@graph":[{"@type":"Article","@id":"https:\/\/www.krafthand.de\/truck\/artikel\/42080-42080\/#article","isPartOf":{"@id":"https:\/\/www.krafthand.de\/truck\/artikel\/42080-42080\/"},"author":{"name":"georg.blenk@krafthand-medien.de","@id":"https:\/\/www.krafthand.de\/truck\/#\/schema\/person\/51fa80b1c57034c4bf63f9f988fc24ce"},"headline":"Fortbildung: Promotor \u00fcbernimmt Trainings der DAT","datePublished":"2025-02-18T07:53:01+00:00","dateModified":"2025-02-18T07:57:25+00:00","mainEntityOfPage":{"@id":"https:\/\/www.krafthand.de\/truck\/artikel\/42080-42080\/"},"wordCount":288,"image":{"@id":"https:\/\/www.krafthand.de\/truck\/artikel\/42080-42080\/#primaryimage"},"thumbnailUrl":"https:\/\/static.krafthand-truck.de\/uploads\/2025\/02\/Promotor_DAT_Academy_Fortbildung_Weiterbildung_Kfz_Handwerk.jpg","keywords":["Andreas Serra","DAT","Fachkr\u00e4ftemangel","Promotor","Schulung","Training","Weiterbildung"],"articleSection":["Schulungen\/Bildung"],"inLanguage":"de"},{"@type":"WebPage","@id":"https:\/\/www.krafthand.de\/truck\/artikel\/42080-42080\/","url":"https:\/\/www.krafthand.de\/truck\/artikel\/42080-42080\/","name":"Fortbildung: Promotor \u00fcbernimmt Trainings der DAT - Krafthand-Truck","isPartOf":{"@id":"https:\/\/www.krafthand.de\/truck\/#website"},"primaryImageOfPage":{"@id":"https:\/\/www.krafthand.de\/truck\/artikel\/42080-42080\/#primaryimage"},"image":{"@id":"https:\/\/www.krafthand.de\/truck\/artikel\/42080-42080\/#primaryimage"},"thumbnailUrl":"https:\/\/static.krafthand-truck.de\/uploads\/2025\/02\/Promotor_DAT_Academy_Fortbildung_Weiterbildung_Kfz_Handwerk.jpg","datePublished":"2025-02-18T07:53:01+00:00","dateModified":"2025-02-18T07:57:25+00:00","author":{"@id":"https:\/\/www.krafthand.de\/truck\/#\/schema\/person\/51fa80b1c57034c4bf63f9f988fc24ce"},"description":"Der Trainings- und Beratungsspezialist Promotor hat die Trainings f\u00fcr die Produkte seiner Muttergesellschaft DAT Gruppe \u00fcbernommen.","breadcrumb":{"@id":"https:\/\/www.krafthand.de\/truck\/artikel\/42080-42080\/#breadcrumb"},"inLanguage":"de","potentialAction":[{"@type":"ReadAction","target":["https:\/\/www.krafthand.de\/truck\/artikel\/42080-42080\/"]}]},{"@type":"ImageObject","inLanguage":"de","@id":"https:\/\/www.krafthand.de\/truck\/artikel\/42080-42080\/#primaryimage","url":"https:\/\/static.krafthand-truck.de\/uploads\/2025\/02\/Promotor_DAT_Academy_Fortbildung_Weiterbildung_Kfz_Handwerk.jpg","contentUrl":"https:\/\/static.krafthand-truck.de\/uploads\/2025\/02\/Promotor_DAT_Academy_Fortbildung_Weiterbildung_Kfz_Handwerk.jpg","width":759,"height":862},{"@type":"BreadcrumbList","@id":"https:\/\/www.krafthand.de\/truck\/artikel\/42080-42080\/#breadcrumb","itemListElement":[{"@type":"ListItem","position":1,"name":"Krafthand-Truck","item":"https:\/\/www.krafthand.de\/truck\/"},{"@type":"ListItem","position":2,"name":"Nfz-Branche","item":"https:\/\/www.krafthand.de\/truck\/kategorie\/branche\/"},{"@type":"ListItem","position":3,"name":"Schulungen\/Bildung","item":"https:\/\/www.krafthand.de\/truck\/kategorie\/branche\/schulungen-bildung\/"},{"@type":"ListItem","position":4,"name":"Fortbildung: Promotor \u00fcbernimmt Trainings der DAT"}]},{"@type":"WebSite","@id":"https:\/\/www.krafthand.de\/truck\/#website","url":"https:\/\/www.krafthand.de\/truck\/","name":"Krafthand-Truck","description":"","potentialAction":[{"@type":"SearchAction","target":{"@type":"EntryPoint","urlTemplate":"https:\/\/www.krafthand.de\/truck\/?s={search_term_string}"},"query-input":{"@type":"PropertyValueSpecification","valueRequired":true,"valueName":"search_term_string"}}],"inLanguage":"de"},{"@type":"Person","@id":"https:\/\/www.krafthand.de\/truck\/#\/schema\/person\/51fa80b1c57034c4bf63f9f988fc24ce","name":"georg.blenk@krafthand-medien.de","image":{"@type":"ImageObject","inLanguage":"de","@id":"https:\/\/secure.gravatar.com\/avatar\/93713c30affe0aa95d3a4130e499bb1abee2eb31adbdd9ce2aa1543538490215?s=96&d=mm&r=g","url":"https:\/\/secure.gravatar.com\/avatar\/93713c30affe0aa95d3a4130e499bb1abee2eb31adbdd9ce2aa1543538490215?s=96&d=mm&r=g","contentUrl":"https:\/\/secure.gravatar.com\/avatar\/93713c30affe0aa95d3a4130e499bb1abee2eb31adbdd9ce2aa1543538490215?s=96&d=mm&r=g","caption":"georg.blenk@krafthand-medien.de"}}]}},"_links":{"self":[{"href":"https:\/\/www.krafthand.de\/truck\/wp-json\/wp\/v2\/posts\/42080","targetHints":{"allow":["GET"]}}],"collection":[{"href":"https:\/\/www.krafthand.de\/truck\/wp-json\/wp\/v2\/posts"}],"about":[{"href":"https:\/\/www.krafthand.de\/truck\/wp-json\/wp\/v2\/types\/post"}],"author":[{"embeddable":true,"href":"https:\/\/www.krafthand.de\/truck\/wp-json\/wp\/v2\/users\/9"}],"replies":[{"embeddable":true,"href":"https:\/\/www.krafthand.de\/truck\/wp-json\/wp\/v2\/comments?post=42080"}],"version-history":[{"count":8,"href":"https:\/\/www.krafthand.de\/truck\/wp-json\/wp\/v2\/posts\/42080\/revisions"}],"predecessor-version":[{"id":42089,"href":"https:\/\/www.krafthand.de\/truck\/wp-json\/wp\/v2\/posts\/42080\/revisions\/42089"}],"wp:featuredmedia":[{"embeddable":true,"href":"https:\/\/www.krafthand.de\/truck\/wp-json\/wp\/v2\/media\/42085"}],"wp:attachment":[{"href":"https:\/\/www.krafthand.de\/truck\/wp-json\/wp\/v2\/media?parent=42080"}],"wp:term":[{"taxonomy":"category","embeddable":true,"href":"https:\/\/www.krafthand.de\/truck\/wp-json\/wp\/v2\/categories?post=42080"},{"taxonomy":"post_tag","embeddable":true,"href":"https:\/\/www.krafthand.de\/truck\/wp-json\/wp\/v2\/tags?post=42080"},{"taxonomy":"settings","embeddable":true,"href":"https:\/\/www.krafthand.de\/truck\/wp-json\/wp\/v2\/settings?post=42080"}],"curies":[{"name":"wp","href":"https:\/\/api.w.org\/{rel}","templated":true}]}}