{"id":41935,"date":"2025-02-10T11:41:59","date_gmt":"2025-02-10T10:41:59","guid":{"rendered":"https:\/\/www.krafthand.de\/truck\/?p=41935"},"modified":"2025-02-17T08:50:50","modified_gmt":"2025-02-17T07:50:50","slug":"bewegt-uns-alle-daimler-truck-startet-plakat-aktion-in-anlehnung-an-bundestagswahl","status":"publish","type":"post","link":"https:\/\/www.krafthand.de\/truck\/artikel\/bewegt-uns-alle-daimler-truck-startet-plakat-aktion-in-anlehnung-an-bundestagswahl-41935\/","title":{"rendered":"Bewegt uns alle: Daimler-Truck startet Plakat-Aktion in Anlehnung an Bundestagswahl"},"content":{"rendered":"<p>Am 23.2. ist Bundestagswahl, Deutschland steckt im Wahlkampf. Die Stra\u00dfen sind voller Plakate. Themen, die die Gesellschaft, die Wirtschaft und das Land bewegen. Doch einige Aspekte &#8211; wie beispielsweise die Ladeinfrastruktur &#8211; scheinen unterzugehen. Dem m\u00f6chte Daimler-Truck mit einer eigenen &#8218;Plakatkampagne&#8216; etwas entgegensetzen.<\/p>\n<p>Welche Themen sind f\u00fcr die Nutzfahrzeugindustrie &#8211; quasi f\u00fcr uns alle, die wir vom Transportwesen abh\u00e4ngig sind &#8211; von entscheidender Bedeutung? Was muss passieren, damit der Transport auf der Stra\u00dfe emissionsfrei wird? Das hat sich Daimler-Truck gefragt und einige Botschaften formuliert. Herausgekommen sind acht Plakate zu den dr\u00e4ngendsten Themen f\u00fcr Lkw, Busse und die Nutzfahrzeugindustrie insgesamt. \u00dcberparteilich bunt, vielf\u00e4ltig wie unsere Gesellschaft, so die Anforderung. Bis zur Bundestagswahl am 23. Februar postet das Unternehmen die Plakate nach und nach, beispielsweise auf dem LinkedIn-Kanal von Daimler Truck. Dabei m\u00f6chte der Nutzfahrzeugbauer einordnen und Hintergr\u00fcnde liefern, Erwartungen formulieren und stellt Forderungen.<\/p>\n<blockquote>\n<figure id=\"attachment_41948\" aria-describedby=\"caption-attachment-41948\" style=\"width: 360px\" class=\"wp-caption alignleft\"><a href=\"https:\/\/static.krafthand-truck.de\/uploads\/2025\/02\/Daimler_Truck_Forderungen_an_die_Politik_2025_Ladeinfrastruktur.jpg\" target=\"_blank\" rel=\"noopener\"><img fetchpriority=\"high\" decoding=\"async\" class=\"wp-image-41948\" src=\"https:\/\/static.krafthand-truck.de\/uploads\/2025\/02\/Daimler_Truck_Forderungen_an_die_Politik_2025_Ladeinfrastruktur-286x300.jpg\" alt=\"\" width=\"360\" height=\"378\" srcset=\"https:\/\/static.krafthand-truck.de\/uploads\/2025\/02\/Daimler_Truck_Forderungen_an_die_Politik_2025_Ladeinfrastruktur-286x300.jpg 286w, https:\/\/static.krafthand-truck.de\/uploads\/2025\/02\/Daimler_Truck_Forderungen_an_die_Politik_2025_Ladeinfrastruktur-975x1024.jpg 975w, https:\/\/static.krafthand-truck.de\/uploads\/2025\/02\/Daimler_Truck_Forderungen_an_die_Politik_2025_Ladeinfrastruktur-768x806.jpg 768w, https:\/\/static.krafthand-truck.de\/uploads\/2025\/02\/Daimler_Truck_Forderungen_an_die_Politik_2025_Ladeinfrastruktur.jpg 1200w\" sizes=\"(max-width: 360px) 100vw, 360px\" \/><\/a><figcaption id=\"caption-attachment-41948\" class=\"wp-caption-text\">Die Forderungen an die Politik von Daimler-Truck im Vorfeld der Bundestagswahl 2025. Bild: Daimler-Truck\/Webseite<\/figcaption><\/figure>\n<p>\u201eFakt ist: CO2-neutrale Nutzfahrzeuge sind in Serienproduktion. Fakt ist aber auch: Die wirtschaftlichen Rahmenbedingungen f\u00fcr unsere Kunden und der viel zu langsame Ausbau der n\u00f6tigen Ladeinfrastruktur bremsen die Dekarbonisierung der Nutzfahrzeugindustrie dramatisch aus. Wenn wir das nicht \u00e4ndern, kommen auf europ\u00e4ische Nutzfahrzeughersteller drakonische Strafzahlungen zu. Denn so werden sie \u2013 ohne eigenes Verschulden \u2013 die europ\u00e4ischen CO2-Ziele f\u00fcr das Jahr 2030 nicht erreichen k\u00f6nnen. Das w\u00fcrde die Wettbewerbsf\u00e4higkeit der europ\u00e4ischen Nutzfahrzeughersteller massiv gef\u00e4hrden \u2013 zumal zunehmend au\u00dfereurop\u00e4ische Hersteller nach Europa expandieren werden&#8220;, so Andreas Gorbach, Mitglied des Vorstands der Daimler Truck AG und verantwortlich f\u00fcr die Truck-Technologie.<\/p><\/blockquote>\n<p>Worauf es jetzt ankommt, damit Nutzfahrzeuge auch in Zukunft Wirtschaft und Gesellschaft am Laufen halten, erkl\u00e4rt Daimler Truck-Technologievorstand Andreas Gorbach <a href=\"https:\/\/www.daimlertruck.com\/newsroom\/stories\/scheitern-ist-keine-option\" target=\"_blank\" rel=\"noopener\">hier<\/a> anhand von Zahlen, Daten und Fakten.\u00a0Unter dem Hashtag <strong>#BewegtUnsAlle<\/strong> l\u00e4dt Daimler Truck die \u00d6ffentlichkeit ein, zu liken, zu teilen und mitzudiskutieren. Denn nicht nur die Bundestagswahl \u2013 auch Nutzfahrzeuge bewegen uns alle.<\/p>\n<p>Anm.d.Red.: Im \u00dcbrigen geh\u00f6rt auch das Thema Fachkr\u00e4fte dazu. Wir ben\u00f6tigen Lkw-Fahrer(innen) und Lkw-Mechatroniker(innen). Vor dem Hintergrund neuer Antriebstechnologien, neuer, smarter Assistenzsysteme sowie der Digitalisierung erwarten uns \u00fcberaus spannende Perspektiven und zukunftsrelevante Aufgaben!<\/p>\n","protected":false},"excerpt":{"rendered":"<p>Am 23.2. ist Bundestagswahl, Deutschland steckt im Wahlkampf. Die Stra\u00dfen sind voller Plakate. Themen, die die Gesellschaft, die Wirtschaft und das Land bewegen. Doch einige Aspekte &#8211; wie beispielsweise die Ladeinfrastruktur &#8211; scheinen unterzugehen. Dem m\u00f6chte Daimler-Truck mit einer eigenen &#8218;Plakatkampagne&#8216; etwas entgegensetzen. <span class=\"excerpt-more__dots\">&#8230;<\/span> <a class=\"excerpt-more__link\" href=\"https:\/\/www.krafthand.de\/truck\/artikel\/bewegt-uns-alle-daimler-truck-startet-plakat-aktion-in-anlehnung-an-bundestagswahl-41935\/\" >weiter<\/a><\/p>\n","protected":false},"author":9,"featured_media":41944,"comment_status":"closed","ping_status":"closed","sticky":false,"template":"","format":"standard","meta":{"footnotes":""},"categories":[4245],"tags":[1502,6162,4492,5048,4450,4248],"settings":[3523],"class_list":["post-41935","post","type-post","status-publish","format-standard","has-post-thumbnail","hentry","category-verbaende","tag-batterie","tag-bundestagswahl","tag-daimler-truck","tag-dr-andreas-gorbach","tag-eactros","tag-ladeinfrastruktur"],"yoast_head":"<!-- This site is optimized with the Yoast SEO plugin v27.3 - https:\/\/yoast.com\/product\/yoast-seo-wordpress\/ -->\n<title>Bewegt uns alle: Daimler-Truck startet Plakat-Aktion in Anlehnung an Bundestagswahl - Krafthand-Truck<\/title>\n<meta name=\"description\" content=\"Daimler-Truck startet eigene &#039;Plakatkampagne&#039; zur Bundestagswahl - Bewegt uns alle!\" \/>\n<meta name=\"robots\" content=\"index, follow, max-snippet:-1, max-image-preview:large, max-video-preview:-1\" \/>\n<link rel=\"canonical\" href=\"https:\/\/www.krafthand.de\/truck\/artikel\/bewegt-uns-alle-daimler-truck-startet-plakat-aktion-in-anlehnung-an-bundestagswahl-41935\/\" \/>\n<meta property=\"og:locale\" content=\"de_DE\" \/>\n<meta property=\"og:type\" content=\"article\" \/>\n<meta property=\"og:title\" content=\"Bewegt uns alle: Daimler-Truck startet Plakat-Aktion in Anlehnung an Bundestagswahl - Krafthand-Truck\" \/>\n<meta property=\"og:description\" content=\"Daimler-Truck startet eigene &#039;Plakatkampagne&#039; zur Bundestagswahl - Bewegt uns alle!\" \/>\n<meta property=\"og:url\" content=\"https:\/\/www.krafthand-truck.de\/artikel\/bewegt-uns-alle-daimler-truck-startet-plakat-aktion-in-anlehnung-an-bundestagswahl-41935\/\" \/>\n<meta property=\"og:site_name\" content=\"Krafthand-Truck\" \/>\n<meta property=\"article:published_time\" content=\"2025-02-10T10:41:59+00:00\" \/>\n<meta property=\"article:modified_time\" content=\"2025-02-17T07:50:50+00:00\" \/>\n<meta property=\"og:image\" content=\"https:\/\/static.krafthand-truck.de\/uploads\/2025\/02\/Daimler_Truck_Plakataktion_Bundestagswahl_2025.jpg\" \/>\n\t<meta property=\"og:image:width\" content=\"1200\" \/>\n\t<meta property=\"og:image:height\" content=\"839\" \/>\n\t<meta property=\"og:image:type\" content=\"image\/jpeg\" \/>\n<meta name=\"author\" content=\"georg.blenk@krafthand-medien.de\" \/>\n<meta name=\"twitter:card\" content=\"summary_large_image\" \/>\n<meta name=\"twitter:label1\" content=\"Verfasst von\" \/>\n\t<meta name=\"twitter:data1\" content=\"georg.blenk@krafthand-medien.de\" \/>\n\t<meta name=\"twitter:label2\" content=\"Gesch\u00e4tzte Lesezeit\" \/>\n\t<meta name=\"twitter:data2\" content=\"2\u00a0Minuten\" \/>\n<script type=\"application\/ld+json\" class=\"yoast-schema-graph\">{\"@context\":\"https:\\\/\\\/schema.org\",\"@graph\":[{\"@type\":\"Article\",\"@id\":\"https:\\\/\\\/www.krafthand.de\\\/truck\\\/artikel\\\/bewegt-uns-alle-daimler-truck-startet-plakat-aktion-in-anlehnung-an-bundestagswahl-41935\\\/#article\",\"isPartOf\":{\"@id\":\"https:\\\/\\\/www.krafthand.de\\\/truck\\\/artikel\\\/bewegt-uns-alle-daimler-truck-startet-plakat-aktion-in-anlehnung-an-bundestagswahl-41935\\\/\"},\"author\":{\"name\":\"georg.blenk@krafthand-medien.de\",\"@id\":\"https:\\\/\\\/www.krafthand.de\\\/truck\\\/#\\\/schema\\\/person\\\/51fa80b1c57034c4bf63f9f988fc24ce\"},\"headline\":\"Bewegt uns alle: Daimler-Truck startet Plakat-Aktion in Anlehnung an Bundestagswahl\",\"datePublished\":\"2025-02-10T10:41:59+00:00\",\"dateModified\":\"2025-02-17T07:50:50+00:00\",\"mainEntityOfPage\":{\"@id\":\"https:\\\/\\\/www.krafthand.de\\\/truck\\\/artikel\\\/bewegt-uns-alle-daimler-truck-startet-plakat-aktion-in-anlehnung-an-bundestagswahl-41935\\\/\"},\"wordCount\":385,\"image\":{\"@id\":\"https:\\\/\\\/www.krafthand.de\\\/truck\\\/artikel\\\/bewegt-uns-alle-daimler-truck-startet-plakat-aktion-in-anlehnung-an-bundestagswahl-41935\\\/#primaryimage\"},\"thumbnailUrl\":\"https:\\\/\\\/static.krafthand-truck.de\\\/uploads\\\/2025\\\/02\\\/Daimler_Truck_Plakataktion_Bundestagswahl_2025.jpg\",\"keywords\":[\"Batterie\",\"Bundestagswahl\",\"Daimler Truck\",\"Dr. Andreas Gorbach\",\"eActros\",\"Ladeinfrastruktur\"],\"articleSection\":[\"Verb\u00e4nde\\\/Politik\\\/Recht\"],\"inLanguage\":\"de\"},{\"@type\":\"WebPage\",\"@id\":\"https:\\\/\\\/www.krafthand.de\\\/truck\\\/artikel\\\/bewegt-uns-alle-daimler-truck-startet-plakat-aktion-in-anlehnung-an-bundestagswahl-41935\\\/\",\"url\":\"https:\\\/\\\/www.krafthand.de\\\/truck\\\/artikel\\\/bewegt-uns-alle-daimler-truck-startet-plakat-aktion-in-anlehnung-an-bundestagswahl-41935\\\/\",\"name\":\"Bewegt uns alle: Daimler-Truck startet Plakat-Aktion in Anlehnung an Bundestagswahl - Krafthand-Truck\",\"isPartOf\":{\"@id\":\"https:\\\/\\\/www.krafthand.de\\\/truck\\\/#website\"},\"primaryImageOfPage\":{\"@id\":\"https:\\\/\\\/www.krafthand.de\\\/truck\\\/artikel\\\/bewegt-uns-alle-daimler-truck-startet-plakat-aktion-in-anlehnung-an-bundestagswahl-41935\\\/#primaryimage\"},\"image\":{\"@id\":\"https:\\\/\\\/www.krafthand.de\\\/truck\\\/artikel\\\/bewegt-uns-alle-daimler-truck-startet-plakat-aktion-in-anlehnung-an-bundestagswahl-41935\\\/#primaryimage\"},\"thumbnailUrl\":\"https:\\\/\\\/static.krafthand-truck.de\\\/uploads\\\/2025\\\/02\\\/Daimler_Truck_Plakataktion_Bundestagswahl_2025.jpg\",\"datePublished\":\"2025-02-10T10:41:59+00:00\",\"dateModified\":\"2025-02-17T07:50:50+00:00\",\"author\":{\"@id\":\"https:\\\/\\\/www.krafthand.de\\\/truck\\\/#\\\/schema\\\/person\\\/51fa80b1c57034c4bf63f9f988fc24ce\"},\"description\":\"Daimler-Truck startet eigene 'Plakatkampagne' zur Bundestagswahl - Bewegt uns alle!\",\"breadcrumb\":{\"@id\":\"https:\\\/\\\/www.krafthand.de\\\/truck\\\/artikel\\\/bewegt-uns-alle-daimler-truck-startet-plakat-aktion-in-anlehnung-an-bundestagswahl-41935\\\/#breadcrumb\"},\"inLanguage\":\"de\",\"potentialAction\":[{\"@type\":\"ReadAction\",\"target\":[\"https:\\\/\\\/www.krafthand.de\\\/truck\\\/artikel\\\/bewegt-uns-alle-daimler-truck-startet-plakat-aktion-in-anlehnung-an-bundestagswahl-41935\\\/\"]}]},{\"@type\":\"ImageObject\",\"inLanguage\":\"de\",\"@id\":\"https:\\\/\\\/www.krafthand.de\\\/truck\\\/artikel\\\/bewegt-uns-alle-daimler-truck-startet-plakat-aktion-in-anlehnung-an-bundestagswahl-41935\\\/#primaryimage\",\"url\":\"https:\\\/\\\/static.krafthand-truck.de\\\/uploads\\\/2025\\\/02\\\/Daimler_Truck_Plakataktion_Bundestagswahl_2025.jpg\",\"contentUrl\":\"https:\\\/\\\/static.krafthand-truck.de\\\/uploads\\\/2025\\\/02\\\/Daimler_Truck_Plakataktion_Bundestagswahl_2025.jpg\",\"width\":1200,\"height\":839},{\"@type\":\"BreadcrumbList\",\"@id\":\"https:\\\/\\\/www.krafthand.de\\\/truck\\\/artikel\\\/bewegt-uns-alle-daimler-truck-startet-plakat-aktion-in-anlehnung-an-bundestagswahl-41935\\\/#breadcrumb\",\"itemListElement\":[{\"@type\":\"ListItem\",\"position\":1,\"name\":\"Krafthand-Truck\",\"item\":\"https:\\\/\\\/www.krafthand.de\\\/truck\\\/\"},{\"@type\":\"ListItem\",\"position\":2,\"name\":\"Nfz-Branche\",\"item\":\"https:\\\/\\\/www.krafthand.de\\\/truck\\\/kategorie\\\/branche\\\/\"},{\"@type\":\"ListItem\",\"position\":3,\"name\":\"Verb\u00e4nde\\\/Politik\\\/Recht\",\"item\":\"https:\\\/\\\/www.krafthand.de\\\/truck\\\/kategorie\\\/branche\\\/verbaende\\\/\"},{\"@type\":\"ListItem\",\"position\":4,\"name\":\"Bewegt uns alle: Daimler-Truck startet Plakat-Aktion in Anlehnung an Bundestagswahl\"}]},{\"@type\":\"WebSite\",\"@id\":\"https:\\\/\\\/www.krafthand.de\\\/truck\\\/#website\",\"url\":\"https:\\\/\\\/www.krafthand.de\\\/truck\\\/\",\"name\":\"Krafthand-Truck\",\"description\":\"\",\"potentialAction\":[{\"@type\":\"SearchAction\",\"target\":{\"@type\":\"EntryPoint\",\"urlTemplate\":\"https:\\\/\\\/www.krafthand.de\\\/truck\\\/?s={search_term_string}\"},\"query-input\":{\"@type\":\"PropertyValueSpecification\",\"valueRequired\":true,\"valueName\":\"search_term_string\"}}],\"inLanguage\":\"de\"},{\"@type\":\"Person\",\"@id\":\"https:\\\/\\\/www.krafthand.de\\\/truck\\\/#\\\/schema\\\/person\\\/51fa80b1c57034c4bf63f9f988fc24ce\",\"name\":\"georg.blenk@krafthand-medien.de\",\"image\":{\"@type\":\"ImageObject\",\"inLanguage\":\"de\",\"@id\":\"https:\\\/\\\/secure.gravatar.com\\\/avatar\\\/93713c30affe0aa95d3a4130e499bb1abee2eb31adbdd9ce2aa1543538490215?s=96&d=mm&r=g\",\"url\":\"https:\\\/\\\/secure.gravatar.com\\\/avatar\\\/93713c30affe0aa95d3a4130e499bb1abee2eb31adbdd9ce2aa1543538490215?s=96&d=mm&r=g\",\"contentUrl\":\"https:\\\/\\\/secure.gravatar.com\\\/avatar\\\/93713c30affe0aa95d3a4130e499bb1abee2eb31adbdd9ce2aa1543538490215?s=96&d=mm&r=g\",\"caption\":\"georg.blenk@krafthand-medien.de\"}}]}<\/script>\n<!-- \/ Yoast SEO plugin. -->","yoast_head_json":{"title":"Bewegt uns alle: Daimler-Truck startet Plakat-Aktion in Anlehnung an Bundestagswahl - Krafthand-Truck","description":"Daimler-Truck startet eigene 'Plakatkampagne' zur Bundestagswahl - Bewegt uns alle!","robots":{"index":"index","follow":"follow","max-snippet":"max-snippet:-1","max-image-preview":"max-image-preview:large","max-video-preview":"max-video-preview:-1"},"canonical":"https:\/\/www.krafthand.de\/truck\/artikel\/bewegt-uns-alle-daimler-truck-startet-plakat-aktion-in-anlehnung-an-bundestagswahl-41935\/","og_locale":"de_DE","og_type":"article","og_title":"Bewegt uns alle: Daimler-Truck startet Plakat-Aktion in Anlehnung an Bundestagswahl - Krafthand-Truck","og_description":"Daimler-Truck startet eigene 'Plakatkampagne' zur Bundestagswahl - Bewegt uns alle!","og_url":"https:\/\/www.krafthand-truck.de\/artikel\/bewegt-uns-alle-daimler-truck-startet-plakat-aktion-in-anlehnung-an-bundestagswahl-41935\/","og_site_name":"Krafthand-Truck","article_published_time":"2025-02-10T10:41:59+00:00","article_modified_time":"2025-02-17T07:50:50+00:00","og_image":[{"width":1200,"height":839,"url":"https:\/\/static.krafthand-truck.de\/uploads\/2025\/02\/Daimler_Truck_Plakataktion_Bundestagswahl_2025.jpg","type":"image\/jpeg"}],"author":"georg.blenk@krafthand-medien.de","twitter_card":"summary_large_image","twitter_misc":{"Verfasst von":"georg.blenk@krafthand-medien.de","Gesch\u00e4tzte Lesezeit":"2\u00a0Minuten"},"schema":{"@context":"https:\/\/schema.org","@graph":[{"@type":"Article","@id":"https:\/\/www.krafthand.de\/truck\/artikel\/bewegt-uns-alle-daimler-truck-startet-plakat-aktion-in-anlehnung-an-bundestagswahl-41935\/#article","isPartOf":{"@id":"https:\/\/www.krafthand.de\/truck\/artikel\/bewegt-uns-alle-daimler-truck-startet-plakat-aktion-in-anlehnung-an-bundestagswahl-41935\/"},"author":{"name":"georg.blenk@krafthand-medien.de","@id":"https:\/\/www.krafthand.de\/truck\/#\/schema\/person\/51fa80b1c57034c4bf63f9f988fc24ce"},"headline":"Bewegt uns alle: Daimler-Truck startet Plakat-Aktion in Anlehnung an Bundestagswahl","datePublished":"2025-02-10T10:41:59+00:00","dateModified":"2025-02-17T07:50:50+00:00","mainEntityOfPage":{"@id":"https:\/\/www.krafthand.de\/truck\/artikel\/bewegt-uns-alle-daimler-truck-startet-plakat-aktion-in-anlehnung-an-bundestagswahl-41935\/"},"wordCount":385,"image":{"@id":"https:\/\/www.krafthand.de\/truck\/artikel\/bewegt-uns-alle-daimler-truck-startet-plakat-aktion-in-anlehnung-an-bundestagswahl-41935\/#primaryimage"},"thumbnailUrl":"https:\/\/static.krafthand-truck.de\/uploads\/2025\/02\/Daimler_Truck_Plakataktion_Bundestagswahl_2025.jpg","keywords":["Batterie","Bundestagswahl","Daimler Truck","Dr. Andreas Gorbach","eActros","Ladeinfrastruktur"],"articleSection":["Verb\u00e4nde\/Politik\/Recht"],"inLanguage":"de"},{"@type":"WebPage","@id":"https:\/\/www.krafthand.de\/truck\/artikel\/bewegt-uns-alle-daimler-truck-startet-plakat-aktion-in-anlehnung-an-bundestagswahl-41935\/","url":"https:\/\/www.krafthand.de\/truck\/artikel\/bewegt-uns-alle-daimler-truck-startet-plakat-aktion-in-anlehnung-an-bundestagswahl-41935\/","name":"Bewegt uns alle: Daimler-Truck startet Plakat-Aktion in Anlehnung an Bundestagswahl - Krafthand-Truck","isPartOf":{"@id":"https:\/\/www.krafthand.de\/truck\/#website"},"primaryImageOfPage":{"@id":"https:\/\/www.krafthand.de\/truck\/artikel\/bewegt-uns-alle-daimler-truck-startet-plakat-aktion-in-anlehnung-an-bundestagswahl-41935\/#primaryimage"},"image":{"@id":"https:\/\/www.krafthand.de\/truck\/artikel\/bewegt-uns-alle-daimler-truck-startet-plakat-aktion-in-anlehnung-an-bundestagswahl-41935\/#primaryimage"},"thumbnailUrl":"https:\/\/static.krafthand-truck.de\/uploads\/2025\/02\/Daimler_Truck_Plakataktion_Bundestagswahl_2025.jpg","datePublished":"2025-02-10T10:41:59+00:00","dateModified":"2025-02-17T07:50:50+00:00","author":{"@id":"https:\/\/www.krafthand.de\/truck\/#\/schema\/person\/51fa80b1c57034c4bf63f9f988fc24ce"},"description":"Daimler-Truck startet eigene 'Plakatkampagne' zur Bundestagswahl - Bewegt uns alle!","breadcrumb":{"@id":"https:\/\/www.krafthand.de\/truck\/artikel\/bewegt-uns-alle-daimler-truck-startet-plakat-aktion-in-anlehnung-an-bundestagswahl-41935\/#breadcrumb"},"inLanguage":"de","potentialAction":[{"@type":"ReadAction","target":["https:\/\/www.krafthand.de\/truck\/artikel\/bewegt-uns-alle-daimler-truck-startet-plakat-aktion-in-anlehnung-an-bundestagswahl-41935\/"]}]},{"@type":"ImageObject","inLanguage":"de","@id":"https:\/\/www.krafthand.de\/truck\/artikel\/bewegt-uns-alle-daimler-truck-startet-plakat-aktion-in-anlehnung-an-bundestagswahl-41935\/#primaryimage","url":"https:\/\/static.krafthand-truck.de\/uploads\/2025\/02\/Daimler_Truck_Plakataktion_Bundestagswahl_2025.jpg","contentUrl":"https:\/\/static.krafthand-truck.de\/uploads\/2025\/02\/Daimler_Truck_Plakataktion_Bundestagswahl_2025.jpg","width":1200,"height":839},{"@type":"BreadcrumbList","@id":"https:\/\/www.krafthand.de\/truck\/artikel\/bewegt-uns-alle-daimler-truck-startet-plakat-aktion-in-anlehnung-an-bundestagswahl-41935\/#breadcrumb","itemListElement":[{"@type":"ListItem","position":1,"name":"Krafthand-Truck","item":"https:\/\/www.krafthand.de\/truck\/"},{"@type":"ListItem","position":2,"name":"Nfz-Branche","item":"https:\/\/www.krafthand.de\/truck\/kategorie\/branche\/"},{"@type":"ListItem","position":3,"name":"Verb\u00e4nde\/Politik\/Recht","item":"https:\/\/www.krafthand.de\/truck\/kategorie\/branche\/verbaende\/"},{"@type":"ListItem","position":4,"name":"Bewegt uns alle: Daimler-Truck startet Plakat-Aktion in Anlehnung an Bundestagswahl"}]},{"@type":"WebSite","@id":"https:\/\/www.krafthand.de\/truck\/#website","url":"https:\/\/www.krafthand.de\/truck\/","name":"Krafthand-Truck","description":"","potentialAction":[{"@type":"SearchAction","target":{"@type":"EntryPoint","urlTemplate":"https:\/\/www.krafthand.de\/truck\/?s={search_term_string}"},"query-input":{"@type":"PropertyValueSpecification","valueRequired":true,"valueName":"search_term_string"}}],"inLanguage":"de"},{"@type":"Person","@id":"https:\/\/www.krafthand.de\/truck\/#\/schema\/person\/51fa80b1c57034c4bf63f9f988fc24ce","name":"georg.blenk@krafthand-medien.de","image":{"@type":"ImageObject","inLanguage":"de","@id":"https:\/\/secure.gravatar.com\/avatar\/93713c30affe0aa95d3a4130e499bb1abee2eb31adbdd9ce2aa1543538490215?s=96&d=mm&r=g","url":"https:\/\/secure.gravatar.com\/avatar\/93713c30affe0aa95d3a4130e499bb1abee2eb31adbdd9ce2aa1543538490215?s=96&d=mm&r=g","contentUrl":"https:\/\/secure.gravatar.com\/avatar\/93713c30affe0aa95d3a4130e499bb1abee2eb31adbdd9ce2aa1543538490215?s=96&d=mm&r=g","caption":"georg.blenk@krafthand-medien.de"}}]}},"_links":{"self":[{"href":"https:\/\/www.krafthand.de\/truck\/wp-json\/wp\/v2\/posts\/41935","targetHints":{"allow":["GET"]}}],"collection":[{"href":"https:\/\/www.krafthand.de\/truck\/wp-json\/wp\/v2\/posts"}],"about":[{"href":"https:\/\/www.krafthand.de\/truck\/wp-json\/wp\/v2\/types\/post"}],"author":[{"embeddable":true,"href":"https:\/\/www.krafthand.de\/truck\/wp-json\/wp\/v2\/users\/9"}],"replies":[{"embeddable":true,"href":"https:\/\/www.krafthand.de\/truck\/wp-json\/wp\/v2\/comments?post=41935"}],"version-history":[{"count":15,"href":"https:\/\/www.krafthand.de\/truck\/wp-json\/wp\/v2\/posts\/41935\/revisions"}],"predecessor-version":[{"id":41953,"href":"https:\/\/www.krafthand.de\/truck\/wp-json\/wp\/v2\/posts\/41935\/revisions\/41953"}],"wp:featuredmedia":[{"embeddable":true,"href":"https:\/\/www.krafthand.de\/truck\/wp-json\/wp\/v2\/media\/41944"}],"wp:attachment":[{"href":"https:\/\/www.krafthand.de\/truck\/wp-json\/wp\/v2\/media?parent=41935"}],"wp:term":[{"taxonomy":"category","embeddable":true,"href":"https:\/\/www.krafthand.de\/truck\/wp-json\/wp\/v2\/categories?post=41935"},{"taxonomy":"post_tag","embeddable":true,"href":"https:\/\/www.krafthand.de\/truck\/wp-json\/wp\/v2\/tags?post=41935"},{"taxonomy":"settings","embeddable":true,"href":"https:\/\/www.krafthand.de\/truck\/wp-json\/wp\/v2\/settings?post=41935"}],"curies":[{"name":"wp","href":"https:\/\/api.w.org\/{rel}","templated":true}]}}