{"id":41927,"date":"2025-02-07T11:22:22","date_gmt":"2025-02-07T10:22:22","guid":{"rendered":"https:\/\/www.krafthand.de\/truck\/?p=41927"},"modified":"2025-02-07T11:26:33","modified_gmt":"2025-02-07T10:26:33","slug":"neue-lkw-turbolader-fuer-den-aftermarket-von-borgwarner","status":"publish","type":"post","link":"https:\/\/www.krafthand.de\/truck\/artikel\/neue-lkw-turbolader-fuer-den-aftermarket-von-borgwarner-41927\/","title":{"rendered":"Neue Lkw-Turbolader f\u00fcr den Aftermarket von BorgWarner"},"content":{"rendered":"<p>BorgWarner hat sein Aftermarket-Portfolio um f\u00fcnf neue Turbolader f\u00fcr Nutzfahrzeuge erweitert. Die Turbos sind die selben, wie sie <a href=\"https:\/\/www.borgwarner.com\/de\/aftermarket\/boosting-technologies\" target=\"_blank\" rel=\"noopener\">BorgWarner<\/a> auch als Erstausr\u00fcstungsteil an die Motorenhersteller liefert.<\/p>\n<h4>Folgende Fahrzeuge\/Motore werden abgedeckt:<\/h4>\n<ul>\n<li>Mercedes-Benz Citaro ab Baujahr 2016, Motor: M936LAG CNG, 7,7 222 kW<\/li>\n<li>Mercedes-Benz Econic, Actros, ab Baujahr 2015, Motor: M936LAG CNG, 7,7 222 kW<\/li>\n<li>AGCO-Sisu Tractor\/Combine, ab Baujahr 2016, Motor: 84CTA Tier3b, 8,4, 187 &#8211; 305 kW<\/li>\n<li>FPT Industrial Agri, Construct., Industr. , ab Baujahr 2020, Motor: F5C Stage V 3,4 &lt;= 56 kW<\/li>\n<li>MAN Truck, ab Baujahr 2015, Motor: D2676LF Euro 5, 12,4 397 kW<\/li>\n<\/ul>\n","protected":false},"excerpt":{"rendered":"<p>BorgWarner hat sein Aftermarket-Portfolio um f\u00fcnf neue Turbolader f\u00fcr Nutzfahrzeuge erweitert. Die Turbos sind die selben, wie sie BorgWarner auch als Erstausr\u00fcstungsteil an die Motorenhersteller liefert. <span class=\"excerpt-more__dots\">&#8230;<\/span> <a class=\"excerpt-more__link\" href=\"https:\/\/www.krafthand.de\/truck\/artikel\/neue-lkw-turbolader-fuer-den-aftermarket-von-borgwarner-41927\/\" >weiter<\/a><\/p>\n","protected":false},"author":9,"featured_media":41930,"comment_status":"closed","ping_status":"closed","sticky":false,"template":"","format":"standard","meta":{"footnotes":""},"categories":[4223,4912],"tags":[3192,367],"settings":[4766,3523],"class_list":["post-41927","post","type-post","status-publish","format-standard","has-post-thumbnail","hentry","category-antrieb","category-ersatzteile-zubehoer","tag-borgwarner","tag-turbolader"],"yoast_head":"<!-- This site is optimized with the Yoast SEO plugin v27.3 - https:\/\/yoast.com\/product\/yoast-seo-wordpress\/ -->\n<title>Neue Lkw-Turbolader f\u00fcr den Aftermarket von BorgWarner - Krafthand-Truck<\/title>\n<meta name=\"description\" content=\"BorgWarner hat sein Aftermarket-Portfolio um f\u00fcnf neue Turbolader f\u00fcr Nutzfahrzeuge erweitert.\" \/>\n<meta name=\"robots\" content=\"index, follow, max-snippet:-1, max-image-preview:large, max-video-preview:-1\" \/>\n<link rel=\"canonical\" href=\"https:\/\/www.krafthand.de\/truck\/artikel\/neue-lkw-turbolader-fuer-den-aftermarket-von-borgwarner-41927\/\" \/>\n<meta property=\"og:locale\" content=\"de_DE\" \/>\n<meta property=\"og:type\" content=\"article\" \/>\n<meta property=\"og:title\" content=\"Neue Lkw-Turbolader f\u00fcr den Aftermarket von BorgWarner - Krafthand-Truck\" \/>\n<meta property=\"og:description\" content=\"BorgWarner hat sein Aftermarket-Portfolio um f\u00fcnf neue Turbolader f\u00fcr Nutzfahrzeuge erweitert.\" \/>\n<meta property=\"og:url\" content=\"https:\/\/www.krafthand-truck.de\/artikel\/neue-lkw-turbolader-fuer-den-aftermarket-von-borgwarner-41927\/\" \/>\n<meta property=\"og:site_name\" content=\"Krafthand-Truck\" \/>\n<meta property=\"article:published_time\" content=\"2025-02-07T10:22:22+00:00\" \/>\n<meta property=\"article:modified_time\" content=\"2025-02-07T10:26:33+00:00\" \/>\n<meta property=\"og:image\" content=\"https:\/\/static.krafthand-truck.de\/uploads\/2025\/02\/BorgWarner_neue_Turbolader_fuer_Lkw.jpg\" \/>\n\t<meta property=\"og:image:width\" content=\"1200\" \/>\n\t<meta property=\"og:image:height\" content=\"723\" \/>\n\t<meta property=\"og:image:type\" content=\"image\/jpeg\" \/>\n<meta name=\"author\" content=\"georg.blenk@krafthand-medien.de\" \/>\n<meta name=\"twitter:card\" content=\"summary_large_image\" \/>\n<meta name=\"twitter:label1\" content=\"Verfasst von\" \/>\n\t<meta name=\"twitter:data1\" content=\"georg.blenk@krafthand-medien.de\" \/>\n\t<meta name=\"twitter:label2\" content=\"Gesch\u00e4tzte Lesezeit\" \/>\n\t<meta name=\"twitter:data2\" content=\"1\u00a0Minute\" \/>\n<script type=\"application\/ld+json\" class=\"yoast-schema-graph\">{\"@context\":\"https:\\\/\\\/schema.org\",\"@graph\":[{\"@type\":\"Article\",\"@id\":\"https:\\\/\\\/www.krafthand.de\\\/truck\\\/artikel\\\/neue-lkw-turbolader-fuer-den-aftermarket-von-borgwarner-41927\\\/#article\",\"isPartOf\":{\"@id\":\"https:\\\/\\\/www.krafthand.de\\\/truck\\\/artikel\\\/neue-lkw-turbolader-fuer-den-aftermarket-von-borgwarner-41927\\\/\"},\"author\":{\"name\":\"georg.blenk@krafthand-medien.de\",\"@id\":\"https:\\\/\\\/www.krafthand.de\\\/truck\\\/#\\\/schema\\\/person\\\/51fa80b1c57034c4bf63f9f988fc24ce\"},\"headline\":\"Neue Lkw-Turbolader f\u00fcr den Aftermarket von BorgWarner\",\"datePublished\":\"2025-02-07T10:22:22+00:00\",\"dateModified\":\"2025-02-07T10:26:33+00:00\",\"mainEntityOfPage\":{\"@id\":\"https:\\\/\\\/www.krafthand.de\\\/truck\\\/artikel\\\/neue-lkw-turbolader-fuer-den-aftermarket-von-borgwarner-41927\\\/\"},\"wordCount\":95,\"image\":{\"@id\":\"https:\\\/\\\/www.krafthand.de\\\/truck\\\/artikel\\\/neue-lkw-turbolader-fuer-den-aftermarket-von-borgwarner-41927\\\/#primaryimage\"},\"thumbnailUrl\":\"https:\\\/\\\/static.krafthand-truck.de\\\/uploads\\\/2025\\\/02\\\/BorgWarner_neue_Turbolader_fuer_Lkw.jpg\",\"keywords\":[\"BorgWarner\",\"Turbolader\"],\"articleSection\":[\"Antrieb (Motor\\\/Getriebe)\",\"Ersatzteile\\\/Zubeh\u00f6r\"],\"inLanguage\":\"de\"},{\"@type\":\"WebPage\",\"@id\":\"https:\\\/\\\/www.krafthand.de\\\/truck\\\/artikel\\\/neue-lkw-turbolader-fuer-den-aftermarket-von-borgwarner-41927\\\/\",\"url\":\"https:\\\/\\\/www.krafthand.de\\\/truck\\\/artikel\\\/neue-lkw-turbolader-fuer-den-aftermarket-von-borgwarner-41927\\\/\",\"name\":\"Neue Lkw-Turbolader f\u00fcr den Aftermarket von BorgWarner - Krafthand-Truck\",\"isPartOf\":{\"@id\":\"https:\\\/\\\/www.krafthand.de\\\/truck\\\/#website\"},\"primaryImageOfPage\":{\"@id\":\"https:\\\/\\\/www.krafthand.de\\\/truck\\\/artikel\\\/neue-lkw-turbolader-fuer-den-aftermarket-von-borgwarner-41927\\\/#primaryimage\"},\"image\":{\"@id\":\"https:\\\/\\\/www.krafthand.de\\\/truck\\\/artikel\\\/neue-lkw-turbolader-fuer-den-aftermarket-von-borgwarner-41927\\\/#primaryimage\"},\"thumbnailUrl\":\"https:\\\/\\\/static.krafthand-truck.de\\\/uploads\\\/2025\\\/02\\\/BorgWarner_neue_Turbolader_fuer_Lkw.jpg\",\"datePublished\":\"2025-02-07T10:22:22+00:00\",\"dateModified\":\"2025-02-07T10:26:33+00:00\",\"author\":{\"@id\":\"https:\\\/\\\/www.krafthand.de\\\/truck\\\/#\\\/schema\\\/person\\\/51fa80b1c57034c4bf63f9f988fc24ce\"},\"description\":\"BorgWarner hat sein Aftermarket-Portfolio um f\u00fcnf neue Turbolader f\u00fcr Nutzfahrzeuge erweitert.\",\"breadcrumb\":{\"@id\":\"https:\\\/\\\/www.krafthand.de\\\/truck\\\/artikel\\\/neue-lkw-turbolader-fuer-den-aftermarket-von-borgwarner-41927\\\/#breadcrumb\"},\"inLanguage\":\"de\",\"potentialAction\":[{\"@type\":\"ReadAction\",\"target\":[\"https:\\\/\\\/www.krafthand.de\\\/truck\\\/artikel\\\/neue-lkw-turbolader-fuer-den-aftermarket-von-borgwarner-41927\\\/\"]}]},{\"@type\":\"ImageObject\",\"inLanguage\":\"de\",\"@id\":\"https:\\\/\\\/www.krafthand.de\\\/truck\\\/artikel\\\/neue-lkw-turbolader-fuer-den-aftermarket-von-borgwarner-41927\\\/#primaryimage\",\"url\":\"https:\\\/\\\/static.krafthand-truck.de\\\/uploads\\\/2025\\\/02\\\/BorgWarner_neue_Turbolader_fuer_Lkw.jpg\",\"contentUrl\":\"https:\\\/\\\/static.krafthand-truck.de\\\/uploads\\\/2025\\\/02\\\/BorgWarner_neue_Turbolader_fuer_Lkw.jpg\",\"width\":1200,\"height\":723},{\"@type\":\"BreadcrumbList\",\"@id\":\"https:\\\/\\\/www.krafthand.de\\\/truck\\\/artikel\\\/neue-lkw-turbolader-fuer-den-aftermarket-von-borgwarner-41927\\\/#breadcrumb\",\"itemListElement\":[{\"@type\":\"ListItem\",\"position\":1,\"name\":\"Krafthand-Truck\",\"item\":\"https:\\\/\\\/www.krafthand.de\\\/truck\\\/\"},{\"@type\":\"ListItem\",\"position\":2,\"name\":\"Nfz-Service\",\"item\":\"https:\\\/\\\/www.krafthand.de\\\/truck\\\/kategorie\\\/nfz-service\\\/\"},{\"@type\":\"ListItem\",\"position\":3,\"name\":\"Ersatzteile\\\/Zubeh\u00f6r\",\"item\":\"https:\\\/\\\/www.krafthand.de\\\/truck\\\/kategorie\\\/nfz-service\\\/ersatzteile-zubehoer\\\/\"},{\"@type\":\"ListItem\",\"position\":4,\"name\":\"Neue Lkw-Turbolader f\u00fcr den Aftermarket von BorgWarner\"}]},{\"@type\":\"WebSite\",\"@id\":\"https:\\\/\\\/www.krafthand.de\\\/truck\\\/#website\",\"url\":\"https:\\\/\\\/www.krafthand.de\\\/truck\\\/\",\"name\":\"Krafthand-Truck\",\"description\":\"\",\"potentialAction\":[{\"@type\":\"SearchAction\",\"target\":{\"@type\":\"EntryPoint\",\"urlTemplate\":\"https:\\\/\\\/www.krafthand.de\\\/truck\\\/?s={search_term_string}\"},\"query-input\":{\"@type\":\"PropertyValueSpecification\",\"valueRequired\":true,\"valueName\":\"search_term_string\"}}],\"inLanguage\":\"de\"},{\"@type\":\"Person\",\"@id\":\"https:\\\/\\\/www.krafthand.de\\\/truck\\\/#\\\/schema\\\/person\\\/51fa80b1c57034c4bf63f9f988fc24ce\",\"name\":\"georg.blenk@krafthand-medien.de\",\"image\":{\"@type\":\"ImageObject\",\"inLanguage\":\"de\",\"@id\":\"https:\\\/\\\/secure.gravatar.com\\\/avatar\\\/93713c30affe0aa95d3a4130e499bb1abee2eb31adbdd9ce2aa1543538490215?s=96&d=mm&r=g\",\"url\":\"https:\\\/\\\/secure.gravatar.com\\\/avatar\\\/93713c30affe0aa95d3a4130e499bb1abee2eb31adbdd9ce2aa1543538490215?s=96&d=mm&r=g\",\"contentUrl\":\"https:\\\/\\\/secure.gravatar.com\\\/avatar\\\/93713c30affe0aa95d3a4130e499bb1abee2eb31adbdd9ce2aa1543538490215?s=96&d=mm&r=g\",\"caption\":\"georg.blenk@krafthand-medien.de\"}}]}<\/script>\n<!-- \/ Yoast SEO plugin. -->","yoast_head_json":{"title":"Neue Lkw-Turbolader f\u00fcr den Aftermarket von BorgWarner - Krafthand-Truck","description":"BorgWarner hat sein Aftermarket-Portfolio um f\u00fcnf neue Turbolader f\u00fcr Nutzfahrzeuge erweitert.","robots":{"index":"index","follow":"follow","max-snippet":"max-snippet:-1","max-image-preview":"max-image-preview:large","max-video-preview":"max-video-preview:-1"},"canonical":"https:\/\/www.krafthand.de\/truck\/artikel\/neue-lkw-turbolader-fuer-den-aftermarket-von-borgwarner-41927\/","og_locale":"de_DE","og_type":"article","og_title":"Neue Lkw-Turbolader f\u00fcr den Aftermarket von BorgWarner - Krafthand-Truck","og_description":"BorgWarner hat sein Aftermarket-Portfolio um f\u00fcnf neue Turbolader f\u00fcr Nutzfahrzeuge erweitert.","og_url":"https:\/\/www.krafthand-truck.de\/artikel\/neue-lkw-turbolader-fuer-den-aftermarket-von-borgwarner-41927\/","og_site_name":"Krafthand-Truck","article_published_time":"2025-02-07T10:22:22+00:00","article_modified_time":"2025-02-07T10:26:33+00:00","og_image":[{"width":1200,"height":723,"url":"https:\/\/static.krafthand-truck.de\/uploads\/2025\/02\/BorgWarner_neue_Turbolader_fuer_Lkw.jpg","type":"image\/jpeg"}],"author":"georg.blenk@krafthand-medien.de","twitter_card":"summary_large_image","twitter_misc":{"Verfasst von":"georg.blenk@krafthand-medien.de","Gesch\u00e4tzte Lesezeit":"1\u00a0Minute"},"schema":{"@context":"https:\/\/schema.org","@graph":[{"@type":"Article","@id":"https:\/\/www.krafthand.de\/truck\/artikel\/neue-lkw-turbolader-fuer-den-aftermarket-von-borgwarner-41927\/#article","isPartOf":{"@id":"https:\/\/www.krafthand.de\/truck\/artikel\/neue-lkw-turbolader-fuer-den-aftermarket-von-borgwarner-41927\/"},"author":{"name":"georg.blenk@krafthand-medien.de","@id":"https:\/\/www.krafthand.de\/truck\/#\/schema\/person\/51fa80b1c57034c4bf63f9f988fc24ce"},"headline":"Neue Lkw-Turbolader f\u00fcr den Aftermarket von BorgWarner","datePublished":"2025-02-07T10:22:22+00:00","dateModified":"2025-02-07T10:26:33+00:00","mainEntityOfPage":{"@id":"https:\/\/www.krafthand.de\/truck\/artikel\/neue-lkw-turbolader-fuer-den-aftermarket-von-borgwarner-41927\/"},"wordCount":95,"image":{"@id":"https:\/\/www.krafthand.de\/truck\/artikel\/neue-lkw-turbolader-fuer-den-aftermarket-von-borgwarner-41927\/#primaryimage"},"thumbnailUrl":"https:\/\/static.krafthand-truck.de\/uploads\/2025\/02\/BorgWarner_neue_Turbolader_fuer_Lkw.jpg","keywords":["BorgWarner","Turbolader"],"articleSection":["Antrieb (Motor\/Getriebe)","Ersatzteile\/Zubeh\u00f6r"],"inLanguage":"de"},{"@type":"WebPage","@id":"https:\/\/www.krafthand.de\/truck\/artikel\/neue-lkw-turbolader-fuer-den-aftermarket-von-borgwarner-41927\/","url":"https:\/\/www.krafthand.de\/truck\/artikel\/neue-lkw-turbolader-fuer-den-aftermarket-von-borgwarner-41927\/","name":"Neue Lkw-Turbolader f\u00fcr den Aftermarket von BorgWarner - Krafthand-Truck","isPartOf":{"@id":"https:\/\/www.krafthand.de\/truck\/#website"},"primaryImageOfPage":{"@id":"https:\/\/www.krafthand.de\/truck\/artikel\/neue-lkw-turbolader-fuer-den-aftermarket-von-borgwarner-41927\/#primaryimage"},"image":{"@id":"https:\/\/www.krafthand.de\/truck\/artikel\/neue-lkw-turbolader-fuer-den-aftermarket-von-borgwarner-41927\/#primaryimage"},"thumbnailUrl":"https:\/\/static.krafthand-truck.de\/uploads\/2025\/02\/BorgWarner_neue_Turbolader_fuer_Lkw.jpg","datePublished":"2025-02-07T10:22:22+00:00","dateModified":"2025-02-07T10:26:33+00:00","author":{"@id":"https:\/\/www.krafthand.de\/truck\/#\/schema\/person\/51fa80b1c57034c4bf63f9f988fc24ce"},"description":"BorgWarner hat sein Aftermarket-Portfolio um f\u00fcnf neue Turbolader f\u00fcr Nutzfahrzeuge erweitert.","breadcrumb":{"@id":"https:\/\/www.krafthand.de\/truck\/artikel\/neue-lkw-turbolader-fuer-den-aftermarket-von-borgwarner-41927\/#breadcrumb"},"inLanguage":"de","potentialAction":[{"@type":"ReadAction","target":["https:\/\/www.krafthand.de\/truck\/artikel\/neue-lkw-turbolader-fuer-den-aftermarket-von-borgwarner-41927\/"]}]},{"@type":"ImageObject","inLanguage":"de","@id":"https:\/\/www.krafthand.de\/truck\/artikel\/neue-lkw-turbolader-fuer-den-aftermarket-von-borgwarner-41927\/#primaryimage","url":"https:\/\/static.krafthand-truck.de\/uploads\/2025\/02\/BorgWarner_neue_Turbolader_fuer_Lkw.jpg","contentUrl":"https:\/\/static.krafthand-truck.de\/uploads\/2025\/02\/BorgWarner_neue_Turbolader_fuer_Lkw.jpg","width":1200,"height":723},{"@type":"BreadcrumbList","@id":"https:\/\/www.krafthand.de\/truck\/artikel\/neue-lkw-turbolader-fuer-den-aftermarket-von-borgwarner-41927\/#breadcrumb","itemListElement":[{"@type":"ListItem","position":1,"name":"Krafthand-Truck","item":"https:\/\/www.krafthand.de\/truck\/"},{"@type":"ListItem","position":2,"name":"Nfz-Service","item":"https:\/\/www.krafthand.de\/truck\/kategorie\/nfz-service\/"},{"@type":"ListItem","position":3,"name":"Ersatzteile\/Zubeh\u00f6r","item":"https:\/\/www.krafthand.de\/truck\/kategorie\/nfz-service\/ersatzteile-zubehoer\/"},{"@type":"ListItem","position":4,"name":"Neue Lkw-Turbolader f\u00fcr den Aftermarket von BorgWarner"}]},{"@type":"WebSite","@id":"https:\/\/www.krafthand.de\/truck\/#website","url":"https:\/\/www.krafthand.de\/truck\/","name":"Krafthand-Truck","description":"","potentialAction":[{"@type":"SearchAction","target":{"@type":"EntryPoint","urlTemplate":"https:\/\/www.krafthand.de\/truck\/?s={search_term_string}"},"query-input":{"@type":"PropertyValueSpecification","valueRequired":true,"valueName":"search_term_string"}}],"inLanguage":"de"},{"@type":"Person","@id":"https:\/\/www.krafthand.de\/truck\/#\/schema\/person\/51fa80b1c57034c4bf63f9f988fc24ce","name":"georg.blenk@krafthand-medien.de","image":{"@type":"ImageObject","inLanguage":"de","@id":"https:\/\/secure.gravatar.com\/avatar\/93713c30affe0aa95d3a4130e499bb1abee2eb31adbdd9ce2aa1543538490215?s=96&d=mm&r=g","url":"https:\/\/secure.gravatar.com\/avatar\/93713c30affe0aa95d3a4130e499bb1abee2eb31adbdd9ce2aa1543538490215?s=96&d=mm&r=g","contentUrl":"https:\/\/secure.gravatar.com\/avatar\/93713c30affe0aa95d3a4130e499bb1abee2eb31adbdd9ce2aa1543538490215?s=96&d=mm&r=g","caption":"georg.blenk@krafthand-medien.de"}}]}},"_links":{"self":[{"href":"https:\/\/www.krafthand.de\/truck\/wp-json\/wp\/v2\/posts\/41927","targetHints":{"allow":["GET"]}}],"collection":[{"href":"https:\/\/www.krafthand.de\/truck\/wp-json\/wp\/v2\/posts"}],"about":[{"href":"https:\/\/www.krafthand.de\/truck\/wp-json\/wp\/v2\/types\/post"}],"author":[{"embeddable":true,"href":"https:\/\/www.krafthand.de\/truck\/wp-json\/wp\/v2\/users\/9"}],"replies":[{"embeddable":true,"href":"https:\/\/www.krafthand.de\/truck\/wp-json\/wp\/v2\/comments?post=41927"}],"version-history":[{"count":6,"href":"https:\/\/www.krafthand.de\/truck\/wp-json\/wp\/v2\/posts\/41927\/revisions"}],"predecessor-version":[{"id":41934,"href":"https:\/\/www.krafthand.de\/truck\/wp-json\/wp\/v2\/posts\/41927\/revisions\/41934"}],"wp:featuredmedia":[{"embeddable":true,"href":"https:\/\/www.krafthand.de\/truck\/wp-json\/wp\/v2\/media\/41930"}],"wp:attachment":[{"href":"https:\/\/www.krafthand.de\/truck\/wp-json\/wp\/v2\/media?parent=41927"}],"wp:term":[{"taxonomy":"category","embeddable":true,"href":"https:\/\/www.krafthand.de\/truck\/wp-json\/wp\/v2\/categories?post=41927"},{"taxonomy":"post_tag","embeddable":true,"href":"https:\/\/www.krafthand.de\/truck\/wp-json\/wp\/v2\/tags?post=41927"},{"taxonomy":"settings","embeddable":true,"href":"https:\/\/www.krafthand.de\/truck\/wp-json\/wp\/v2\/settings?post=41927"}],"curies":[{"name":"wp","href":"https:\/\/api.w.org\/{rel}","templated":true}]}}